{"id":91847,"date":"2023-07-18T14:27:44","date_gmt":"2023-07-18T17:27:44","guid":{"rendered":"https:\/\/regiaonews.net.br\/2022\/?p=91847"},"modified":"2023-07-18T14:27:44","modified_gmt":"2023-07-18T17:27:44","slug":"municipios-paulistas-recebem-r%ef%bc%84-373-milhoes-de-icms-no-segundo-repasse-de-julho","status":"publish","type":"post","link":"https:\/\/regiaonews.net.br\/2022\/2023\/07\/18\/municipios-paulistas-recebem-r%ef%bc%84-373-milhoes-de-icms-no-segundo-repasse-de-julho\/","title":{"rendered":"Munic\u00edpios paulistas recebem R\uff04 373 milh\u00f5es de ICMS no segundo repasse de julho"},"content":{"rendered":"<h3 style=\"text-align: center;\">Sefaz-SP deposita os recursos na conta das Prefeituras nesta ter\u00e7a-feira.<\/h3>\n<p>A Secretaria da Fazenda e Planejamento do Estado de S\u00e3o Paulo (Sefaz-SP) transfere R\uff04 373,9 milh\u00f5es aos 645 munic\u00edpios paulistas nesta ter\u00e7a-feira (18). Trata-se do segundo repasse de ICMS neste m\u00eas de julho referente \u00e0 apura\u00e7\u00e3o entre os dias 10 e 14.<\/p>\n<p>O valor que cai hoje na conta das Prefeituras corresponde a 25% da arrecada\u00e7\u00e3o do imposto, que s\u00e3o distribu\u00eddos \u00e0s administra\u00e7\u00f5es municipais com base na aplica\u00e7\u00e3o do \u00cdndice de Participa\u00e7\u00e3o dos Munic\u00edpios (IPM) definido para cada cidade. No primeiro repasse do m\u00eas (11\/7), as cidades paulistas receberam R\uff04 737 milh\u00f5es referentes a arrecada\u00e7\u00e3o de 3 a 7\/7.\u00a0O valor acumulado repassado em julho aos munic\u00edpios sobe para R\uff04 1,1 bilh\u00e3o.<\/p>\n<p>Os dep\u00f3sitos semanais s\u00e3o realizados por meio da Secretaria da Fazenda e Planejamento sempre at\u00e9 o segundo dia \u00fatil de cada semana, conforme prev\u00ea a Lei Complementar n\u00ba 63, de 11\/01\/1990. As consultas dos valores podem ser feitas no site da Fazenda, no link Acesso \u00e0 Informa\u00e7\u00e3o &gt; Transfer\u00eancias de Recursos &gt; Transfer\u00eancias Constitucionais a Munic\u00edpios.<\/p>\n<p>Em 2023, no primeiro semestre do ano, as 645 prefeituras paulistas receberam mais de R\uff04 18,5 bilh\u00f5es em recursos do ICMS transferidos pela Sefaz-SP.<\/p>\n<p><strong>Agenda Tribut\u00e1ria<\/strong><\/p>\n<p>Os valores semanais transferidos aos munic\u00edpios paulistas variam em fun\u00e7\u00e3o dos prazos de pagamento do imposto fixados no regulamento do ICMS. Dependendo do m\u00eas, pode haver at\u00e9 cinco datas de repasses. As varia\u00e7\u00f5es destes dep\u00f3sitos oscilam conforme o calend\u00e1rio mensal, os prazos de recolhimento e o volume dos recursos arrecadados.<\/p>\n<p>A agenda de pagamentos est\u00e1 concentrada em at\u00e9 cinco per\u00edodos diferentes no m\u00eas, al\u00e9m de outros recolhimentos di\u00e1rios, como por exemplo, os relativos \u00e0 libera\u00e7\u00e3o das opera\u00e7\u00f5es com importa\u00e7\u00f5es.<\/p>\n<p>&nbsp;<\/p>\n<p><strong>\u00cdndice de Participa\u00e7\u00e3o dos Munic\u00edpios<\/strong><\/p>\n<p>Os repasses aos munic\u00edpios s\u00e3o liberados de acordo com os respectivos \u00cdndices de Participa\u00e7\u00e3o dos Munic\u00edpios, conforme determina a Constitui\u00e7\u00e3o Federal, de 5 de outubro de 1988. Em seu artigo 158, inciso IV est\u00e1 estabelecido que 25% do produto da arrecada\u00e7\u00e3o de ICMS pertencem aos munic\u00edpios, e 25% do montante transferido pela Uni\u00e3o ao Estado, referente ao Fundo de Exporta\u00e7\u00e3o (artigo 159, inciso II e \u00a7 3\u00ba).<\/p>\n<p>Os \u00edndices de participa\u00e7\u00e3o dos munic\u00edpios s\u00e3o apurados anualmente (artigo 3\u00b0, da LC 63\/1990), para aplica\u00e7\u00e3o no exerc\u00edcio seguinte, observando os crit\u00e9rios estabelecidos pela Lei Estadual n\u00ba 3.201, de 23\/12\/81, com altera\u00e7\u00f5es introduzidas pela Lei Estadual n\u00ba 8.510, de 29\/12\/93.<\/p>\n<p>&nbsp;<\/p>\n","protected":false},"excerpt":{"rendered":"<p>Sefaz-SP deposita os recursos na conta das Prefeituras nesta ter\u00e7a-feira.<\/p>\n","protected":false},"author":2,"featured_media":83825,"comment_status":"open","ping_status":"open","sticky":false,"template":"","format":"standard","meta":{"footnotes":""},"categories":[7,22],"tags":[],"class_list":["post-91847","post","type-post","status-publish","format-standard","has-post-thumbnail","hentry","category-estado-de-sao-paulo","category-politica"],"yoast_head":"<!-- This site is optimized with the Yoast SEO plugin v27.4 - https:\/\/yoast.com\/product\/yoast-seo-wordpress\/ -->\n<title>Munic\u00edpios paulistas recebem R\uff04 373 milh\u00f5es de ICMS no segundo repasse de julho - Regi\u00e3o News<\/title>\n<meta name=\"robots\" content=\"index, follow, max-snippet:-1, max-image-preview:large, max-video-preview:-1\" \/>\n<link rel=\"canonical\" href=\"https:\/\/regiaonews.net.br\/2022\/2023\/07\/18\/municipios-paulistas-recebem-r\uff04-373-milhoes-de-icms-no-segundo-repasse-de-julho\/\" \/>\n<meta property=\"og:locale\" content=\"pt_BR\" \/>\n<meta property=\"og:type\" content=\"article\" \/>\n<meta property=\"og:title\" content=\"Munic\u00edpios paulistas recebem R\uff04 373 milh\u00f5es de ICMS no segundo repasse de julho - Regi\u00e3o News\" \/>\n<meta property=\"og:description\" content=\"Sefaz-SP deposita os recursos na conta das Prefeituras nesta ter\u00e7a-feira.\" \/>\n<meta property=\"og:url\" content=\"https:\/\/regiaonews.net.br\/2022\/2023\/07\/18\/municipios-paulistas-recebem-r\uff04-373-milhoes-de-icms-no-segundo-repasse-de-julho\/\" \/>\n<meta property=\"og:site_name\" content=\"Regi\u00e3o News\" \/>\n<meta property=\"article:published_time\" content=\"2023-07-18T17:27:44+00:00\" \/>\n<meta property=\"og:image\" content=\"https:\/\/regiaonews.net.br\/2022\/wp-content\/uploads\/2023\/02\/tarcisio-de-freitas.jpg\" \/>\n\t<meta property=\"og:image:width\" content=\"2047\" \/>\n\t<meta property=\"og:image:height\" content=\"1365\" \/>\n\t<meta property=\"og:image:type\" content=\"image\/jpeg\" \/>\n<meta name=\"author\" content=\"Roberto\" \/>\n<meta name=\"twitter:card\" content=\"summary_large_image\" \/>\n<meta name=\"twitter:label1\" content=\"Escrito por\" \/>\n\t<meta name=\"twitter:data1\" content=\"Roberto\" \/>\n\t<meta name=\"twitter:label2\" content=\"Est. tempo de leitura\" \/>\n\t<meta name=\"twitter:data2\" content=\"3 minutos\" \/>\n<script type=\"application\/ld+json\" class=\"yoast-schema-graph\">{\"@context\":\"https:\\\/\\\/schema.org\",\"@graph\":[{\"@type\":\"Article\",\"@id\":\"https:\\\/\\\/regiaonews.net.br\\\/2022\\\/2023\\\/07\\\/18\\\/municipios-paulistas-recebem-r%ef%bc%84-373-milhoes-de-icms-no-segundo-repasse-de-julho\\\/#article\",\"isPartOf\":{\"@id\":\"https:\\\/\\\/regiaonews.net.br\\\/2022\\\/2023\\\/07\\\/18\\\/municipios-paulistas-recebem-r%ef%bc%84-373-milhoes-de-icms-no-segundo-repasse-de-julho\\\/\"},\"author\":{\"name\":\"Roberto\",\"@id\":\"https:\\\/\\\/regiaonews.net.br\\\/2022\\\/#\\\/schema\\\/person\\\/2d205a608a5aa97ac279d7a5e6d89ad8\"},\"headline\":\"Munic\u00edpios paulistas recebem R\uff04 373 milh\u00f5es de ICMS no segundo repasse de julho\",\"datePublished\":\"2023-07-18T17:27:44+00:00\",\"mainEntityOfPage\":{\"@id\":\"https:\\\/\\\/regiaonews.net.br\\\/2022\\\/2023\\\/07\\\/18\\\/municipios-paulistas-recebem-r%ef%bc%84-373-milhoes-de-icms-no-segundo-repasse-de-julho\\\/\"},\"wordCount\":436,\"commentCount\":0,\"publisher\":{\"@id\":\"https:\\\/\\\/regiaonews.net.br\\\/2022\\\/#organization\"},\"image\":{\"@id\":\"https:\\\/\\\/regiaonews.net.br\\\/2022\\\/2023\\\/07\\\/18\\\/municipios-paulistas-recebem-r%ef%bc%84-373-milhoes-de-icms-no-segundo-repasse-de-julho\\\/#primaryimage\"},\"thumbnailUrl\":\"https:\\\/\\\/regiaonews.net.br\\\/2022\\\/wp-content\\\/uploads\\\/2023\\\/02\\\/tarcisio-de-freitas.jpg\",\"articleSection\":[\"Estado de S\u00e3o Paulo\",\"Pol\u00edtica\"],\"inLanguage\":\"pt-BR\",\"potentialAction\":[{\"@type\":\"CommentAction\",\"name\":\"Comment\",\"target\":[\"https:\\\/\\\/regiaonews.net.br\\\/2022\\\/2023\\\/07\\\/18\\\/municipios-paulistas-recebem-r%ef%bc%84-373-milhoes-de-icms-no-segundo-repasse-de-julho\\\/#respond\"]}]},{\"@type\":\"WebPage\",\"@id\":\"https:\\\/\\\/regiaonews.net.br\\\/2022\\\/2023\\\/07\\\/18\\\/municipios-paulistas-recebem-r%ef%bc%84-373-milhoes-de-icms-no-segundo-repasse-de-julho\\\/\",\"url\":\"https:\\\/\\\/regiaonews.net.br\\\/2022\\\/2023\\\/07\\\/18\\\/municipios-paulistas-recebem-r%ef%bc%84-373-milhoes-de-icms-no-segundo-repasse-de-julho\\\/\",\"name\":\"Munic\u00edpios paulistas recebem R\uff04 373 milh\u00f5es de ICMS no segundo repasse de julho - Regi\u00e3o News\",\"isPartOf\":{\"@id\":\"https:\\\/\\\/regiaonews.net.br\\\/2022\\\/#website\"},\"primaryImageOfPage\":{\"@id\":\"https:\\\/\\\/regiaonews.net.br\\\/2022\\\/2023\\\/07\\\/18\\\/municipios-paulistas-recebem-r%ef%bc%84-373-milhoes-de-icms-no-segundo-repasse-de-julho\\\/#primaryimage\"},\"image\":{\"@id\":\"https:\\\/\\\/regiaonews.net.br\\\/2022\\\/2023\\\/07\\\/18\\\/municipios-paulistas-recebem-r%ef%bc%84-373-milhoes-de-icms-no-segundo-repasse-de-julho\\\/#primaryimage\"},\"thumbnailUrl\":\"https:\\\/\\\/regiaonews.net.br\\\/2022\\\/wp-content\\\/uploads\\\/2023\\\/02\\\/tarcisio-de-freitas.jpg\",\"datePublished\":\"2023-07-18T17:27:44+00:00\",\"breadcrumb\":{\"@id\":\"https:\\\/\\\/regiaonews.net.br\\\/2022\\\/2023\\\/07\\\/18\\\/municipios-paulistas-recebem-r%ef%bc%84-373-milhoes-de-icms-no-segundo-repasse-de-julho\\\/#breadcrumb\"},\"inLanguage\":\"pt-BR\",\"potentialAction\":[{\"@type\":\"ReadAction\",\"target\":[\"https:\\\/\\\/regiaonews.net.br\\\/2022\\\/2023\\\/07\\\/18\\\/municipios-paulistas-recebem-r%ef%bc%84-373-milhoes-de-icms-no-segundo-repasse-de-julho\\\/\"]}]},{\"@type\":\"ImageObject\",\"inLanguage\":\"pt-BR\",\"@id\":\"https:\\\/\\\/regiaonews.net.br\\\/2022\\\/2023\\\/07\\\/18\\\/municipios-paulistas-recebem-r%ef%bc%84-373-milhoes-de-icms-no-segundo-repasse-de-julho\\\/#primaryimage\",\"url\":\"https:\\\/\\\/regiaonews.net.br\\\/2022\\\/wp-content\\\/uploads\\\/2023\\\/02\\\/tarcisio-de-freitas.jpg\",\"contentUrl\":\"https:\\\/\\\/regiaonews.net.br\\\/2022\\\/wp-content\\\/uploads\\\/2023\\\/02\\\/tarcisio-de-freitas.jpg\",\"width\":2047,\"height\":1365},{\"@type\":\"BreadcrumbList\",\"@id\":\"https:\\\/\\\/regiaonews.net.br\\\/2022\\\/2023\\\/07\\\/18\\\/municipios-paulistas-recebem-r%ef%bc%84-373-milhoes-de-icms-no-segundo-repasse-de-julho\\\/#breadcrumb\",\"itemListElement\":[{\"@type\":\"ListItem\",\"position\":1,\"name\":\"In\u00edcio\",\"item\":\"https:\\\/\\\/regiaonews.net.br\\\/2022\\\/\"},{\"@type\":\"ListItem\",\"position\":2,\"name\":\"Munic\u00edpios paulistas recebem R\uff04 373 milh\u00f5es de ICMS no segundo repasse de julho\"}]},{\"@type\":\"WebSite\",\"@id\":\"https:\\\/\\\/regiaonews.net.br\\\/2022\\\/#website\",\"url\":\"https:\\\/\\\/regiaonews.net.br\\\/2022\\\/\",\"name\":\"Regi\u00e3o News\",\"description\":\"Site de Not\u00edcias de Barretos e regi\u00e3o\",\"publisher\":{\"@id\":\"https:\\\/\\\/regiaonews.net.br\\\/2022\\\/#organization\"},\"potentialAction\":[{\"@type\":\"SearchAction\",\"target\":{\"@type\":\"EntryPoint\",\"urlTemplate\":\"https:\\\/\\\/regiaonews.net.br\\\/2022\\\/?s={search_term_string}\"},\"query-input\":{\"@type\":\"PropertyValueSpecification\",\"valueRequired\":true,\"valueName\":\"search_term_string\"}}],\"inLanguage\":\"pt-BR\"},{\"@type\":\"Organization\",\"@id\":\"https:\\\/\\\/regiaonews.net.br\\\/2022\\\/#organization\",\"name\":\"Regi\u00e3o News\",\"url\":\"https:\\\/\\\/regiaonews.net.br\\\/2022\\\/\",\"logo\":{\"@type\":\"ImageObject\",\"inLanguage\":\"pt-BR\",\"@id\":\"https:\\\/\\\/regiaonews.net.br\\\/2022\\\/#\\\/schema\\\/logo\\\/image\\\/\",\"url\":\"https:\\\/\\\/regiaonews.net.br\\\/2022\\\/wp-content\\\/uploads\\\/2026\\\/03\\\/regiao-13-anos-scaled.jpg\",\"contentUrl\":\"https:\\\/\\\/regiaonews.net.br\\\/2022\\\/wp-content\\\/uploads\\\/2026\\\/03\\\/regiao-13-anos-scaled.jpg\",\"width\":2560,\"height\":635,\"caption\":\"Regi\u00e3o News\"},\"image\":{\"@id\":\"https:\\\/\\\/regiaonews.net.br\\\/2022\\\/#\\\/schema\\\/logo\\\/image\\\/\"}},{\"@type\":\"Person\",\"@id\":\"https:\\\/\\\/regiaonews.net.br\\\/2022\\\/#\\\/schema\\\/person\\\/2d205a608a5aa97ac279d7a5e6d89ad8\",\"name\":\"Roberto\",\"image\":{\"@type\":\"ImageObject\",\"inLanguage\":\"pt-BR\",\"@id\":\"https:\\\/\\\/secure.gravatar.com\\\/avatar\\\/42749d8b712ff9d59ca93dc150494e5b55a44134482993f5baeb97e61b7ecc89?s=96&d=mm&r=g\",\"url\":\"https:\\\/\\\/secure.gravatar.com\\\/avatar\\\/42749d8b712ff9d59ca93dc150494e5b55a44134482993f5baeb97e61b7ecc89?s=96&d=mm&r=g\",\"contentUrl\":\"https:\\\/\\\/secure.gravatar.com\\\/avatar\\\/42749d8b712ff9d59ca93dc150494e5b55a44134482993f5baeb97e61b7ecc89?s=96&d=mm&r=g\",\"caption\":\"Roberto\"},\"url\":\"https:\\\/\\\/regiaonews.net.br\\\/2022\\\/author\\\/roberto\\\/\"}]}<\/script>\n<!-- \/ Yoast SEO plugin. -->","yoast_head_json":{"title":"Munic\u00edpios paulistas recebem R\uff04 373 milh\u00f5es de ICMS no segundo repasse de julho - Regi\u00e3o News","robots":{"index":"index","follow":"follow","max-snippet":"max-snippet:-1","max-image-preview":"max-image-preview:large","max-video-preview":"max-video-preview:-1"},"canonical":"https:\/\/regiaonews.net.br\/2022\/2023\/07\/18\/municipios-paulistas-recebem-r\uff04-373-milhoes-de-icms-no-segundo-repasse-de-julho\/","og_locale":"pt_BR","og_type":"article","og_title":"Munic\u00edpios paulistas recebem R\uff04 373 milh\u00f5es de ICMS no segundo repasse de julho - Regi\u00e3o News","og_description":"Sefaz-SP deposita os recursos na conta das Prefeituras nesta ter\u00e7a-feira.","og_url":"https:\/\/regiaonews.net.br\/2022\/2023\/07\/18\/municipios-paulistas-recebem-r\uff04-373-milhoes-de-icms-no-segundo-repasse-de-julho\/","og_site_name":"Regi\u00e3o News","article_published_time":"2023-07-18T17:27:44+00:00","og_image":[{"width":2047,"height":1365,"url":"https:\/\/regiaonews.net.br\/2022\/wp-content\/uploads\/2023\/02\/tarcisio-de-freitas.jpg","type":"image\/jpeg"}],"author":"Roberto","twitter_card":"summary_large_image","twitter_misc":{"Escrito por":"Roberto","Est. tempo de leitura":"3 minutos"},"schema":{"@context":"https:\/\/schema.org","@graph":[{"@type":"Article","@id":"https:\/\/regiaonews.net.br\/2022\/2023\/07\/18\/municipios-paulistas-recebem-r%ef%bc%84-373-milhoes-de-icms-no-segundo-repasse-de-julho\/#article","isPartOf":{"@id":"https:\/\/regiaonews.net.br\/2022\/2023\/07\/18\/municipios-paulistas-recebem-r%ef%bc%84-373-milhoes-de-icms-no-segundo-repasse-de-julho\/"},"author":{"name":"Roberto","@id":"https:\/\/regiaonews.net.br\/2022\/#\/schema\/person\/2d205a608a5aa97ac279d7a5e6d89ad8"},"headline":"Munic\u00edpios paulistas recebem R\uff04 373 milh\u00f5es de ICMS no segundo repasse de julho","datePublished":"2023-07-18T17:27:44+00:00","mainEntityOfPage":{"@id":"https:\/\/regiaonews.net.br\/2022\/2023\/07\/18\/municipios-paulistas-recebem-r%ef%bc%84-373-milhoes-de-icms-no-segundo-repasse-de-julho\/"},"wordCount":436,"commentCount":0,"publisher":{"@id":"https:\/\/regiaonews.net.br\/2022\/#organization"},"image":{"@id":"https:\/\/regiaonews.net.br\/2022\/2023\/07\/18\/municipios-paulistas-recebem-r%ef%bc%84-373-milhoes-de-icms-no-segundo-repasse-de-julho\/#primaryimage"},"thumbnailUrl":"https:\/\/regiaonews.net.br\/2022\/wp-content\/uploads\/2023\/02\/tarcisio-de-freitas.jpg","articleSection":["Estado de S\u00e3o Paulo","Pol\u00edtica"],"inLanguage":"pt-BR","potentialAction":[{"@type":"CommentAction","name":"Comment","target":["https:\/\/regiaonews.net.br\/2022\/2023\/07\/18\/municipios-paulistas-recebem-r%ef%bc%84-373-milhoes-de-icms-no-segundo-repasse-de-julho\/#respond"]}]},{"@type":"WebPage","@id":"https:\/\/regiaonews.net.br\/2022\/2023\/07\/18\/municipios-paulistas-recebem-r%ef%bc%84-373-milhoes-de-icms-no-segundo-repasse-de-julho\/","url":"https:\/\/regiaonews.net.br\/2022\/2023\/07\/18\/municipios-paulistas-recebem-r%ef%bc%84-373-milhoes-de-icms-no-segundo-repasse-de-julho\/","name":"Munic\u00edpios paulistas recebem R\uff04 373 milh\u00f5es de ICMS no segundo repasse de julho - Regi\u00e3o News","isPartOf":{"@id":"https:\/\/regiaonews.net.br\/2022\/#website"},"primaryImageOfPage":{"@id":"https:\/\/regiaonews.net.br\/2022\/2023\/07\/18\/municipios-paulistas-recebem-r%ef%bc%84-373-milhoes-de-icms-no-segundo-repasse-de-julho\/#primaryimage"},"image":{"@id":"https:\/\/regiaonews.net.br\/2022\/2023\/07\/18\/municipios-paulistas-recebem-r%ef%bc%84-373-milhoes-de-icms-no-segundo-repasse-de-julho\/#primaryimage"},"thumbnailUrl":"https:\/\/regiaonews.net.br\/2022\/wp-content\/uploads\/2023\/02\/tarcisio-de-freitas.jpg","datePublished":"2023-07-18T17:27:44+00:00","breadcrumb":{"@id":"https:\/\/regiaonews.net.br\/2022\/2023\/07\/18\/municipios-paulistas-recebem-r%ef%bc%84-373-milhoes-de-icms-no-segundo-repasse-de-julho\/#breadcrumb"},"inLanguage":"pt-BR","potentialAction":[{"@type":"ReadAction","target":["https:\/\/regiaonews.net.br\/2022\/2023\/07\/18\/municipios-paulistas-recebem-r%ef%bc%84-373-milhoes-de-icms-no-segundo-repasse-de-julho\/"]}]},{"@type":"ImageObject","inLanguage":"pt-BR","@id":"https:\/\/regiaonews.net.br\/2022\/2023\/07\/18\/municipios-paulistas-recebem-r%ef%bc%84-373-milhoes-de-icms-no-segundo-repasse-de-julho\/#primaryimage","url":"https:\/\/regiaonews.net.br\/2022\/wp-content\/uploads\/2023\/02\/tarcisio-de-freitas.jpg","contentUrl":"https:\/\/regiaonews.net.br\/2022\/wp-content\/uploads\/2023\/02\/tarcisio-de-freitas.jpg","width":2047,"height":1365},{"@type":"BreadcrumbList","@id":"https:\/\/regiaonews.net.br\/2022\/2023\/07\/18\/municipios-paulistas-recebem-r%ef%bc%84-373-milhoes-de-icms-no-segundo-repasse-de-julho\/#breadcrumb","itemListElement":[{"@type":"ListItem","position":1,"name":"In\u00edcio","item":"https:\/\/regiaonews.net.br\/2022\/"},{"@type":"ListItem","position":2,"name":"Munic\u00edpios paulistas recebem R\uff04 373 milh\u00f5es de ICMS no segundo repasse de julho"}]},{"@type":"WebSite","@id":"https:\/\/regiaonews.net.br\/2022\/#website","url":"https:\/\/regiaonews.net.br\/2022\/","name":"Regi\u00e3o News","description":"Site de Not\u00edcias de Barretos e regi\u00e3o","publisher":{"@id":"https:\/\/regiaonews.net.br\/2022\/#organization"},"potentialAction":[{"@type":"SearchAction","target":{"@type":"EntryPoint","urlTemplate":"https:\/\/regiaonews.net.br\/2022\/?s={search_term_string}"},"query-input":{"@type":"PropertyValueSpecification","valueRequired":true,"valueName":"search_term_string"}}],"inLanguage":"pt-BR"},{"@type":"Organization","@id":"https:\/\/regiaonews.net.br\/2022\/#organization","name":"Regi\u00e3o News","url":"https:\/\/regiaonews.net.br\/2022\/","logo":{"@type":"ImageObject","inLanguage":"pt-BR","@id":"https:\/\/regiaonews.net.br\/2022\/#\/schema\/logo\/image\/","url":"https:\/\/regiaonews.net.br\/2022\/wp-content\/uploads\/2026\/03\/regiao-13-anos-scaled.jpg","contentUrl":"https:\/\/regiaonews.net.br\/2022\/wp-content\/uploads\/2026\/03\/regiao-13-anos-scaled.jpg","width":2560,"height":635,"caption":"Regi\u00e3o News"},"image":{"@id":"https:\/\/regiaonews.net.br\/2022\/#\/schema\/logo\/image\/"}},{"@type":"Person","@id":"https:\/\/regiaonews.net.br\/2022\/#\/schema\/person\/2d205a608a5aa97ac279d7a5e6d89ad8","name":"Roberto","image":{"@type":"ImageObject","inLanguage":"pt-BR","@id":"https:\/\/secure.gravatar.com\/avatar\/42749d8b712ff9d59ca93dc150494e5b55a44134482993f5baeb97e61b7ecc89?s=96&d=mm&r=g","url":"https:\/\/secure.gravatar.com\/avatar\/42749d8b712ff9d59ca93dc150494e5b55a44134482993f5baeb97e61b7ecc89?s=96&d=mm&r=g","contentUrl":"https:\/\/secure.gravatar.com\/avatar\/42749d8b712ff9d59ca93dc150494e5b55a44134482993f5baeb97e61b7ecc89?s=96&d=mm&r=g","caption":"Roberto"},"url":"https:\/\/regiaonews.net.br\/2022\/author\/roberto\/"}]}},"publishpress_future_action":{"enabled":false,"date":"2026-05-04 22:46:39","action":"change-status","newStatus":"draft","terms":[],"taxonomy":"category","extraData":[]},"publishpress_future_workflow_manual_trigger":{"enabledWorkflows":[]},"_links":{"self":[{"href":"https:\/\/regiaonews.net.br\/2022\/wp-json\/wp\/v2\/posts\/91847","targetHints":{"allow":["GET"]}}],"collection":[{"href":"https:\/\/regiaonews.net.br\/2022\/wp-json\/wp\/v2\/posts"}],"about":[{"href":"https:\/\/regiaonews.net.br\/2022\/wp-json\/wp\/v2\/types\/post"}],"author":[{"embeddable":true,"href":"https:\/\/regiaonews.net.br\/2022\/wp-json\/wp\/v2\/users\/2"}],"replies":[{"embeddable":true,"href":"https:\/\/regiaonews.net.br\/2022\/wp-json\/wp\/v2\/comments?post=91847"}],"version-history":[{"count":1,"href":"https:\/\/regiaonews.net.br\/2022\/wp-json\/wp\/v2\/posts\/91847\/revisions"}],"predecessor-version":[{"id":91848,"href":"https:\/\/regiaonews.net.br\/2022\/wp-json\/wp\/v2\/posts\/91847\/revisions\/91848"}],"wp:featuredmedia":[{"embeddable":true,"href":"https:\/\/regiaonews.net.br\/2022\/wp-json\/wp\/v2\/media\/83825"}],"wp:attachment":[{"href":"https:\/\/regiaonews.net.br\/2022\/wp-json\/wp\/v2\/media?parent=91847"}],"wp:term":[{"taxonomy":"category","embeddable":true,"href":"https:\/\/regiaonews.net.br\/2022\/wp-json\/wp\/v2\/categories?post=91847"},{"taxonomy":"post_tag","embeddable":true,"href":"https:\/\/regiaonews.net.br\/2022\/wp-json\/wp\/v2\/tags?post=91847"}],"curies":[{"name":"wp","href":"https:\/\/api.w.org\/{rel}","templated":true}]}}