{"id":91844,"date":"2023-07-18T14:25:31","date_gmt":"2023-07-18T17:25:31","guid":{"rendered":"https:\/\/regiaonews.net.br\/2022\/?p=91844"},"modified":"2023-07-18T14:25:31","modified_gmt":"2023-07-18T17:25:31","slug":"abc-e-ponto-mis-exibem-o-filme-perdidos-em-paris","status":"publish","type":"post","link":"https:\/\/regiaonews.net.br\/2022\/2023\/07\/18\/abc-e-ponto-mis-exibem-o-filme-perdidos-em-paris\/","title":{"rendered":"ABC E PONTO MIS EXIBEM O FILME \u2018PERDIDOS EM PARIS\u2019"},"content":{"rendered":"<p>A ABC &#8211; ACADEMIA BARRETENSE DE CULTURA, atrav\u00e9s de sua presidente Rosa Carneiro e seu N\u00facleo de Cinema, coordenado por Marcos Diamantino, em parceria com o Ponto MIS, da Secretaria Municipal de Cultura de Barretos, exibem nesta quinta-feira, dia 20 de julho, \u00e0s 19h30, na sede da ABC, na Rua 20 n\u00ba 1.425, entre as avenidas 5 e 7, em seu CINE DEBATE o filme \u201cPERDIDOS EM PAR\u00cdS\u2019, com dire\u00e7\u00e3o de Dominique Abel e Fiana Gordon.<br \/>\nO filme \u00e9 uma produ\u00e7\u00e3o Fran\u00e7a\/B\u00e9lgica, em 2016, com 80 minutos de dura\u00e7\u00e3o e tem classifica\u00e7\u00e3o et\u00e1ria de 12 anos.<br \/>\nSINOPSE: A com\u00e9dia \u201cPerdidos Em Paris\u201d conta a hist\u00f3ria de Fiona, bibliotec\u00e1ria de uma pequena cidade canadense, que recebe uma aflita e angustiada carta de sua tia Marta, uma senhora de 93 anos, que vive sozinha em Paris. Sem pestanejar, Fiona embarca no primeiro avi\u00e3o rumo \u00e0 capital francesa apenas para descobrir que Martha desapareceu. Em uma verdadeira avalanche de desastres inexplic\u00e1veis, Fiona conhece Dom, um sem-teto ego\u00edsta e sedutor, que n\u00e3o vai deix\u00e1-la seguir sozinha em sua busca.<br \/>\nAp\u00f3s \u00e0 exibi\u00e7\u00e3o do filme haver\u00e1 um debate coordenado pelo acad\u00eamico e jornalista Marcos Diamantino, al\u00e9m da representante do Ponto MIS, a acad\u00eamica Sueli Fernandes.<br \/>\nEntrada \u00e9 gratuita. Aberto \u00e0 toda comunidade barretense.<br \/>\nNa oportunidade haver\u00e1 \u201cpipoca e guaran\u00e1\u2019.<br \/>\nAtenciosamente,<br \/>\nJos\u00e9 Antonio Merenda<br \/>\nN\u00facleo de Comunica\u00e7\u00e3o\u00a0da\u00a0ABC<\/p>\n","protected":false},"excerpt":{"rendered":"<p>A ABC &#8211; ACADEMIA BARRETENSE DE CULTURA, atrav\u00e9s de sua<\/p>\n","protected":false},"author":2,"featured_media":91845,"comment_status":"open","ping_status":"open","sticky":false,"template":"","format":"standard","meta":{"footnotes":""},"categories":[14,3],"tags":[],"class_list":["post-91844","post","type-post","status-publish","format-standard","has-post-thumbnail","hentry","category-barretos","category-geral"],"yoast_head":"<!-- This site is optimized with the Yoast SEO plugin v27.4 - https:\/\/yoast.com\/product\/yoast-seo-wordpress\/ -->\n<title>ABC E PONTO MIS EXIBEM O FILME \u2018PERDIDOS EM PARIS\u2019 - Regi\u00e3o News<\/title>\n<meta name=\"robots\" content=\"index, follow, max-snippet:-1, max-image-preview:large, max-video-preview:-1\" \/>\n<link rel=\"canonical\" href=\"https:\/\/regiaonews.net.br\/2022\/2023\/07\/18\/abc-e-ponto-mis-exibem-o-filme-perdidos-em-paris\/\" \/>\n<meta property=\"og:locale\" content=\"pt_BR\" \/>\n<meta property=\"og:type\" content=\"article\" \/>\n<meta property=\"og:title\" content=\"ABC E PONTO MIS EXIBEM O FILME \u2018PERDIDOS EM PARIS\u2019 - Regi\u00e3o News\" \/>\n<meta property=\"og:description\" content=\"A ABC &#8211; ACADEMIA BARRETENSE DE CULTURA, atrav\u00e9s de sua\" \/>\n<meta property=\"og:url\" content=\"https:\/\/regiaonews.net.br\/2022\/2023\/07\/18\/abc-e-ponto-mis-exibem-o-filme-perdidos-em-paris\/\" \/>\n<meta property=\"og:site_name\" content=\"Regi\u00e3o News\" \/>\n<meta property=\"article:published_time\" content=\"2023-07-18T17:25:31+00:00\" \/>\n<meta property=\"og:image\" content=\"https:\/\/regiaonews.net.br\/2022\/wp-content\/uploads\/2023\/07\/Imagem-do-WhatsApp-de-2023-07-18-as-12.45.31.jpg\" \/>\n\t<meta property=\"og:image:width\" content=\"1080\" \/>\n\t<meta property=\"og:image:height\" content=\"1080\" \/>\n\t<meta property=\"og:image:type\" content=\"image\/jpeg\" \/>\n<meta name=\"author\" content=\"Roberto\" \/>\n<meta name=\"twitter:card\" content=\"summary_large_image\" \/>\n<meta name=\"twitter:label1\" content=\"Escrito por\" \/>\n\t<meta name=\"twitter:data1\" content=\"Roberto\" \/>\n\t<meta name=\"twitter:label2\" content=\"Est. tempo de leitura\" \/>\n\t<meta name=\"twitter:data2\" content=\"2 minutos\" \/>\n<script type=\"application\/ld+json\" class=\"yoast-schema-graph\">{\"@context\":\"https:\\\/\\\/schema.org\",\"@graph\":[{\"@type\":\"Article\",\"@id\":\"https:\\\/\\\/regiaonews.net.br\\\/2022\\\/2023\\\/07\\\/18\\\/abc-e-ponto-mis-exibem-o-filme-perdidos-em-paris\\\/#article\",\"isPartOf\":{\"@id\":\"https:\\\/\\\/regiaonews.net.br\\\/2022\\\/2023\\\/07\\\/18\\\/abc-e-ponto-mis-exibem-o-filme-perdidos-em-paris\\\/\"},\"author\":{\"name\":\"Roberto\",\"@id\":\"https:\\\/\\\/regiaonews.net.br\\\/2022\\\/#\\\/schema\\\/person\\\/2d205a608a5aa97ac279d7a5e6d89ad8\"},\"headline\":\"ABC E PONTO MIS EXIBEM O FILME \u2018PERDIDOS EM PARIS\u2019\",\"datePublished\":\"2023-07-18T17:25:31+00:00\",\"mainEntityOfPage\":{\"@id\":\"https:\\\/\\\/regiaonews.net.br\\\/2022\\\/2023\\\/07\\\/18\\\/abc-e-ponto-mis-exibem-o-filme-perdidos-em-paris\\\/\"},\"wordCount\":245,\"commentCount\":0,\"publisher\":{\"@id\":\"https:\\\/\\\/regiaonews.net.br\\\/2022\\\/#organization\"},\"image\":{\"@id\":\"https:\\\/\\\/regiaonews.net.br\\\/2022\\\/2023\\\/07\\\/18\\\/abc-e-ponto-mis-exibem-o-filme-perdidos-em-paris\\\/#primaryimage\"},\"thumbnailUrl\":\"https:\\\/\\\/regiaonews.net.br\\\/2022\\\/wp-content\\\/uploads\\\/2023\\\/07\\\/Imagem-do-WhatsApp-de-2023-07-18-as-12.45.31.jpg\",\"articleSection\":[\"Barretos\",\"Geral\"],\"inLanguage\":\"pt-BR\",\"potentialAction\":[{\"@type\":\"CommentAction\",\"name\":\"Comment\",\"target\":[\"https:\\\/\\\/regiaonews.net.br\\\/2022\\\/2023\\\/07\\\/18\\\/abc-e-ponto-mis-exibem-o-filme-perdidos-em-paris\\\/#respond\"]}]},{\"@type\":\"WebPage\",\"@id\":\"https:\\\/\\\/regiaonews.net.br\\\/2022\\\/2023\\\/07\\\/18\\\/abc-e-ponto-mis-exibem-o-filme-perdidos-em-paris\\\/\",\"url\":\"https:\\\/\\\/regiaonews.net.br\\\/2022\\\/2023\\\/07\\\/18\\\/abc-e-ponto-mis-exibem-o-filme-perdidos-em-paris\\\/\",\"name\":\"ABC E PONTO MIS EXIBEM O FILME \u2018PERDIDOS EM PARIS\u2019 - Regi\u00e3o News\",\"isPartOf\":{\"@id\":\"https:\\\/\\\/regiaonews.net.br\\\/2022\\\/#website\"},\"primaryImageOfPage\":{\"@id\":\"https:\\\/\\\/regiaonews.net.br\\\/2022\\\/2023\\\/07\\\/18\\\/abc-e-ponto-mis-exibem-o-filme-perdidos-em-paris\\\/#primaryimage\"},\"image\":{\"@id\":\"https:\\\/\\\/regiaonews.net.br\\\/2022\\\/2023\\\/07\\\/18\\\/abc-e-ponto-mis-exibem-o-filme-perdidos-em-paris\\\/#primaryimage\"},\"thumbnailUrl\":\"https:\\\/\\\/regiaonews.net.br\\\/2022\\\/wp-content\\\/uploads\\\/2023\\\/07\\\/Imagem-do-WhatsApp-de-2023-07-18-as-12.45.31.jpg\",\"datePublished\":\"2023-07-18T17:25:31+00:00\",\"breadcrumb\":{\"@id\":\"https:\\\/\\\/regiaonews.net.br\\\/2022\\\/2023\\\/07\\\/18\\\/abc-e-ponto-mis-exibem-o-filme-perdidos-em-paris\\\/#breadcrumb\"},\"inLanguage\":\"pt-BR\",\"potentialAction\":[{\"@type\":\"ReadAction\",\"target\":[\"https:\\\/\\\/regiaonews.net.br\\\/2022\\\/2023\\\/07\\\/18\\\/abc-e-ponto-mis-exibem-o-filme-perdidos-em-paris\\\/\"]}]},{\"@type\":\"ImageObject\",\"inLanguage\":\"pt-BR\",\"@id\":\"https:\\\/\\\/regiaonews.net.br\\\/2022\\\/2023\\\/07\\\/18\\\/abc-e-ponto-mis-exibem-o-filme-perdidos-em-paris\\\/#primaryimage\",\"url\":\"https:\\\/\\\/regiaonews.net.br\\\/2022\\\/wp-content\\\/uploads\\\/2023\\\/07\\\/Imagem-do-WhatsApp-de-2023-07-18-as-12.45.31.jpg\",\"contentUrl\":\"https:\\\/\\\/regiaonews.net.br\\\/2022\\\/wp-content\\\/uploads\\\/2023\\\/07\\\/Imagem-do-WhatsApp-de-2023-07-18-as-12.45.31.jpg\",\"width\":1080,\"height\":1080},{\"@type\":\"BreadcrumbList\",\"@id\":\"https:\\\/\\\/regiaonews.net.br\\\/2022\\\/2023\\\/07\\\/18\\\/abc-e-ponto-mis-exibem-o-filme-perdidos-em-paris\\\/#breadcrumb\",\"itemListElement\":[{\"@type\":\"ListItem\",\"position\":1,\"name\":\"In\u00edcio\",\"item\":\"https:\\\/\\\/regiaonews.net.br\\\/2022\\\/\"},{\"@type\":\"ListItem\",\"position\":2,\"name\":\"ABC E PONTO MIS EXIBEM O FILME \u2018PERDIDOS EM PARIS\u2019\"}]},{\"@type\":\"WebSite\",\"@id\":\"https:\\\/\\\/regiaonews.net.br\\\/2022\\\/#website\",\"url\":\"https:\\\/\\\/regiaonews.net.br\\\/2022\\\/\",\"name\":\"Regi\u00e3o News\",\"description\":\"Site de Not\u00edcias de Barretos e regi\u00e3o\",\"publisher\":{\"@id\":\"https:\\\/\\\/regiaonews.net.br\\\/2022\\\/#organization\"},\"potentialAction\":[{\"@type\":\"SearchAction\",\"target\":{\"@type\":\"EntryPoint\",\"urlTemplate\":\"https:\\\/\\\/regiaonews.net.br\\\/2022\\\/?s={search_term_string}\"},\"query-input\":{\"@type\":\"PropertyValueSpecification\",\"valueRequired\":true,\"valueName\":\"search_term_string\"}}],\"inLanguage\":\"pt-BR\"},{\"@type\":\"Organization\",\"@id\":\"https:\\\/\\\/regiaonews.net.br\\\/2022\\\/#organization\",\"name\":\"Regi\u00e3o News\",\"url\":\"https:\\\/\\\/regiaonews.net.br\\\/2022\\\/\",\"logo\":{\"@type\":\"ImageObject\",\"inLanguage\":\"pt-BR\",\"@id\":\"https:\\\/\\\/regiaonews.net.br\\\/2022\\\/#\\\/schema\\\/logo\\\/image\\\/\",\"url\":\"https:\\\/\\\/regiaonews.net.br\\\/2022\\\/wp-content\\\/uploads\\\/2026\\\/03\\\/regiao-13-anos-scaled.jpg\",\"contentUrl\":\"https:\\\/\\\/regiaonews.net.br\\\/2022\\\/wp-content\\\/uploads\\\/2026\\\/03\\\/regiao-13-anos-scaled.jpg\",\"width\":2560,\"height\":635,\"caption\":\"Regi\u00e3o News\"},\"image\":{\"@id\":\"https:\\\/\\\/regiaonews.net.br\\\/2022\\\/#\\\/schema\\\/logo\\\/image\\\/\"}},{\"@type\":\"Person\",\"@id\":\"https:\\\/\\\/regiaonews.net.br\\\/2022\\\/#\\\/schema\\\/person\\\/2d205a608a5aa97ac279d7a5e6d89ad8\",\"name\":\"Roberto\",\"image\":{\"@type\":\"ImageObject\",\"inLanguage\":\"pt-BR\",\"@id\":\"https:\\\/\\\/secure.gravatar.com\\\/avatar\\\/42749d8b712ff9d59ca93dc150494e5b55a44134482993f5baeb97e61b7ecc89?s=96&d=mm&r=g\",\"url\":\"https:\\\/\\\/secure.gravatar.com\\\/avatar\\\/42749d8b712ff9d59ca93dc150494e5b55a44134482993f5baeb97e61b7ecc89?s=96&d=mm&r=g\",\"contentUrl\":\"https:\\\/\\\/secure.gravatar.com\\\/avatar\\\/42749d8b712ff9d59ca93dc150494e5b55a44134482993f5baeb97e61b7ecc89?s=96&d=mm&r=g\",\"caption\":\"Roberto\"},\"url\":\"https:\\\/\\\/regiaonews.net.br\\\/2022\\\/author\\\/roberto\\\/\"}]}<\/script>\n<!-- \/ Yoast SEO plugin. -->","yoast_head_json":{"title":"ABC E PONTO MIS EXIBEM O FILME \u2018PERDIDOS EM PARIS\u2019 - Regi\u00e3o News","robots":{"index":"index","follow":"follow","max-snippet":"max-snippet:-1","max-image-preview":"max-image-preview:large","max-video-preview":"max-video-preview:-1"},"canonical":"https:\/\/regiaonews.net.br\/2022\/2023\/07\/18\/abc-e-ponto-mis-exibem-o-filme-perdidos-em-paris\/","og_locale":"pt_BR","og_type":"article","og_title":"ABC E PONTO MIS EXIBEM O FILME \u2018PERDIDOS EM PARIS\u2019 - Regi\u00e3o News","og_description":"A ABC &#8211; ACADEMIA BARRETENSE DE CULTURA, atrav\u00e9s de sua","og_url":"https:\/\/regiaonews.net.br\/2022\/2023\/07\/18\/abc-e-ponto-mis-exibem-o-filme-perdidos-em-paris\/","og_site_name":"Regi\u00e3o News","article_published_time":"2023-07-18T17:25:31+00:00","og_image":[{"width":1080,"height":1080,"url":"https:\/\/regiaonews.net.br\/2022\/wp-content\/uploads\/2023\/07\/Imagem-do-WhatsApp-de-2023-07-18-as-12.45.31.jpg","type":"image\/jpeg"}],"author":"Roberto","twitter_card":"summary_large_image","twitter_misc":{"Escrito por":"Roberto","Est. tempo de leitura":"2 minutos"},"schema":{"@context":"https:\/\/schema.org","@graph":[{"@type":"Article","@id":"https:\/\/regiaonews.net.br\/2022\/2023\/07\/18\/abc-e-ponto-mis-exibem-o-filme-perdidos-em-paris\/#article","isPartOf":{"@id":"https:\/\/regiaonews.net.br\/2022\/2023\/07\/18\/abc-e-ponto-mis-exibem-o-filme-perdidos-em-paris\/"},"author":{"name":"Roberto","@id":"https:\/\/regiaonews.net.br\/2022\/#\/schema\/person\/2d205a608a5aa97ac279d7a5e6d89ad8"},"headline":"ABC E PONTO MIS EXIBEM O FILME \u2018PERDIDOS EM PARIS\u2019","datePublished":"2023-07-18T17:25:31+00:00","mainEntityOfPage":{"@id":"https:\/\/regiaonews.net.br\/2022\/2023\/07\/18\/abc-e-ponto-mis-exibem-o-filme-perdidos-em-paris\/"},"wordCount":245,"commentCount":0,"publisher":{"@id":"https:\/\/regiaonews.net.br\/2022\/#organization"},"image":{"@id":"https:\/\/regiaonews.net.br\/2022\/2023\/07\/18\/abc-e-ponto-mis-exibem-o-filme-perdidos-em-paris\/#primaryimage"},"thumbnailUrl":"https:\/\/regiaonews.net.br\/2022\/wp-content\/uploads\/2023\/07\/Imagem-do-WhatsApp-de-2023-07-18-as-12.45.31.jpg","articleSection":["Barretos","Geral"],"inLanguage":"pt-BR","potentialAction":[{"@type":"CommentAction","name":"Comment","target":["https:\/\/regiaonews.net.br\/2022\/2023\/07\/18\/abc-e-ponto-mis-exibem-o-filme-perdidos-em-paris\/#respond"]}]},{"@type":"WebPage","@id":"https:\/\/regiaonews.net.br\/2022\/2023\/07\/18\/abc-e-ponto-mis-exibem-o-filme-perdidos-em-paris\/","url":"https:\/\/regiaonews.net.br\/2022\/2023\/07\/18\/abc-e-ponto-mis-exibem-o-filme-perdidos-em-paris\/","name":"ABC E PONTO MIS EXIBEM O FILME \u2018PERDIDOS EM PARIS\u2019 - Regi\u00e3o News","isPartOf":{"@id":"https:\/\/regiaonews.net.br\/2022\/#website"},"primaryImageOfPage":{"@id":"https:\/\/regiaonews.net.br\/2022\/2023\/07\/18\/abc-e-ponto-mis-exibem-o-filme-perdidos-em-paris\/#primaryimage"},"image":{"@id":"https:\/\/regiaonews.net.br\/2022\/2023\/07\/18\/abc-e-ponto-mis-exibem-o-filme-perdidos-em-paris\/#primaryimage"},"thumbnailUrl":"https:\/\/regiaonews.net.br\/2022\/wp-content\/uploads\/2023\/07\/Imagem-do-WhatsApp-de-2023-07-18-as-12.45.31.jpg","datePublished":"2023-07-18T17:25:31+00:00","breadcrumb":{"@id":"https:\/\/regiaonews.net.br\/2022\/2023\/07\/18\/abc-e-ponto-mis-exibem-o-filme-perdidos-em-paris\/#breadcrumb"},"inLanguage":"pt-BR","potentialAction":[{"@type":"ReadAction","target":["https:\/\/regiaonews.net.br\/2022\/2023\/07\/18\/abc-e-ponto-mis-exibem-o-filme-perdidos-em-paris\/"]}]},{"@type":"ImageObject","inLanguage":"pt-BR","@id":"https:\/\/regiaonews.net.br\/2022\/2023\/07\/18\/abc-e-ponto-mis-exibem-o-filme-perdidos-em-paris\/#primaryimage","url":"https:\/\/regiaonews.net.br\/2022\/wp-content\/uploads\/2023\/07\/Imagem-do-WhatsApp-de-2023-07-18-as-12.45.31.jpg","contentUrl":"https:\/\/regiaonews.net.br\/2022\/wp-content\/uploads\/2023\/07\/Imagem-do-WhatsApp-de-2023-07-18-as-12.45.31.jpg","width":1080,"height":1080},{"@type":"BreadcrumbList","@id":"https:\/\/regiaonews.net.br\/2022\/2023\/07\/18\/abc-e-ponto-mis-exibem-o-filme-perdidos-em-paris\/#breadcrumb","itemListElement":[{"@type":"ListItem","position":1,"name":"In\u00edcio","item":"https:\/\/regiaonews.net.br\/2022\/"},{"@type":"ListItem","position":2,"name":"ABC E PONTO MIS EXIBEM O FILME \u2018PERDIDOS EM PARIS\u2019"}]},{"@type":"WebSite","@id":"https:\/\/regiaonews.net.br\/2022\/#website","url":"https:\/\/regiaonews.net.br\/2022\/","name":"Regi\u00e3o News","description":"Site de Not\u00edcias de Barretos e regi\u00e3o","publisher":{"@id":"https:\/\/regiaonews.net.br\/2022\/#organization"},"potentialAction":[{"@type":"SearchAction","target":{"@type":"EntryPoint","urlTemplate":"https:\/\/regiaonews.net.br\/2022\/?s={search_term_string}"},"query-input":{"@type":"PropertyValueSpecification","valueRequired":true,"valueName":"search_term_string"}}],"inLanguage":"pt-BR"},{"@type":"Organization","@id":"https:\/\/regiaonews.net.br\/2022\/#organization","name":"Regi\u00e3o News","url":"https:\/\/regiaonews.net.br\/2022\/","logo":{"@type":"ImageObject","inLanguage":"pt-BR","@id":"https:\/\/regiaonews.net.br\/2022\/#\/schema\/logo\/image\/","url":"https:\/\/regiaonews.net.br\/2022\/wp-content\/uploads\/2026\/03\/regiao-13-anos-scaled.jpg","contentUrl":"https:\/\/regiaonews.net.br\/2022\/wp-content\/uploads\/2026\/03\/regiao-13-anos-scaled.jpg","width":2560,"height":635,"caption":"Regi\u00e3o News"},"image":{"@id":"https:\/\/regiaonews.net.br\/2022\/#\/schema\/logo\/image\/"}},{"@type":"Person","@id":"https:\/\/regiaonews.net.br\/2022\/#\/schema\/person\/2d205a608a5aa97ac279d7a5e6d89ad8","name":"Roberto","image":{"@type":"ImageObject","inLanguage":"pt-BR","@id":"https:\/\/secure.gravatar.com\/avatar\/42749d8b712ff9d59ca93dc150494e5b55a44134482993f5baeb97e61b7ecc89?s=96&d=mm&r=g","url":"https:\/\/secure.gravatar.com\/avatar\/42749d8b712ff9d59ca93dc150494e5b55a44134482993f5baeb97e61b7ecc89?s=96&d=mm&r=g","contentUrl":"https:\/\/secure.gravatar.com\/avatar\/42749d8b712ff9d59ca93dc150494e5b55a44134482993f5baeb97e61b7ecc89?s=96&d=mm&r=g","caption":"Roberto"},"url":"https:\/\/regiaonews.net.br\/2022\/author\/roberto\/"}]}},"publishpress_future_action":{"enabled":false,"date":"2026-05-04 21:08:44","action":"change-status","newStatus":"draft","terms":[],"taxonomy":"category","extraData":[]},"publishpress_future_workflow_manual_trigger":{"enabledWorkflows":[]},"_links":{"self":[{"href":"https:\/\/regiaonews.net.br\/2022\/wp-json\/wp\/v2\/posts\/91844","targetHints":{"allow":["GET"]}}],"collection":[{"href":"https:\/\/regiaonews.net.br\/2022\/wp-json\/wp\/v2\/posts"}],"about":[{"href":"https:\/\/regiaonews.net.br\/2022\/wp-json\/wp\/v2\/types\/post"}],"author":[{"embeddable":true,"href":"https:\/\/regiaonews.net.br\/2022\/wp-json\/wp\/v2\/users\/2"}],"replies":[{"embeddable":true,"href":"https:\/\/regiaonews.net.br\/2022\/wp-json\/wp\/v2\/comments?post=91844"}],"version-history":[{"count":1,"href":"https:\/\/regiaonews.net.br\/2022\/wp-json\/wp\/v2\/posts\/91844\/revisions"}],"predecessor-version":[{"id":91846,"href":"https:\/\/regiaonews.net.br\/2022\/wp-json\/wp\/v2\/posts\/91844\/revisions\/91846"}],"wp:featuredmedia":[{"embeddable":true,"href":"https:\/\/regiaonews.net.br\/2022\/wp-json\/wp\/v2\/media\/91845"}],"wp:attachment":[{"href":"https:\/\/regiaonews.net.br\/2022\/wp-json\/wp\/v2\/media?parent=91844"}],"wp:term":[{"taxonomy":"category","embeddable":true,"href":"https:\/\/regiaonews.net.br\/2022\/wp-json\/wp\/v2\/categories?post=91844"},{"taxonomy":"post_tag","embeddable":true,"href":"https:\/\/regiaonews.net.br\/2022\/wp-json\/wp\/v2\/tags?post=91844"}],"curies":[{"name":"wp","href":"https:\/\/api.w.org\/{rel}","templated":true}]}}