{"id":91841,"date":"2023-07-18T14:24:54","date_gmt":"2023-07-18T17:24:54","guid":{"rendered":"https:\/\/regiaonews.net.br\/2022\/?p=91841"},"modified":"2023-07-18T14:24:54","modified_gmt":"2023-07-18T17:24:54","slug":"governo-de-sp-compra-134-armas-de-eletrochoque-para-policia-civil","status":"publish","type":"post","link":"https:\/\/regiaonews.net.br\/2022\/2023\/07\/18\/governo-de-sp-compra-134-armas-de-eletrochoque-para-policia-civil\/","title":{"rendered":"Governo de SP compra 134 armas de eletrochoque para Pol\u00edcia Civil"},"content":{"rendered":"<div>\n<h3 class=\"titulopreto ng-binding\" style=\"text-align: center;\">Armamento de baixo potencial de letalidade ser\u00e1 utilizado pela primeira vez por agentes e investigadores da corpora\u00e7\u00e3o.<\/h3>\n<p><center><\/p>\n<p class=\"titulopreto ng-binding\" style=\"text-align: left;\"><span style=\"font-size: 16px;\">O Governo de S\u00e3o Paulo deu mais um passo importante na amplia\u00e7\u00e3o do uso de armamentos de baixo potencial de letalidade pelas for\u00e7as de seguran\u00e7a do estado. Pela primeira vez na hist\u00f3ria da corpora\u00e7\u00e3o, a Pol\u00edcia Civil vai ser equipada com 134 armas de eletrochoque, com investimento previsto de R$ 962 mil.\u00a0<\/span><\/p>\n<p><\/center><\/div>\n<div id=\"notCorpo\" class=\"ng-binding\">\n<div>O contrato para fornecimento das armas de incapacita\u00e7\u00e3o foi assinado com a empresa Axon Enterprise no in\u00edcio deste m\u00eas. A previs\u00e3o \u00e9 que a entrega aconte\u00e7a at\u00e9 novembro para uso imediato de agentes e investigadores da Pol\u00edcia Civil.<\/div>\n<div><\/div>\n<div>A arma \u00e9 um dispositivo port\u00e1til similar a um rev\u00f3lver convencional, mas que dispara dois dardos conectados a fios condutores quando o gatilho \u00e9 acionado. O impacto provoca uma descarga el\u00e9trica que afeta o sistema nervoso da pessoa atingida, deixando-a temporariamente incapacitada.<\/div>\n<div><\/div>\n<div>O armamento de incapacita\u00e7\u00e3o j\u00e1 \u00e9 utilizado pela Pol\u00edcia Militar tanto em opera\u00e7\u00f5es especiais, como no patrulhamento ostensivo de centros urbanos. O uso de armamentos de baixo potencial de letalidade possui r\u00edgidos protocolos de seguran\u00e7a e tamb\u00e9m exige treinamento espec\u00edfico dos agentes.<\/div>\n<div><\/div>\n<div>Esta foi a segunda aquisi\u00e7\u00e3o deste tipo de armamento de baixo potencial de letalidade em 2023. Em mar\u00e7o, o Governo de S\u00e3o Paulo fechou acordo no valor de R$ 19,8 milh\u00f5es tamb\u00e9m com a Axon Enterprise para a aquisi\u00e7\u00e3o de 2,5 mil armas de incapacita\u00e7\u00e3o para a Pol\u00edcia Militar, que j\u00e1 mant\u00e9m em uso cerca de 7,5 mil equipamentos deste tipo.<\/div>\n<div><\/div>\n<div><b>Arsenal modernizado<\/b><\/div>\n<div><\/div>\n<div>Com a nova compra, o Governo de S\u00e3o Paulo d\u00e1 sequ\u00eancia ao processo de moderniza\u00e7\u00e3o dos armamentos das for\u00e7as de seguran\u00e7a. Somente neste ano, houve a aquisi\u00e7\u00e3o de mais de 1,8 mil armas para a Pol\u00edcia Civil, com investimento de mais de R$ 23,3 milh\u00f5es.<\/div>\n<\/div>\n<div><\/div>\n<div>\n<div class=\"col-lg-12 col-md-12 col-sm-12 col-xs-12 rightText espacovertical\"><span class=\"ng-binding\">Fonte &#8211; Assessoria de Imprensa e Comunica\u00e7\u00e3o da Secretaria da Seguran\u00e7a P\u00fablica<\/span><\/div>\n<\/div>\n","protected":false},"excerpt":{"rendered":"<p>Armamento de baixo potencial de letalidade ser\u00e1 utilizado pela primeira<\/p>\n","protected":false},"author":2,"featured_media":91842,"comment_status":"open","ping_status":"open","sticky":false,"template":"","format":"standard","meta":{"footnotes":""},"categories":[7,23],"tags":[],"class_list":["post-91841","post","type-post","status-publish","format-standard","has-post-thumbnail","hentry","category-estado-de-sao-paulo","category-policia"],"yoast_head":"<!-- This site is optimized with the Yoast SEO plugin v27.4 - https:\/\/yoast.com\/product\/yoast-seo-wordpress\/ -->\n<title>Governo de SP compra 134 armas de eletrochoque para Pol\u00edcia Civil - Regi\u00e3o News<\/title>\n<meta name=\"robots\" content=\"index, follow, max-snippet:-1, max-image-preview:large, max-video-preview:-1\" \/>\n<link rel=\"canonical\" href=\"https:\/\/regiaonews.net.br\/2022\/2023\/07\/18\/governo-de-sp-compra-134-armas-de-eletrochoque-para-policia-civil\/\" \/>\n<meta property=\"og:locale\" content=\"pt_BR\" \/>\n<meta property=\"og:type\" content=\"article\" \/>\n<meta property=\"og:title\" content=\"Governo de SP compra 134 armas de eletrochoque para Pol\u00edcia Civil - Regi\u00e3o News\" \/>\n<meta property=\"og:description\" content=\"Armamento de baixo potencial de letalidade ser\u00e1 utilizado pela primeira\" \/>\n<meta property=\"og:url\" content=\"https:\/\/regiaonews.net.br\/2022\/2023\/07\/18\/governo-de-sp-compra-134-armas-de-eletrochoque-para-policia-civil\/\" \/>\n<meta property=\"og:site_name\" content=\"Regi\u00e3o News\" \/>\n<meta property=\"article:published_time\" content=\"2023-07-18T17:24:54+00:00\" \/>\n<meta property=\"og:image\" content=\"https:\/\/regiaonews.net.br\/2022\/wp-content\/uploads\/2023\/07\/00050919.png\" \/>\n\t<meta property=\"og:image:width\" content=\"800\" \/>\n\t<meta property=\"og:image:height\" content=\"500\" \/>\n\t<meta property=\"og:image:type\" content=\"image\/png\" \/>\n<meta name=\"author\" content=\"Roberto\" \/>\n<meta name=\"twitter:card\" content=\"summary_large_image\" \/>\n<meta name=\"twitter:label1\" content=\"Escrito por\" \/>\n\t<meta name=\"twitter:data1\" content=\"Roberto\" \/>\n\t<meta name=\"twitter:label2\" content=\"Est. tempo de leitura\" \/>\n\t<meta name=\"twitter:data2\" content=\"2 minutos\" \/>\n<script type=\"application\/ld+json\" class=\"yoast-schema-graph\">{\"@context\":\"https:\\\/\\\/schema.org\",\"@graph\":[{\"@type\":\"Article\",\"@id\":\"https:\\\/\\\/regiaonews.net.br\\\/2022\\\/2023\\\/07\\\/18\\\/governo-de-sp-compra-134-armas-de-eletrochoque-para-policia-civil\\\/#article\",\"isPartOf\":{\"@id\":\"https:\\\/\\\/regiaonews.net.br\\\/2022\\\/2023\\\/07\\\/18\\\/governo-de-sp-compra-134-armas-de-eletrochoque-para-policia-civil\\\/\"},\"author\":{\"name\":\"Roberto\",\"@id\":\"https:\\\/\\\/regiaonews.net.br\\\/2022\\\/#\\\/schema\\\/person\\\/2d205a608a5aa97ac279d7a5e6d89ad8\"},\"headline\":\"Governo de SP compra 134 armas de eletrochoque para Pol\u00edcia Civil\",\"datePublished\":\"2023-07-18T17:24:54+00:00\",\"mainEntityOfPage\":{\"@id\":\"https:\\\/\\\/regiaonews.net.br\\\/2022\\\/2023\\\/07\\\/18\\\/governo-de-sp-compra-134-armas-de-eletrochoque-para-policia-civil\\\/\"},\"wordCount\":354,\"commentCount\":0,\"publisher\":{\"@id\":\"https:\\\/\\\/regiaonews.net.br\\\/2022\\\/#organization\"},\"image\":{\"@id\":\"https:\\\/\\\/regiaonews.net.br\\\/2022\\\/2023\\\/07\\\/18\\\/governo-de-sp-compra-134-armas-de-eletrochoque-para-policia-civil\\\/#primaryimage\"},\"thumbnailUrl\":\"https:\\\/\\\/regiaonews.net.br\\\/2022\\\/wp-content\\\/uploads\\\/2023\\\/07\\\/00050919.png\",\"articleSection\":[\"Estado de S\u00e3o Paulo\",\"Policia\"],\"inLanguage\":\"pt-BR\",\"potentialAction\":[{\"@type\":\"CommentAction\",\"name\":\"Comment\",\"target\":[\"https:\\\/\\\/regiaonews.net.br\\\/2022\\\/2023\\\/07\\\/18\\\/governo-de-sp-compra-134-armas-de-eletrochoque-para-policia-civil\\\/#respond\"]}]},{\"@type\":\"WebPage\",\"@id\":\"https:\\\/\\\/regiaonews.net.br\\\/2022\\\/2023\\\/07\\\/18\\\/governo-de-sp-compra-134-armas-de-eletrochoque-para-policia-civil\\\/\",\"url\":\"https:\\\/\\\/regiaonews.net.br\\\/2022\\\/2023\\\/07\\\/18\\\/governo-de-sp-compra-134-armas-de-eletrochoque-para-policia-civil\\\/\",\"name\":\"Governo de SP compra 134 armas de eletrochoque para Pol\u00edcia Civil - Regi\u00e3o News\",\"isPartOf\":{\"@id\":\"https:\\\/\\\/regiaonews.net.br\\\/2022\\\/#website\"},\"primaryImageOfPage\":{\"@id\":\"https:\\\/\\\/regiaonews.net.br\\\/2022\\\/2023\\\/07\\\/18\\\/governo-de-sp-compra-134-armas-de-eletrochoque-para-policia-civil\\\/#primaryimage\"},\"image\":{\"@id\":\"https:\\\/\\\/regiaonews.net.br\\\/2022\\\/2023\\\/07\\\/18\\\/governo-de-sp-compra-134-armas-de-eletrochoque-para-policia-civil\\\/#primaryimage\"},\"thumbnailUrl\":\"https:\\\/\\\/regiaonews.net.br\\\/2022\\\/wp-content\\\/uploads\\\/2023\\\/07\\\/00050919.png\",\"datePublished\":\"2023-07-18T17:24:54+00:00\",\"breadcrumb\":{\"@id\":\"https:\\\/\\\/regiaonews.net.br\\\/2022\\\/2023\\\/07\\\/18\\\/governo-de-sp-compra-134-armas-de-eletrochoque-para-policia-civil\\\/#breadcrumb\"},\"inLanguage\":\"pt-BR\",\"potentialAction\":[{\"@type\":\"ReadAction\",\"target\":[\"https:\\\/\\\/regiaonews.net.br\\\/2022\\\/2023\\\/07\\\/18\\\/governo-de-sp-compra-134-armas-de-eletrochoque-para-policia-civil\\\/\"]}]},{\"@type\":\"ImageObject\",\"inLanguage\":\"pt-BR\",\"@id\":\"https:\\\/\\\/regiaonews.net.br\\\/2022\\\/2023\\\/07\\\/18\\\/governo-de-sp-compra-134-armas-de-eletrochoque-para-policia-civil\\\/#primaryimage\",\"url\":\"https:\\\/\\\/regiaonews.net.br\\\/2022\\\/wp-content\\\/uploads\\\/2023\\\/07\\\/00050919.png\",\"contentUrl\":\"https:\\\/\\\/regiaonews.net.br\\\/2022\\\/wp-content\\\/uploads\\\/2023\\\/07\\\/00050919.png\",\"width\":800,\"height\":500},{\"@type\":\"BreadcrumbList\",\"@id\":\"https:\\\/\\\/regiaonews.net.br\\\/2022\\\/2023\\\/07\\\/18\\\/governo-de-sp-compra-134-armas-de-eletrochoque-para-policia-civil\\\/#breadcrumb\",\"itemListElement\":[{\"@type\":\"ListItem\",\"position\":1,\"name\":\"In\u00edcio\",\"item\":\"https:\\\/\\\/regiaonews.net.br\\\/2022\\\/\"},{\"@type\":\"ListItem\",\"position\":2,\"name\":\"Governo de SP compra 134 armas de eletrochoque para Pol\u00edcia Civil\"}]},{\"@type\":\"WebSite\",\"@id\":\"https:\\\/\\\/regiaonews.net.br\\\/2022\\\/#website\",\"url\":\"https:\\\/\\\/regiaonews.net.br\\\/2022\\\/\",\"name\":\"Regi\u00e3o News\",\"description\":\"Site de Not\u00edcias de Barretos e regi\u00e3o\",\"publisher\":{\"@id\":\"https:\\\/\\\/regiaonews.net.br\\\/2022\\\/#organization\"},\"potentialAction\":[{\"@type\":\"SearchAction\",\"target\":{\"@type\":\"EntryPoint\",\"urlTemplate\":\"https:\\\/\\\/regiaonews.net.br\\\/2022\\\/?s={search_term_string}\"},\"query-input\":{\"@type\":\"PropertyValueSpecification\",\"valueRequired\":true,\"valueName\":\"search_term_string\"}}],\"inLanguage\":\"pt-BR\"},{\"@type\":\"Organization\",\"@id\":\"https:\\\/\\\/regiaonews.net.br\\\/2022\\\/#organization\",\"name\":\"Regi\u00e3o News\",\"url\":\"https:\\\/\\\/regiaonews.net.br\\\/2022\\\/\",\"logo\":{\"@type\":\"ImageObject\",\"inLanguage\":\"pt-BR\",\"@id\":\"https:\\\/\\\/regiaonews.net.br\\\/2022\\\/#\\\/schema\\\/logo\\\/image\\\/\",\"url\":\"https:\\\/\\\/regiaonews.net.br\\\/2022\\\/wp-content\\\/uploads\\\/2026\\\/03\\\/regiao-13-anos-scaled.jpg\",\"contentUrl\":\"https:\\\/\\\/regiaonews.net.br\\\/2022\\\/wp-content\\\/uploads\\\/2026\\\/03\\\/regiao-13-anos-scaled.jpg\",\"width\":2560,\"height\":635,\"caption\":\"Regi\u00e3o News\"},\"image\":{\"@id\":\"https:\\\/\\\/regiaonews.net.br\\\/2022\\\/#\\\/schema\\\/logo\\\/image\\\/\"}},{\"@type\":\"Person\",\"@id\":\"https:\\\/\\\/regiaonews.net.br\\\/2022\\\/#\\\/schema\\\/person\\\/2d205a608a5aa97ac279d7a5e6d89ad8\",\"name\":\"Roberto\",\"image\":{\"@type\":\"ImageObject\",\"inLanguage\":\"pt-BR\",\"@id\":\"https:\\\/\\\/secure.gravatar.com\\\/avatar\\\/42749d8b712ff9d59ca93dc150494e5b55a44134482993f5baeb97e61b7ecc89?s=96&d=mm&r=g\",\"url\":\"https:\\\/\\\/secure.gravatar.com\\\/avatar\\\/42749d8b712ff9d59ca93dc150494e5b55a44134482993f5baeb97e61b7ecc89?s=96&d=mm&r=g\",\"contentUrl\":\"https:\\\/\\\/secure.gravatar.com\\\/avatar\\\/42749d8b712ff9d59ca93dc150494e5b55a44134482993f5baeb97e61b7ecc89?s=96&d=mm&r=g\",\"caption\":\"Roberto\"},\"url\":\"https:\\\/\\\/regiaonews.net.br\\\/2022\\\/author\\\/roberto\\\/\"}]}<\/script>\n<!-- \/ Yoast SEO plugin. -->","yoast_head_json":{"title":"Governo de SP compra 134 armas de eletrochoque para Pol\u00edcia Civil - Regi\u00e3o News","robots":{"index":"index","follow":"follow","max-snippet":"max-snippet:-1","max-image-preview":"max-image-preview:large","max-video-preview":"max-video-preview:-1"},"canonical":"https:\/\/regiaonews.net.br\/2022\/2023\/07\/18\/governo-de-sp-compra-134-armas-de-eletrochoque-para-policia-civil\/","og_locale":"pt_BR","og_type":"article","og_title":"Governo de SP compra 134 armas de eletrochoque para Pol\u00edcia Civil - Regi\u00e3o News","og_description":"Armamento de baixo potencial de letalidade ser\u00e1 utilizado pela primeira","og_url":"https:\/\/regiaonews.net.br\/2022\/2023\/07\/18\/governo-de-sp-compra-134-armas-de-eletrochoque-para-policia-civil\/","og_site_name":"Regi\u00e3o News","article_published_time":"2023-07-18T17:24:54+00:00","og_image":[{"width":800,"height":500,"url":"https:\/\/regiaonews.net.br\/2022\/wp-content\/uploads\/2023\/07\/00050919.png","type":"image\/png"}],"author":"Roberto","twitter_card":"summary_large_image","twitter_misc":{"Escrito por":"Roberto","Est. tempo de leitura":"2 minutos"},"schema":{"@context":"https:\/\/schema.org","@graph":[{"@type":"Article","@id":"https:\/\/regiaonews.net.br\/2022\/2023\/07\/18\/governo-de-sp-compra-134-armas-de-eletrochoque-para-policia-civil\/#article","isPartOf":{"@id":"https:\/\/regiaonews.net.br\/2022\/2023\/07\/18\/governo-de-sp-compra-134-armas-de-eletrochoque-para-policia-civil\/"},"author":{"name":"Roberto","@id":"https:\/\/regiaonews.net.br\/2022\/#\/schema\/person\/2d205a608a5aa97ac279d7a5e6d89ad8"},"headline":"Governo de SP compra 134 armas de eletrochoque para Pol\u00edcia Civil","datePublished":"2023-07-18T17:24:54+00:00","mainEntityOfPage":{"@id":"https:\/\/regiaonews.net.br\/2022\/2023\/07\/18\/governo-de-sp-compra-134-armas-de-eletrochoque-para-policia-civil\/"},"wordCount":354,"commentCount":0,"publisher":{"@id":"https:\/\/regiaonews.net.br\/2022\/#organization"},"image":{"@id":"https:\/\/regiaonews.net.br\/2022\/2023\/07\/18\/governo-de-sp-compra-134-armas-de-eletrochoque-para-policia-civil\/#primaryimage"},"thumbnailUrl":"https:\/\/regiaonews.net.br\/2022\/wp-content\/uploads\/2023\/07\/00050919.png","articleSection":["Estado de S\u00e3o Paulo","Policia"],"inLanguage":"pt-BR","potentialAction":[{"@type":"CommentAction","name":"Comment","target":["https:\/\/regiaonews.net.br\/2022\/2023\/07\/18\/governo-de-sp-compra-134-armas-de-eletrochoque-para-policia-civil\/#respond"]}]},{"@type":"WebPage","@id":"https:\/\/regiaonews.net.br\/2022\/2023\/07\/18\/governo-de-sp-compra-134-armas-de-eletrochoque-para-policia-civil\/","url":"https:\/\/regiaonews.net.br\/2022\/2023\/07\/18\/governo-de-sp-compra-134-armas-de-eletrochoque-para-policia-civil\/","name":"Governo de SP compra 134 armas de eletrochoque para Pol\u00edcia Civil - Regi\u00e3o News","isPartOf":{"@id":"https:\/\/regiaonews.net.br\/2022\/#website"},"primaryImageOfPage":{"@id":"https:\/\/regiaonews.net.br\/2022\/2023\/07\/18\/governo-de-sp-compra-134-armas-de-eletrochoque-para-policia-civil\/#primaryimage"},"image":{"@id":"https:\/\/regiaonews.net.br\/2022\/2023\/07\/18\/governo-de-sp-compra-134-armas-de-eletrochoque-para-policia-civil\/#primaryimage"},"thumbnailUrl":"https:\/\/regiaonews.net.br\/2022\/wp-content\/uploads\/2023\/07\/00050919.png","datePublished":"2023-07-18T17:24:54+00:00","breadcrumb":{"@id":"https:\/\/regiaonews.net.br\/2022\/2023\/07\/18\/governo-de-sp-compra-134-armas-de-eletrochoque-para-policia-civil\/#breadcrumb"},"inLanguage":"pt-BR","potentialAction":[{"@type":"ReadAction","target":["https:\/\/regiaonews.net.br\/2022\/2023\/07\/18\/governo-de-sp-compra-134-armas-de-eletrochoque-para-policia-civil\/"]}]},{"@type":"ImageObject","inLanguage":"pt-BR","@id":"https:\/\/regiaonews.net.br\/2022\/2023\/07\/18\/governo-de-sp-compra-134-armas-de-eletrochoque-para-policia-civil\/#primaryimage","url":"https:\/\/regiaonews.net.br\/2022\/wp-content\/uploads\/2023\/07\/00050919.png","contentUrl":"https:\/\/regiaonews.net.br\/2022\/wp-content\/uploads\/2023\/07\/00050919.png","width":800,"height":500},{"@type":"BreadcrumbList","@id":"https:\/\/regiaonews.net.br\/2022\/2023\/07\/18\/governo-de-sp-compra-134-armas-de-eletrochoque-para-policia-civil\/#breadcrumb","itemListElement":[{"@type":"ListItem","position":1,"name":"In\u00edcio","item":"https:\/\/regiaonews.net.br\/2022\/"},{"@type":"ListItem","position":2,"name":"Governo de SP compra 134 armas de eletrochoque para Pol\u00edcia Civil"}]},{"@type":"WebSite","@id":"https:\/\/regiaonews.net.br\/2022\/#website","url":"https:\/\/regiaonews.net.br\/2022\/","name":"Regi\u00e3o News","description":"Site de Not\u00edcias de Barretos e regi\u00e3o","publisher":{"@id":"https:\/\/regiaonews.net.br\/2022\/#organization"},"potentialAction":[{"@type":"SearchAction","target":{"@type":"EntryPoint","urlTemplate":"https:\/\/regiaonews.net.br\/2022\/?s={search_term_string}"},"query-input":{"@type":"PropertyValueSpecification","valueRequired":true,"valueName":"search_term_string"}}],"inLanguage":"pt-BR"},{"@type":"Organization","@id":"https:\/\/regiaonews.net.br\/2022\/#organization","name":"Regi\u00e3o News","url":"https:\/\/regiaonews.net.br\/2022\/","logo":{"@type":"ImageObject","inLanguage":"pt-BR","@id":"https:\/\/regiaonews.net.br\/2022\/#\/schema\/logo\/image\/","url":"https:\/\/regiaonews.net.br\/2022\/wp-content\/uploads\/2026\/03\/regiao-13-anos-scaled.jpg","contentUrl":"https:\/\/regiaonews.net.br\/2022\/wp-content\/uploads\/2026\/03\/regiao-13-anos-scaled.jpg","width":2560,"height":635,"caption":"Regi\u00e3o News"},"image":{"@id":"https:\/\/regiaonews.net.br\/2022\/#\/schema\/logo\/image\/"}},{"@type":"Person","@id":"https:\/\/regiaonews.net.br\/2022\/#\/schema\/person\/2d205a608a5aa97ac279d7a5e6d89ad8","name":"Roberto","image":{"@type":"ImageObject","inLanguage":"pt-BR","@id":"https:\/\/secure.gravatar.com\/avatar\/42749d8b712ff9d59ca93dc150494e5b55a44134482993f5baeb97e61b7ecc89?s=96&d=mm&r=g","url":"https:\/\/secure.gravatar.com\/avatar\/42749d8b712ff9d59ca93dc150494e5b55a44134482993f5baeb97e61b7ecc89?s=96&d=mm&r=g","contentUrl":"https:\/\/secure.gravatar.com\/avatar\/42749d8b712ff9d59ca93dc150494e5b55a44134482993f5baeb97e61b7ecc89?s=96&d=mm&r=g","caption":"Roberto"},"url":"https:\/\/regiaonews.net.br\/2022\/author\/roberto\/"}]}},"publishpress_future_action":{"enabled":false,"date":"2026-05-04 20:56:19","action":"change-status","newStatus":"draft","terms":[],"taxonomy":"category","extraData":[]},"publishpress_future_workflow_manual_trigger":{"enabledWorkflows":[]},"_links":{"self":[{"href":"https:\/\/regiaonews.net.br\/2022\/wp-json\/wp\/v2\/posts\/91841","targetHints":{"allow":["GET"]}}],"collection":[{"href":"https:\/\/regiaonews.net.br\/2022\/wp-json\/wp\/v2\/posts"}],"about":[{"href":"https:\/\/regiaonews.net.br\/2022\/wp-json\/wp\/v2\/types\/post"}],"author":[{"embeddable":true,"href":"https:\/\/regiaonews.net.br\/2022\/wp-json\/wp\/v2\/users\/2"}],"replies":[{"embeddable":true,"href":"https:\/\/regiaonews.net.br\/2022\/wp-json\/wp\/v2\/comments?post=91841"}],"version-history":[{"count":1,"href":"https:\/\/regiaonews.net.br\/2022\/wp-json\/wp\/v2\/posts\/91841\/revisions"}],"predecessor-version":[{"id":91843,"href":"https:\/\/regiaonews.net.br\/2022\/wp-json\/wp\/v2\/posts\/91841\/revisions\/91843"}],"wp:featuredmedia":[{"embeddable":true,"href":"https:\/\/regiaonews.net.br\/2022\/wp-json\/wp\/v2\/media\/91842"}],"wp:attachment":[{"href":"https:\/\/regiaonews.net.br\/2022\/wp-json\/wp\/v2\/media?parent=91841"}],"wp:term":[{"taxonomy":"category","embeddable":true,"href":"https:\/\/regiaonews.net.br\/2022\/wp-json\/wp\/v2\/categories?post=91841"},{"taxonomy":"post_tag","embeddable":true,"href":"https:\/\/regiaonews.net.br\/2022\/wp-json\/wp\/v2\/tags?post=91841"}],"curies":[{"name":"wp","href":"https:\/\/api.w.org\/{rel}","templated":true}]}}