{"id":91830,"date":"2023-07-17T22:20:31","date_gmt":"2023-07-18T01:20:31","guid":{"rendered":"https:\/\/regiaonews.net.br\/2022\/?p=91830"},"modified":"2023-07-17T22:31:14","modified_gmt":"2023-07-18T01:31:14","slug":"mano-menezes-e-demitido-e-nao-e-mais-tecnico-do-inter","status":"publish","type":"post","link":"https:\/\/regiaonews.net.br\/2022\/2023\/07\/17\/mano-menezes-e-demitido-e-nao-e-mais-tecnico-do-inter\/","title":{"rendered":"Mano Menezes \u00e9 demitido e n\u00e3o \u00e9 mais tecnico do Inter"},"content":{"rendered":"<p>&nbsp;<\/p>\n<p>O treinador Mano Menezes n\u00e3o \u00e9 mais o t\u00e9cnico do Internacional. O Colorado anunciou a demiss\u00e3o do treinador nesta segunda-feira (17), um dia ap\u00f3s o empate sem gols com o Palmeiras, no Beira-Rio, pelo Campeonato Brasileiro.<\/p>\n<p>&#8220;O Sport Club Internacional comunica a sa\u00edda do t\u00e9cnico Mano Menezes. O auxiliar Sidnei Lobo tamb\u00e9m deixa o cargo. Anunciado em abril do ano passado, Mano esteve no cargo por mais de um ano. Na temporada 2022, comandou o time em uma campanha s\u00f3lida dentro do Campeonato Brasileiro, disputando o t\u00edtulo da competi\u00e7\u00e3o e terminando com a melhor campanha do Inter nos pontos corridos, com 73 pontos. Tamb\u00e9m com Mano, o Colorado passou 325 dias sem derrota no Beira-Rio, com 27 partidas e 20 vit\u00f3rias. S\u00e9rie interrompida no m\u00eas de maio. O clube agradece aos profissionais pela dedica\u00e7\u00e3o, empenho e trabalho realizado durante o per\u00edodo, desejando sorte e sucesso na sequ\u00eancia de suas carreiras&#8221;, informou o clube.<br \/>\nAl\u00e9m dos resultados, a diretoria e a torcida do clube ga\u00facho cobravam um desempenho melhor do time.<\/p>\n","protected":false},"excerpt":{"rendered":"<p>&nbsp; O treinador Mano Menezes n\u00e3o \u00e9 mais o t\u00e9cnico<\/p>\n","protected":false},"author":2,"featured_media":91835,"comment_status":"open","ping_status":"open","sticky":false,"template":"","format":"standard","meta":{"footnotes":""},"categories":[127,21],"tags":[],"class_list":["post-91830","post","type-post","status-publish","format-standard","has-post-thumbnail","hentry","category-brasileirao","category-esporte"],"yoast_head":"<!-- This site is optimized with the Yoast SEO plugin v27.4 - https:\/\/yoast.com\/product\/yoast-seo-wordpress\/ -->\n<title>Mano Menezes \u00e9 demitido no comando do Inter<\/title>\n<meta name=\"description\" content=\"treinador Mano Menezes n\u00e3o \u00e9 mais o t\u00e9cnico do Internacional. O Colorado anunciou a demiss\u00e3o do treinador nesta segunda-feira (17),\" \/>\n<meta name=\"robots\" content=\"index, follow, max-snippet:-1, max-image-preview:large, max-video-preview:-1\" \/>\n<link rel=\"canonical\" href=\"https:\/\/regiaonews.net.br\/2022\/2023\/07\/17\/mano-menezes-e-demitido-e-nao-e-mais-tecnico-do-inter\/\" \/>\n<meta property=\"og:locale\" content=\"pt_BR\" \/>\n<meta property=\"og:type\" content=\"article\" \/>\n<meta property=\"og:title\" content=\"Mano Menezes \u00e9 demitido no comando do Inter\" \/>\n<meta property=\"og:description\" content=\"treinador Mano Menezes n\u00e3o \u00e9 mais o t\u00e9cnico do Internacional. O Colorado anunciou a demiss\u00e3o do treinador nesta segunda-feira (17),\" \/>\n<meta property=\"og:url\" content=\"https:\/\/regiaonews.net.br\/2022\/2023\/07\/17\/mano-menezes-e-demitido-e-nao-e-mais-tecnico-do-inter\/\" \/>\n<meta property=\"og:site_name\" content=\"Regi\u00e3o News\" \/>\n<meta property=\"article:published_time\" content=\"2023-07-18T01:20:31+00:00\" \/>\n<meta property=\"article:modified_time\" content=\"2023-07-18T01:31:14+00:00\" \/>\n<meta property=\"og:image\" content=\"https:\/\/regiaonews.net.br\/2022\/wp-content\/uploads\/2023\/07\/images-5.jpeg\" \/>\n\t<meta property=\"og:image:width\" content=\"705\" \/>\n\t<meta property=\"og:image:height\" content=\"435\" \/>\n\t<meta property=\"og:image:type\" content=\"image\/jpeg\" \/>\n<meta name=\"author\" content=\"Roberto\" \/>\n<meta name=\"twitter:card\" content=\"summary_large_image\" \/>\n<meta name=\"twitter:label1\" content=\"Escrito por\" \/>\n\t<meta name=\"twitter:data1\" content=\"Roberto\" \/>\n\t<meta name=\"twitter:label2\" content=\"Est. tempo de leitura\" \/>\n\t<meta name=\"twitter:data2\" content=\"1 minuto\" \/>\n<script type=\"application\/ld+json\" class=\"yoast-schema-graph\">{\"@context\":\"https:\\\/\\\/schema.org\",\"@graph\":[{\"@type\":\"Article\",\"@id\":\"https:\\\/\\\/regiaonews.net.br\\\/2022\\\/2023\\\/07\\\/17\\\/mano-menezes-e-demitido-e-nao-e-mais-tecnico-do-inter\\\/#article\",\"isPartOf\":{\"@id\":\"https:\\\/\\\/regiaonews.net.br\\\/2022\\\/2023\\\/07\\\/17\\\/mano-menezes-e-demitido-e-nao-e-mais-tecnico-do-inter\\\/\"},\"author\":{\"name\":\"Roberto\",\"@id\":\"https:\\\/\\\/regiaonews.net.br\\\/2022\\\/#\\\/schema\\\/person\\\/2d205a608a5aa97ac279d7a5e6d89ad8\"},\"headline\":\"Mano Menezes \u00e9 demitido e n\u00e3o \u00e9 mais tecnico do Inter\",\"datePublished\":\"2023-07-18T01:20:31+00:00\",\"dateModified\":\"2023-07-18T01:31:14+00:00\",\"mainEntityOfPage\":{\"@id\":\"https:\\\/\\\/regiaonews.net.br\\\/2022\\\/2023\\\/07\\\/17\\\/mano-menezes-e-demitido-e-nao-e-mais-tecnico-do-inter\\\/\"},\"wordCount\":193,\"commentCount\":0,\"publisher\":{\"@id\":\"https:\\\/\\\/regiaonews.net.br\\\/2022\\\/#organization\"},\"image\":{\"@id\":\"https:\\\/\\\/regiaonews.net.br\\\/2022\\\/2023\\\/07\\\/17\\\/mano-menezes-e-demitido-e-nao-e-mais-tecnico-do-inter\\\/#primaryimage\"},\"thumbnailUrl\":\"https:\\\/\\\/regiaonews.net.br\\\/2022\\\/wp-content\\\/uploads\\\/2023\\\/07\\\/images-5.jpeg\",\"articleSection\":[\"Brasileir\u00e3o\",\"Esporte\"],\"inLanguage\":\"pt-BR\",\"potentialAction\":[{\"@type\":\"CommentAction\",\"name\":\"Comment\",\"target\":[\"https:\\\/\\\/regiaonews.net.br\\\/2022\\\/2023\\\/07\\\/17\\\/mano-menezes-e-demitido-e-nao-e-mais-tecnico-do-inter\\\/#respond\"]}]},{\"@type\":\"WebPage\",\"@id\":\"https:\\\/\\\/regiaonews.net.br\\\/2022\\\/2023\\\/07\\\/17\\\/mano-menezes-e-demitido-e-nao-e-mais-tecnico-do-inter\\\/\",\"url\":\"https:\\\/\\\/regiaonews.net.br\\\/2022\\\/2023\\\/07\\\/17\\\/mano-menezes-e-demitido-e-nao-e-mais-tecnico-do-inter\\\/\",\"name\":\"Mano Menezes \u00e9 demitido no comando do Inter\",\"isPartOf\":{\"@id\":\"https:\\\/\\\/regiaonews.net.br\\\/2022\\\/#website\"},\"primaryImageOfPage\":{\"@id\":\"https:\\\/\\\/regiaonews.net.br\\\/2022\\\/2023\\\/07\\\/17\\\/mano-menezes-e-demitido-e-nao-e-mais-tecnico-do-inter\\\/#primaryimage\"},\"image\":{\"@id\":\"https:\\\/\\\/regiaonews.net.br\\\/2022\\\/2023\\\/07\\\/17\\\/mano-menezes-e-demitido-e-nao-e-mais-tecnico-do-inter\\\/#primaryimage\"},\"thumbnailUrl\":\"https:\\\/\\\/regiaonews.net.br\\\/2022\\\/wp-content\\\/uploads\\\/2023\\\/07\\\/images-5.jpeg\",\"datePublished\":\"2023-07-18T01:20:31+00:00\",\"dateModified\":\"2023-07-18T01:31:14+00:00\",\"description\":\"treinador Mano Menezes n\u00e3o \u00e9 mais o t\u00e9cnico do Internacional. O Colorado anunciou a demiss\u00e3o do treinador nesta segunda-feira (17),\",\"breadcrumb\":{\"@id\":\"https:\\\/\\\/regiaonews.net.br\\\/2022\\\/2023\\\/07\\\/17\\\/mano-menezes-e-demitido-e-nao-e-mais-tecnico-do-inter\\\/#breadcrumb\"},\"inLanguage\":\"pt-BR\",\"potentialAction\":[{\"@type\":\"ReadAction\",\"target\":[\"https:\\\/\\\/regiaonews.net.br\\\/2022\\\/2023\\\/07\\\/17\\\/mano-menezes-e-demitido-e-nao-e-mais-tecnico-do-inter\\\/\"]}]},{\"@type\":\"ImageObject\",\"inLanguage\":\"pt-BR\",\"@id\":\"https:\\\/\\\/regiaonews.net.br\\\/2022\\\/2023\\\/07\\\/17\\\/mano-menezes-e-demitido-e-nao-e-mais-tecnico-do-inter\\\/#primaryimage\",\"url\":\"https:\\\/\\\/regiaonews.net.br\\\/2022\\\/wp-content\\\/uploads\\\/2023\\\/07\\\/images-5.jpeg\",\"contentUrl\":\"https:\\\/\\\/regiaonews.net.br\\\/2022\\\/wp-content\\\/uploads\\\/2023\\\/07\\\/images-5.jpeg\",\"width\":705,\"height\":435},{\"@type\":\"BreadcrumbList\",\"@id\":\"https:\\\/\\\/regiaonews.net.br\\\/2022\\\/2023\\\/07\\\/17\\\/mano-menezes-e-demitido-e-nao-e-mais-tecnico-do-inter\\\/#breadcrumb\",\"itemListElement\":[{\"@type\":\"ListItem\",\"position\":1,\"name\":\"In\u00edcio\",\"item\":\"https:\\\/\\\/regiaonews.net.br\\\/2022\\\/\"},{\"@type\":\"ListItem\",\"position\":2,\"name\":\"Mano Menezes \u00e9 demitido e n\u00e3o \u00e9 mais tecnico do Inter\"}]},{\"@type\":\"WebSite\",\"@id\":\"https:\\\/\\\/regiaonews.net.br\\\/2022\\\/#website\",\"url\":\"https:\\\/\\\/regiaonews.net.br\\\/2022\\\/\",\"name\":\"Regi\u00e3o News\",\"description\":\"Site de Not\u00edcias de Barretos e regi\u00e3o\",\"publisher\":{\"@id\":\"https:\\\/\\\/regiaonews.net.br\\\/2022\\\/#organization\"},\"potentialAction\":[{\"@type\":\"SearchAction\",\"target\":{\"@type\":\"EntryPoint\",\"urlTemplate\":\"https:\\\/\\\/regiaonews.net.br\\\/2022\\\/?s={search_term_string}\"},\"query-input\":{\"@type\":\"PropertyValueSpecification\",\"valueRequired\":true,\"valueName\":\"search_term_string\"}}],\"inLanguage\":\"pt-BR\"},{\"@type\":\"Organization\",\"@id\":\"https:\\\/\\\/regiaonews.net.br\\\/2022\\\/#organization\",\"name\":\"Regi\u00e3o News\",\"url\":\"https:\\\/\\\/regiaonews.net.br\\\/2022\\\/\",\"logo\":{\"@type\":\"ImageObject\",\"inLanguage\":\"pt-BR\",\"@id\":\"https:\\\/\\\/regiaonews.net.br\\\/2022\\\/#\\\/schema\\\/logo\\\/image\\\/\",\"url\":\"https:\\\/\\\/regiaonews.net.br\\\/2022\\\/wp-content\\\/uploads\\\/2026\\\/03\\\/regiao-13-anos-scaled.jpg\",\"contentUrl\":\"https:\\\/\\\/regiaonews.net.br\\\/2022\\\/wp-content\\\/uploads\\\/2026\\\/03\\\/regiao-13-anos-scaled.jpg\",\"width\":2560,\"height\":635,\"caption\":\"Regi\u00e3o News\"},\"image\":{\"@id\":\"https:\\\/\\\/regiaonews.net.br\\\/2022\\\/#\\\/schema\\\/logo\\\/image\\\/\"}},{\"@type\":\"Person\",\"@id\":\"https:\\\/\\\/regiaonews.net.br\\\/2022\\\/#\\\/schema\\\/person\\\/2d205a608a5aa97ac279d7a5e6d89ad8\",\"name\":\"Roberto\",\"image\":{\"@type\":\"ImageObject\",\"inLanguage\":\"pt-BR\",\"@id\":\"https:\\\/\\\/secure.gravatar.com\\\/avatar\\\/42749d8b712ff9d59ca93dc150494e5b55a44134482993f5baeb97e61b7ecc89?s=96&d=mm&r=g\",\"url\":\"https:\\\/\\\/secure.gravatar.com\\\/avatar\\\/42749d8b712ff9d59ca93dc150494e5b55a44134482993f5baeb97e61b7ecc89?s=96&d=mm&r=g\",\"contentUrl\":\"https:\\\/\\\/secure.gravatar.com\\\/avatar\\\/42749d8b712ff9d59ca93dc150494e5b55a44134482993f5baeb97e61b7ecc89?s=96&d=mm&r=g\",\"caption\":\"Roberto\"},\"url\":\"https:\\\/\\\/regiaonews.net.br\\\/2022\\\/author\\\/roberto\\\/\"}]}<\/script>\n<!-- \/ Yoast SEO plugin. -->","yoast_head_json":{"title":"Mano Menezes \u00e9 demitido no comando do Inter","description":"treinador Mano Menezes n\u00e3o \u00e9 mais o t\u00e9cnico do Internacional. O Colorado anunciou a demiss\u00e3o do treinador nesta segunda-feira (17),","robots":{"index":"index","follow":"follow","max-snippet":"max-snippet:-1","max-image-preview":"max-image-preview:large","max-video-preview":"max-video-preview:-1"},"canonical":"https:\/\/regiaonews.net.br\/2022\/2023\/07\/17\/mano-menezes-e-demitido-e-nao-e-mais-tecnico-do-inter\/","og_locale":"pt_BR","og_type":"article","og_title":"Mano Menezes \u00e9 demitido no comando do Inter","og_description":"treinador Mano Menezes n\u00e3o \u00e9 mais o t\u00e9cnico do Internacional. O Colorado anunciou a demiss\u00e3o do treinador nesta segunda-feira (17),","og_url":"https:\/\/regiaonews.net.br\/2022\/2023\/07\/17\/mano-menezes-e-demitido-e-nao-e-mais-tecnico-do-inter\/","og_site_name":"Regi\u00e3o News","article_published_time":"2023-07-18T01:20:31+00:00","article_modified_time":"2023-07-18T01:31:14+00:00","og_image":[{"width":705,"height":435,"url":"https:\/\/regiaonews.net.br\/2022\/wp-content\/uploads\/2023\/07\/images-5.jpeg","type":"image\/jpeg"}],"author":"Roberto","twitter_card":"summary_large_image","twitter_misc":{"Escrito por":"Roberto","Est. tempo de leitura":"1 minuto"},"schema":{"@context":"https:\/\/schema.org","@graph":[{"@type":"Article","@id":"https:\/\/regiaonews.net.br\/2022\/2023\/07\/17\/mano-menezes-e-demitido-e-nao-e-mais-tecnico-do-inter\/#article","isPartOf":{"@id":"https:\/\/regiaonews.net.br\/2022\/2023\/07\/17\/mano-menezes-e-demitido-e-nao-e-mais-tecnico-do-inter\/"},"author":{"name":"Roberto","@id":"https:\/\/regiaonews.net.br\/2022\/#\/schema\/person\/2d205a608a5aa97ac279d7a5e6d89ad8"},"headline":"Mano Menezes \u00e9 demitido e n\u00e3o \u00e9 mais tecnico do Inter","datePublished":"2023-07-18T01:20:31+00:00","dateModified":"2023-07-18T01:31:14+00:00","mainEntityOfPage":{"@id":"https:\/\/regiaonews.net.br\/2022\/2023\/07\/17\/mano-menezes-e-demitido-e-nao-e-mais-tecnico-do-inter\/"},"wordCount":193,"commentCount":0,"publisher":{"@id":"https:\/\/regiaonews.net.br\/2022\/#organization"},"image":{"@id":"https:\/\/regiaonews.net.br\/2022\/2023\/07\/17\/mano-menezes-e-demitido-e-nao-e-mais-tecnico-do-inter\/#primaryimage"},"thumbnailUrl":"https:\/\/regiaonews.net.br\/2022\/wp-content\/uploads\/2023\/07\/images-5.jpeg","articleSection":["Brasileir\u00e3o","Esporte"],"inLanguage":"pt-BR","potentialAction":[{"@type":"CommentAction","name":"Comment","target":["https:\/\/regiaonews.net.br\/2022\/2023\/07\/17\/mano-menezes-e-demitido-e-nao-e-mais-tecnico-do-inter\/#respond"]}]},{"@type":"WebPage","@id":"https:\/\/regiaonews.net.br\/2022\/2023\/07\/17\/mano-menezes-e-demitido-e-nao-e-mais-tecnico-do-inter\/","url":"https:\/\/regiaonews.net.br\/2022\/2023\/07\/17\/mano-menezes-e-demitido-e-nao-e-mais-tecnico-do-inter\/","name":"Mano Menezes \u00e9 demitido no comando do Inter","isPartOf":{"@id":"https:\/\/regiaonews.net.br\/2022\/#website"},"primaryImageOfPage":{"@id":"https:\/\/regiaonews.net.br\/2022\/2023\/07\/17\/mano-menezes-e-demitido-e-nao-e-mais-tecnico-do-inter\/#primaryimage"},"image":{"@id":"https:\/\/regiaonews.net.br\/2022\/2023\/07\/17\/mano-menezes-e-demitido-e-nao-e-mais-tecnico-do-inter\/#primaryimage"},"thumbnailUrl":"https:\/\/regiaonews.net.br\/2022\/wp-content\/uploads\/2023\/07\/images-5.jpeg","datePublished":"2023-07-18T01:20:31+00:00","dateModified":"2023-07-18T01:31:14+00:00","description":"treinador Mano Menezes n\u00e3o \u00e9 mais o t\u00e9cnico do Internacional. O Colorado anunciou a demiss\u00e3o do treinador nesta segunda-feira (17),","breadcrumb":{"@id":"https:\/\/regiaonews.net.br\/2022\/2023\/07\/17\/mano-menezes-e-demitido-e-nao-e-mais-tecnico-do-inter\/#breadcrumb"},"inLanguage":"pt-BR","potentialAction":[{"@type":"ReadAction","target":["https:\/\/regiaonews.net.br\/2022\/2023\/07\/17\/mano-menezes-e-demitido-e-nao-e-mais-tecnico-do-inter\/"]}]},{"@type":"ImageObject","inLanguage":"pt-BR","@id":"https:\/\/regiaonews.net.br\/2022\/2023\/07\/17\/mano-menezes-e-demitido-e-nao-e-mais-tecnico-do-inter\/#primaryimage","url":"https:\/\/regiaonews.net.br\/2022\/wp-content\/uploads\/2023\/07\/images-5.jpeg","contentUrl":"https:\/\/regiaonews.net.br\/2022\/wp-content\/uploads\/2023\/07\/images-5.jpeg","width":705,"height":435},{"@type":"BreadcrumbList","@id":"https:\/\/regiaonews.net.br\/2022\/2023\/07\/17\/mano-menezes-e-demitido-e-nao-e-mais-tecnico-do-inter\/#breadcrumb","itemListElement":[{"@type":"ListItem","position":1,"name":"In\u00edcio","item":"https:\/\/regiaonews.net.br\/2022\/"},{"@type":"ListItem","position":2,"name":"Mano Menezes \u00e9 demitido e n\u00e3o \u00e9 mais tecnico do Inter"}]},{"@type":"WebSite","@id":"https:\/\/regiaonews.net.br\/2022\/#website","url":"https:\/\/regiaonews.net.br\/2022\/","name":"Regi\u00e3o News","description":"Site de Not\u00edcias de Barretos e regi\u00e3o","publisher":{"@id":"https:\/\/regiaonews.net.br\/2022\/#organization"},"potentialAction":[{"@type":"SearchAction","target":{"@type":"EntryPoint","urlTemplate":"https:\/\/regiaonews.net.br\/2022\/?s={search_term_string}"},"query-input":{"@type":"PropertyValueSpecification","valueRequired":true,"valueName":"search_term_string"}}],"inLanguage":"pt-BR"},{"@type":"Organization","@id":"https:\/\/regiaonews.net.br\/2022\/#organization","name":"Regi\u00e3o News","url":"https:\/\/regiaonews.net.br\/2022\/","logo":{"@type":"ImageObject","inLanguage":"pt-BR","@id":"https:\/\/regiaonews.net.br\/2022\/#\/schema\/logo\/image\/","url":"https:\/\/regiaonews.net.br\/2022\/wp-content\/uploads\/2026\/03\/regiao-13-anos-scaled.jpg","contentUrl":"https:\/\/regiaonews.net.br\/2022\/wp-content\/uploads\/2026\/03\/regiao-13-anos-scaled.jpg","width":2560,"height":635,"caption":"Regi\u00e3o News"},"image":{"@id":"https:\/\/regiaonews.net.br\/2022\/#\/schema\/logo\/image\/"}},{"@type":"Person","@id":"https:\/\/regiaonews.net.br\/2022\/#\/schema\/person\/2d205a608a5aa97ac279d7a5e6d89ad8","name":"Roberto","image":{"@type":"ImageObject","inLanguage":"pt-BR","@id":"https:\/\/secure.gravatar.com\/avatar\/42749d8b712ff9d59ca93dc150494e5b55a44134482993f5baeb97e61b7ecc89?s=96&d=mm&r=g","url":"https:\/\/secure.gravatar.com\/avatar\/42749d8b712ff9d59ca93dc150494e5b55a44134482993f5baeb97e61b7ecc89?s=96&d=mm&r=g","contentUrl":"https:\/\/secure.gravatar.com\/avatar\/42749d8b712ff9d59ca93dc150494e5b55a44134482993f5baeb97e61b7ecc89?s=96&d=mm&r=g","caption":"Roberto"},"url":"https:\/\/regiaonews.net.br\/2022\/author\/roberto\/"}]}},"publishpress_future_action":{"enabled":false,"date":"2026-05-04 16:18:03","action":"change-status","newStatus":"draft","terms":[],"taxonomy":"category","extraData":[]},"publishpress_future_workflow_manual_trigger":{"enabledWorkflows":[]},"_links":{"self":[{"href":"https:\/\/regiaonews.net.br\/2022\/wp-json\/wp\/v2\/posts\/91830","targetHints":{"allow":["GET"]}}],"collection":[{"href":"https:\/\/regiaonews.net.br\/2022\/wp-json\/wp\/v2\/posts"}],"about":[{"href":"https:\/\/regiaonews.net.br\/2022\/wp-json\/wp\/v2\/types\/post"}],"author":[{"embeddable":true,"href":"https:\/\/regiaonews.net.br\/2022\/wp-json\/wp\/v2\/users\/2"}],"replies":[{"embeddable":true,"href":"https:\/\/regiaonews.net.br\/2022\/wp-json\/wp\/v2\/comments?post=91830"}],"version-history":[{"count":3,"href":"https:\/\/regiaonews.net.br\/2022\/wp-json\/wp\/v2\/posts\/91830\/revisions"}],"predecessor-version":[{"id":91837,"href":"https:\/\/regiaonews.net.br\/2022\/wp-json\/wp\/v2\/posts\/91830\/revisions\/91837"}],"wp:featuredmedia":[{"embeddable":true,"href":"https:\/\/regiaonews.net.br\/2022\/wp-json\/wp\/v2\/media\/91835"}],"wp:attachment":[{"href":"https:\/\/regiaonews.net.br\/2022\/wp-json\/wp\/v2\/media?parent=91830"}],"wp:term":[{"taxonomy":"category","embeddable":true,"href":"https:\/\/regiaonews.net.br\/2022\/wp-json\/wp\/v2\/categories?post=91830"},{"taxonomy":"post_tag","embeddable":true,"href":"https:\/\/regiaonews.net.br\/2022\/wp-json\/wp\/v2\/tags?post=91830"}],"curies":[{"name":"wp","href":"https:\/\/api.w.org\/{rel}","templated":true}]}}