{"id":91813,"date":"2023-07-17T19:34:45","date_gmt":"2023-07-17T22:34:45","guid":{"rendered":"https:\/\/regiaonews.net.br\/2022\/?p=91813"},"modified":"2023-07-17T20:23:23","modified_gmt":"2023-07-17T23:23:23","slug":"festa-do-peao-de-barretos-tem-ponto-de-venda-de-ingressos-no-north-shopping","status":"publish","type":"post","link":"https:\/\/regiaonews.net.br\/2022\/2023\/07\/17\/festa-do-peao-de-barretos-tem-ponto-de-venda-de-ingressos-no-north-shopping\/","title":{"rendered":"Festa do Pe\u00e3o de Barretos tem ponto de venda de ingressos no North Shopping"},"content":{"rendered":"<p>Loja oficial no empreendimento comercializar\u00e1 acessos di\u00e1rios e passaportes<\/p>\n<p>Come\u00e7a a funcionar nesta segunda-feira, dia 17, o ponto de venda oficial de ingressos para a 68\u00aa Festa do Pe\u00e3o de Barretos, no North Shopping.<\/p>\n<p>Na loja \u2013 localizada no segundo corredor do empreendimento \u2013 ser\u00e3o comercializados ingressos di\u00e1rios para todos os setores vips e Parque|Rodeio|Show e ainda os passaportes v\u00e1lidos para os 11 dias nas categorias Parque | Rodeio | Show e \u00c1rea Vip.<\/p>\n<p>Exclusivamente para a compra dos passaportes \u2013 direcionados aos barretenses \u2013 \u00e9 necess\u00e1rio apresentar comprovante de resid\u00eancia na cidade. O pagamento dos acessos adquiridos no ponto de venda poder\u00e1 ser feito com dinheiro, cart\u00e3o de d\u00e9bito ou cr\u00e9dito.<\/p>\n<p>A loja funcionar\u00e1 de segunda a s\u00e1bado das 10h \u00e0s 21h e aos domingos e feriados das 12h \u00e0s 20h.<\/p>\n<p>&nbsp;<\/p>\n<p>Foto Cr\u00e9dito: Andr\u00e9 Monteiro<\/p>\n","protected":false},"excerpt":{"rendered":"<p>Loja oficial no empreendimento comercializar\u00e1 acessos di\u00e1rios e passaportes Come\u00e7a<\/p>\n","protected":false},"author":2,"featured_media":91814,"comment_status":"open","ping_status":"open","sticky":false,"template":"","format":"standard","meta":{"footnotes":""},"categories":[14,45],"tags":[],"class_list":["post-91813","post","type-post","status-publish","format-standard","has-post-thumbnail","hentry","category-barretos","category-festa-do-peao"],"yoast_head":"<!-- This site is optimized with the Yoast SEO plugin v27.4 - https:\/\/yoast.com\/product\/yoast-seo-wordpress\/ -->\n<title>Festa do Pe\u00e3o de Barretos tem ponto de venda de ingressos<\/title>\n<meta name=\"description\" content=\"Come\u00e7a a funcionar nesta segunda-feira, dia 17, o ponto de venda oficial de ingressos para a 68\u00aa Festa do Pe\u00e3o de Barretos, no North Shopping.Come\u00e7a a funcionar nesta segunda-feira, dia 17, o ponto de venda oficial de ingressos para a 68\u00aa Festa do Pe\u00e3o de Barretos, no North Shopping.\" \/>\n<meta name=\"robots\" content=\"index, follow, max-snippet:-1, max-image-preview:large, max-video-preview:-1\" \/>\n<link rel=\"canonical\" href=\"https:\/\/regiaonews.net.br\/2022\/2023\/07\/17\/festa-do-peao-de-barretos-tem-ponto-de-venda-de-ingressos-no-north-shopping\/\" \/>\n<meta property=\"og:locale\" content=\"pt_BR\" \/>\n<meta property=\"og:type\" content=\"article\" \/>\n<meta property=\"og:title\" content=\"Festa do Pe\u00e3o de Barretos tem ponto de venda de ingressos\" \/>\n<meta property=\"og:description\" content=\"Come\u00e7a a funcionar nesta segunda-feira, dia 17, o ponto de venda oficial de ingressos para a 68\u00aa Festa do Pe\u00e3o de Barretos, no North Shopping.Come\u00e7a a funcionar nesta segunda-feira, dia 17, o ponto de venda oficial de ingressos para a 68\u00aa Festa do Pe\u00e3o de Barretos, no North Shopping.\" \/>\n<meta property=\"og:url\" content=\"https:\/\/regiaonews.net.br\/2022\/2023\/07\/17\/festa-do-peao-de-barretos-tem-ponto-de-venda-de-ingressos-no-north-shopping\/\" \/>\n<meta property=\"og:site_name\" content=\"Regi\u00e3o News\" \/>\n<meta property=\"article:published_time\" content=\"2023-07-17T22:34:45+00:00\" \/>\n<meta property=\"article:modified_time\" content=\"2023-07-17T23:23:23+00:00\" \/>\n<meta property=\"og:image\" content=\"https:\/\/regiaonews.net.br\/2022\/wp-content\/uploads\/2023\/07\/WhatsApp-Image-2023-07-17-at-18.52.56.jpeg\" \/>\n\t<meta property=\"og:image:width\" content=\"800\" \/>\n\t<meta property=\"og:image:height\" content=\"450\" \/>\n\t<meta property=\"og:image:type\" content=\"image\/jpeg\" \/>\n<meta name=\"author\" content=\"Roberto\" \/>\n<meta name=\"twitter:card\" content=\"summary_large_image\" \/>\n<meta name=\"twitter:label1\" content=\"Escrito por\" \/>\n\t<meta name=\"twitter:data1\" content=\"Roberto\" \/>\n\t<meta name=\"twitter:label2\" content=\"Est. tempo de leitura\" \/>\n\t<meta name=\"twitter:data2\" content=\"1 minuto\" \/>\n<script type=\"application\/ld+json\" class=\"yoast-schema-graph\">{\"@context\":\"https:\\\/\\\/schema.org\",\"@graph\":[{\"@type\":\"Article\",\"@id\":\"https:\\\/\\\/regiaonews.net.br\\\/2022\\\/2023\\\/07\\\/17\\\/festa-do-peao-de-barretos-tem-ponto-de-venda-de-ingressos-no-north-shopping\\\/#article\",\"isPartOf\":{\"@id\":\"https:\\\/\\\/regiaonews.net.br\\\/2022\\\/2023\\\/07\\\/17\\\/festa-do-peao-de-barretos-tem-ponto-de-venda-de-ingressos-no-north-shopping\\\/\"},\"author\":{\"name\":\"Roberto\",\"@id\":\"https:\\\/\\\/regiaonews.net.br\\\/2022\\\/#\\\/schema\\\/person\\\/2d205a608a5aa97ac279d7a5e6d89ad8\"},\"headline\":\"Festa do Pe\u00e3o de Barretos tem ponto de venda de ingressos no North Shopping\",\"datePublished\":\"2023-07-17T22:34:45+00:00\",\"dateModified\":\"2023-07-17T23:23:23+00:00\",\"mainEntityOfPage\":{\"@id\":\"https:\\\/\\\/regiaonews.net.br\\\/2022\\\/2023\\\/07\\\/17\\\/festa-do-peao-de-barretos-tem-ponto-de-venda-de-ingressos-no-north-shopping\\\/\"},\"wordCount\":157,\"commentCount\":0,\"publisher\":{\"@id\":\"https:\\\/\\\/regiaonews.net.br\\\/2022\\\/#organization\"},\"image\":{\"@id\":\"https:\\\/\\\/regiaonews.net.br\\\/2022\\\/2023\\\/07\\\/17\\\/festa-do-peao-de-barretos-tem-ponto-de-venda-de-ingressos-no-north-shopping\\\/#primaryimage\"},\"thumbnailUrl\":\"https:\\\/\\\/regiaonews.net.br\\\/2022\\\/wp-content\\\/uploads\\\/2023\\\/07\\\/WhatsApp-Image-2023-07-17-at-18.52.56.jpeg\",\"articleSection\":[\"Barretos\",\"Festa do Pe\u00e3o\"],\"inLanguage\":\"pt-BR\",\"potentialAction\":[{\"@type\":\"CommentAction\",\"name\":\"Comment\",\"target\":[\"https:\\\/\\\/regiaonews.net.br\\\/2022\\\/2023\\\/07\\\/17\\\/festa-do-peao-de-barretos-tem-ponto-de-venda-de-ingressos-no-north-shopping\\\/#respond\"]}]},{\"@type\":\"WebPage\",\"@id\":\"https:\\\/\\\/regiaonews.net.br\\\/2022\\\/2023\\\/07\\\/17\\\/festa-do-peao-de-barretos-tem-ponto-de-venda-de-ingressos-no-north-shopping\\\/\",\"url\":\"https:\\\/\\\/regiaonews.net.br\\\/2022\\\/2023\\\/07\\\/17\\\/festa-do-peao-de-barretos-tem-ponto-de-venda-de-ingressos-no-north-shopping\\\/\",\"name\":\"Festa do Pe\u00e3o de Barretos tem ponto de venda de ingressos\",\"isPartOf\":{\"@id\":\"https:\\\/\\\/regiaonews.net.br\\\/2022\\\/#website\"},\"primaryImageOfPage\":{\"@id\":\"https:\\\/\\\/regiaonews.net.br\\\/2022\\\/2023\\\/07\\\/17\\\/festa-do-peao-de-barretos-tem-ponto-de-venda-de-ingressos-no-north-shopping\\\/#primaryimage\"},\"image\":{\"@id\":\"https:\\\/\\\/regiaonews.net.br\\\/2022\\\/2023\\\/07\\\/17\\\/festa-do-peao-de-barretos-tem-ponto-de-venda-de-ingressos-no-north-shopping\\\/#primaryimage\"},\"thumbnailUrl\":\"https:\\\/\\\/regiaonews.net.br\\\/2022\\\/wp-content\\\/uploads\\\/2023\\\/07\\\/WhatsApp-Image-2023-07-17-at-18.52.56.jpeg\",\"datePublished\":\"2023-07-17T22:34:45+00:00\",\"dateModified\":\"2023-07-17T23:23:23+00:00\",\"description\":\"Come\u00e7a a funcionar nesta segunda-feira, dia 17, o ponto de venda oficial de ingressos para a 68\u00aa Festa do Pe\u00e3o de Barretos, no North Shopping.Come\u00e7a a funcionar nesta segunda-feira, dia 17, o ponto de venda oficial de ingressos para a 68\u00aa Festa do Pe\u00e3o de Barretos, no North Shopping.\",\"breadcrumb\":{\"@id\":\"https:\\\/\\\/regiaonews.net.br\\\/2022\\\/2023\\\/07\\\/17\\\/festa-do-peao-de-barretos-tem-ponto-de-venda-de-ingressos-no-north-shopping\\\/#breadcrumb\"},\"inLanguage\":\"pt-BR\",\"potentialAction\":[{\"@type\":\"ReadAction\",\"target\":[\"https:\\\/\\\/regiaonews.net.br\\\/2022\\\/2023\\\/07\\\/17\\\/festa-do-peao-de-barretos-tem-ponto-de-venda-de-ingressos-no-north-shopping\\\/\"]}]},{\"@type\":\"ImageObject\",\"inLanguage\":\"pt-BR\",\"@id\":\"https:\\\/\\\/regiaonews.net.br\\\/2022\\\/2023\\\/07\\\/17\\\/festa-do-peao-de-barretos-tem-ponto-de-venda-de-ingressos-no-north-shopping\\\/#primaryimage\",\"url\":\"https:\\\/\\\/regiaonews.net.br\\\/2022\\\/wp-content\\\/uploads\\\/2023\\\/07\\\/WhatsApp-Image-2023-07-17-at-18.52.56.jpeg\",\"contentUrl\":\"https:\\\/\\\/regiaonews.net.br\\\/2022\\\/wp-content\\\/uploads\\\/2023\\\/07\\\/WhatsApp-Image-2023-07-17-at-18.52.56.jpeg\",\"width\":800,\"height\":450},{\"@type\":\"BreadcrumbList\",\"@id\":\"https:\\\/\\\/regiaonews.net.br\\\/2022\\\/2023\\\/07\\\/17\\\/festa-do-peao-de-barretos-tem-ponto-de-venda-de-ingressos-no-north-shopping\\\/#breadcrumb\",\"itemListElement\":[{\"@type\":\"ListItem\",\"position\":1,\"name\":\"In\u00edcio\",\"item\":\"https:\\\/\\\/regiaonews.net.br\\\/2022\\\/\"},{\"@type\":\"ListItem\",\"position\":2,\"name\":\"Festa do Pe\u00e3o de Barretos tem ponto de venda de ingressos no North Shopping\"}]},{\"@type\":\"WebSite\",\"@id\":\"https:\\\/\\\/regiaonews.net.br\\\/2022\\\/#website\",\"url\":\"https:\\\/\\\/regiaonews.net.br\\\/2022\\\/\",\"name\":\"Regi\u00e3o News\",\"description\":\"Site de Not\u00edcias de Barretos e regi\u00e3o\",\"publisher\":{\"@id\":\"https:\\\/\\\/regiaonews.net.br\\\/2022\\\/#organization\"},\"potentialAction\":[{\"@type\":\"SearchAction\",\"target\":{\"@type\":\"EntryPoint\",\"urlTemplate\":\"https:\\\/\\\/regiaonews.net.br\\\/2022\\\/?s={search_term_string}\"},\"query-input\":{\"@type\":\"PropertyValueSpecification\",\"valueRequired\":true,\"valueName\":\"search_term_string\"}}],\"inLanguage\":\"pt-BR\"},{\"@type\":\"Organization\",\"@id\":\"https:\\\/\\\/regiaonews.net.br\\\/2022\\\/#organization\",\"name\":\"Regi\u00e3o News\",\"url\":\"https:\\\/\\\/regiaonews.net.br\\\/2022\\\/\",\"logo\":{\"@type\":\"ImageObject\",\"inLanguage\":\"pt-BR\",\"@id\":\"https:\\\/\\\/regiaonews.net.br\\\/2022\\\/#\\\/schema\\\/logo\\\/image\\\/\",\"url\":\"https:\\\/\\\/regiaonews.net.br\\\/2022\\\/wp-content\\\/uploads\\\/2026\\\/03\\\/regiao-13-anos-scaled.jpg\",\"contentUrl\":\"https:\\\/\\\/regiaonews.net.br\\\/2022\\\/wp-content\\\/uploads\\\/2026\\\/03\\\/regiao-13-anos-scaled.jpg\",\"width\":2560,\"height\":635,\"caption\":\"Regi\u00e3o News\"},\"image\":{\"@id\":\"https:\\\/\\\/regiaonews.net.br\\\/2022\\\/#\\\/schema\\\/logo\\\/image\\\/\"}},{\"@type\":\"Person\",\"@id\":\"https:\\\/\\\/regiaonews.net.br\\\/2022\\\/#\\\/schema\\\/person\\\/2d205a608a5aa97ac279d7a5e6d89ad8\",\"name\":\"Roberto\",\"image\":{\"@type\":\"ImageObject\",\"inLanguage\":\"pt-BR\",\"@id\":\"https:\\\/\\\/secure.gravatar.com\\\/avatar\\\/42749d8b712ff9d59ca93dc150494e5b55a44134482993f5baeb97e61b7ecc89?s=96&d=mm&r=g\",\"url\":\"https:\\\/\\\/secure.gravatar.com\\\/avatar\\\/42749d8b712ff9d59ca93dc150494e5b55a44134482993f5baeb97e61b7ecc89?s=96&d=mm&r=g\",\"contentUrl\":\"https:\\\/\\\/secure.gravatar.com\\\/avatar\\\/42749d8b712ff9d59ca93dc150494e5b55a44134482993f5baeb97e61b7ecc89?s=96&d=mm&r=g\",\"caption\":\"Roberto\"},\"url\":\"https:\\\/\\\/regiaonews.net.br\\\/2022\\\/author\\\/roberto\\\/\"}]}<\/script>\n<!-- \/ Yoast SEO plugin. -->","yoast_head_json":{"title":"Festa do Pe\u00e3o de Barretos tem ponto de venda de ingressos","description":"Come\u00e7a a funcionar nesta segunda-feira, dia 17, o ponto de venda oficial de ingressos para a 68\u00aa Festa do Pe\u00e3o de Barretos, no North Shopping.Come\u00e7a a funcionar nesta segunda-feira, dia 17, o ponto de venda oficial de ingressos para a 68\u00aa Festa do Pe\u00e3o de Barretos, no North Shopping.","robots":{"index":"index","follow":"follow","max-snippet":"max-snippet:-1","max-image-preview":"max-image-preview:large","max-video-preview":"max-video-preview:-1"},"canonical":"https:\/\/regiaonews.net.br\/2022\/2023\/07\/17\/festa-do-peao-de-barretos-tem-ponto-de-venda-de-ingressos-no-north-shopping\/","og_locale":"pt_BR","og_type":"article","og_title":"Festa do Pe\u00e3o de Barretos tem ponto de venda de ingressos","og_description":"Come\u00e7a a funcionar nesta segunda-feira, dia 17, o ponto de venda oficial de ingressos para a 68\u00aa Festa do Pe\u00e3o de Barretos, no North Shopping.Come\u00e7a a funcionar nesta segunda-feira, dia 17, o ponto de venda oficial de ingressos para a 68\u00aa Festa do Pe\u00e3o de Barretos, no North Shopping.","og_url":"https:\/\/regiaonews.net.br\/2022\/2023\/07\/17\/festa-do-peao-de-barretos-tem-ponto-de-venda-de-ingressos-no-north-shopping\/","og_site_name":"Regi\u00e3o News","article_published_time":"2023-07-17T22:34:45+00:00","article_modified_time":"2023-07-17T23:23:23+00:00","og_image":[{"width":800,"height":450,"url":"https:\/\/regiaonews.net.br\/2022\/wp-content\/uploads\/2023\/07\/WhatsApp-Image-2023-07-17-at-18.52.56.jpeg","type":"image\/jpeg"}],"author":"Roberto","twitter_card":"summary_large_image","twitter_misc":{"Escrito por":"Roberto","Est. tempo de leitura":"1 minuto"},"schema":{"@context":"https:\/\/schema.org","@graph":[{"@type":"Article","@id":"https:\/\/regiaonews.net.br\/2022\/2023\/07\/17\/festa-do-peao-de-barretos-tem-ponto-de-venda-de-ingressos-no-north-shopping\/#article","isPartOf":{"@id":"https:\/\/regiaonews.net.br\/2022\/2023\/07\/17\/festa-do-peao-de-barretos-tem-ponto-de-venda-de-ingressos-no-north-shopping\/"},"author":{"name":"Roberto","@id":"https:\/\/regiaonews.net.br\/2022\/#\/schema\/person\/2d205a608a5aa97ac279d7a5e6d89ad8"},"headline":"Festa do Pe\u00e3o de Barretos tem ponto de venda de ingressos no North Shopping","datePublished":"2023-07-17T22:34:45+00:00","dateModified":"2023-07-17T23:23:23+00:00","mainEntityOfPage":{"@id":"https:\/\/regiaonews.net.br\/2022\/2023\/07\/17\/festa-do-peao-de-barretos-tem-ponto-de-venda-de-ingressos-no-north-shopping\/"},"wordCount":157,"commentCount":0,"publisher":{"@id":"https:\/\/regiaonews.net.br\/2022\/#organization"},"image":{"@id":"https:\/\/regiaonews.net.br\/2022\/2023\/07\/17\/festa-do-peao-de-barretos-tem-ponto-de-venda-de-ingressos-no-north-shopping\/#primaryimage"},"thumbnailUrl":"https:\/\/regiaonews.net.br\/2022\/wp-content\/uploads\/2023\/07\/WhatsApp-Image-2023-07-17-at-18.52.56.jpeg","articleSection":["Barretos","Festa do Pe\u00e3o"],"inLanguage":"pt-BR","potentialAction":[{"@type":"CommentAction","name":"Comment","target":["https:\/\/regiaonews.net.br\/2022\/2023\/07\/17\/festa-do-peao-de-barretos-tem-ponto-de-venda-de-ingressos-no-north-shopping\/#respond"]}]},{"@type":"WebPage","@id":"https:\/\/regiaonews.net.br\/2022\/2023\/07\/17\/festa-do-peao-de-barretos-tem-ponto-de-venda-de-ingressos-no-north-shopping\/","url":"https:\/\/regiaonews.net.br\/2022\/2023\/07\/17\/festa-do-peao-de-barretos-tem-ponto-de-venda-de-ingressos-no-north-shopping\/","name":"Festa do Pe\u00e3o de Barretos tem ponto de venda de ingressos","isPartOf":{"@id":"https:\/\/regiaonews.net.br\/2022\/#website"},"primaryImageOfPage":{"@id":"https:\/\/regiaonews.net.br\/2022\/2023\/07\/17\/festa-do-peao-de-barretos-tem-ponto-de-venda-de-ingressos-no-north-shopping\/#primaryimage"},"image":{"@id":"https:\/\/regiaonews.net.br\/2022\/2023\/07\/17\/festa-do-peao-de-barretos-tem-ponto-de-venda-de-ingressos-no-north-shopping\/#primaryimage"},"thumbnailUrl":"https:\/\/regiaonews.net.br\/2022\/wp-content\/uploads\/2023\/07\/WhatsApp-Image-2023-07-17-at-18.52.56.jpeg","datePublished":"2023-07-17T22:34:45+00:00","dateModified":"2023-07-17T23:23:23+00:00","description":"Come\u00e7a a funcionar nesta segunda-feira, dia 17, o ponto de venda oficial de ingressos para a 68\u00aa Festa do Pe\u00e3o de Barretos, no North Shopping.Come\u00e7a a funcionar nesta segunda-feira, dia 17, o ponto de venda oficial de ingressos para a 68\u00aa Festa do Pe\u00e3o de Barretos, no North Shopping.","breadcrumb":{"@id":"https:\/\/regiaonews.net.br\/2022\/2023\/07\/17\/festa-do-peao-de-barretos-tem-ponto-de-venda-de-ingressos-no-north-shopping\/#breadcrumb"},"inLanguage":"pt-BR","potentialAction":[{"@type":"ReadAction","target":["https:\/\/regiaonews.net.br\/2022\/2023\/07\/17\/festa-do-peao-de-barretos-tem-ponto-de-venda-de-ingressos-no-north-shopping\/"]}]},{"@type":"ImageObject","inLanguage":"pt-BR","@id":"https:\/\/regiaonews.net.br\/2022\/2023\/07\/17\/festa-do-peao-de-barretos-tem-ponto-de-venda-de-ingressos-no-north-shopping\/#primaryimage","url":"https:\/\/regiaonews.net.br\/2022\/wp-content\/uploads\/2023\/07\/WhatsApp-Image-2023-07-17-at-18.52.56.jpeg","contentUrl":"https:\/\/regiaonews.net.br\/2022\/wp-content\/uploads\/2023\/07\/WhatsApp-Image-2023-07-17-at-18.52.56.jpeg","width":800,"height":450},{"@type":"BreadcrumbList","@id":"https:\/\/regiaonews.net.br\/2022\/2023\/07\/17\/festa-do-peao-de-barretos-tem-ponto-de-venda-de-ingressos-no-north-shopping\/#breadcrumb","itemListElement":[{"@type":"ListItem","position":1,"name":"In\u00edcio","item":"https:\/\/regiaonews.net.br\/2022\/"},{"@type":"ListItem","position":2,"name":"Festa do Pe\u00e3o de Barretos tem ponto de venda de ingressos no North Shopping"}]},{"@type":"WebSite","@id":"https:\/\/regiaonews.net.br\/2022\/#website","url":"https:\/\/regiaonews.net.br\/2022\/","name":"Regi\u00e3o News","description":"Site de Not\u00edcias de Barretos e regi\u00e3o","publisher":{"@id":"https:\/\/regiaonews.net.br\/2022\/#organization"},"potentialAction":[{"@type":"SearchAction","target":{"@type":"EntryPoint","urlTemplate":"https:\/\/regiaonews.net.br\/2022\/?s={search_term_string}"},"query-input":{"@type":"PropertyValueSpecification","valueRequired":true,"valueName":"search_term_string"}}],"inLanguage":"pt-BR"},{"@type":"Organization","@id":"https:\/\/regiaonews.net.br\/2022\/#organization","name":"Regi\u00e3o News","url":"https:\/\/regiaonews.net.br\/2022\/","logo":{"@type":"ImageObject","inLanguage":"pt-BR","@id":"https:\/\/regiaonews.net.br\/2022\/#\/schema\/logo\/image\/","url":"https:\/\/regiaonews.net.br\/2022\/wp-content\/uploads\/2026\/03\/regiao-13-anos-scaled.jpg","contentUrl":"https:\/\/regiaonews.net.br\/2022\/wp-content\/uploads\/2026\/03\/regiao-13-anos-scaled.jpg","width":2560,"height":635,"caption":"Regi\u00e3o News"},"image":{"@id":"https:\/\/regiaonews.net.br\/2022\/#\/schema\/logo\/image\/"}},{"@type":"Person","@id":"https:\/\/regiaonews.net.br\/2022\/#\/schema\/person\/2d205a608a5aa97ac279d7a5e6d89ad8","name":"Roberto","image":{"@type":"ImageObject","inLanguage":"pt-BR","@id":"https:\/\/secure.gravatar.com\/avatar\/42749d8b712ff9d59ca93dc150494e5b55a44134482993f5baeb97e61b7ecc89?s=96&d=mm&r=g","url":"https:\/\/secure.gravatar.com\/avatar\/42749d8b712ff9d59ca93dc150494e5b55a44134482993f5baeb97e61b7ecc89?s=96&d=mm&r=g","contentUrl":"https:\/\/secure.gravatar.com\/avatar\/42749d8b712ff9d59ca93dc150494e5b55a44134482993f5baeb97e61b7ecc89?s=96&d=mm&r=g","caption":"Roberto"},"url":"https:\/\/regiaonews.net.br\/2022\/author\/roberto\/"}]}},"publishpress_future_action":{"enabled":false,"date":"2026-05-04 10:39:34","action":"change-status","newStatus":"draft","terms":[],"taxonomy":"category","extraData":[]},"publishpress_future_workflow_manual_trigger":{"enabledWorkflows":[]},"_links":{"self":[{"href":"https:\/\/regiaonews.net.br\/2022\/wp-json\/wp\/v2\/posts\/91813","targetHints":{"allow":["GET"]}}],"collection":[{"href":"https:\/\/regiaonews.net.br\/2022\/wp-json\/wp\/v2\/posts"}],"about":[{"href":"https:\/\/regiaonews.net.br\/2022\/wp-json\/wp\/v2\/types\/post"}],"author":[{"embeddable":true,"href":"https:\/\/regiaonews.net.br\/2022\/wp-json\/wp\/v2\/users\/2"}],"replies":[{"embeddable":true,"href":"https:\/\/regiaonews.net.br\/2022\/wp-json\/wp\/v2\/comments?post=91813"}],"version-history":[{"count":2,"href":"https:\/\/regiaonews.net.br\/2022\/wp-json\/wp\/v2\/posts\/91813\/revisions"}],"predecessor-version":[{"id":91816,"href":"https:\/\/regiaonews.net.br\/2022\/wp-json\/wp\/v2\/posts\/91813\/revisions\/91816"}],"wp:featuredmedia":[{"embeddable":true,"href":"https:\/\/regiaonews.net.br\/2022\/wp-json\/wp\/v2\/media\/91814"}],"wp:attachment":[{"href":"https:\/\/regiaonews.net.br\/2022\/wp-json\/wp\/v2\/media?parent=91813"}],"wp:term":[{"taxonomy":"category","embeddable":true,"href":"https:\/\/regiaonews.net.br\/2022\/wp-json\/wp\/v2\/categories?post=91813"},{"taxonomy":"post_tag","embeddable":true,"href":"https:\/\/regiaonews.net.br\/2022\/wp-json\/wp\/v2\/tags?post=91813"}],"curies":[{"name":"wp","href":"https:\/\/api.w.org\/{rel}","templated":true}]}}