{"id":91803,"date":"2023-07-17T17:31:31","date_gmt":"2023-07-17T20:31:31","guid":{"rendered":"https:\/\/regiaonews.net.br\/2022\/?p=91803"},"modified":"2023-07-17T17:31:31","modified_gmt":"2023-07-17T20:31:31","slug":"65o-jogos-regionais-2023-barretos-e-a-quinta-melhor-cidade-na-competicao-em-pontuacao-parcial","status":"publish","type":"post","link":"https:\/\/regiaonews.net.br\/2022\/2023\/07\/17\/65o-jogos-regionais-2023-barretos-e-a-quinta-melhor-cidade-na-competicao-em-pontuacao-parcial\/","title":{"rendered":"65\u00ba Jogos Regionais 2023: Barretos \u00e9 a quinta melhor cidade na competi\u00e7\u00e3o em pontua\u00e7\u00e3o parcial"},"content":{"rendered":"<h3 style=\"text-align: center;\">Atletas barretenses se destacaram no primeiro final de semana no atletismo, capoeira, karat\u00ea e basquete.<\/h3>\n<p>As disputas esportivas da 65\u00aa edi\u00e7\u00e3o dos Jogos Regionais s\u00e3o realizadas desde sexta-feira, 14 de julho, e os atletas da Est\u00e2ncia Tur\u00edstica de Barretos tem apresentado bom desempenho em modalidades como atletismo, capoeira, karat\u00ea e basquete, no primeiro final de semana da competi\u00e7\u00e3o. De acordo com boletim oficial n\u00b04, divulgado no domingo (16), a cidade ocupa a quinta coloca\u00e7\u00e3o na pontua\u00e7\u00e3o parcial.<br \/>\nNo atletismo feminino, Juliana Aparecida dos Santos conquistou ouro nos 200m e nos 100m rasos. O ouro tamb\u00e9m veio no revezamento 4&#215;400, com a equipe formada pelas atletas Julia Alves Claudino, Luana Colichio Gonzales, Fabr\u00edcia Aparecida In\u00e1cio e Juliana Aparecida dos Santos. Na pontua\u00e7\u00e3o final, Barretos ficou na 5\u00aa coloca\u00e7\u00e3o.<br \/>\nOs barretenses tamb\u00e9m fizeram bonito na capoeira, categoria peso m\u00e9dio, com ouro no feminino, com Fabr\u00edcia Aparecida In\u00e1cio Pereira, e bronze no masculino, com Kaynan Lenzing Barbosa. No geral, Barretos terminou em 3\u00b0 no masculino e 5\u00b0 no feminino.<br \/>\nNo karat\u00ea masculino, a cidade conquistou o 3\u00b0 lugar geral. Marcos Vinicius Machado ficou com a primeira coloca\u00e7\u00e3o na categoria kumite adulto masculino 60 a 67 kg; Reginaldo Lorides Damiao foi bronze no kumite adulto masculino + 84 kg; Raul Bryan Luca Rocha foi prata no kumite adulto masculino absoluto; no kumite adulto masculino equipe, Barretos ficou com o 2\u00b0 lugar.<br \/>\nEm um jogo eletrizante e bastante disputado, o time feminino de Basquete derrotou o Franca por 49 a 46 e conquistou o ouro. Os jogos seguem at\u00e9 o dia 23 e a programa\u00e7\u00e3o completa e os boletins di\u00e1rios podem ser consultados pelo site https:\/\/esporte.barretos.sp.gov.br\/jogos-regionais.<br \/>\nCerim\u00f4nia de Abertura<br \/>\nA Cerim\u00f4nia Oficial de Abertura da 65\u00aa edi\u00e7\u00e3o dos Jogos Regionais foi realizada na sexta-feira (14), no gin\u00e1sio do Complexo Poliesportivo Jo\u00e3o Batista da Rocha, o Roch\u00e3o, com participa\u00e7\u00e3o das 58 delega\u00e7\u00f5es participantes e da Secret\u00e1ria Estadual de Esportes, Helena dos Santos Reis. O momento especial foi marcado pelo tradicional desfile de apresenta\u00e7\u00e3o dos atletas, seguido do acendimento da pira ol\u00edmpica, pelo arbitro de futebol e futsal de Barretos, Sr. Benedito God\u00eancio de Faria.<br \/>\nRepresentando a prefeita Paula Lemos, a secret\u00e1ria municipal de Agricultura e Meio Ambiente, Gra\u00e7a Lemos, deu as boas vindas aos participantes e desejou sucesso para os atletas. \u201cQuero dizer que todos voc\u00eas s\u00e3o bem vindos a esta cidade para estes jogos. De modo especial eu trago o abra\u00e7o da prefeita para os esportistas de Barretos, para estes jovens barretenses. A nossa prefeita acredita no esporte para a transforma\u00e7\u00e3o, principalmente para os jovens. O esporte \u00e9 sa\u00fade, n\u00e3o s\u00f3 f\u00edsica, mas emocional. O esporte ajuda na disciplina, na concentra\u00e7\u00e3o, no foco e na forma\u00e7\u00e3o de pessoas que, com certeza, ser\u00e3o cidad\u00e3os de sucesso\u201d, disse.<br \/>\nTony Vieira Carvalho, secret\u00e1rio municipal de Esportes e Lazer, agradeceu a equipe da SMEL pelo empenho na realiza\u00e7\u00e3o dos jogos e falou das conquistas na \u00e1rea esportiva durante esta gest\u00e3o. \u201cA gente vem fazendo um trabalho muito grande. Em menos de tr\u00eas anos de gest\u00e3o conseguimos trazer grandes eventos como a Copa S\u00e3o Paulo de Futebol Junior, os JOMI e agora os Jogos Regionais\u201d, disse.<br \/>\nA secret\u00e1ria estadual de Esportes, Helena Reis, saudou os atletas, agradeceu a equipe organizadora e declarou abertos os jogos. \u201cSenhora Gra\u00e7a Lemos, quero em seu nome cumprimentar a nossa prefeita Paula Lemos, que se empenhou ao m\u00e1ximo para que este grande evento estivesse se concretizando a partir de hoje\u201d, disse. \u201cMinha gratid\u00e3o ao munic\u00edpio de Barretos por aceitar esse grande desafio e realizar os nossos jogos regionais com toda essa qualidade\u201d, completou.<\/p>\n<p>Fotos: Andr\u00e9 Monteiro e divulga\u00e7\u00e3o<\/p>\n","protected":false},"excerpt":{"rendered":"<p>Atletas barretenses se destacaram no primeiro final de semana no<\/p>\n","protected":false},"author":2,"featured_media":91804,"comment_status":"open","ping_status":"open","sticky":false,"template":"","format":"standard","meta":{"footnotes":""},"categories":[14,21],"tags":[],"class_list":["post-91803","post","type-post","status-publish","format-standard","has-post-thumbnail","hentry","category-barretos","category-esporte"],"yoast_head":"<!-- This site is optimized with the Yoast SEO plugin v27.4 - https:\/\/yoast.com\/product\/yoast-seo-wordpress\/ -->\n<title>65\u00ba Jogos Regionais 2023: Barretos \u00e9 a quinta melhor cidade na competi\u00e7\u00e3o em pontua\u00e7\u00e3o parcial - Regi\u00e3o News<\/title>\n<meta name=\"robots\" content=\"index, follow, max-snippet:-1, max-image-preview:large, max-video-preview:-1\" \/>\n<link rel=\"canonical\" href=\"https:\/\/regiaonews.net.br\/2022\/2023\/07\/17\/65o-jogos-regionais-2023-barretos-e-a-quinta-melhor-cidade-na-competicao-em-pontuacao-parcial\/\" \/>\n<meta property=\"og:locale\" content=\"pt_BR\" \/>\n<meta property=\"og:type\" content=\"article\" \/>\n<meta property=\"og:title\" content=\"65\u00ba Jogos Regionais 2023: Barretos \u00e9 a quinta melhor cidade na competi\u00e7\u00e3o em pontua\u00e7\u00e3o parcial - Regi\u00e3o News\" \/>\n<meta property=\"og:description\" content=\"Atletas barretenses se destacaram no primeiro final de semana no\" \/>\n<meta property=\"og:url\" content=\"https:\/\/regiaonews.net.br\/2022\/2023\/07\/17\/65o-jogos-regionais-2023-barretos-e-a-quinta-melhor-cidade-na-competicao-em-pontuacao-parcial\/\" \/>\n<meta property=\"og:site_name\" content=\"Regi\u00e3o News\" \/>\n<meta property=\"article:published_time\" content=\"2023-07-17T20:31:31+00:00\" \/>\n<meta property=\"og:image\" content=\"https:\/\/regiaonews.net.br\/2022\/wp-content\/uploads\/2023\/07\/Imagem-do-WhatsApp-de-2023-07-17-as-16.41.17.jpg\" \/>\n\t<meta property=\"og:image:width\" content=\"768\" \/>\n\t<meta property=\"og:image:height\" content=\"1024\" \/>\n\t<meta property=\"og:image:type\" content=\"image\/jpeg\" \/>\n<meta name=\"author\" content=\"Roberto\" \/>\n<meta name=\"twitter:card\" content=\"summary_large_image\" \/>\n<meta name=\"twitter:label1\" content=\"Escrito por\" \/>\n\t<meta name=\"twitter:data1\" content=\"Roberto\" \/>\n\t<meta name=\"twitter:label2\" content=\"Est. tempo de leitura\" \/>\n\t<meta name=\"twitter:data2\" content=\"4 minutos\" \/>\n<script type=\"application\/ld+json\" class=\"yoast-schema-graph\">{\"@context\":\"https:\\\/\\\/schema.org\",\"@graph\":[{\"@type\":\"Article\",\"@id\":\"https:\\\/\\\/regiaonews.net.br\\\/2022\\\/2023\\\/07\\\/17\\\/65o-jogos-regionais-2023-barretos-e-a-quinta-melhor-cidade-na-competicao-em-pontuacao-parcial\\\/#article\",\"isPartOf\":{\"@id\":\"https:\\\/\\\/regiaonews.net.br\\\/2022\\\/2023\\\/07\\\/17\\\/65o-jogos-regionais-2023-barretos-e-a-quinta-melhor-cidade-na-competicao-em-pontuacao-parcial\\\/\"},\"author\":{\"name\":\"Roberto\",\"@id\":\"https:\\\/\\\/regiaonews.net.br\\\/2022\\\/#\\\/schema\\\/person\\\/2d205a608a5aa97ac279d7a5e6d89ad8\"},\"headline\":\"65\u00ba Jogos Regionais 2023: Barretos \u00e9 a quinta melhor cidade na competi\u00e7\u00e3o em pontua\u00e7\u00e3o parcial\",\"datePublished\":\"2023-07-17T20:31:31+00:00\",\"mainEntityOfPage\":{\"@id\":\"https:\\\/\\\/regiaonews.net.br\\\/2022\\\/2023\\\/07\\\/17\\\/65o-jogos-regionais-2023-barretos-e-a-quinta-melhor-cidade-na-competicao-em-pontuacao-parcial\\\/\"},\"wordCount\":650,\"commentCount\":0,\"publisher\":{\"@id\":\"https:\\\/\\\/regiaonews.net.br\\\/2022\\\/#organization\"},\"image\":{\"@id\":\"https:\\\/\\\/regiaonews.net.br\\\/2022\\\/2023\\\/07\\\/17\\\/65o-jogos-regionais-2023-barretos-e-a-quinta-melhor-cidade-na-competicao-em-pontuacao-parcial\\\/#primaryimage\"},\"thumbnailUrl\":\"https:\\\/\\\/regiaonews.net.br\\\/2022\\\/wp-content\\\/uploads\\\/2023\\\/07\\\/Imagem-do-WhatsApp-de-2023-07-17-as-16.41.17.jpg\",\"articleSection\":[\"Barretos\",\"Esporte\"],\"inLanguage\":\"pt-BR\",\"potentialAction\":[{\"@type\":\"CommentAction\",\"name\":\"Comment\",\"target\":[\"https:\\\/\\\/regiaonews.net.br\\\/2022\\\/2023\\\/07\\\/17\\\/65o-jogos-regionais-2023-barretos-e-a-quinta-melhor-cidade-na-competicao-em-pontuacao-parcial\\\/#respond\"]}]},{\"@type\":\"WebPage\",\"@id\":\"https:\\\/\\\/regiaonews.net.br\\\/2022\\\/2023\\\/07\\\/17\\\/65o-jogos-regionais-2023-barretos-e-a-quinta-melhor-cidade-na-competicao-em-pontuacao-parcial\\\/\",\"url\":\"https:\\\/\\\/regiaonews.net.br\\\/2022\\\/2023\\\/07\\\/17\\\/65o-jogos-regionais-2023-barretos-e-a-quinta-melhor-cidade-na-competicao-em-pontuacao-parcial\\\/\",\"name\":\"65\u00ba Jogos Regionais 2023: Barretos \u00e9 a quinta melhor cidade na competi\u00e7\u00e3o em pontua\u00e7\u00e3o parcial - Regi\u00e3o News\",\"isPartOf\":{\"@id\":\"https:\\\/\\\/regiaonews.net.br\\\/2022\\\/#website\"},\"primaryImageOfPage\":{\"@id\":\"https:\\\/\\\/regiaonews.net.br\\\/2022\\\/2023\\\/07\\\/17\\\/65o-jogos-regionais-2023-barretos-e-a-quinta-melhor-cidade-na-competicao-em-pontuacao-parcial\\\/#primaryimage\"},\"image\":{\"@id\":\"https:\\\/\\\/regiaonews.net.br\\\/2022\\\/2023\\\/07\\\/17\\\/65o-jogos-regionais-2023-barretos-e-a-quinta-melhor-cidade-na-competicao-em-pontuacao-parcial\\\/#primaryimage\"},\"thumbnailUrl\":\"https:\\\/\\\/regiaonews.net.br\\\/2022\\\/wp-content\\\/uploads\\\/2023\\\/07\\\/Imagem-do-WhatsApp-de-2023-07-17-as-16.41.17.jpg\",\"datePublished\":\"2023-07-17T20:31:31+00:00\",\"breadcrumb\":{\"@id\":\"https:\\\/\\\/regiaonews.net.br\\\/2022\\\/2023\\\/07\\\/17\\\/65o-jogos-regionais-2023-barretos-e-a-quinta-melhor-cidade-na-competicao-em-pontuacao-parcial\\\/#breadcrumb\"},\"inLanguage\":\"pt-BR\",\"potentialAction\":[{\"@type\":\"ReadAction\",\"target\":[\"https:\\\/\\\/regiaonews.net.br\\\/2022\\\/2023\\\/07\\\/17\\\/65o-jogos-regionais-2023-barretos-e-a-quinta-melhor-cidade-na-competicao-em-pontuacao-parcial\\\/\"]}]},{\"@type\":\"ImageObject\",\"inLanguage\":\"pt-BR\",\"@id\":\"https:\\\/\\\/regiaonews.net.br\\\/2022\\\/2023\\\/07\\\/17\\\/65o-jogos-regionais-2023-barretos-e-a-quinta-melhor-cidade-na-competicao-em-pontuacao-parcial\\\/#primaryimage\",\"url\":\"https:\\\/\\\/regiaonews.net.br\\\/2022\\\/wp-content\\\/uploads\\\/2023\\\/07\\\/Imagem-do-WhatsApp-de-2023-07-17-as-16.41.17.jpg\",\"contentUrl\":\"https:\\\/\\\/regiaonews.net.br\\\/2022\\\/wp-content\\\/uploads\\\/2023\\\/07\\\/Imagem-do-WhatsApp-de-2023-07-17-as-16.41.17.jpg\",\"width\":768,\"height\":1024},{\"@type\":\"BreadcrumbList\",\"@id\":\"https:\\\/\\\/regiaonews.net.br\\\/2022\\\/2023\\\/07\\\/17\\\/65o-jogos-regionais-2023-barretos-e-a-quinta-melhor-cidade-na-competicao-em-pontuacao-parcial\\\/#breadcrumb\",\"itemListElement\":[{\"@type\":\"ListItem\",\"position\":1,\"name\":\"In\u00edcio\",\"item\":\"https:\\\/\\\/regiaonews.net.br\\\/2022\\\/\"},{\"@type\":\"ListItem\",\"position\":2,\"name\":\"65\u00ba Jogos Regionais 2023: Barretos \u00e9 a quinta melhor cidade na competi\u00e7\u00e3o em pontua\u00e7\u00e3o parcial\"}]},{\"@type\":\"WebSite\",\"@id\":\"https:\\\/\\\/regiaonews.net.br\\\/2022\\\/#website\",\"url\":\"https:\\\/\\\/regiaonews.net.br\\\/2022\\\/\",\"name\":\"Regi\u00e3o News\",\"description\":\"Site de Not\u00edcias de Barretos e regi\u00e3o\",\"publisher\":{\"@id\":\"https:\\\/\\\/regiaonews.net.br\\\/2022\\\/#organization\"},\"potentialAction\":[{\"@type\":\"SearchAction\",\"target\":{\"@type\":\"EntryPoint\",\"urlTemplate\":\"https:\\\/\\\/regiaonews.net.br\\\/2022\\\/?s={search_term_string}\"},\"query-input\":{\"@type\":\"PropertyValueSpecification\",\"valueRequired\":true,\"valueName\":\"search_term_string\"}}],\"inLanguage\":\"pt-BR\"},{\"@type\":\"Organization\",\"@id\":\"https:\\\/\\\/regiaonews.net.br\\\/2022\\\/#organization\",\"name\":\"Regi\u00e3o News\",\"url\":\"https:\\\/\\\/regiaonews.net.br\\\/2022\\\/\",\"logo\":{\"@type\":\"ImageObject\",\"inLanguage\":\"pt-BR\",\"@id\":\"https:\\\/\\\/regiaonews.net.br\\\/2022\\\/#\\\/schema\\\/logo\\\/image\\\/\",\"url\":\"https:\\\/\\\/regiaonews.net.br\\\/2022\\\/wp-content\\\/uploads\\\/2026\\\/03\\\/regiao-13-anos-scaled.jpg\",\"contentUrl\":\"https:\\\/\\\/regiaonews.net.br\\\/2022\\\/wp-content\\\/uploads\\\/2026\\\/03\\\/regiao-13-anos-scaled.jpg\",\"width\":2560,\"height\":635,\"caption\":\"Regi\u00e3o News\"},\"image\":{\"@id\":\"https:\\\/\\\/regiaonews.net.br\\\/2022\\\/#\\\/schema\\\/logo\\\/image\\\/\"}},{\"@type\":\"Person\",\"@id\":\"https:\\\/\\\/regiaonews.net.br\\\/2022\\\/#\\\/schema\\\/person\\\/2d205a608a5aa97ac279d7a5e6d89ad8\",\"name\":\"Roberto\",\"image\":{\"@type\":\"ImageObject\",\"inLanguage\":\"pt-BR\",\"@id\":\"https:\\\/\\\/secure.gravatar.com\\\/avatar\\\/42749d8b712ff9d59ca93dc150494e5b55a44134482993f5baeb97e61b7ecc89?s=96&d=mm&r=g\",\"url\":\"https:\\\/\\\/secure.gravatar.com\\\/avatar\\\/42749d8b712ff9d59ca93dc150494e5b55a44134482993f5baeb97e61b7ecc89?s=96&d=mm&r=g\",\"contentUrl\":\"https:\\\/\\\/secure.gravatar.com\\\/avatar\\\/42749d8b712ff9d59ca93dc150494e5b55a44134482993f5baeb97e61b7ecc89?s=96&d=mm&r=g\",\"caption\":\"Roberto\"},\"url\":\"https:\\\/\\\/regiaonews.net.br\\\/2022\\\/author\\\/roberto\\\/\"}]}<\/script>\n<!-- \/ Yoast SEO plugin. -->","yoast_head_json":{"title":"65\u00ba Jogos Regionais 2023: Barretos \u00e9 a quinta melhor cidade na competi\u00e7\u00e3o em pontua\u00e7\u00e3o parcial - Regi\u00e3o News","robots":{"index":"index","follow":"follow","max-snippet":"max-snippet:-1","max-image-preview":"max-image-preview:large","max-video-preview":"max-video-preview:-1"},"canonical":"https:\/\/regiaonews.net.br\/2022\/2023\/07\/17\/65o-jogos-regionais-2023-barretos-e-a-quinta-melhor-cidade-na-competicao-em-pontuacao-parcial\/","og_locale":"pt_BR","og_type":"article","og_title":"65\u00ba Jogos Regionais 2023: Barretos \u00e9 a quinta melhor cidade na competi\u00e7\u00e3o em pontua\u00e7\u00e3o parcial - Regi\u00e3o News","og_description":"Atletas barretenses se destacaram no primeiro final de semana no","og_url":"https:\/\/regiaonews.net.br\/2022\/2023\/07\/17\/65o-jogos-regionais-2023-barretos-e-a-quinta-melhor-cidade-na-competicao-em-pontuacao-parcial\/","og_site_name":"Regi\u00e3o News","article_published_time":"2023-07-17T20:31:31+00:00","og_image":[{"width":768,"height":1024,"url":"https:\/\/regiaonews.net.br\/2022\/wp-content\/uploads\/2023\/07\/Imagem-do-WhatsApp-de-2023-07-17-as-16.41.17.jpg","type":"image\/jpeg"}],"author":"Roberto","twitter_card":"summary_large_image","twitter_misc":{"Escrito por":"Roberto","Est. tempo de leitura":"4 minutos"},"schema":{"@context":"https:\/\/schema.org","@graph":[{"@type":"Article","@id":"https:\/\/regiaonews.net.br\/2022\/2023\/07\/17\/65o-jogos-regionais-2023-barretos-e-a-quinta-melhor-cidade-na-competicao-em-pontuacao-parcial\/#article","isPartOf":{"@id":"https:\/\/regiaonews.net.br\/2022\/2023\/07\/17\/65o-jogos-regionais-2023-barretos-e-a-quinta-melhor-cidade-na-competicao-em-pontuacao-parcial\/"},"author":{"name":"Roberto","@id":"https:\/\/regiaonews.net.br\/2022\/#\/schema\/person\/2d205a608a5aa97ac279d7a5e6d89ad8"},"headline":"65\u00ba Jogos Regionais 2023: Barretos \u00e9 a quinta melhor cidade na competi\u00e7\u00e3o em pontua\u00e7\u00e3o parcial","datePublished":"2023-07-17T20:31:31+00:00","mainEntityOfPage":{"@id":"https:\/\/regiaonews.net.br\/2022\/2023\/07\/17\/65o-jogos-regionais-2023-barretos-e-a-quinta-melhor-cidade-na-competicao-em-pontuacao-parcial\/"},"wordCount":650,"commentCount":0,"publisher":{"@id":"https:\/\/regiaonews.net.br\/2022\/#organization"},"image":{"@id":"https:\/\/regiaonews.net.br\/2022\/2023\/07\/17\/65o-jogos-regionais-2023-barretos-e-a-quinta-melhor-cidade-na-competicao-em-pontuacao-parcial\/#primaryimage"},"thumbnailUrl":"https:\/\/regiaonews.net.br\/2022\/wp-content\/uploads\/2023\/07\/Imagem-do-WhatsApp-de-2023-07-17-as-16.41.17.jpg","articleSection":["Barretos","Esporte"],"inLanguage":"pt-BR","potentialAction":[{"@type":"CommentAction","name":"Comment","target":["https:\/\/regiaonews.net.br\/2022\/2023\/07\/17\/65o-jogos-regionais-2023-barretos-e-a-quinta-melhor-cidade-na-competicao-em-pontuacao-parcial\/#respond"]}]},{"@type":"WebPage","@id":"https:\/\/regiaonews.net.br\/2022\/2023\/07\/17\/65o-jogos-regionais-2023-barretos-e-a-quinta-melhor-cidade-na-competicao-em-pontuacao-parcial\/","url":"https:\/\/regiaonews.net.br\/2022\/2023\/07\/17\/65o-jogos-regionais-2023-barretos-e-a-quinta-melhor-cidade-na-competicao-em-pontuacao-parcial\/","name":"65\u00ba Jogos Regionais 2023: Barretos \u00e9 a quinta melhor cidade na competi\u00e7\u00e3o em pontua\u00e7\u00e3o parcial - Regi\u00e3o News","isPartOf":{"@id":"https:\/\/regiaonews.net.br\/2022\/#website"},"primaryImageOfPage":{"@id":"https:\/\/regiaonews.net.br\/2022\/2023\/07\/17\/65o-jogos-regionais-2023-barretos-e-a-quinta-melhor-cidade-na-competicao-em-pontuacao-parcial\/#primaryimage"},"image":{"@id":"https:\/\/regiaonews.net.br\/2022\/2023\/07\/17\/65o-jogos-regionais-2023-barretos-e-a-quinta-melhor-cidade-na-competicao-em-pontuacao-parcial\/#primaryimage"},"thumbnailUrl":"https:\/\/regiaonews.net.br\/2022\/wp-content\/uploads\/2023\/07\/Imagem-do-WhatsApp-de-2023-07-17-as-16.41.17.jpg","datePublished":"2023-07-17T20:31:31+00:00","breadcrumb":{"@id":"https:\/\/regiaonews.net.br\/2022\/2023\/07\/17\/65o-jogos-regionais-2023-barretos-e-a-quinta-melhor-cidade-na-competicao-em-pontuacao-parcial\/#breadcrumb"},"inLanguage":"pt-BR","potentialAction":[{"@type":"ReadAction","target":["https:\/\/regiaonews.net.br\/2022\/2023\/07\/17\/65o-jogos-regionais-2023-barretos-e-a-quinta-melhor-cidade-na-competicao-em-pontuacao-parcial\/"]}]},{"@type":"ImageObject","inLanguage":"pt-BR","@id":"https:\/\/regiaonews.net.br\/2022\/2023\/07\/17\/65o-jogos-regionais-2023-barretos-e-a-quinta-melhor-cidade-na-competicao-em-pontuacao-parcial\/#primaryimage","url":"https:\/\/regiaonews.net.br\/2022\/wp-content\/uploads\/2023\/07\/Imagem-do-WhatsApp-de-2023-07-17-as-16.41.17.jpg","contentUrl":"https:\/\/regiaonews.net.br\/2022\/wp-content\/uploads\/2023\/07\/Imagem-do-WhatsApp-de-2023-07-17-as-16.41.17.jpg","width":768,"height":1024},{"@type":"BreadcrumbList","@id":"https:\/\/regiaonews.net.br\/2022\/2023\/07\/17\/65o-jogos-regionais-2023-barretos-e-a-quinta-melhor-cidade-na-competicao-em-pontuacao-parcial\/#breadcrumb","itemListElement":[{"@type":"ListItem","position":1,"name":"In\u00edcio","item":"https:\/\/regiaonews.net.br\/2022\/"},{"@type":"ListItem","position":2,"name":"65\u00ba Jogos Regionais 2023: Barretos \u00e9 a quinta melhor cidade na competi\u00e7\u00e3o em pontua\u00e7\u00e3o parcial"}]},{"@type":"WebSite","@id":"https:\/\/regiaonews.net.br\/2022\/#website","url":"https:\/\/regiaonews.net.br\/2022\/","name":"Regi\u00e3o News","description":"Site de Not\u00edcias de Barretos e regi\u00e3o","publisher":{"@id":"https:\/\/regiaonews.net.br\/2022\/#organization"},"potentialAction":[{"@type":"SearchAction","target":{"@type":"EntryPoint","urlTemplate":"https:\/\/regiaonews.net.br\/2022\/?s={search_term_string}"},"query-input":{"@type":"PropertyValueSpecification","valueRequired":true,"valueName":"search_term_string"}}],"inLanguage":"pt-BR"},{"@type":"Organization","@id":"https:\/\/regiaonews.net.br\/2022\/#organization","name":"Regi\u00e3o News","url":"https:\/\/regiaonews.net.br\/2022\/","logo":{"@type":"ImageObject","inLanguage":"pt-BR","@id":"https:\/\/regiaonews.net.br\/2022\/#\/schema\/logo\/image\/","url":"https:\/\/regiaonews.net.br\/2022\/wp-content\/uploads\/2026\/03\/regiao-13-anos-scaled.jpg","contentUrl":"https:\/\/regiaonews.net.br\/2022\/wp-content\/uploads\/2026\/03\/regiao-13-anos-scaled.jpg","width":2560,"height":635,"caption":"Regi\u00e3o News"},"image":{"@id":"https:\/\/regiaonews.net.br\/2022\/#\/schema\/logo\/image\/"}},{"@type":"Person","@id":"https:\/\/regiaonews.net.br\/2022\/#\/schema\/person\/2d205a608a5aa97ac279d7a5e6d89ad8","name":"Roberto","image":{"@type":"ImageObject","inLanguage":"pt-BR","@id":"https:\/\/secure.gravatar.com\/avatar\/42749d8b712ff9d59ca93dc150494e5b55a44134482993f5baeb97e61b7ecc89?s=96&d=mm&r=g","url":"https:\/\/secure.gravatar.com\/avatar\/42749d8b712ff9d59ca93dc150494e5b55a44134482993f5baeb97e61b7ecc89?s=96&d=mm&r=g","contentUrl":"https:\/\/secure.gravatar.com\/avatar\/42749d8b712ff9d59ca93dc150494e5b55a44134482993f5baeb97e61b7ecc89?s=96&d=mm&r=g","caption":"Roberto"},"url":"https:\/\/regiaonews.net.br\/2022\/author\/roberto\/"}]}},"publishpress_future_action":{"enabled":false,"date":"2026-05-04 05:52:09","action":"change-status","newStatus":"draft","terms":[],"taxonomy":"category","extraData":[]},"publishpress_future_workflow_manual_trigger":{"enabledWorkflows":[]},"_links":{"self":[{"href":"https:\/\/regiaonews.net.br\/2022\/wp-json\/wp\/v2\/posts\/91803","targetHints":{"allow":["GET"]}}],"collection":[{"href":"https:\/\/regiaonews.net.br\/2022\/wp-json\/wp\/v2\/posts"}],"about":[{"href":"https:\/\/regiaonews.net.br\/2022\/wp-json\/wp\/v2\/types\/post"}],"author":[{"embeddable":true,"href":"https:\/\/regiaonews.net.br\/2022\/wp-json\/wp\/v2\/users\/2"}],"replies":[{"embeddable":true,"href":"https:\/\/regiaonews.net.br\/2022\/wp-json\/wp\/v2\/comments?post=91803"}],"version-history":[{"count":1,"href":"https:\/\/regiaonews.net.br\/2022\/wp-json\/wp\/v2\/posts\/91803\/revisions"}],"predecessor-version":[{"id":91805,"href":"https:\/\/regiaonews.net.br\/2022\/wp-json\/wp\/v2\/posts\/91803\/revisions\/91805"}],"wp:featuredmedia":[{"embeddable":true,"href":"https:\/\/regiaonews.net.br\/2022\/wp-json\/wp\/v2\/media\/91804"}],"wp:attachment":[{"href":"https:\/\/regiaonews.net.br\/2022\/wp-json\/wp\/v2\/media?parent=91803"}],"wp:term":[{"taxonomy":"category","embeddable":true,"href":"https:\/\/regiaonews.net.br\/2022\/wp-json\/wp\/v2\/categories?post=91803"},{"taxonomy":"post_tag","embeddable":true,"href":"https:\/\/regiaonews.net.br\/2022\/wp-json\/wp\/v2\/tags?post=91803"}],"curies":[{"name":"wp","href":"https:\/\/api.w.org\/{rel}","templated":true}]}}