{"id":91786,"date":"2023-07-17T10:15:48","date_gmt":"2023-07-17T13:15:48","guid":{"rendered":"https:\/\/regiaonews.net.br\/2022\/?p=91786"},"modified":"2023-07-17T10:15:48","modified_gmt":"2023-07-17T13:15:48","slug":"dia-dos-pais-na-acib-tem-amor-que-transcende-geracoes","status":"publish","type":"post","link":"https:\/\/regiaonews.net.br\/2022\/2023\/07\/17\/dia-dos-pais-na-acib-tem-amor-que-transcende-geracoes\/","title":{"rendered":"Dia dos Pais na ACIB tem \u201cAmor que transcende gera\u00e7\u00f5es\u201d"},"content":{"rendered":"<h3 style=\"text-align: center;\">Campanha 2024 homenageia pais, av\u00f3s e bisav\u00f3s com a\u00a0 fam\u00edlia de Jos\u00e9 Pedro Domingues Netto.<\/h3>\n<div><\/div>\n<div>Sabedoria, cuidado e o amor transmitidos de gera\u00e7\u00e3o em gera\u00e7\u00e3o. Com o tema \u201cAmor que transcende gera\u00e7\u00f5es\u201d da Associa\u00e7\u00e3o Comercial e Industrial de Barretos &#8211; ACIB e Sindicato do Com\u00e9rcio Varejista- Sincom\u00e9rcio, a Campanha de Dia dos Pais 2023, com in\u00edcio neste fim de semana, homenageia\u00a0 essa feliz uni\u00e3o de a\u00e7\u00f5es e sentimentos representada pela fam\u00edlia do bisav\u00f4 Jos\u00e9 Pedro Domingues Neto.<\/div>\n<div>Todas as pessoas que comprarem nas lojas participantes at\u00e9 o dia 14 de agosto\/2023 concorrem a 1 TV 50\u2019\u2019, 1 Smartphone, 12 Pacotes para a Festa do Pe\u00e3o, 5 Vales- Compra. Sorteio dia 16 de agosto e entrega dia 17 de agosto.<\/div>\n<div>Jos\u00e9 Pedro Domingues Netto, os filhos Marco Aur\u00e9lio Domingues, M\u00f4nica Domingues Monteiro de Barros, Milene Domingues, os netos Maristela Domingues Girardi Campos Borges, Matheus Domingues Girardi, Marcus Domingues Girardi, Lucas Domingues Monteiro de Barros, Pedro Domingues Monteiro de Barros, Leonardo dos Santos Domingues, Miguel Domingues Lima e o bisneto Gael Domingues Campos Borges fazem parte dessa grande fam\u00edlia, que se re\u00fane todo s\u00e1bado para comemorar a uni\u00e3o e na campanha deste ano, para ser exemplo de alegria, conforme fala Domingues Netto \u201cEstamos em uma uni\u00e3o feliz que \u00e9 uma constante em nossa fam\u00edlia. Esse encontro foi implementado pela minha esposa\u00a0 Elza e sempre continuamos. \u00c9 uma grande alegria ter a fam\u00edlia reunida, assim como representar a ACIB. Fica um sentimento de gratid\u00e3o pela escolha da milha fam\u00edlia para representar pais, av\u00f4s e bisav\u00f4s. Sou um bisav\u00f4 baixinho, mas muito feliz pela fam\u00edlia que tenho\u201d, disse.<\/div>\n<div>Lelo ainda convida os consumidores para presentearem pais, av\u00f3s e bisav\u00f3s no com\u00e9rcio de Barretos \u201cQuando voc\u00ea sai de Barretos voc\u00ea gasta dinheiro em outro munic\u00edpio e n\u00e3o ajuda nossa cidade. O com\u00e9rcio barretense \u00e9 bonito, \u00e9 bom \u00e9 grande e tem tudo para nos oferecer\u201d, disse.<\/div>\n<div>Jackelyne Rossini, presidente da ACIB, conta que a escolha pela fam\u00edlia levou em considera\u00e7\u00e3o o exemplo e representatividade para o com\u00e9rcio \u201cO Jos\u00e9 Pedro Domingues Netto \u00e9 um exemplo de pai, tamb\u00e9m av\u00f4 e bisav\u00f4, e de empres\u00e1rio engajado no com\u00e9rcio de Barretos. J\u00e1 foi integrante da nossa diretoria por muitos anos, vice-presidente e sempre ajudou no desenvolvimento de nossa Associa\u00e7\u00e3o. Um grande representante de empres\u00e1rio de pai para diversas gera\u00e7\u00f5es\u201d, falou.<\/div>\n<div><\/div>\n<div>Patrocinam a Campanha \u201cAmor que transcende gera\u00e7\u00f5es\u201d<\/div>\n<div><\/div>\n<div>Barretos Country Resort, Bebidas Poty, Os Independentes e SR Embalagens.<\/div>\n<div>Apoio:<\/div>\n<div>Bazar Almar Modas, Brookstore, Churrascaria\u00a0 Chimarr\u00e3o, Da Ro\u00e7a Car , Dino e Dina, Duligas, Econ\u00f4mica Cal\u00e7ados, Farm\u00e1cia S\u00e3o Francisco, Ferrari Parafusos, Korpo e Kor, Luiz\u00e3o Ca\u00e7ambas, Naka-Naka, Papelaria dos Estudantes, P\u00e9 Quente, Posto EME, Rei dos Assados, T\u00e2nia Lemos Bijouteria.<\/div>\n<div>Cupons podem ser retirados nas lojas<\/div>\n<div>Flora Barretos, Luiz\u00e3o Ca\u00e7ambas, Micronet, Mini Mercado AM, Morada Lar e Constru\u00e7\u00e3o, MP Sports , \u00d3tica Realce, \u00d3tica Santa Lucia, Paul\u00e3o Auto Center, Perfumaria Emy, Puricampo, Relojoaria Orient, Silvia Presentes, Supermercado Manolo, Supermercado Passador, Supermercados JM, Tecidos Joia, Toma Uma Cervejaria, Tutita Presentes, Vicouro Cal\u00e7ados, 5 a Sec, Alfa Empreendimentos, Arlete Boutique, Arlete Magazine, Bar do Valter, Bavep, Beef Shop Minerva, Biabelamore, Casa das Bicicletas, Casa do E.P.I., Constru Ribeiro, Diva M\u00f3veis, Drogadada, Drogaria Ultra Popular, Eletro Frajam, Farm\u00e1cia S\u00e3o Francisco, Imobili\u00e1ria Teto e Ch\u00e3o, K\u00e1tia Gouveia, L\u00edder Comercial da Av. 21, L\u00edder Comercial da Rua 44, Odontocompany, Dulig\u00e1s, Korpo &amp; Kor, Papelaria do Estudante, T\u00e2nia Lemos Bijouteria, Dino e Dina, Da Ro\u00e7a Car, Bazar Almar Modas, Brookstore, Churrascaria Chimarr\u00e3o, Econ\u00f4mica Cal\u00e7ados, P\u00e9 Quente Cal\u00e7ados, Farm\u00e1cia S\u00e3o Francisco, Ferrari Parafusos, Posto EME, Luiz\u00e3o Ca\u00e7ambas, Naka Naka Sushibar, Rei dos Assados, Foto King.<\/div>\n<div>Foto: Jos\u00e9 Pedro Domingues Netto, os filhos Marco Aur\u00e9lio Domingues, M\u00f4nica Domingues Monteiro de Barros, Milene Domingues, os netos Maristela Domingues Girardi Campos Borges, Matheus Domingues Girardi, Marcus Domingues Girardi, Lucas Domingues Monteiro de Barros, Pedro Domingues Monteiro de Barros, Leonardo dos Santos Domingues, Miguel Domingues Lima e o bisneto Gael Domingues Campos Borges<\/div>\n<div><\/div>\n<div>Cr\u00e9ditos: Izabella Pivotto Abe<\/div>\n","protected":false},"excerpt":{"rendered":"<p>Campanha 2024 homenageia pais, av\u00f3s e bisav\u00f3s com a\u00a0 fam\u00edlia<\/p>\n","protected":false},"author":2,"featured_media":91787,"comment_status":"open","ping_status":"open","sticky":false,"template":"","format":"standard","meta":{"footnotes":""},"categories":[14,3],"tags":[],"class_list":["post-91786","post","type-post","status-publish","format-standard","has-post-thumbnail","hentry","category-barretos","category-geral"],"yoast_head":"<!-- This site is optimized with the Yoast SEO plugin v27.4 - https:\/\/yoast.com\/product\/yoast-seo-wordpress\/ -->\n<title>Dia dos Pais na ACIB tem \u201cAmor que transcende gera\u00e7\u00f5es\u201d - Regi\u00e3o News<\/title>\n<meta name=\"robots\" content=\"index, follow, max-snippet:-1, max-image-preview:large, max-video-preview:-1\" \/>\n<link rel=\"canonical\" href=\"https:\/\/regiaonews.net.br\/2022\/2023\/07\/17\/dia-dos-pais-na-acib-tem-amor-que-transcende-geracoes\/\" \/>\n<meta property=\"og:locale\" content=\"pt_BR\" \/>\n<meta property=\"og:type\" content=\"article\" \/>\n<meta property=\"og:title\" content=\"Dia dos Pais na ACIB tem \u201cAmor que transcende gera\u00e7\u00f5es\u201d - Regi\u00e3o News\" \/>\n<meta property=\"og:description\" content=\"Campanha 2024 homenageia pais, av\u00f3s e bisav\u00f3s com a\u00a0 fam\u00edlia\" \/>\n<meta property=\"og:url\" content=\"https:\/\/regiaonews.net.br\/2022\/2023\/07\/17\/dia-dos-pais-na-acib-tem-amor-que-transcende-geracoes\/\" \/>\n<meta property=\"og:site_name\" content=\"Regi\u00e3o News\" \/>\n<meta property=\"article:published_time\" content=\"2023-07-17T13:15:48+00:00\" \/>\n<meta property=\"og:image\" content=\"https:\/\/regiaonews.net.br\/2022\/wp-content\/uploads\/2023\/07\/Imagem-do-WhatsApp-de-2023-07-14-as-15.59.30.jpg\" \/>\n\t<meta property=\"og:image:width\" content=\"1600\" \/>\n\t<meta property=\"og:image:height\" content=\"1280\" \/>\n\t<meta property=\"og:image:type\" content=\"image\/jpeg\" \/>\n<meta name=\"author\" content=\"Roberto\" \/>\n<meta name=\"twitter:card\" content=\"summary_large_image\" \/>\n<meta name=\"twitter:label1\" content=\"Escrito por\" \/>\n\t<meta name=\"twitter:data1\" content=\"Roberto\" \/>\n\t<meta name=\"twitter:label2\" content=\"Est. tempo de leitura\" \/>\n\t<meta name=\"twitter:data2\" content=\"4 minutos\" \/>\n<script type=\"application\/ld+json\" class=\"yoast-schema-graph\">{\"@context\":\"https:\\\/\\\/schema.org\",\"@graph\":[{\"@type\":\"Article\",\"@id\":\"https:\\\/\\\/regiaonews.net.br\\\/2022\\\/2023\\\/07\\\/17\\\/dia-dos-pais-na-acib-tem-amor-que-transcende-geracoes\\\/#article\",\"isPartOf\":{\"@id\":\"https:\\\/\\\/regiaonews.net.br\\\/2022\\\/2023\\\/07\\\/17\\\/dia-dos-pais-na-acib-tem-amor-que-transcende-geracoes\\\/\"},\"author\":{\"name\":\"Roberto\",\"@id\":\"https:\\\/\\\/regiaonews.net.br\\\/2022\\\/#\\\/schema\\\/person\\\/2d205a608a5aa97ac279d7a5e6d89ad8\"},\"headline\":\"Dia dos Pais na ACIB tem \u201cAmor que transcende gera\u00e7\u00f5es\u201d\",\"datePublished\":\"2023-07-17T13:15:48+00:00\",\"mainEntityOfPage\":{\"@id\":\"https:\\\/\\\/regiaonews.net.br\\\/2022\\\/2023\\\/07\\\/17\\\/dia-dos-pais-na-acib-tem-amor-que-transcende-geracoes\\\/\"},\"wordCount\":719,\"commentCount\":0,\"publisher\":{\"@id\":\"https:\\\/\\\/regiaonews.net.br\\\/2022\\\/#organization\"},\"image\":{\"@id\":\"https:\\\/\\\/regiaonews.net.br\\\/2022\\\/2023\\\/07\\\/17\\\/dia-dos-pais-na-acib-tem-amor-que-transcende-geracoes\\\/#primaryimage\"},\"thumbnailUrl\":\"https:\\\/\\\/regiaonews.net.br\\\/2022\\\/wp-content\\\/uploads\\\/2023\\\/07\\\/Imagem-do-WhatsApp-de-2023-07-14-as-15.59.30.jpg\",\"articleSection\":[\"Barretos\",\"Geral\"],\"inLanguage\":\"pt-BR\",\"potentialAction\":[{\"@type\":\"CommentAction\",\"name\":\"Comment\",\"target\":[\"https:\\\/\\\/regiaonews.net.br\\\/2022\\\/2023\\\/07\\\/17\\\/dia-dos-pais-na-acib-tem-amor-que-transcende-geracoes\\\/#respond\"]}]},{\"@type\":\"WebPage\",\"@id\":\"https:\\\/\\\/regiaonews.net.br\\\/2022\\\/2023\\\/07\\\/17\\\/dia-dos-pais-na-acib-tem-amor-que-transcende-geracoes\\\/\",\"url\":\"https:\\\/\\\/regiaonews.net.br\\\/2022\\\/2023\\\/07\\\/17\\\/dia-dos-pais-na-acib-tem-amor-que-transcende-geracoes\\\/\",\"name\":\"Dia dos Pais na ACIB tem \u201cAmor que transcende gera\u00e7\u00f5es\u201d - Regi\u00e3o News\",\"isPartOf\":{\"@id\":\"https:\\\/\\\/regiaonews.net.br\\\/2022\\\/#website\"},\"primaryImageOfPage\":{\"@id\":\"https:\\\/\\\/regiaonews.net.br\\\/2022\\\/2023\\\/07\\\/17\\\/dia-dos-pais-na-acib-tem-amor-que-transcende-geracoes\\\/#primaryimage\"},\"image\":{\"@id\":\"https:\\\/\\\/regiaonews.net.br\\\/2022\\\/2023\\\/07\\\/17\\\/dia-dos-pais-na-acib-tem-amor-que-transcende-geracoes\\\/#primaryimage\"},\"thumbnailUrl\":\"https:\\\/\\\/regiaonews.net.br\\\/2022\\\/wp-content\\\/uploads\\\/2023\\\/07\\\/Imagem-do-WhatsApp-de-2023-07-14-as-15.59.30.jpg\",\"datePublished\":\"2023-07-17T13:15:48+00:00\",\"breadcrumb\":{\"@id\":\"https:\\\/\\\/regiaonews.net.br\\\/2022\\\/2023\\\/07\\\/17\\\/dia-dos-pais-na-acib-tem-amor-que-transcende-geracoes\\\/#breadcrumb\"},\"inLanguage\":\"pt-BR\",\"potentialAction\":[{\"@type\":\"ReadAction\",\"target\":[\"https:\\\/\\\/regiaonews.net.br\\\/2022\\\/2023\\\/07\\\/17\\\/dia-dos-pais-na-acib-tem-amor-que-transcende-geracoes\\\/\"]}]},{\"@type\":\"ImageObject\",\"inLanguage\":\"pt-BR\",\"@id\":\"https:\\\/\\\/regiaonews.net.br\\\/2022\\\/2023\\\/07\\\/17\\\/dia-dos-pais-na-acib-tem-amor-que-transcende-geracoes\\\/#primaryimage\",\"url\":\"https:\\\/\\\/regiaonews.net.br\\\/2022\\\/wp-content\\\/uploads\\\/2023\\\/07\\\/Imagem-do-WhatsApp-de-2023-07-14-as-15.59.30.jpg\",\"contentUrl\":\"https:\\\/\\\/regiaonews.net.br\\\/2022\\\/wp-content\\\/uploads\\\/2023\\\/07\\\/Imagem-do-WhatsApp-de-2023-07-14-as-15.59.30.jpg\",\"width\":1600,\"height\":1280},{\"@type\":\"BreadcrumbList\",\"@id\":\"https:\\\/\\\/regiaonews.net.br\\\/2022\\\/2023\\\/07\\\/17\\\/dia-dos-pais-na-acib-tem-amor-que-transcende-geracoes\\\/#breadcrumb\",\"itemListElement\":[{\"@type\":\"ListItem\",\"position\":1,\"name\":\"In\u00edcio\",\"item\":\"https:\\\/\\\/regiaonews.net.br\\\/2022\\\/\"},{\"@type\":\"ListItem\",\"position\":2,\"name\":\"Dia dos Pais na ACIB tem \u201cAmor que transcende gera\u00e7\u00f5es\u201d\"}]},{\"@type\":\"WebSite\",\"@id\":\"https:\\\/\\\/regiaonews.net.br\\\/2022\\\/#website\",\"url\":\"https:\\\/\\\/regiaonews.net.br\\\/2022\\\/\",\"name\":\"Regi\u00e3o News\",\"description\":\"Site de Not\u00edcias de Barretos e regi\u00e3o\",\"publisher\":{\"@id\":\"https:\\\/\\\/regiaonews.net.br\\\/2022\\\/#organization\"},\"potentialAction\":[{\"@type\":\"SearchAction\",\"target\":{\"@type\":\"EntryPoint\",\"urlTemplate\":\"https:\\\/\\\/regiaonews.net.br\\\/2022\\\/?s={search_term_string}\"},\"query-input\":{\"@type\":\"PropertyValueSpecification\",\"valueRequired\":true,\"valueName\":\"search_term_string\"}}],\"inLanguage\":\"pt-BR\"},{\"@type\":\"Organization\",\"@id\":\"https:\\\/\\\/regiaonews.net.br\\\/2022\\\/#organization\",\"name\":\"Regi\u00e3o News\",\"url\":\"https:\\\/\\\/regiaonews.net.br\\\/2022\\\/\",\"logo\":{\"@type\":\"ImageObject\",\"inLanguage\":\"pt-BR\",\"@id\":\"https:\\\/\\\/regiaonews.net.br\\\/2022\\\/#\\\/schema\\\/logo\\\/image\\\/\",\"url\":\"https:\\\/\\\/regiaonews.net.br\\\/2022\\\/wp-content\\\/uploads\\\/2026\\\/03\\\/regiao-13-anos-scaled.jpg\",\"contentUrl\":\"https:\\\/\\\/regiaonews.net.br\\\/2022\\\/wp-content\\\/uploads\\\/2026\\\/03\\\/regiao-13-anos-scaled.jpg\",\"width\":2560,\"height\":635,\"caption\":\"Regi\u00e3o News\"},\"image\":{\"@id\":\"https:\\\/\\\/regiaonews.net.br\\\/2022\\\/#\\\/schema\\\/logo\\\/image\\\/\"}},{\"@type\":\"Person\",\"@id\":\"https:\\\/\\\/regiaonews.net.br\\\/2022\\\/#\\\/schema\\\/person\\\/2d205a608a5aa97ac279d7a5e6d89ad8\",\"name\":\"Roberto\",\"image\":{\"@type\":\"ImageObject\",\"inLanguage\":\"pt-BR\",\"@id\":\"https:\\\/\\\/secure.gravatar.com\\\/avatar\\\/42749d8b712ff9d59ca93dc150494e5b55a44134482993f5baeb97e61b7ecc89?s=96&d=mm&r=g\",\"url\":\"https:\\\/\\\/secure.gravatar.com\\\/avatar\\\/42749d8b712ff9d59ca93dc150494e5b55a44134482993f5baeb97e61b7ecc89?s=96&d=mm&r=g\",\"contentUrl\":\"https:\\\/\\\/secure.gravatar.com\\\/avatar\\\/42749d8b712ff9d59ca93dc150494e5b55a44134482993f5baeb97e61b7ecc89?s=96&d=mm&r=g\",\"caption\":\"Roberto\"},\"url\":\"https:\\\/\\\/regiaonews.net.br\\\/2022\\\/author\\\/roberto\\\/\"}]}<\/script>\n<!-- \/ Yoast SEO plugin. -->","yoast_head_json":{"title":"Dia dos Pais na ACIB tem \u201cAmor que transcende gera\u00e7\u00f5es\u201d - Regi\u00e3o News","robots":{"index":"index","follow":"follow","max-snippet":"max-snippet:-1","max-image-preview":"max-image-preview:large","max-video-preview":"max-video-preview:-1"},"canonical":"https:\/\/regiaonews.net.br\/2022\/2023\/07\/17\/dia-dos-pais-na-acib-tem-amor-que-transcende-geracoes\/","og_locale":"pt_BR","og_type":"article","og_title":"Dia dos Pais na ACIB tem \u201cAmor que transcende gera\u00e7\u00f5es\u201d - Regi\u00e3o News","og_description":"Campanha 2024 homenageia pais, av\u00f3s e bisav\u00f3s com a\u00a0 fam\u00edlia","og_url":"https:\/\/regiaonews.net.br\/2022\/2023\/07\/17\/dia-dos-pais-na-acib-tem-amor-que-transcende-geracoes\/","og_site_name":"Regi\u00e3o News","article_published_time":"2023-07-17T13:15:48+00:00","og_image":[{"width":1600,"height":1280,"url":"https:\/\/regiaonews.net.br\/2022\/wp-content\/uploads\/2023\/07\/Imagem-do-WhatsApp-de-2023-07-14-as-15.59.30.jpg","type":"image\/jpeg"}],"author":"Roberto","twitter_card":"summary_large_image","twitter_misc":{"Escrito por":"Roberto","Est. tempo de leitura":"4 minutos"},"schema":{"@context":"https:\/\/schema.org","@graph":[{"@type":"Article","@id":"https:\/\/regiaonews.net.br\/2022\/2023\/07\/17\/dia-dos-pais-na-acib-tem-amor-que-transcende-geracoes\/#article","isPartOf":{"@id":"https:\/\/regiaonews.net.br\/2022\/2023\/07\/17\/dia-dos-pais-na-acib-tem-amor-que-transcende-geracoes\/"},"author":{"name":"Roberto","@id":"https:\/\/regiaonews.net.br\/2022\/#\/schema\/person\/2d205a608a5aa97ac279d7a5e6d89ad8"},"headline":"Dia dos Pais na ACIB tem \u201cAmor que transcende gera\u00e7\u00f5es\u201d","datePublished":"2023-07-17T13:15:48+00:00","mainEntityOfPage":{"@id":"https:\/\/regiaonews.net.br\/2022\/2023\/07\/17\/dia-dos-pais-na-acib-tem-amor-que-transcende-geracoes\/"},"wordCount":719,"commentCount":0,"publisher":{"@id":"https:\/\/regiaonews.net.br\/2022\/#organization"},"image":{"@id":"https:\/\/regiaonews.net.br\/2022\/2023\/07\/17\/dia-dos-pais-na-acib-tem-amor-que-transcende-geracoes\/#primaryimage"},"thumbnailUrl":"https:\/\/regiaonews.net.br\/2022\/wp-content\/uploads\/2023\/07\/Imagem-do-WhatsApp-de-2023-07-14-as-15.59.30.jpg","articleSection":["Barretos","Geral"],"inLanguage":"pt-BR","potentialAction":[{"@type":"CommentAction","name":"Comment","target":["https:\/\/regiaonews.net.br\/2022\/2023\/07\/17\/dia-dos-pais-na-acib-tem-amor-que-transcende-geracoes\/#respond"]}]},{"@type":"WebPage","@id":"https:\/\/regiaonews.net.br\/2022\/2023\/07\/17\/dia-dos-pais-na-acib-tem-amor-que-transcende-geracoes\/","url":"https:\/\/regiaonews.net.br\/2022\/2023\/07\/17\/dia-dos-pais-na-acib-tem-amor-que-transcende-geracoes\/","name":"Dia dos Pais na ACIB tem \u201cAmor que transcende gera\u00e7\u00f5es\u201d - Regi\u00e3o News","isPartOf":{"@id":"https:\/\/regiaonews.net.br\/2022\/#website"},"primaryImageOfPage":{"@id":"https:\/\/regiaonews.net.br\/2022\/2023\/07\/17\/dia-dos-pais-na-acib-tem-amor-que-transcende-geracoes\/#primaryimage"},"image":{"@id":"https:\/\/regiaonews.net.br\/2022\/2023\/07\/17\/dia-dos-pais-na-acib-tem-amor-que-transcende-geracoes\/#primaryimage"},"thumbnailUrl":"https:\/\/regiaonews.net.br\/2022\/wp-content\/uploads\/2023\/07\/Imagem-do-WhatsApp-de-2023-07-14-as-15.59.30.jpg","datePublished":"2023-07-17T13:15:48+00:00","breadcrumb":{"@id":"https:\/\/regiaonews.net.br\/2022\/2023\/07\/17\/dia-dos-pais-na-acib-tem-amor-que-transcende-geracoes\/#breadcrumb"},"inLanguage":"pt-BR","potentialAction":[{"@type":"ReadAction","target":["https:\/\/regiaonews.net.br\/2022\/2023\/07\/17\/dia-dos-pais-na-acib-tem-amor-que-transcende-geracoes\/"]}]},{"@type":"ImageObject","inLanguage":"pt-BR","@id":"https:\/\/regiaonews.net.br\/2022\/2023\/07\/17\/dia-dos-pais-na-acib-tem-amor-que-transcende-geracoes\/#primaryimage","url":"https:\/\/regiaonews.net.br\/2022\/wp-content\/uploads\/2023\/07\/Imagem-do-WhatsApp-de-2023-07-14-as-15.59.30.jpg","contentUrl":"https:\/\/regiaonews.net.br\/2022\/wp-content\/uploads\/2023\/07\/Imagem-do-WhatsApp-de-2023-07-14-as-15.59.30.jpg","width":1600,"height":1280},{"@type":"BreadcrumbList","@id":"https:\/\/regiaonews.net.br\/2022\/2023\/07\/17\/dia-dos-pais-na-acib-tem-amor-que-transcende-geracoes\/#breadcrumb","itemListElement":[{"@type":"ListItem","position":1,"name":"In\u00edcio","item":"https:\/\/regiaonews.net.br\/2022\/"},{"@type":"ListItem","position":2,"name":"Dia dos Pais na ACIB tem \u201cAmor que transcende gera\u00e7\u00f5es\u201d"}]},{"@type":"WebSite","@id":"https:\/\/regiaonews.net.br\/2022\/#website","url":"https:\/\/regiaonews.net.br\/2022\/","name":"Regi\u00e3o News","description":"Site de Not\u00edcias de Barretos e regi\u00e3o","publisher":{"@id":"https:\/\/regiaonews.net.br\/2022\/#organization"},"potentialAction":[{"@type":"SearchAction","target":{"@type":"EntryPoint","urlTemplate":"https:\/\/regiaonews.net.br\/2022\/?s={search_term_string}"},"query-input":{"@type":"PropertyValueSpecification","valueRequired":true,"valueName":"search_term_string"}}],"inLanguage":"pt-BR"},{"@type":"Organization","@id":"https:\/\/regiaonews.net.br\/2022\/#organization","name":"Regi\u00e3o News","url":"https:\/\/regiaonews.net.br\/2022\/","logo":{"@type":"ImageObject","inLanguage":"pt-BR","@id":"https:\/\/regiaonews.net.br\/2022\/#\/schema\/logo\/image\/","url":"https:\/\/regiaonews.net.br\/2022\/wp-content\/uploads\/2026\/03\/regiao-13-anos-scaled.jpg","contentUrl":"https:\/\/regiaonews.net.br\/2022\/wp-content\/uploads\/2026\/03\/regiao-13-anos-scaled.jpg","width":2560,"height":635,"caption":"Regi\u00e3o News"},"image":{"@id":"https:\/\/regiaonews.net.br\/2022\/#\/schema\/logo\/image\/"}},{"@type":"Person","@id":"https:\/\/regiaonews.net.br\/2022\/#\/schema\/person\/2d205a608a5aa97ac279d7a5e6d89ad8","name":"Roberto","image":{"@type":"ImageObject","inLanguage":"pt-BR","@id":"https:\/\/secure.gravatar.com\/avatar\/42749d8b712ff9d59ca93dc150494e5b55a44134482993f5baeb97e61b7ecc89?s=96&d=mm&r=g","url":"https:\/\/secure.gravatar.com\/avatar\/42749d8b712ff9d59ca93dc150494e5b55a44134482993f5baeb97e61b7ecc89?s=96&d=mm&r=g","contentUrl":"https:\/\/secure.gravatar.com\/avatar\/42749d8b712ff9d59ca93dc150494e5b55a44134482993f5baeb97e61b7ecc89?s=96&d=mm&r=g","caption":"Roberto"},"url":"https:\/\/regiaonews.net.br\/2022\/author\/roberto\/"}]}},"publishpress_future_action":{"enabled":false,"date":"2026-05-03 23:17:10","action":"change-status","newStatus":"draft","terms":[],"taxonomy":"category","extraData":[]},"publishpress_future_workflow_manual_trigger":{"enabledWorkflows":[]},"_links":{"self":[{"href":"https:\/\/regiaonews.net.br\/2022\/wp-json\/wp\/v2\/posts\/91786","targetHints":{"allow":["GET"]}}],"collection":[{"href":"https:\/\/regiaonews.net.br\/2022\/wp-json\/wp\/v2\/posts"}],"about":[{"href":"https:\/\/regiaonews.net.br\/2022\/wp-json\/wp\/v2\/types\/post"}],"author":[{"embeddable":true,"href":"https:\/\/regiaonews.net.br\/2022\/wp-json\/wp\/v2\/users\/2"}],"replies":[{"embeddable":true,"href":"https:\/\/regiaonews.net.br\/2022\/wp-json\/wp\/v2\/comments?post=91786"}],"version-history":[{"count":1,"href":"https:\/\/regiaonews.net.br\/2022\/wp-json\/wp\/v2\/posts\/91786\/revisions"}],"predecessor-version":[{"id":91788,"href":"https:\/\/regiaonews.net.br\/2022\/wp-json\/wp\/v2\/posts\/91786\/revisions\/91788"}],"wp:featuredmedia":[{"embeddable":true,"href":"https:\/\/regiaonews.net.br\/2022\/wp-json\/wp\/v2\/media\/91787"}],"wp:attachment":[{"href":"https:\/\/regiaonews.net.br\/2022\/wp-json\/wp\/v2\/media?parent=91786"}],"wp:term":[{"taxonomy":"category","embeddable":true,"href":"https:\/\/regiaonews.net.br\/2022\/wp-json\/wp\/v2\/categories?post=91786"},{"taxonomy":"post_tag","embeddable":true,"href":"https:\/\/regiaonews.net.br\/2022\/wp-json\/wp\/v2\/tags?post=91786"}],"curies":[{"name":"wp","href":"https:\/\/api.w.org\/{rel}","templated":true}]}}