{"id":91783,"date":"2023-07-17T10:14:51","date_gmt":"2023-07-17T13:14:51","guid":{"rendered":"https:\/\/regiaonews.net.br\/2022\/?p=91783"},"modified":"2023-07-17T10:14:51","modified_gmt":"2023-07-17T13:14:51","slug":"consorcio-barretos-inteligente-apresenta-primeiros-numeros-da-operacao-dedicada-a-iluminacao-publica","status":"publish","type":"post","link":"https:\/\/regiaonews.net.br\/2022\/2023\/07\/17\/consorcio-barretos-inteligente-apresenta-primeiros-numeros-da-operacao-dedicada-a-iluminacao-publica\/","title":{"rendered":"Cons\u00f3rcio Barretos Inteligente apresenta primeiros n\u00fameros da opera\u00e7\u00e3o dedicada \u00e0 ilumina\u00e7\u00e3o p\u00fablica"},"content":{"rendered":"<h3 style=\"text-align: center;\">Vencedor da PPP \u2018Cidade Inteligente\u2019 assumiu o parque energ\u00e9tico municipal com cerca de mil pontos apagados e j\u00e1 executou 312 reparos.<\/h3>\n<p>Um m\u00eas ap\u00f3s assumir integralmente a opera\u00e7\u00e3o do parque de ilumina\u00e7\u00e3o p\u00fablica de Barretos, o cons\u00f3rcio Barretos Inteligente, vencedor da licita\u00e7\u00e3o da Parceria P\u00fablico-Privado (PPP) para a execu\u00e7\u00e3o do Projeto Cidade Inteligente, apresentou os primeiros n\u00fameros da opera\u00e7\u00e3o que contempla a moderniza\u00e7\u00e3o, eficientiza\u00e7\u00e3o, expans\u00e3o, opera\u00e7\u00e3o e manuten\u00e7\u00e3o da infraestrutura da rede municipal.<br \/>\nSegundo Magno Gennari Mariano, representante da concession\u00e1ria, durante a fase de transi\u00e7\u00e3o do parque de ilumina\u00e7\u00e3o p\u00fablica ao cons\u00f3rcio, que teve in\u00edcio em mar\u00e7o, foi realizado um mapeamento, em conjunto com a Companhia Paulista de For\u00e7a e Luz (CPFL), que apontou mais de dois mil pontos de luzes apagadas em Barretos, o que representava cerca de 10% de toda a rede municipal, que totaliza 23.615 lumin\u00e1rias. \u201cDesse total, estimamos que apenas 50% dos pontos foram reparados pela CPFL. Diante do cen\u00e1rio, assumimos a opera\u00e7\u00e3o com uma significativa demanda reprimida. Estamos empenhados em baixar o n\u00edvel de falhas na ilumina\u00e7\u00e3o para 2%, que costuma ser o percentual m\u00e1ximo em contratos de concess\u00e3o, considerando os investimentos em eficientiza\u00e7\u00e3o\u201d, explicou.<br \/>\nQuanto ao alto \u00edndice de pontos apagados em Barretos, Magno informou que durante o per\u00edodo de inspe\u00e7\u00e3o realizado pela concession\u00e1ria, constatou-se que muitas lumin\u00e1rias est\u00e3o instaladas em equipamentos j\u00e1 depreciados, al\u00e9m das que est\u00e3o abertas ou com o refrator de policarbonato bem opacos (amarelados), o que reduz o fluxo luminoso emitido pela l\u00e2mpada. \u201cEssas condi\u00e7\u00f5es comprometem a eficientiza\u00e7\u00e3o do parque. Podemos dizer que a estrutura da rede p\u00fablica de ilumina\u00e7\u00e3o est\u00e1 bastante defasada. Tivemos alguns casos que o mun\u00edcipe abriu um chamado para troca de l\u00e2mpada e ao chegarmos no local o problema era muito maior, impossibilitando o atendimento imediato do servi\u00e7o. Em outros, o servi\u00e7o foi feito e o problema voltou na sequ\u00eancia. Mas ainda assim, no m\u00eas de junho, quando iniciamos o trabalho junto \u00e0 popula\u00e7\u00e3o, conseguimos atender mais de 90% dos reparos solicitados por meio dos nossos canais de atendimento\u201d, destacou.<br \/>\nSegundo o relat\u00f3rio da concession\u00e1ria referente ao m\u00eas de junho, foram registrados 362 chamados de reparo, a grande maioria pelo aplicativo Barretos Inteligente, dos quais 312 foram resolvidos. \u201cEm apenas um m\u00eas, conseguimos baixar o percentual de falha em 30%. Nossa meta \u00e9 regularizar at\u00e9 o m\u00eas de agosto as l\u00e2mpadas apagadas, para ent\u00e3o entrarmos em uma nova fase, voltada para a moderniza\u00e7\u00e3o e eficientiza\u00e7\u00e3o do parque. Uma das medidas ser\u00e1 a substitui\u00e7\u00e3o de todas as lumin\u00e1rias por l\u00e2mpada de LED. A ilumina\u00e7\u00e3o p\u00fablica de ser\u00e1 100% em LED. Essa mudan\u00e7a de padr\u00e3o \u00e9 um dos principais ganhos da PPP\u201d, salientou.<br \/>\nSobre o empenho para zerar o passivo herdado, Magno destacou o esfor\u00e7o da opera\u00e7\u00e3o. \u201cTem sido uma opera\u00e7\u00e3o robusta, que exige muita estrat\u00e9gia na log\u00edstica das quatros equipes t\u00e9cnicas que est\u00e3o em campo. Isso, inclusive, em alguns casos, tivemos impactado no prazo de 168 horas que temos para atender o chamado que entra em nosso sistema. Com alta demanda de reparos, somado aos demais servi\u00e7os, otimizamos as rotas de atendimento e no \u00faltimo dia 6, conseguimos enquadrar todas as solicita\u00e7\u00f5es para ser atendidas dentro do prazo m\u00e1ximo de sete dias\u201d, explicou.<\/p>\n<p>Reclama\u00e7\u00f5es e Reparos<br \/>\nDesde o dia 11 de junho, a popula\u00e7\u00e3o barretense tem a disposi\u00e7\u00e3o tr\u00eas canais de comunica\u00e7\u00e3o com o cons\u00f3rcio Barretos Inteligente para comunicar a necessidade de um reparo na ilumina\u00e7\u00e3o p\u00fablica. \u201cA abertura de chamado pode ser feita por meio do 0800-0021750, pelo aplicativo Barretos Inteligente (vers\u00f5es IOS e Android) ou pelo site www.barretosinteligente.com.br. O mun\u00edcipe que optar por se identificar na abertura do chamado, ser\u00e1 informado do andamento do atendimento. Nosso objetivo \u00e9 manter uma rela\u00e7\u00e3o de proximidade com a popula\u00e7\u00e3o, entendemos cada solicita\u00e7\u00e3o como uma contribui\u00e7\u00e3o para a execu\u00e7\u00e3o do nosso servi\u00e7o. Juntos vamos iluminar Barretos\u201d, enfatizou Magno.<\/p>\n<p>O projeto<br \/>\nAl\u00e9m da moderniza\u00e7\u00e3o, eficientiza\u00e7\u00e3o e do parque de ilumina\u00e7\u00e3o p\u00fablica, o projeto Cidade Inteligente contempla outras frentes que tornar\u00e3o a cidade mais sustent\u00e1vel, bonita e segura. Somente nos dois primeiros anos, o cons\u00f3rcio ir\u00e1 investir R$ 40 milh\u00f5es em Barretos. Aos cofres p\u00fablicos, o des\u00e1gio ser\u00e1 de 32%, totalizando mais de R$ 100 milh\u00f5es, considerando os 25 anos de vig\u00eancia da concess\u00e3o. Entre os investimentos est\u00e3o:<br \/>\n\uf0a7 A troca de l\u00e2mpadas em 23.615 pontos de ilumina\u00e7\u00e3o p\u00fablica, substituindo as l\u00e2mpadas de vapor de s\u00f3dio por lumin\u00e1rias de LED, mais econ\u00f4micas e de melhor lumin\u00e2ncia.<br \/>\n\uf0a7 Infraestrutura de telecomunica\u00e7\u00f5es com 80 Km (oitenta quil\u00f4metros) de fibra \u00f3ptica, possibilitando internet de alta velocidade nos servi\u00e7os p\u00fablicos: escolas, unidades de sa\u00fade e demais reparti\u00e7\u00f5es p\u00fablicas.<br \/>\n\uf0a7 40 pontos com c\u00e2meras de videomonitoramento, formando a Muralha Barretos com 84 c\u00e2meras de seguran\u00e7a.<br \/>\n\uf0a7 28 pontos de internet gratuita \u00e0 popula\u00e7\u00e3o, promovendo a inclus\u00e3o digital.<br \/>\n\uf0a7 Projeto especial de ilumina\u00e7\u00e3o nos 34 pontos tur\u00edsticos de Barretos, como forma de fomentar o t\u00edtulo de est\u00e2ncia tur\u00edstica.<br \/>\n\uf0a7 Implanta\u00e7\u00e3o, operacionaliza\u00e7\u00e3o e manuten\u00e7\u00e3o de uma usina solar fotovoltaica com 5,52 MWp de pot\u00eancia nominal. Toda a energia produzida ser\u00e1 distribu\u00edda entre os 115 pr\u00e9dios p\u00fablicos municipais, diminuindo assim o valor a ser desembolsado com a tarifa de energia.<\/p>\n<p>Fotos: Tininho Jr.<\/p>\n","protected":false},"excerpt":{"rendered":"<p>Vencedor da PPP \u2018Cidade Inteligente\u2019 assumiu o parque energ\u00e9tico municipal<\/p>\n","protected":false},"author":2,"featured_media":91784,"comment_status":"open","ping_status":"open","sticky":false,"template":"","format":"standard","meta":{"footnotes":""},"categories":[14,3],"tags":[],"class_list":["post-91783","post","type-post","status-publish","format-standard","has-post-thumbnail","hentry","category-barretos","category-geral"],"yoast_head":"<!-- This site is optimized with the Yoast SEO plugin v27.4 - https:\/\/yoast.com\/product\/yoast-seo-wordpress\/ -->\n<title>Cons\u00f3rcio Barretos Inteligente apresenta primeiros n\u00fameros da opera\u00e7\u00e3o dedicada \u00e0 ilumina\u00e7\u00e3o p\u00fablica - Regi\u00e3o News<\/title>\n<meta name=\"robots\" content=\"index, follow, max-snippet:-1, max-image-preview:large, max-video-preview:-1\" \/>\n<link rel=\"canonical\" href=\"https:\/\/regiaonews.net.br\/2022\/2023\/07\/17\/consorcio-barretos-inteligente-apresenta-primeiros-numeros-da-operacao-dedicada-a-iluminacao-publica\/\" \/>\n<meta property=\"og:locale\" content=\"pt_BR\" \/>\n<meta property=\"og:type\" content=\"article\" \/>\n<meta property=\"og:title\" content=\"Cons\u00f3rcio Barretos Inteligente apresenta primeiros n\u00fameros da opera\u00e7\u00e3o dedicada \u00e0 ilumina\u00e7\u00e3o p\u00fablica - Regi\u00e3o News\" \/>\n<meta property=\"og:description\" content=\"Vencedor da PPP \u2018Cidade Inteligente\u2019 assumiu o parque energ\u00e9tico municipal\" \/>\n<meta property=\"og:url\" content=\"https:\/\/regiaonews.net.br\/2022\/2023\/07\/17\/consorcio-barretos-inteligente-apresenta-primeiros-numeros-da-operacao-dedicada-a-iluminacao-publica\/\" \/>\n<meta property=\"og:site_name\" content=\"Regi\u00e3o News\" \/>\n<meta property=\"article:published_time\" content=\"2023-07-17T13:14:51+00:00\" \/>\n<meta property=\"og:image\" content=\"https:\/\/regiaonews.net.br\/2022\/wp-content\/uploads\/2023\/07\/Imagem-do-WhatsApp-de-2023-07-14-as-15.59.29.jpg\" \/>\n\t<meta property=\"og:image:width\" content=\"1600\" \/>\n\t<meta property=\"og:image:height\" content=\"1134\" \/>\n\t<meta property=\"og:image:type\" content=\"image\/jpeg\" \/>\n<meta name=\"author\" content=\"Roberto\" \/>\n<meta name=\"twitter:card\" content=\"summary_large_image\" \/>\n<meta name=\"twitter:label1\" content=\"Escrito por\" \/>\n\t<meta name=\"twitter:data1\" content=\"Roberto\" \/>\n\t<meta name=\"twitter:label2\" content=\"Est. tempo de leitura\" \/>\n\t<meta name=\"twitter:data2\" content=\"5 minutos\" \/>\n<script type=\"application\/ld+json\" class=\"yoast-schema-graph\">{\"@context\":\"https:\\\/\\\/schema.org\",\"@graph\":[{\"@type\":\"Article\",\"@id\":\"https:\\\/\\\/regiaonews.net.br\\\/2022\\\/2023\\\/07\\\/17\\\/consorcio-barretos-inteligente-apresenta-primeiros-numeros-da-operacao-dedicada-a-iluminacao-publica\\\/#article\",\"isPartOf\":{\"@id\":\"https:\\\/\\\/regiaonews.net.br\\\/2022\\\/2023\\\/07\\\/17\\\/consorcio-barretos-inteligente-apresenta-primeiros-numeros-da-operacao-dedicada-a-iluminacao-publica\\\/\"},\"author\":{\"name\":\"Roberto\",\"@id\":\"https:\\\/\\\/regiaonews.net.br\\\/2022\\\/#\\\/schema\\\/person\\\/2d205a608a5aa97ac279d7a5e6d89ad8\"},\"headline\":\"Cons\u00f3rcio Barretos Inteligente apresenta primeiros n\u00fameros da opera\u00e7\u00e3o dedicada \u00e0 ilumina\u00e7\u00e3o p\u00fablica\",\"datePublished\":\"2023-07-17T13:14:51+00:00\",\"mainEntityOfPage\":{\"@id\":\"https:\\\/\\\/regiaonews.net.br\\\/2022\\\/2023\\\/07\\\/17\\\/consorcio-barretos-inteligente-apresenta-primeiros-numeros-da-operacao-dedicada-a-iluminacao-publica\\\/\"},\"wordCount\":968,\"commentCount\":0,\"publisher\":{\"@id\":\"https:\\\/\\\/regiaonews.net.br\\\/2022\\\/#organization\"},\"image\":{\"@id\":\"https:\\\/\\\/regiaonews.net.br\\\/2022\\\/2023\\\/07\\\/17\\\/consorcio-barretos-inteligente-apresenta-primeiros-numeros-da-operacao-dedicada-a-iluminacao-publica\\\/#primaryimage\"},\"thumbnailUrl\":\"https:\\\/\\\/regiaonews.net.br\\\/2022\\\/wp-content\\\/uploads\\\/2023\\\/07\\\/Imagem-do-WhatsApp-de-2023-07-14-as-15.59.29.jpg\",\"articleSection\":[\"Barretos\",\"Geral\"],\"inLanguage\":\"pt-BR\",\"potentialAction\":[{\"@type\":\"CommentAction\",\"name\":\"Comment\",\"target\":[\"https:\\\/\\\/regiaonews.net.br\\\/2022\\\/2023\\\/07\\\/17\\\/consorcio-barretos-inteligente-apresenta-primeiros-numeros-da-operacao-dedicada-a-iluminacao-publica\\\/#respond\"]}]},{\"@type\":\"WebPage\",\"@id\":\"https:\\\/\\\/regiaonews.net.br\\\/2022\\\/2023\\\/07\\\/17\\\/consorcio-barretos-inteligente-apresenta-primeiros-numeros-da-operacao-dedicada-a-iluminacao-publica\\\/\",\"url\":\"https:\\\/\\\/regiaonews.net.br\\\/2022\\\/2023\\\/07\\\/17\\\/consorcio-barretos-inteligente-apresenta-primeiros-numeros-da-operacao-dedicada-a-iluminacao-publica\\\/\",\"name\":\"Cons\u00f3rcio Barretos Inteligente apresenta primeiros n\u00fameros da opera\u00e7\u00e3o dedicada \u00e0 ilumina\u00e7\u00e3o p\u00fablica - Regi\u00e3o News\",\"isPartOf\":{\"@id\":\"https:\\\/\\\/regiaonews.net.br\\\/2022\\\/#website\"},\"primaryImageOfPage\":{\"@id\":\"https:\\\/\\\/regiaonews.net.br\\\/2022\\\/2023\\\/07\\\/17\\\/consorcio-barretos-inteligente-apresenta-primeiros-numeros-da-operacao-dedicada-a-iluminacao-publica\\\/#primaryimage\"},\"image\":{\"@id\":\"https:\\\/\\\/regiaonews.net.br\\\/2022\\\/2023\\\/07\\\/17\\\/consorcio-barretos-inteligente-apresenta-primeiros-numeros-da-operacao-dedicada-a-iluminacao-publica\\\/#primaryimage\"},\"thumbnailUrl\":\"https:\\\/\\\/regiaonews.net.br\\\/2022\\\/wp-content\\\/uploads\\\/2023\\\/07\\\/Imagem-do-WhatsApp-de-2023-07-14-as-15.59.29.jpg\",\"datePublished\":\"2023-07-17T13:14:51+00:00\",\"breadcrumb\":{\"@id\":\"https:\\\/\\\/regiaonews.net.br\\\/2022\\\/2023\\\/07\\\/17\\\/consorcio-barretos-inteligente-apresenta-primeiros-numeros-da-operacao-dedicada-a-iluminacao-publica\\\/#breadcrumb\"},\"inLanguage\":\"pt-BR\",\"potentialAction\":[{\"@type\":\"ReadAction\",\"target\":[\"https:\\\/\\\/regiaonews.net.br\\\/2022\\\/2023\\\/07\\\/17\\\/consorcio-barretos-inteligente-apresenta-primeiros-numeros-da-operacao-dedicada-a-iluminacao-publica\\\/\"]}]},{\"@type\":\"ImageObject\",\"inLanguage\":\"pt-BR\",\"@id\":\"https:\\\/\\\/regiaonews.net.br\\\/2022\\\/2023\\\/07\\\/17\\\/consorcio-barretos-inteligente-apresenta-primeiros-numeros-da-operacao-dedicada-a-iluminacao-publica\\\/#primaryimage\",\"url\":\"https:\\\/\\\/regiaonews.net.br\\\/2022\\\/wp-content\\\/uploads\\\/2023\\\/07\\\/Imagem-do-WhatsApp-de-2023-07-14-as-15.59.29.jpg\",\"contentUrl\":\"https:\\\/\\\/regiaonews.net.br\\\/2022\\\/wp-content\\\/uploads\\\/2023\\\/07\\\/Imagem-do-WhatsApp-de-2023-07-14-as-15.59.29.jpg\",\"width\":1600,\"height\":1134},{\"@type\":\"BreadcrumbList\",\"@id\":\"https:\\\/\\\/regiaonews.net.br\\\/2022\\\/2023\\\/07\\\/17\\\/consorcio-barretos-inteligente-apresenta-primeiros-numeros-da-operacao-dedicada-a-iluminacao-publica\\\/#breadcrumb\",\"itemListElement\":[{\"@type\":\"ListItem\",\"position\":1,\"name\":\"In\u00edcio\",\"item\":\"https:\\\/\\\/regiaonews.net.br\\\/2022\\\/\"},{\"@type\":\"ListItem\",\"position\":2,\"name\":\"Cons\u00f3rcio Barretos Inteligente apresenta primeiros n\u00fameros da opera\u00e7\u00e3o dedicada \u00e0 ilumina\u00e7\u00e3o p\u00fablica\"}]},{\"@type\":\"WebSite\",\"@id\":\"https:\\\/\\\/regiaonews.net.br\\\/2022\\\/#website\",\"url\":\"https:\\\/\\\/regiaonews.net.br\\\/2022\\\/\",\"name\":\"Regi\u00e3o News\",\"description\":\"Site de Not\u00edcias de Barretos e regi\u00e3o\",\"publisher\":{\"@id\":\"https:\\\/\\\/regiaonews.net.br\\\/2022\\\/#organization\"},\"potentialAction\":[{\"@type\":\"SearchAction\",\"target\":{\"@type\":\"EntryPoint\",\"urlTemplate\":\"https:\\\/\\\/regiaonews.net.br\\\/2022\\\/?s={search_term_string}\"},\"query-input\":{\"@type\":\"PropertyValueSpecification\",\"valueRequired\":true,\"valueName\":\"search_term_string\"}}],\"inLanguage\":\"pt-BR\"},{\"@type\":\"Organization\",\"@id\":\"https:\\\/\\\/regiaonews.net.br\\\/2022\\\/#organization\",\"name\":\"Regi\u00e3o News\",\"url\":\"https:\\\/\\\/regiaonews.net.br\\\/2022\\\/\",\"logo\":{\"@type\":\"ImageObject\",\"inLanguage\":\"pt-BR\",\"@id\":\"https:\\\/\\\/regiaonews.net.br\\\/2022\\\/#\\\/schema\\\/logo\\\/image\\\/\",\"url\":\"https:\\\/\\\/regiaonews.net.br\\\/2022\\\/wp-content\\\/uploads\\\/2026\\\/03\\\/regiao-13-anos-scaled.jpg\",\"contentUrl\":\"https:\\\/\\\/regiaonews.net.br\\\/2022\\\/wp-content\\\/uploads\\\/2026\\\/03\\\/regiao-13-anos-scaled.jpg\",\"width\":2560,\"height\":635,\"caption\":\"Regi\u00e3o News\"},\"image\":{\"@id\":\"https:\\\/\\\/regiaonews.net.br\\\/2022\\\/#\\\/schema\\\/logo\\\/image\\\/\"}},{\"@type\":\"Person\",\"@id\":\"https:\\\/\\\/regiaonews.net.br\\\/2022\\\/#\\\/schema\\\/person\\\/2d205a608a5aa97ac279d7a5e6d89ad8\",\"name\":\"Roberto\",\"image\":{\"@type\":\"ImageObject\",\"inLanguage\":\"pt-BR\",\"@id\":\"https:\\\/\\\/secure.gravatar.com\\\/avatar\\\/42749d8b712ff9d59ca93dc150494e5b55a44134482993f5baeb97e61b7ecc89?s=96&d=mm&r=g\",\"url\":\"https:\\\/\\\/secure.gravatar.com\\\/avatar\\\/42749d8b712ff9d59ca93dc150494e5b55a44134482993f5baeb97e61b7ecc89?s=96&d=mm&r=g\",\"contentUrl\":\"https:\\\/\\\/secure.gravatar.com\\\/avatar\\\/42749d8b712ff9d59ca93dc150494e5b55a44134482993f5baeb97e61b7ecc89?s=96&d=mm&r=g\",\"caption\":\"Roberto\"},\"url\":\"https:\\\/\\\/regiaonews.net.br\\\/2022\\\/author\\\/roberto\\\/\"}]}<\/script>\n<!-- \/ Yoast SEO plugin. -->","yoast_head_json":{"title":"Cons\u00f3rcio Barretos Inteligente apresenta primeiros n\u00fameros da opera\u00e7\u00e3o dedicada \u00e0 ilumina\u00e7\u00e3o p\u00fablica - Regi\u00e3o News","robots":{"index":"index","follow":"follow","max-snippet":"max-snippet:-1","max-image-preview":"max-image-preview:large","max-video-preview":"max-video-preview:-1"},"canonical":"https:\/\/regiaonews.net.br\/2022\/2023\/07\/17\/consorcio-barretos-inteligente-apresenta-primeiros-numeros-da-operacao-dedicada-a-iluminacao-publica\/","og_locale":"pt_BR","og_type":"article","og_title":"Cons\u00f3rcio Barretos Inteligente apresenta primeiros n\u00fameros da opera\u00e7\u00e3o dedicada \u00e0 ilumina\u00e7\u00e3o p\u00fablica - Regi\u00e3o News","og_description":"Vencedor da PPP \u2018Cidade Inteligente\u2019 assumiu o parque energ\u00e9tico municipal","og_url":"https:\/\/regiaonews.net.br\/2022\/2023\/07\/17\/consorcio-barretos-inteligente-apresenta-primeiros-numeros-da-operacao-dedicada-a-iluminacao-publica\/","og_site_name":"Regi\u00e3o News","article_published_time":"2023-07-17T13:14:51+00:00","og_image":[{"width":1600,"height":1134,"url":"https:\/\/regiaonews.net.br\/2022\/wp-content\/uploads\/2023\/07\/Imagem-do-WhatsApp-de-2023-07-14-as-15.59.29.jpg","type":"image\/jpeg"}],"author":"Roberto","twitter_card":"summary_large_image","twitter_misc":{"Escrito por":"Roberto","Est. tempo de leitura":"5 minutos"},"schema":{"@context":"https:\/\/schema.org","@graph":[{"@type":"Article","@id":"https:\/\/regiaonews.net.br\/2022\/2023\/07\/17\/consorcio-barretos-inteligente-apresenta-primeiros-numeros-da-operacao-dedicada-a-iluminacao-publica\/#article","isPartOf":{"@id":"https:\/\/regiaonews.net.br\/2022\/2023\/07\/17\/consorcio-barretos-inteligente-apresenta-primeiros-numeros-da-operacao-dedicada-a-iluminacao-publica\/"},"author":{"name":"Roberto","@id":"https:\/\/regiaonews.net.br\/2022\/#\/schema\/person\/2d205a608a5aa97ac279d7a5e6d89ad8"},"headline":"Cons\u00f3rcio Barretos Inteligente apresenta primeiros n\u00fameros da opera\u00e7\u00e3o dedicada \u00e0 ilumina\u00e7\u00e3o p\u00fablica","datePublished":"2023-07-17T13:14:51+00:00","mainEntityOfPage":{"@id":"https:\/\/regiaonews.net.br\/2022\/2023\/07\/17\/consorcio-barretos-inteligente-apresenta-primeiros-numeros-da-operacao-dedicada-a-iluminacao-publica\/"},"wordCount":968,"commentCount":0,"publisher":{"@id":"https:\/\/regiaonews.net.br\/2022\/#organization"},"image":{"@id":"https:\/\/regiaonews.net.br\/2022\/2023\/07\/17\/consorcio-barretos-inteligente-apresenta-primeiros-numeros-da-operacao-dedicada-a-iluminacao-publica\/#primaryimage"},"thumbnailUrl":"https:\/\/regiaonews.net.br\/2022\/wp-content\/uploads\/2023\/07\/Imagem-do-WhatsApp-de-2023-07-14-as-15.59.29.jpg","articleSection":["Barretos","Geral"],"inLanguage":"pt-BR","potentialAction":[{"@type":"CommentAction","name":"Comment","target":["https:\/\/regiaonews.net.br\/2022\/2023\/07\/17\/consorcio-barretos-inteligente-apresenta-primeiros-numeros-da-operacao-dedicada-a-iluminacao-publica\/#respond"]}]},{"@type":"WebPage","@id":"https:\/\/regiaonews.net.br\/2022\/2023\/07\/17\/consorcio-barretos-inteligente-apresenta-primeiros-numeros-da-operacao-dedicada-a-iluminacao-publica\/","url":"https:\/\/regiaonews.net.br\/2022\/2023\/07\/17\/consorcio-barretos-inteligente-apresenta-primeiros-numeros-da-operacao-dedicada-a-iluminacao-publica\/","name":"Cons\u00f3rcio Barretos Inteligente apresenta primeiros n\u00fameros da opera\u00e7\u00e3o dedicada \u00e0 ilumina\u00e7\u00e3o p\u00fablica - Regi\u00e3o News","isPartOf":{"@id":"https:\/\/regiaonews.net.br\/2022\/#website"},"primaryImageOfPage":{"@id":"https:\/\/regiaonews.net.br\/2022\/2023\/07\/17\/consorcio-barretos-inteligente-apresenta-primeiros-numeros-da-operacao-dedicada-a-iluminacao-publica\/#primaryimage"},"image":{"@id":"https:\/\/regiaonews.net.br\/2022\/2023\/07\/17\/consorcio-barretos-inteligente-apresenta-primeiros-numeros-da-operacao-dedicada-a-iluminacao-publica\/#primaryimage"},"thumbnailUrl":"https:\/\/regiaonews.net.br\/2022\/wp-content\/uploads\/2023\/07\/Imagem-do-WhatsApp-de-2023-07-14-as-15.59.29.jpg","datePublished":"2023-07-17T13:14:51+00:00","breadcrumb":{"@id":"https:\/\/regiaonews.net.br\/2022\/2023\/07\/17\/consorcio-barretos-inteligente-apresenta-primeiros-numeros-da-operacao-dedicada-a-iluminacao-publica\/#breadcrumb"},"inLanguage":"pt-BR","potentialAction":[{"@type":"ReadAction","target":["https:\/\/regiaonews.net.br\/2022\/2023\/07\/17\/consorcio-barretos-inteligente-apresenta-primeiros-numeros-da-operacao-dedicada-a-iluminacao-publica\/"]}]},{"@type":"ImageObject","inLanguage":"pt-BR","@id":"https:\/\/regiaonews.net.br\/2022\/2023\/07\/17\/consorcio-barretos-inteligente-apresenta-primeiros-numeros-da-operacao-dedicada-a-iluminacao-publica\/#primaryimage","url":"https:\/\/regiaonews.net.br\/2022\/wp-content\/uploads\/2023\/07\/Imagem-do-WhatsApp-de-2023-07-14-as-15.59.29.jpg","contentUrl":"https:\/\/regiaonews.net.br\/2022\/wp-content\/uploads\/2023\/07\/Imagem-do-WhatsApp-de-2023-07-14-as-15.59.29.jpg","width":1600,"height":1134},{"@type":"BreadcrumbList","@id":"https:\/\/regiaonews.net.br\/2022\/2023\/07\/17\/consorcio-barretos-inteligente-apresenta-primeiros-numeros-da-operacao-dedicada-a-iluminacao-publica\/#breadcrumb","itemListElement":[{"@type":"ListItem","position":1,"name":"In\u00edcio","item":"https:\/\/regiaonews.net.br\/2022\/"},{"@type":"ListItem","position":2,"name":"Cons\u00f3rcio Barretos Inteligente apresenta primeiros n\u00fameros da opera\u00e7\u00e3o dedicada \u00e0 ilumina\u00e7\u00e3o p\u00fablica"}]},{"@type":"WebSite","@id":"https:\/\/regiaonews.net.br\/2022\/#website","url":"https:\/\/regiaonews.net.br\/2022\/","name":"Regi\u00e3o News","description":"Site de Not\u00edcias de Barretos e regi\u00e3o","publisher":{"@id":"https:\/\/regiaonews.net.br\/2022\/#organization"},"potentialAction":[{"@type":"SearchAction","target":{"@type":"EntryPoint","urlTemplate":"https:\/\/regiaonews.net.br\/2022\/?s={search_term_string}"},"query-input":{"@type":"PropertyValueSpecification","valueRequired":true,"valueName":"search_term_string"}}],"inLanguage":"pt-BR"},{"@type":"Organization","@id":"https:\/\/regiaonews.net.br\/2022\/#organization","name":"Regi\u00e3o News","url":"https:\/\/regiaonews.net.br\/2022\/","logo":{"@type":"ImageObject","inLanguage":"pt-BR","@id":"https:\/\/regiaonews.net.br\/2022\/#\/schema\/logo\/image\/","url":"https:\/\/regiaonews.net.br\/2022\/wp-content\/uploads\/2026\/03\/regiao-13-anos-scaled.jpg","contentUrl":"https:\/\/regiaonews.net.br\/2022\/wp-content\/uploads\/2026\/03\/regiao-13-anos-scaled.jpg","width":2560,"height":635,"caption":"Regi\u00e3o News"},"image":{"@id":"https:\/\/regiaonews.net.br\/2022\/#\/schema\/logo\/image\/"}},{"@type":"Person","@id":"https:\/\/regiaonews.net.br\/2022\/#\/schema\/person\/2d205a608a5aa97ac279d7a5e6d89ad8","name":"Roberto","image":{"@type":"ImageObject","inLanguage":"pt-BR","@id":"https:\/\/secure.gravatar.com\/avatar\/42749d8b712ff9d59ca93dc150494e5b55a44134482993f5baeb97e61b7ecc89?s=96&d=mm&r=g","url":"https:\/\/secure.gravatar.com\/avatar\/42749d8b712ff9d59ca93dc150494e5b55a44134482993f5baeb97e61b7ecc89?s=96&d=mm&r=g","contentUrl":"https:\/\/secure.gravatar.com\/avatar\/42749d8b712ff9d59ca93dc150494e5b55a44134482993f5baeb97e61b7ecc89?s=96&d=mm&r=g","caption":"Roberto"},"url":"https:\/\/regiaonews.net.br\/2022\/author\/roberto\/"}]}},"publishpress_future_action":{"enabled":false,"date":"2026-05-03 21:37:11","action":"change-status","newStatus":"draft","terms":[],"taxonomy":"category","extraData":[]},"publishpress_future_workflow_manual_trigger":{"enabledWorkflows":[]},"_links":{"self":[{"href":"https:\/\/regiaonews.net.br\/2022\/wp-json\/wp\/v2\/posts\/91783","targetHints":{"allow":["GET"]}}],"collection":[{"href":"https:\/\/regiaonews.net.br\/2022\/wp-json\/wp\/v2\/posts"}],"about":[{"href":"https:\/\/regiaonews.net.br\/2022\/wp-json\/wp\/v2\/types\/post"}],"author":[{"embeddable":true,"href":"https:\/\/regiaonews.net.br\/2022\/wp-json\/wp\/v2\/users\/2"}],"replies":[{"embeddable":true,"href":"https:\/\/regiaonews.net.br\/2022\/wp-json\/wp\/v2\/comments?post=91783"}],"version-history":[{"count":1,"href":"https:\/\/regiaonews.net.br\/2022\/wp-json\/wp\/v2\/posts\/91783\/revisions"}],"predecessor-version":[{"id":91785,"href":"https:\/\/regiaonews.net.br\/2022\/wp-json\/wp\/v2\/posts\/91783\/revisions\/91785"}],"wp:featuredmedia":[{"embeddable":true,"href":"https:\/\/regiaonews.net.br\/2022\/wp-json\/wp\/v2\/media\/91784"}],"wp:attachment":[{"href":"https:\/\/regiaonews.net.br\/2022\/wp-json\/wp\/v2\/media?parent=91783"}],"wp:term":[{"taxonomy":"category","embeddable":true,"href":"https:\/\/regiaonews.net.br\/2022\/wp-json\/wp\/v2\/categories?post=91783"},{"taxonomy":"post_tag","embeddable":true,"href":"https:\/\/regiaonews.net.br\/2022\/wp-json\/wp\/v2\/tags?post=91783"}],"curies":[{"name":"wp","href":"https:\/\/api.w.org\/{rel}","templated":true}]}}