{"id":91760,"date":"2023-07-16T19:28:23","date_gmt":"2023-07-16T22:28:23","guid":{"rendered":"https:\/\/regiaonews.net.br\/2022\/?p=91760"},"modified":"2023-07-16T19:29:17","modified_gmt":"2023-07-16T22:29:17","slug":"bebedouro-tera-feirao-de-empregos-no-dia-19","status":"publish","type":"post","link":"https:\/\/regiaonews.net.br\/2022\/2023\/07\/16\/bebedouro-tera-feirao-de-empregos-no-dia-19\/","title":{"rendered":"Bebedouro ter\u00e1 feir\u00e3o de empregos no dia 19"},"content":{"rendered":"<p>&nbsp;<\/p>\n<p>Feir\u00e3o de Empregos acontece em agosto gerando oportunidades para a popula\u00e7\u00e3o<\/p>\n<p>A Prefeitura de Bebedouro atrav\u00e9s da Secretaria Municipal de Desenvolvimento Econ\u00f4mico, Gera\u00e7\u00e3o de Emprego e Renda, realizar\u00e1 mais uma edi\u00e7\u00e3o do Feir\u00e3o de Empregos. A a\u00e7\u00e3o tem como objetivo aproximar os candidatos junto as empresas com a oferta de vagas de empregos.<\/p>\n<p>O Feir\u00e3o de Empregos acontecer\u00e1 no dia 19 de agosto (s\u00e1bado), das 9h \u00e0s 15h, nas depend\u00eancias do Imesb (Instituto Municipal de Ensino Superior \u201cVict\u00f3rio Cardassi\u201d) localizado na Rua Nelson Domingos Madeira, 300, Parque Eldorado.<br \/>\n\u201cEsperamos reunir aproximadamente de 30 a 50 empresas, com vagas a ofertar, para que as pessoas, que buscam uma recoloca\u00e7\u00e3o no mercado de trabalho, possam ter ci\u00eancia dessas oportunidades e, se tiverem o perfil adequado, possam ser contratadas\u201d, afirma Renata Martinez, Diretora da Escola de Governo e uma das colaboradoras do evento.<\/p>\n<p>Empresas de renome e credibilidade, entre elas, Solfarma, Credicitrus, Liga Associados, j\u00e1 confirmaram a participa\u00e7\u00e3o no feir\u00e3o. Para as empresas que desejarem participar do evento, dever\u00e3o fazer a inscri\u00e7\u00e3o pelo link, at\u00e9 o dia 31 de julho.<br \/>\nO evento contar\u00e1 com a participa\u00e7\u00e3o do Sebrae, Senac, Etec, Imesb, Unifafibe e Fatec, que oferecer\u00e3o servi\u00e7os, al\u00e9m de mini palestras e divulga\u00e7\u00e3o de cursos.<\/p>\n<p>Inscri\u00e7\u00e3o \u2013 As inscri\u00e7\u00f5es para as empresas participantes devem ser feitas pelo link: https:\/\/forms.gle\/ecCcSPeNrZYQmc276<\/p>\n","protected":false},"excerpt":{"rendered":"<p>&nbsp; Feir\u00e3o de Empregos acontece em agosto gerando oportunidades para<\/p>\n","protected":false},"author":2,"featured_media":91761,"comment_status":"open","ping_status":"open","sticky":false,"template":"","format":"standard","meta":{"footnotes":""},"categories":[4,64],"tags":[],"class_list":["post-91760","post","type-post","status-publish","format-standard","has-post-thumbnail","hentry","category-bebedouro","category-emprego"],"yoast_head":"<!-- This site is optimized with the Yoast SEO plugin v27.4 - https:\/\/yoast.com\/product\/yoast-seo-wordpress\/ -->\n<title>Bebedouro ter\u00e1 feir\u00e3o de empregos no dia 19 - Regi\u00e3o News<\/title>\n<meta name=\"robots\" content=\"index, follow, max-snippet:-1, max-image-preview:large, max-video-preview:-1\" \/>\n<link rel=\"canonical\" href=\"https:\/\/regiaonews.net.br\/2022\/2023\/07\/16\/bebedouro-tera-feirao-de-empregos-no-dia-19\/\" \/>\n<meta property=\"og:locale\" content=\"pt_BR\" \/>\n<meta property=\"og:type\" content=\"article\" \/>\n<meta property=\"og:title\" content=\"Bebedouro ter\u00e1 feir\u00e3o de empregos no dia 19 - Regi\u00e3o News\" \/>\n<meta property=\"og:description\" content=\"&nbsp; Feir\u00e3o de Empregos acontece em agosto gerando oportunidades para\" \/>\n<meta property=\"og:url\" content=\"https:\/\/regiaonews.net.br\/2022\/2023\/07\/16\/bebedouro-tera-feirao-de-empregos-no-dia-19\/\" \/>\n<meta property=\"og:site_name\" content=\"Regi\u00e3o News\" \/>\n<meta property=\"article:published_time\" content=\"2023-07-16T22:28:23+00:00\" \/>\n<meta property=\"article:modified_time\" content=\"2023-07-16T22:29:17+00:00\" \/>\n<meta property=\"og:image\" content=\"https:\/\/regiaonews.net.br\/2022\/wp-content\/uploads\/2023\/07\/IMG-20230716-WA0293.jpg\" \/>\n\t<meta property=\"og:image:width\" content=\"1600\" \/>\n\t<meta property=\"og:image:height\" content=\"1600\" \/>\n\t<meta property=\"og:image:type\" content=\"image\/jpeg\" \/>\n<meta name=\"author\" content=\"Roberto\" \/>\n<meta name=\"twitter:card\" content=\"summary_large_image\" \/>\n<meta name=\"twitter:label1\" content=\"Escrito por\" \/>\n\t<meta name=\"twitter:data1\" content=\"Roberto\" \/>\n\t<meta name=\"twitter:label2\" content=\"Est. tempo de leitura\" \/>\n\t<meta name=\"twitter:data2\" content=\"2 minutos\" \/>\n<script type=\"application\/ld+json\" class=\"yoast-schema-graph\">{\"@context\":\"https:\\\/\\\/schema.org\",\"@graph\":[{\"@type\":\"Article\",\"@id\":\"https:\\\/\\\/regiaonews.net.br\\\/2022\\\/2023\\\/07\\\/16\\\/bebedouro-tera-feirao-de-empregos-no-dia-19\\\/#article\",\"isPartOf\":{\"@id\":\"https:\\\/\\\/regiaonews.net.br\\\/2022\\\/2023\\\/07\\\/16\\\/bebedouro-tera-feirao-de-empregos-no-dia-19\\\/\"},\"author\":{\"name\":\"Roberto\",\"@id\":\"https:\\\/\\\/regiaonews.net.br\\\/2022\\\/#\\\/schema\\\/person\\\/2d205a608a5aa97ac279d7a5e6d89ad8\"},\"headline\":\"Bebedouro ter\u00e1 feir\u00e3o de empregos no dia 19\",\"datePublished\":\"2023-07-16T22:28:23+00:00\",\"dateModified\":\"2023-07-16T22:29:17+00:00\",\"mainEntityOfPage\":{\"@id\":\"https:\\\/\\\/regiaonews.net.br\\\/2022\\\/2023\\\/07\\\/16\\\/bebedouro-tera-feirao-de-empregos-no-dia-19\\\/\"},\"wordCount\":247,\"commentCount\":0,\"publisher\":{\"@id\":\"https:\\\/\\\/regiaonews.net.br\\\/2022\\\/#organization\"},\"image\":{\"@id\":\"https:\\\/\\\/regiaonews.net.br\\\/2022\\\/2023\\\/07\\\/16\\\/bebedouro-tera-feirao-de-empregos-no-dia-19\\\/#primaryimage\"},\"thumbnailUrl\":\"https:\\\/\\\/regiaonews.net.br\\\/2022\\\/wp-content\\\/uploads\\\/2023\\\/07\\\/IMG-20230716-WA0293.jpg\",\"articleSection\":[\"Bebedouro\",\"Emprego\"],\"inLanguage\":\"pt-BR\",\"potentialAction\":[{\"@type\":\"CommentAction\",\"name\":\"Comment\",\"target\":[\"https:\\\/\\\/regiaonews.net.br\\\/2022\\\/2023\\\/07\\\/16\\\/bebedouro-tera-feirao-de-empregos-no-dia-19\\\/#respond\"]}]},{\"@type\":\"WebPage\",\"@id\":\"https:\\\/\\\/regiaonews.net.br\\\/2022\\\/2023\\\/07\\\/16\\\/bebedouro-tera-feirao-de-empregos-no-dia-19\\\/\",\"url\":\"https:\\\/\\\/regiaonews.net.br\\\/2022\\\/2023\\\/07\\\/16\\\/bebedouro-tera-feirao-de-empregos-no-dia-19\\\/\",\"name\":\"Bebedouro ter\u00e1 feir\u00e3o de empregos no dia 19 - Regi\u00e3o News\",\"isPartOf\":{\"@id\":\"https:\\\/\\\/regiaonews.net.br\\\/2022\\\/#website\"},\"primaryImageOfPage\":{\"@id\":\"https:\\\/\\\/regiaonews.net.br\\\/2022\\\/2023\\\/07\\\/16\\\/bebedouro-tera-feirao-de-empregos-no-dia-19\\\/#primaryimage\"},\"image\":{\"@id\":\"https:\\\/\\\/regiaonews.net.br\\\/2022\\\/2023\\\/07\\\/16\\\/bebedouro-tera-feirao-de-empregos-no-dia-19\\\/#primaryimage\"},\"thumbnailUrl\":\"https:\\\/\\\/regiaonews.net.br\\\/2022\\\/wp-content\\\/uploads\\\/2023\\\/07\\\/IMG-20230716-WA0293.jpg\",\"datePublished\":\"2023-07-16T22:28:23+00:00\",\"dateModified\":\"2023-07-16T22:29:17+00:00\",\"breadcrumb\":{\"@id\":\"https:\\\/\\\/regiaonews.net.br\\\/2022\\\/2023\\\/07\\\/16\\\/bebedouro-tera-feirao-de-empregos-no-dia-19\\\/#breadcrumb\"},\"inLanguage\":\"pt-BR\",\"potentialAction\":[{\"@type\":\"ReadAction\",\"target\":[\"https:\\\/\\\/regiaonews.net.br\\\/2022\\\/2023\\\/07\\\/16\\\/bebedouro-tera-feirao-de-empregos-no-dia-19\\\/\"]}]},{\"@type\":\"ImageObject\",\"inLanguage\":\"pt-BR\",\"@id\":\"https:\\\/\\\/regiaonews.net.br\\\/2022\\\/2023\\\/07\\\/16\\\/bebedouro-tera-feirao-de-empregos-no-dia-19\\\/#primaryimage\",\"url\":\"https:\\\/\\\/regiaonews.net.br\\\/2022\\\/wp-content\\\/uploads\\\/2023\\\/07\\\/IMG-20230716-WA0293.jpg\",\"contentUrl\":\"https:\\\/\\\/regiaonews.net.br\\\/2022\\\/wp-content\\\/uploads\\\/2023\\\/07\\\/IMG-20230716-WA0293.jpg\",\"width\":1600,\"height\":1600},{\"@type\":\"BreadcrumbList\",\"@id\":\"https:\\\/\\\/regiaonews.net.br\\\/2022\\\/2023\\\/07\\\/16\\\/bebedouro-tera-feirao-de-empregos-no-dia-19\\\/#breadcrumb\",\"itemListElement\":[{\"@type\":\"ListItem\",\"position\":1,\"name\":\"In\u00edcio\",\"item\":\"https:\\\/\\\/regiaonews.net.br\\\/2022\\\/\"},{\"@type\":\"ListItem\",\"position\":2,\"name\":\"Bebedouro ter\u00e1 feir\u00e3o de empregos no dia 19\"}]},{\"@type\":\"WebSite\",\"@id\":\"https:\\\/\\\/regiaonews.net.br\\\/2022\\\/#website\",\"url\":\"https:\\\/\\\/regiaonews.net.br\\\/2022\\\/\",\"name\":\"Regi\u00e3o News\",\"description\":\"Site de Not\u00edcias de Barretos e regi\u00e3o\",\"publisher\":{\"@id\":\"https:\\\/\\\/regiaonews.net.br\\\/2022\\\/#organization\"},\"potentialAction\":[{\"@type\":\"SearchAction\",\"target\":{\"@type\":\"EntryPoint\",\"urlTemplate\":\"https:\\\/\\\/regiaonews.net.br\\\/2022\\\/?s={search_term_string}\"},\"query-input\":{\"@type\":\"PropertyValueSpecification\",\"valueRequired\":true,\"valueName\":\"search_term_string\"}}],\"inLanguage\":\"pt-BR\"},{\"@type\":\"Organization\",\"@id\":\"https:\\\/\\\/regiaonews.net.br\\\/2022\\\/#organization\",\"name\":\"Regi\u00e3o News\",\"url\":\"https:\\\/\\\/regiaonews.net.br\\\/2022\\\/\",\"logo\":{\"@type\":\"ImageObject\",\"inLanguage\":\"pt-BR\",\"@id\":\"https:\\\/\\\/regiaonews.net.br\\\/2022\\\/#\\\/schema\\\/logo\\\/image\\\/\",\"url\":\"https:\\\/\\\/regiaonews.net.br\\\/2022\\\/wp-content\\\/uploads\\\/2026\\\/03\\\/regiao-13-anos-scaled.jpg\",\"contentUrl\":\"https:\\\/\\\/regiaonews.net.br\\\/2022\\\/wp-content\\\/uploads\\\/2026\\\/03\\\/regiao-13-anos-scaled.jpg\",\"width\":2560,\"height\":635,\"caption\":\"Regi\u00e3o News\"},\"image\":{\"@id\":\"https:\\\/\\\/regiaonews.net.br\\\/2022\\\/#\\\/schema\\\/logo\\\/image\\\/\"}},{\"@type\":\"Person\",\"@id\":\"https:\\\/\\\/regiaonews.net.br\\\/2022\\\/#\\\/schema\\\/person\\\/2d205a608a5aa97ac279d7a5e6d89ad8\",\"name\":\"Roberto\",\"image\":{\"@type\":\"ImageObject\",\"inLanguage\":\"pt-BR\",\"@id\":\"https:\\\/\\\/secure.gravatar.com\\\/avatar\\\/42749d8b712ff9d59ca93dc150494e5b55a44134482993f5baeb97e61b7ecc89?s=96&d=mm&r=g\",\"url\":\"https:\\\/\\\/secure.gravatar.com\\\/avatar\\\/42749d8b712ff9d59ca93dc150494e5b55a44134482993f5baeb97e61b7ecc89?s=96&d=mm&r=g\",\"contentUrl\":\"https:\\\/\\\/secure.gravatar.com\\\/avatar\\\/42749d8b712ff9d59ca93dc150494e5b55a44134482993f5baeb97e61b7ecc89?s=96&d=mm&r=g\",\"caption\":\"Roberto\"},\"url\":\"https:\\\/\\\/regiaonews.net.br\\\/2022\\\/author\\\/roberto\\\/\"}]}<\/script>\n<!-- \/ Yoast SEO plugin. -->","yoast_head_json":{"title":"Bebedouro ter\u00e1 feir\u00e3o de empregos no dia 19 - Regi\u00e3o News","robots":{"index":"index","follow":"follow","max-snippet":"max-snippet:-1","max-image-preview":"max-image-preview:large","max-video-preview":"max-video-preview:-1"},"canonical":"https:\/\/regiaonews.net.br\/2022\/2023\/07\/16\/bebedouro-tera-feirao-de-empregos-no-dia-19\/","og_locale":"pt_BR","og_type":"article","og_title":"Bebedouro ter\u00e1 feir\u00e3o de empregos no dia 19 - Regi\u00e3o News","og_description":"&nbsp; Feir\u00e3o de Empregos acontece em agosto gerando oportunidades para","og_url":"https:\/\/regiaonews.net.br\/2022\/2023\/07\/16\/bebedouro-tera-feirao-de-empregos-no-dia-19\/","og_site_name":"Regi\u00e3o News","article_published_time":"2023-07-16T22:28:23+00:00","article_modified_time":"2023-07-16T22:29:17+00:00","og_image":[{"width":1600,"height":1600,"url":"https:\/\/regiaonews.net.br\/2022\/wp-content\/uploads\/2023\/07\/IMG-20230716-WA0293.jpg","type":"image\/jpeg"}],"author":"Roberto","twitter_card":"summary_large_image","twitter_misc":{"Escrito por":"Roberto","Est. tempo de leitura":"2 minutos"},"schema":{"@context":"https:\/\/schema.org","@graph":[{"@type":"Article","@id":"https:\/\/regiaonews.net.br\/2022\/2023\/07\/16\/bebedouro-tera-feirao-de-empregos-no-dia-19\/#article","isPartOf":{"@id":"https:\/\/regiaonews.net.br\/2022\/2023\/07\/16\/bebedouro-tera-feirao-de-empregos-no-dia-19\/"},"author":{"name":"Roberto","@id":"https:\/\/regiaonews.net.br\/2022\/#\/schema\/person\/2d205a608a5aa97ac279d7a5e6d89ad8"},"headline":"Bebedouro ter\u00e1 feir\u00e3o de empregos no dia 19","datePublished":"2023-07-16T22:28:23+00:00","dateModified":"2023-07-16T22:29:17+00:00","mainEntityOfPage":{"@id":"https:\/\/regiaonews.net.br\/2022\/2023\/07\/16\/bebedouro-tera-feirao-de-empregos-no-dia-19\/"},"wordCount":247,"commentCount":0,"publisher":{"@id":"https:\/\/regiaonews.net.br\/2022\/#organization"},"image":{"@id":"https:\/\/regiaonews.net.br\/2022\/2023\/07\/16\/bebedouro-tera-feirao-de-empregos-no-dia-19\/#primaryimage"},"thumbnailUrl":"https:\/\/regiaonews.net.br\/2022\/wp-content\/uploads\/2023\/07\/IMG-20230716-WA0293.jpg","articleSection":["Bebedouro","Emprego"],"inLanguage":"pt-BR","potentialAction":[{"@type":"CommentAction","name":"Comment","target":["https:\/\/regiaonews.net.br\/2022\/2023\/07\/16\/bebedouro-tera-feirao-de-empregos-no-dia-19\/#respond"]}]},{"@type":"WebPage","@id":"https:\/\/regiaonews.net.br\/2022\/2023\/07\/16\/bebedouro-tera-feirao-de-empregos-no-dia-19\/","url":"https:\/\/regiaonews.net.br\/2022\/2023\/07\/16\/bebedouro-tera-feirao-de-empregos-no-dia-19\/","name":"Bebedouro ter\u00e1 feir\u00e3o de empregos no dia 19 - Regi\u00e3o News","isPartOf":{"@id":"https:\/\/regiaonews.net.br\/2022\/#website"},"primaryImageOfPage":{"@id":"https:\/\/regiaonews.net.br\/2022\/2023\/07\/16\/bebedouro-tera-feirao-de-empregos-no-dia-19\/#primaryimage"},"image":{"@id":"https:\/\/regiaonews.net.br\/2022\/2023\/07\/16\/bebedouro-tera-feirao-de-empregos-no-dia-19\/#primaryimage"},"thumbnailUrl":"https:\/\/regiaonews.net.br\/2022\/wp-content\/uploads\/2023\/07\/IMG-20230716-WA0293.jpg","datePublished":"2023-07-16T22:28:23+00:00","dateModified":"2023-07-16T22:29:17+00:00","breadcrumb":{"@id":"https:\/\/regiaonews.net.br\/2022\/2023\/07\/16\/bebedouro-tera-feirao-de-empregos-no-dia-19\/#breadcrumb"},"inLanguage":"pt-BR","potentialAction":[{"@type":"ReadAction","target":["https:\/\/regiaonews.net.br\/2022\/2023\/07\/16\/bebedouro-tera-feirao-de-empregos-no-dia-19\/"]}]},{"@type":"ImageObject","inLanguage":"pt-BR","@id":"https:\/\/regiaonews.net.br\/2022\/2023\/07\/16\/bebedouro-tera-feirao-de-empregos-no-dia-19\/#primaryimage","url":"https:\/\/regiaonews.net.br\/2022\/wp-content\/uploads\/2023\/07\/IMG-20230716-WA0293.jpg","contentUrl":"https:\/\/regiaonews.net.br\/2022\/wp-content\/uploads\/2023\/07\/IMG-20230716-WA0293.jpg","width":1600,"height":1600},{"@type":"BreadcrumbList","@id":"https:\/\/regiaonews.net.br\/2022\/2023\/07\/16\/bebedouro-tera-feirao-de-empregos-no-dia-19\/#breadcrumb","itemListElement":[{"@type":"ListItem","position":1,"name":"In\u00edcio","item":"https:\/\/regiaonews.net.br\/2022\/"},{"@type":"ListItem","position":2,"name":"Bebedouro ter\u00e1 feir\u00e3o de empregos no dia 19"}]},{"@type":"WebSite","@id":"https:\/\/regiaonews.net.br\/2022\/#website","url":"https:\/\/regiaonews.net.br\/2022\/","name":"Regi\u00e3o News","description":"Site de Not\u00edcias de Barretos e regi\u00e3o","publisher":{"@id":"https:\/\/regiaonews.net.br\/2022\/#organization"},"potentialAction":[{"@type":"SearchAction","target":{"@type":"EntryPoint","urlTemplate":"https:\/\/regiaonews.net.br\/2022\/?s={search_term_string}"},"query-input":{"@type":"PropertyValueSpecification","valueRequired":true,"valueName":"search_term_string"}}],"inLanguage":"pt-BR"},{"@type":"Organization","@id":"https:\/\/regiaonews.net.br\/2022\/#organization","name":"Regi\u00e3o News","url":"https:\/\/regiaonews.net.br\/2022\/","logo":{"@type":"ImageObject","inLanguage":"pt-BR","@id":"https:\/\/regiaonews.net.br\/2022\/#\/schema\/logo\/image\/","url":"https:\/\/regiaonews.net.br\/2022\/wp-content\/uploads\/2026\/03\/regiao-13-anos-scaled.jpg","contentUrl":"https:\/\/regiaonews.net.br\/2022\/wp-content\/uploads\/2026\/03\/regiao-13-anos-scaled.jpg","width":2560,"height":635,"caption":"Regi\u00e3o News"},"image":{"@id":"https:\/\/regiaonews.net.br\/2022\/#\/schema\/logo\/image\/"}},{"@type":"Person","@id":"https:\/\/regiaonews.net.br\/2022\/#\/schema\/person\/2d205a608a5aa97ac279d7a5e6d89ad8","name":"Roberto","image":{"@type":"ImageObject","inLanguage":"pt-BR","@id":"https:\/\/secure.gravatar.com\/avatar\/42749d8b712ff9d59ca93dc150494e5b55a44134482993f5baeb97e61b7ecc89?s=96&d=mm&r=g","url":"https:\/\/secure.gravatar.com\/avatar\/42749d8b712ff9d59ca93dc150494e5b55a44134482993f5baeb97e61b7ecc89?s=96&d=mm&r=g","contentUrl":"https:\/\/secure.gravatar.com\/avatar\/42749d8b712ff9d59ca93dc150494e5b55a44134482993f5baeb97e61b7ecc89?s=96&d=mm&r=g","caption":"Roberto"},"url":"https:\/\/regiaonews.net.br\/2022\/author\/roberto\/"}]}},"publishpress_future_action":{"enabled":false,"date":"2026-05-03 10:01:47","action":"change-status","newStatus":"draft","terms":[],"taxonomy":"category","extraData":[]},"publishpress_future_workflow_manual_trigger":{"enabledWorkflows":[]},"_links":{"self":[{"href":"https:\/\/regiaonews.net.br\/2022\/wp-json\/wp\/v2\/posts\/91760","targetHints":{"allow":["GET"]}}],"collection":[{"href":"https:\/\/regiaonews.net.br\/2022\/wp-json\/wp\/v2\/posts"}],"about":[{"href":"https:\/\/regiaonews.net.br\/2022\/wp-json\/wp\/v2\/types\/post"}],"author":[{"embeddable":true,"href":"https:\/\/regiaonews.net.br\/2022\/wp-json\/wp\/v2\/users\/2"}],"replies":[{"embeddable":true,"href":"https:\/\/regiaonews.net.br\/2022\/wp-json\/wp\/v2\/comments?post=91760"}],"version-history":[{"count":2,"href":"https:\/\/regiaonews.net.br\/2022\/wp-json\/wp\/v2\/posts\/91760\/revisions"}],"predecessor-version":[{"id":91763,"href":"https:\/\/regiaonews.net.br\/2022\/wp-json\/wp\/v2\/posts\/91760\/revisions\/91763"}],"wp:featuredmedia":[{"embeddable":true,"href":"https:\/\/regiaonews.net.br\/2022\/wp-json\/wp\/v2\/media\/91761"}],"wp:attachment":[{"href":"https:\/\/regiaonews.net.br\/2022\/wp-json\/wp\/v2\/media?parent=91760"}],"wp:term":[{"taxonomy":"category","embeddable":true,"href":"https:\/\/regiaonews.net.br\/2022\/wp-json\/wp\/v2\/categories?post=91760"},{"taxonomy":"post_tag","embeddable":true,"href":"https:\/\/regiaonews.net.br\/2022\/wp-json\/wp\/v2\/tags?post=91760"}],"curies":[{"name":"wp","href":"https:\/\/api.w.org\/{rel}","templated":true}]}}