{"id":91740,"date":"2023-07-15T21:56:18","date_gmt":"2023-07-16T00:56:18","guid":{"rendered":"https:\/\/regiaonews.net.br\/2022\/?p=91740"},"modified":"2023-07-15T21:59:19","modified_gmt":"2023-07-16T00:59:19","slug":"ministro-alexandre-de-moraes-e-hostilizado-na-italia-e-tem-filho-agredido","status":"publish","type":"post","link":"https:\/\/regiaonews.net.br\/2022\/2023\/07\/15\/ministro-alexandre-de-moraes-e-hostilizado-na-italia-e-tem-filho-agredido\/","title":{"rendered":"Ministro Alexandre de Moraes \u00e9 hostilizado na It\u00e1lia e tem filho agredido"},"content":{"rendered":"<div class=\"col-lg-12 mb-3\">\n<div class=\"row\">\n<h2 class=\"col-10 offset-1 animated fadeInDown dealy-750 display-6 display-md-4 display-lg-5 font-weight-bold alt-font text-center my-1\" style=\"text-align: left;\"><\/h2>\n<\/div>\n<\/div>\n<div class=\"col-xl-7 offset-xl-1 col-lg-8 offset-lg-0 col-md-10 offset-md-1 mb-3\">\n<div class=\"post-item alt-font\">\n<div class=\"post-item-wrap\">\n<p>O ministro da Justi\u00e7a e Seguran\u00e7a P\u00fablica, Fl\u00e1vio Dino, e o presidente do Congresso Nacional, Rodrigo Pacheco, usaram as redes sociais neste s\u00e1bado (15) para condenar a agress\u00e3o sofrida pelo ministro do Supremo Tribunal Federal Alexandre de Moraes em um aeroporto, em Roma. Segundo informa\u00e7\u00f5es divulgadas por ve\u00edculos de imprensa, o magistrado foi hostilizado na capital italiana e seu filho chegou a ser agredido com um soco no rosto.<img decoding=\"async\" src=\"https:\/\/agenciabrasil.ebc.com.br\/ebc.png?id=1544085&amp;o=node\" \/><img decoding=\"async\" src=\"https:\/\/agenciabrasil.ebc.com.br\/ebc.gif?id=1544085&amp;o=node\" \/><\/p>\n<p>\u201cAt\u00e9 quando essa gente extremista vai agredir agentes p\u00fablicos, em locais p\u00fablicos, mesmo quando acompanhados de suas fam\u00edlias? Comportamento criminoso de quem acha que pode fazer qualquer coisa por ter dinheiro no bolso. Querem ser \u2018elite\u2019 mas n\u00e3o tem a educa\u00e7\u00e3o mais elementar\u201d, criticou Dino em sua conta no Twitter.<\/p>\n<p>Pacheco usou a mesma plataforma para condenar o ato. Ele considerou \u201cinaceit\u00e1vel\u201d a agress\u00e3o sofrida pelo magistrado e sua fam\u00edlia e afirmou que tal comportamento distancia do pa\u00eds do progresso.<\/p>\n<\/div>\n<\/div>\n<\/div>\n","protected":false},"excerpt":{"rendered":"<p>O ministro da Justi\u00e7a e Seguran\u00e7a P\u00fablica, Fl\u00e1vio Dino, e<\/p>\n","protected":false},"author":2,"featured_media":80491,"comment_status":"open","ping_status":"open","sticky":false,"template":"","format":"standard","meta":{"footnotes":""},"categories":[31,22],"tags":[],"class_list":["post-91740","post","type-post","status-publish","format-standard","has-post-thumbnail","hentry","category-internacional","category-politica"],"yoast_head":"<!-- This site is optimized with the Yoast SEO plugin v27.4 - https:\/\/yoast.com\/product\/yoast-seo-wordpress\/ -->\n<title>Ministro Alexandre de Moraes \u00e9 hostilizado na It\u00e1lia e tem<\/title>\n<meta name=\"description\" content=\"ministro da Justi\u00e7a e Seguran\u00e7a P\u00fablica, Fl\u00e1vio Dino, e o presidente do Congresso Nacional, Rodrigo Pacheco, usaram as redes sociais neste\" \/>\n<meta name=\"robots\" content=\"index, follow, max-snippet:-1, max-image-preview:large, max-video-preview:-1\" \/>\n<link rel=\"canonical\" href=\"https:\/\/regiaonews.net.br\/2022\/2023\/07\/15\/ministro-alexandre-de-moraes-e-hostilizado-na-italia-e-tem-filho-agredido\/\" \/>\n<meta property=\"og:locale\" content=\"pt_BR\" \/>\n<meta property=\"og:type\" content=\"article\" \/>\n<meta property=\"og:title\" content=\"Ministro Alexandre de Moraes \u00e9 hostilizado na It\u00e1lia e tem\" \/>\n<meta property=\"og:description\" content=\"ministro da Justi\u00e7a e Seguran\u00e7a P\u00fablica, Fl\u00e1vio Dino, e o presidente do Congresso Nacional, Rodrigo Pacheco, usaram as redes sociais neste\" \/>\n<meta property=\"og:url\" content=\"https:\/\/regiaonews.net.br\/2022\/2023\/07\/15\/ministro-alexandre-de-moraes-e-hostilizado-na-italia-e-tem-filho-agredido\/\" \/>\n<meta property=\"og:site_name\" content=\"Regi\u00e3o News\" \/>\n<meta property=\"article:published_time\" content=\"2023-07-16T00:56:18+00:00\" \/>\n<meta property=\"article:modified_time\" content=\"2023-07-16T00:59:19+00:00\" \/>\n<meta property=\"og:image\" content=\"https:\/\/regiaonews.net.br\/2022\/wp-content\/uploads\/2022\/11\/fcpzzb_abr_2111198492.jpg\" \/>\n\t<meta property=\"og:image:width\" content=\"1170\" \/>\n\t<meta property=\"og:image:height\" content=\"700\" \/>\n\t<meta property=\"og:image:type\" content=\"image\/jpeg\" \/>\n<meta name=\"author\" content=\"Roberto\" \/>\n<meta name=\"twitter:card\" content=\"summary_large_image\" \/>\n<meta name=\"twitter:label1\" content=\"Escrito por\" \/>\n\t<meta name=\"twitter:data1\" content=\"Roberto\" \/>\n\t<meta name=\"twitter:label2\" content=\"Est. tempo de leitura\" \/>\n\t<meta name=\"twitter:data2\" content=\"2 minutos\" \/>\n<script type=\"application\/ld+json\" class=\"yoast-schema-graph\">{\"@context\":\"https:\\\/\\\/schema.org\",\"@graph\":[{\"@type\":\"Article\",\"@id\":\"https:\\\/\\\/regiaonews.net.br\\\/2022\\\/2023\\\/07\\\/15\\\/ministro-alexandre-de-moraes-e-hostilizado-na-italia-e-tem-filho-agredido\\\/#article\",\"isPartOf\":{\"@id\":\"https:\\\/\\\/regiaonews.net.br\\\/2022\\\/2023\\\/07\\\/15\\\/ministro-alexandre-de-moraes-e-hostilizado-na-italia-e-tem-filho-agredido\\\/\"},\"author\":{\"name\":\"Roberto\",\"@id\":\"https:\\\/\\\/regiaonews.net.br\\\/2022\\\/#\\\/schema\\\/person\\\/2d205a608a5aa97ac279d7a5e6d89ad8\"},\"headline\":\"Ministro Alexandre de Moraes \u00e9 hostilizado na It\u00e1lia e tem filho agredido\",\"datePublished\":\"2023-07-16T00:56:18+00:00\",\"dateModified\":\"2023-07-16T00:59:19+00:00\",\"mainEntityOfPage\":{\"@id\":\"https:\\\/\\\/regiaonews.net.br\\\/2022\\\/2023\\\/07\\\/15\\\/ministro-alexandre-de-moraes-e-hostilizado-na-italia-e-tem-filho-agredido\\\/\"},\"wordCount\":177,\"commentCount\":0,\"publisher\":{\"@id\":\"https:\\\/\\\/regiaonews.net.br\\\/2022\\\/#organization\"},\"image\":{\"@id\":\"https:\\\/\\\/regiaonews.net.br\\\/2022\\\/2023\\\/07\\\/15\\\/ministro-alexandre-de-moraes-e-hostilizado-na-italia-e-tem-filho-agredido\\\/#primaryimage\"},\"thumbnailUrl\":\"https:\\\/\\\/regiaonews.net.br\\\/2022\\\/wp-content\\\/uploads\\\/2022\\\/11\\\/fcpzzb_abr_2111198492.jpg\",\"articleSection\":[\"Internacional\",\"Pol\u00edtica\"],\"inLanguage\":\"pt-BR\",\"potentialAction\":[{\"@type\":\"CommentAction\",\"name\":\"Comment\",\"target\":[\"https:\\\/\\\/regiaonews.net.br\\\/2022\\\/2023\\\/07\\\/15\\\/ministro-alexandre-de-moraes-e-hostilizado-na-italia-e-tem-filho-agredido\\\/#respond\"]}]},{\"@type\":\"WebPage\",\"@id\":\"https:\\\/\\\/regiaonews.net.br\\\/2022\\\/2023\\\/07\\\/15\\\/ministro-alexandre-de-moraes-e-hostilizado-na-italia-e-tem-filho-agredido\\\/\",\"url\":\"https:\\\/\\\/regiaonews.net.br\\\/2022\\\/2023\\\/07\\\/15\\\/ministro-alexandre-de-moraes-e-hostilizado-na-italia-e-tem-filho-agredido\\\/\",\"name\":\"Ministro Alexandre de Moraes \u00e9 hostilizado na It\u00e1lia e tem\",\"isPartOf\":{\"@id\":\"https:\\\/\\\/regiaonews.net.br\\\/2022\\\/#website\"},\"primaryImageOfPage\":{\"@id\":\"https:\\\/\\\/regiaonews.net.br\\\/2022\\\/2023\\\/07\\\/15\\\/ministro-alexandre-de-moraes-e-hostilizado-na-italia-e-tem-filho-agredido\\\/#primaryimage\"},\"image\":{\"@id\":\"https:\\\/\\\/regiaonews.net.br\\\/2022\\\/2023\\\/07\\\/15\\\/ministro-alexandre-de-moraes-e-hostilizado-na-italia-e-tem-filho-agredido\\\/#primaryimage\"},\"thumbnailUrl\":\"https:\\\/\\\/regiaonews.net.br\\\/2022\\\/wp-content\\\/uploads\\\/2022\\\/11\\\/fcpzzb_abr_2111198492.jpg\",\"datePublished\":\"2023-07-16T00:56:18+00:00\",\"dateModified\":\"2023-07-16T00:59:19+00:00\",\"description\":\"ministro da Justi\u00e7a e Seguran\u00e7a P\u00fablica, Fl\u00e1vio Dino, e o presidente do Congresso Nacional, Rodrigo Pacheco, usaram as redes sociais neste\",\"breadcrumb\":{\"@id\":\"https:\\\/\\\/regiaonews.net.br\\\/2022\\\/2023\\\/07\\\/15\\\/ministro-alexandre-de-moraes-e-hostilizado-na-italia-e-tem-filho-agredido\\\/#breadcrumb\"},\"inLanguage\":\"pt-BR\",\"potentialAction\":[{\"@type\":\"ReadAction\",\"target\":[\"https:\\\/\\\/regiaonews.net.br\\\/2022\\\/2023\\\/07\\\/15\\\/ministro-alexandre-de-moraes-e-hostilizado-na-italia-e-tem-filho-agredido\\\/\"]}]},{\"@type\":\"ImageObject\",\"inLanguage\":\"pt-BR\",\"@id\":\"https:\\\/\\\/regiaonews.net.br\\\/2022\\\/2023\\\/07\\\/15\\\/ministro-alexandre-de-moraes-e-hostilizado-na-italia-e-tem-filho-agredido\\\/#primaryimage\",\"url\":\"https:\\\/\\\/regiaonews.net.br\\\/2022\\\/wp-content\\\/uploads\\\/2022\\\/11\\\/fcpzzb_abr_2111198492.jpg\",\"contentUrl\":\"https:\\\/\\\/regiaonews.net.br\\\/2022\\\/wp-content\\\/uploads\\\/2022\\\/11\\\/fcpzzb_abr_2111198492.jpg\",\"width\":1170,\"height\":700,\"caption\":\"O ministro Alexandre de Moraes, durante sess\u00e3o de julgamento sobre limite para compartilhamento de dados fiscais\"},{\"@type\":\"BreadcrumbList\",\"@id\":\"https:\\\/\\\/regiaonews.net.br\\\/2022\\\/2023\\\/07\\\/15\\\/ministro-alexandre-de-moraes-e-hostilizado-na-italia-e-tem-filho-agredido\\\/#breadcrumb\",\"itemListElement\":[{\"@type\":\"ListItem\",\"position\":1,\"name\":\"In\u00edcio\",\"item\":\"https:\\\/\\\/regiaonews.net.br\\\/2022\\\/\"},{\"@type\":\"ListItem\",\"position\":2,\"name\":\"Ministro Alexandre de Moraes \u00e9 hostilizado na It\u00e1lia e tem filho agredido\"}]},{\"@type\":\"WebSite\",\"@id\":\"https:\\\/\\\/regiaonews.net.br\\\/2022\\\/#website\",\"url\":\"https:\\\/\\\/regiaonews.net.br\\\/2022\\\/\",\"name\":\"Regi\u00e3o News\",\"description\":\"Site de Not\u00edcias de Barretos e regi\u00e3o\",\"publisher\":{\"@id\":\"https:\\\/\\\/regiaonews.net.br\\\/2022\\\/#organization\"},\"potentialAction\":[{\"@type\":\"SearchAction\",\"target\":{\"@type\":\"EntryPoint\",\"urlTemplate\":\"https:\\\/\\\/regiaonews.net.br\\\/2022\\\/?s={search_term_string}\"},\"query-input\":{\"@type\":\"PropertyValueSpecification\",\"valueRequired\":true,\"valueName\":\"search_term_string\"}}],\"inLanguage\":\"pt-BR\"},{\"@type\":\"Organization\",\"@id\":\"https:\\\/\\\/regiaonews.net.br\\\/2022\\\/#organization\",\"name\":\"Regi\u00e3o News\",\"url\":\"https:\\\/\\\/regiaonews.net.br\\\/2022\\\/\",\"logo\":{\"@type\":\"ImageObject\",\"inLanguage\":\"pt-BR\",\"@id\":\"https:\\\/\\\/regiaonews.net.br\\\/2022\\\/#\\\/schema\\\/logo\\\/image\\\/\",\"url\":\"https:\\\/\\\/regiaonews.net.br\\\/2022\\\/wp-content\\\/uploads\\\/2026\\\/03\\\/regiao-13-anos-scaled.jpg\",\"contentUrl\":\"https:\\\/\\\/regiaonews.net.br\\\/2022\\\/wp-content\\\/uploads\\\/2026\\\/03\\\/regiao-13-anos-scaled.jpg\",\"width\":2560,\"height\":635,\"caption\":\"Regi\u00e3o News\"},\"image\":{\"@id\":\"https:\\\/\\\/regiaonews.net.br\\\/2022\\\/#\\\/schema\\\/logo\\\/image\\\/\"}},{\"@type\":\"Person\",\"@id\":\"https:\\\/\\\/regiaonews.net.br\\\/2022\\\/#\\\/schema\\\/person\\\/2d205a608a5aa97ac279d7a5e6d89ad8\",\"name\":\"Roberto\",\"image\":{\"@type\":\"ImageObject\",\"inLanguage\":\"pt-BR\",\"@id\":\"https:\\\/\\\/secure.gravatar.com\\\/avatar\\\/42749d8b712ff9d59ca93dc150494e5b55a44134482993f5baeb97e61b7ecc89?s=96&d=mm&r=g\",\"url\":\"https:\\\/\\\/secure.gravatar.com\\\/avatar\\\/42749d8b712ff9d59ca93dc150494e5b55a44134482993f5baeb97e61b7ecc89?s=96&d=mm&r=g\",\"contentUrl\":\"https:\\\/\\\/secure.gravatar.com\\\/avatar\\\/42749d8b712ff9d59ca93dc150494e5b55a44134482993f5baeb97e61b7ecc89?s=96&d=mm&r=g\",\"caption\":\"Roberto\"},\"url\":\"https:\\\/\\\/regiaonews.net.br\\\/2022\\\/author\\\/roberto\\\/\"}]}<\/script>\n<!-- \/ Yoast SEO plugin. -->","yoast_head_json":{"title":"Ministro Alexandre de Moraes \u00e9 hostilizado na It\u00e1lia e tem","description":"ministro da Justi\u00e7a e Seguran\u00e7a P\u00fablica, Fl\u00e1vio Dino, e o presidente do Congresso Nacional, Rodrigo Pacheco, usaram as redes sociais neste","robots":{"index":"index","follow":"follow","max-snippet":"max-snippet:-1","max-image-preview":"max-image-preview:large","max-video-preview":"max-video-preview:-1"},"canonical":"https:\/\/regiaonews.net.br\/2022\/2023\/07\/15\/ministro-alexandre-de-moraes-e-hostilizado-na-italia-e-tem-filho-agredido\/","og_locale":"pt_BR","og_type":"article","og_title":"Ministro Alexandre de Moraes \u00e9 hostilizado na It\u00e1lia e tem","og_description":"ministro da Justi\u00e7a e Seguran\u00e7a P\u00fablica, Fl\u00e1vio Dino, e o presidente do Congresso Nacional, Rodrigo Pacheco, usaram as redes sociais neste","og_url":"https:\/\/regiaonews.net.br\/2022\/2023\/07\/15\/ministro-alexandre-de-moraes-e-hostilizado-na-italia-e-tem-filho-agredido\/","og_site_name":"Regi\u00e3o News","article_published_time":"2023-07-16T00:56:18+00:00","article_modified_time":"2023-07-16T00:59:19+00:00","og_image":[{"width":1170,"height":700,"url":"https:\/\/regiaonews.net.br\/2022\/wp-content\/uploads\/2022\/11\/fcpzzb_abr_2111198492.jpg","type":"image\/jpeg"}],"author":"Roberto","twitter_card":"summary_large_image","twitter_misc":{"Escrito por":"Roberto","Est. tempo de leitura":"2 minutos"},"schema":{"@context":"https:\/\/schema.org","@graph":[{"@type":"Article","@id":"https:\/\/regiaonews.net.br\/2022\/2023\/07\/15\/ministro-alexandre-de-moraes-e-hostilizado-na-italia-e-tem-filho-agredido\/#article","isPartOf":{"@id":"https:\/\/regiaonews.net.br\/2022\/2023\/07\/15\/ministro-alexandre-de-moraes-e-hostilizado-na-italia-e-tem-filho-agredido\/"},"author":{"name":"Roberto","@id":"https:\/\/regiaonews.net.br\/2022\/#\/schema\/person\/2d205a608a5aa97ac279d7a5e6d89ad8"},"headline":"Ministro Alexandre de Moraes \u00e9 hostilizado na It\u00e1lia e tem filho agredido","datePublished":"2023-07-16T00:56:18+00:00","dateModified":"2023-07-16T00:59:19+00:00","mainEntityOfPage":{"@id":"https:\/\/regiaonews.net.br\/2022\/2023\/07\/15\/ministro-alexandre-de-moraes-e-hostilizado-na-italia-e-tem-filho-agredido\/"},"wordCount":177,"commentCount":0,"publisher":{"@id":"https:\/\/regiaonews.net.br\/2022\/#organization"},"image":{"@id":"https:\/\/regiaonews.net.br\/2022\/2023\/07\/15\/ministro-alexandre-de-moraes-e-hostilizado-na-italia-e-tem-filho-agredido\/#primaryimage"},"thumbnailUrl":"https:\/\/regiaonews.net.br\/2022\/wp-content\/uploads\/2022\/11\/fcpzzb_abr_2111198492.jpg","articleSection":["Internacional","Pol\u00edtica"],"inLanguage":"pt-BR","potentialAction":[{"@type":"CommentAction","name":"Comment","target":["https:\/\/regiaonews.net.br\/2022\/2023\/07\/15\/ministro-alexandre-de-moraes-e-hostilizado-na-italia-e-tem-filho-agredido\/#respond"]}]},{"@type":"WebPage","@id":"https:\/\/regiaonews.net.br\/2022\/2023\/07\/15\/ministro-alexandre-de-moraes-e-hostilizado-na-italia-e-tem-filho-agredido\/","url":"https:\/\/regiaonews.net.br\/2022\/2023\/07\/15\/ministro-alexandre-de-moraes-e-hostilizado-na-italia-e-tem-filho-agredido\/","name":"Ministro Alexandre de Moraes \u00e9 hostilizado na It\u00e1lia e tem","isPartOf":{"@id":"https:\/\/regiaonews.net.br\/2022\/#website"},"primaryImageOfPage":{"@id":"https:\/\/regiaonews.net.br\/2022\/2023\/07\/15\/ministro-alexandre-de-moraes-e-hostilizado-na-italia-e-tem-filho-agredido\/#primaryimage"},"image":{"@id":"https:\/\/regiaonews.net.br\/2022\/2023\/07\/15\/ministro-alexandre-de-moraes-e-hostilizado-na-italia-e-tem-filho-agredido\/#primaryimage"},"thumbnailUrl":"https:\/\/regiaonews.net.br\/2022\/wp-content\/uploads\/2022\/11\/fcpzzb_abr_2111198492.jpg","datePublished":"2023-07-16T00:56:18+00:00","dateModified":"2023-07-16T00:59:19+00:00","description":"ministro da Justi\u00e7a e Seguran\u00e7a P\u00fablica, Fl\u00e1vio Dino, e o presidente do Congresso Nacional, Rodrigo Pacheco, usaram as redes sociais neste","breadcrumb":{"@id":"https:\/\/regiaonews.net.br\/2022\/2023\/07\/15\/ministro-alexandre-de-moraes-e-hostilizado-na-italia-e-tem-filho-agredido\/#breadcrumb"},"inLanguage":"pt-BR","potentialAction":[{"@type":"ReadAction","target":["https:\/\/regiaonews.net.br\/2022\/2023\/07\/15\/ministro-alexandre-de-moraes-e-hostilizado-na-italia-e-tem-filho-agredido\/"]}]},{"@type":"ImageObject","inLanguage":"pt-BR","@id":"https:\/\/regiaonews.net.br\/2022\/2023\/07\/15\/ministro-alexandre-de-moraes-e-hostilizado-na-italia-e-tem-filho-agredido\/#primaryimage","url":"https:\/\/regiaonews.net.br\/2022\/wp-content\/uploads\/2022\/11\/fcpzzb_abr_2111198492.jpg","contentUrl":"https:\/\/regiaonews.net.br\/2022\/wp-content\/uploads\/2022\/11\/fcpzzb_abr_2111198492.jpg","width":1170,"height":700,"caption":"O ministro Alexandre de Moraes, durante sess\u00e3o de julgamento sobre limite para compartilhamento de dados fiscais"},{"@type":"BreadcrumbList","@id":"https:\/\/regiaonews.net.br\/2022\/2023\/07\/15\/ministro-alexandre-de-moraes-e-hostilizado-na-italia-e-tem-filho-agredido\/#breadcrumb","itemListElement":[{"@type":"ListItem","position":1,"name":"In\u00edcio","item":"https:\/\/regiaonews.net.br\/2022\/"},{"@type":"ListItem","position":2,"name":"Ministro Alexandre de Moraes \u00e9 hostilizado na It\u00e1lia e tem filho agredido"}]},{"@type":"WebSite","@id":"https:\/\/regiaonews.net.br\/2022\/#website","url":"https:\/\/regiaonews.net.br\/2022\/","name":"Regi\u00e3o News","description":"Site de Not\u00edcias de Barretos e regi\u00e3o","publisher":{"@id":"https:\/\/regiaonews.net.br\/2022\/#organization"},"potentialAction":[{"@type":"SearchAction","target":{"@type":"EntryPoint","urlTemplate":"https:\/\/regiaonews.net.br\/2022\/?s={search_term_string}"},"query-input":{"@type":"PropertyValueSpecification","valueRequired":true,"valueName":"search_term_string"}}],"inLanguage":"pt-BR"},{"@type":"Organization","@id":"https:\/\/regiaonews.net.br\/2022\/#organization","name":"Regi\u00e3o News","url":"https:\/\/regiaonews.net.br\/2022\/","logo":{"@type":"ImageObject","inLanguage":"pt-BR","@id":"https:\/\/regiaonews.net.br\/2022\/#\/schema\/logo\/image\/","url":"https:\/\/regiaonews.net.br\/2022\/wp-content\/uploads\/2026\/03\/regiao-13-anos-scaled.jpg","contentUrl":"https:\/\/regiaonews.net.br\/2022\/wp-content\/uploads\/2026\/03\/regiao-13-anos-scaled.jpg","width":2560,"height":635,"caption":"Regi\u00e3o News"},"image":{"@id":"https:\/\/regiaonews.net.br\/2022\/#\/schema\/logo\/image\/"}},{"@type":"Person","@id":"https:\/\/regiaonews.net.br\/2022\/#\/schema\/person\/2d205a608a5aa97ac279d7a5e6d89ad8","name":"Roberto","image":{"@type":"ImageObject","inLanguage":"pt-BR","@id":"https:\/\/secure.gravatar.com\/avatar\/42749d8b712ff9d59ca93dc150494e5b55a44134482993f5baeb97e61b7ecc89?s=96&d=mm&r=g","url":"https:\/\/secure.gravatar.com\/avatar\/42749d8b712ff9d59ca93dc150494e5b55a44134482993f5baeb97e61b7ecc89?s=96&d=mm&r=g","contentUrl":"https:\/\/secure.gravatar.com\/avatar\/42749d8b712ff9d59ca93dc150494e5b55a44134482993f5baeb97e61b7ecc89?s=96&d=mm&r=g","caption":"Roberto"},"url":"https:\/\/regiaonews.net.br\/2022\/author\/roberto\/"}]}},"publishpress_future_action":{"enabled":false,"date":"2026-05-03 03:40:55","action":"change-status","newStatus":"draft","terms":[],"taxonomy":"category","extraData":[]},"publishpress_future_workflow_manual_trigger":{"enabledWorkflows":[]},"_links":{"self":[{"href":"https:\/\/regiaonews.net.br\/2022\/wp-json\/wp\/v2\/posts\/91740","targetHints":{"allow":["GET"]}}],"collection":[{"href":"https:\/\/regiaonews.net.br\/2022\/wp-json\/wp\/v2\/posts"}],"about":[{"href":"https:\/\/regiaonews.net.br\/2022\/wp-json\/wp\/v2\/types\/post"}],"author":[{"embeddable":true,"href":"https:\/\/regiaonews.net.br\/2022\/wp-json\/wp\/v2\/users\/2"}],"replies":[{"embeddable":true,"href":"https:\/\/regiaonews.net.br\/2022\/wp-json\/wp\/v2\/comments?post=91740"}],"version-history":[{"count":3,"href":"https:\/\/regiaonews.net.br\/2022\/wp-json\/wp\/v2\/posts\/91740\/revisions"}],"predecessor-version":[{"id":91743,"href":"https:\/\/regiaonews.net.br\/2022\/wp-json\/wp\/v2\/posts\/91740\/revisions\/91743"}],"wp:featuredmedia":[{"embeddable":true,"href":"https:\/\/regiaonews.net.br\/2022\/wp-json\/wp\/v2\/media\/80491"}],"wp:attachment":[{"href":"https:\/\/regiaonews.net.br\/2022\/wp-json\/wp\/v2\/media?parent=91740"}],"wp:term":[{"taxonomy":"category","embeddable":true,"href":"https:\/\/regiaonews.net.br\/2022\/wp-json\/wp\/v2\/categories?post=91740"},{"taxonomy":"post_tag","embeddable":true,"href":"https:\/\/regiaonews.net.br\/2022\/wp-json\/wp\/v2\/tags?post=91740"}],"curies":[{"name":"wp","href":"https:\/\/api.w.org\/{rel}","templated":true}]}}