{"id":91735,"date":"2023-07-15T20:41:33","date_gmt":"2023-07-15T23:41:33","guid":{"rendered":"https:\/\/regiaonews.net.br\/2022\/?p=91735"},"modified":"2023-07-15T22:05:55","modified_gmt":"2023-07-16T01:05:55","slug":"banda-de-rock-de-barretos-e-destaque-em-programa","status":"publish","type":"post","link":"https:\/\/regiaonews.net.br\/2022\/2023\/07\/15\/banda-de-rock-de-barretos-e-destaque-em-programa\/","title":{"rendered":"Banda de Rock de Barretos \u00e9 destaque em programa"},"content":{"rendered":"<p>A apresentadora com os m\u00fasicos Alex Robert &#8211; vocal, Nicholas Gameiro &#8211; bateria, Diego Barbosa &#8211; Guitarra e Ramom Campos &#8211; Baixo<\/p>\n<p>Meta \u00e9 chegar a 1.000 bandas entrevistadas pelo Brasil, segundo Kak\u00e1<\/p>\n<p>A apresentadora, musicista e cantora, Kak\u00e1 Shwartzmann, 46 anos, viaja o Brasil em busca de novos talentos do Rock h\u00e1 4 anos. A cantora \u00e9 apresentadora do programa Tour Rock Brasil e seu projeto j\u00e1 ouviu centenas de bandas, e sua meta \u00e9 atingir 1.000 entrevistadas para entrar no Guinness Book com a primeira mulher a bater este recorde mundial.<br \/>\nA apresentadora afirmou que iniciou sua carreira em Santa Catarina em uma TV a Cabo, posteriormente passou pela Band de Santa Catarina e Redetv onde participou de um programa com grandes bandas do cen\u00e1rio nacional. \u201cEu via que n\u00e3o havia espa\u00e7o para as bandas independentes e como sou formada na \u00e1rea t\u00e9cnica, criei o Tour Rock Brasil, onde comecei a viajar o pa\u00eds sozinha, na ra\u00e7a e sem patroc\u00ednio, de carro e com os meus equipamentos, passei a entrevistar as bandas, quando percebi que j\u00e1 estava concorrendo para entrar no Guinesses Book como primeira mulher a fazer esse trabalho\u201d, explicou Kak\u00e1.<br \/>\nEm Barretos, a apresentadora Kak\u00e1 Shwartzmann, veio conhecer a Banda Caborja, para divulgar o trabalho dos m\u00fasicos barretenses em seus programas no Youtube e tamb\u00e9m na R\u00e1dio Kiss FM, em S\u00e3o Paulo. \u201cAl\u00e9m de entrevistar a banda, dou uma consultoria sobre analise de figurino, presen\u00e7a de palco e conecto eles com outras bandas do pa\u00eds\u201d, explicou Kak\u00e1.<br \/>\nAp\u00f3s passar por Barretos, seguiu viagem para Bebedouro, onde estar\u00e1 conversando com os m\u00fasicos da banda Magn\u00e9tica.<\/p>\n","protected":false},"excerpt":{"rendered":"<p>A apresentadora com os m\u00fasicos Alex Robert &#8211; vocal, Nicholas<\/p>\n","protected":false},"author":2,"featured_media":91736,"comment_status":"open","ping_status":"open","sticky":false,"template":"","format":"standard","meta":{"footnotes":""},"categories":[14,25],"tags":[],"class_list":["post-91735","post","type-post","status-publish","format-standard","has-post-thumbnail","hentry","category-barretos","category-cidades"],"yoast_head":"<!-- This site is optimized with the Yoast SEO plugin v27.4 - https:\/\/yoast.com\/product\/yoast-seo-wordpress\/ -->\n<title>Banda de Rock de Barretos \u00e9 destaque em programa - Regi\u00e3o News<\/title>\n<meta name=\"description\" content=\"apresentadora, musicista e cantora, Kak\u00e1 Shwartzmann, 46 anos, viaja o Brasil em busca de novos talentos do Rock h\u00e1 4 anos.\" \/>\n<meta name=\"robots\" content=\"index, follow, max-snippet:-1, max-image-preview:large, max-video-preview:-1\" \/>\n<link rel=\"canonical\" href=\"https:\/\/regiaonews.net.br\/2022\/2023\/07\/15\/banda-de-rock-de-barretos-e-destaque-em-programa\/\" \/>\n<meta property=\"og:locale\" content=\"pt_BR\" \/>\n<meta property=\"og:type\" content=\"article\" \/>\n<meta property=\"og:title\" content=\"Banda de Rock de Barretos \u00e9 destaque em programa - Regi\u00e3o News\" \/>\n<meta property=\"og:description\" content=\"apresentadora, musicista e cantora, Kak\u00e1 Shwartzmann, 46 anos, viaja o Brasil em busca de novos talentos do Rock h\u00e1 4 anos.\" \/>\n<meta property=\"og:url\" content=\"https:\/\/regiaonews.net.br\/2022\/2023\/07\/15\/banda-de-rock-de-barretos-e-destaque-em-programa\/\" \/>\n<meta property=\"og:site_name\" content=\"Regi\u00e3o News\" \/>\n<meta property=\"article:published_time\" content=\"2023-07-15T23:41:33+00:00\" \/>\n<meta property=\"article:modified_time\" content=\"2023-07-16T01:05:55+00:00\" \/>\n<meta property=\"og:image\" content=\"https:\/\/regiaonews.net.br\/2022\/wp-content\/uploads\/2023\/07\/IMG-20230715-WA0399.jpg\" \/>\n\t<meta property=\"og:image:width\" content=\"1599\" \/>\n\t<meta property=\"og:image:height\" content=\"1200\" \/>\n\t<meta property=\"og:image:type\" content=\"image\/jpeg\" \/>\n<meta name=\"author\" content=\"Roberto\" \/>\n<meta name=\"twitter:card\" content=\"summary_large_image\" \/>\n<meta name=\"twitter:label1\" content=\"Escrito por\" \/>\n\t<meta name=\"twitter:data1\" content=\"Roberto\" \/>\n\t<meta name=\"twitter:label2\" content=\"Est. tempo de leitura\" \/>\n\t<meta name=\"twitter:data2\" content=\"2 minutos\" \/>\n<script type=\"application\/ld+json\" class=\"yoast-schema-graph\">{\"@context\":\"https:\\\/\\\/schema.org\",\"@graph\":[{\"@type\":\"Article\",\"@id\":\"https:\\\/\\\/regiaonews.net.br\\\/2022\\\/2023\\\/07\\\/15\\\/banda-de-rock-de-barretos-e-destaque-em-programa\\\/#article\",\"isPartOf\":{\"@id\":\"https:\\\/\\\/regiaonews.net.br\\\/2022\\\/2023\\\/07\\\/15\\\/banda-de-rock-de-barretos-e-destaque-em-programa\\\/\"},\"author\":{\"name\":\"Roberto\",\"@id\":\"https:\\\/\\\/regiaonews.net.br\\\/2022\\\/#\\\/schema\\\/person\\\/2d205a608a5aa97ac279d7a5e6d89ad8\"},\"headline\":\"Banda de Rock de Barretos \u00e9 destaque em programa\",\"datePublished\":\"2023-07-15T23:41:33+00:00\",\"dateModified\":\"2023-07-16T01:05:55+00:00\",\"mainEntityOfPage\":{\"@id\":\"https:\\\/\\\/regiaonews.net.br\\\/2022\\\/2023\\\/07\\\/15\\\/banda-de-rock-de-barretos-e-destaque-em-programa\\\/\"},\"wordCount\":287,\"commentCount\":0,\"publisher\":{\"@id\":\"https:\\\/\\\/regiaonews.net.br\\\/2022\\\/#organization\"},\"image\":{\"@id\":\"https:\\\/\\\/regiaonews.net.br\\\/2022\\\/2023\\\/07\\\/15\\\/banda-de-rock-de-barretos-e-destaque-em-programa\\\/#primaryimage\"},\"thumbnailUrl\":\"https:\\\/\\\/regiaonews.net.br\\\/2022\\\/wp-content\\\/uploads\\\/2023\\\/07\\\/IMG-20230715-WA0399.jpg\",\"articleSection\":[\"Barretos\",\"Cidades\"],\"inLanguage\":\"pt-BR\",\"potentialAction\":[{\"@type\":\"CommentAction\",\"name\":\"Comment\",\"target\":[\"https:\\\/\\\/regiaonews.net.br\\\/2022\\\/2023\\\/07\\\/15\\\/banda-de-rock-de-barretos-e-destaque-em-programa\\\/#respond\"]}]},{\"@type\":\"WebPage\",\"@id\":\"https:\\\/\\\/regiaonews.net.br\\\/2022\\\/2023\\\/07\\\/15\\\/banda-de-rock-de-barretos-e-destaque-em-programa\\\/\",\"url\":\"https:\\\/\\\/regiaonews.net.br\\\/2022\\\/2023\\\/07\\\/15\\\/banda-de-rock-de-barretos-e-destaque-em-programa\\\/\",\"name\":\"Banda de Rock de Barretos \u00e9 destaque em programa - Regi\u00e3o News\",\"isPartOf\":{\"@id\":\"https:\\\/\\\/regiaonews.net.br\\\/2022\\\/#website\"},\"primaryImageOfPage\":{\"@id\":\"https:\\\/\\\/regiaonews.net.br\\\/2022\\\/2023\\\/07\\\/15\\\/banda-de-rock-de-barretos-e-destaque-em-programa\\\/#primaryimage\"},\"image\":{\"@id\":\"https:\\\/\\\/regiaonews.net.br\\\/2022\\\/2023\\\/07\\\/15\\\/banda-de-rock-de-barretos-e-destaque-em-programa\\\/#primaryimage\"},\"thumbnailUrl\":\"https:\\\/\\\/regiaonews.net.br\\\/2022\\\/wp-content\\\/uploads\\\/2023\\\/07\\\/IMG-20230715-WA0399.jpg\",\"datePublished\":\"2023-07-15T23:41:33+00:00\",\"dateModified\":\"2023-07-16T01:05:55+00:00\",\"description\":\"apresentadora, musicista e cantora, Kak\u00e1 Shwartzmann, 46 anos, viaja o Brasil em busca de novos talentos do Rock h\u00e1 4 anos.\",\"breadcrumb\":{\"@id\":\"https:\\\/\\\/regiaonews.net.br\\\/2022\\\/2023\\\/07\\\/15\\\/banda-de-rock-de-barretos-e-destaque-em-programa\\\/#breadcrumb\"},\"inLanguage\":\"pt-BR\",\"potentialAction\":[{\"@type\":\"ReadAction\",\"target\":[\"https:\\\/\\\/regiaonews.net.br\\\/2022\\\/2023\\\/07\\\/15\\\/banda-de-rock-de-barretos-e-destaque-em-programa\\\/\"]}]},{\"@type\":\"ImageObject\",\"inLanguage\":\"pt-BR\",\"@id\":\"https:\\\/\\\/regiaonews.net.br\\\/2022\\\/2023\\\/07\\\/15\\\/banda-de-rock-de-barretos-e-destaque-em-programa\\\/#primaryimage\",\"url\":\"https:\\\/\\\/regiaonews.net.br\\\/2022\\\/wp-content\\\/uploads\\\/2023\\\/07\\\/IMG-20230715-WA0399.jpg\",\"contentUrl\":\"https:\\\/\\\/regiaonews.net.br\\\/2022\\\/wp-content\\\/uploads\\\/2023\\\/07\\\/IMG-20230715-WA0399.jpg\",\"width\":1599,\"height\":1200},{\"@type\":\"BreadcrumbList\",\"@id\":\"https:\\\/\\\/regiaonews.net.br\\\/2022\\\/2023\\\/07\\\/15\\\/banda-de-rock-de-barretos-e-destaque-em-programa\\\/#breadcrumb\",\"itemListElement\":[{\"@type\":\"ListItem\",\"position\":1,\"name\":\"In\u00edcio\",\"item\":\"https:\\\/\\\/regiaonews.net.br\\\/2022\\\/\"},{\"@type\":\"ListItem\",\"position\":2,\"name\":\"Banda de Rock de Barretos \u00e9 destaque em programa\"}]},{\"@type\":\"WebSite\",\"@id\":\"https:\\\/\\\/regiaonews.net.br\\\/2022\\\/#website\",\"url\":\"https:\\\/\\\/regiaonews.net.br\\\/2022\\\/\",\"name\":\"Regi\u00e3o News\",\"description\":\"Site de Not\u00edcias de Barretos e regi\u00e3o\",\"publisher\":{\"@id\":\"https:\\\/\\\/regiaonews.net.br\\\/2022\\\/#organization\"},\"potentialAction\":[{\"@type\":\"SearchAction\",\"target\":{\"@type\":\"EntryPoint\",\"urlTemplate\":\"https:\\\/\\\/regiaonews.net.br\\\/2022\\\/?s={search_term_string}\"},\"query-input\":{\"@type\":\"PropertyValueSpecification\",\"valueRequired\":true,\"valueName\":\"search_term_string\"}}],\"inLanguage\":\"pt-BR\"},{\"@type\":\"Organization\",\"@id\":\"https:\\\/\\\/regiaonews.net.br\\\/2022\\\/#organization\",\"name\":\"Regi\u00e3o News\",\"url\":\"https:\\\/\\\/regiaonews.net.br\\\/2022\\\/\",\"logo\":{\"@type\":\"ImageObject\",\"inLanguage\":\"pt-BR\",\"@id\":\"https:\\\/\\\/regiaonews.net.br\\\/2022\\\/#\\\/schema\\\/logo\\\/image\\\/\",\"url\":\"https:\\\/\\\/regiaonews.net.br\\\/2022\\\/wp-content\\\/uploads\\\/2026\\\/03\\\/regiao-13-anos-scaled.jpg\",\"contentUrl\":\"https:\\\/\\\/regiaonews.net.br\\\/2022\\\/wp-content\\\/uploads\\\/2026\\\/03\\\/regiao-13-anos-scaled.jpg\",\"width\":2560,\"height\":635,\"caption\":\"Regi\u00e3o News\"},\"image\":{\"@id\":\"https:\\\/\\\/regiaonews.net.br\\\/2022\\\/#\\\/schema\\\/logo\\\/image\\\/\"}},{\"@type\":\"Person\",\"@id\":\"https:\\\/\\\/regiaonews.net.br\\\/2022\\\/#\\\/schema\\\/person\\\/2d205a608a5aa97ac279d7a5e6d89ad8\",\"name\":\"Roberto\",\"image\":{\"@type\":\"ImageObject\",\"inLanguage\":\"pt-BR\",\"@id\":\"https:\\\/\\\/secure.gravatar.com\\\/avatar\\\/42749d8b712ff9d59ca93dc150494e5b55a44134482993f5baeb97e61b7ecc89?s=96&d=mm&r=g\",\"url\":\"https:\\\/\\\/secure.gravatar.com\\\/avatar\\\/42749d8b712ff9d59ca93dc150494e5b55a44134482993f5baeb97e61b7ecc89?s=96&d=mm&r=g\",\"contentUrl\":\"https:\\\/\\\/secure.gravatar.com\\\/avatar\\\/42749d8b712ff9d59ca93dc150494e5b55a44134482993f5baeb97e61b7ecc89?s=96&d=mm&r=g\",\"caption\":\"Roberto\"},\"url\":\"https:\\\/\\\/regiaonews.net.br\\\/2022\\\/author\\\/roberto\\\/\"}]}<\/script>\n<!-- \/ Yoast SEO plugin. -->","yoast_head_json":{"title":"Banda de Rock de Barretos \u00e9 destaque em programa - Regi\u00e3o News","description":"apresentadora, musicista e cantora, Kak\u00e1 Shwartzmann, 46 anos, viaja o Brasil em busca de novos talentos do Rock h\u00e1 4 anos.","robots":{"index":"index","follow":"follow","max-snippet":"max-snippet:-1","max-image-preview":"max-image-preview:large","max-video-preview":"max-video-preview:-1"},"canonical":"https:\/\/regiaonews.net.br\/2022\/2023\/07\/15\/banda-de-rock-de-barretos-e-destaque-em-programa\/","og_locale":"pt_BR","og_type":"article","og_title":"Banda de Rock de Barretos \u00e9 destaque em programa - Regi\u00e3o News","og_description":"apresentadora, musicista e cantora, Kak\u00e1 Shwartzmann, 46 anos, viaja o Brasil em busca de novos talentos do Rock h\u00e1 4 anos.","og_url":"https:\/\/regiaonews.net.br\/2022\/2023\/07\/15\/banda-de-rock-de-barretos-e-destaque-em-programa\/","og_site_name":"Regi\u00e3o News","article_published_time":"2023-07-15T23:41:33+00:00","article_modified_time":"2023-07-16T01:05:55+00:00","og_image":[{"width":1599,"height":1200,"url":"https:\/\/regiaonews.net.br\/2022\/wp-content\/uploads\/2023\/07\/IMG-20230715-WA0399.jpg","type":"image\/jpeg"}],"author":"Roberto","twitter_card":"summary_large_image","twitter_misc":{"Escrito por":"Roberto","Est. tempo de leitura":"2 minutos"},"schema":{"@context":"https:\/\/schema.org","@graph":[{"@type":"Article","@id":"https:\/\/regiaonews.net.br\/2022\/2023\/07\/15\/banda-de-rock-de-barretos-e-destaque-em-programa\/#article","isPartOf":{"@id":"https:\/\/regiaonews.net.br\/2022\/2023\/07\/15\/banda-de-rock-de-barretos-e-destaque-em-programa\/"},"author":{"name":"Roberto","@id":"https:\/\/regiaonews.net.br\/2022\/#\/schema\/person\/2d205a608a5aa97ac279d7a5e6d89ad8"},"headline":"Banda de Rock de Barretos \u00e9 destaque em programa","datePublished":"2023-07-15T23:41:33+00:00","dateModified":"2023-07-16T01:05:55+00:00","mainEntityOfPage":{"@id":"https:\/\/regiaonews.net.br\/2022\/2023\/07\/15\/banda-de-rock-de-barretos-e-destaque-em-programa\/"},"wordCount":287,"commentCount":0,"publisher":{"@id":"https:\/\/regiaonews.net.br\/2022\/#organization"},"image":{"@id":"https:\/\/regiaonews.net.br\/2022\/2023\/07\/15\/banda-de-rock-de-barretos-e-destaque-em-programa\/#primaryimage"},"thumbnailUrl":"https:\/\/regiaonews.net.br\/2022\/wp-content\/uploads\/2023\/07\/IMG-20230715-WA0399.jpg","articleSection":["Barretos","Cidades"],"inLanguage":"pt-BR","potentialAction":[{"@type":"CommentAction","name":"Comment","target":["https:\/\/regiaonews.net.br\/2022\/2023\/07\/15\/banda-de-rock-de-barretos-e-destaque-em-programa\/#respond"]}]},{"@type":"WebPage","@id":"https:\/\/regiaonews.net.br\/2022\/2023\/07\/15\/banda-de-rock-de-barretos-e-destaque-em-programa\/","url":"https:\/\/regiaonews.net.br\/2022\/2023\/07\/15\/banda-de-rock-de-barretos-e-destaque-em-programa\/","name":"Banda de Rock de Barretos \u00e9 destaque em programa - Regi\u00e3o News","isPartOf":{"@id":"https:\/\/regiaonews.net.br\/2022\/#website"},"primaryImageOfPage":{"@id":"https:\/\/regiaonews.net.br\/2022\/2023\/07\/15\/banda-de-rock-de-barretos-e-destaque-em-programa\/#primaryimage"},"image":{"@id":"https:\/\/regiaonews.net.br\/2022\/2023\/07\/15\/banda-de-rock-de-barretos-e-destaque-em-programa\/#primaryimage"},"thumbnailUrl":"https:\/\/regiaonews.net.br\/2022\/wp-content\/uploads\/2023\/07\/IMG-20230715-WA0399.jpg","datePublished":"2023-07-15T23:41:33+00:00","dateModified":"2023-07-16T01:05:55+00:00","description":"apresentadora, musicista e cantora, Kak\u00e1 Shwartzmann, 46 anos, viaja o Brasil em busca de novos talentos do Rock h\u00e1 4 anos.","breadcrumb":{"@id":"https:\/\/regiaonews.net.br\/2022\/2023\/07\/15\/banda-de-rock-de-barretos-e-destaque-em-programa\/#breadcrumb"},"inLanguage":"pt-BR","potentialAction":[{"@type":"ReadAction","target":["https:\/\/regiaonews.net.br\/2022\/2023\/07\/15\/banda-de-rock-de-barretos-e-destaque-em-programa\/"]}]},{"@type":"ImageObject","inLanguage":"pt-BR","@id":"https:\/\/regiaonews.net.br\/2022\/2023\/07\/15\/banda-de-rock-de-barretos-e-destaque-em-programa\/#primaryimage","url":"https:\/\/regiaonews.net.br\/2022\/wp-content\/uploads\/2023\/07\/IMG-20230715-WA0399.jpg","contentUrl":"https:\/\/regiaonews.net.br\/2022\/wp-content\/uploads\/2023\/07\/IMG-20230715-WA0399.jpg","width":1599,"height":1200},{"@type":"BreadcrumbList","@id":"https:\/\/regiaonews.net.br\/2022\/2023\/07\/15\/banda-de-rock-de-barretos-e-destaque-em-programa\/#breadcrumb","itemListElement":[{"@type":"ListItem","position":1,"name":"In\u00edcio","item":"https:\/\/regiaonews.net.br\/2022\/"},{"@type":"ListItem","position":2,"name":"Banda de Rock de Barretos \u00e9 destaque em programa"}]},{"@type":"WebSite","@id":"https:\/\/regiaonews.net.br\/2022\/#website","url":"https:\/\/regiaonews.net.br\/2022\/","name":"Regi\u00e3o News","description":"Site de Not\u00edcias de Barretos e regi\u00e3o","publisher":{"@id":"https:\/\/regiaonews.net.br\/2022\/#organization"},"potentialAction":[{"@type":"SearchAction","target":{"@type":"EntryPoint","urlTemplate":"https:\/\/regiaonews.net.br\/2022\/?s={search_term_string}"},"query-input":{"@type":"PropertyValueSpecification","valueRequired":true,"valueName":"search_term_string"}}],"inLanguage":"pt-BR"},{"@type":"Organization","@id":"https:\/\/regiaonews.net.br\/2022\/#organization","name":"Regi\u00e3o News","url":"https:\/\/regiaonews.net.br\/2022\/","logo":{"@type":"ImageObject","inLanguage":"pt-BR","@id":"https:\/\/regiaonews.net.br\/2022\/#\/schema\/logo\/image\/","url":"https:\/\/regiaonews.net.br\/2022\/wp-content\/uploads\/2026\/03\/regiao-13-anos-scaled.jpg","contentUrl":"https:\/\/regiaonews.net.br\/2022\/wp-content\/uploads\/2026\/03\/regiao-13-anos-scaled.jpg","width":2560,"height":635,"caption":"Regi\u00e3o News"},"image":{"@id":"https:\/\/regiaonews.net.br\/2022\/#\/schema\/logo\/image\/"}},{"@type":"Person","@id":"https:\/\/regiaonews.net.br\/2022\/#\/schema\/person\/2d205a608a5aa97ac279d7a5e6d89ad8","name":"Roberto","image":{"@type":"ImageObject","inLanguage":"pt-BR","@id":"https:\/\/secure.gravatar.com\/avatar\/42749d8b712ff9d59ca93dc150494e5b55a44134482993f5baeb97e61b7ecc89?s=96&d=mm&r=g","url":"https:\/\/secure.gravatar.com\/avatar\/42749d8b712ff9d59ca93dc150494e5b55a44134482993f5baeb97e61b7ecc89?s=96&d=mm&r=g","contentUrl":"https:\/\/secure.gravatar.com\/avatar\/42749d8b712ff9d59ca93dc150494e5b55a44134482993f5baeb97e61b7ecc89?s=96&d=mm&r=g","caption":"Roberto"},"url":"https:\/\/regiaonews.net.br\/2022\/author\/roberto\/"}]}},"publishpress_future_action":{"enabled":false,"date":"2026-05-03 02:04:47","action":"change-status","newStatus":"draft","terms":[],"taxonomy":"category","extraData":[]},"publishpress_future_workflow_manual_trigger":{"enabledWorkflows":[]},"_links":{"self":[{"href":"https:\/\/regiaonews.net.br\/2022\/wp-json\/wp\/v2\/posts\/91735","targetHints":{"allow":["GET"]}}],"collection":[{"href":"https:\/\/regiaonews.net.br\/2022\/wp-json\/wp\/v2\/posts"}],"about":[{"href":"https:\/\/regiaonews.net.br\/2022\/wp-json\/wp\/v2\/types\/post"}],"author":[{"embeddable":true,"href":"https:\/\/regiaonews.net.br\/2022\/wp-json\/wp\/v2\/users\/2"}],"replies":[{"embeddable":true,"href":"https:\/\/regiaonews.net.br\/2022\/wp-json\/wp\/v2\/comments?post=91735"}],"version-history":[{"count":3,"href":"https:\/\/regiaonews.net.br\/2022\/wp-json\/wp\/v2\/posts\/91735\/revisions"}],"predecessor-version":[{"id":91739,"href":"https:\/\/regiaonews.net.br\/2022\/wp-json\/wp\/v2\/posts\/91735\/revisions\/91739"}],"wp:featuredmedia":[{"embeddable":true,"href":"https:\/\/regiaonews.net.br\/2022\/wp-json\/wp\/v2\/media\/91736"}],"wp:attachment":[{"href":"https:\/\/regiaonews.net.br\/2022\/wp-json\/wp\/v2\/media?parent=91735"}],"wp:term":[{"taxonomy":"category","embeddable":true,"href":"https:\/\/regiaonews.net.br\/2022\/wp-json\/wp\/v2\/categories?post=91735"},{"taxonomy":"post_tag","embeddable":true,"href":"https:\/\/regiaonews.net.br\/2022\/wp-json\/wp\/v2\/tags?post=91735"}],"curies":[{"name":"wp","href":"https:\/\/api.w.org\/{rel}","templated":true}]}}