{"id":91651,"date":"2023-07-13T22:15:48","date_gmt":"2023-07-14T01:15:48","guid":{"rendered":"https:\/\/regiaonews.net.br\/2022\/?p=91651"},"modified":"2023-07-13T22:15:48","modified_gmt":"2023-07-14T01:15:48","slug":"iguatemi-sao-jose-do-rio-preto-promove-evento-science-place-com-entrada-gratuita","status":"publish","type":"post","link":"https:\/\/regiaonews.net.br\/2022\/2023\/07\/13\/iguatemi-sao-jose-do-rio-preto-promove-evento-science-place-com-entrada-gratuita\/","title":{"rendered":"Iguatemi S\u00e3o Jos\u00e9 do Rio Preto promove evento Science Place com entrada gratuita"},"content":{"rendered":"<p>&nbsp;<\/p>\n<p><em>Em parceria com o \u201cCi\u00eancia em Show\u201d, empreendimento traz experi\u00eancia em julho para agitar ainda mais as f\u00e9rias escolares<\/em><br aria-hidden=\"true\" \/><\/p>\n<p><strong>S\u00e3o Jos\u00e9 do Rio Preto, julho de 2023 &#8211;\u00a0<\/strong>Nos dias 15 e 16 de julho, o Iguatemi S\u00e3o Jos\u00e9 do Rio Preto em parceria com o Ci\u00eancia em Show, proporcionar\u00e1 muita divers\u00e3o, ci\u00eancia e aprendizado para a crian\u00e7ada que estar\u00e1 em busca de aventura nas f\u00e9rias com o evento \u201cScience Place\u201d. Ser\u00e3o tr\u00eas apresenta\u00e7\u00f5es gratuitas de experimentos por dia, que acontecer\u00e3o nos seguintes hor\u00e1rios: 14h, 16h e 18h. Para participar, os pais ou respons\u00e1veis devem agendar no Sympla. (<a title=\"Protegido pelo Outlook: https:\/\/bileto.sympla.com.br\/event\/84870. Clique ou toque para seguir o link.\" href=\"https:\/\/na01.safelinks.protection.outlook.com\/?url=https%3A%2F%2Fbileto.sympla.com.br%2Fevent%2F84870&amp;data=05%7C01%7C%7C30b565f9eb9e4dfa1c3908db83a7144a%7C84df9e7fe9f640afb435aaaaaaaaaaaa%7C1%7C0%7C638248525847616750%7CUnknown%7CTWFpbGZsb3d8eyJWIjoiMC4wLjAwMDAiLCJQIjoiV2luMzIiLCJBTiI6Ik1haWwiLCJXVCI6Mn0%3D%7C3000%7C%7C%7C&amp;sdata=RpYUQGoQCE6oLhbugSRvdggr7dlvl3pXInhxzGJSgJg%3D&amp;reserved=0\" target=\"_blank\" rel=\"noopener noreferrer\" data-auth=\"Verified\" data-linkindex=\"0\">Link<\/a>)\u00a0<br aria-hidden=\"true\" \/><\/p>\n<p>Refor\u00e7ando os pilares de lazer e entretenimento, o shopping oferece uma op\u00e7\u00e3o para que as f\u00e9rias escolares sejam ainda mais alegres e memor\u00e1veis, com um evento recheado de atividades l\u00fadicas e interativas para que as crian\u00e7as aprendam com experimentos super divertidos em uma experi\u00eancia did\u00e1tica. As apresenta\u00e7\u00f5es e\/ou oficinas contam com monitores do Grupo Ci\u00eancia em Show, que conduzem as atividades em uma montagem cheia de humor e com muita ci\u00eancia de maneira simples e pr\u00e1tica.\u00a0<br aria-hidden=\"true\" \/><\/p>\n<p>\u201cEstamos animados em trazer um evento t\u00e3o inovador e especial para que nossos clientes possam levar seus filhos para aproveitarem as f\u00e9rias e ainda aprenderem de forma recreativa. Al\u00e9m de refor\u00e7ar nossos pilares de lazer e entretenimento, refor\u00e7a tamb\u00e9m o pioneirismo do empreendimento na regi\u00e3o, com experi\u00eancias t\u00e3o exclusivas e encantadoras.\u201d afirma Flavia Lania, gerente de marketing do Iguatemi S\u00e3o Jos\u00e9 do Rio Preto.\u00a0<br aria-hidden=\"true\" \/><br aria-hidden=\"true\" \/><strong>SERVI\u00c7O<\/strong><br aria-hidden=\"true\" \/><strong>Evento:<\/strong>\u00a0\u201cScience Place\u201d com Ci\u00eancia em Show<\/p>\n<p><strong>Data:<\/strong>\u00a015 e 16 de julho<\/p>\n<p><strong>Hor\u00e1rios:<\/strong>\u00a0sess\u00f5es \u00e0s 14h, 16h e 18h<\/p>\n<p><strong>Local:\u00a0<\/strong>Shopping Iguatemi S\u00e3o Jos\u00e9 do Rio Preto<\/p>\n<p><strong>Ingressos:\u00a0<\/strong>gratuito mediante reserva no Sympla\u00a0<a title=\"Protegido pelo Outlook: https:\/\/bileto.sympla.com.br\/event\/84870. Clique ou toque para seguir o link.\" href=\"https:\/\/na01.safelinks.protection.outlook.com\/?url=https%3A%2F%2Fbileto.sympla.com.br%2Fevent%2F84870&amp;data=05%7C01%7C%7C30b565f9eb9e4dfa1c3908db83a7144a%7C84df9e7fe9f640afb435aaaaaaaaaaaa%7C1%7C0%7C638248525847616750%7CUnknown%7CTWFpbGZsb3d8eyJWIjoiMC4wLjAwMDAiLCJQIjoiV2luMzIiLCJBTiI6Ik1haWwiLCJXVCI6Mn0%3D%7C3000%7C%7C%7C&amp;sdata=RpYUQGoQCE6oLhbugSRvdggr7dlvl3pXInhxzGJSgJg%3D&amp;reserved=0\" target=\"_blank\" rel=\"noopener noreferrer\" data-auth=\"Verified\" data-linkindex=\"1\">Link<\/a>\u00a0<br aria-hidden=\"true\" \/><\/p>\n<p><strong>O Grupo Ci\u00eancia em Show<\/strong><br aria-hidden=\"true\" \/>Grupo fundado h\u00e1 21 anos no Instituto de F\u00edsica da USP com o prop\u00f3sito de popularizar a ci\u00eancia atrav\u00e9s de diversos meios. Estreou na televis\u00e3o em 2004 abrindo caminho para a tem\u00e1tica cient\u00edfica em programas populares. Ao longo dos anos, conquistou o Brasil com experimentos incr\u00edveis exibidos no SBT, TV Globo, Record TV, TV Cultura, TV Bandeirantes e NatGeo. Consolidou-se mostrando de forma descomplicada que a ci\u00eancia est\u00e1 em tudo e que \u00e9 para todos. Informa\u00e7\u00e3o, presta\u00e7\u00e3o de servi\u00e7o e incentivo ao conhecimento sempre foram pilares para o grupo que pratica uma comunica\u00e7\u00e3o direta e informal, sem perder o rigor t\u00e9cnico. Atualmente o Ci\u00eancia em Show participa do quadro S\u00e1bado Curioso, no Programa \u00c9 de Casa da TV Globo. Mais informa\u00e7\u00f5es:\u00a0<a title=\"Protegido pelo Outlook: https:\/\/www.instagram.com\/scienceplaceoficial\/. Clique ou toque para seguir o link.\" href=\"https:\/\/na01.safelinks.protection.outlook.com\/?url=https%3A%2F%2Fwww.instagram.com%2Fscienceplaceoficial%2F&amp;data=05%7C01%7C%7C30b565f9eb9e4dfa1c3908db83a7144a%7C84df9e7fe9f640afb435aaaaaaaaaaaa%7C1%7C0%7C638248525847616750%7CUnknown%7CTWFpbGZsb3d8eyJWIjoiMC4wLjAwMDAiLCJQIjoiV2luMzIiLCJBTiI6Ik1haWwiLCJXVCI6Mn0%3D%7C3000%7C%7C%7C&amp;sdata=RivEtgqp2H6Sl8x1obRUi1YCFWnaFkCAdOyi4j3Gsfs%3D&amp;reserved=0\" target=\"_blank\" rel=\"noopener noreferrer\" data-auth=\"Verified\" data-linkindex=\"2\">Link<\/a>\u00a0<br aria-hidden=\"true\" \/><\/p>\n<p><strong>Sobre o Iguatemi S\u00e3o Jos\u00e9 do Rio Preto<\/strong><\/p>\n<p>Considerado o primeiro e maior complexo multiuso do Noroeste Paulista, o Iguatemi S\u00e3o Jos\u00e9 do Rio Preto pertence \u00e0 Iguatemi S.A, carrega a excel\u00eancia e pioneirismo da marca em seu DNA. O empreendimento re\u00fane moda, arte, cultura, gastronomia, entretenimento, lazer, servi\u00e7os exclusivos, e conta com o hotel Hyatt Place, uma torre comercial (Iguatemi Business) e o residencial Integrado. Com um ambiente agrad\u00e1vel e aconchegante, pensado para proporcionar experi\u00eancias \u00fanicas e exclusivas, o Iguatemi S\u00e3o Jos\u00e9 do Rio Preto oferece um mix diversificado com marcas conceituadas do varejo nacional e internacional, entretenimento exclusivo e restaurantes renomados que o consolidaram como o principal polo gastron\u00f4mico da regi\u00e3o. Mais informa\u00e7\u00f5es:\u00a0<a title=\"Protegido pelo Outlook: https:\/\/iguatemi.com.br\/saojosedoriopreto\/. Clique ou toque para seguir o link.\" href=\"https:\/\/na01.safelinks.protection.outlook.com\/?url=https%3A%2F%2Figuatemi.com.br%2Fsaojosedoriopreto%2F&amp;data=05%7C01%7C%7C30b565f9eb9e4dfa1c3908db83a7144a%7C84df9e7fe9f640afb435aaaaaaaaaaaa%7C1%7C0%7C638248525847616750%7CUnknown%7CTWFpbGZsb3d8eyJWIjoiMC4wLjAwMDAiLCJQIjoiV2luMzIiLCJBTiI6Ik1haWwiLCJXVCI6Mn0%3D%7C3000%7C%7C%7C&amp;sdata=xHxXemydvChgAxWkp7ItjDVmEFZjXXjP3PcrcqXT858%3D&amp;reserved=0\" target=\"_blank\" rel=\"noopener noreferrer\" data-auth=\"Verified\" data-linkindex=\"3\">Link<\/a>\u00a0<br aria-hidden=\"true\" \/><\/p>\n","protected":false},"excerpt":{"rendered":"<p>&nbsp; Em parceria com o \u201cCi\u00eancia em Show\u201d, empreendimento traz<\/p>\n","protected":false},"author":2,"featured_media":91652,"comment_status":"open","ping_status":"open","sticky":false,"template":"","format":"standard","meta":{"footnotes":""},"categories":[25,38],"tags":[],"class_list":["post-91651","post","type-post","status-publish","format-standard","has-post-thumbnail","hentry","category-cidades","category-sao-jose-do-rio-preto"],"yoast_head":"<!-- This site is optimized with the Yoast SEO plugin v27.4 - https:\/\/yoast.com\/product\/yoast-seo-wordpress\/ -->\n<title>Iguatemi S\u00e3o Jos\u00e9 do Rio Preto promove evento Science Place com entrada gratuita - Regi\u00e3o News<\/title>\n<meta name=\"robots\" content=\"index, follow, max-snippet:-1, max-image-preview:large, max-video-preview:-1\" \/>\n<link rel=\"canonical\" href=\"https:\/\/regiaonews.net.br\/2022\/2023\/07\/13\/iguatemi-sao-jose-do-rio-preto-promove-evento-science-place-com-entrada-gratuita\/\" \/>\n<meta property=\"og:locale\" content=\"pt_BR\" \/>\n<meta property=\"og:type\" content=\"article\" \/>\n<meta property=\"og:title\" content=\"Iguatemi S\u00e3o Jos\u00e9 do Rio Preto promove evento Science Place com entrada gratuita - Regi\u00e3o News\" \/>\n<meta property=\"og:description\" content=\"&nbsp; Em parceria com o \u201cCi\u00eancia em Show\u201d, empreendimento traz\" \/>\n<meta property=\"og:url\" content=\"https:\/\/regiaonews.net.br\/2022\/2023\/07\/13\/iguatemi-sao-jose-do-rio-preto-promove-evento-science-place-com-entrada-gratuita\/\" \/>\n<meta property=\"og:site_name\" content=\"Regi\u00e3o News\" \/>\n<meta property=\"article:published_time\" content=\"2023-07-14T01:15:48+00:00\" \/>\n<meta property=\"og:image\" content=\"https:\/\/regiaonews.net.br\/2022\/wp-content\/uploads\/2023\/07\/214a4cb5be87a99ef7bf8eca12e7985dlow.jpeg\" \/>\n\t<meta property=\"og:image:width\" content=\"800\" \/>\n\t<meta property=\"og:image:height\" content=\"533\" \/>\n\t<meta property=\"og:image:type\" content=\"image\/jpeg\" \/>\n<meta name=\"author\" content=\"Roberto\" \/>\n<meta name=\"twitter:card\" content=\"summary_large_image\" \/>\n<meta name=\"twitter:label1\" content=\"Escrito por\" \/>\n\t<meta name=\"twitter:data1\" content=\"Roberto\" \/>\n\t<meta name=\"twitter:label2\" content=\"Est. tempo de leitura\" \/>\n\t<meta name=\"twitter:data2\" content=\"3 minutos\" \/>\n<script type=\"application\/ld+json\" class=\"yoast-schema-graph\">{\"@context\":\"https:\\\/\\\/schema.org\",\"@graph\":[{\"@type\":\"Article\",\"@id\":\"https:\\\/\\\/regiaonews.net.br\\\/2022\\\/2023\\\/07\\\/13\\\/iguatemi-sao-jose-do-rio-preto-promove-evento-science-place-com-entrada-gratuita\\\/#article\",\"isPartOf\":{\"@id\":\"https:\\\/\\\/regiaonews.net.br\\\/2022\\\/2023\\\/07\\\/13\\\/iguatemi-sao-jose-do-rio-preto-promove-evento-science-place-com-entrada-gratuita\\\/\"},\"author\":{\"name\":\"Roberto\",\"@id\":\"https:\\\/\\\/regiaonews.net.br\\\/2022\\\/#\\\/schema\\\/person\\\/2d205a608a5aa97ac279d7a5e6d89ad8\"},\"headline\":\"Iguatemi S\u00e3o Jos\u00e9 do Rio Preto promove evento Science Place com entrada gratuita\",\"datePublished\":\"2023-07-14T01:15:48+00:00\",\"mainEntityOfPage\":{\"@id\":\"https:\\\/\\\/regiaonews.net.br\\\/2022\\\/2023\\\/07\\\/13\\\/iguatemi-sao-jose-do-rio-preto-promove-evento-science-place-com-entrada-gratuita\\\/\"},\"wordCount\":597,\"commentCount\":0,\"publisher\":{\"@id\":\"https:\\\/\\\/regiaonews.net.br\\\/2022\\\/#organization\"},\"image\":{\"@id\":\"https:\\\/\\\/regiaonews.net.br\\\/2022\\\/2023\\\/07\\\/13\\\/iguatemi-sao-jose-do-rio-preto-promove-evento-science-place-com-entrada-gratuita\\\/#primaryimage\"},\"thumbnailUrl\":\"https:\\\/\\\/regiaonews.net.br\\\/2022\\\/wp-content\\\/uploads\\\/2023\\\/07\\\/214a4cb5be87a99ef7bf8eca12e7985dlow.jpeg\",\"articleSection\":[\"Cidades\",\"S\u00e3o Jos\u00e9 do RIo Preto\"],\"inLanguage\":\"pt-BR\",\"potentialAction\":[{\"@type\":\"CommentAction\",\"name\":\"Comment\",\"target\":[\"https:\\\/\\\/regiaonews.net.br\\\/2022\\\/2023\\\/07\\\/13\\\/iguatemi-sao-jose-do-rio-preto-promove-evento-science-place-com-entrada-gratuita\\\/#respond\"]}]},{\"@type\":\"WebPage\",\"@id\":\"https:\\\/\\\/regiaonews.net.br\\\/2022\\\/2023\\\/07\\\/13\\\/iguatemi-sao-jose-do-rio-preto-promove-evento-science-place-com-entrada-gratuita\\\/\",\"url\":\"https:\\\/\\\/regiaonews.net.br\\\/2022\\\/2023\\\/07\\\/13\\\/iguatemi-sao-jose-do-rio-preto-promove-evento-science-place-com-entrada-gratuita\\\/\",\"name\":\"Iguatemi S\u00e3o Jos\u00e9 do Rio Preto promove evento Science Place com entrada gratuita - Regi\u00e3o News\",\"isPartOf\":{\"@id\":\"https:\\\/\\\/regiaonews.net.br\\\/2022\\\/#website\"},\"primaryImageOfPage\":{\"@id\":\"https:\\\/\\\/regiaonews.net.br\\\/2022\\\/2023\\\/07\\\/13\\\/iguatemi-sao-jose-do-rio-preto-promove-evento-science-place-com-entrada-gratuita\\\/#primaryimage\"},\"image\":{\"@id\":\"https:\\\/\\\/regiaonews.net.br\\\/2022\\\/2023\\\/07\\\/13\\\/iguatemi-sao-jose-do-rio-preto-promove-evento-science-place-com-entrada-gratuita\\\/#primaryimage\"},\"thumbnailUrl\":\"https:\\\/\\\/regiaonews.net.br\\\/2022\\\/wp-content\\\/uploads\\\/2023\\\/07\\\/214a4cb5be87a99ef7bf8eca12e7985dlow.jpeg\",\"datePublished\":\"2023-07-14T01:15:48+00:00\",\"breadcrumb\":{\"@id\":\"https:\\\/\\\/regiaonews.net.br\\\/2022\\\/2023\\\/07\\\/13\\\/iguatemi-sao-jose-do-rio-preto-promove-evento-science-place-com-entrada-gratuita\\\/#breadcrumb\"},\"inLanguage\":\"pt-BR\",\"potentialAction\":[{\"@type\":\"ReadAction\",\"target\":[\"https:\\\/\\\/regiaonews.net.br\\\/2022\\\/2023\\\/07\\\/13\\\/iguatemi-sao-jose-do-rio-preto-promove-evento-science-place-com-entrada-gratuita\\\/\"]}]},{\"@type\":\"ImageObject\",\"inLanguage\":\"pt-BR\",\"@id\":\"https:\\\/\\\/regiaonews.net.br\\\/2022\\\/2023\\\/07\\\/13\\\/iguatemi-sao-jose-do-rio-preto-promove-evento-science-place-com-entrada-gratuita\\\/#primaryimage\",\"url\":\"https:\\\/\\\/regiaonews.net.br\\\/2022\\\/wp-content\\\/uploads\\\/2023\\\/07\\\/214a4cb5be87a99ef7bf8eca12e7985dlow.jpeg\",\"contentUrl\":\"https:\\\/\\\/regiaonews.net.br\\\/2022\\\/wp-content\\\/uploads\\\/2023\\\/07\\\/214a4cb5be87a99ef7bf8eca12e7985dlow.jpeg\",\"width\":800,\"height\":533},{\"@type\":\"BreadcrumbList\",\"@id\":\"https:\\\/\\\/regiaonews.net.br\\\/2022\\\/2023\\\/07\\\/13\\\/iguatemi-sao-jose-do-rio-preto-promove-evento-science-place-com-entrada-gratuita\\\/#breadcrumb\",\"itemListElement\":[{\"@type\":\"ListItem\",\"position\":1,\"name\":\"In\u00edcio\",\"item\":\"https:\\\/\\\/regiaonews.net.br\\\/2022\\\/\"},{\"@type\":\"ListItem\",\"position\":2,\"name\":\"Iguatemi S\u00e3o Jos\u00e9 do Rio Preto promove evento Science Place com entrada gratuita\"}]},{\"@type\":\"WebSite\",\"@id\":\"https:\\\/\\\/regiaonews.net.br\\\/2022\\\/#website\",\"url\":\"https:\\\/\\\/regiaonews.net.br\\\/2022\\\/\",\"name\":\"Regi\u00e3o News\",\"description\":\"Site de Not\u00edcias de Barretos e regi\u00e3o\",\"publisher\":{\"@id\":\"https:\\\/\\\/regiaonews.net.br\\\/2022\\\/#organization\"},\"potentialAction\":[{\"@type\":\"SearchAction\",\"target\":{\"@type\":\"EntryPoint\",\"urlTemplate\":\"https:\\\/\\\/regiaonews.net.br\\\/2022\\\/?s={search_term_string}\"},\"query-input\":{\"@type\":\"PropertyValueSpecification\",\"valueRequired\":true,\"valueName\":\"search_term_string\"}}],\"inLanguage\":\"pt-BR\"},{\"@type\":\"Organization\",\"@id\":\"https:\\\/\\\/regiaonews.net.br\\\/2022\\\/#organization\",\"name\":\"Regi\u00e3o News\",\"url\":\"https:\\\/\\\/regiaonews.net.br\\\/2022\\\/\",\"logo\":{\"@type\":\"ImageObject\",\"inLanguage\":\"pt-BR\",\"@id\":\"https:\\\/\\\/regiaonews.net.br\\\/2022\\\/#\\\/schema\\\/logo\\\/image\\\/\",\"url\":\"https:\\\/\\\/regiaonews.net.br\\\/2022\\\/wp-content\\\/uploads\\\/2026\\\/03\\\/regiao-13-anos-scaled.jpg\",\"contentUrl\":\"https:\\\/\\\/regiaonews.net.br\\\/2022\\\/wp-content\\\/uploads\\\/2026\\\/03\\\/regiao-13-anos-scaled.jpg\",\"width\":2560,\"height\":635,\"caption\":\"Regi\u00e3o News\"},\"image\":{\"@id\":\"https:\\\/\\\/regiaonews.net.br\\\/2022\\\/#\\\/schema\\\/logo\\\/image\\\/\"}},{\"@type\":\"Person\",\"@id\":\"https:\\\/\\\/regiaonews.net.br\\\/2022\\\/#\\\/schema\\\/person\\\/2d205a608a5aa97ac279d7a5e6d89ad8\",\"name\":\"Roberto\",\"image\":{\"@type\":\"ImageObject\",\"inLanguage\":\"pt-BR\",\"@id\":\"https:\\\/\\\/secure.gravatar.com\\\/avatar\\\/42749d8b712ff9d59ca93dc150494e5b55a44134482993f5baeb97e61b7ecc89?s=96&d=mm&r=g\",\"url\":\"https:\\\/\\\/secure.gravatar.com\\\/avatar\\\/42749d8b712ff9d59ca93dc150494e5b55a44134482993f5baeb97e61b7ecc89?s=96&d=mm&r=g\",\"contentUrl\":\"https:\\\/\\\/secure.gravatar.com\\\/avatar\\\/42749d8b712ff9d59ca93dc150494e5b55a44134482993f5baeb97e61b7ecc89?s=96&d=mm&r=g\",\"caption\":\"Roberto\"},\"url\":\"https:\\\/\\\/regiaonews.net.br\\\/2022\\\/author\\\/roberto\\\/\"}]}<\/script>\n<!-- \/ Yoast SEO plugin. -->","yoast_head_json":{"title":"Iguatemi S\u00e3o Jos\u00e9 do Rio Preto promove evento Science Place com entrada gratuita - Regi\u00e3o News","robots":{"index":"index","follow":"follow","max-snippet":"max-snippet:-1","max-image-preview":"max-image-preview:large","max-video-preview":"max-video-preview:-1"},"canonical":"https:\/\/regiaonews.net.br\/2022\/2023\/07\/13\/iguatemi-sao-jose-do-rio-preto-promove-evento-science-place-com-entrada-gratuita\/","og_locale":"pt_BR","og_type":"article","og_title":"Iguatemi S\u00e3o Jos\u00e9 do Rio Preto promove evento Science Place com entrada gratuita - Regi\u00e3o News","og_description":"&nbsp; Em parceria com o \u201cCi\u00eancia em Show\u201d, empreendimento traz","og_url":"https:\/\/regiaonews.net.br\/2022\/2023\/07\/13\/iguatemi-sao-jose-do-rio-preto-promove-evento-science-place-com-entrada-gratuita\/","og_site_name":"Regi\u00e3o News","article_published_time":"2023-07-14T01:15:48+00:00","og_image":[{"width":800,"height":533,"url":"https:\/\/regiaonews.net.br\/2022\/wp-content\/uploads\/2023\/07\/214a4cb5be87a99ef7bf8eca12e7985dlow.jpeg","type":"image\/jpeg"}],"author":"Roberto","twitter_card":"summary_large_image","twitter_misc":{"Escrito por":"Roberto","Est. tempo de leitura":"3 minutos"},"schema":{"@context":"https:\/\/schema.org","@graph":[{"@type":"Article","@id":"https:\/\/regiaonews.net.br\/2022\/2023\/07\/13\/iguatemi-sao-jose-do-rio-preto-promove-evento-science-place-com-entrada-gratuita\/#article","isPartOf":{"@id":"https:\/\/regiaonews.net.br\/2022\/2023\/07\/13\/iguatemi-sao-jose-do-rio-preto-promove-evento-science-place-com-entrada-gratuita\/"},"author":{"name":"Roberto","@id":"https:\/\/regiaonews.net.br\/2022\/#\/schema\/person\/2d205a608a5aa97ac279d7a5e6d89ad8"},"headline":"Iguatemi S\u00e3o Jos\u00e9 do Rio Preto promove evento Science Place com entrada gratuita","datePublished":"2023-07-14T01:15:48+00:00","mainEntityOfPage":{"@id":"https:\/\/regiaonews.net.br\/2022\/2023\/07\/13\/iguatemi-sao-jose-do-rio-preto-promove-evento-science-place-com-entrada-gratuita\/"},"wordCount":597,"commentCount":0,"publisher":{"@id":"https:\/\/regiaonews.net.br\/2022\/#organization"},"image":{"@id":"https:\/\/regiaonews.net.br\/2022\/2023\/07\/13\/iguatemi-sao-jose-do-rio-preto-promove-evento-science-place-com-entrada-gratuita\/#primaryimage"},"thumbnailUrl":"https:\/\/regiaonews.net.br\/2022\/wp-content\/uploads\/2023\/07\/214a4cb5be87a99ef7bf8eca12e7985dlow.jpeg","articleSection":["Cidades","S\u00e3o Jos\u00e9 do RIo Preto"],"inLanguage":"pt-BR","potentialAction":[{"@type":"CommentAction","name":"Comment","target":["https:\/\/regiaonews.net.br\/2022\/2023\/07\/13\/iguatemi-sao-jose-do-rio-preto-promove-evento-science-place-com-entrada-gratuita\/#respond"]}]},{"@type":"WebPage","@id":"https:\/\/regiaonews.net.br\/2022\/2023\/07\/13\/iguatemi-sao-jose-do-rio-preto-promove-evento-science-place-com-entrada-gratuita\/","url":"https:\/\/regiaonews.net.br\/2022\/2023\/07\/13\/iguatemi-sao-jose-do-rio-preto-promove-evento-science-place-com-entrada-gratuita\/","name":"Iguatemi S\u00e3o Jos\u00e9 do Rio Preto promove evento Science Place com entrada gratuita - Regi\u00e3o News","isPartOf":{"@id":"https:\/\/regiaonews.net.br\/2022\/#website"},"primaryImageOfPage":{"@id":"https:\/\/regiaonews.net.br\/2022\/2023\/07\/13\/iguatemi-sao-jose-do-rio-preto-promove-evento-science-place-com-entrada-gratuita\/#primaryimage"},"image":{"@id":"https:\/\/regiaonews.net.br\/2022\/2023\/07\/13\/iguatemi-sao-jose-do-rio-preto-promove-evento-science-place-com-entrada-gratuita\/#primaryimage"},"thumbnailUrl":"https:\/\/regiaonews.net.br\/2022\/wp-content\/uploads\/2023\/07\/214a4cb5be87a99ef7bf8eca12e7985dlow.jpeg","datePublished":"2023-07-14T01:15:48+00:00","breadcrumb":{"@id":"https:\/\/regiaonews.net.br\/2022\/2023\/07\/13\/iguatemi-sao-jose-do-rio-preto-promove-evento-science-place-com-entrada-gratuita\/#breadcrumb"},"inLanguage":"pt-BR","potentialAction":[{"@type":"ReadAction","target":["https:\/\/regiaonews.net.br\/2022\/2023\/07\/13\/iguatemi-sao-jose-do-rio-preto-promove-evento-science-place-com-entrada-gratuita\/"]}]},{"@type":"ImageObject","inLanguage":"pt-BR","@id":"https:\/\/regiaonews.net.br\/2022\/2023\/07\/13\/iguatemi-sao-jose-do-rio-preto-promove-evento-science-place-com-entrada-gratuita\/#primaryimage","url":"https:\/\/regiaonews.net.br\/2022\/wp-content\/uploads\/2023\/07\/214a4cb5be87a99ef7bf8eca12e7985dlow.jpeg","contentUrl":"https:\/\/regiaonews.net.br\/2022\/wp-content\/uploads\/2023\/07\/214a4cb5be87a99ef7bf8eca12e7985dlow.jpeg","width":800,"height":533},{"@type":"BreadcrumbList","@id":"https:\/\/regiaonews.net.br\/2022\/2023\/07\/13\/iguatemi-sao-jose-do-rio-preto-promove-evento-science-place-com-entrada-gratuita\/#breadcrumb","itemListElement":[{"@type":"ListItem","position":1,"name":"In\u00edcio","item":"https:\/\/regiaonews.net.br\/2022\/"},{"@type":"ListItem","position":2,"name":"Iguatemi S\u00e3o Jos\u00e9 do Rio Preto promove evento Science Place com entrada gratuita"}]},{"@type":"WebSite","@id":"https:\/\/regiaonews.net.br\/2022\/#website","url":"https:\/\/regiaonews.net.br\/2022\/","name":"Regi\u00e3o News","description":"Site de Not\u00edcias de Barretos e regi\u00e3o","publisher":{"@id":"https:\/\/regiaonews.net.br\/2022\/#organization"},"potentialAction":[{"@type":"SearchAction","target":{"@type":"EntryPoint","urlTemplate":"https:\/\/regiaonews.net.br\/2022\/?s={search_term_string}"},"query-input":{"@type":"PropertyValueSpecification","valueRequired":true,"valueName":"search_term_string"}}],"inLanguage":"pt-BR"},{"@type":"Organization","@id":"https:\/\/regiaonews.net.br\/2022\/#organization","name":"Regi\u00e3o News","url":"https:\/\/regiaonews.net.br\/2022\/","logo":{"@type":"ImageObject","inLanguage":"pt-BR","@id":"https:\/\/regiaonews.net.br\/2022\/#\/schema\/logo\/image\/","url":"https:\/\/regiaonews.net.br\/2022\/wp-content\/uploads\/2026\/03\/regiao-13-anos-scaled.jpg","contentUrl":"https:\/\/regiaonews.net.br\/2022\/wp-content\/uploads\/2026\/03\/regiao-13-anos-scaled.jpg","width":2560,"height":635,"caption":"Regi\u00e3o News"},"image":{"@id":"https:\/\/regiaonews.net.br\/2022\/#\/schema\/logo\/image\/"}},{"@type":"Person","@id":"https:\/\/regiaonews.net.br\/2022\/#\/schema\/person\/2d205a608a5aa97ac279d7a5e6d89ad8","name":"Roberto","image":{"@type":"ImageObject","inLanguage":"pt-BR","@id":"https:\/\/secure.gravatar.com\/avatar\/42749d8b712ff9d59ca93dc150494e5b55a44134482993f5baeb97e61b7ecc89?s=96&d=mm&r=g","url":"https:\/\/secure.gravatar.com\/avatar\/42749d8b712ff9d59ca93dc150494e5b55a44134482993f5baeb97e61b7ecc89?s=96&d=mm&r=g","contentUrl":"https:\/\/secure.gravatar.com\/avatar\/42749d8b712ff9d59ca93dc150494e5b55a44134482993f5baeb97e61b7ecc89?s=96&d=mm&r=g","caption":"Roberto"},"url":"https:\/\/regiaonews.net.br\/2022\/author\/roberto\/"}]}},"publishpress_future_action":{"enabled":false,"date":"2026-05-03 03:44:33","action":"change-status","newStatus":"draft","terms":[],"taxonomy":"category","extraData":[]},"publishpress_future_workflow_manual_trigger":{"enabledWorkflows":[]},"_links":{"self":[{"href":"https:\/\/regiaonews.net.br\/2022\/wp-json\/wp\/v2\/posts\/91651","targetHints":{"allow":["GET"]}}],"collection":[{"href":"https:\/\/regiaonews.net.br\/2022\/wp-json\/wp\/v2\/posts"}],"about":[{"href":"https:\/\/regiaonews.net.br\/2022\/wp-json\/wp\/v2\/types\/post"}],"author":[{"embeddable":true,"href":"https:\/\/regiaonews.net.br\/2022\/wp-json\/wp\/v2\/users\/2"}],"replies":[{"embeddable":true,"href":"https:\/\/regiaonews.net.br\/2022\/wp-json\/wp\/v2\/comments?post=91651"}],"version-history":[{"count":1,"href":"https:\/\/regiaonews.net.br\/2022\/wp-json\/wp\/v2\/posts\/91651\/revisions"}],"predecessor-version":[{"id":91653,"href":"https:\/\/regiaonews.net.br\/2022\/wp-json\/wp\/v2\/posts\/91651\/revisions\/91653"}],"wp:featuredmedia":[{"embeddable":true,"href":"https:\/\/regiaonews.net.br\/2022\/wp-json\/wp\/v2\/media\/91652"}],"wp:attachment":[{"href":"https:\/\/regiaonews.net.br\/2022\/wp-json\/wp\/v2\/media?parent=91651"}],"wp:term":[{"taxonomy":"category","embeddable":true,"href":"https:\/\/regiaonews.net.br\/2022\/wp-json\/wp\/v2\/categories?post=91651"},{"taxonomy":"post_tag","embeddable":true,"href":"https:\/\/regiaonews.net.br\/2022\/wp-json\/wp\/v2\/tags?post=91651"}],"curies":[{"name":"wp","href":"https:\/\/api.w.org\/{rel}","templated":true}]}}