{"id":91648,"date":"2023-07-13T22:13:43","date_gmt":"2023-07-14T01:13:43","guid":{"rendered":"https:\/\/regiaonews.net.br\/2022\/?p=91648"},"modified":"2023-07-13T22:13:43","modified_gmt":"2023-07-14T01:13:43","slug":"no-dia-da-mulher-negra-latino-americana-e-caribenha-acontece-homenagem-a-forca-feminina-no-north-shopping","status":"publish","type":"post","link":"https:\/\/regiaonews.net.br\/2022\/2023\/07\/13\/no-dia-da-mulher-negra-latino-americana-e-caribenha-acontece-homenagem-a-forca-feminina-no-north-shopping\/","title":{"rendered":"No Dia da Mulher Negra, Latino Americana e Caribenha acontece homenagem a for\u00e7a feminina no North Shopping"},"content":{"rendered":"<table role=\"presentation\" border=\"0\" width=\"100%\" cellspacing=\"0\" cellpadding=\"0\">\n<tbody>\n<tr>\n<td align=\"left\">\n<h3><\/h3>\n<\/td>\n<\/tr>\n<tr>\n<td align=\"left\">\n<div>\n<h3><em>Evento acontece no dia 25 de julho, com entrega de trof\u00e9u a dez mulheres<\/em><\/h3>\n<\/div>\n<\/td>\n<\/tr>\n<tr>\n<td align=\"left\">H\u00e1 alguns anos, o North Shopping Barretos \u00e9 palco da entrega do Trof\u00e9u Mulher Negra, uma realiza\u00e7\u00e3o em parceria com a\u00a0Comiss\u00e3o de Combate \u00e0 Discrimina\u00e7\u00e3o Racial da 7\u00aa Subse\u00e7\u00e3o da Ordem dos Advogados do Brasil, OAB Barretos, e apoio do Conselho Municipal de Integra\u00e7\u00e3o Racial \u2013 COMIR. O evento acontece no dia 25 de julho, Dia Internacional da Mulher Negra, Latino-Americana e Caribenha, que celebra a luta di\u00e1ria de mulheres pretas no enfrentamento ao racismo, discrimina\u00e7\u00e3o racial e sexismo.<\/p>\n<p aria-hidden=\"true\">\n<p>S\u00e3o dez homenageadas com o Trof\u00e9u, todas da cidade de Barretos, escolhidas por indica\u00e7\u00e3o popular nas redes sociais e indica\u00e7\u00e3o dos tr\u00eas parceiros envolvidos no evento, North Shopping, OAB e COMIR. S\u00e3o elas:<\/p>\n<p aria-hidden=\"true\">\n<p>Mulher Negra PCD: Eunice Maria de Souza<\/p>\n<p>Mulher Negra L\u00edder comunit\u00e1ria: Adriana Fragas de Souza<\/p>\n<p>Mulher Negra de religi\u00e3o de Matriz Africana: Lidiane Helena Jorge<\/p>\n<p>Mulher Negra da Educa\u00e7\u00e3o: Michela Rita da Silva<\/p>\n<p>Mulher Negra Revela\u00e7\u00e3o do Ano- Esporte: Juliana Aparecida dos Santos<\/p>\n<p>Mulher Negra Afro Empreendedora: Claudia dos Santos e Alda dos Santos, da Preta Bela Modas<\/p>\n<p>Mulher Negra Trans: Samella Rodrigues de Oliveira<\/p>\n<p>Mulher Negra do Com\u00e9rcio: Leonice da Silva Rosa, do North Shopping Barretos<\/p>\n<p>Mulher Negra do Direito-OAB: Norman Lilian Moreira Pires<\/p>\n<p>Homenagem Rainha Makeda: Orlanda Rodrigues da Silva, do Hospital de Amor<\/p>\n<p aria-hidden=\"true\">\n<p>Para a coordenadora da\u00a0Comiss\u00e3o de Combate \u00e0 Discrimina\u00e7\u00e3o Racial da 7\u00aa Subse\u00e7\u00e3o da Ordem dos Advogados do Brasil, OAB Barretos, dra. Iracimara Bordin, essa premia\u00e7\u00e3o tem como miss\u00e3o dar visibilidade a mulheres que, muitas vezes, n\u00e3o s\u00e3o plenamente reconhecidas por conta de seu tom de pele. \u201cEstamos preparando esse evento com muito amor e cuidado, pois mais uma vez ele \u00e9 realizado para dar representatividade ao nosso povo. Queremos mostrar para Barretos, para toda a popula\u00e7\u00e3o, que a mulher negra pode ser e estar aonde ela quiser, ela n\u00e3o precisa e nem pode se limitar, ficar somente em lugares em que outras pessoas de terminei para ela que \u00e9 o seu local\u201d, afirma ela.<\/p>\n<p aria-hidden=\"true\">\n<p>Iracimara elogiou a participa\u00e7\u00e3o ativa do shopping neste evento, desde o come\u00e7o. \u201cA gente fica muito feliz de saber que o North Shopping, um empreendimento de tanto valor para a cidade de Barretos, nos apoia integralmente. A equipe sempre entra de cabe\u00e7a na organiza\u00e7\u00e3o, disponibilizando o seu espa\u00e7o, disponibilizando as suas redes sociais, disponibilizando v\u00e1rias outras estruturas para que esse evento tenha essa import\u00e2ncia na cidade. Tamb\u00e9m contamos com a parceria de organiza\u00e7\u00e3o de todo o suporte do COMIR, que v\u00eam trazendo essa esse resgate e atuando em seu espa\u00e7o para a realiza\u00e7\u00e3o de outros eventos importantes\u201d, ressaltou a advogada.<\/p>\n<p aria-hidden=\"true\">\n<p>Al\u00e9m da entrega dos trof\u00e9us, a noite de 25 de julho contar\u00e1 com apresenta\u00e7\u00f5es culturais, todas relativas \u00e0 influ\u00eancia da cultura afro e suas origens.<\/p>\n<p aria-hidden=\"true\">\n<h3><strong><em>Fotos: M\u00e1rcio Oliveira<\/em><\/strong><\/h3>\n<\/td>\n<\/tr>\n<\/tbody>\n<\/table>\n","protected":false},"excerpt":{"rendered":"<p>Evento acontece no dia 25 de julho, com entrega de<\/p>\n","protected":false},"author":2,"featured_media":91649,"comment_status":"open","ping_status":"open","sticky":false,"template":"","format":"standard","meta":{"footnotes":""},"categories":[14,25],"tags":[],"class_list":["post-91648","post","type-post","status-publish","format-standard","has-post-thumbnail","hentry","category-barretos","category-cidades"],"yoast_head":"<!-- This site is optimized with the Yoast SEO plugin v27.4 - https:\/\/yoast.com\/product\/yoast-seo-wordpress\/ -->\n<title>No Dia da Mulher Negra, Latino Americana e Caribenha acontece homenagem a for\u00e7a feminina no North Shopping - Regi\u00e3o News<\/title>\n<meta name=\"robots\" content=\"index, follow, max-snippet:-1, max-image-preview:large, max-video-preview:-1\" \/>\n<link rel=\"canonical\" href=\"https:\/\/regiaonews.net.br\/2022\/2023\/07\/13\/no-dia-da-mulher-negra-latino-americana-e-caribenha-acontece-homenagem-a-forca-feminina-no-north-shopping\/\" \/>\n<meta property=\"og:locale\" content=\"pt_BR\" \/>\n<meta property=\"og:type\" content=\"article\" \/>\n<meta property=\"og:title\" content=\"No Dia da Mulher Negra, Latino Americana e Caribenha acontece homenagem a for\u00e7a feminina no North Shopping - Regi\u00e3o News\" \/>\n<meta property=\"og:description\" content=\"Evento acontece no dia 25 de julho, com entrega de\" \/>\n<meta property=\"og:url\" content=\"https:\/\/regiaonews.net.br\/2022\/2023\/07\/13\/no-dia-da-mulher-negra-latino-americana-e-caribenha-acontece-homenagem-a-forca-feminina-no-north-shopping\/\" \/>\n<meta property=\"og:site_name\" content=\"Regi\u00e3o News\" \/>\n<meta property=\"article:published_time\" content=\"2023-07-14T01:13:43+00:00\" \/>\n<meta property=\"og:image\" content=\"https:\/\/regiaonews.net.br\/2022\/wp-content\/uploads\/2023\/07\/4e79a67a-3caa-477b-a8b7-d3df281e7ec3.jpg\" \/>\n\t<meta property=\"og:image:width\" content=\"1024\" \/>\n\t<meta property=\"og:image:height\" content=\"684\" \/>\n\t<meta property=\"og:image:type\" content=\"image\/jpeg\" \/>\n<meta name=\"author\" content=\"Roberto\" \/>\n<meta name=\"twitter:card\" content=\"summary_large_image\" \/>\n<meta name=\"twitter:label1\" content=\"Escrito por\" \/>\n\t<meta name=\"twitter:data1\" content=\"Roberto\" \/>\n\t<meta name=\"twitter:label2\" content=\"Est. tempo de leitura\" \/>\n\t<meta name=\"twitter:data2\" content=\"3 minutos\" \/>\n<script type=\"application\/ld+json\" class=\"yoast-schema-graph\">{\"@context\":\"https:\\\/\\\/schema.org\",\"@graph\":[{\"@type\":\"Article\",\"@id\":\"https:\\\/\\\/regiaonews.net.br\\\/2022\\\/2023\\\/07\\\/13\\\/no-dia-da-mulher-negra-latino-americana-e-caribenha-acontece-homenagem-a-forca-feminina-no-north-shopping\\\/#article\",\"isPartOf\":{\"@id\":\"https:\\\/\\\/regiaonews.net.br\\\/2022\\\/2023\\\/07\\\/13\\\/no-dia-da-mulher-negra-latino-americana-e-caribenha-acontece-homenagem-a-forca-feminina-no-north-shopping\\\/\"},\"author\":{\"name\":\"Roberto\",\"@id\":\"https:\\\/\\\/regiaonews.net.br\\\/2022\\\/#\\\/schema\\\/person\\\/2d205a608a5aa97ac279d7a5e6d89ad8\"},\"headline\":\"No Dia da Mulher Negra, Latino Americana e Caribenha acontece homenagem a for\u00e7a feminina no North Shopping\",\"datePublished\":\"2023-07-14T01:13:43+00:00\",\"mainEntityOfPage\":{\"@id\":\"https:\\\/\\\/regiaonews.net.br\\\/2022\\\/2023\\\/07\\\/13\\\/no-dia-da-mulher-negra-latino-americana-e-caribenha-acontece-homenagem-a-forca-feminina-no-north-shopping\\\/\"},\"wordCount\":519,\"commentCount\":0,\"publisher\":{\"@id\":\"https:\\\/\\\/regiaonews.net.br\\\/2022\\\/#organization\"},\"image\":{\"@id\":\"https:\\\/\\\/regiaonews.net.br\\\/2022\\\/2023\\\/07\\\/13\\\/no-dia-da-mulher-negra-latino-americana-e-caribenha-acontece-homenagem-a-forca-feminina-no-north-shopping\\\/#primaryimage\"},\"thumbnailUrl\":\"https:\\\/\\\/regiaonews.net.br\\\/2022\\\/wp-content\\\/uploads\\\/2023\\\/07\\\/4e79a67a-3caa-477b-a8b7-d3df281e7ec3.jpg\",\"articleSection\":[\"Barretos\",\"Cidades\"],\"inLanguage\":\"pt-BR\",\"potentialAction\":[{\"@type\":\"CommentAction\",\"name\":\"Comment\",\"target\":[\"https:\\\/\\\/regiaonews.net.br\\\/2022\\\/2023\\\/07\\\/13\\\/no-dia-da-mulher-negra-latino-americana-e-caribenha-acontece-homenagem-a-forca-feminina-no-north-shopping\\\/#respond\"]}]},{\"@type\":\"WebPage\",\"@id\":\"https:\\\/\\\/regiaonews.net.br\\\/2022\\\/2023\\\/07\\\/13\\\/no-dia-da-mulher-negra-latino-americana-e-caribenha-acontece-homenagem-a-forca-feminina-no-north-shopping\\\/\",\"url\":\"https:\\\/\\\/regiaonews.net.br\\\/2022\\\/2023\\\/07\\\/13\\\/no-dia-da-mulher-negra-latino-americana-e-caribenha-acontece-homenagem-a-forca-feminina-no-north-shopping\\\/\",\"name\":\"No Dia da Mulher Negra, Latino Americana e Caribenha acontece homenagem a for\u00e7a feminina no North Shopping - Regi\u00e3o News\",\"isPartOf\":{\"@id\":\"https:\\\/\\\/regiaonews.net.br\\\/2022\\\/#website\"},\"primaryImageOfPage\":{\"@id\":\"https:\\\/\\\/regiaonews.net.br\\\/2022\\\/2023\\\/07\\\/13\\\/no-dia-da-mulher-negra-latino-americana-e-caribenha-acontece-homenagem-a-forca-feminina-no-north-shopping\\\/#primaryimage\"},\"image\":{\"@id\":\"https:\\\/\\\/regiaonews.net.br\\\/2022\\\/2023\\\/07\\\/13\\\/no-dia-da-mulher-negra-latino-americana-e-caribenha-acontece-homenagem-a-forca-feminina-no-north-shopping\\\/#primaryimage\"},\"thumbnailUrl\":\"https:\\\/\\\/regiaonews.net.br\\\/2022\\\/wp-content\\\/uploads\\\/2023\\\/07\\\/4e79a67a-3caa-477b-a8b7-d3df281e7ec3.jpg\",\"datePublished\":\"2023-07-14T01:13:43+00:00\",\"breadcrumb\":{\"@id\":\"https:\\\/\\\/regiaonews.net.br\\\/2022\\\/2023\\\/07\\\/13\\\/no-dia-da-mulher-negra-latino-americana-e-caribenha-acontece-homenagem-a-forca-feminina-no-north-shopping\\\/#breadcrumb\"},\"inLanguage\":\"pt-BR\",\"potentialAction\":[{\"@type\":\"ReadAction\",\"target\":[\"https:\\\/\\\/regiaonews.net.br\\\/2022\\\/2023\\\/07\\\/13\\\/no-dia-da-mulher-negra-latino-americana-e-caribenha-acontece-homenagem-a-forca-feminina-no-north-shopping\\\/\"]}]},{\"@type\":\"ImageObject\",\"inLanguage\":\"pt-BR\",\"@id\":\"https:\\\/\\\/regiaonews.net.br\\\/2022\\\/2023\\\/07\\\/13\\\/no-dia-da-mulher-negra-latino-americana-e-caribenha-acontece-homenagem-a-forca-feminina-no-north-shopping\\\/#primaryimage\",\"url\":\"https:\\\/\\\/regiaonews.net.br\\\/2022\\\/wp-content\\\/uploads\\\/2023\\\/07\\\/4e79a67a-3caa-477b-a8b7-d3df281e7ec3.jpg\",\"contentUrl\":\"https:\\\/\\\/regiaonews.net.br\\\/2022\\\/wp-content\\\/uploads\\\/2023\\\/07\\\/4e79a67a-3caa-477b-a8b7-d3df281e7ec3.jpg\",\"width\":1024,\"height\":684},{\"@type\":\"BreadcrumbList\",\"@id\":\"https:\\\/\\\/regiaonews.net.br\\\/2022\\\/2023\\\/07\\\/13\\\/no-dia-da-mulher-negra-latino-americana-e-caribenha-acontece-homenagem-a-forca-feminina-no-north-shopping\\\/#breadcrumb\",\"itemListElement\":[{\"@type\":\"ListItem\",\"position\":1,\"name\":\"In\u00edcio\",\"item\":\"https:\\\/\\\/regiaonews.net.br\\\/2022\\\/\"},{\"@type\":\"ListItem\",\"position\":2,\"name\":\"No Dia da Mulher Negra, Latino Americana e Caribenha acontece homenagem a for\u00e7a feminina no North Shopping\"}]},{\"@type\":\"WebSite\",\"@id\":\"https:\\\/\\\/regiaonews.net.br\\\/2022\\\/#website\",\"url\":\"https:\\\/\\\/regiaonews.net.br\\\/2022\\\/\",\"name\":\"Regi\u00e3o News\",\"description\":\"Site de Not\u00edcias de Barretos e regi\u00e3o\",\"publisher\":{\"@id\":\"https:\\\/\\\/regiaonews.net.br\\\/2022\\\/#organization\"},\"potentialAction\":[{\"@type\":\"SearchAction\",\"target\":{\"@type\":\"EntryPoint\",\"urlTemplate\":\"https:\\\/\\\/regiaonews.net.br\\\/2022\\\/?s={search_term_string}\"},\"query-input\":{\"@type\":\"PropertyValueSpecification\",\"valueRequired\":true,\"valueName\":\"search_term_string\"}}],\"inLanguage\":\"pt-BR\"},{\"@type\":\"Organization\",\"@id\":\"https:\\\/\\\/regiaonews.net.br\\\/2022\\\/#organization\",\"name\":\"Regi\u00e3o News\",\"url\":\"https:\\\/\\\/regiaonews.net.br\\\/2022\\\/\",\"logo\":{\"@type\":\"ImageObject\",\"inLanguage\":\"pt-BR\",\"@id\":\"https:\\\/\\\/regiaonews.net.br\\\/2022\\\/#\\\/schema\\\/logo\\\/image\\\/\",\"url\":\"https:\\\/\\\/regiaonews.net.br\\\/2022\\\/wp-content\\\/uploads\\\/2026\\\/03\\\/regiao-13-anos-scaled.jpg\",\"contentUrl\":\"https:\\\/\\\/regiaonews.net.br\\\/2022\\\/wp-content\\\/uploads\\\/2026\\\/03\\\/regiao-13-anos-scaled.jpg\",\"width\":2560,\"height\":635,\"caption\":\"Regi\u00e3o News\"},\"image\":{\"@id\":\"https:\\\/\\\/regiaonews.net.br\\\/2022\\\/#\\\/schema\\\/logo\\\/image\\\/\"}},{\"@type\":\"Person\",\"@id\":\"https:\\\/\\\/regiaonews.net.br\\\/2022\\\/#\\\/schema\\\/person\\\/2d205a608a5aa97ac279d7a5e6d89ad8\",\"name\":\"Roberto\",\"image\":{\"@type\":\"ImageObject\",\"inLanguage\":\"pt-BR\",\"@id\":\"https:\\\/\\\/secure.gravatar.com\\\/avatar\\\/42749d8b712ff9d59ca93dc150494e5b55a44134482993f5baeb97e61b7ecc89?s=96&d=mm&r=g\",\"url\":\"https:\\\/\\\/secure.gravatar.com\\\/avatar\\\/42749d8b712ff9d59ca93dc150494e5b55a44134482993f5baeb97e61b7ecc89?s=96&d=mm&r=g\",\"contentUrl\":\"https:\\\/\\\/secure.gravatar.com\\\/avatar\\\/42749d8b712ff9d59ca93dc150494e5b55a44134482993f5baeb97e61b7ecc89?s=96&d=mm&r=g\",\"caption\":\"Roberto\"},\"url\":\"https:\\\/\\\/regiaonews.net.br\\\/2022\\\/author\\\/roberto\\\/\"}]}<\/script>\n<!-- \/ Yoast SEO plugin. -->","yoast_head_json":{"title":"No Dia da Mulher Negra, Latino Americana e Caribenha acontece homenagem a for\u00e7a feminina no North Shopping - Regi\u00e3o News","robots":{"index":"index","follow":"follow","max-snippet":"max-snippet:-1","max-image-preview":"max-image-preview:large","max-video-preview":"max-video-preview:-1"},"canonical":"https:\/\/regiaonews.net.br\/2022\/2023\/07\/13\/no-dia-da-mulher-negra-latino-americana-e-caribenha-acontece-homenagem-a-forca-feminina-no-north-shopping\/","og_locale":"pt_BR","og_type":"article","og_title":"No Dia da Mulher Negra, Latino Americana e Caribenha acontece homenagem a for\u00e7a feminina no North Shopping - Regi\u00e3o News","og_description":"Evento acontece no dia 25 de julho, com entrega de","og_url":"https:\/\/regiaonews.net.br\/2022\/2023\/07\/13\/no-dia-da-mulher-negra-latino-americana-e-caribenha-acontece-homenagem-a-forca-feminina-no-north-shopping\/","og_site_name":"Regi\u00e3o News","article_published_time":"2023-07-14T01:13:43+00:00","og_image":[{"width":1024,"height":684,"url":"https:\/\/regiaonews.net.br\/2022\/wp-content\/uploads\/2023\/07\/4e79a67a-3caa-477b-a8b7-d3df281e7ec3.jpg","type":"image\/jpeg"}],"author":"Roberto","twitter_card":"summary_large_image","twitter_misc":{"Escrito por":"Roberto","Est. tempo de leitura":"3 minutos"},"schema":{"@context":"https:\/\/schema.org","@graph":[{"@type":"Article","@id":"https:\/\/regiaonews.net.br\/2022\/2023\/07\/13\/no-dia-da-mulher-negra-latino-americana-e-caribenha-acontece-homenagem-a-forca-feminina-no-north-shopping\/#article","isPartOf":{"@id":"https:\/\/regiaonews.net.br\/2022\/2023\/07\/13\/no-dia-da-mulher-negra-latino-americana-e-caribenha-acontece-homenagem-a-forca-feminina-no-north-shopping\/"},"author":{"name":"Roberto","@id":"https:\/\/regiaonews.net.br\/2022\/#\/schema\/person\/2d205a608a5aa97ac279d7a5e6d89ad8"},"headline":"No Dia da Mulher Negra, Latino Americana e Caribenha acontece homenagem a for\u00e7a feminina no North Shopping","datePublished":"2023-07-14T01:13:43+00:00","mainEntityOfPage":{"@id":"https:\/\/regiaonews.net.br\/2022\/2023\/07\/13\/no-dia-da-mulher-negra-latino-americana-e-caribenha-acontece-homenagem-a-forca-feminina-no-north-shopping\/"},"wordCount":519,"commentCount":0,"publisher":{"@id":"https:\/\/regiaonews.net.br\/2022\/#organization"},"image":{"@id":"https:\/\/regiaonews.net.br\/2022\/2023\/07\/13\/no-dia-da-mulher-negra-latino-americana-e-caribenha-acontece-homenagem-a-forca-feminina-no-north-shopping\/#primaryimage"},"thumbnailUrl":"https:\/\/regiaonews.net.br\/2022\/wp-content\/uploads\/2023\/07\/4e79a67a-3caa-477b-a8b7-d3df281e7ec3.jpg","articleSection":["Barretos","Cidades"],"inLanguage":"pt-BR","potentialAction":[{"@type":"CommentAction","name":"Comment","target":["https:\/\/regiaonews.net.br\/2022\/2023\/07\/13\/no-dia-da-mulher-negra-latino-americana-e-caribenha-acontece-homenagem-a-forca-feminina-no-north-shopping\/#respond"]}]},{"@type":"WebPage","@id":"https:\/\/regiaonews.net.br\/2022\/2023\/07\/13\/no-dia-da-mulher-negra-latino-americana-e-caribenha-acontece-homenagem-a-forca-feminina-no-north-shopping\/","url":"https:\/\/regiaonews.net.br\/2022\/2023\/07\/13\/no-dia-da-mulher-negra-latino-americana-e-caribenha-acontece-homenagem-a-forca-feminina-no-north-shopping\/","name":"No Dia da Mulher Negra, Latino Americana e Caribenha acontece homenagem a for\u00e7a feminina no North Shopping - Regi\u00e3o News","isPartOf":{"@id":"https:\/\/regiaonews.net.br\/2022\/#website"},"primaryImageOfPage":{"@id":"https:\/\/regiaonews.net.br\/2022\/2023\/07\/13\/no-dia-da-mulher-negra-latino-americana-e-caribenha-acontece-homenagem-a-forca-feminina-no-north-shopping\/#primaryimage"},"image":{"@id":"https:\/\/regiaonews.net.br\/2022\/2023\/07\/13\/no-dia-da-mulher-negra-latino-americana-e-caribenha-acontece-homenagem-a-forca-feminina-no-north-shopping\/#primaryimage"},"thumbnailUrl":"https:\/\/regiaonews.net.br\/2022\/wp-content\/uploads\/2023\/07\/4e79a67a-3caa-477b-a8b7-d3df281e7ec3.jpg","datePublished":"2023-07-14T01:13:43+00:00","breadcrumb":{"@id":"https:\/\/regiaonews.net.br\/2022\/2023\/07\/13\/no-dia-da-mulher-negra-latino-americana-e-caribenha-acontece-homenagem-a-forca-feminina-no-north-shopping\/#breadcrumb"},"inLanguage":"pt-BR","potentialAction":[{"@type":"ReadAction","target":["https:\/\/regiaonews.net.br\/2022\/2023\/07\/13\/no-dia-da-mulher-negra-latino-americana-e-caribenha-acontece-homenagem-a-forca-feminina-no-north-shopping\/"]}]},{"@type":"ImageObject","inLanguage":"pt-BR","@id":"https:\/\/regiaonews.net.br\/2022\/2023\/07\/13\/no-dia-da-mulher-negra-latino-americana-e-caribenha-acontece-homenagem-a-forca-feminina-no-north-shopping\/#primaryimage","url":"https:\/\/regiaonews.net.br\/2022\/wp-content\/uploads\/2023\/07\/4e79a67a-3caa-477b-a8b7-d3df281e7ec3.jpg","contentUrl":"https:\/\/regiaonews.net.br\/2022\/wp-content\/uploads\/2023\/07\/4e79a67a-3caa-477b-a8b7-d3df281e7ec3.jpg","width":1024,"height":684},{"@type":"BreadcrumbList","@id":"https:\/\/regiaonews.net.br\/2022\/2023\/07\/13\/no-dia-da-mulher-negra-latino-americana-e-caribenha-acontece-homenagem-a-forca-feminina-no-north-shopping\/#breadcrumb","itemListElement":[{"@type":"ListItem","position":1,"name":"In\u00edcio","item":"https:\/\/regiaonews.net.br\/2022\/"},{"@type":"ListItem","position":2,"name":"No Dia da Mulher Negra, Latino Americana e Caribenha acontece homenagem a for\u00e7a feminina no North Shopping"}]},{"@type":"WebSite","@id":"https:\/\/regiaonews.net.br\/2022\/#website","url":"https:\/\/regiaonews.net.br\/2022\/","name":"Regi\u00e3o News","description":"Site de Not\u00edcias de Barretos e regi\u00e3o","publisher":{"@id":"https:\/\/regiaonews.net.br\/2022\/#organization"},"potentialAction":[{"@type":"SearchAction","target":{"@type":"EntryPoint","urlTemplate":"https:\/\/regiaonews.net.br\/2022\/?s={search_term_string}"},"query-input":{"@type":"PropertyValueSpecification","valueRequired":true,"valueName":"search_term_string"}}],"inLanguage":"pt-BR"},{"@type":"Organization","@id":"https:\/\/regiaonews.net.br\/2022\/#organization","name":"Regi\u00e3o News","url":"https:\/\/regiaonews.net.br\/2022\/","logo":{"@type":"ImageObject","inLanguage":"pt-BR","@id":"https:\/\/regiaonews.net.br\/2022\/#\/schema\/logo\/image\/","url":"https:\/\/regiaonews.net.br\/2022\/wp-content\/uploads\/2026\/03\/regiao-13-anos-scaled.jpg","contentUrl":"https:\/\/regiaonews.net.br\/2022\/wp-content\/uploads\/2026\/03\/regiao-13-anos-scaled.jpg","width":2560,"height":635,"caption":"Regi\u00e3o News"},"image":{"@id":"https:\/\/regiaonews.net.br\/2022\/#\/schema\/logo\/image\/"}},{"@type":"Person","@id":"https:\/\/regiaonews.net.br\/2022\/#\/schema\/person\/2d205a608a5aa97ac279d7a5e6d89ad8","name":"Roberto","image":{"@type":"ImageObject","inLanguage":"pt-BR","@id":"https:\/\/secure.gravatar.com\/avatar\/42749d8b712ff9d59ca93dc150494e5b55a44134482993f5baeb97e61b7ecc89?s=96&d=mm&r=g","url":"https:\/\/secure.gravatar.com\/avatar\/42749d8b712ff9d59ca93dc150494e5b55a44134482993f5baeb97e61b7ecc89?s=96&d=mm&r=g","contentUrl":"https:\/\/secure.gravatar.com\/avatar\/42749d8b712ff9d59ca93dc150494e5b55a44134482993f5baeb97e61b7ecc89?s=96&d=mm&r=g","caption":"Roberto"},"url":"https:\/\/regiaonews.net.br\/2022\/author\/roberto\/"}]}},"publishpress_future_action":{"enabled":false,"date":"2026-05-03 03:43:26","action":"change-status","newStatus":"draft","terms":[],"taxonomy":"category","extraData":[]},"publishpress_future_workflow_manual_trigger":{"enabledWorkflows":[]},"_links":{"self":[{"href":"https:\/\/regiaonews.net.br\/2022\/wp-json\/wp\/v2\/posts\/91648","targetHints":{"allow":["GET"]}}],"collection":[{"href":"https:\/\/regiaonews.net.br\/2022\/wp-json\/wp\/v2\/posts"}],"about":[{"href":"https:\/\/regiaonews.net.br\/2022\/wp-json\/wp\/v2\/types\/post"}],"author":[{"embeddable":true,"href":"https:\/\/regiaonews.net.br\/2022\/wp-json\/wp\/v2\/users\/2"}],"replies":[{"embeddable":true,"href":"https:\/\/regiaonews.net.br\/2022\/wp-json\/wp\/v2\/comments?post=91648"}],"version-history":[{"count":1,"href":"https:\/\/regiaonews.net.br\/2022\/wp-json\/wp\/v2\/posts\/91648\/revisions"}],"predecessor-version":[{"id":91650,"href":"https:\/\/regiaonews.net.br\/2022\/wp-json\/wp\/v2\/posts\/91648\/revisions\/91650"}],"wp:featuredmedia":[{"embeddable":true,"href":"https:\/\/regiaonews.net.br\/2022\/wp-json\/wp\/v2\/media\/91649"}],"wp:attachment":[{"href":"https:\/\/regiaonews.net.br\/2022\/wp-json\/wp\/v2\/media?parent=91648"}],"wp:term":[{"taxonomy":"category","embeddable":true,"href":"https:\/\/regiaonews.net.br\/2022\/wp-json\/wp\/v2\/categories?post=91648"},{"taxonomy":"post_tag","embeddable":true,"href":"https:\/\/regiaonews.net.br\/2022\/wp-json\/wp\/v2\/tags?post=91648"}],"curies":[{"name":"wp","href":"https:\/\/api.w.org\/{rel}","templated":true}]}}