{"id":91636,"date":"2023-07-13T19:42:22","date_gmt":"2023-07-13T22:42:22","guid":{"rendered":"https:\/\/regiaonews.net.br\/2022\/?p=91636"},"modified":"2023-07-13T19:42:22","modified_gmt":"2023-07-13T22:42:22","slug":"procuradoria-geral-do-municipio-realiza-capacitacao-de-servidores-sobre-processos-de-execucao-fiscal","status":"publish","type":"post","link":"https:\/\/regiaonews.net.br\/2022\/2023\/07\/13\/procuradoria-geral-do-municipio-realiza-capacitacao-de-servidores-sobre-processos-de-execucao-fiscal\/","title":{"rendered":"Procuradoria Geral do Munic\u00edpio realiza capacita\u00e7\u00e3o de servidores sobre processos de execu\u00e7\u00e3o fiscal"},"content":{"rendered":"<p>Treinamento tem como objetivo a socializa\u00e7\u00e3o da informa\u00e7\u00e3o para um melhor atendimento ao mun\u00edcipe<\/p>\n<p>A Prefeitura da Est\u00e2ncia Tur\u00edstica de Barretos realiza nesta quinta-feira, 13 de julho, um treinamento te\u00f3rico e pr\u00e1tico para procuradores, estagi\u00e1rios e servidores p\u00fablicos que atuam na Procuradoria Geral do Munic\u00edpio. O objetivo da capacita\u00e7\u00e3o \u00e9 agilizar os processos de execu\u00e7\u00e3o fiscal da cidade.<br \/>\nDe acordo com o procurador geral, Rafael dos Anjos, o treinamento faz parte do trabalho de valoriza\u00e7\u00e3o da procuradoria barretense. \u201cJ\u00e1 fizemos mutir\u00f5es na cidade, audi\u00eancia com os grandes devedores e agora uma capacita\u00e7\u00e3o intensa dos servidores para melhorar o ajuizamento, o fluxo de processos e os procedimentos internos\u201d, disse.<br \/>\nA forma\u00e7\u00e3o \u00e9 promovida por empresa contratada pela prefeitura respons\u00e1vel pelo InterLitis, software especializado na gest\u00e3o de processos judiciais, para o ajuizamento das a\u00e7\u00f5es de maneira r\u00e1pida, eficiente e padronizada. \u201cO software pega automaticamente as intima\u00e7\u00f5es, separa por assunto, distribui por procurador e j\u00e1 tem peti\u00e7\u00f5es padronizadas de acordo com o despacho que \u00e9 feito pelo judici\u00e1rio. O que estamos fazendo aqui \u00e9 chamado de socializa\u00e7\u00e3o da informa\u00e7\u00e3o, ou seja, capacitar o servidor para que ele possa prestar o melhor trabalho para o mun\u00edcipe\u201d, explicou o procurador geral.<br \/>\nRafael dos Anjos salienta ainda que os trabalhos da prefeitura est\u00e3o sendo norteados pelo Objetivo de Desenvolvimento Sustent\u00e1vel &#8211; 16, da Organiza\u00e7\u00e3o das Na\u00e7\u00f5es Unidas, que prev\u00ea a promo\u00e7\u00e3o de sociedades pac\u00edficas e inclusivas para o desenvolvimento sustent\u00e1vel, proporcionando o acesso \u00e0 justi\u00e7a para todos e constru\u00e7\u00e3o de institui\u00e7\u00f5es eficazes, respons\u00e1veis e inclusivas em todos os n\u00edveis. \u201cS\u00e3o pessoas que v\u00e3o auxiliar neste trabalho de peticionamento, andamento processual, verifica\u00e7\u00e3o do volume de a\u00e7\u00f5es. \u00c9 mais um trabalho de acordo com a ODS 16\u201d, completou.<\/p>\n","protected":false},"excerpt":{"rendered":"<p>Treinamento tem como objetivo a socializa\u00e7\u00e3o da informa\u00e7\u00e3o para um<\/p>\n","protected":false},"author":2,"featured_media":91637,"comment_status":"open","ping_status":"open","sticky":false,"template":"","format":"standard","meta":{"footnotes":""},"categories":[14,25],"tags":[],"class_list":["post-91636","post","type-post","status-publish","format-standard","has-post-thumbnail","hentry","category-barretos","category-cidades"],"yoast_head":"<!-- This site is optimized with the Yoast SEO plugin v27.4 - https:\/\/yoast.com\/product\/yoast-seo-wordpress\/ -->\n<title>Procuradoria Geral do Munic\u00edpio realiza capacita\u00e7\u00e3o de servidores sobre processos de execu\u00e7\u00e3o fiscal - Regi\u00e3o News<\/title>\n<meta name=\"description\" content=\"Procuradoria Geral do Munic\u00edpio realiza capacita\u00e7\u00e3o de servidores sobre processos de execu\u00e7\u00e3o fiscal\" \/>\n<meta name=\"robots\" content=\"index, follow, max-snippet:-1, max-image-preview:large, max-video-preview:-1\" \/>\n<link rel=\"canonical\" href=\"https:\/\/regiaonews.net.br\/2022\/2023\/07\/13\/procuradoria-geral-do-municipio-realiza-capacitacao-de-servidores-sobre-processos-de-execucao-fiscal\/\" \/>\n<meta property=\"og:locale\" content=\"pt_BR\" \/>\n<meta property=\"og:type\" content=\"article\" \/>\n<meta property=\"og:title\" content=\"Procuradoria Geral do Munic\u00edpio realiza capacita\u00e7\u00e3o de servidores sobre processos de execu\u00e7\u00e3o fiscal - Regi\u00e3o News\" \/>\n<meta property=\"og:description\" content=\"Procuradoria Geral do Munic\u00edpio realiza capacita\u00e7\u00e3o de servidores sobre processos de execu\u00e7\u00e3o fiscal\" \/>\n<meta property=\"og:url\" content=\"https:\/\/regiaonews.net.br\/2022\/2023\/07\/13\/procuradoria-geral-do-municipio-realiza-capacitacao-de-servidores-sobre-processos-de-execucao-fiscal\/\" \/>\n<meta property=\"og:site_name\" content=\"Regi\u00e3o News\" \/>\n<meta property=\"article:published_time\" content=\"2023-07-13T22:42:22+00:00\" \/>\n<meta property=\"og:image\" content=\"https:\/\/regiaonews.net.br\/2022\/wp-content\/uploads\/2023\/07\/WhatsApp-Image-2023-07-13-at-15.12.51.jpeg\" \/>\n\t<meta property=\"og:image:width\" content=\"1600\" \/>\n\t<meta property=\"og:image:height\" content=\"1200\" \/>\n\t<meta property=\"og:image:type\" content=\"image\/jpeg\" \/>\n<meta name=\"author\" content=\"Roberto\" \/>\n<meta name=\"twitter:card\" content=\"summary_large_image\" \/>\n<meta name=\"twitter:label1\" content=\"Escrito por\" \/>\n\t<meta name=\"twitter:data1\" content=\"Roberto\" \/>\n\t<meta name=\"twitter:label2\" content=\"Est. tempo de leitura\" \/>\n\t<meta name=\"twitter:data2\" content=\"2 minutos\" \/>\n<script type=\"application\/ld+json\" class=\"yoast-schema-graph\">{\"@context\":\"https:\\\/\\\/schema.org\",\"@graph\":[{\"@type\":\"Article\",\"@id\":\"https:\\\/\\\/regiaonews.net.br\\\/2022\\\/2023\\\/07\\\/13\\\/procuradoria-geral-do-municipio-realiza-capacitacao-de-servidores-sobre-processos-de-execucao-fiscal\\\/#article\",\"isPartOf\":{\"@id\":\"https:\\\/\\\/regiaonews.net.br\\\/2022\\\/2023\\\/07\\\/13\\\/procuradoria-geral-do-municipio-realiza-capacitacao-de-servidores-sobre-processos-de-execucao-fiscal\\\/\"},\"author\":{\"name\":\"Roberto\",\"@id\":\"https:\\\/\\\/regiaonews.net.br\\\/2022\\\/#\\\/schema\\\/person\\\/2d205a608a5aa97ac279d7a5e6d89ad8\"},\"headline\":\"Procuradoria Geral do Munic\u00edpio realiza capacita\u00e7\u00e3o de servidores sobre processos de execu\u00e7\u00e3o fiscal\",\"datePublished\":\"2023-07-13T22:42:22+00:00\",\"mainEntityOfPage\":{\"@id\":\"https:\\\/\\\/regiaonews.net.br\\\/2022\\\/2023\\\/07\\\/13\\\/procuradoria-geral-do-municipio-realiza-capacitacao-de-servidores-sobre-processos-de-execucao-fiscal\\\/\"},\"wordCount\":330,\"commentCount\":0,\"publisher\":{\"@id\":\"https:\\\/\\\/regiaonews.net.br\\\/2022\\\/#organization\"},\"image\":{\"@id\":\"https:\\\/\\\/regiaonews.net.br\\\/2022\\\/2023\\\/07\\\/13\\\/procuradoria-geral-do-municipio-realiza-capacitacao-de-servidores-sobre-processos-de-execucao-fiscal\\\/#primaryimage\"},\"thumbnailUrl\":\"https:\\\/\\\/regiaonews.net.br\\\/2022\\\/wp-content\\\/uploads\\\/2023\\\/07\\\/WhatsApp-Image-2023-07-13-at-15.12.51.jpeg\",\"articleSection\":[\"Barretos\",\"Cidades\"],\"inLanguage\":\"pt-BR\",\"potentialAction\":[{\"@type\":\"CommentAction\",\"name\":\"Comment\",\"target\":[\"https:\\\/\\\/regiaonews.net.br\\\/2022\\\/2023\\\/07\\\/13\\\/procuradoria-geral-do-municipio-realiza-capacitacao-de-servidores-sobre-processos-de-execucao-fiscal\\\/#respond\"]}]},{\"@type\":\"WebPage\",\"@id\":\"https:\\\/\\\/regiaonews.net.br\\\/2022\\\/2023\\\/07\\\/13\\\/procuradoria-geral-do-municipio-realiza-capacitacao-de-servidores-sobre-processos-de-execucao-fiscal\\\/\",\"url\":\"https:\\\/\\\/regiaonews.net.br\\\/2022\\\/2023\\\/07\\\/13\\\/procuradoria-geral-do-municipio-realiza-capacitacao-de-servidores-sobre-processos-de-execucao-fiscal\\\/\",\"name\":\"Procuradoria Geral do Munic\u00edpio realiza capacita\u00e7\u00e3o de servidores sobre processos de execu\u00e7\u00e3o fiscal - Regi\u00e3o News\",\"isPartOf\":{\"@id\":\"https:\\\/\\\/regiaonews.net.br\\\/2022\\\/#website\"},\"primaryImageOfPage\":{\"@id\":\"https:\\\/\\\/regiaonews.net.br\\\/2022\\\/2023\\\/07\\\/13\\\/procuradoria-geral-do-municipio-realiza-capacitacao-de-servidores-sobre-processos-de-execucao-fiscal\\\/#primaryimage\"},\"image\":{\"@id\":\"https:\\\/\\\/regiaonews.net.br\\\/2022\\\/2023\\\/07\\\/13\\\/procuradoria-geral-do-municipio-realiza-capacitacao-de-servidores-sobre-processos-de-execucao-fiscal\\\/#primaryimage\"},\"thumbnailUrl\":\"https:\\\/\\\/regiaonews.net.br\\\/2022\\\/wp-content\\\/uploads\\\/2023\\\/07\\\/WhatsApp-Image-2023-07-13-at-15.12.51.jpeg\",\"datePublished\":\"2023-07-13T22:42:22+00:00\",\"description\":\"Procuradoria Geral do Munic\u00edpio realiza capacita\u00e7\u00e3o de servidores sobre processos de execu\u00e7\u00e3o fiscal\",\"breadcrumb\":{\"@id\":\"https:\\\/\\\/regiaonews.net.br\\\/2022\\\/2023\\\/07\\\/13\\\/procuradoria-geral-do-municipio-realiza-capacitacao-de-servidores-sobre-processos-de-execucao-fiscal\\\/#breadcrumb\"},\"inLanguage\":\"pt-BR\",\"potentialAction\":[{\"@type\":\"ReadAction\",\"target\":[\"https:\\\/\\\/regiaonews.net.br\\\/2022\\\/2023\\\/07\\\/13\\\/procuradoria-geral-do-municipio-realiza-capacitacao-de-servidores-sobre-processos-de-execucao-fiscal\\\/\"]}]},{\"@type\":\"ImageObject\",\"inLanguage\":\"pt-BR\",\"@id\":\"https:\\\/\\\/regiaonews.net.br\\\/2022\\\/2023\\\/07\\\/13\\\/procuradoria-geral-do-municipio-realiza-capacitacao-de-servidores-sobre-processos-de-execucao-fiscal\\\/#primaryimage\",\"url\":\"https:\\\/\\\/regiaonews.net.br\\\/2022\\\/wp-content\\\/uploads\\\/2023\\\/07\\\/WhatsApp-Image-2023-07-13-at-15.12.51.jpeg\",\"contentUrl\":\"https:\\\/\\\/regiaonews.net.br\\\/2022\\\/wp-content\\\/uploads\\\/2023\\\/07\\\/WhatsApp-Image-2023-07-13-at-15.12.51.jpeg\",\"width\":1600,\"height\":1200},{\"@type\":\"BreadcrumbList\",\"@id\":\"https:\\\/\\\/regiaonews.net.br\\\/2022\\\/2023\\\/07\\\/13\\\/procuradoria-geral-do-municipio-realiza-capacitacao-de-servidores-sobre-processos-de-execucao-fiscal\\\/#breadcrumb\",\"itemListElement\":[{\"@type\":\"ListItem\",\"position\":1,\"name\":\"In\u00edcio\",\"item\":\"https:\\\/\\\/regiaonews.net.br\\\/2022\\\/\"},{\"@type\":\"ListItem\",\"position\":2,\"name\":\"Procuradoria Geral do Munic\u00edpio realiza capacita\u00e7\u00e3o de servidores sobre processos de execu\u00e7\u00e3o fiscal\"}]},{\"@type\":\"WebSite\",\"@id\":\"https:\\\/\\\/regiaonews.net.br\\\/2022\\\/#website\",\"url\":\"https:\\\/\\\/regiaonews.net.br\\\/2022\\\/\",\"name\":\"Regi\u00e3o News\",\"description\":\"Site de Not\u00edcias de Barretos e regi\u00e3o\",\"publisher\":{\"@id\":\"https:\\\/\\\/regiaonews.net.br\\\/2022\\\/#organization\"},\"potentialAction\":[{\"@type\":\"SearchAction\",\"target\":{\"@type\":\"EntryPoint\",\"urlTemplate\":\"https:\\\/\\\/regiaonews.net.br\\\/2022\\\/?s={search_term_string}\"},\"query-input\":{\"@type\":\"PropertyValueSpecification\",\"valueRequired\":true,\"valueName\":\"search_term_string\"}}],\"inLanguage\":\"pt-BR\"},{\"@type\":\"Organization\",\"@id\":\"https:\\\/\\\/regiaonews.net.br\\\/2022\\\/#organization\",\"name\":\"Regi\u00e3o News\",\"url\":\"https:\\\/\\\/regiaonews.net.br\\\/2022\\\/\",\"logo\":{\"@type\":\"ImageObject\",\"inLanguage\":\"pt-BR\",\"@id\":\"https:\\\/\\\/regiaonews.net.br\\\/2022\\\/#\\\/schema\\\/logo\\\/image\\\/\",\"url\":\"https:\\\/\\\/regiaonews.net.br\\\/2022\\\/wp-content\\\/uploads\\\/2026\\\/03\\\/regiao-13-anos-scaled.jpg\",\"contentUrl\":\"https:\\\/\\\/regiaonews.net.br\\\/2022\\\/wp-content\\\/uploads\\\/2026\\\/03\\\/regiao-13-anos-scaled.jpg\",\"width\":2560,\"height\":635,\"caption\":\"Regi\u00e3o News\"},\"image\":{\"@id\":\"https:\\\/\\\/regiaonews.net.br\\\/2022\\\/#\\\/schema\\\/logo\\\/image\\\/\"}},{\"@type\":\"Person\",\"@id\":\"https:\\\/\\\/regiaonews.net.br\\\/2022\\\/#\\\/schema\\\/person\\\/2d205a608a5aa97ac279d7a5e6d89ad8\",\"name\":\"Roberto\",\"image\":{\"@type\":\"ImageObject\",\"inLanguage\":\"pt-BR\",\"@id\":\"https:\\\/\\\/secure.gravatar.com\\\/avatar\\\/42749d8b712ff9d59ca93dc150494e5b55a44134482993f5baeb97e61b7ecc89?s=96&d=mm&r=g\",\"url\":\"https:\\\/\\\/secure.gravatar.com\\\/avatar\\\/42749d8b712ff9d59ca93dc150494e5b55a44134482993f5baeb97e61b7ecc89?s=96&d=mm&r=g\",\"contentUrl\":\"https:\\\/\\\/secure.gravatar.com\\\/avatar\\\/42749d8b712ff9d59ca93dc150494e5b55a44134482993f5baeb97e61b7ecc89?s=96&d=mm&r=g\",\"caption\":\"Roberto\"},\"url\":\"https:\\\/\\\/regiaonews.net.br\\\/2022\\\/author\\\/roberto\\\/\"}]}<\/script>\n<!-- \/ Yoast SEO plugin. -->","yoast_head_json":{"title":"Procuradoria Geral do Munic\u00edpio realiza capacita\u00e7\u00e3o de servidores sobre processos de execu\u00e7\u00e3o fiscal - Regi\u00e3o News","description":"Procuradoria Geral do Munic\u00edpio realiza capacita\u00e7\u00e3o de servidores sobre processos de execu\u00e7\u00e3o fiscal","robots":{"index":"index","follow":"follow","max-snippet":"max-snippet:-1","max-image-preview":"max-image-preview:large","max-video-preview":"max-video-preview:-1"},"canonical":"https:\/\/regiaonews.net.br\/2022\/2023\/07\/13\/procuradoria-geral-do-municipio-realiza-capacitacao-de-servidores-sobre-processos-de-execucao-fiscal\/","og_locale":"pt_BR","og_type":"article","og_title":"Procuradoria Geral do Munic\u00edpio realiza capacita\u00e7\u00e3o de servidores sobre processos de execu\u00e7\u00e3o fiscal - Regi\u00e3o News","og_description":"Procuradoria Geral do Munic\u00edpio realiza capacita\u00e7\u00e3o de servidores sobre processos de execu\u00e7\u00e3o fiscal","og_url":"https:\/\/regiaonews.net.br\/2022\/2023\/07\/13\/procuradoria-geral-do-municipio-realiza-capacitacao-de-servidores-sobre-processos-de-execucao-fiscal\/","og_site_name":"Regi\u00e3o News","article_published_time":"2023-07-13T22:42:22+00:00","og_image":[{"width":1600,"height":1200,"url":"https:\/\/regiaonews.net.br\/2022\/wp-content\/uploads\/2023\/07\/WhatsApp-Image-2023-07-13-at-15.12.51.jpeg","type":"image\/jpeg"}],"author":"Roberto","twitter_card":"summary_large_image","twitter_misc":{"Escrito por":"Roberto","Est. tempo de leitura":"2 minutos"},"schema":{"@context":"https:\/\/schema.org","@graph":[{"@type":"Article","@id":"https:\/\/regiaonews.net.br\/2022\/2023\/07\/13\/procuradoria-geral-do-municipio-realiza-capacitacao-de-servidores-sobre-processos-de-execucao-fiscal\/#article","isPartOf":{"@id":"https:\/\/regiaonews.net.br\/2022\/2023\/07\/13\/procuradoria-geral-do-municipio-realiza-capacitacao-de-servidores-sobre-processos-de-execucao-fiscal\/"},"author":{"name":"Roberto","@id":"https:\/\/regiaonews.net.br\/2022\/#\/schema\/person\/2d205a608a5aa97ac279d7a5e6d89ad8"},"headline":"Procuradoria Geral do Munic\u00edpio realiza capacita\u00e7\u00e3o de servidores sobre processos de execu\u00e7\u00e3o fiscal","datePublished":"2023-07-13T22:42:22+00:00","mainEntityOfPage":{"@id":"https:\/\/regiaonews.net.br\/2022\/2023\/07\/13\/procuradoria-geral-do-municipio-realiza-capacitacao-de-servidores-sobre-processos-de-execucao-fiscal\/"},"wordCount":330,"commentCount":0,"publisher":{"@id":"https:\/\/regiaonews.net.br\/2022\/#organization"},"image":{"@id":"https:\/\/regiaonews.net.br\/2022\/2023\/07\/13\/procuradoria-geral-do-municipio-realiza-capacitacao-de-servidores-sobre-processos-de-execucao-fiscal\/#primaryimage"},"thumbnailUrl":"https:\/\/regiaonews.net.br\/2022\/wp-content\/uploads\/2023\/07\/WhatsApp-Image-2023-07-13-at-15.12.51.jpeg","articleSection":["Barretos","Cidades"],"inLanguage":"pt-BR","potentialAction":[{"@type":"CommentAction","name":"Comment","target":["https:\/\/regiaonews.net.br\/2022\/2023\/07\/13\/procuradoria-geral-do-municipio-realiza-capacitacao-de-servidores-sobre-processos-de-execucao-fiscal\/#respond"]}]},{"@type":"WebPage","@id":"https:\/\/regiaonews.net.br\/2022\/2023\/07\/13\/procuradoria-geral-do-municipio-realiza-capacitacao-de-servidores-sobre-processos-de-execucao-fiscal\/","url":"https:\/\/regiaonews.net.br\/2022\/2023\/07\/13\/procuradoria-geral-do-municipio-realiza-capacitacao-de-servidores-sobre-processos-de-execucao-fiscal\/","name":"Procuradoria Geral do Munic\u00edpio realiza capacita\u00e7\u00e3o de servidores sobre processos de execu\u00e7\u00e3o fiscal - Regi\u00e3o News","isPartOf":{"@id":"https:\/\/regiaonews.net.br\/2022\/#website"},"primaryImageOfPage":{"@id":"https:\/\/regiaonews.net.br\/2022\/2023\/07\/13\/procuradoria-geral-do-municipio-realiza-capacitacao-de-servidores-sobre-processos-de-execucao-fiscal\/#primaryimage"},"image":{"@id":"https:\/\/regiaonews.net.br\/2022\/2023\/07\/13\/procuradoria-geral-do-municipio-realiza-capacitacao-de-servidores-sobre-processos-de-execucao-fiscal\/#primaryimage"},"thumbnailUrl":"https:\/\/regiaonews.net.br\/2022\/wp-content\/uploads\/2023\/07\/WhatsApp-Image-2023-07-13-at-15.12.51.jpeg","datePublished":"2023-07-13T22:42:22+00:00","description":"Procuradoria Geral do Munic\u00edpio realiza capacita\u00e7\u00e3o de servidores sobre processos de execu\u00e7\u00e3o fiscal","breadcrumb":{"@id":"https:\/\/regiaonews.net.br\/2022\/2023\/07\/13\/procuradoria-geral-do-municipio-realiza-capacitacao-de-servidores-sobre-processos-de-execucao-fiscal\/#breadcrumb"},"inLanguage":"pt-BR","potentialAction":[{"@type":"ReadAction","target":["https:\/\/regiaonews.net.br\/2022\/2023\/07\/13\/procuradoria-geral-do-municipio-realiza-capacitacao-de-servidores-sobre-processos-de-execucao-fiscal\/"]}]},{"@type":"ImageObject","inLanguage":"pt-BR","@id":"https:\/\/regiaonews.net.br\/2022\/2023\/07\/13\/procuradoria-geral-do-municipio-realiza-capacitacao-de-servidores-sobre-processos-de-execucao-fiscal\/#primaryimage","url":"https:\/\/regiaonews.net.br\/2022\/wp-content\/uploads\/2023\/07\/WhatsApp-Image-2023-07-13-at-15.12.51.jpeg","contentUrl":"https:\/\/regiaonews.net.br\/2022\/wp-content\/uploads\/2023\/07\/WhatsApp-Image-2023-07-13-at-15.12.51.jpeg","width":1600,"height":1200},{"@type":"BreadcrumbList","@id":"https:\/\/regiaonews.net.br\/2022\/2023\/07\/13\/procuradoria-geral-do-municipio-realiza-capacitacao-de-servidores-sobre-processos-de-execucao-fiscal\/#breadcrumb","itemListElement":[{"@type":"ListItem","position":1,"name":"In\u00edcio","item":"https:\/\/regiaonews.net.br\/2022\/"},{"@type":"ListItem","position":2,"name":"Procuradoria Geral do Munic\u00edpio realiza capacita\u00e7\u00e3o de servidores sobre processos de execu\u00e7\u00e3o fiscal"}]},{"@type":"WebSite","@id":"https:\/\/regiaonews.net.br\/2022\/#website","url":"https:\/\/regiaonews.net.br\/2022\/","name":"Regi\u00e3o News","description":"Site de Not\u00edcias de Barretos e regi\u00e3o","publisher":{"@id":"https:\/\/regiaonews.net.br\/2022\/#organization"},"potentialAction":[{"@type":"SearchAction","target":{"@type":"EntryPoint","urlTemplate":"https:\/\/regiaonews.net.br\/2022\/?s={search_term_string}"},"query-input":{"@type":"PropertyValueSpecification","valueRequired":true,"valueName":"search_term_string"}}],"inLanguage":"pt-BR"},{"@type":"Organization","@id":"https:\/\/regiaonews.net.br\/2022\/#organization","name":"Regi\u00e3o News","url":"https:\/\/regiaonews.net.br\/2022\/","logo":{"@type":"ImageObject","inLanguage":"pt-BR","@id":"https:\/\/regiaonews.net.br\/2022\/#\/schema\/logo\/image\/","url":"https:\/\/regiaonews.net.br\/2022\/wp-content\/uploads\/2026\/03\/regiao-13-anos-scaled.jpg","contentUrl":"https:\/\/regiaonews.net.br\/2022\/wp-content\/uploads\/2026\/03\/regiao-13-anos-scaled.jpg","width":2560,"height":635,"caption":"Regi\u00e3o News"},"image":{"@id":"https:\/\/regiaonews.net.br\/2022\/#\/schema\/logo\/image\/"}},{"@type":"Person","@id":"https:\/\/regiaonews.net.br\/2022\/#\/schema\/person\/2d205a608a5aa97ac279d7a5e6d89ad8","name":"Roberto","image":{"@type":"ImageObject","inLanguage":"pt-BR","@id":"https:\/\/secure.gravatar.com\/avatar\/42749d8b712ff9d59ca93dc150494e5b55a44134482993f5baeb97e61b7ecc89?s=96&d=mm&r=g","url":"https:\/\/secure.gravatar.com\/avatar\/42749d8b712ff9d59ca93dc150494e5b55a44134482993f5baeb97e61b7ecc89?s=96&d=mm&r=g","contentUrl":"https:\/\/secure.gravatar.com\/avatar\/42749d8b712ff9d59ca93dc150494e5b55a44134482993f5baeb97e61b7ecc89?s=96&d=mm&r=g","caption":"Roberto"},"url":"https:\/\/regiaonews.net.br\/2022\/author\/roberto\/"}]}},"publishpress_future_action":{"enabled":false,"date":"2026-05-03 10:33:48","action":"change-status","newStatus":"draft","terms":[],"taxonomy":"category","extraData":[]},"publishpress_future_workflow_manual_trigger":{"enabledWorkflows":[]},"_links":{"self":[{"href":"https:\/\/regiaonews.net.br\/2022\/wp-json\/wp\/v2\/posts\/91636","targetHints":{"allow":["GET"]}}],"collection":[{"href":"https:\/\/regiaonews.net.br\/2022\/wp-json\/wp\/v2\/posts"}],"about":[{"href":"https:\/\/regiaonews.net.br\/2022\/wp-json\/wp\/v2\/types\/post"}],"author":[{"embeddable":true,"href":"https:\/\/regiaonews.net.br\/2022\/wp-json\/wp\/v2\/users\/2"}],"replies":[{"embeddable":true,"href":"https:\/\/regiaonews.net.br\/2022\/wp-json\/wp\/v2\/comments?post=91636"}],"version-history":[{"count":1,"href":"https:\/\/regiaonews.net.br\/2022\/wp-json\/wp\/v2\/posts\/91636\/revisions"}],"predecessor-version":[{"id":91638,"href":"https:\/\/regiaonews.net.br\/2022\/wp-json\/wp\/v2\/posts\/91636\/revisions\/91638"}],"wp:featuredmedia":[{"embeddable":true,"href":"https:\/\/regiaonews.net.br\/2022\/wp-json\/wp\/v2\/media\/91637"}],"wp:attachment":[{"href":"https:\/\/regiaonews.net.br\/2022\/wp-json\/wp\/v2\/media?parent=91636"}],"wp:term":[{"taxonomy":"category","embeddable":true,"href":"https:\/\/regiaonews.net.br\/2022\/wp-json\/wp\/v2\/categories?post=91636"},{"taxonomy":"post_tag","embeddable":true,"href":"https:\/\/regiaonews.net.br\/2022\/wp-json\/wp\/v2\/tags?post=91636"}],"curies":[{"name":"wp","href":"https:\/\/api.w.org\/{rel}","templated":true}]}}