{"id":91623,"date":"2023-07-13T15:54:48","date_gmt":"2023-07-13T18:54:48","guid":{"rendered":"https:\/\/regiaonews.net.br\/2022\/?p=91623"},"modified":"2023-07-13T20:04:54","modified_gmt":"2023-07-13T23:04:54","slug":"abertura-do-campori-fe-invencivel-e-celebrada-com-batismos","status":"publish","type":"post","link":"https:\/\/regiaonews.net.br\/2022\/2023\/07\/13\/abertura-do-campori-fe-invencivel-e-celebrada-com-batismos\/","title":{"rendered":"Abertura do Campori \u2018F\u00e9 Invenc\u00edvel\u2019 \u00e9 celebrada com batismos"},"content":{"rendered":"<h3 class=\"mb-3 pb-3\" style=\"text-align: center;\">Em momentos diferentes, seis desbravadores tomaram a decis\u00e3o de entregar a vida a Jesus de maneira p\u00fablica.<\/h3>\n<p>Cerca de 600 \u00f4nibus de viagem chegaram ao Parque do Pe\u00e3o, em Barretos, S\u00e3o Paulo, desde o in\u00edcio da madrugada desta quarta-feira, 12. Deles, desembarcaram mais de 26 mil desbravadores vindos de dezenas de cidades paulistas para participar do oitavo\u00a0<a href=\"https:\/\/ucb.adventistas.org\/\">Campori da Uni\u00e3o Central Brasileira (UCB)<\/a>, que finaliza no pr\u00f3ximo domingo, 16. Com o tema F\u00e9 Invenc\u00edvel, este \u00e9 o maior campori de uni\u00e3o j\u00e1 realizado no mundo.<\/p>\n<p>Ao longo do dia, os mais de 600 Clubes de Desbravadores se acomodaram numa \u00e1rea de acampamento de 159 mil metros quadrados. O tempo livre foi usado para montar barracas, finalizar portais (uma esp\u00e9cie de fachada de cada \u00e1rea de acampamento de clube), organizar as cozinhas m\u00f3veis e preparar o cora\u00e7\u00e3o para a abertura do evento, que teve in\u00edcio \u00e0s 19h30, com um pr\u00e9-programa.<\/p>\n<p>A abertura do VIII Campori da UCB contou com momentos de descontra\u00e7\u00e3o conduzidos pelo pastor Odailson Fonseca e a dupla Jaqueline Reis e Donato J\u00fanior no \u201cT\u00f4 na Arena\u201d. Na sequ\u00eancia, o pastor Jeferson Silva, l\u00edder do Minist\u00e9rio dos Desbravadores para o Estado de S\u00e3o Paulo, proferiu palavras de boas-vindas e apresentou os presidentes e l\u00edderes de desbravadores das oito sedes administrativas da Igreja Adventista no Estado. Autoridades p\u00fablicas de Barretos tamb\u00e9m compareceram ao evento.<\/p>\n<p>ap\u00f3s as apresenta\u00e7\u00f5es foi a vez dos diretores de clube e l\u00edderes regionais de desbravadores lotarem a arena munidos com a bandeira que representa seus clubes\/regi\u00f5es.<\/p>\n<h3 class=\"wp-block-heading\"><strong>Cerim\u00f4nias<\/strong><\/h3>\n<p>Um dos momentos mais marcantes deste primeiro dia de evento foi a cerim\u00f4nia que simboliza o in\u00edcio das atividades oficiais do acampamento. Os pastores Mauricio Lima, presidente da Igreja Adventista para o Estado de S\u00e3o Paulo, e Jeferson Silva, l\u00edder do Minist\u00e9rio dos Desbravadores para o Estado, fincaram um machado de 12 quilos num tronco, acompanhados pelos pastores Andr\u00e9s Peralta, Udolcy Zukowski, l\u00edderes mundial e sul-americano de desbravadores, respectivamente, e outros l\u00edderes.<\/p>\n<p>O momento foi celebrado com fogos de artif\u00edcio e com o s\u00edmbolo dos desbravadores no ch\u00e3o da arena ardendo em chamas.<\/p>\n<p>As cerim\u00f4nias batismais tamb\u00e9m marcaram a noite. Em momentos diferentes, seis desbravadores tomaram a decis\u00e3o de entregar a vida a Jesus por meio do batismo. Alguns deles foram batizados ap\u00f3s a mensagem b\u00edblica ministrada pelo pastor Zukowski.<\/p>\n","protected":false},"excerpt":{"rendered":"<p>Em momentos diferentes, seis desbravadores tomaram a decis\u00e3o de entregar<\/p>\n","protected":false},"author":2,"featured_media":91624,"comment_status":"open","ping_status":"open","sticky":false,"template":"","format":"standard","meta":{"footnotes":""},"categories":[14,3],"tags":[],"class_list":["post-91623","post","type-post","status-publish","format-standard","has-post-thumbnail","hentry","category-barretos","category-geral"],"yoast_head":"<!-- This site is optimized with the Yoast SEO plugin v27.4 - https:\/\/yoast.com\/product\/yoast-seo-wordpress\/ -->\n<title>Abertura do Campori \u2018F\u00e9 Invenc\u00edvel\u2019 \u00e9 celebrada com batismos - Regi\u00e3o News<\/title>\n<meta name=\"description\" content=\"Cerca de 600 \u00f4nibus de viagem chegaram ao Parque do Pe\u00e3o, em Barretos, S\u00e3o Paulo, desde o in\u00edcio da madrugada desta quarta-feira, 12.\" \/>\n<meta name=\"robots\" content=\"index, follow, max-snippet:-1, max-image-preview:large, max-video-preview:-1\" \/>\n<link rel=\"canonical\" href=\"https:\/\/regiaonews.net.br\/2022\/2023\/07\/13\/abertura-do-campori-fe-invencivel-e-celebrada-com-batismos\/\" \/>\n<meta property=\"og:locale\" content=\"pt_BR\" \/>\n<meta property=\"og:type\" content=\"article\" \/>\n<meta property=\"og:title\" content=\"Abertura do Campori \u2018F\u00e9 Invenc\u00edvel\u2019 \u00e9 celebrada com batismos - Regi\u00e3o News\" \/>\n<meta property=\"og:description\" content=\"Cerca de 600 \u00f4nibus de viagem chegaram ao Parque do Pe\u00e3o, em Barretos, S\u00e3o Paulo, desde o in\u00edcio da madrugada desta quarta-feira, 12.\" \/>\n<meta property=\"og:url\" content=\"https:\/\/regiaonews.net.br\/2022\/2023\/07\/13\/abertura-do-campori-fe-invencivel-e-celebrada-com-batismos\/\" \/>\n<meta property=\"og:site_name\" content=\"Regi\u00e3o News\" \/>\n<meta property=\"article:published_time\" content=\"2023-07-13T18:54:48+00:00\" \/>\n<meta property=\"article:modified_time\" content=\"2023-07-13T23:04:54+00:00\" \/>\n<meta property=\"og:image\" content=\"https:\/\/regiaonews.net.br\/2022\/wp-content\/uploads\/2023\/07\/Campori_7-960x540-1.jpeg\" \/>\n\t<meta property=\"og:image:width\" content=\"960\" \/>\n\t<meta property=\"og:image:height\" content=\"540\" \/>\n\t<meta property=\"og:image:type\" content=\"image\/jpeg\" \/>\n<meta name=\"author\" content=\"Roberto\" \/>\n<meta name=\"twitter:card\" content=\"summary_large_image\" \/>\n<meta name=\"twitter:label1\" content=\"Escrito por\" \/>\n\t<meta name=\"twitter:data1\" content=\"Roberto\" \/>\n\t<meta name=\"twitter:label2\" content=\"Est. tempo de leitura\" \/>\n\t<meta name=\"twitter:data2\" content=\"3 minutos\" \/>\n<script type=\"application\/ld+json\" class=\"yoast-schema-graph\">{\"@context\":\"https:\\\/\\\/schema.org\",\"@graph\":[{\"@type\":\"Article\",\"@id\":\"https:\\\/\\\/regiaonews.net.br\\\/2022\\\/2023\\\/07\\\/13\\\/abertura-do-campori-fe-invencivel-e-celebrada-com-batismos\\\/#article\",\"isPartOf\":{\"@id\":\"https:\\\/\\\/regiaonews.net.br\\\/2022\\\/2023\\\/07\\\/13\\\/abertura-do-campori-fe-invencivel-e-celebrada-com-batismos\\\/\"},\"author\":{\"name\":\"Roberto\",\"@id\":\"https:\\\/\\\/regiaonews.net.br\\\/2022\\\/#\\\/schema\\\/person\\\/2d205a608a5aa97ac279d7a5e6d89ad8\"},\"headline\":\"Abertura do Campori \u2018F\u00e9 Invenc\u00edvel\u2019 \u00e9 celebrada com batismos\",\"datePublished\":\"2023-07-13T18:54:48+00:00\",\"dateModified\":\"2023-07-13T23:04:54+00:00\",\"mainEntityOfPage\":{\"@id\":\"https:\\\/\\\/regiaonews.net.br\\\/2022\\\/2023\\\/07\\\/13\\\/abertura-do-campori-fe-invencivel-e-celebrada-com-batismos\\\/\"},\"wordCount\":427,\"commentCount\":0,\"publisher\":{\"@id\":\"https:\\\/\\\/regiaonews.net.br\\\/2022\\\/#organization\"},\"image\":{\"@id\":\"https:\\\/\\\/regiaonews.net.br\\\/2022\\\/2023\\\/07\\\/13\\\/abertura-do-campori-fe-invencivel-e-celebrada-com-batismos\\\/#primaryimage\"},\"thumbnailUrl\":\"https:\\\/\\\/regiaonews.net.br\\\/2022\\\/wp-content\\\/uploads\\\/2023\\\/07\\\/Campori_7-960x540-1.jpeg\",\"articleSection\":[\"Barretos\",\"Geral\"],\"inLanguage\":\"pt-BR\",\"potentialAction\":[{\"@type\":\"CommentAction\",\"name\":\"Comment\",\"target\":[\"https:\\\/\\\/regiaonews.net.br\\\/2022\\\/2023\\\/07\\\/13\\\/abertura-do-campori-fe-invencivel-e-celebrada-com-batismos\\\/#respond\"]}]},{\"@type\":\"WebPage\",\"@id\":\"https:\\\/\\\/regiaonews.net.br\\\/2022\\\/2023\\\/07\\\/13\\\/abertura-do-campori-fe-invencivel-e-celebrada-com-batismos\\\/\",\"url\":\"https:\\\/\\\/regiaonews.net.br\\\/2022\\\/2023\\\/07\\\/13\\\/abertura-do-campori-fe-invencivel-e-celebrada-com-batismos\\\/\",\"name\":\"Abertura do Campori \u2018F\u00e9 Invenc\u00edvel\u2019 \u00e9 celebrada com batismos - Regi\u00e3o News\",\"isPartOf\":{\"@id\":\"https:\\\/\\\/regiaonews.net.br\\\/2022\\\/#website\"},\"primaryImageOfPage\":{\"@id\":\"https:\\\/\\\/regiaonews.net.br\\\/2022\\\/2023\\\/07\\\/13\\\/abertura-do-campori-fe-invencivel-e-celebrada-com-batismos\\\/#primaryimage\"},\"image\":{\"@id\":\"https:\\\/\\\/regiaonews.net.br\\\/2022\\\/2023\\\/07\\\/13\\\/abertura-do-campori-fe-invencivel-e-celebrada-com-batismos\\\/#primaryimage\"},\"thumbnailUrl\":\"https:\\\/\\\/regiaonews.net.br\\\/2022\\\/wp-content\\\/uploads\\\/2023\\\/07\\\/Campori_7-960x540-1.jpeg\",\"datePublished\":\"2023-07-13T18:54:48+00:00\",\"dateModified\":\"2023-07-13T23:04:54+00:00\",\"description\":\"Cerca de 600 \u00f4nibus de viagem chegaram ao Parque do Pe\u00e3o, em Barretos, S\u00e3o Paulo, desde o in\u00edcio da madrugada desta quarta-feira, 12.\",\"breadcrumb\":{\"@id\":\"https:\\\/\\\/regiaonews.net.br\\\/2022\\\/2023\\\/07\\\/13\\\/abertura-do-campori-fe-invencivel-e-celebrada-com-batismos\\\/#breadcrumb\"},\"inLanguage\":\"pt-BR\",\"potentialAction\":[{\"@type\":\"ReadAction\",\"target\":[\"https:\\\/\\\/regiaonews.net.br\\\/2022\\\/2023\\\/07\\\/13\\\/abertura-do-campori-fe-invencivel-e-celebrada-com-batismos\\\/\"]}]},{\"@type\":\"ImageObject\",\"inLanguage\":\"pt-BR\",\"@id\":\"https:\\\/\\\/regiaonews.net.br\\\/2022\\\/2023\\\/07\\\/13\\\/abertura-do-campori-fe-invencivel-e-celebrada-com-batismos\\\/#primaryimage\",\"url\":\"https:\\\/\\\/regiaonews.net.br\\\/2022\\\/wp-content\\\/uploads\\\/2023\\\/07\\\/Campori_7-960x540-1.jpeg\",\"contentUrl\":\"https:\\\/\\\/regiaonews.net.br\\\/2022\\\/wp-content\\\/uploads\\\/2023\\\/07\\\/Campori_7-960x540-1.jpeg\",\"width\":960,\"height\":540},{\"@type\":\"BreadcrumbList\",\"@id\":\"https:\\\/\\\/regiaonews.net.br\\\/2022\\\/2023\\\/07\\\/13\\\/abertura-do-campori-fe-invencivel-e-celebrada-com-batismos\\\/#breadcrumb\",\"itemListElement\":[{\"@type\":\"ListItem\",\"position\":1,\"name\":\"In\u00edcio\",\"item\":\"https:\\\/\\\/regiaonews.net.br\\\/2022\\\/\"},{\"@type\":\"ListItem\",\"position\":2,\"name\":\"Abertura do Campori \u2018F\u00e9 Invenc\u00edvel\u2019 \u00e9 celebrada com batismos\"}]},{\"@type\":\"WebSite\",\"@id\":\"https:\\\/\\\/regiaonews.net.br\\\/2022\\\/#website\",\"url\":\"https:\\\/\\\/regiaonews.net.br\\\/2022\\\/\",\"name\":\"Regi\u00e3o News\",\"description\":\"Site de Not\u00edcias de Barretos e regi\u00e3o\",\"publisher\":{\"@id\":\"https:\\\/\\\/regiaonews.net.br\\\/2022\\\/#organization\"},\"potentialAction\":[{\"@type\":\"SearchAction\",\"target\":{\"@type\":\"EntryPoint\",\"urlTemplate\":\"https:\\\/\\\/regiaonews.net.br\\\/2022\\\/?s={search_term_string}\"},\"query-input\":{\"@type\":\"PropertyValueSpecification\",\"valueRequired\":true,\"valueName\":\"search_term_string\"}}],\"inLanguage\":\"pt-BR\"},{\"@type\":\"Organization\",\"@id\":\"https:\\\/\\\/regiaonews.net.br\\\/2022\\\/#organization\",\"name\":\"Regi\u00e3o News\",\"url\":\"https:\\\/\\\/regiaonews.net.br\\\/2022\\\/\",\"logo\":{\"@type\":\"ImageObject\",\"inLanguage\":\"pt-BR\",\"@id\":\"https:\\\/\\\/regiaonews.net.br\\\/2022\\\/#\\\/schema\\\/logo\\\/image\\\/\",\"url\":\"https:\\\/\\\/regiaonews.net.br\\\/2022\\\/wp-content\\\/uploads\\\/2026\\\/03\\\/regiao-13-anos-scaled.jpg\",\"contentUrl\":\"https:\\\/\\\/regiaonews.net.br\\\/2022\\\/wp-content\\\/uploads\\\/2026\\\/03\\\/regiao-13-anos-scaled.jpg\",\"width\":2560,\"height\":635,\"caption\":\"Regi\u00e3o News\"},\"image\":{\"@id\":\"https:\\\/\\\/regiaonews.net.br\\\/2022\\\/#\\\/schema\\\/logo\\\/image\\\/\"}},{\"@type\":\"Person\",\"@id\":\"https:\\\/\\\/regiaonews.net.br\\\/2022\\\/#\\\/schema\\\/person\\\/2d205a608a5aa97ac279d7a5e6d89ad8\",\"name\":\"Roberto\",\"image\":{\"@type\":\"ImageObject\",\"inLanguage\":\"pt-BR\",\"@id\":\"https:\\\/\\\/secure.gravatar.com\\\/avatar\\\/42749d8b712ff9d59ca93dc150494e5b55a44134482993f5baeb97e61b7ecc89?s=96&d=mm&r=g\",\"url\":\"https:\\\/\\\/secure.gravatar.com\\\/avatar\\\/42749d8b712ff9d59ca93dc150494e5b55a44134482993f5baeb97e61b7ecc89?s=96&d=mm&r=g\",\"contentUrl\":\"https:\\\/\\\/secure.gravatar.com\\\/avatar\\\/42749d8b712ff9d59ca93dc150494e5b55a44134482993f5baeb97e61b7ecc89?s=96&d=mm&r=g\",\"caption\":\"Roberto\"},\"url\":\"https:\\\/\\\/regiaonews.net.br\\\/2022\\\/author\\\/roberto\\\/\"}]}<\/script>\n<!-- \/ Yoast SEO plugin. -->","yoast_head_json":{"title":"Abertura do Campori \u2018F\u00e9 Invenc\u00edvel\u2019 \u00e9 celebrada com batismos - Regi\u00e3o News","description":"Cerca de 600 \u00f4nibus de viagem chegaram ao Parque do Pe\u00e3o, em Barretos, S\u00e3o Paulo, desde o in\u00edcio da madrugada desta quarta-feira, 12.","robots":{"index":"index","follow":"follow","max-snippet":"max-snippet:-1","max-image-preview":"max-image-preview:large","max-video-preview":"max-video-preview:-1"},"canonical":"https:\/\/regiaonews.net.br\/2022\/2023\/07\/13\/abertura-do-campori-fe-invencivel-e-celebrada-com-batismos\/","og_locale":"pt_BR","og_type":"article","og_title":"Abertura do Campori \u2018F\u00e9 Invenc\u00edvel\u2019 \u00e9 celebrada com batismos - Regi\u00e3o News","og_description":"Cerca de 600 \u00f4nibus de viagem chegaram ao Parque do Pe\u00e3o, em Barretos, S\u00e3o Paulo, desde o in\u00edcio da madrugada desta quarta-feira, 12.","og_url":"https:\/\/regiaonews.net.br\/2022\/2023\/07\/13\/abertura-do-campori-fe-invencivel-e-celebrada-com-batismos\/","og_site_name":"Regi\u00e3o News","article_published_time":"2023-07-13T18:54:48+00:00","article_modified_time":"2023-07-13T23:04:54+00:00","og_image":[{"width":960,"height":540,"url":"https:\/\/regiaonews.net.br\/2022\/wp-content\/uploads\/2023\/07\/Campori_7-960x540-1.jpeg","type":"image\/jpeg"}],"author":"Roberto","twitter_card":"summary_large_image","twitter_misc":{"Escrito por":"Roberto","Est. tempo de leitura":"3 minutos"},"schema":{"@context":"https:\/\/schema.org","@graph":[{"@type":"Article","@id":"https:\/\/regiaonews.net.br\/2022\/2023\/07\/13\/abertura-do-campori-fe-invencivel-e-celebrada-com-batismos\/#article","isPartOf":{"@id":"https:\/\/regiaonews.net.br\/2022\/2023\/07\/13\/abertura-do-campori-fe-invencivel-e-celebrada-com-batismos\/"},"author":{"name":"Roberto","@id":"https:\/\/regiaonews.net.br\/2022\/#\/schema\/person\/2d205a608a5aa97ac279d7a5e6d89ad8"},"headline":"Abertura do Campori \u2018F\u00e9 Invenc\u00edvel\u2019 \u00e9 celebrada com batismos","datePublished":"2023-07-13T18:54:48+00:00","dateModified":"2023-07-13T23:04:54+00:00","mainEntityOfPage":{"@id":"https:\/\/regiaonews.net.br\/2022\/2023\/07\/13\/abertura-do-campori-fe-invencivel-e-celebrada-com-batismos\/"},"wordCount":427,"commentCount":0,"publisher":{"@id":"https:\/\/regiaonews.net.br\/2022\/#organization"},"image":{"@id":"https:\/\/regiaonews.net.br\/2022\/2023\/07\/13\/abertura-do-campori-fe-invencivel-e-celebrada-com-batismos\/#primaryimage"},"thumbnailUrl":"https:\/\/regiaonews.net.br\/2022\/wp-content\/uploads\/2023\/07\/Campori_7-960x540-1.jpeg","articleSection":["Barretos","Geral"],"inLanguage":"pt-BR","potentialAction":[{"@type":"CommentAction","name":"Comment","target":["https:\/\/regiaonews.net.br\/2022\/2023\/07\/13\/abertura-do-campori-fe-invencivel-e-celebrada-com-batismos\/#respond"]}]},{"@type":"WebPage","@id":"https:\/\/regiaonews.net.br\/2022\/2023\/07\/13\/abertura-do-campori-fe-invencivel-e-celebrada-com-batismos\/","url":"https:\/\/regiaonews.net.br\/2022\/2023\/07\/13\/abertura-do-campori-fe-invencivel-e-celebrada-com-batismos\/","name":"Abertura do Campori \u2018F\u00e9 Invenc\u00edvel\u2019 \u00e9 celebrada com batismos - Regi\u00e3o News","isPartOf":{"@id":"https:\/\/regiaonews.net.br\/2022\/#website"},"primaryImageOfPage":{"@id":"https:\/\/regiaonews.net.br\/2022\/2023\/07\/13\/abertura-do-campori-fe-invencivel-e-celebrada-com-batismos\/#primaryimage"},"image":{"@id":"https:\/\/regiaonews.net.br\/2022\/2023\/07\/13\/abertura-do-campori-fe-invencivel-e-celebrada-com-batismos\/#primaryimage"},"thumbnailUrl":"https:\/\/regiaonews.net.br\/2022\/wp-content\/uploads\/2023\/07\/Campori_7-960x540-1.jpeg","datePublished":"2023-07-13T18:54:48+00:00","dateModified":"2023-07-13T23:04:54+00:00","description":"Cerca de 600 \u00f4nibus de viagem chegaram ao Parque do Pe\u00e3o, em Barretos, S\u00e3o Paulo, desde o in\u00edcio da madrugada desta quarta-feira, 12.","breadcrumb":{"@id":"https:\/\/regiaonews.net.br\/2022\/2023\/07\/13\/abertura-do-campori-fe-invencivel-e-celebrada-com-batismos\/#breadcrumb"},"inLanguage":"pt-BR","potentialAction":[{"@type":"ReadAction","target":["https:\/\/regiaonews.net.br\/2022\/2023\/07\/13\/abertura-do-campori-fe-invencivel-e-celebrada-com-batismos\/"]}]},{"@type":"ImageObject","inLanguage":"pt-BR","@id":"https:\/\/regiaonews.net.br\/2022\/2023\/07\/13\/abertura-do-campori-fe-invencivel-e-celebrada-com-batismos\/#primaryimage","url":"https:\/\/regiaonews.net.br\/2022\/wp-content\/uploads\/2023\/07\/Campori_7-960x540-1.jpeg","contentUrl":"https:\/\/regiaonews.net.br\/2022\/wp-content\/uploads\/2023\/07\/Campori_7-960x540-1.jpeg","width":960,"height":540},{"@type":"BreadcrumbList","@id":"https:\/\/regiaonews.net.br\/2022\/2023\/07\/13\/abertura-do-campori-fe-invencivel-e-celebrada-com-batismos\/#breadcrumb","itemListElement":[{"@type":"ListItem","position":1,"name":"In\u00edcio","item":"https:\/\/regiaonews.net.br\/2022\/"},{"@type":"ListItem","position":2,"name":"Abertura do Campori \u2018F\u00e9 Invenc\u00edvel\u2019 \u00e9 celebrada com batismos"}]},{"@type":"WebSite","@id":"https:\/\/regiaonews.net.br\/2022\/#website","url":"https:\/\/regiaonews.net.br\/2022\/","name":"Regi\u00e3o News","description":"Site de Not\u00edcias de Barretos e regi\u00e3o","publisher":{"@id":"https:\/\/regiaonews.net.br\/2022\/#organization"},"potentialAction":[{"@type":"SearchAction","target":{"@type":"EntryPoint","urlTemplate":"https:\/\/regiaonews.net.br\/2022\/?s={search_term_string}"},"query-input":{"@type":"PropertyValueSpecification","valueRequired":true,"valueName":"search_term_string"}}],"inLanguage":"pt-BR"},{"@type":"Organization","@id":"https:\/\/regiaonews.net.br\/2022\/#organization","name":"Regi\u00e3o News","url":"https:\/\/regiaonews.net.br\/2022\/","logo":{"@type":"ImageObject","inLanguage":"pt-BR","@id":"https:\/\/regiaonews.net.br\/2022\/#\/schema\/logo\/image\/","url":"https:\/\/regiaonews.net.br\/2022\/wp-content\/uploads\/2026\/03\/regiao-13-anos-scaled.jpg","contentUrl":"https:\/\/regiaonews.net.br\/2022\/wp-content\/uploads\/2026\/03\/regiao-13-anos-scaled.jpg","width":2560,"height":635,"caption":"Regi\u00e3o News"},"image":{"@id":"https:\/\/regiaonews.net.br\/2022\/#\/schema\/logo\/image\/"}},{"@type":"Person","@id":"https:\/\/regiaonews.net.br\/2022\/#\/schema\/person\/2d205a608a5aa97ac279d7a5e6d89ad8","name":"Roberto","image":{"@type":"ImageObject","inLanguage":"pt-BR","@id":"https:\/\/secure.gravatar.com\/avatar\/42749d8b712ff9d59ca93dc150494e5b55a44134482993f5baeb97e61b7ecc89?s=96&d=mm&r=g","url":"https:\/\/secure.gravatar.com\/avatar\/42749d8b712ff9d59ca93dc150494e5b55a44134482993f5baeb97e61b7ecc89?s=96&d=mm&r=g","contentUrl":"https:\/\/secure.gravatar.com\/avatar\/42749d8b712ff9d59ca93dc150494e5b55a44134482993f5baeb97e61b7ecc89?s=96&d=mm&r=g","caption":"Roberto"},"url":"https:\/\/regiaonews.net.br\/2022\/author\/roberto\/"}]}},"publishpress_future_action":{"enabled":false,"date":"2026-05-03 15:14:32","action":"change-status","newStatus":"draft","terms":[],"taxonomy":"category","extraData":[]},"publishpress_future_workflow_manual_trigger":{"enabledWorkflows":[]},"_links":{"self":[{"href":"https:\/\/regiaonews.net.br\/2022\/wp-json\/wp\/v2\/posts\/91623","targetHints":{"allow":["GET"]}}],"collection":[{"href":"https:\/\/regiaonews.net.br\/2022\/wp-json\/wp\/v2\/posts"}],"about":[{"href":"https:\/\/regiaonews.net.br\/2022\/wp-json\/wp\/v2\/types\/post"}],"author":[{"embeddable":true,"href":"https:\/\/regiaonews.net.br\/2022\/wp-json\/wp\/v2\/users\/2"}],"replies":[{"embeddable":true,"href":"https:\/\/regiaonews.net.br\/2022\/wp-json\/wp\/v2\/comments?post=91623"}],"version-history":[{"count":1,"href":"https:\/\/regiaonews.net.br\/2022\/wp-json\/wp\/v2\/posts\/91623\/revisions"}],"predecessor-version":[{"id":91625,"href":"https:\/\/regiaonews.net.br\/2022\/wp-json\/wp\/v2\/posts\/91623\/revisions\/91625"}],"wp:featuredmedia":[{"embeddable":true,"href":"https:\/\/regiaonews.net.br\/2022\/wp-json\/wp\/v2\/media\/91624"}],"wp:attachment":[{"href":"https:\/\/regiaonews.net.br\/2022\/wp-json\/wp\/v2\/media?parent=91623"}],"wp:term":[{"taxonomy":"category","embeddable":true,"href":"https:\/\/regiaonews.net.br\/2022\/wp-json\/wp\/v2\/categories?post=91623"},{"taxonomy":"post_tag","embeddable":true,"href":"https:\/\/regiaonews.net.br\/2022\/wp-json\/wp\/v2\/tags?post=91623"}],"curies":[{"name":"wp","href":"https:\/\/api.w.org\/{rel}","templated":true}]}}