{"id":91620,"date":"2023-07-13T13:02:18","date_gmt":"2023-07-13T16:02:18","guid":{"rendered":"https:\/\/regiaonews.net.br\/2022\/?p=91620"},"modified":"2023-07-13T13:02:18","modified_gmt":"2023-07-13T16:02:18","slug":"rochao-recebe-feira-de-saude-nesta-sexta-feira-14-das-9-as-17h","status":"publish","type":"post","link":"https:\/\/regiaonews.net.br\/2022\/2023\/07\/13\/rochao-recebe-feira-de-saude-nesta-sexta-feira-14-das-9-as-17h\/","title":{"rendered":"Roch\u00e3o recebe \u201cFeira de Sa\u00fade\u201d nesta sexta-feira (14), das 9 \u00e0s 17h"},"content":{"rendered":"<h3 style=\"text-align: center;\">Servi\u00e7os ser\u00e3o oferecidos gratuitamente \u00e0 popula\u00e7\u00e3o pelo Clube dos Desbravadores, com apoio da Prefeitura. A a\u00e7\u00e3o contar\u00e1 tamb\u00e9m com atividades infantis.<\/h3>\n<p>O Clube dos Desbravadores, bra\u00e7o social da Igreja Adventista do S\u00e9timo Dia, e a equipe do acampamento \u2018Campori dos Desbravadores &#8211; F\u00e9 Invenc\u00edvel\u2019, com apoio da Prefeitura da Est\u00e2ncia Tur\u00edstica de Barretos, realiza nesta sexta-feira, dia 14, das 9 \u00e0s 17h, a \u201cFeira da Sa\u00fade\u201d na \u00e1rea externa do Gin\u00e1sio do Roch\u00e3o. Ao longo do dia, diversos servi\u00e7os de cuidados e orienta\u00e7\u00e3o sobre sa\u00fade ser\u00e3o oferecidos gratuitamente \u00e0 popula\u00e7\u00e3o.<\/p>\n<p>Entre as a\u00e7\u00f5es da feira est\u00e3o aferi\u00e7\u00e3o de press\u00e3o, medi\u00e7\u00e3o de massa muscular e gordura corporal e conscientiza\u00e7\u00e3o de estilo de vida saud\u00e1vel e alimentar. Haver\u00e1 tamb\u00e9m a Col\u00f4nia de F\u00e9rias, com monitores realizando diversas atividades para as crian\u00e7as.<\/p>\n<p>O pastor Tiago Zoratto informa que o evento \u00e9 realizado especialmente para toda a popula\u00e7\u00e3o de Barretos e que quem estiver passando pela cidade tamb\u00e9m pode participar. N\u00e3o \u00e9 necess\u00e1ria inscri\u00e7\u00e3o pr\u00e9via, nem apresenta\u00e7\u00e3o de documento para ter acesso aos servi\u00e7os. \u201c\u00c9 livre para todos que chegarem. Ao longo do dia, realizaremos brincadeiras para as crian\u00e7as da mesma forma que atendemos nossos desbravadores\u201d, ressaltou.<\/p>\n<p>Reda\u00e7\u00e3o: Assessoria de imprensa<\/p>\n","protected":false},"excerpt":{"rendered":"<p>Servi\u00e7os ser\u00e3o oferecidos gratuitamente \u00e0 popula\u00e7\u00e3o pelo Clube dos Desbravadores,<\/p>\n","protected":false},"author":2,"featured_media":91621,"comment_status":"open","ping_status":"open","sticky":false,"template":"","format":"standard","meta":{"footnotes":""},"categories":[14,3],"tags":[],"class_list":["post-91620","post","type-post","status-publish","format-standard","has-post-thumbnail","hentry","category-barretos","category-geral"],"yoast_head":"<!-- This site is optimized with the Yoast SEO plugin v27.4 - https:\/\/yoast.com\/product\/yoast-seo-wordpress\/ -->\n<title>Roch\u00e3o recebe \u201cFeira de Sa\u00fade\u201d nesta sexta-feira (14), das 9 \u00e0s 17h - Regi\u00e3o News<\/title>\n<meta name=\"robots\" content=\"index, follow, max-snippet:-1, max-image-preview:large, max-video-preview:-1\" \/>\n<link rel=\"canonical\" href=\"https:\/\/regiaonews.net.br\/2022\/2023\/07\/13\/rochao-recebe-feira-de-saude-nesta-sexta-feira-14-das-9-as-17h\/\" \/>\n<meta property=\"og:locale\" content=\"pt_BR\" \/>\n<meta property=\"og:type\" content=\"article\" \/>\n<meta property=\"og:title\" content=\"Roch\u00e3o recebe \u201cFeira de Sa\u00fade\u201d nesta sexta-feira (14), das 9 \u00e0s 17h - Regi\u00e3o News\" \/>\n<meta property=\"og:description\" content=\"Servi\u00e7os ser\u00e3o oferecidos gratuitamente \u00e0 popula\u00e7\u00e3o pelo Clube dos Desbravadores,\" \/>\n<meta property=\"og:url\" content=\"https:\/\/regiaonews.net.br\/2022\/2023\/07\/13\/rochao-recebe-feira-de-saude-nesta-sexta-feira-14-das-9-as-17h\/\" \/>\n<meta property=\"og:site_name\" content=\"Regi\u00e3o News\" \/>\n<meta property=\"article:published_time\" content=\"2023-07-13T16:02:18+00:00\" \/>\n<meta property=\"og:image\" content=\"https:\/\/regiaonews.net.br\/2022\/wp-content\/uploads\/2023\/07\/Imagem-do-WhatsApp-de-2023-07-13-as-12.55.15.jpg\" \/>\n\t<meta property=\"og:image:width\" content=\"1080\" \/>\n\t<meta property=\"og:image:height\" content=\"1080\" \/>\n\t<meta property=\"og:image:type\" content=\"image\/jpeg\" \/>\n<meta name=\"author\" content=\"Roberto\" \/>\n<meta name=\"twitter:card\" content=\"summary_large_image\" \/>\n<meta name=\"twitter:label1\" content=\"Escrito por\" \/>\n\t<meta name=\"twitter:data1\" content=\"Roberto\" \/>\n\t<meta name=\"twitter:label2\" content=\"Est. tempo de leitura\" \/>\n\t<meta name=\"twitter:data2\" content=\"2 minutos\" \/>\n<script type=\"application\/ld+json\" class=\"yoast-schema-graph\">{\"@context\":\"https:\\\/\\\/schema.org\",\"@graph\":[{\"@type\":\"Article\",\"@id\":\"https:\\\/\\\/regiaonews.net.br\\\/2022\\\/2023\\\/07\\\/13\\\/rochao-recebe-feira-de-saude-nesta-sexta-feira-14-das-9-as-17h\\\/#article\",\"isPartOf\":{\"@id\":\"https:\\\/\\\/regiaonews.net.br\\\/2022\\\/2023\\\/07\\\/13\\\/rochao-recebe-feira-de-saude-nesta-sexta-feira-14-das-9-as-17h\\\/\"},\"author\":{\"name\":\"Roberto\",\"@id\":\"https:\\\/\\\/regiaonews.net.br\\\/2022\\\/#\\\/schema\\\/person\\\/2d205a608a5aa97ac279d7a5e6d89ad8\"},\"headline\":\"Roch\u00e3o recebe \u201cFeira de Sa\u00fade\u201d nesta sexta-feira (14), das 9 \u00e0s 17h\",\"datePublished\":\"2023-07-13T16:02:18+00:00\",\"mainEntityOfPage\":{\"@id\":\"https:\\\/\\\/regiaonews.net.br\\\/2022\\\/2023\\\/07\\\/13\\\/rochao-recebe-feira-de-saude-nesta-sexta-feira-14-das-9-as-17h\\\/\"},\"wordCount\":241,\"commentCount\":0,\"publisher\":{\"@id\":\"https:\\\/\\\/regiaonews.net.br\\\/2022\\\/#organization\"},\"image\":{\"@id\":\"https:\\\/\\\/regiaonews.net.br\\\/2022\\\/2023\\\/07\\\/13\\\/rochao-recebe-feira-de-saude-nesta-sexta-feira-14-das-9-as-17h\\\/#primaryimage\"},\"thumbnailUrl\":\"https:\\\/\\\/regiaonews.net.br\\\/2022\\\/wp-content\\\/uploads\\\/2023\\\/07\\\/Imagem-do-WhatsApp-de-2023-07-13-as-12.55.15.jpg\",\"articleSection\":[\"Barretos\",\"Geral\"],\"inLanguage\":\"pt-BR\",\"potentialAction\":[{\"@type\":\"CommentAction\",\"name\":\"Comment\",\"target\":[\"https:\\\/\\\/regiaonews.net.br\\\/2022\\\/2023\\\/07\\\/13\\\/rochao-recebe-feira-de-saude-nesta-sexta-feira-14-das-9-as-17h\\\/#respond\"]}]},{\"@type\":\"WebPage\",\"@id\":\"https:\\\/\\\/regiaonews.net.br\\\/2022\\\/2023\\\/07\\\/13\\\/rochao-recebe-feira-de-saude-nesta-sexta-feira-14-das-9-as-17h\\\/\",\"url\":\"https:\\\/\\\/regiaonews.net.br\\\/2022\\\/2023\\\/07\\\/13\\\/rochao-recebe-feira-de-saude-nesta-sexta-feira-14-das-9-as-17h\\\/\",\"name\":\"Roch\u00e3o recebe \u201cFeira de Sa\u00fade\u201d nesta sexta-feira (14), das 9 \u00e0s 17h - Regi\u00e3o News\",\"isPartOf\":{\"@id\":\"https:\\\/\\\/regiaonews.net.br\\\/2022\\\/#website\"},\"primaryImageOfPage\":{\"@id\":\"https:\\\/\\\/regiaonews.net.br\\\/2022\\\/2023\\\/07\\\/13\\\/rochao-recebe-feira-de-saude-nesta-sexta-feira-14-das-9-as-17h\\\/#primaryimage\"},\"image\":{\"@id\":\"https:\\\/\\\/regiaonews.net.br\\\/2022\\\/2023\\\/07\\\/13\\\/rochao-recebe-feira-de-saude-nesta-sexta-feira-14-das-9-as-17h\\\/#primaryimage\"},\"thumbnailUrl\":\"https:\\\/\\\/regiaonews.net.br\\\/2022\\\/wp-content\\\/uploads\\\/2023\\\/07\\\/Imagem-do-WhatsApp-de-2023-07-13-as-12.55.15.jpg\",\"datePublished\":\"2023-07-13T16:02:18+00:00\",\"breadcrumb\":{\"@id\":\"https:\\\/\\\/regiaonews.net.br\\\/2022\\\/2023\\\/07\\\/13\\\/rochao-recebe-feira-de-saude-nesta-sexta-feira-14-das-9-as-17h\\\/#breadcrumb\"},\"inLanguage\":\"pt-BR\",\"potentialAction\":[{\"@type\":\"ReadAction\",\"target\":[\"https:\\\/\\\/regiaonews.net.br\\\/2022\\\/2023\\\/07\\\/13\\\/rochao-recebe-feira-de-saude-nesta-sexta-feira-14-das-9-as-17h\\\/\"]}]},{\"@type\":\"ImageObject\",\"inLanguage\":\"pt-BR\",\"@id\":\"https:\\\/\\\/regiaonews.net.br\\\/2022\\\/2023\\\/07\\\/13\\\/rochao-recebe-feira-de-saude-nesta-sexta-feira-14-das-9-as-17h\\\/#primaryimage\",\"url\":\"https:\\\/\\\/regiaonews.net.br\\\/2022\\\/wp-content\\\/uploads\\\/2023\\\/07\\\/Imagem-do-WhatsApp-de-2023-07-13-as-12.55.15.jpg\",\"contentUrl\":\"https:\\\/\\\/regiaonews.net.br\\\/2022\\\/wp-content\\\/uploads\\\/2023\\\/07\\\/Imagem-do-WhatsApp-de-2023-07-13-as-12.55.15.jpg\",\"width\":1080,\"height\":1080},{\"@type\":\"BreadcrumbList\",\"@id\":\"https:\\\/\\\/regiaonews.net.br\\\/2022\\\/2023\\\/07\\\/13\\\/rochao-recebe-feira-de-saude-nesta-sexta-feira-14-das-9-as-17h\\\/#breadcrumb\",\"itemListElement\":[{\"@type\":\"ListItem\",\"position\":1,\"name\":\"In\u00edcio\",\"item\":\"https:\\\/\\\/regiaonews.net.br\\\/2022\\\/\"},{\"@type\":\"ListItem\",\"position\":2,\"name\":\"Roch\u00e3o recebe \u201cFeira de Sa\u00fade\u201d nesta sexta-feira (14), das 9 \u00e0s 17h\"}]},{\"@type\":\"WebSite\",\"@id\":\"https:\\\/\\\/regiaonews.net.br\\\/2022\\\/#website\",\"url\":\"https:\\\/\\\/regiaonews.net.br\\\/2022\\\/\",\"name\":\"Regi\u00e3o News\",\"description\":\"Site de Not\u00edcias de Barretos e regi\u00e3o\",\"publisher\":{\"@id\":\"https:\\\/\\\/regiaonews.net.br\\\/2022\\\/#organization\"},\"potentialAction\":[{\"@type\":\"SearchAction\",\"target\":{\"@type\":\"EntryPoint\",\"urlTemplate\":\"https:\\\/\\\/regiaonews.net.br\\\/2022\\\/?s={search_term_string}\"},\"query-input\":{\"@type\":\"PropertyValueSpecification\",\"valueRequired\":true,\"valueName\":\"search_term_string\"}}],\"inLanguage\":\"pt-BR\"},{\"@type\":\"Organization\",\"@id\":\"https:\\\/\\\/regiaonews.net.br\\\/2022\\\/#organization\",\"name\":\"Regi\u00e3o News\",\"url\":\"https:\\\/\\\/regiaonews.net.br\\\/2022\\\/\",\"logo\":{\"@type\":\"ImageObject\",\"inLanguage\":\"pt-BR\",\"@id\":\"https:\\\/\\\/regiaonews.net.br\\\/2022\\\/#\\\/schema\\\/logo\\\/image\\\/\",\"url\":\"https:\\\/\\\/regiaonews.net.br\\\/2022\\\/wp-content\\\/uploads\\\/2026\\\/03\\\/regiao-13-anos-scaled.jpg\",\"contentUrl\":\"https:\\\/\\\/regiaonews.net.br\\\/2022\\\/wp-content\\\/uploads\\\/2026\\\/03\\\/regiao-13-anos-scaled.jpg\",\"width\":2560,\"height\":635,\"caption\":\"Regi\u00e3o News\"},\"image\":{\"@id\":\"https:\\\/\\\/regiaonews.net.br\\\/2022\\\/#\\\/schema\\\/logo\\\/image\\\/\"}},{\"@type\":\"Person\",\"@id\":\"https:\\\/\\\/regiaonews.net.br\\\/2022\\\/#\\\/schema\\\/person\\\/2d205a608a5aa97ac279d7a5e6d89ad8\",\"name\":\"Roberto\",\"image\":{\"@type\":\"ImageObject\",\"inLanguage\":\"pt-BR\",\"@id\":\"https:\\\/\\\/secure.gravatar.com\\\/avatar\\\/42749d8b712ff9d59ca93dc150494e5b55a44134482993f5baeb97e61b7ecc89?s=96&d=mm&r=g\",\"url\":\"https:\\\/\\\/secure.gravatar.com\\\/avatar\\\/42749d8b712ff9d59ca93dc150494e5b55a44134482993f5baeb97e61b7ecc89?s=96&d=mm&r=g\",\"contentUrl\":\"https:\\\/\\\/secure.gravatar.com\\\/avatar\\\/42749d8b712ff9d59ca93dc150494e5b55a44134482993f5baeb97e61b7ecc89?s=96&d=mm&r=g\",\"caption\":\"Roberto\"},\"url\":\"https:\\\/\\\/regiaonews.net.br\\\/2022\\\/author\\\/roberto\\\/\"}]}<\/script>\n<!-- \/ Yoast SEO plugin. -->","yoast_head_json":{"title":"Roch\u00e3o recebe \u201cFeira de Sa\u00fade\u201d nesta sexta-feira (14), das 9 \u00e0s 17h - Regi\u00e3o News","robots":{"index":"index","follow":"follow","max-snippet":"max-snippet:-1","max-image-preview":"max-image-preview:large","max-video-preview":"max-video-preview:-1"},"canonical":"https:\/\/regiaonews.net.br\/2022\/2023\/07\/13\/rochao-recebe-feira-de-saude-nesta-sexta-feira-14-das-9-as-17h\/","og_locale":"pt_BR","og_type":"article","og_title":"Roch\u00e3o recebe \u201cFeira de Sa\u00fade\u201d nesta sexta-feira (14), das 9 \u00e0s 17h - Regi\u00e3o News","og_description":"Servi\u00e7os ser\u00e3o oferecidos gratuitamente \u00e0 popula\u00e7\u00e3o pelo Clube dos Desbravadores,","og_url":"https:\/\/regiaonews.net.br\/2022\/2023\/07\/13\/rochao-recebe-feira-de-saude-nesta-sexta-feira-14-das-9-as-17h\/","og_site_name":"Regi\u00e3o News","article_published_time":"2023-07-13T16:02:18+00:00","og_image":[{"width":1080,"height":1080,"url":"https:\/\/regiaonews.net.br\/2022\/wp-content\/uploads\/2023\/07\/Imagem-do-WhatsApp-de-2023-07-13-as-12.55.15.jpg","type":"image\/jpeg"}],"author":"Roberto","twitter_card":"summary_large_image","twitter_misc":{"Escrito por":"Roberto","Est. tempo de leitura":"2 minutos"},"schema":{"@context":"https:\/\/schema.org","@graph":[{"@type":"Article","@id":"https:\/\/regiaonews.net.br\/2022\/2023\/07\/13\/rochao-recebe-feira-de-saude-nesta-sexta-feira-14-das-9-as-17h\/#article","isPartOf":{"@id":"https:\/\/regiaonews.net.br\/2022\/2023\/07\/13\/rochao-recebe-feira-de-saude-nesta-sexta-feira-14-das-9-as-17h\/"},"author":{"name":"Roberto","@id":"https:\/\/regiaonews.net.br\/2022\/#\/schema\/person\/2d205a608a5aa97ac279d7a5e6d89ad8"},"headline":"Roch\u00e3o recebe \u201cFeira de Sa\u00fade\u201d nesta sexta-feira (14), das 9 \u00e0s 17h","datePublished":"2023-07-13T16:02:18+00:00","mainEntityOfPage":{"@id":"https:\/\/regiaonews.net.br\/2022\/2023\/07\/13\/rochao-recebe-feira-de-saude-nesta-sexta-feira-14-das-9-as-17h\/"},"wordCount":241,"commentCount":0,"publisher":{"@id":"https:\/\/regiaonews.net.br\/2022\/#organization"},"image":{"@id":"https:\/\/regiaonews.net.br\/2022\/2023\/07\/13\/rochao-recebe-feira-de-saude-nesta-sexta-feira-14-das-9-as-17h\/#primaryimage"},"thumbnailUrl":"https:\/\/regiaonews.net.br\/2022\/wp-content\/uploads\/2023\/07\/Imagem-do-WhatsApp-de-2023-07-13-as-12.55.15.jpg","articleSection":["Barretos","Geral"],"inLanguage":"pt-BR","potentialAction":[{"@type":"CommentAction","name":"Comment","target":["https:\/\/regiaonews.net.br\/2022\/2023\/07\/13\/rochao-recebe-feira-de-saude-nesta-sexta-feira-14-das-9-as-17h\/#respond"]}]},{"@type":"WebPage","@id":"https:\/\/regiaonews.net.br\/2022\/2023\/07\/13\/rochao-recebe-feira-de-saude-nesta-sexta-feira-14-das-9-as-17h\/","url":"https:\/\/regiaonews.net.br\/2022\/2023\/07\/13\/rochao-recebe-feira-de-saude-nesta-sexta-feira-14-das-9-as-17h\/","name":"Roch\u00e3o recebe \u201cFeira de Sa\u00fade\u201d nesta sexta-feira (14), das 9 \u00e0s 17h - Regi\u00e3o News","isPartOf":{"@id":"https:\/\/regiaonews.net.br\/2022\/#website"},"primaryImageOfPage":{"@id":"https:\/\/regiaonews.net.br\/2022\/2023\/07\/13\/rochao-recebe-feira-de-saude-nesta-sexta-feira-14-das-9-as-17h\/#primaryimage"},"image":{"@id":"https:\/\/regiaonews.net.br\/2022\/2023\/07\/13\/rochao-recebe-feira-de-saude-nesta-sexta-feira-14-das-9-as-17h\/#primaryimage"},"thumbnailUrl":"https:\/\/regiaonews.net.br\/2022\/wp-content\/uploads\/2023\/07\/Imagem-do-WhatsApp-de-2023-07-13-as-12.55.15.jpg","datePublished":"2023-07-13T16:02:18+00:00","breadcrumb":{"@id":"https:\/\/regiaonews.net.br\/2022\/2023\/07\/13\/rochao-recebe-feira-de-saude-nesta-sexta-feira-14-das-9-as-17h\/#breadcrumb"},"inLanguage":"pt-BR","potentialAction":[{"@type":"ReadAction","target":["https:\/\/regiaonews.net.br\/2022\/2023\/07\/13\/rochao-recebe-feira-de-saude-nesta-sexta-feira-14-das-9-as-17h\/"]}]},{"@type":"ImageObject","inLanguage":"pt-BR","@id":"https:\/\/regiaonews.net.br\/2022\/2023\/07\/13\/rochao-recebe-feira-de-saude-nesta-sexta-feira-14-das-9-as-17h\/#primaryimage","url":"https:\/\/regiaonews.net.br\/2022\/wp-content\/uploads\/2023\/07\/Imagem-do-WhatsApp-de-2023-07-13-as-12.55.15.jpg","contentUrl":"https:\/\/regiaonews.net.br\/2022\/wp-content\/uploads\/2023\/07\/Imagem-do-WhatsApp-de-2023-07-13-as-12.55.15.jpg","width":1080,"height":1080},{"@type":"BreadcrumbList","@id":"https:\/\/regiaonews.net.br\/2022\/2023\/07\/13\/rochao-recebe-feira-de-saude-nesta-sexta-feira-14-das-9-as-17h\/#breadcrumb","itemListElement":[{"@type":"ListItem","position":1,"name":"In\u00edcio","item":"https:\/\/regiaonews.net.br\/2022\/"},{"@type":"ListItem","position":2,"name":"Roch\u00e3o recebe \u201cFeira de Sa\u00fade\u201d nesta sexta-feira (14), das 9 \u00e0s 17h"}]},{"@type":"WebSite","@id":"https:\/\/regiaonews.net.br\/2022\/#website","url":"https:\/\/regiaonews.net.br\/2022\/","name":"Regi\u00e3o News","description":"Site de Not\u00edcias de Barretos e regi\u00e3o","publisher":{"@id":"https:\/\/regiaonews.net.br\/2022\/#organization"},"potentialAction":[{"@type":"SearchAction","target":{"@type":"EntryPoint","urlTemplate":"https:\/\/regiaonews.net.br\/2022\/?s={search_term_string}"},"query-input":{"@type":"PropertyValueSpecification","valueRequired":true,"valueName":"search_term_string"}}],"inLanguage":"pt-BR"},{"@type":"Organization","@id":"https:\/\/regiaonews.net.br\/2022\/#organization","name":"Regi\u00e3o News","url":"https:\/\/regiaonews.net.br\/2022\/","logo":{"@type":"ImageObject","inLanguage":"pt-BR","@id":"https:\/\/regiaonews.net.br\/2022\/#\/schema\/logo\/image\/","url":"https:\/\/regiaonews.net.br\/2022\/wp-content\/uploads\/2026\/03\/regiao-13-anos-scaled.jpg","contentUrl":"https:\/\/regiaonews.net.br\/2022\/wp-content\/uploads\/2026\/03\/regiao-13-anos-scaled.jpg","width":2560,"height":635,"caption":"Regi\u00e3o News"},"image":{"@id":"https:\/\/regiaonews.net.br\/2022\/#\/schema\/logo\/image\/"}},{"@type":"Person","@id":"https:\/\/regiaonews.net.br\/2022\/#\/schema\/person\/2d205a608a5aa97ac279d7a5e6d89ad8","name":"Roberto","image":{"@type":"ImageObject","inLanguage":"pt-BR","@id":"https:\/\/secure.gravatar.com\/avatar\/42749d8b712ff9d59ca93dc150494e5b55a44134482993f5baeb97e61b7ecc89?s=96&d=mm&r=g","url":"https:\/\/secure.gravatar.com\/avatar\/42749d8b712ff9d59ca93dc150494e5b55a44134482993f5baeb97e61b7ecc89?s=96&d=mm&r=g","contentUrl":"https:\/\/secure.gravatar.com\/avatar\/42749d8b712ff9d59ca93dc150494e5b55a44134482993f5baeb97e61b7ecc89?s=96&d=mm&r=g","caption":"Roberto"},"url":"https:\/\/regiaonews.net.br\/2022\/author\/roberto\/"}]}},"publishpress_future_action":{"enabled":false,"date":"2026-05-03 16:50:25","action":"change-status","newStatus":"draft","terms":[],"taxonomy":"category","extraData":[]},"publishpress_future_workflow_manual_trigger":{"enabledWorkflows":[]},"_links":{"self":[{"href":"https:\/\/regiaonews.net.br\/2022\/wp-json\/wp\/v2\/posts\/91620","targetHints":{"allow":["GET"]}}],"collection":[{"href":"https:\/\/regiaonews.net.br\/2022\/wp-json\/wp\/v2\/posts"}],"about":[{"href":"https:\/\/regiaonews.net.br\/2022\/wp-json\/wp\/v2\/types\/post"}],"author":[{"embeddable":true,"href":"https:\/\/regiaonews.net.br\/2022\/wp-json\/wp\/v2\/users\/2"}],"replies":[{"embeddable":true,"href":"https:\/\/regiaonews.net.br\/2022\/wp-json\/wp\/v2\/comments?post=91620"}],"version-history":[{"count":1,"href":"https:\/\/regiaonews.net.br\/2022\/wp-json\/wp\/v2\/posts\/91620\/revisions"}],"predecessor-version":[{"id":91622,"href":"https:\/\/regiaonews.net.br\/2022\/wp-json\/wp\/v2\/posts\/91620\/revisions\/91622"}],"wp:featuredmedia":[{"embeddable":true,"href":"https:\/\/regiaonews.net.br\/2022\/wp-json\/wp\/v2\/media\/91621"}],"wp:attachment":[{"href":"https:\/\/regiaonews.net.br\/2022\/wp-json\/wp\/v2\/media?parent=91620"}],"wp:term":[{"taxonomy":"category","embeddable":true,"href":"https:\/\/regiaonews.net.br\/2022\/wp-json\/wp\/v2\/categories?post=91620"},{"taxonomy":"post_tag","embeddable":true,"href":"https:\/\/regiaonews.net.br\/2022\/wp-json\/wp\/v2\/tags?post=91620"}],"curies":[{"name":"wp","href":"https:\/\/api.w.org\/{rel}","templated":true}]}}