{"id":91618,"date":"2023-07-13T13:01:16","date_gmt":"2023-07-13T16:01:16","guid":{"rendered":"https:\/\/regiaonews.net.br\/2022\/?p=91618"},"modified":"2023-07-13T13:01:16","modified_gmt":"2023-07-13T16:01:16","slug":"cerimonia-oficial-de-abertura-dos-65-jogos-regionais-sera-nesta-sexta-feira-14-no-rochao","status":"publish","type":"post","link":"https:\/\/regiaonews.net.br\/2022\/2023\/07\/13\/cerimonia-oficial-de-abertura-dos-65-jogos-regionais-sera-nesta-sexta-feira-14-no-rochao\/","title":{"rendered":"Cerim\u00f4nia Oficial de Abertura dos 65\u00b0 Jogos Regionais ser\u00e1 nesta sexta-feira (14), no Roch\u00e3o"},"content":{"rendered":"<h3 style=\"text-align: center;\">Evento esportivo, que ocorre entre os dias 13 e 23 de julho, re\u00fane cerca de 4,5 mil atletas de 58 cidades.<\/h3>\n<p>A Cerim\u00f4nia Oficial de Abertura da 65\u00aa edi\u00e7\u00e3o dos Jogos Regionais ser\u00e1 realizada nesta sexta-feira (14), a partir das 19h, no gin\u00e1sio do Complexo Poliesportivo Jo\u00e3o Batista da Rocha, o Roch\u00e3o, com participa\u00e7\u00e3o das 58 delega\u00e7\u00f5es participantes. O momento especial ser\u00e1 marcado pelo tradicional desfile de apresenta\u00e7\u00e3o dos atletas, seguido do acendimento da pira ol\u00edmpica.<br \/>\nChegada das Delega\u00e7\u00f5es<br \/>\nA tradicional competi\u00e7\u00e3o esportiva tem in\u00edcio nesta quinta-feira (13) com a chegada das delega\u00e7\u00f5es e segue at\u00e9 o dia 23, reunindo cerca de 4,5 mil atletas de 58 munic\u00edpios da 5\u00aa Regi\u00e3o Esportiva, que tamb\u00e9m conta com as Diretorias de Esporte e Lazer (Drel\u2019s) de Ribeir\u00e3o Preto, Franca e Araraquara. A delega\u00e7\u00e3o barretense \u00e9 composta por 310 integrantes, entre atletas e t\u00e9cnicos.<br \/>\nO secret\u00e1rio de Esportes, Tony Vieira Carvalho, destacou que o evento vem para consolidar a cidade como um polo esportivo. \u201cBarretos hoje \u00e9 um exemplo no esporte em rela\u00e7\u00e3o \u00e0s cidades da nossa regi\u00e3o. Os Cemepes est\u00e3o todos reformados, a pista de atletismo e o complexo de bocha e malha tamb\u00e9m reformados, inauguramos o campo de futebol do lago, implantamos nesta gest\u00e3o a academia do atleta, ilumina\u00e7\u00e3o do campo do Roch\u00e3o, quadras de areia do Racibe Rezek. S\u00e3o tantas melhorias que permitem que Barretos sedie os maiores eventos esportivos\u201d, comentou.<br \/>\nPara a prefeita Paula Lemos \u00e9 uma alegria poder viver esse momento. \u201cBarretos volta a entrar na rota dos eventos esportivos de destaque do calend\u00e1rio nacional, dando visibilidade aos atletas que tanto nos inspiram. Tenho certeza de que a edi\u00e7\u00e3o dos Jogos Regionais 2023 ser\u00e1 um grande sucesso. Temos espa\u00e7os modernos, totalmente reformados e preparados para receber os atletas. Lembrando que este ano j\u00e1 sediamos os Jogos da Melhor Idade (Jomi)\u201d, destacou.<br \/>\nIn\u00edcio das competi\u00e7\u00f5es<br \/>\nOs jogos t\u00eam in\u00edcio na manh\u00e3 desta sexta-feira, a partir das 8h. Barretos estreia na competi\u00e7\u00e3o \u00e0s 10h, contra Lu\u00eds Antonio, no V\u00f4lei de Praia Masculino (grupo D). A partida ser\u00e1 no Floresta Camping, na Via das Comitivas. \u00c0s 15h, no mesmo local, a equipe barretense de V\u00f4lei de Praia Feminino enfrenta o Ribeir\u00e3o Preto (tamb\u00e9m pelo grupo D).<br \/>\nNo Centro Municipal de Estudos e Projetos Educacionais (Cemepe) \u201cS\u00e9rgio Luiz Fernandes da Silva\u201d, no bairro Am\u00e9rica, \u00e0s 16h, o time de Basquete Feminino (at\u00e9 21 anos) de Barretos joga contra o Ribeir\u00e3o Preto.<\/p>\n<p><strong>S\u00e1bado<\/strong><br \/>\nOs barretenses voltam a competir no s\u00e1bado (15), a partir das 10h, no V\u00f4lei de Praia Feminino contra o Nova Europa (grupo D). No mesmo hor\u00e1rio, o time masculino de V\u00f4lei de Praia enfrenta o Cristais Paulista. \u00c0s 15h, \u00e9 a vez de Barretos e Batatais, tamb\u00e9m no V\u00f4lei de Praia Masculino. Todos os jogos s\u00e3o no Floresta Camping, pelo grupo D.<br \/>\nO time de Futebol Masculino (at\u00e9 20 anos) entra em campo contra o Monte Azul Paulista, \u00e0s 15h15, no Est\u00e1dio do Barretos Esporte Clube.<br \/>\nAinda no s\u00e1bado, Barretos compete no Basquete Feminino (at\u00e9 21 anos) \u00e0s 17h30 (sem divulga\u00e7\u00e3o da equipe concorrente) e no Basquete Masculino Livre (grupo D) contra o Am\u00e9rico Brasiliense, \u00e0s 19h, no Cemepe do Am\u00e9rica. No Roch\u00e3o, \u00e0s 19h, o time de Handebol Feminino (at\u00e9 21 anos) joga com o Bebedouro.<br \/>\nA programa\u00e7\u00e3o completa e os boletins di\u00e1rios podem ser consultados pelo site https:\/\/esporte.barretos.sp.gov.br\/jogos-regionais.<\/p>\n<p>Reda\u00e7\u00e3o: Assessoria de imprensa.<\/p>\n","protected":false},"excerpt":{"rendered":"<p>Evento esportivo, que ocorre entre os dias 13 e 23<\/p>\n","protected":false},"author":2,"featured_media":63565,"comment_status":"open","ping_status":"open","sticky":false,"template":"","format":"standard","meta":{"footnotes":""},"categories":[14,21],"tags":[],"class_list":["post-91618","post","type-post","status-publish","format-standard","has-post-thumbnail","hentry","category-barretos","category-esporte"],"yoast_head":"<!-- This site is optimized with the Yoast SEO plugin v27.4 - https:\/\/yoast.com\/product\/yoast-seo-wordpress\/ -->\n<title>Cerim\u00f4nia Oficial de Abertura dos 65\u00b0 Jogos Regionais ser\u00e1 nesta sexta-feira (14), no Roch\u00e3o - Regi\u00e3o News<\/title>\n<meta name=\"robots\" content=\"index, follow, max-snippet:-1, max-image-preview:large, max-video-preview:-1\" \/>\n<link rel=\"canonical\" href=\"https:\/\/regiaonews.net.br\/2022\/2023\/07\/13\/cerimonia-oficial-de-abertura-dos-65-jogos-regionais-sera-nesta-sexta-feira-14-no-rochao\/\" \/>\n<meta property=\"og:locale\" content=\"pt_BR\" \/>\n<meta property=\"og:type\" content=\"article\" \/>\n<meta property=\"og:title\" content=\"Cerim\u00f4nia Oficial de Abertura dos 65\u00b0 Jogos Regionais ser\u00e1 nesta sexta-feira (14), no Roch\u00e3o - Regi\u00e3o News\" \/>\n<meta property=\"og:description\" content=\"Evento esportivo, que ocorre entre os dias 13 e 23\" \/>\n<meta property=\"og:url\" content=\"https:\/\/regiaonews.net.br\/2022\/2023\/07\/13\/cerimonia-oficial-de-abertura-dos-65-jogos-regionais-sera-nesta-sexta-feira-14-no-rochao\/\" \/>\n<meta property=\"og:site_name\" content=\"Regi\u00e3o News\" \/>\n<meta property=\"article:published_time\" content=\"2023-07-13T16:01:16+00:00\" \/>\n<meta property=\"og:image\" content=\"https:\/\/regiaonews.net.br\/2022\/wp-content\/uploads\/2021\/12\/Rochao-1.jpg\" \/>\n\t<meta property=\"og:image:width\" content=\"530\" \/>\n\t<meta property=\"og:image:height\" content=\"352\" \/>\n\t<meta property=\"og:image:type\" content=\"image\/jpeg\" \/>\n<meta name=\"author\" content=\"Roberto\" \/>\n<meta name=\"twitter:card\" content=\"summary_large_image\" \/>\n<meta name=\"twitter:label1\" content=\"Escrito por\" \/>\n\t<meta name=\"twitter:data1\" content=\"Roberto\" \/>\n\t<meta name=\"twitter:label2\" content=\"Est. tempo de leitura\" \/>\n\t<meta name=\"twitter:data2\" content=\"4 minutos\" \/>\n<script type=\"application\/ld+json\" class=\"yoast-schema-graph\">{\"@context\":\"https:\\\/\\\/schema.org\",\"@graph\":[{\"@type\":\"Article\",\"@id\":\"https:\\\/\\\/regiaonews.net.br\\\/2022\\\/2023\\\/07\\\/13\\\/cerimonia-oficial-de-abertura-dos-65-jogos-regionais-sera-nesta-sexta-feira-14-no-rochao\\\/#article\",\"isPartOf\":{\"@id\":\"https:\\\/\\\/regiaonews.net.br\\\/2022\\\/2023\\\/07\\\/13\\\/cerimonia-oficial-de-abertura-dos-65-jogos-regionais-sera-nesta-sexta-feira-14-no-rochao\\\/\"},\"author\":{\"name\":\"Roberto\",\"@id\":\"https:\\\/\\\/regiaonews.net.br\\\/2022\\\/#\\\/schema\\\/person\\\/2d205a608a5aa97ac279d7a5e6d89ad8\"},\"headline\":\"Cerim\u00f4nia Oficial de Abertura dos 65\u00b0 Jogos Regionais ser\u00e1 nesta sexta-feira (14), no Roch\u00e3o\",\"datePublished\":\"2023-07-13T16:01:16+00:00\",\"mainEntityOfPage\":{\"@id\":\"https:\\\/\\\/regiaonews.net.br\\\/2022\\\/2023\\\/07\\\/13\\\/cerimonia-oficial-de-abertura-dos-65-jogos-regionais-sera-nesta-sexta-feira-14-no-rochao\\\/\"},\"wordCount\":614,\"commentCount\":0,\"publisher\":{\"@id\":\"https:\\\/\\\/regiaonews.net.br\\\/2022\\\/#organization\"},\"image\":{\"@id\":\"https:\\\/\\\/regiaonews.net.br\\\/2022\\\/2023\\\/07\\\/13\\\/cerimonia-oficial-de-abertura-dos-65-jogos-regionais-sera-nesta-sexta-feira-14-no-rochao\\\/#primaryimage\"},\"thumbnailUrl\":\"https:\\\/\\\/regiaonews.net.br\\\/2022\\\/wp-content\\\/uploads\\\/2021\\\/12\\\/Rochao-1.jpg\",\"articleSection\":[\"Barretos\",\"Esporte\"],\"inLanguage\":\"pt-BR\",\"potentialAction\":[{\"@type\":\"CommentAction\",\"name\":\"Comment\",\"target\":[\"https:\\\/\\\/regiaonews.net.br\\\/2022\\\/2023\\\/07\\\/13\\\/cerimonia-oficial-de-abertura-dos-65-jogos-regionais-sera-nesta-sexta-feira-14-no-rochao\\\/#respond\"]}]},{\"@type\":\"WebPage\",\"@id\":\"https:\\\/\\\/regiaonews.net.br\\\/2022\\\/2023\\\/07\\\/13\\\/cerimonia-oficial-de-abertura-dos-65-jogos-regionais-sera-nesta-sexta-feira-14-no-rochao\\\/\",\"url\":\"https:\\\/\\\/regiaonews.net.br\\\/2022\\\/2023\\\/07\\\/13\\\/cerimonia-oficial-de-abertura-dos-65-jogos-regionais-sera-nesta-sexta-feira-14-no-rochao\\\/\",\"name\":\"Cerim\u00f4nia Oficial de Abertura dos 65\u00b0 Jogos Regionais ser\u00e1 nesta sexta-feira (14), no Roch\u00e3o - Regi\u00e3o News\",\"isPartOf\":{\"@id\":\"https:\\\/\\\/regiaonews.net.br\\\/2022\\\/#website\"},\"primaryImageOfPage\":{\"@id\":\"https:\\\/\\\/regiaonews.net.br\\\/2022\\\/2023\\\/07\\\/13\\\/cerimonia-oficial-de-abertura-dos-65-jogos-regionais-sera-nesta-sexta-feira-14-no-rochao\\\/#primaryimage\"},\"image\":{\"@id\":\"https:\\\/\\\/regiaonews.net.br\\\/2022\\\/2023\\\/07\\\/13\\\/cerimonia-oficial-de-abertura-dos-65-jogos-regionais-sera-nesta-sexta-feira-14-no-rochao\\\/#primaryimage\"},\"thumbnailUrl\":\"https:\\\/\\\/regiaonews.net.br\\\/2022\\\/wp-content\\\/uploads\\\/2021\\\/12\\\/Rochao-1.jpg\",\"datePublished\":\"2023-07-13T16:01:16+00:00\",\"breadcrumb\":{\"@id\":\"https:\\\/\\\/regiaonews.net.br\\\/2022\\\/2023\\\/07\\\/13\\\/cerimonia-oficial-de-abertura-dos-65-jogos-regionais-sera-nesta-sexta-feira-14-no-rochao\\\/#breadcrumb\"},\"inLanguage\":\"pt-BR\",\"potentialAction\":[{\"@type\":\"ReadAction\",\"target\":[\"https:\\\/\\\/regiaonews.net.br\\\/2022\\\/2023\\\/07\\\/13\\\/cerimonia-oficial-de-abertura-dos-65-jogos-regionais-sera-nesta-sexta-feira-14-no-rochao\\\/\"]}]},{\"@type\":\"ImageObject\",\"inLanguage\":\"pt-BR\",\"@id\":\"https:\\\/\\\/regiaonews.net.br\\\/2022\\\/2023\\\/07\\\/13\\\/cerimonia-oficial-de-abertura-dos-65-jogos-regionais-sera-nesta-sexta-feira-14-no-rochao\\\/#primaryimage\",\"url\":\"https:\\\/\\\/regiaonews.net.br\\\/2022\\\/wp-content\\\/uploads\\\/2021\\\/12\\\/Rochao-1.jpg\",\"contentUrl\":\"https:\\\/\\\/regiaonews.net.br\\\/2022\\\/wp-content\\\/uploads\\\/2021\\\/12\\\/Rochao-1.jpg\",\"width\":530,\"height\":352},{\"@type\":\"BreadcrumbList\",\"@id\":\"https:\\\/\\\/regiaonews.net.br\\\/2022\\\/2023\\\/07\\\/13\\\/cerimonia-oficial-de-abertura-dos-65-jogos-regionais-sera-nesta-sexta-feira-14-no-rochao\\\/#breadcrumb\",\"itemListElement\":[{\"@type\":\"ListItem\",\"position\":1,\"name\":\"In\u00edcio\",\"item\":\"https:\\\/\\\/regiaonews.net.br\\\/2022\\\/\"},{\"@type\":\"ListItem\",\"position\":2,\"name\":\"Cerim\u00f4nia Oficial de Abertura dos 65\u00b0 Jogos Regionais ser\u00e1 nesta sexta-feira (14), no Roch\u00e3o\"}]},{\"@type\":\"WebSite\",\"@id\":\"https:\\\/\\\/regiaonews.net.br\\\/2022\\\/#website\",\"url\":\"https:\\\/\\\/regiaonews.net.br\\\/2022\\\/\",\"name\":\"Regi\u00e3o News\",\"description\":\"Site de Not\u00edcias de Barretos e regi\u00e3o\",\"publisher\":{\"@id\":\"https:\\\/\\\/regiaonews.net.br\\\/2022\\\/#organization\"},\"potentialAction\":[{\"@type\":\"SearchAction\",\"target\":{\"@type\":\"EntryPoint\",\"urlTemplate\":\"https:\\\/\\\/regiaonews.net.br\\\/2022\\\/?s={search_term_string}\"},\"query-input\":{\"@type\":\"PropertyValueSpecification\",\"valueRequired\":true,\"valueName\":\"search_term_string\"}}],\"inLanguage\":\"pt-BR\"},{\"@type\":\"Organization\",\"@id\":\"https:\\\/\\\/regiaonews.net.br\\\/2022\\\/#organization\",\"name\":\"Regi\u00e3o News\",\"url\":\"https:\\\/\\\/regiaonews.net.br\\\/2022\\\/\",\"logo\":{\"@type\":\"ImageObject\",\"inLanguage\":\"pt-BR\",\"@id\":\"https:\\\/\\\/regiaonews.net.br\\\/2022\\\/#\\\/schema\\\/logo\\\/image\\\/\",\"url\":\"https:\\\/\\\/regiaonews.net.br\\\/2022\\\/wp-content\\\/uploads\\\/2026\\\/03\\\/regiao-13-anos-scaled.jpg\",\"contentUrl\":\"https:\\\/\\\/regiaonews.net.br\\\/2022\\\/wp-content\\\/uploads\\\/2026\\\/03\\\/regiao-13-anos-scaled.jpg\",\"width\":2560,\"height\":635,\"caption\":\"Regi\u00e3o News\"},\"image\":{\"@id\":\"https:\\\/\\\/regiaonews.net.br\\\/2022\\\/#\\\/schema\\\/logo\\\/image\\\/\"}},{\"@type\":\"Person\",\"@id\":\"https:\\\/\\\/regiaonews.net.br\\\/2022\\\/#\\\/schema\\\/person\\\/2d205a608a5aa97ac279d7a5e6d89ad8\",\"name\":\"Roberto\",\"image\":{\"@type\":\"ImageObject\",\"inLanguage\":\"pt-BR\",\"@id\":\"https:\\\/\\\/secure.gravatar.com\\\/avatar\\\/42749d8b712ff9d59ca93dc150494e5b55a44134482993f5baeb97e61b7ecc89?s=96&d=mm&r=g\",\"url\":\"https:\\\/\\\/secure.gravatar.com\\\/avatar\\\/42749d8b712ff9d59ca93dc150494e5b55a44134482993f5baeb97e61b7ecc89?s=96&d=mm&r=g\",\"contentUrl\":\"https:\\\/\\\/secure.gravatar.com\\\/avatar\\\/42749d8b712ff9d59ca93dc150494e5b55a44134482993f5baeb97e61b7ecc89?s=96&d=mm&r=g\",\"caption\":\"Roberto\"},\"url\":\"https:\\\/\\\/regiaonews.net.br\\\/2022\\\/author\\\/roberto\\\/\"}]}<\/script>\n<!-- \/ Yoast SEO plugin. -->","yoast_head_json":{"title":"Cerim\u00f4nia Oficial de Abertura dos 65\u00b0 Jogos Regionais ser\u00e1 nesta sexta-feira (14), no Roch\u00e3o - Regi\u00e3o News","robots":{"index":"index","follow":"follow","max-snippet":"max-snippet:-1","max-image-preview":"max-image-preview:large","max-video-preview":"max-video-preview:-1"},"canonical":"https:\/\/regiaonews.net.br\/2022\/2023\/07\/13\/cerimonia-oficial-de-abertura-dos-65-jogos-regionais-sera-nesta-sexta-feira-14-no-rochao\/","og_locale":"pt_BR","og_type":"article","og_title":"Cerim\u00f4nia Oficial de Abertura dos 65\u00b0 Jogos Regionais ser\u00e1 nesta sexta-feira (14), no Roch\u00e3o - Regi\u00e3o News","og_description":"Evento esportivo, que ocorre entre os dias 13 e 23","og_url":"https:\/\/regiaonews.net.br\/2022\/2023\/07\/13\/cerimonia-oficial-de-abertura-dos-65-jogos-regionais-sera-nesta-sexta-feira-14-no-rochao\/","og_site_name":"Regi\u00e3o News","article_published_time":"2023-07-13T16:01:16+00:00","og_image":[{"width":530,"height":352,"url":"https:\/\/regiaonews.net.br\/2022\/wp-content\/uploads\/2021\/12\/Rochao-1.jpg","type":"image\/jpeg"}],"author":"Roberto","twitter_card":"summary_large_image","twitter_misc":{"Escrito por":"Roberto","Est. tempo de leitura":"4 minutos"},"schema":{"@context":"https:\/\/schema.org","@graph":[{"@type":"Article","@id":"https:\/\/regiaonews.net.br\/2022\/2023\/07\/13\/cerimonia-oficial-de-abertura-dos-65-jogos-regionais-sera-nesta-sexta-feira-14-no-rochao\/#article","isPartOf":{"@id":"https:\/\/regiaonews.net.br\/2022\/2023\/07\/13\/cerimonia-oficial-de-abertura-dos-65-jogos-regionais-sera-nesta-sexta-feira-14-no-rochao\/"},"author":{"name":"Roberto","@id":"https:\/\/regiaonews.net.br\/2022\/#\/schema\/person\/2d205a608a5aa97ac279d7a5e6d89ad8"},"headline":"Cerim\u00f4nia Oficial de Abertura dos 65\u00b0 Jogos Regionais ser\u00e1 nesta sexta-feira (14), no Roch\u00e3o","datePublished":"2023-07-13T16:01:16+00:00","mainEntityOfPage":{"@id":"https:\/\/regiaonews.net.br\/2022\/2023\/07\/13\/cerimonia-oficial-de-abertura-dos-65-jogos-regionais-sera-nesta-sexta-feira-14-no-rochao\/"},"wordCount":614,"commentCount":0,"publisher":{"@id":"https:\/\/regiaonews.net.br\/2022\/#organization"},"image":{"@id":"https:\/\/regiaonews.net.br\/2022\/2023\/07\/13\/cerimonia-oficial-de-abertura-dos-65-jogos-regionais-sera-nesta-sexta-feira-14-no-rochao\/#primaryimage"},"thumbnailUrl":"https:\/\/regiaonews.net.br\/2022\/wp-content\/uploads\/2021\/12\/Rochao-1.jpg","articleSection":["Barretos","Esporte"],"inLanguage":"pt-BR","potentialAction":[{"@type":"CommentAction","name":"Comment","target":["https:\/\/regiaonews.net.br\/2022\/2023\/07\/13\/cerimonia-oficial-de-abertura-dos-65-jogos-regionais-sera-nesta-sexta-feira-14-no-rochao\/#respond"]}]},{"@type":"WebPage","@id":"https:\/\/regiaonews.net.br\/2022\/2023\/07\/13\/cerimonia-oficial-de-abertura-dos-65-jogos-regionais-sera-nesta-sexta-feira-14-no-rochao\/","url":"https:\/\/regiaonews.net.br\/2022\/2023\/07\/13\/cerimonia-oficial-de-abertura-dos-65-jogos-regionais-sera-nesta-sexta-feira-14-no-rochao\/","name":"Cerim\u00f4nia Oficial de Abertura dos 65\u00b0 Jogos Regionais ser\u00e1 nesta sexta-feira (14), no Roch\u00e3o - Regi\u00e3o News","isPartOf":{"@id":"https:\/\/regiaonews.net.br\/2022\/#website"},"primaryImageOfPage":{"@id":"https:\/\/regiaonews.net.br\/2022\/2023\/07\/13\/cerimonia-oficial-de-abertura-dos-65-jogos-regionais-sera-nesta-sexta-feira-14-no-rochao\/#primaryimage"},"image":{"@id":"https:\/\/regiaonews.net.br\/2022\/2023\/07\/13\/cerimonia-oficial-de-abertura-dos-65-jogos-regionais-sera-nesta-sexta-feira-14-no-rochao\/#primaryimage"},"thumbnailUrl":"https:\/\/regiaonews.net.br\/2022\/wp-content\/uploads\/2021\/12\/Rochao-1.jpg","datePublished":"2023-07-13T16:01:16+00:00","breadcrumb":{"@id":"https:\/\/regiaonews.net.br\/2022\/2023\/07\/13\/cerimonia-oficial-de-abertura-dos-65-jogos-regionais-sera-nesta-sexta-feira-14-no-rochao\/#breadcrumb"},"inLanguage":"pt-BR","potentialAction":[{"@type":"ReadAction","target":["https:\/\/regiaonews.net.br\/2022\/2023\/07\/13\/cerimonia-oficial-de-abertura-dos-65-jogos-regionais-sera-nesta-sexta-feira-14-no-rochao\/"]}]},{"@type":"ImageObject","inLanguage":"pt-BR","@id":"https:\/\/regiaonews.net.br\/2022\/2023\/07\/13\/cerimonia-oficial-de-abertura-dos-65-jogos-regionais-sera-nesta-sexta-feira-14-no-rochao\/#primaryimage","url":"https:\/\/regiaonews.net.br\/2022\/wp-content\/uploads\/2021\/12\/Rochao-1.jpg","contentUrl":"https:\/\/regiaonews.net.br\/2022\/wp-content\/uploads\/2021\/12\/Rochao-1.jpg","width":530,"height":352},{"@type":"BreadcrumbList","@id":"https:\/\/regiaonews.net.br\/2022\/2023\/07\/13\/cerimonia-oficial-de-abertura-dos-65-jogos-regionais-sera-nesta-sexta-feira-14-no-rochao\/#breadcrumb","itemListElement":[{"@type":"ListItem","position":1,"name":"In\u00edcio","item":"https:\/\/regiaonews.net.br\/2022\/"},{"@type":"ListItem","position":2,"name":"Cerim\u00f4nia Oficial de Abertura dos 65\u00b0 Jogos Regionais ser\u00e1 nesta sexta-feira (14), no Roch\u00e3o"}]},{"@type":"WebSite","@id":"https:\/\/regiaonews.net.br\/2022\/#website","url":"https:\/\/regiaonews.net.br\/2022\/","name":"Regi\u00e3o News","description":"Site de Not\u00edcias de Barretos e regi\u00e3o","publisher":{"@id":"https:\/\/regiaonews.net.br\/2022\/#organization"},"potentialAction":[{"@type":"SearchAction","target":{"@type":"EntryPoint","urlTemplate":"https:\/\/regiaonews.net.br\/2022\/?s={search_term_string}"},"query-input":{"@type":"PropertyValueSpecification","valueRequired":true,"valueName":"search_term_string"}}],"inLanguage":"pt-BR"},{"@type":"Organization","@id":"https:\/\/regiaonews.net.br\/2022\/#organization","name":"Regi\u00e3o News","url":"https:\/\/regiaonews.net.br\/2022\/","logo":{"@type":"ImageObject","inLanguage":"pt-BR","@id":"https:\/\/regiaonews.net.br\/2022\/#\/schema\/logo\/image\/","url":"https:\/\/regiaonews.net.br\/2022\/wp-content\/uploads\/2026\/03\/regiao-13-anos-scaled.jpg","contentUrl":"https:\/\/regiaonews.net.br\/2022\/wp-content\/uploads\/2026\/03\/regiao-13-anos-scaled.jpg","width":2560,"height":635,"caption":"Regi\u00e3o News"},"image":{"@id":"https:\/\/regiaonews.net.br\/2022\/#\/schema\/logo\/image\/"}},{"@type":"Person","@id":"https:\/\/regiaonews.net.br\/2022\/#\/schema\/person\/2d205a608a5aa97ac279d7a5e6d89ad8","name":"Roberto","image":{"@type":"ImageObject","inLanguage":"pt-BR","@id":"https:\/\/secure.gravatar.com\/avatar\/42749d8b712ff9d59ca93dc150494e5b55a44134482993f5baeb97e61b7ecc89?s=96&d=mm&r=g","url":"https:\/\/secure.gravatar.com\/avatar\/42749d8b712ff9d59ca93dc150494e5b55a44134482993f5baeb97e61b7ecc89?s=96&d=mm&r=g","contentUrl":"https:\/\/secure.gravatar.com\/avatar\/42749d8b712ff9d59ca93dc150494e5b55a44134482993f5baeb97e61b7ecc89?s=96&d=mm&r=g","caption":"Roberto"},"url":"https:\/\/regiaonews.net.br\/2022\/author\/roberto\/"}]}},"publishpress_future_action":{"enabled":false,"date":"2026-05-03 18:35:29","action":"change-status","newStatus":"draft","terms":[],"taxonomy":"category","extraData":[]},"publishpress_future_workflow_manual_trigger":{"enabledWorkflows":[]},"_links":{"self":[{"href":"https:\/\/regiaonews.net.br\/2022\/wp-json\/wp\/v2\/posts\/91618","targetHints":{"allow":["GET"]}}],"collection":[{"href":"https:\/\/regiaonews.net.br\/2022\/wp-json\/wp\/v2\/posts"}],"about":[{"href":"https:\/\/regiaonews.net.br\/2022\/wp-json\/wp\/v2\/types\/post"}],"author":[{"embeddable":true,"href":"https:\/\/regiaonews.net.br\/2022\/wp-json\/wp\/v2\/users\/2"}],"replies":[{"embeddable":true,"href":"https:\/\/regiaonews.net.br\/2022\/wp-json\/wp\/v2\/comments?post=91618"}],"version-history":[{"count":1,"href":"https:\/\/regiaonews.net.br\/2022\/wp-json\/wp\/v2\/posts\/91618\/revisions"}],"predecessor-version":[{"id":91619,"href":"https:\/\/regiaonews.net.br\/2022\/wp-json\/wp\/v2\/posts\/91618\/revisions\/91619"}],"wp:featuredmedia":[{"embeddable":true,"href":"https:\/\/regiaonews.net.br\/2022\/wp-json\/wp\/v2\/media\/63565"}],"wp:attachment":[{"href":"https:\/\/regiaonews.net.br\/2022\/wp-json\/wp\/v2\/media?parent=91618"}],"wp:term":[{"taxonomy":"category","embeddable":true,"href":"https:\/\/regiaonews.net.br\/2022\/wp-json\/wp\/v2\/categories?post=91618"},{"taxonomy":"post_tag","embeddable":true,"href":"https:\/\/regiaonews.net.br\/2022\/wp-json\/wp\/v2\/tags?post=91618"}],"curies":[{"name":"wp","href":"https:\/\/api.w.org\/{rel}","templated":true}]}}