{"id":91608,"date":"2023-07-13T09:53:56","date_gmt":"2023-07-13T12:53:56","guid":{"rendered":"https:\/\/regiaonews.net.br\/2022\/?p=91608"},"modified":"2023-07-13T17:39:28","modified_gmt":"2023-07-13T20:39:28","slug":"concurso-culinario-da-festa-do-peao-de-barretos-rejeita-gourmetizacao-e-preserva-raizes","status":"publish","type":"post","link":"https:\/\/regiaonews.net.br\/2022\/2023\/07\/13\/concurso-culinario-da-festa-do-peao-de-barretos-rejeita-gourmetizacao-e-preserva-raizes\/","title":{"rendered":"Concurso culin\u00e1rio da Festa do Pe\u00e3o de Barretos rejeita \u2018gourmetiza\u00e7\u00e3o\u2019 e preserva ra\u00edzes"},"content":{"rendered":"<p>Patrim\u00f4nio cultural e imaterial do Brasil, Queima do Alho \u00e9 uma das atra\u00e7\u00f5es t\u00edpicas do evento. Competi\u00e7\u00e3o envolvendo elabora\u00e7\u00e3o do prato acontece no dia 20 de agosto, integrando a programa\u00e7\u00e3o da Festa<br \/>\nPreservando os sabores da comida t\u00edpica do estrad\u00e3o boiadeiro, o Concurso Queima do Alho deixa a \u2018gourmetiza\u00e7\u00e3o\u2019 de lado e mant\u00e9m a tradi\u00e7\u00e3o da \u201ccomida raiz\u201d do sertanejo brasileiro. Isto porque, na disputa culin\u00e1ria, que acontece desde 1956 na programa\u00e7\u00e3o da Festa do Pe\u00e3o de Barretos, o que conta \u00e9 a fidelidade ao sabor e ao modo de preparo de \u201cantigamente\u201d. O prato era feito pelas estradas do interior do pa\u00eds quando as comitivas conduziam as boiadas.<br \/>\nNeste ano, j\u00e1 est\u00e3o confirmadas 20 comitivas de diferentes regi\u00f5es do pa\u00eds no concurso. A disputa acontece no dia 20 de agosto, a partir do meio-dia, no Rancho Ponto de Pouso, no Parque do Pe\u00e3o, durante a 68\u00aa Festa do Pe\u00e3o de Barretos.<br \/>\nO prato \u00e9 composto por arroz carreteiro, feij\u00e3o gordo, pa\u00e7oca de carne seca e carne de churrasco. \u201cManter a tradi\u00e7\u00e3o gastron\u00f4mica da Queima do Alho \u00e9 uma homenagem para o Pe\u00e3o de Boiadeiro que, no s\u00e9culo passado, movimentou a economia da regi\u00e3o e fez a Festa do Pe\u00e3o de Barretos ser o que \u00e9 hoje\u201d, conta Jo\u00e3o Paulo Martins, um dos organizadores e coordenador do concurso.<br \/>\nRegras priorizam a tradi\u00e7\u00e3o<br \/>\nNo concurso gastron\u00f4mico, as comitivas de cozinheiros montam seus apetrechos e fazem o tradicional \u201cfogo de ch\u00e3o\u201d. Nada de forno el\u00e9trico, g\u00e1s ou micro-ondas. \u00c9 na lenha que a comida tem que ser preparada. Os utens\u00edlios \u2013 conhecidos como tralhas \u2013 s\u00e3o verificados pelos jurados e precisam ser fi\u00e9is aos utilizados no passado.<br \/>\n\u201cOs jurados s\u00e3o pessoas que j\u00e1 viajaram no estrad\u00e3o de boiadeiro e n\u00e3o julgam s\u00f3 a comida. Outros quesitos tamb\u00e9m pesam na nota final. As comitivas t\u00eam que estar com a tralha bem completa dentro dos padr\u00f5es do estrad\u00e3o, al\u00e9m de verificar a habilidade dos cozinheiros no manuseio e se t\u00eam liga\u00e7\u00f5es com a tradi\u00e7\u00e3o\u201d, completa Jo\u00e3o Paulo.<br \/>\nO coordenador alerta, ainda, que inova\u00e7\u00f5es \u201cgourmets\u201d e temperos prontos s\u00e3o proibidos. \u201cA ideia \u00e9 preservar o sabor, que vai se perdendo ao longo dos anos. Nenhum ingrediente ou recurso, al\u00e9m do que os cozinheiros tinham na \u00e9poca da condu\u00e7\u00e3o das boiadas no s\u00e9culo passado, \u00e9 permitido no concurso\u201d, continua.<br \/>\nO resultado \u00e9 uma comida fiel e disputada. Al\u00e9m do concurso \u2013 que chega a receber mais de 2 mil pessoas por edi\u00e7\u00e3o, entre convidados e imprensa \u2013, o prato tamb\u00e9m \u00e9 comercializado ao longo da Festa para os visitantes. No ano passado, mais de 3 mil refei\u00e7\u00f5es foram comercializadas, segundo Jo\u00e3o Paulo.<\/p>\n<p>Concurso do Berrante<\/p>\n<p><a href=\"https:\/\/regiaonews.net.br\/2022\/wp-content\/uploads\/2023\/07\/WhatsApp-Image-2023-07-13-at-17.32.49.jpeg\"><img loading=\"lazy\" decoding=\"async\" class=\"alignnone size-medium wp-image-91630\" src=\"https:\/\/regiaonews.net.br\/2022\/wp-content\/uploads\/2023\/07\/WhatsApp-Image-2023-07-13-at-17.32.49-300x200.jpeg\" alt=\"\" width=\"300\" height=\"200\" srcset=\"https:\/\/regiaonews.net.br\/2022\/wp-content\/uploads\/2023\/07\/WhatsApp-Image-2023-07-13-at-17.32.49-300x200.jpeg 300w, https:\/\/regiaonews.net.br\/2022\/wp-content\/uploads\/2023\/07\/WhatsApp-Image-2023-07-13-at-17.32.49-1024x684.jpeg 1024w, https:\/\/regiaonews.net.br\/2022\/wp-content\/uploads\/2023\/07\/WhatsApp-Image-2023-07-13-at-17.32.49-768x513.jpeg 768w, https:\/\/regiaonews.net.br\/2022\/wp-content\/uploads\/2023\/07\/WhatsApp-Image-2023-07-13-at-17.32.49-1536x1025.jpeg 1536w, https:\/\/regiaonews.net.br\/2022\/wp-content\/uploads\/2023\/07\/WhatsApp-Image-2023-07-13-at-17.32.49-250x167.jpeg 250w, https:\/\/regiaonews.net.br\/2022\/wp-content\/uploads\/2023\/07\/WhatsApp-Image-2023-07-13-at-17.32.49-900x600.jpeg 900w, https:\/\/regiaonews.net.br\/2022\/wp-content\/uploads\/2023\/07\/WhatsApp-Image-2023-07-13-at-17.32.49.jpeg 1600w\" sizes=\"auto, (max-width: 300px) 100vw, 300px\" \/><\/a><\/p>\n<p>Tradi\u00e7\u00e3o da Festa do Pe\u00e3o de Barretos, o Concurso do Berrante tamb\u00e9m acontece desde a primeira edi\u00e7\u00e3o do evento, assim como a competi\u00e7\u00e3o da Queima do Alho.<br \/>\nO instrumento era utilizado na condu\u00e7\u00e3o das boiadas e servia para avisar as comitivas de momentos estrat\u00e9gicos na viagem, como momento de partida, perigo \u00e0 vista, hor\u00e1rio da refei\u00e7\u00e3o, entre outros.<br \/>\nA disputa em Barretos tamb\u00e9m re\u00fane competidores de diversas regi\u00f5es do pa\u00eds e acontece junto com a Queima do Alho, em 20 de agosto. As inscri\u00e7\u00f5es podem ser feitas no dia do evento. S\u00e3o 15 vagas dispon\u00edveis na categoria masculina e 10 vagas na feminina.<br \/>\nVenda ingresso<br \/>\nEste ano, a venda de ingressos ser\u00e1 atrav\u00e9s do site da Total Acesso https:\/\/barretos.totalacesso.com\/. Est\u00e3o inclusos no valor do ingresso, o acesso ao Parque\/Rodeio\/Show e acesso ao Rancho Ponto de Pouso com a tradicional comida da Queima do Alho. As bebidas s\u00e3o vendidas \u00e0 parte.<br \/>\nMais informa\u00e7\u00f5es no site: https:\/\/www.independentes.com.br\/festadopeao\/inicio<\/p>\n<p>&nbsp;<\/p>\n","protected":false},"excerpt":{"rendered":"<p>Patrim\u00f4nio cultural e imaterial do Brasil, Queima do Alho \u00e9<\/p>\n","protected":false},"author":2,"featured_media":91629,"comment_status":"open","ping_status":"open","sticky":false,"template":"","format":"standard","meta":{"footnotes":""},"categories":[14,3],"tags":[],"class_list":["post-91608","post","type-post","status-publish","format-standard","has-post-thumbnail","hentry","category-barretos","category-geral"],"yoast_head":"<!-- This site is optimized with the Yoast SEO plugin v27.4 - https:\/\/yoast.com\/product\/yoast-seo-wordpress\/ -->\n<title>Concurso culin\u00e1rio da Festa do Pe\u00e3o de Barretos rejeita \u2018gourmetiza\u00e7\u00e3o\u2019 e preserva ra\u00edzes - Regi\u00e3o News<\/title>\n<meta name=\"robots\" content=\"index, follow, max-snippet:-1, max-image-preview:large, max-video-preview:-1\" \/>\n<link rel=\"canonical\" href=\"https:\/\/regiaonews.net.br\/2022\/2023\/07\/13\/concurso-culinario-da-festa-do-peao-de-barretos-rejeita-gourmetizacao-e-preserva-raizes\/\" \/>\n<meta property=\"og:locale\" content=\"pt_BR\" \/>\n<meta property=\"og:type\" content=\"article\" \/>\n<meta property=\"og:title\" content=\"Concurso culin\u00e1rio da Festa do Pe\u00e3o de Barretos rejeita \u2018gourmetiza\u00e7\u00e3o\u2019 e preserva ra\u00edzes - Regi\u00e3o News\" \/>\n<meta property=\"og:description\" content=\"Patrim\u00f4nio cultural e imaterial do Brasil, Queima do Alho \u00e9\" \/>\n<meta property=\"og:url\" content=\"https:\/\/regiaonews.net.br\/2022\/2023\/07\/13\/concurso-culinario-da-festa-do-peao-de-barretos-rejeita-gourmetizacao-e-preserva-raizes\/\" \/>\n<meta property=\"og:site_name\" content=\"Regi\u00e3o News\" \/>\n<meta property=\"article:published_time\" content=\"2023-07-13T12:53:56+00:00\" \/>\n<meta property=\"article:modified_time\" content=\"2023-07-13T20:39:28+00:00\" \/>\n<meta property=\"og:image\" content=\"https:\/\/regiaonews.net.br\/2022\/wp-content\/uploads\/2023\/07\/WhatsApp-Image-2023-07-13-at-17.32.48.jpeg\" \/>\n\t<meta property=\"og:image:width\" content=\"1600\" \/>\n\t<meta property=\"og:image:height\" content=\"1068\" \/>\n\t<meta property=\"og:image:type\" content=\"image\/jpeg\" \/>\n<meta name=\"author\" content=\"Roberto\" \/>\n<meta name=\"twitter:card\" content=\"summary_large_image\" \/>\n<meta name=\"twitter:label1\" content=\"Escrito por\" \/>\n\t<meta name=\"twitter:data1\" content=\"Roberto\" \/>\n\t<meta name=\"twitter:label2\" content=\"Est. tempo de leitura\" \/>\n\t<meta name=\"twitter:data2\" content=\"4 minutos\" \/>\n<script type=\"application\/ld+json\" class=\"yoast-schema-graph\">{\"@context\":\"https:\\\/\\\/schema.org\",\"@graph\":[{\"@type\":\"Article\",\"@id\":\"https:\\\/\\\/regiaonews.net.br\\\/2022\\\/2023\\\/07\\\/13\\\/concurso-culinario-da-festa-do-peao-de-barretos-rejeita-gourmetizacao-e-preserva-raizes\\\/#article\",\"isPartOf\":{\"@id\":\"https:\\\/\\\/regiaonews.net.br\\\/2022\\\/2023\\\/07\\\/13\\\/concurso-culinario-da-festa-do-peao-de-barretos-rejeita-gourmetizacao-e-preserva-raizes\\\/\"},\"author\":{\"name\":\"Roberto\",\"@id\":\"https:\\\/\\\/regiaonews.net.br\\\/2022\\\/#\\\/schema\\\/person\\\/2d205a608a5aa97ac279d7a5e6d89ad8\"},\"headline\":\"Concurso culin\u00e1rio da Festa do Pe\u00e3o de Barretos rejeita \u2018gourmetiza\u00e7\u00e3o\u2019 e preserva ra\u00edzes\",\"datePublished\":\"2023-07-13T12:53:56+00:00\",\"dateModified\":\"2023-07-13T20:39:28+00:00\",\"mainEntityOfPage\":{\"@id\":\"https:\\\/\\\/regiaonews.net.br\\\/2022\\\/2023\\\/07\\\/13\\\/concurso-culinario-da-festa-do-peao-de-barretos-rejeita-gourmetizacao-e-preserva-raizes\\\/\"},\"wordCount\":676,\"commentCount\":0,\"publisher\":{\"@id\":\"https:\\\/\\\/regiaonews.net.br\\\/2022\\\/#organization\"},\"image\":{\"@id\":\"https:\\\/\\\/regiaonews.net.br\\\/2022\\\/2023\\\/07\\\/13\\\/concurso-culinario-da-festa-do-peao-de-barretos-rejeita-gourmetizacao-e-preserva-raizes\\\/#primaryimage\"},\"thumbnailUrl\":\"https:\\\/\\\/regiaonews.net.br\\\/2022\\\/wp-content\\\/uploads\\\/2023\\\/07\\\/WhatsApp-Image-2023-07-13-at-17.32.48.jpeg\",\"articleSection\":[\"Barretos\",\"Geral\"],\"inLanguage\":\"pt-BR\",\"potentialAction\":[{\"@type\":\"CommentAction\",\"name\":\"Comment\",\"target\":[\"https:\\\/\\\/regiaonews.net.br\\\/2022\\\/2023\\\/07\\\/13\\\/concurso-culinario-da-festa-do-peao-de-barretos-rejeita-gourmetizacao-e-preserva-raizes\\\/#respond\"]}]},{\"@type\":\"WebPage\",\"@id\":\"https:\\\/\\\/regiaonews.net.br\\\/2022\\\/2023\\\/07\\\/13\\\/concurso-culinario-da-festa-do-peao-de-barretos-rejeita-gourmetizacao-e-preserva-raizes\\\/\",\"url\":\"https:\\\/\\\/regiaonews.net.br\\\/2022\\\/2023\\\/07\\\/13\\\/concurso-culinario-da-festa-do-peao-de-barretos-rejeita-gourmetizacao-e-preserva-raizes\\\/\",\"name\":\"Concurso culin\u00e1rio da Festa do Pe\u00e3o de Barretos rejeita \u2018gourmetiza\u00e7\u00e3o\u2019 e preserva ra\u00edzes - Regi\u00e3o News\",\"isPartOf\":{\"@id\":\"https:\\\/\\\/regiaonews.net.br\\\/2022\\\/#website\"},\"primaryImageOfPage\":{\"@id\":\"https:\\\/\\\/regiaonews.net.br\\\/2022\\\/2023\\\/07\\\/13\\\/concurso-culinario-da-festa-do-peao-de-barretos-rejeita-gourmetizacao-e-preserva-raizes\\\/#primaryimage\"},\"image\":{\"@id\":\"https:\\\/\\\/regiaonews.net.br\\\/2022\\\/2023\\\/07\\\/13\\\/concurso-culinario-da-festa-do-peao-de-barretos-rejeita-gourmetizacao-e-preserva-raizes\\\/#primaryimage\"},\"thumbnailUrl\":\"https:\\\/\\\/regiaonews.net.br\\\/2022\\\/wp-content\\\/uploads\\\/2023\\\/07\\\/WhatsApp-Image-2023-07-13-at-17.32.48.jpeg\",\"datePublished\":\"2023-07-13T12:53:56+00:00\",\"dateModified\":\"2023-07-13T20:39:28+00:00\",\"breadcrumb\":{\"@id\":\"https:\\\/\\\/regiaonews.net.br\\\/2022\\\/2023\\\/07\\\/13\\\/concurso-culinario-da-festa-do-peao-de-barretos-rejeita-gourmetizacao-e-preserva-raizes\\\/#breadcrumb\"},\"inLanguage\":\"pt-BR\",\"potentialAction\":[{\"@type\":\"ReadAction\",\"target\":[\"https:\\\/\\\/regiaonews.net.br\\\/2022\\\/2023\\\/07\\\/13\\\/concurso-culinario-da-festa-do-peao-de-barretos-rejeita-gourmetizacao-e-preserva-raizes\\\/\"]}]},{\"@type\":\"ImageObject\",\"inLanguage\":\"pt-BR\",\"@id\":\"https:\\\/\\\/regiaonews.net.br\\\/2022\\\/2023\\\/07\\\/13\\\/concurso-culinario-da-festa-do-peao-de-barretos-rejeita-gourmetizacao-e-preserva-raizes\\\/#primaryimage\",\"url\":\"https:\\\/\\\/regiaonews.net.br\\\/2022\\\/wp-content\\\/uploads\\\/2023\\\/07\\\/WhatsApp-Image-2023-07-13-at-17.32.48.jpeg\",\"contentUrl\":\"https:\\\/\\\/regiaonews.net.br\\\/2022\\\/wp-content\\\/uploads\\\/2023\\\/07\\\/WhatsApp-Image-2023-07-13-at-17.32.48.jpeg\",\"width\":1600,\"height\":1068},{\"@type\":\"BreadcrumbList\",\"@id\":\"https:\\\/\\\/regiaonews.net.br\\\/2022\\\/2023\\\/07\\\/13\\\/concurso-culinario-da-festa-do-peao-de-barretos-rejeita-gourmetizacao-e-preserva-raizes\\\/#breadcrumb\",\"itemListElement\":[{\"@type\":\"ListItem\",\"position\":1,\"name\":\"In\u00edcio\",\"item\":\"https:\\\/\\\/regiaonews.net.br\\\/2022\\\/\"},{\"@type\":\"ListItem\",\"position\":2,\"name\":\"Concurso culin\u00e1rio da Festa do Pe\u00e3o de Barretos rejeita \u2018gourmetiza\u00e7\u00e3o\u2019 e preserva ra\u00edzes\"}]},{\"@type\":\"WebSite\",\"@id\":\"https:\\\/\\\/regiaonews.net.br\\\/2022\\\/#website\",\"url\":\"https:\\\/\\\/regiaonews.net.br\\\/2022\\\/\",\"name\":\"Regi\u00e3o News\",\"description\":\"Site de Not\u00edcias de Barretos e regi\u00e3o\",\"publisher\":{\"@id\":\"https:\\\/\\\/regiaonews.net.br\\\/2022\\\/#organization\"},\"potentialAction\":[{\"@type\":\"SearchAction\",\"target\":{\"@type\":\"EntryPoint\",\"urlTemplate\":\"https:\\\/\\\/regiaonews.net.br\\\/2022\\\/?s={search_term_string}\"},\"query-input\":{\"@type\":\"PropertyValueSpecification\",\"valueRequired\":true,\"valueName\":\"search_term_string\"}}],\"inLanguage\":\"pt-BR\"},{\"@type\":\"Organization\",\"@id\":\"https:\\\/\\\/regiaonews.net.br\\\/2022\\\/#organization\",\"name\":\"Regi\u00e3o News\",\"url\":\"https:\\\/\\\/regiaonews.net.br\\\/2022\\\/\",\"logo\":{\"@type\":\"ImageObject\",\"inLanguage\":\"pt-BR\",\"@id\":\"https:\\\/\\\/regiaonews.net.br\\\/2022\\\/#\\\/schema\\\/logo\\\/image\\\/\",\"url\":\"https:\\\/\\\/regiaonews.net.br\\\/2022\\\/wp-content\\\/uploads\\\/2026\\\/03\\\/regiao-13-anos-scaled.jpg\",\"contentUrl\":\"https:\\\/\\\/regiaonews.net.br\\\/2022\\\/wp-content\\\/uploads\\\/2026\\\/03\\\/regiao-13-anos-scaled.jpg\",\"width\":2560,\"height\":635,\"caption\":\"Regi\u00e3o News\"},\"image\":{\"@id\":\"https:\\\/\\\/regiaonews.net.br\\\/2022\\\/#\\\/schema\\\/logo\\\/image\\\/\"}},{\"@type\":\"Person\",\"@id\":\"https:\\\/\\\/regiaonews.net.br\\\/2022\\\/#\\\/schema\\\/person\\\/2d205a608a5aa97ac279d7a5e6d89ad8\",\"name\":\"Roberto\",\"image\":{\"@type\":\"ImageObject\",\"inLanguage\":\"pt-BR\",\"@id\":\"https:\\\/\\\/secure.gravatar.com\\\/avatar\\\/42749d8b712ff9d59ca93dc150494e5b55a44134482993f5baeb97e61b7ecc89?s=96&d=mm&r=g\",\"url\":\"https:\\\/\\\/secure.gravatar.com\\\/avatar\\\/42749d8b712ff9d59ca93dc150494e5b55a44134482993f5baeb97e61b7ecc89?s=96&d=mm&r=g\",\"contentUrl\":\"https:\\\/\\\/secure.gravatar.com\\\/avatar\\\/42749d8b712ff9d59ca93dc150494e5b55a44134482993f5baeb97e61b7ecc89?s=96&d=mm&r=g\",\"caption\":\"Roberto\"},\"url\":\"https:\\\/\\\/regiaonews.net.br\\\/2022\\\/author\\\/roberto\\\/\"}]}<\/script>\n<!-- \/ Yoast SEO plugin. -->","yoast_head_json":{"title":"Concurso culin\u00e1rio da Festa do Pe\u00e3o de Barretos rejeita \u2018gourmetiza\u00e7\u00e3o\u2019 e preserva ra\u00edzes - Regi\u00e3o News","robots":{"index":"index","follow":"follow","max-snippet":"max-snippet:-1","max-image-preview":"max-image-preview:large","max-video-preview":"max-video-preview:-1"},"canonical":"https:\/\/regiaonews.net.br\/2022\/2023\/07\/13\/concurso-culinario-da-festa-do-peao-de-barretos-rejeita-gourmetizacao-e-preserva-raizes\/","og_locale":"pt_BR","og_type":"article","og_title":"Concurso culin\u00e1rio da Festa do Pe\u00e3o de Barretos rejeita \u2018gourmetiza\u00e7\u00e3o\u2019 e preserva ra\u00edzes - Regi\u00e3o News","og_description":"Patrim\u00f4nio cultural e imaterial do Brasil, Queima do Alho \u00e9","og_url":"https:\/\/regiaonews.net.br\/2022\/2023\/07\/13\/concurso-culinario-da-festa-do-peao-de-barretos-rejeita-gourmetizacao-e-preserva-raizes\/","og_site_name":"Regi\u00e3o News","article_published_time":"2023-07-13T12:53:56+00:00","article_modified_time":"2023-07-13T20:39:28+00:00","og_image":[{"width":1600,"height":1068,"url":"https:\/\/regiaonews.net.br\/2022\/wp-content\/uploads\/2023\/07\/WhatsApp-Image-2023-07-13-at-17.32.48.jpeg","type":"image\/jpeg"}],"author":"Roberto","twitter_card":"summary_large_image","twitter_misc":{"Escrito por":"Roberto","Est. tempo de leitura":"4 minutos"},"schema":{"@context":"https:\/\/schema.org","@graph":[{"@type":"Article","@id":"https:\/\/regiaonews.net.br\/2022\/2023\/07\/13\/concurso-culinario-da-festa-do-peao-de-barretos-rejeita-gourmetizacao-e-preserva-raizes\/#article","isPartOf":{"@id":"https:\/\/regiaonews.net.br\/2022\/2023\/07\/13\/concurso-culinario-da-festa-do-peao-de-barretos-rejeita-gourmetizacao-e-preserva-raizes\/"},"author":{"name":"Roberto","@id":"https:\/\/regiaonews.net.br\/2022\/#\/schema\/person\/2d205a608a5aa97ac279d7a5e6d89ad8"},"headline":"Concurso culin\u00e1rio da Festa do Pe\u00e3o de Barretos rejeita \u2018gourmetiza\u00e7\u00e3o\u2019 e preserva ra\u00edzes","datePublished":"2023-07-13T12:53:56+00:00","dateModified":"2023-07-13T20:39:28+00:00","mainEntityOfPage":{"@id":"https:\/\/regiaonews.net.br\/2022\/2023\/07\/13\/concurso-culinario-da-festa-do-peao-de-barretos-rejeita-gourmetizacao-e-preserva-raizes\/"},"wordCount":676,"commentCount":0,"publisher":{"@id":"https:\/\/regiaonews.net.br\/2022\/#organization"},"image":{"@id":"https:\/\/regiaonews.net.br\/2022\/2023\/07\/13\/concurso-culinario-da-festa-do-peao-de-barretos-rejeita-gourmetizacao-e-preserva-raizes\/#primaryimage"},"thumbnailUrl":"https:\/\/regiaonews.net.br\/2022\/wp-content\/uploads\/2023\/07\/WhatsApp-Image-2023-07-13-at-17.32.48.jpeg","articleSection":["Barretos","Geral"],"inLanguage":"pt-BR","potentialAction":[{"@type":"CommentAction","name":"Comment","target":["https:\/\/regiaonews.net.br\/2022\/2023\/07\/13\/concurso-culinario-da-festa-do-peao-de-barretos-rejeita-gourmetizacao-e-preserva-raizes\/#respond"]}]},{"@type":"WebPage","@id":"https:\/\/regiaonews.net.br\/2022\/2023\/07\/13\/concurso-culinario-da-festa-do-peao-de-barretos-rejeita-gourmetizacao-e-preserva-raizes\/","url":"https:\/\/regiaonews.net.br\/2022\/2023\/07\/13\/concurso-culinario-da-festa-do-peao-de-barretos-rejeita-gourmetizacao-e-preserva-raizes\/","name":"Concurso culin\u00e1rio da Festa do Pe\u00e3o de Barretos rejeita \u2018gourmetiza\u00e7\u00e3o\u2019 e preserva ra\u00edzes - Regi\u00e3o News","isPartOf":{"@id":"https:\/\/regiaonews.net.br\/2022\/#website"},"primaryImageOfPage":{"@id":"https:\/\/regiaonews.net.br\/2022\/2023\/07\/13\/concurso-culinario-da-festa-do-peao-de-barretos-rejeita-gourmetizacao-e-preserva-raizes\/#primaryimage"},"image":{"@id":"https:\/\/regiaonews.net.br\/2022\/2023\/07\/13\/concurso-culinario-da-festa-do-peao-de-barretos-rejeita-gourmetizacao-e-preserva-raizes\/#primaryimage"},"thumbnailUrl":"https:\/\/regiaonews.net.br\/2022\/wp-content\/uploads\/2023\/07\/WhatsApp-Image-2023-07-13-at-17.32.48.jpeg","datePublished":"2023-07-13T12:53:56+00:00","dateModified":"2023-07-13T20:39:28+00:00","breadcrumb":{"@id":"https:\/\/regiaonews.net.br\/2022\/2023\/07\/13\/concurso-culinario-da-festa-do-peao-de-barretos-rejeita-gourmetizacao-e-preserva-raizes\/#breadcrumb"},"inLanguage":"pt-BR","potentialAction":[{"@type":"ReadAction","target":["https:\/\/regiaonews.net.br\/2022\/2023\/07\/13\/concurso-culinario-da-festa-do-peao-de-barretos-rejeita-gourmetizacao-e-preserva-raizes\/"]}]},{"@type":"ImageObject","inLanguage":"pt-BR","@id":"https:\/\/regiaonews.net.br\/2022\/2023\/07\/13\/concurso-culinario-da-festa-do-peao-de-barretos-rejeita-gourmetizacao-e-preserva-raizes\/#primaryimage","url":"https:\/\/regiaonews.net.br\/2022\/wp-content\/uploads\/2023\/07\/WhatsApp-Image-2023-07-13-at-17.32.48.jpeg","contentUrl":"https:\/\/regiaonews.net.br\/2022\/wp-content\/uploads\/2023\/07\/WhatsApp-Image-2023-07-13-at-17.32.48.jpeg","width":1600,"height":1068},{"@type":"BreadcrumbList","@id":"https:\/\/regiaonews.net.br\/2022\/2023\/07\/13\/concurso-culinario-da-festa-do-peao-de-barretos-rejeita-gourmetizacao-e-preserva-raizes\/#breadcrumb","itemListElement":[{"@type":"ListItem","position":1,"name":"In\u00edcio","item":"https:\/\/regiaonews.net.br\/2022\/"},{"@type":"ListItem","position":2,"name":"Concurso culin\u00e1rio da Festa do Pe\u00e3o de Barretos rejeita \u2018gourmetiza\u00e7\u00e3o\u2019 e preserva ra\u00edzes"}]},{"@type":"WebSite","@id":"https:\/\/regiaonews.net.br\/2022\/#website","url":"https:\/\/regiaonews.net.br\/2022\/","name":"Regi\u00e3o News","description":"Site de Not\u00edcias de Barretos e regi\u00e3o","publisher":{"@id":"https:\/\/regiaonews.net.br\/2022\/#organization"},"potentialAction":[{"@type":"SearchAction","target":{"@type":"EntryPoint","urlTemplate":"https:\/\/regiaonews.net.br\/2022\/?s={search_term_string}"},"query-input":{"@type":"PropertyValueSpecification","valueRequired":true,"valueName":"search_term_string"}}],"inLanguage":"pt-BR"},{"@type":"Organization","@id":"https:\/\/regiaonews.net.br\/2022\/#organization","name":"Regi\u00e3o News","url":"https:\/\/regiaonews.net.br\/2022\/","logo":{"@type":"ImageObject","inLanguage":"pt-BR","@id":"https:\/\/regiaonews.net.br\/2022\/#\/schema\/logo\/image\/","url":"https:\/\/regiaonews.net.br\/2022\/wp-content\/uploads\/2026\/03\/regiao-13-anos-scaled.jpg","contentUrl":"https:\/\/regiaonews.net.br\/2022\/wp-content\/uploads\/2026\/03\/regiao-13-anos-scaled.jpg","width":2560,"height":635,"caption":"Regi\u00e3o News"},"image":{"@id":"https:\/\/regiaonews.net.br\/2022\/#\/schema\/logo\/image\/"}},{"@type":"Person","@id":"https:\/\/regiaonews.net.br\/2022\/#\/schema\/person\/2d205a608a5aa97ac279d7a5e6d89ad8","name":"Roberto","image":{"@type":"ImageObject","inLanguage":"pt-BR","@id":"https:\/\/secure.gravatar.com\/avatar\/42749d8b712ff9d59ca93dc150494e5b55a44134482993f5baeb97e61b7ecc89?s=96&d=mm&r=g","url":"https:\/\/secure.gravatar.com\/avatar\/42749d8b712ff9d59ca93dc150494e5b55a44134482993f5baeb97e61b7ecc89?s=96&d=mm&r=g","contentUrl":"https:\/\/secure.gravatar.com\/avatar\/42749d8b712ff9d59ca93dc150494e5b55a44134482993f5baeb97e61b7ecc89?s=96&d=mm&r=g","caption":"Roberto"},"url":"https:\/\/regiaonews.net.br\/2022\/author\/roberto\/"}]}},"publishpress_future_action":{"enabled":false,"date":"2026-05-03 22:17:18","action":"change-status","newStatus":"draft","terms":[],"taxonomy":"category","extraData":[]},"publishpress_future_workflow_manual_trigger":{"enabledWorkflows":[]},"_links":{"self":[{"href":"https:\/\/regiaonews.net.br\/2022\/wp-json\/wp\/v2\/posts\/91608","targetHints":{"allow":["GET"]}}],"collection":[{"href":"https:\/\/regiaonews.net.br\/2022\/wp-json\/wp\/v2\/posts"}],"about":[{"href":"https:\/\/regiaonews.net.br\/2022\/wp-json\/wp\/v2\/types\/post"}],"author":[{"embeddable":true,"href":"https:\/\/regiaonews.net.br\/2022\/wp-json\/wp\/v2\/users\/2"}],"replies":[{"embeddable":true,"href":"https:\/\/regiaonews.net.br\/2022\/wp-json\/wp\/v2\/comments?post=91608"}],"version-history":[{"count":3,"href":"https:\/\/regiaonews.net.br\/2022\/wp-json\/wp\/v2\/posts\/91608\/revisions"}],"predecessor-version":[{"id":91632,"href":"https:\/\/regiaonews.net.br\/2022\/wp-json\/wp\/v2\/posts\/91608\/revisions\/91632"}],"wp:featuredmedia":[{"embeddable":true,"href":"https:\/\/regiaonews.net.br\/2022\/wp-json\/wp\/v2\/media\/91629"}],"wp:attachment":[{"href":"https:\/\/regiaonews.net.br\/2022\/wp-json\/wp\/v2\/media?parent=91608"}],"wp:term":[{"taxonomy":"category","embeddable":true,"href":"https:\/\/regiaonews.net.br\/2022\/wp-json\/wp\/v2\/categories?post=91608"},{"taxonomy":"post_tag","embeddable":true,"href":"https:\/\/regiaonews.net.br\/2022\/wp-json\/wp\/v2\/tags?post=91608"}],"curies":[{"name":"wp","href":"https:\/\/api.w.org\/{rel}","templated":true}]}}