{"id":91438,"date":"2023-07-10T21:39:18","date_gmt":"2023-07-11T00:39:18","guid":{"rendered":"https:\/\/regiaonews.net.br\/2022\/?p=91438"},"modified":"2023-07-10T21:39:53","modified_gmt":"2023-07-11T00:39:53","slug":"alunos-do-fundamental-ii-da-rede-municipal-de-ensino-participam-de-atividade-extracurricular-no-north-shopping","status":"publish","type":"post","link":"https:\/\/regiaonews.net.br\/2022\/2023\/07\/10\/alunos-do-fundamental-ii-da-rede-municipal-de-ensino-participam-de-atividade-extracurricular-no-north-shopping\/","title":{"rendered":"Alunos do Fundamental II da Rede Municipal de Ensino participam de atividade extracurricular no North \u00a0Shopping"},"content":{"rendered":"<p>Estudantes foram premiados com o passeio durante jogo de perguntas e respostas com a prefeita Paula Lemos<\/p>\n<p>Alunos do Ensino Fundamental II (6\u00b0 ao 9\u00b0 ano) das Escolas Municipais \u201cS\u00e3o Francisco\u201d e \u201cProfessor Giuseppe Carn\u00edmeo\u201d participaram na sexta-feira, 07 de julho, de uma atividade extracurricular promovida no North Shopping Barretos. Os estudantes premiados com o passeio participaram de um jogo de perguntas e respostas (quiz) com a prefeita Paula Lemos no \u00faltimo dia 23 de junho.<br \/>\nA secret\u00e1ria municipal de Educa\u00e7\u00e3o, J\u00e9ssica Maria dos Santos, destacou a parceria do North Shopping nas a\u00e7\u00f5es. \u201cQuero agradecer ao North Shopping e aos parceiros por sempre nos atenderem. H\u00e1 pouco tempo, em outra a\u00e7\u00e3o, nossos estudantes foram contemplados com uma sess\u00e3o de cinema com pipoca e refrigerante. As atividades extracurriculares s\u00e3o motivadoras para os alunos e a presen\u00e7a da prefeita nas escolas \u00e9 sempre comemorada por eles\u201d, comentou.<br \/>\nNo passeio, os estudantes foram contemplados com lanche e bebida do Mc Donald\u2019s. Ao todo foram 76 alunos, sendo 20 do 8\u00b0 ano B e 18 do 9\u00b0 ano A, da E.M. S\u00e3o Francisco e 21 alunos do 6\u00b0 ano A e 17 do 7\u00b0 ano A, da E.M. \u201cProfessor Giuseppe Carn\u00edmeo\u201d, al\u00e9m de professores e cuidadores acompanhantes. As visitas ocorreram nos per\u00edodos da manh\u00e3 e da tarde. Outras atividades para as demais turmas do Ensino Fundamental II est\u00e3o previstas at\u00e9 o final do ano.<\/p>\n","protected":false},"excerpt":{"rendered":"<p>Estudantes foram premiados com o passeio durante jogo de perguntas<\/p>\n","protected":false},"author":2,"featured_media":91439,"comment_status":"open","ping_status":"open","sticky":false,"template":"","format":"standard","meta":{"footnotes":""},"categories":[14,25,1],"tags":[],"class_list":["post-91438","post","type-post","status-publish","format-standard","has-post-thumbnail","hentry","category-barretos","category-cidades","category-indefinido"],"yoast_head":"<!-- This site is optimized with the Yoast SEO plugin v27.4 - https:\/\/yoast.com\/product\/yoast-seo-wordpress\/ -->\n<title>Alunos do Fundamental II da Rede Municipal de Ensino participam de atividade extracurricular no North \u00a0Shopping - Regi\u00e3o News<\/title>\n<meta name=\"description\" content=\"Alunos do Fundamental II da Rede Municipal de Ensino participam de atividade extracurricular no North \u00a0Shopping\" \/>\n<meta name=\"robots\" content=\"index, follow, max-snippet:-1, max-image-preview:large, max-video-preview:-1\" \/>\n<link rel=\"canonical\" href=\"https:\/\/regiaonews.net.br\/2022\/2023\/07\/10\/alunos-do-fundamental-ii-da-rede-municipal-de-ensino-participam-de-atividade-extracurricular-no-north-shopping\/\" \/>\n<meta property=\"og:locale\" content=\"pt_BR\" \/>\n<meta property=\"og:type\" content=\"article\" \/>\n<meta property=\"og:title\" content=\"Alunos do Fundamental II da Rede Municipal de Ensino participam de atividade extracurricular no North \u00a0Shopping - Regi\u00e3o News\" \/>\n<meta property=\"og:description\" content=\"Alunos do Fundamental II da Rede Municipal de Ensino participam de atividade extracurricular no North \u00a0Shopping\" \/>\n<meta property=\"og:url\" content=\"https:\/\/regiaonews.net.br\/2022\/2023\/07\/10\/alunos-do-fundamental-ii-da-rede-municipal-de-ensino-participam-de-atividade-extracurricular-no-north-shopping\/\" \/>\n<meta property=\"og:site_name\" content=\"Regi\u00e3o News\" \/>\n<meta property=\"article:published_time\" content=\"2023-07-11T00:39:18+00:00\" \/>\n<meta property=\"article:modified_time\" content=\"2023-07-11T00:39:53+00:00\" \/>\n<meta property=\"og:image\" content=\"https:\/\/regiaonews.net.br\/2022\/wp-content\/uploads\/2023\/07\/WhatsApp-Image-2023-07-10-at-16.33.43.jpeg\" \/>\n\t<meta property=\"og:image:width\" content=\"1592\" \/>\n\t<meta property=\"og:image:height\" content=\"1060\" \/>\n\t<meta property=\"og:image:type\" content=\"image\/jpeg\" \/>\n<meta name=\"author\" content=\"Roberto\" \/>\n<meta name=\"twitter:card\" content=\"summary_large_image\" \/>\n<meta name=\"twitter:label1\" content=\"Escrito por\" \/>\n\t<meta name=\"twitter:data1\" content=\"Roberto\" \/>\n\t<meta name=\"twitter:label2\" content=\"Est. tempo de leitura\" \/>\n\t<meta name=\"twitter:data2\" content=\"2 minutos\" \/>\n<script type=\"application\/ld+json\" class=\"yoast-schema-graph\">{\"@context\":\"https:\\\/\\\/schema.org\",\"@graph\":[{\"@type\":\"Article\",\"@id\":\"https:\\\/\\\/regiaonews.net.br\\\/2022\\\/2023\\\/07\\\/10\\\/alunos-do-fundamental-ii-da-rede-municipal-de-ensino-participam-de-atividade-extracurricular-no-north-shopping\\\/#article\",\"isPartOf\":{\"@id\":\"https:\\\/\\\/regiaonews.net.br\\\/2022\\\/2023\\\/07\\\/10\\\/alunos-do-fundamental-ii-da-rede-municipal-de-ensino-participam-de-atividade-extracurricular-no-north-shopping\\\/\"},\"author\":{\"name\":\"Roberto\",\"@id\":\"https:\\\/\\\/regiaonews.net.br\\\/2022\\\/#\\\/schema\\\/person\\\/2d205a608a5aa97ac279d7a5e6d89ad8\"},\"headline\":\"Alunos do Fundamental II da Rede Municipal de Ensino participam de atividade extracurricular no North \u00a0Shopping\",\"datePublished\":\"2023-07-11T00:39:18+00:00\",\"dateModified\":\"2023-07-11T00:39:53+00:00\",\"mainEntityOfPage\":{\"@id\":\"https:\\\/\\\/regiaonews.net.br\\\/2022\\\/2023\\\/07\\\/10\\\/alunos-do-fundamental-ii-da-rede-municipal-de-ensino-participam-de-atividade-extracurricular-no-north-shopping\\\/\"},\"wordCount\":250,\"commentCount\":0,\"publisher\":{\"@id\":\"https:\\\/\\\/regiaonews.net.br\\\/2022\\\/#organization\"},\"image\":{\"@id\":\"https:\\\/\\\/regiaonews.net.br\\\/2022\\\/2023\\\/07\\\/10\\\/alunos-do-fundamental-ii-da-rede-municipal-de-ensino-participam-de-atividade-extracurricular-no-north-shopping\\\/#primaryimage\"},\"thumbnailUrl\":\"https:\\\/\\\/regiaonews.net.br\\\/2022\\\/wp-content\\\/uploads\\\/2023\\\/07\\\/WhatsApp-Image-2023-07-10-at-16.33.43.jpeg\",\"articleSection\":[\"Barretos\",\"Cidades\",\"Indefinido\"],\"inLanguage\":\"pt-BR\",\"potentialAction\":[{\"@type\":\"CommentAction\",\"name\":\"Comment\",\"target\":[\"https:\\\/\\\/regiaonews.net.br\\\/2022\\\/2023\\\/07\\\/10\\\/alunos-do-fundamental-ii-da-rede-municipal-de-ensino-participam-de-atividade-extracurricular-no-north-shopping\\\/#respond\"]}]},{\"@type\":\"WebPage\",\"@id\":\"https:\\\/\\\/regiaonews.net.br\\\/2022\\\/2023\\\/07\\\/10\\\/alunos-do-fundamental-ii-da-rede-municipal-de-ensino-participam-de-atividade-extracurricular-no-north-shopping\\\/\",\"url\":\"https:\\\/\\\/regiaonews.net.br\\\/2022\\\/2023\\\/07\\\/10\\\/alunos-do-fundamental-ii-da-rede-municipal-de-ensino-participam-de-atividade-extracurricular-no-north-shopping\\\/\",\"name\":\"Alunos do Fundamental II da Rede Municipal de Ensino participam de atividade extracurricular no North \u00a0Shopping - Regi\u00e3o News\",\"isPartOf\":{\"@id\":\"https:\\\/\\\/regiaonews.net.br\\\/2022\\\/#website\"},\"primaryImageOfPage\":{\"@id\":\"https:\\\/\\\/regiaonews.net.br\\\/2022\\\/2023\\\/07\\\/10\\\/alunos-do-fundamental-ii-da-rede-municipal-de-ensino-participam-de-atividade-extracurricular-no-north-shopping\\\/#primaryimage\"},\"image\":{\"@id\":\"https:\\\/\\\/regiaonews.net.br\\\/2022\\\/2023\\\/07\\\/10\\\/alunos-do-fundamental-ii-da-rede-municipal-de-ensino-participam-de-atividade-extracurricular-no-north-shopping\\\/#primaryimage\"},\"thumbnailUrl\":\"https:\\\/\\\/regiaonews.net.br\\\/2022\\\/wp-content\\\/uploads\\\/2023\\\/07\\\/WhatsApp-Image-2023-07-10-at-16.33.43.jpeg\",\"datePublished\":\"2023-07-11T00:39:18+00:00\",\"dateModified\":\"2023-07-11T00:39:53+00:00\",\"description\":\"Alunos do Fundamental II da Rede Municipal de Ensino participam de atividade extracurricular no North \u00a0Shopping\",\"breadcrumb\":{\"@id\":\"https:\\\/\\\/regiaonews.net.br\\\/2022\\\/2023\\\/07\\\/10\\\/alunos-do-fundamental-ii-da-rede-municipal-de-ensino-participam-de-atividade-extracurricular-no-north-shopping\\\/#breadcrumb\"},\"inLanguage\":\"pt-BR\",\"potentialAction\":[{\"@type\":\"ReadAction\",\"target\":[\"https:\\\/\\\/regiaonews.net.br\\\/2022\\\/2023\\\/07\\\/10\\\/alunos-do-fundamental-ii-da-rede-municipal-de-ensino-participam-de-atividade-extracurricular-no-north-shopping\\\/\"]}]},{\"@type\":\"ImageObject\",\"inLanguage\":\"pt-BR\",\"@id\":\"https:\\\/\\\/regiaonews.net.br\\\/2022\\\/2023\\\/07\\\/10\\\/alunos-do-fundamental-ii-da-rede-municipal-de-ensino-participam-de-atividade-extracurricular-no-north-shopping\\\/#primaryimage\",\"url\":\"https:\\\/\\\/regiaonews.net.br\\\/2022\\\/wp-content\\\/uploads\\\/2023\\\/07\\\/WhatsApp-Image-2023-07-10-at-16.33.43.jpeg\",\"contentUrl\":\"https:\\\/\\\/regiaonews.net.br\\\/2022\\\/wp-content\\\/uploads\\\/2023\\\/07\\\/WhatsApp-Image-2023-07-10-at-16.33.43.jpeg\",\"width\":1592,\"height\":1060},{\"@type\":\"BreadcrumbList\",\"@id\":\"https:\\\/\\\/regiaonews.net.br\\\/2022\\\/2023\\\/07\\\/10\\\/alunos-do-fundamental-ii-da-rede-municipal-de-ensino-participam-de-atividade-extracurricular-no-north-shopping\\\/#breadcrumb\",\"itemListElement\":[{\"@type\":\"ListItem\",\"position\":1,\"name\":\"In\u00edcio\",\"item\":\"https:\\\/\\\/regiaonews.net.br\\\/2022\\\/\"},{\"@type\":\"ListItem\",\"position\":2,\"name\":\"Alunos do Fundamental II da Rede Municipal de Ensino participam de atividade extracurricular no North \u00a0Shopping\"}]},{\"@type\":\"WebSite\",\"@id\":\"https:\\\/\\\/regiaonews.net.br\\\/2022\\\/#website\",\"url\":\"https:\\\/\\\/regiaonews.net.br\\\/2022\\\/\",\"name\":\"Regi\u00e3o News\",\"description\":\"Site de Not\u00edcias de Barretos e regi\u00e3o\",\"publisher\":{\"@id\":\"https:\\\/\\\/regiaonews.net.br\\\/2022\\\/#organization\"},\"potentialAction\":[{\"@type\":\"SearchAction\",\"target\":{\"@type\":\"EntryPoint\",\"urlTemplate\":\"https:\\\/\\\/regiaonews.net.br\\\/2022\\\/?s={search_term_string}\"},\"query-input\":{\"@type\":\"PropertyValueSpecification\",\"valueRequired\":true,\"valueName\":\"search_term_string\"}}],\"inLanguage\":\"pt-BR\"},{\"@type\":\"Organization\",\"@id\":\"https:\\\/\\\/regiaonews.net.br\\\/2022\\\/#organization\",\"name\":\"Regi\u00e3o News\",\"url\":\"https:\\\/\\\/regiaonews.net.br\\\/2022\\\/\",\"logo\":{\"@type\":\"ImageObject\",\"inLanguage\":\"pt-BR\",\"@id\":\"https:\\\/\\\/regiaonews.net.br\\\/2022\\\/#\\\/schema\\\/logo\\\/image\\\/\",\"url\":\"https:\\\/\\\/regiaonews.net.br\\\/2022\\\/wp-content\\\/uploads\\\/2026\\\/03\\\/regiao-13-anos-scaled.jpg\",\"contentUrl\":\"https:\\\/\\\/regiaonews.net.br\\\/2022\\\/wp-content\\\/uploads\\\/2026\\\/03\\\/regiao-13-anos-scaled.jpg\",\"width\":2560,\"height\":635,\"caption\":\"Regi\u00e3o News\"},\"image\":{\"@id\":\"https:\\\/\\\/regiaonews.net.br\\\/2022\\\/#\\\/schema\\\/logo\\\/image\\\/\"}},{\"@type\":\"Person\",\"@id\":\"https:\\\/\\\/regiaonews.net.br\\\/2022\\\/#\\\/schema\\\/person\\\/2d205a608a5aa97ac279d7a5e6d89ad8\",\"name\":\"Roberto\",\"image\":{\"@type\":\"ImageObject\",\"inLanguage\":\"pt-BR\",\"@id\":\"https:\\\/\\\/secure.gravatar.com\\\/avatar\\\/42749d8b712ff9d59ca93dc150494e5b55a44134482993f5baeb97e61b7ecc89?s=96&d=mm&r=g\",\"url\":\"https:\\\/\\\/secure.gravatar.com\\\/avatar\\\/42749d8b712ff9d59ca93dc150494e5b55a44134482993f5baeb97e61b7ecc89?s=96&d=mm&r=g\",\"contentUrl\":\"https:\\\/\\\/secure.gravatar.com\\\/avatar\\\/42749d8b712ff9d59ca93dc150494e5b55a44134482993f5baeb97e61b7ecc89?s=96&d=mm&r=g\",\"caption\":\"Roberto\"},\"url\":\"https:\\\/\\\/regiaonews.net.br\\\/2022\\\/author\\\/roberto\\\/\"}]}<\/script>\n<!-- \/ Yoast SEO plugin. -->","yoast_head_json":{"title":"Alunos do Fundamental II da Rede Municipal de Ensino participam de atividade extracurricular no North \u00a0Shopping - Regi\u00e3o News","description":"Alunos do Fundamental II da Rede Municipal de Ensino participam de atividade extracurricular no North \u00a0Shopping","robots":{"index":"index","follow":"follow","max-snippet":"max-snippet:-1","max-image-preview":"max-image-preview:large","max-video-preview":"max-video-preview:-1"},"canonical":"https:\/\/regiaonews.net.br\/2022\/2023\/07\/10\/alunos-do-fundamental-ii-da-rede-municipal-de-ensino-participam-de-atividade-extracurricular-no-north-shopping\/","og_locale":"pt_BR","og_type":"article","og_title":"Alunos do Fundamental II da Rede Municipal de Ensino participam de atividade extracurricular no North \u00a0Shopping - Regi\u00e3o News","og_description":"Alunos do Fundamental II da Rede Municipal de Ensino participam de atividade extracurricular no North \u00a0Shopping","og_url":"https:\/\/regiaonews.net.br\/2022\/2023\/07\/10\/alunos-do-fundamental-ii-da-rede-municipal-de-ensino-participam-de-atividade-extracurricular-no-north-shopping\/","og_site_name":"Regi\u00e3o News","article_published_time":"2023-07-11T00:39:18+00:00","article_modified_time":"2023-07-11T00:39:53+00:00","og_image":[{"width":1592,"height":1060,"url":"https:\/\/regiaonews.net.br\/2022\/wp-content\/uploads\/2023\/07\/WhatsApp-Image-2023-07-10-at-16.33.43.jpeg","type":"image\/jpeg"}],"author":"Roberto","twitter_card":"summary_large_image","twitter_misc":{"Escrito por":"Roberto","Est. tempo de leitura":"2 minutos"},"schema":{"@context":"https:\/\/schema.org","@graph":[{"@type":"Article","@id":"https:\/\/regiaonews.net.br\/2022\/2023\/07\/10\/alunos-do-fundamental-ii-da-rede-municipal-de-ensino-participam-de-atividade-extracurricular-no-north-shopping\/#article","isPartOf":{"@id":"https:\/\/regiaonews.net.br\/2022\/2023\/07\/10\/alunos-do-fundamental-ii-da-rede-municipal-de-ensino-participam-de-atividade-extracurricular-no-north-shopping\/"},"author":{"name":"Roberto","@id":"https:\/\/regiaonews.net.br\/2022\/#\/schema\/person\/2d205a608a5aa97ac279d7a5e6d89ad8"},"headline":"Alunos do Fundamental II da Rede Municipal de Ensino participam de atividade extracurricular no North \u00a0Shopping","datePublished":"2023-07-11T00:39:18+00:00","dateModified":"2023-07-11T00:39:53+00:00","mainEntityOfPage":{"@id":"https:\/\/regiaonews.net.br\/2022\/2023\/07\/10\/alunos-do-fundamental-ii-da-rede-municipal-de-ensino-participam-de-atividade-extracurricular-no-north-shopping\/"},"wordCount":250,"commentCount":0,"publisher":{"@id":"https:\/\/regiaonews.net.br\/2022\/#organization"},"image":{"@id":"https:\/\/regiaonews.net.br\/2022\/2023\/07\/10\/alunos-do-fundamental-ii-da-rede-municipal-de-ensino-participam-de-atividade-extracurricular-no-north-shopping\/#primaryimage"},"thumbnailUrl":"https:\/\/regiaonews.net.br\/2022\/wp-content\/uploads\/2023\/07\/WhatsApp-Image-2023-07-10-at-16.33.43.jpeg","articleSection":["Barretos","Cidades","Indefinido"],"inLanguage":"pt-BR","potentialAction":[{"@type":"CommentAction","name":"Comment","target":["https:\/\/regiaonews.net.br\/2022\/2023\/07\/10\/alunos-do-fundamental-ii-da-rede-municipal-de-ensino-participam-de-atividade-extracurricular-no-north-shopping\/#respond"]}]},{"@type":"WebPage","@id":"https:\/\/regiaonews.net.br\/2022\/2023\/07\/10\/alunos-do-fundamental-ii-da-rede-municipal-de-ensino-participam-de-atividade-extracurricular-no-north-shopping\/","url":"https:\/\/regiaonews.net.br\/2022\/2023\/07\/10\/alunos-do-fundamental-ii-da-rede-municipal-de-ensino-participam-de-atividade-extracurricular-no-north-shopping\/","name":"Alunos do Fundamental II da Rede Municipal de Ensino participam de atividade extracurricular no North \u00a0Shopping - Regi\u00e3o News","isPartOf":{"@id":"https:\/\/regiaonews.net.br\/2022\/#website"},"primaryImageOfPage":{"@id":"https:\/\/regiaonews.net.br\/2022\/2023\/07\/10\/alunos-do-fundamental-ii-da-rede-municipal-de-ensino-participam-de-atividade-extracurricular-no-north-shopping\/#primaryimage"},"image":{"@id":"https:\/\/regiaonews.net.br\/2022\/2023\/07\/10\/alunos-do-fundamental-ii-da-rede-municipal-de-ensino-participam-de-atividade-extracurricular-no-north-shopping\/#primaryimage"},"thumbnailUrl":"https:\/\/regiaonews.net.br\/2022\/wp-content\/uploads\/2023\/07\/WhatsApp-Image-2023-07-10-at-16.33.43.jpeg","datePublished":"2023-07-11T00:39:18+00:00","dateModified":"2023-07-11T00:39:53+00:00","description":"Alunos do Fundamental II da Rede Municipal de Ensino participam de atividade extracurricular no North \u00a0Shopping","breadcrumb":{"@id":"https:\/\/regiaonews.net.br\/2022\/2023\/07\/10\/alunos-do-fundamental-ii-da-rede-municipal-de-ensino-participam-de-atividade-extracurricular-no-north-shopping\/#breadcrumb"},"inLanguage":"pt-BR","potentialAction":[{"@type":"ReadAction","target":["https:\/\/regiaonews.net.br\/2022\/2023\/07\/10\/alunos-do-fundamental-ii-da-rede-municipal-de-ensino-participam-de-atividade-extracurricular-no-north-shopping\/"]}]},{"@type":"ImageObject","inLanguage":"pt-BR","@id":"https:\/\/regiaonews.net.br\/2022\/2023\/07\/10\/alunos-do-fundamental-ii-da-rede-municipal-de-ensino-participam-de-atividade-extracurricular-no-north-shopping\/#primaryimage","url":"https:\/\/regiaonews.net.br\/2022\/wp-content\/uploads\/2023\/07\/WhatsApp-Image-2023-07-10-at-16.33.43.jpeg","contentUrl":"https:\/\/regiaonews.net.br\/2022\/wp-content\/uploads\/2023\/07\/WhatsApp-Image-2023-07-10-at-16.33.43.jpeg","width":1592,"height":1060},{"@type":"BreadcrumbList","@id":"https:\/\/regiaonews.net.br\/2022\/2023\/07\/10\/alunos-do-fundamental-ii-da-rede-municipal-de-ensino-participam-de-atividade-extracurricular-no-north-shopping\/#breadcrumb","itemListElement":[{"@type":"ListItem","position":1,"name":"In\u00edcio","item":"https:\/\/regiaonews.net.br\/2022\/"},{"@type":"ListItem","position":2,"name":"Alunos do Fundamental II da Rede Municipal de Ensino participam de atividade extracurricular no North \u00a0Shopping"}]},{"@type":"WebSite","@id":"https:\/\/regiaonews.net.br\/2022\/#website","url":"https:\/\/regiaonews.net.br\/2022\/","name":"Regi\u00e3o News","description":"Site de Not\u00edcias de Barretos e regi\u00e3o","publisher":{"@id":"https:\/\/regiaonews.net.br\/2022\/#organization"},"potentialAction":[{"@type":"SearchAction","target":{"@type":"EntryPoint","urlTemplate":"https:\/\/regiaonews.net.br\/2022\/?s={search_term_string}"},"query-input":{"@type":"PropertyValueSpecification","valueRequired":true,"valueName":"search_term_string"}}],"inLanguage":"pt-BR"},{"@type":"Organization","@id":"https:\/\/regiaonews.net.br\/2022\/#organization","name":"Regi\u00e3o News","url":"https:\/\/regiaonews.net.br\/2022\/","logo":{"@type":"ImageObject","inLanguage":"pt-BR","@id":"https:\/\/regiaonews.net.br\/2022\/#\/schema\/logo\/image\/","url":"https:\/\/regiaonews.net.br\/2022\/wp-content\/uploads\/2026\/03\/regiao-13-anos-scaled.jpg","contentUrl":"https:\/\/regiaonews.net.br\/2022\/wp-content\/uploads\/2026\/03\/regiao-13-anos-scaled.jpg","width":2560,"height":635,"caption":"Regi\u00e3o News"},"image":{"@id":"https:\/\/regiaonews.net.br\/2022\/#\/schema\/logo\/image\/"}},{"@type":"Person","@id":"https:\/\/regiaonews.net.br\/2022\/#\/schema\/person\/2d205a608a5aa97ac279d7a5e6d89ad8","name":"Roberto","image":{"@type":"ImageObject","inLanguage":"pt-BR","@id":"https:\/\/secure.gravatar.com\/avatar\/42749d8b712ff9d59ca93dc150494e5b55a44134482993f5baeb97e61b7ecc89?s=96&d=mm&r=g","url":"https:\/\/secure.gravatar.com\/avatar\/42749d8b712ff9d59ca93dc150494e5b55a44134482993f5baeb97e61b7ecc89?s=96&d=mm&r=g","contentUrl":"https:\/\/secure.gravatar.com\/avatar\/42749d8b712ff9d59ca93dc150494e5b55a44134482993f5baeb97e61b7ecc89?s=96&d=mm&r=g","caption":"Roberto"},"url":"https:\/\/regiaonews.net.br\/2022\/author\/roberto\/"}]}},"publishpress_future_action":{"enabled":false,"date":"2026-05-03 18:05:48","action":"change-status","newStatus":"draft","terms":[],"taxonomy":"category","extraData":[]},"publishpress_future_workflow_manual_trigger":{"enabledWorkflows":[]},"_links":{"self":[{"href":"https:\/\/regiaonews.net.br\/2022\/wp-json\/wp\/v2\/posts\/91438","targetHints":{"allow":["GET"]}}],"collection":[{"href":"https:\/\/regiaonews.net.br\/2022\/wp-json\/wp\/v2\/posts"}],"about":[{"href":"https:\/\/regiaonews.net.br\/2022\/wp-json\/wp\/v2\/types\/post"}],"author":[{"embeddable":true,"href":"https:\/\/regiaonews.net.br\/2022\/wp-json\/wp\/v2\/users\/2"}],"replies":[{"embeddable":true,"href":"https:\/\/regiaonews.net.br\/2022\/wp-json\/wp\/v2\/comments?post=91438"}],"version-history":[{"count":1,"href":"https:\/\/regiaonews.net.br\/2022\/wp-json\/wp\/v2\/posts\/91438\/revisions"}],"predecessor-version":[{"id":91440,"href":"https:\/\/regiaonews.net.br\/2022\/wp-json\/wp\/v2\/posts\/91438\/revisions\/91440"}],"wp:featuredmedia":[{"embeddable":true,"href":"https:\/\/regiaonews.net.br\/2022\/wp-json\/wp\/v2\/media\/91439"}],"wp:attachment":[{"href":"https:\/\/regiaonews.net.br\/2022\/wp-json\/wp\/v2\/media?parent=91438"}],"wp:term":[{"taxonomy":"category","embeddable":true,"href":"https:\/\/regiaonews.net.br\/2022\/wp-json\/wp\/v2\/categories?post=91438"},{"taxonomy":"post_tag","embeddable":true,"href":"https:\/\/regiaonews.net.br\/2022\/wp-json\/wp\/v2\/tags?post=91438"}],"curies":[{"name":"wp","href":"https:\/\/api.w.org\/{rel}","templated":true}]}}