{"id":91432,"date":"2023-07-10T21:32:38","date_gmt":"2023-07-11T00:32:38","guid":{"rendered":"https:\/\/regiaonews.net.br\/2022\/?p=91432"},"modified":"2023-07-10T21:32:38","modified_gmt":"2023-07-11T00:32:38","slug":"comdim-realiza-exposicao-e-discussao-sobre-violencia-sexual-contra-mulheres","status":"publish","type":"post","link":"https:\/\/regiaonews.net.br\/2022\/2023\/07\/10\/comdim-realiza-exposicao-e-discussao-sobre-violencia-sexual-contra-mulheres\/","title":{"rendered":"COMDIM realiza exposi\u00e7\u00e3o e discuss\u00e3o sobre viol\u00eancia sexual contra mulheres"},"content":{"rendered":"<p>&nbsp;<\/p>\n<p>Roda de conversa com a participa\u00e7\u00e3o de advogadas e psic\u00f3logos ser\u00e1 nesta ter\u00e7a-feira, 11, e mostra com relatos an\u00f4nimos e representa\u00e7\u00e3o, por meio de manequins, de mulheres que foram v\u00edtimas de viol\u00eancia sexual, segue at\u00e9 sexta-feira, 14<\/p>\n<p>Vinculado \u00e0 Secretaria Municipal de Assist\u00eancia Social e Desenvolvimento Humano, o Conselho Municipal dos Direitos da Mulher (COMDIM) apresenta a exposi\u00e7\u00e3o \u201cViver sem viol\u00eancia \u00e9 um direito\u201d, at\u00e9 sexta-feira, dia 14, das 14 \u00e0s 18h, no Instituto Mark\u2019s, apoiada pela Prefeitura da Est\u00e2ncia Tur\u00edstica de Barretos.<\/p>\n<p>Na ter\u00e7a-feira, dia 11, ser\u00e1 realizada durante a abertura da mostra, \u00e0s 14h, uma roda de conversa com a participa\u00e7\u00e3o dos psic\u00f3logos da Prefeitura Irenita Amorim e Gustavo Bomfim e advogadas Ana Carla Ferreira e Luciana Pena.<\/p>\n<p>Cristiani Ribeiro dos Santos, presidente do COMDIM, explicou que a exposi\u00e7\u00e3o conta com orienta\u00e7\u00e3o art\u00edstica de Leandra Ramim e \u00e9 inspirada na mostra \u201cA culpa \u00e9 minha?\u201d, realizada na B\u00e9lgica em 2018. \u201cO prop\u00f3sito \u00e9 sensibilizar as pessoas apresentando os diferentes tipos de mulheres que foram v\u00edtimas de viol\u00eancia sexual, al\u00e9m de relatos reais e an\u00f4nimos sobre como a viol\u00eancia aconteceu\u201d, destacou.<\/p>\n<p>\u201cTamb\u00e9m buscamos refor\u00e7ar a mensagem que h\u00e1 v\u00e1rios equipamentos em a\u00e7\u00e3o e que, juntos, estamos trabalhando para que essa viol\u00eancia seja cada vez menos frequente\u201d, ressaltou Cristiani. Com o prop\u00f3sito de ser itinerante, a mostra lan\u00e7ada nesta semana permanece no Instituto Mark\u2019s at\u00e9 sexta-feira, dia 14, e pode ser visitada das 14 \u00e0s 18h. A entrada \u00e9 gratuita. O Instituto Mark\u2019s fica na Rua 16, n.\u00b0 1263 (entre Avs. 5 e 7) \u2013 Bairro Fortaleza.<\/p>\n","protected":false},"excerpt":{"rendered":"<p>&nbsp; Roda de conversa com a participa\u00e7\u00e3o de advogadas e<\/p>\n","protected":false},"author":2,"featured_media":91433,"comment_status":"open","ping_status":"open","sticky":false,"template":"","format":"standard","meta":{"footnotes":""},"categories":[14,25],"tags":[],"class_list":["post-91432","post","type-post","status-publish","format-standard","has-post-thumbnail","hentry","category-barretos","category-cidades"],"yoast_head":"<!-- This site is optimized with the Yoast SEO plugin v27.4 - https:\/\/yoast.com\/product\/yoast-seo-wordpress\/ -->\n<title>COMDIM realiza exposi\u00e7\u00e3o e discuss\u00e3o sobre viol\u00eancia sexual contra mulheres - Regi\u00e3o News<\/title>\n<meta name=\"description\" content=\"COMDIM realiza exposi\u00e7\u00e3o e discuss\u00e3o sobre viol\u00eancia sexual contra mulheres\" \/>\n<meta name=\"robots\" content=\"index, follow, max-snippet:-1, max-image-preview:large, max-video-preview:-1\" \/>\n<link rel=\"canonical\" href=\"https:\/\/regiaonews.net.br\/2022\/2023\/07\/10\/comdim-realiza-exposicao-e-discussao-sobre-violencia-sexual-contra-mulheres\/\" \/>\n<meta property=\"og:locale\" content=\"pt_BR\" \/>\n<meta property=\"og:type\" content=\"article\" \/>\n<meta property=\"og:title\" content=\"COMDIM realiza exposi\u00e7\u00e3o e discuss\u00e3o sobre viol\u00eancia sexual contra mulheres - Regi\u00e3o News\" \/>\n<meta property=\"og:description\" content=\"COMDIM realiza exposi\u00e7\u00e3o e discuss\u00e3o sobre viol\u00eancia sexual contra mulheres\" \/>\n<meta property=\"og:url\" content=\"https:\/\/regiaonews.net.br\/2022\/2023\/07\/10\/comdim-realiza-exposicao-e-discussao-sobre-violencia-sexual-contra-mulheres\/\" \/>\n<meta property=\"og:site_name\" content=\"Regi\u00e3o News\" \/>\n<meta property=\"article:published_time\" content=\"2023-07-11T00:32:38+00:00\" \/>\n<meta property=\"og:image\" content=\"https:\/\/regiaonews.net.br\/2022\/wp-content\/uploads\/2023\/07\/WhatsApp-Image-2023-07-10-at-18.15.54.jpeg\" \/>\n\t<meta property=\"og:image:width\" content=\"1080\" \/>\n\t<meta property=\"og:image:height\" content=\"1080\" \/>\n\t<meta property=\"og:image:type\" content=\"image\/jpeg\" \/>\n<meta name=\"author\" content=\"Roberto\" \/>\n<meta name=\"twitter:card\" content=\"summary_large_image\" \/>\n<meta name=\"twitter:label1\" content=\"Escrito por\" \/>\n\t<meta name=\"twitter:data1\" content=\"Roberto\" \/>\n\t<meta name=\"twitter:label2\" content=\"Est. tempo de leitura\" \/>\n\t<meta name=\"twitter:data2\" content=\"2 minutos\" \/>\n<script type=\"application\/ld+json\" class=\"yoast-schema-graph\">{\"@context\":\"https:\\\/\\\/schema.org\",\"@graph\":[{\"@type\":\"Article\",\"@id\":\"https:\\\/\\\/regiaonews.net.br\\\/2022\\\/2023\\\/07\\\/10\\\/comdim-realiza-exposicao-e-discussao-sobre-violencia-sexual-contra-mulheres\\\/#article\",\"isPartOf\":{\"@id\":\"https:\\\/\\\/regiaonews.net.br\\\/2022\\\/2023\\\/07\\\/10\\\/comdim-realiza-exposicao-e-discussao-sobre-violencia-sexual-contra-mulheres\\\/\"},\"author\":{\"name\":\"Roberto\",\"@id\":\"https:\\\/\\\/regiaonews.net.br\\\/2022\\\/#\\\/schema\\\/person\\\/2d205a608a5aa97ac279d7a5e6d89ad8\"},\"headline\":\"COMDIM realiza exposi\u00e7\u00e3o e discuss\u00e3o sobre viol\u00eancia sexual contra mulheres\",\"datePublished\":\"2023-07-11T00:32:38+00:00\",\"mainEntityOfPage\":{\"@id\":\"https:\\\/\\\/regiaonews.net.br\\\/2022\\\/2023\\\/07\\\/10\\\/comdim-realiza-exposicao-e-discussao-sobre-violencia-sexual-contra-mulheres\\\/\"},\"wordCount\":287,\"commentCount\":0,\"publisher\":{\"@id\":\"https:\\\/\\\/regiaonews.net.br\\\/2022\\\/#organization\"},\"image\":{\"@id\":\"https:\\\/\\\/regiaonews.net.br\\\/2022\\\/2023\\\/07\\\/10\\\/comdim-realiza-exposicao-e-discussao-sobre-violencia-sexual-contra-mulheres\\\/#primaryimage\"},\"thumbnailUrl\":\"https:\\\/\\\/regiaonews.net.br\\\/2022\\\/wp-content\\\/uploads\\\/2023\\\/07\\\/WhatsApp-Image-2023-07-10-at-18.15.54.jpeg\",\"articleSection\":[\"Barretos\",\"Cidades\"],\"inLanguage\":\"pt-BR\",\"potentialAction\":[{\"@type\":\"CommentAction\",\"name\":\"Comment\",\"target\":[\"https:\\\/\\\/regiaonews.net.br\\\/2022\\\/2023\\\/07\\\/10\\\/comdim-realiza-exposicao-e-discussao-sobre-violencia-sexual-contra-mulheres\\\/#respond\"]}]},{\"@type\":\"WebPage\",\"@id\":\"https:\\\/\\\/regiaonews.net.br\\\/2022\\\/2023\\\/07\\\/10\\\/comdim-realiza-exposicao-e-discussao-sobre-violencia-sexual-contra-mulheres\\\/\",\"url\":\"https:\\\/\\\/regiaonews.net.br\\\/2022\\\/2023\\\/07\\\/10\\\/comdim-realiza-exposicao-e-discussao-sobre-violencia-sexual-contra-mulheres\\\/\",\"name\":\"COMDIM realiza exposi\u00e7\u00e3o e discuss\u00e3o sobre viol\u00eancia sexual contra mulheres - Regi\u00e3o News\",\"isPartOf\":{\"@id\":\"https:\\\/\\\/regiaonews.net.br\\\/2022\\\/#website\"},\"primaryImageOfPage\":{\"@id\":\"https:\\\/\\\/regiaonews.net.br\\\/2022\\\/2023\\\/07\\\/10\\\/comdim-realiza-exposicao-e-discussao-sobre-violencia-sexual-contra-mulheres\\\/#primaryimage\"},\"image\":{\"@id\":\"https:\\\/\\\/regiaonews.net.br\\\/2022\\\/2023\\\/07\\\/10\\\/comdim-realiza-exposicao-e-discussao-sobre-violencia-sexual-contra-mulheres\\\/#primaryimage\"},\"thumbnailUrl\":\"https:\\\/\\\/regiaonews.net.br\\\/2022\\\/wp-content\\\/uploads\\\/2023\\\/07\\\/WhatsApp-Image-2023-07-10-at-18.15.54.jpeg\",\"datePublished\":\"2023-07-11T00:32:38+00:00\",\"description\":\"COMDIM realiza exposi\u00e7\u00e3o e discuss\u00e3o sobre viol\u00eancia sexual contra mulheres\",\"breadcrumb\":{\"@id\":\"https:\\\/\\\/regiaonews.net.br\\\/2022\\\/2023\\\/07\\\/10\\\/comdim-realiza-exposicao-e-discussao-sobre-violencia-sexual-contra-mulheres\\\/#breadcrumb\"},\"inLanguage\":\"pt-BR\",\"potentialAction\":[{\"@type\":\"ReadAction\",\"target\":[\"https:\\\/\\\/regiaonews.net.br\\\/2022\\\/2023\\\/07\\\/10\\\/comdim-realiza-exposicao-e-discussao-sobre-violencia-sexual-contra-mulheres\\\/\"]}]},{\"@type\":\"ImageObject\",\"inLanguage\":\"pt-BR\",\"@id\":\"https:\\\/\\\/regiaonews.net.br\\\/2022\\\/2023\\\/07\\\/10\\\/comdim-realiza-exposicao-e-discussao-sobre-violencia-sexual-contra-mulheres\\\/#primaryimage\",\"url\":\"https:\\\/\\\/regiaonews.net.br\\\/2022\\\/wp-content\\\/uploads\\\/2023\\\/07\\\/WhatsApp-Image-2023-07-10-at-18.15.54.jpeg\",\"contentUrl\":\"https:\\\/\\\/regiaonews.net.br\\\/2022\\\/wp-content\\\/uploads\\\/2023\\\/07\\\/WhatsApp-Image-2023-07-10-at-18.15.54.jpeg\",\"width\":1080,\"height\":1080},{\"@type\":\"BreadcrumbList\",\"@id\":\"https:\\\/\\\/regiaonews.net.br\\\/2022\\\/2023\\\/07\\\/10\\\/comdim-realiza-exposicao-e-discussao-sobre-violencia-sexual-contra-mulheres\\\/#breadcrumb\",\"itemListElement\":[{\"@type\":\"ListItem\",\"position\":1,\"name\":\"In\u00edcio\",\"item\":\"https:\\\/\\\/regiaonews.net.br\\\/2022\\\/\"},{\"@type\":\"ListItem\",\"position\":2,\"name\":\"COMDIM realiza exposi\u00e7\u00e3o e discuss\u00e3o sobre viol\u00eancia sexual contra mulheres\"}]},{\"@type\":\"WebSite\",\"@id\":\"https:\\\/\\\/regiaonews.net.br\\\/2022\\\/#website\",\"url\":\"https:\\\/\\\/regiaonews.net.br\\\/2022\\\/\",\"name\":\"Regi\u00e3o News\",\"description\":\"Site de Not\u00edcias de Barretos e regi\u00e3o\",\"publisher\":{\"@id\":\"https:\\\/\\\/regiaonews.net.br\\\/2022\\\/#organization\"},\"potentialAction\":[{\"@type\":\"SearchAction\",\"target\":{\"@type\":\"EntryPoint\",\"urlTemplate\":\"https:\\\/\\\/regiaonews.net.br\\\/2022\\\/?s={search_term_string}\"},\"query-input\":{\"@type\":\"PropertyValueSpecification\",\"valueRequired\":true,\"valueName\":\"search_term_string\"}}],\"inLanguage\":\"pt-BR\"},{\"@type\":\"Organization\",\"@id\":\"https:\\\/\\\/regiaonews.net.br\\\/2022\\\/#organization\",\"name\":\"Regi\u00e3o News\",\"url\":\"https:\\\/\\\/regiaonews.net.br\\\/2022\\\/\",\"logo\":{\"@type\":\"ImageObject\",\"inLanguage\":\"pt-BR\",\"@id\":\"https:\\\/\\\/regiaonews.net.br\\\/2022\\\/#\\\/schema\\\/logo\\\/image\\\/\",\"url\":\"https:\\\/\\\/regiaonews.net.br\\\/2022\\\/wp-content\\\/uploads\\\/2026\\\/03\\\/regiao-13-anos-scaled.jpg\",\"contentUrl\":\"https:\\\/\\\/regiaonews.net.br\\\/2022\\\/wp-content\\\/uploads\\\/2026\\\/03\\\/regiao-13-anos-scaled.jpg\",\"width\":2560,\"height\":635,\"caption\":\"Regi\u00e3o News\"},\"image\":{\"@id\":\"https:\\\/\\\/regiaonews.net.br\\\/2022\\\/#\\\/schema\\\/logo\\\/image\\\/\"}},{\"@type\":\"Person\",\"@id\":\"https:\\\/\\\/regiaonews.net.br\\\/2022\\\/#\\\/schema\\\/person\\\/2d205a608a5aa97ac279d7a5e6d89ad8\",\"name\":\"Roberto\",\"image\":{\"@type\":\"ImageObject\",\"inLanguage\":\"pt-BR\",\"@id\":\"https:\\\/\\\/secure.gravatar.com\\\/avatar\\\/42749d8b712ff9d59ca93dc150494e5b55a44134482993f5baeb97e61b7ecc89?s=96&d=mm&r=g\",\"url\":\"https:\\\/\\\/secure.gravatar.com\\\/avatar\\\/42749d8b712ff9d59ca93dc150494e5b55a44134482993f5baeb97e61b7ecc89?s=96&d=mm&r=g\",\"contentUrl\":\"https:\\\/\\\/secure.gravatar.com\\\/avatar\\\/42749d8b712ff9d59ca93dc150494e5b55a44134482993f5baeb97e61b7ecc89?s=96&d=mm&r=g\",\"caption\":\"Roberto\"},\"url\":\"https:\\\/\\\/regiaonews.net.br\\\/2022\\\/author\\\/roberto\\\/\"}]}<\/script>\n<!-- \/ Yoast SEO plugin. -->","yoast_head_json":{"title":"COMDIM realiza exposi\u00e7\u00e3o e discuss\u00e3o sobre viol\u00eancia sexual contra mulheres - Regi\u00e3o News","description":"COMDIM realiza exposi\u00e7\u00e3o e discuss\u00e3o sobre viol\u00eancia sexual contra mulheres","robots":{"index":"index","follow":"follow","max-snippet":"max-snippet:-1","max-image-preview":"max-image-preview:large","max-video-preview":"max-video-preview:-1"},"canonical":"https:\/\/regiaonews.net.br\/2022\/2023\/07\/10\/comdim-realiza-exposicao-e-discussao-sobre-violencia-sexual-contra-mulheres\/","og_locale":"pt_BR","og_type":"article","og_title":"COMDIM realiza exposi\u00e7\u00e3o e discuss\u00e3o sobre viol\u00eancia sexual contra mulheres - Regi\u00e3o News","og_description":"COMDIM realiza exposi\u00e7\u00e3o e discuss\u00e3o sobre viol\u00eancia sexual contra mulheres","og_url":"https:\/\/regiaonews.net.br\/2022\/2023\/07\/10\/comdim-realiza-exposicao-e-discussao-sobre-violencia-sexual-contra-mulheres\/","og_site_name":"Regi\u00e3o News","article_published_time":"2023-07-11T00:32:38+00:00","og_image":[{"width":1080,"height":1080,"url":"https:\/\/regiaonews.net.br\/2022\/wp-content\/uploads\/2023\/07\/WhatsApp-Image-2023-07-10-at-18.15.54.jpeg","type":"image\/jpeg"}],"author":"Roberto","twitter_card":"summary_large_image","twitter_misc":{"Escrito por":"Roberto","Est. tempo de leitura":"2 minutos"},"schema":{"@context":"https:\/\/schema.org","@graph":[{"@type":"Article","@id":"https:\/\/regiaonews.net.br\/2022\/2023\/07\/10\/comdim-realiza-exposicao-e-discussao-sobre-violencia-sexual-contra-mulheres\/#article","isPartOf":{"@id":"https:\/\/regiaonews.net.br\/2022\/2023\/07\/10\/comdim-realiza-exposicao-e-discussao-sobre-violencia-sexual-contra-mulheres\/"},"author":{"name":"Roberto","@id":"https:\/\/regiaonews.net.br\/2022\/#\/schema\/person\/2d205a608a5aa97ac279d7a5e6d89ad8"},"headline":"COMDIM realiza exposi\u00e7\u00e3o e discuss\u00e3o sobre viol\u00eancia sexual contra mulheres","datePublished":"2023-07-11T00:32:38+00:00","mainEntityOfPage":{"@id":"https:\/\/regiaonews.net.br\/2022\/2023\/07\/10\/comdim-realiza-exposicao-e-discussao-sobre-violencia-sexual-contra-mulheres\/"},"wordCount":287,"commentCount":0,"publisher":{"@id":"https:\/\/regiaonews.net.br\/2022\/#organization"},"image":{"@id":"https:\/\/regiaonews.net.br\/2022\/2023\/07\/10\/comdim-realiza-exposicao-e-discussao-sobre-violencia-sexual-contra-mulheres\/#primaryimage"},"thumbnailUrl":"https:\/\/regiaonews.net.br\/2022\/wp-content\/uploads\/2023\/07\/WhatsApp-Image-2023-07-10-at-18.15.54.jpeg","articleSection":["Barretos","Cidades"],"inLanguage":"pt-BR","potentialAction":[{"@type":"CommentAction","name":"Comment","target":["https:\/\/regiaonews.net.br\/2022\/2023\/07\/10\/comdim-realiza-exposicao-e-discussao-sobre-violencia-sexual-contra-mulheres\/#respond"]}]},{"@type":"WebPage","@id":"https:\/\/regiaonews.net.br\/2022\/2023\/07\/10\/comdim-realiza-exposicao-e-discussao-sobre-violencia-sexual-contra-mulheres\/","url":"https:\/\/regiaonews.net.br\/2022\/2023\/07\/10\/comdim-realiza-exposicao-e-discussao-sobre-violencia-sexual-contra-mulheres\/","name":"COMDIM realiza exposi\u00e7\u00e3o e discuss\u00e3o sobre viol\u00eancia sexual contra mulheres - Regi\u00e3o News","isPartOf":{"@id":"https:\/\/regiaonews.net.br\/2022\/#website"},"primaryImageOfPage":{"@id":"https:\/\/regiaonews.net.br\/2022\/2023\/07\/10\/comdim-realiza-exposicao-e-discussao-sobre-violencia-sexual-contra-mulheres\/#primaryimage"},"image":{"@id":"https:\/\/regiaonews.net.br\/2022\/2023\/07\/10\/comdim-realiza-exposicao-e-discussao-sobre-violencia-sexual-contra-mulheres\/#primaryimage"},"thumbnailUrl":"https:\/\/regiaonews.net.br\/2022\/wp-content\/uploads\/2023\/07\/WhatsApp-Image-2023-07-10-at-18.15.54.jpeg","datePublished":"2023-07-11T00:32:38+00:00","description":"COMDIM realiza exposi\u00e7\u00e3o e discuss\u00e3o sobre viol\u00eancia sexual contra mulheres","breadcrumb":{"@id":"https:\/\/regiaonews.net.br\/2022\/2023\/07\/10\/comdim-realiza-exposicao-e-discussao-sobre-violencia-sexual-contra-mulheres\/#breadcrumb"},"inLanguage":"pt-BR","potentialAction":[{"@type":"ReadAction","target":["https:\/\/regiaonews.net.br\/2022\/2023\/07\/10\/comdim-realiza-exposicao-e-discussao-sobre-violencia-sexual-contra-mulheres\/"]}]},{"@type":"ImageObject","inLanguage":"pt-BR","@id":"https:\/\/regiaonews.net.br\/2022\/2023\/07\/10\/comdim-realiza-exposicao-e-discussao-sobre-violencia-sexual-contra-mulheres\/#primaryimage","url":"https:\/\/regiaonews.net.br\/2022\/wp-content\/uploads\/2023\/07\/WhatsApp-Image-2023-07-10-at-18.15.54.jpeg","contentUrl":"https:\/\/regiaonews.net.br\/2022\/wp-content\/uploads\/2023\/07\/WhatsApp-Image-2023-07-10-at-18.15.54.jpeg","width":1080,"height":1080},{"@type":"BreadcrumbList","@id":"https:\/\/regiaonews.net.br\/2022\/2023\/07\/10\/comdim-realiza-exposicao-e-discussao-sobre-violencia-sexual-contra-mulheres\/#breadcrumb","itemListElement":[{"@type":"ListItem","position":1,"name":"In\u00edcio","item":"https:\/\/regiaonews.net.br\/2022\/"},{"@type":"ListItem","position":2,"name":"COMDIM realiza exposi\u00e7\u00e3o e discuss\u00e3o sobre viol\u00eancia sexual contra mulheres"}]},{"@type":"WebSite","@id":"https:\/\/regiaonews.net.br\/2022\/#website","url":"https:\/\/regiaonews.net.br\/2022\/","name":"Regi\u00e3o News","description":"Site de Not\u00edcias de Barretos e regi\u00e3o","publisher":{"@id":"https:\/\/regiaonews.net.br\/2022\/#organization"},"potentialAction":[{"@type":"SearchAction","target":{"@type":"EntryPoint","urlTemplate":"https:\/\/regiaonews.net.br\/2022\/?s={search_term_string}"},"query-input":{"@type":"PropertyValueSpecification","valueRequired":true,"valueName":"search_term_string"}}],"inLanguage":"pt-BR"},{"@type":"Organization","@id":"https:\/\/regiaonews.net.br\/2022\/#organization","name":"Regi\u00e3o News","url":"https:\/\/regiaonews.net.br\/2022\/","logo":{"@type":"ImageObject","inLanguage":"pt-BR","@id":"https:\/\/regiaonews.net.br\/2022\/#\/schema\/logo\/image\/","url":"https:\/\/regiaonews.net.br\/2022\/wp-content\/uploads\/2026\/03\/regiao-13-anos-scaled.jpg","contentUrl":"https:\/\/regiaonews.net.br\/2022\/wp-content\/uploads\/2026\/03\/regiao-13-anos-scaled.jpg","width":2560,"height":635,"caption":"Regi\u00e3o News"},"image":{"@id":"https:\/\/regiaonews.net.br\/2022\/#\/schema\/logo\/image\/"}},{"@type":"Person","@id":"https:\/\/regiaonews.net.br\/2022\/#\/schema\/person\/2d205a608a5aa97ac279d7a5e6d89ad8","name":"Roberto","image":{"@type":"ImageObject","inLanguage":"pt-BR","@id":"https:\/\/secure.gravatar.com\/avatar\/42749d8b712ff9d59ca93dc150494e5b55a44134482993f5baeb97e61b7ecc89?s=96&d=mm&r=g","url":"https:\/\/secure.gravatar.com\/avatar\/42749d8b712ff9d59ca93dc150494e5b55a44134482993f5baeb97e61b7ecc89?s=96&d=mm&r=g","contentUrl":"https:\/\/secure.gravatar.com\/avatar\/42749d8b712ff9d59ca93dc150494e5b55a44134482993f5baeb97e61b7ecc89?s=96&d=mm&r=g","caption":"Roberto"},"url":"https:\/\/regiaonews.net.br\/2022\/author\/roberto\/"}]}},"publishpress_future_action":{"enabled":false,"date":"2026-05-03 14:19:55","action":"change-status","newStatus":"draft","terms":[],"taxonomy":"category","extraData":[]},"publishpress_future_workflow_manual_trigger":{"enabledWorkflows":[]},"_links":{"self":[{"href":"https:\/\/regiaonews.net.br\/2022\/wp-json\/wp\/v2\/posts\/91432","targetHints":{"allow":["GET"]}}],"collection":[{"href":"https:\/\/regiaonews.net.br\/2022\/wp-json\/wp\/v2\/posts"}],"about":[{"href":"https:\/\/regiaonews.net.br\/2022\/wp-json\/wp\/v2\/types\/post"}],"author":[{"embeddable":true,"href":"https:\/\/regiaonews.net.br\/2022\/wp-json\/wp\/v2\/users\/2"}],"replies":[{"embeddable":true,"href":"https:\/\/regiaonews.net.br\/2022\/wp-json\/wp\/v2\/comments?post=91432"}],"version-history":[{"count":1,"href":"https:\/\/regiaonews.net.br\/2022\/wp-json\/wp\/v2\/posts\/91432\/revisions"}],"predecessor-version":[{"id":91434,"href":"https:\/\/regiaonews.net.br\/2022\/wp-json\/wp\/v2\/posts\/91432\/revisions\/91434"}],"wp:featuredmedia":[{"embeddable":true,"href":"https:\/\/regiaonews.net.br\/2022\/wp-json\/wp\/v2\/media\/91433"}],"wp:attachment":[{"href":"https:\/\/regiaonews.net.br\/2022\/wp-json\/wp\/v2\/media?parent=91432"}],"wp:term":[{"taxonomy":"category","embeddable":true,"href":"https:\/\/regiaonews.net.br\/2022\/wp-json\/wp\/v2\/categories?post=91432"},{"taxonomy":"post_tag","embeddable":true,"href":"https:\/\/regiaonews.net.br\/2022\/wp-json\/wp\/v2\/tags?post=91432"}],"curies":[{"name":"wp","href":"https:\/\/api.w.org\/{rel}","templated":true}]}}