{"id":91397,"date":"2023-07-10T14:32:55","date_gmt":"2023-07-10T17:32:55","guid":{"rendered":"https:\/\/regiaonews.net.br\/2022\/?p=91397"},"modified":"2023-07-10T20:18:11","modified_gmt":"2023-07-10T23:18:11","slug":"fenasucro-agrocana-e-vitrine-de-produtos-e-tecnologias-em-bioenergia","status":"publish","type":"post","link":"https:\/\/regiaonews.net.br\/2022\/2023\/07\/10\/fenasucro-agrocana-e-vitrine-de-produtos-e-tecnologias-em-bioenergia\/","title":{"rendered":"Fenasucro &#038; Agrocana \u00e9 vitrine de produtos e tecnologias em bioenergia"},"content":{"rendered":"<p><strong>H\u00e1 29 anos, a feira se destaca por lan\u00e7ar ao mundo inova\u00e7\u00f5es e tend\u00eancias do setor, como o prot\u00f3tipo de ve\u00edculo da Pato a Jato que foi apresentado h\u00e1 7 anos e hoje tem proje\u00e7\u00e3o mundial e performance recorde de 768 km por litro.<\/strong><\/p>\n<p>&nbsp;<\/p>\n<p>Fomentar e divulgar produtos e tecnologias que levam e mostram ao mundo a capacidade do setor bioenerg\u00e9tico \u00e9 um dos compromissos da\u00a0<a href=\"https:\/\/s2307.imxsnd26.com\/link.php?code=bDpodHRwcyUzQSUyRiUyRnd3dy5mZW5hc3Vjcm8uY29tLmJyJTJGOjM1MTgwMzY1NzI6cm9iZXJ0b2pvc2UzMEBob3RtYWlsLmNvbTplNmNiZWY6NGY=\" target=\"_blank\" rel=\"noopener\" data-saferedirecturl=\"https:\/\/www.google.com\/url?q=https:\/\/s2307.imxsnd26.com\/link.php?code%3DbDpodHRwcyUzQSUyRiUyRnd3dy5mZW5hc3Vjcm8uY29tLmJyJTJGOjM1MTgwMzY1NzI6cm9iZXJ0b2pvc2UzMEBob3RtYWlsLmNvbTplNmNiZWY6NGY%3D&amp;source=gmail&amp;ust=1689096534321000&amp;usg=AOvVaw1UjiedopcmtHl6gkm223Mz\">Fenasucro &amp; Agrocana<\/a>, \u00fanica feira do mundo exclusivamente voltada \u00e0 cadeia de bioenergia.<\/p>\n<p>H\u00e1 29 anos a feira \u00e9 palco de in\u00fameros lan\u00e7amentos de inova\u00e7\u00f5es e tend\u00eancias para o setor, que refor\u00e7am sua escalada de investimentos visto a demanda mundial crescente por sustentabilidade. E em 2023 n\u00e3o ser\u00e1 diferente! O evento, que ser\u00e1 realizado de 15 a 18 de agosto, no Centro de Eventos Zanini, em <strong>Sert\u00e3ozinho\/SP,<\/strong> contar\u00e1 com cerca de 800 marcas em exposi\u00e7\u00e3o e mais de tr\u00eas mil produtos de marcas nacionais e internacionais em quatro macrossetores: bioenergia, agr\u00edcola, ind\u00fastria e transporte e log\u00edstica.<\/p>\n<p>Nesta 29\u00aa edi\u00e7\u00e3o, a apresenta\u00e7\u00e3o de novas tend\u00eancias em bioenergia ser\u00e3o destaque na <strong>Fenasucro &amp; Agrocana<\/strong>, que tem como foco a transi\u00e7\u00e3o energ\u00e9tica global, destacando as quest\u00f5es de sustentabilidade e efici\u00eancia.<\/p>\n<p>\u201cSomos reconhecidos por levar inova\u00e7\u00f5es e discutir as tend\u00eancias dos pr\u00f3ximos anos. O Brasil est\u00e1 posicionado em um patamar diferenciado por ser protagonista do setor de bioenergia. E, neste contexto, as novidades em biocombust\u00edveis, bioeconomia e a transi\u00e7\u00e3o energ\u00e9tica s\u00e3o pontos chaves que iremos trazer durante a Fenasucro &amp; Agrocana\u201d, destaca o\u00a0diretor da feira, Paulo Montabone.<\/p>\n<p>Para a\u00a0edi\u00e7\u00e3o de 2023 a expectativa \u00e9 receber\u00a0mais de 42 mil visitantes, vindos de todo o Brasil e de mais 47 pa\u00edses. Al\u00e9m de representantes de 100% das usinas brasileiras.<\/p>\n<p>&nbsp;<\/p>\n<p><strong>Vitrine tecnol\u00f3gica<\/strong><\/p>\n<p>Ao longo destes 29 anos de Fenasucro &amp; Agrocana s\u00e3o muitos os projetos, produtos e tecnologias lan\u00e7ados ao mercado por meio da feira. Entre eles, destaca-se o \u201cWhey de Cana\u201d \u2013 c\u00e1psulas de prote\u00edna extra\u00edda da cana-de-a\u00e7\u00facar usadas como suplemento alimentar; bem como o pl\u00e1stico verde, produzido a partir da cana; e o Diesel Verde, lan\u00e7ado em 2022 como grande promessa e oportunidade ao etanol por se tratar de uma nova tecnologia que transforma o butanol em um substituto ao diesel, sem a modifica\u00e7\u00e3o nos motores.<\/p>\n<p>Al\u00e9m destes, em 2016, o evento tamb\u00e9m apresentou ao mundo o projeto brasileiro Pato a Jato, da Universidade Tecnol\u00f3gica Federal do Paran\u00e1, que havia desenvolvido o prot\u00f3tipo de um ve\u00edculo individual movido a etanol, de alta efici\u00eancia energ\u00e9tica, com autonomia de 309 quil\u00f4metros utilizando apenas um litro do biocombust\u00edvel.<\/p>\n<p>A fa\u00e7anha ganhou proje\u00e7\u00e3o mundial e passados sete anos, o projeto continua em evolu\u00e7\u00e3o. Prova disso \u00e9 que em abril deste ano, durante a corrida 500 Milhas de Indian\u00e1polis, nos Estados Unidos, a Pato a Jato reafirmou um novo recorde, visto que o carro alcan\u00e7ou 768 quil\u00f4metros com um litro de etanol.<\/p>\n<p>Para Fernando Barbosa, diretor da Pato a Jato este foi um marco hist\u00f3rico e que mostra o futuro do etanol como o principal biocombust\u00edvel em competi\u00e7\u00f5es automobil\u00edsticas. \u201cEssa foi a primeira vez que utilizaram um combust\u00edvel 100% renov\u00e1vel em uma competi\u00e7\u00e3o desse tamanho. Vemos o etanol despontando como uma op\u00e7\u00e3o promissora no mundo automotivo atual, impulsionando tanto a efici\u00eancia quanto a pot\u00eancia dos ve\u00edculos\u201d, revela.<\/p>\n","protected":false},"excerpt":{"rendered":"<p>H\u00e1 29 anos, a feira se destaca por lan\u00e7ar ao<\/p>\n","protected":false},"author":2,"featured_media":91399,"comment_status":"open","ping_status":"open","sticky":false,"template":"","format":"standard","meta":{"footnotes":""},"categories":[14,3],"tags":[],"class_list":["post-91397","post","type-post","status-publish","format-standard","has-post-thumbnail","hentry","category-barretos","category-geral"],"yoast_head":"<!-- This site is optimized with the Yoast SEO plugin v27.4 - https:\/\/yoast.com\/product\/yoast-seo-wordpress\/ -->\n<title>Fenasucro &amp; Agrocana \u00e9 vitrine de produtos e tecnologias<\/title>\n<meta name=\"description\" content=\"Fomentar e divulgar produtos e tecnologias que levam e mostram ao mundo a capacidade do setor bioenerg\u00e9tico\" \/>\n<meta name=\"robots\" content=\"index, follow, max-snippet:-1, max-image-preview:large, max-video-preview:-1\" \/>\n<link rel=\"canonical\" href=\"https:\/\/regiaonews.net.br\/2022\/2023\/07\/10\/fenasucro-agrocana-e-vitrine-de-produtos-e-tecnologias-em-bioenergia\/\" \/>\n<meta property=\"og:locale\" content=\"pt_BR\" \/>\n<meta property=\"og:type\" content=\"article\" \/>\n<meta property=\"og:title\" content=\"Fenasucro &amp; Agrocana \u00e9 vitrine de produtos e tecnologias\" \/>\n<meta property=\"og:description\" content=\"Fomentar e divulgar produtos e tecnologias que levam e mostram ao mundo a capacidade do setor bioenerg\u00e9tico\" \/>\n<meta property=\"og:url\" content=\"https:\/\/regiaonews.net.br\/2022\/2023\/07\/10\/fenasucro-agrocana-e-vitrine-de-produtos-e-tecnologias-em-bioenergia\/\" \/>\n<meta property=\"og:site_name\" content=\"Regi\u00e3o News\" \/>\n<meta property=\"article:published_time\" content=\"2023-07-10T17:32:55+00:00\" \/>\n<meta property=\"article:modified_time\" content=\"2023-07-10T23:18:11+00:00\" \/>\n<meta property=\"og:image\" content=\"https:\/\/regiaonews.net.br\/2022\/wp-content\/uploads\/2023\/07\/link.jpg\" \/>\n\t<meta property=\"og:image:width\" content=\"2048\" \/>\n\t<meta property=\"og:image:height\" content=\"1365\" \/>\n\t<meta property=\"og:image:type\" content=\"image\/jpeg\" \/>\n<meta name=\"author\" content=\"Roberto\" \/>\n<meta name=\"twitter:card\" content=\"summary_large_image\" \/>\n<meta name=\"twitter:label1\" content=\"Escrito por\" \/>\n\t<meta name=\"twitter:data1\" content=\"Roberto\" \/>\n\t<meta name=\"twitter:label2\" content=\"Est. tempo de leitura\" \/>\n\t<meta name=\"twitter:data2\" content=\"3 minutos\" \/>\n<script type=\"application\/ld+json\" class=\"yoast-schema-graph\">{\"@context\":\"https:\\\/\\\/schema.org\",\"@graph\":[{\"@type\":\"Article\",\"@id\":\"https:\\\/\\\/regiaonews.net.br\\\/2022\\\/2023\\\/07\\\/10\\\/fenasucro-agrocana-e-vitrine-de-produtos-e-tecnologias-em-bioenergia\\\/#article\",\"isPartOf\":{\"@id\":\"https:\\\/\\\/regiaonews.net.br\\\/2022\\\/2023\\\/07\\\/10\\\/fenasucro-agrocana-e-vitrine-de-produtos-e-tecnologias-em-bioenergia\\\/\"},\"author\":{\"name\":\"Roberto\",\"@id\":\"https:\\\/\\\/regiaonews.net.br\\\/2022\\\/#\\\/schema\\\/person\\\/2d205a608a5aa97ac279d7a5e6d89ad8\"},\"headline\":\"Fenasucro &#038; Agrocana \u00e9 vitrine de produtos e tecnologias em bioenergia\",\"datePublished\":\"2023-07-10T17:32:55+00:00\",\"dateModified\":\"2023-07-10T23:18:11+00:00\",\"mainEntityOfPage\":{\"@id\":\"https:\\\/\\\/regiaonews.net.br\\\/2022\\\/2023\\\/07\\\/10\\\/fenasucro-agrocana-e-vitrine-de-produtos-e-tecnologias-em-bioenergia\\\/\"},\"wordCount\":595,\"commentCount\":0,\"publisher\":{\"@id\":\"https:\\\/\\\/regiaonews.net.br\\\/2022\\\/#organization\"},\"image\":{\"@id\":\"https:\\\/\\\/regiaonews.net.br\\\/2022\\\/2023\\\/07\\\/10\\\/fenasucro-agrocana-e-vitrine-de-produtos-e-tecnologias-em-bioenergia\\\/#primaryimage\"},\"thumbnailUrl\":\"https:\\\/\\\/regiaonews.net.br\\\/2022\\\/wp-content\\\/uploads\\\/2023\\\/07\\\/link.jpg\",\"articleSection\":[\"Barretos\",\"Geral\"],\"inLanguage\":\"pt-BR\",\"potentialAction\":[{\"@type\":\"CommentAction\",\"name\":\"Comment\",\"target\":[\"https:\\\/\\\/regiaonews.net.br\\\/2022\\\/2023\\\/07\\\/10\\\/fenasucro-agrocana-e-vitrine-de-produtos-e-tecnologias-em-bioenergia\\\/#respond\"]}]},{\"@type\":\"WebPage\",\"@id\":\"https:\\\/\\\/regiaonews.net.br\\\/2022\\\/2023\\\/07\\\/10\\\/fenasucro-agrocana-e-vitrine-de-produtos-e-tecnologias-em-bioenergia\\\/\",\"url\":\"https:\\\/\\\/regiaonews.net.br\\\/2022\\\/2023\\\/07\\\/10\\\/fenasucro-agrocana-e-vitrine-de-produtos-e-tecnologias-em-bioenergia\\\/\",\"name\":\"Fenasucro & Agrocana \u00e9 vitrine de produtos e tecnologias\",\"isPartOf\":{\"@id\":\"https:\\\/\\\/regiaonews.net.br\\\/2022\\\/#website\"},\"primaryImageOfPage\":{\"@id\":\"https:\\\/\\\/regiaonews.net.br\\\/2022\\\/2023\\\/07\\\/10\\\/fenasucro-agrocana-e-vitrine-de-produtos-e-tecnologias-em-bioenergia\\\/#primaryimage\"},\"image\":{\"@id\":\"https:\\\/\\\/regiaonews.net.br\\\/2022\\\/2023\\\/07\\\/10\\\/fenasucro-agrocana-e-vitrine-de-produtos-e-tecnologias-em-bioenergia\\\/#primaryimage\"},\"thumbnailUrl\":\"https:\\\/\\\/regiaonews.net.br\\\/2022\\\/wp-content\\\/uploads\\\/2023\\\/07\\\/link.jpg\",\"datePublished\":\"2023-07-10T17:32:55+00:00\",\"dateModified\":\"2023-07-10T23:18:11+00:00\",\"description\":\"Fomentar e divulgar produtos e tecnologias que levam e mostram ao mundo a capacidade do setor bioenerg\u00e9tico\",\"breadcrumb\":{\"@id\":\"https:\\\/\\\/regiaonews.net.br\\\/2022\\\/2023\\\/07\\\/10\\\/fenasucro-agrocana-e-vitrine-de-produtos-e-tecnologias-em-bioenergia\\\/#breadcrumb\"},\"inLanguage\":\"pt-BR\",\"potentialAction\":[{\"@type\":\"ReadAction\",\"target\":[\"https:\\\/\\\/regiaonews.net.br\\\/2022\\\/2023\\\/07\\\/10\\\/fenasucro-agrocana-e-vitrine-de-produtos-e-tecnologias-em-bioenergia\\\/\"]}]},{\"@type\":\"ImageObject\",\"inLanguage\":\"pt-BR\",\"@id\":\"https:\\\/\\\/regiaonews.net.br\\\/2022\\\/2023\\\/07\\\/10\\\/fenasucro-agrocana-e-vitrine-de-produtos-e-tecnologias-em-bioenergia\\\/#primaryimage\",\"url\":\"https:\\\/\\\/regiaonews.net.br\\\/2022\\\/wp-content\\\/uploads\\\/2023\\\/07\\\/link.jpg\",\"contentUrl\":\"https:\\\/\\\/regiaonews.net.br\\\/2022\\\/wp-content\\\/uploads\\\/2023\\\/07\\\/link.jpg\",\"width\":2048,\"height\":1365},{\"@type\":\"BreadcrumbList\",\"@id\":\"https:\\\/\\\/regiaonews.net.br\\\/2022\\\/2023\\\/07\\\/10\\\/fenasucro-agrocana-e-vitrine-de-produtos-e-tecnologias-em-bioenergia\\\/#breadcrumb\",\"itemListElement\":[{\"@type\":\"ListItem\",\"position\":1,\"name\":\"In\u00edcio\",\"item\":\"https:\\\/\\\/regiaonews.net.br\\\/2022\\\/\"},{\"@type\":\"ListItem\",\"position\":2,\"name\":\"Fenasucro &#038; Agrocana \u00e9 vitrine de produtos e tecnologias em bioenergia\"}]},{\"@type\":\"WebSite\",\"@id\":\"https:\\\/\\\/regiaonews.net.br\\\/2022\\\/#website\",\"url\":\"https:\\\/\\\/regiaonews.net.br\\\/2022\\\/\",\"name\":\"Regi\u00e3o News\",\"description\":\"Site de Not\u00edcias de Barretos e regi\u00e3o\",\"publisher\":{\"@id\":\"https:\\\/\\\/regiaonews.net.br\\\/2022\\\/#organization\"},\"potentialAction\":[{\"@type\":\"SearchAction\",\"target\":{\"@type\":\"EntryPoint\",\"urlTemplate\":\"https:\\\/\\\/regiaonews.net.br\\\/2022\\\/?s={search_term_string}\"},\"query-input\":{\"@type\":\"PropertyValueSpecification\",\"valueRequired\":true,\"valueName\":\"search_term_string\"}}],\"inLanguage\":\"pt-BR\"},{\"@type\":\"Organization\",\"@id\":\"https:\\\/\\\/regiaonews.net.br\\\/2022\\\/#organization\",\"name\":\"Regi\u00e3o News\",\"url\":\"https:\\\/\\\/regiaonews.net.br\\\/2022\\\/\",\"logo\":{\"@type\":\"ImageObject\",\"inLanguage\":\"pt-BR\",\"@id\":\"https:\\\/\\\/regiaonews.net.br\\\/2022\\\/#\\\/schema\\\/logo\\\/image\\\/\",\"url\":\"https:\\\/\\\/regiaonews.net.br\\\/2022\\\/wp-content\\\/uploads\\\/2026\\\/03\\\/regiao-13-anos-scaled.jpg\",\"contentUrl\":\"https:\\\/\\\/regiaonews.net.br\\\/2022\\\/wp-content\\\/uploads\\\/2026\\\/03\\\/regiao-13-anos-scaled.jpg\",\"width\":2560,\"height\":635,\"caption\":\"Regi\u00e3o News\"},\"image\":{\"@id\":\"https:\\\/\\\/regiaonews.net.br\\\/2022\\\/#\\\/schema\\\/logo\\\/image\\\/\"}},{\"@type\":\"Person\",\"@id\":\"https:\\\/\\\/regiaonews.net.br\\\/2022\\\/#\\\/schema\\\/person\\\/2d205a608a5aa97ac279d7a5e6d89ad8\",\"name\":\"Roberto\",\"image\":{\"@type\":\"ImageObject\",\"inLanguage\":\"pt-BR\",\"@id\":\"https:\\\/\\\/secure.gravatar.com\\\/avatar\\\/42749d8b712ff9d59ca93dc150494e5b55a44134482993f5baeb97e61b7ecc89?s=96&d=mm&r=g\",\"url\":\"https:\\\/\\\/secure.gravatar.com\\\/avatar\\\/42749d8b712ff9d59ca93dc150494e5b55a44134482993f5baeb97e61b7ecc89?s=96&d=mm&r=g\",\"contentUrl\":\"https:\\\/\\\/secure.gravatar.com\\\/avatar\\\/42749d8b712ff9d59ca93dc150494e5b55a44134482993f5baeb97e61b7ecc89?s=96&d=mm&r=g\",\"caption\":\"Roberto\"},\"url\":\"https:\\\/\\\/regiaonews.net.br\\\/2022\\\/author\\\/roberto\\\/\"}]}<\/script>\n<!-- \/ Yoast SEO plugin. -->","yoast_head_json":{"title":"Fenasucro & Agrocana \u00e9 vitrine de produtos e tecnologias","description":"Fomentar e divulgar produtos e tecnologias que levam e mostram ao mundo a capacidade do setor bioenerg\u00e9tico","robots":{"index":"index","follow":"follow","max-snippet":"max-snippet:-1","max-image-preview":"max-image-preview:large","max-video-preview":"max-video-preview:-1"},"canonical":"https:\/\/regiaonews.net.br\/2022\/2023\/07\/10\/fenasucro-agrocana-e-vitrine-de-produtos-e-tecnologias-em-bioenergia\/","og_locale":"pt_BR","og_type":"article","og_title":"Fenasucro & Agrocana \u00e9 vitrine de produtos e tecnologias","og_description":"Fomentar e divulgar produtos e tecnologias que levam e mostram ao mundo a capacidade do setor bioenerg\u00e9tico","og_url":"https:\/\/regiaonews.net.br\/2022\/2023\/07\/10\/fenasucro-agrocana-e-vitrine-de-produtos-e-tecnologias-em-bioenergia\/","og_site_name":"Regi\u00e3o News","article_published_time":"2023-07-10T17:32:55+00:00","article_modified_time":"2023-07-10T23:18:11+00:00","og_image":[{"width":2048,"height":1365,"url":"https:\/\/regiaonews.net.br\/2022\/wp-content\/uploads\/2023\/07\/link.jpg","type":"image\/jpeg"}],"author":"Roberto","twitter_card":"summary_large_image","twitter_misc":{"Escrito por":"Roberto","Est. tempo de leitura":"3 minutos"},"schema":{"@context":"https:\/\/schema.org","@graph":[{"@type":"Article","@id":"https:\/\/regiaonews.net.br\/2022\/2023\/07\/10\/fenasucro-agrocana-e-vitrine-de-produtos-e-tecnologias-em-bioenergia\/#article","isPartOf":{"@id":"https:\/\/regiaonews.net.br\/2022\/2023\/07\/10\/fenasucro-agrocana-e-vitrine-de-produtos-e-tecnologias-em-bioenergia\/"},"author":{"name":"Roberto","@id":"https:\/\/regiaonews.net.br\/2022\/#\/schema\/person\/2d205a608a5aa97ac279d7a5e6d89ad8"},"headline":"Fenasucro &#038; Agrocana \u00e9 vitrine de produtos e tecnologias em bioenergia","datePublished":"2023-07-10T17:32:55+00:00","dateModified":"2023-07-10T23:18:11+00:00","mainEntityOfPage":{"@id":"https:\/\/regiaonews.net.br\/2022\/2023\/07\/10\/fenasucro-agrocana-e-vitrine-de-produtos-e-tecnologias-em-bioenergia\/"},"wordCount":595,"commentCount":0,"publisher":{"@id":"https:\/\/regiaonews.net.br\/2022\/#organization"},"image":{"@id":"https:\/\/regiaonews.net.br\/2022\/2023\/07\/10\/fenasucro-agrocana-e-vitrine-de-produtos-e-tecnologias-em-bioenergia\/#primaryimage"},"thumbnailUrl":"https:\/\/regiaonews.net.br\/2022\/wp-content\/uploads\/2023\/07\/link.jpg","articleSection":["Barretos","Geral"],"inLanguage":"pt-BR","potentialAction":[{"@type":"CommentAction","name":"Comment","target":["https:\/\/regiaonews.net.br\/2022\/2023\/07\/10\/fenasucro-agrocana-e-vitrine-de-produtos-e-tecnologias-em-bioenergia\/#respond"]}]},{"@type":"WebPage","@id":"https:\/\/regiaonews.net.br\/2022\/2023\/07\/10\/fenasucro-agrocana-e-vitrine-de-produtos-e-tecnologias-em-bioenergia\/","url":"https:\/\/regiaonews.net.br\/2022\/2023\/07\/10\/fenasucro-agrocana-e-vitrine-de-produtos-e-tecnologias-em-bioenergia\/","name":"Fenasucro & Agrocana \u00e9 vitrine de produtos e tecnologias","isPartOf":{"@id":"https:\/\/regiaonews.net.br\/2022\/#website"},"primaryImageOfPage":{"@id":"https:\/\/regiaonews.net.br\/2022\/2023\/07\/10\/fenasucro-agrocana-e-vitrine-de-produtos-e-tecnologias-em-bioenergia\/#primaryimage"},"image":{"@id":"https:\/\/regiaonews.net.br\/2022\/2023\/07\/10\/fenasucro-agrocana-e-vitrine-de-produtos-e-tecnologias-em-bioenergia\/#primaryimage"},"thumbnailUrl":"https:\/\/regiaonews.net.br\/2022\/wp-content\/uploads\/2023\/07\/link.jpg","datePublished":"2023-07-10T17:32:55+00:00","dateModified":"2023-07-10T23:18:11+00:00","description":"Fomentar e divulgar produtos e tecnologias que levam e mostram ao mundo a capacidade do setor bioenerg\u00e9tico","breadcrumb":{"@id":"https:\/\/regiaonews.net.br\/2022\/2023\/07\/10\/fenasucro-agrocana-e-vitrine-de-produtos-e-tecnologias-em-bioenergia\/#breadcrumb"},"inLanguage":"pt-BR","potentialAction":[{"@type":"ReadAction","target":["https:\/\/regiaonews.net.br\/2022\/2023\/07\/10\/fenasucro-agrocana-e-vitrine-de-produtos-e-tecnologias-em-bioenergia\/"]}]},{"@type":"ImageObject","inLanguage":"pt-BR","@id":"https:\/\/regiaonews.net.br\/2022\/2023\/07\/10\/fenasucro-agrocana-e-vitrine-de-produtos-e-tecnologias-em-bioenergia\/#primaryimage","url":"https:\/\/regiaonews.net.br\/2022\/wp-content\/uploads\/2023\/07\/link.jpg","contentUrl":"https:\/\/regiaonews.net.br\/2022\/wp-content\/uploads\/2023\/07\/link.jpg","width":2048,"height":1365},{"@type":"BreadcrumbList","@id":"https:\/\/regiaonews.net.br\/2022\/2023\/07\/10\/fenasucro-agrocana-e-vitrine-de-produtos-e-tecnologias-em-bioenergia\/#breadcrumb","itemListElement":[{"@type":"ListItem","position":1,"name":"In\u00edcio","item":"https:\/\/regiaonews.net.br\/2022\/"},{"@type":"ListItem","position":2,"name":"Fenasucro &#038; Agrocana \u00e9 vitrine de produtos e tecnologias em bioenergia"}]},{"@type":"WebSite","@id":"https:\/\/regiaonews.net.br\/2022\/#website","url":"https:\/\/regiaonews.net.br\/2022\/","name":"Regi\u00e3o News","description":"Site de Not\u00edcias de Barretos e regi\u00e3o","publisher":{"@id":"https:\/\/regiaonews.net.br\/2022\/#organization"},"potentialAction":[{"@type":"SearchAction","target":{"@type":"EntryPoint","urlTemplate":"https:\/\/regiaonews.net.br\/2022\/?s={search_term_string}"},"query-input":{"@type":"PropertyValueSpecification","valueRequired":true,"valueName":"search_term_string"}}],"inLanguage":"pt-BR"},{"@type":"Organization","@id":"https:\/\/regiaonews.net.br\/2022\/#organization","name":"Regi\u00e3o News","url":"https:\/\/regiaonews.net.br\/2022\/","logo":{"@type":"ImageObject","inLanguage":"pt-BR","@id":"https:\/\/regiaonews.net.br\/2022\/#\/schema\/logo\/image\/","url":"https:\/\/regiaonews.net.br\/2022\/wp-content\/uploads\/2026\/03\/regiao-13-anos-scaled.jpg","contentUrl":"https:\/\/regiaonews.net.br\/2022\/wp-content\/uploads\/2026\/03\/regiao-13-anos-scaled.jpg","width":2560,"height":635,"caption":"Regi\u00e3o News"},"image":{"@id":"https:\/\/regiaonews.net.br\/2022\/#\/schema\/logo\/image\/"}},{"@type":"Person","@id":"https:\/\/regiaonews.net.br\/2022\/#\/schema\/person\/2d205a608a5aa97ac279d7a5e6d89ad8","name":"Roberto","image":{"@type":"ImageObject","inLanguage":"pt-BR","@id":"https:\/\/secure.gravatar.com\/avatar\/42749d8b712ff9d59ca93dc150494e5b55a44134482993f5baeb97e61b7ecc89?s=96&d=mm&r=g","url":"https:\/\/secure.gravatar.com\/avatar\/42749d8b712ff9d59ca93dc150494e5b55a44134482993f5baeb97e61b7ecc89?s=96&d=mm&r=g","contentUrl":"https:\/\/secure.gravatar.com\/avatar\/42749d8b712ff9d59ca93dc150494e5b55a44134482993f5baeb97e61b7ecc89?s=96&d=mm&r=g","caption":"Roberto"},"url":"https:\/\/regiaonews.net.br\/2022\/author\/roberto\/"}]}},"publishpress_future_action":{"enabled":false,"date":"2026-05-03 07:53:59","action":"change-status","newStatus":"draft","terms":[],"taxonomy":"category","extraData":[]},"publishpress_future_workflow_manual_trigger":{"enabledWorkflows":[]},"_links":{"self":[{"href":"https:\/\/regiaonews.net.br\/2022\/wp-json\/wp\/v2\/posts\/91397","targetHints":{"allow":["GET"]}}],"collection":[{"href":"https:\/\/regiaonews.net.br\/2022\/wp-json\/wp\/v2\/posts"}],"about":[{"href":"https:\/\/regiaonews.net.br\/2022\/wp-json\/wp\/v2\/types\/post"}],"author":[{"embeddable":true,"href":"https:\/\/regiaonews.net.br\/2022\/wp-json\/wp\/v2\/users\/2"}],"replies":[{"embeddable":true,"href":"https:\/\/regiaonews.net.br\/2022\/wp-json\/wp\/v2\/comments?post=91397"}],"version-history":[{"count":3,"href":"https:\/\/regiaonews.net.br\/2022\/wp-json\/wp\/v2\/posts\/91397\/revisions"}],"predecessor-version":[{"id":91412,"href":"https:\/\/regiaonews.net.br\/2022\/wp-json\/wp\/v2\/posts\/91397\/revisions\/91412"}],"wp:featuredmedia":[{"embeddable":true,"href":"https:\/\/regiaonews.net.br\/2022\/wp-json\/wp\/v2\/media\/91399"}],"wp:attachment":[{"href":"https:\/\/regiaonews.net.br\/2022\/wp-json\/wp\/v2\/media?parent=91397"}],"wp:term":[{"taxonomy":"category","embeddable":true,"href":"https:\/\/regiaonews.net.br\/2022\/wp-json\/wp\/v2\/categories?post=91397"},{"taxonomy":"post_tag","embeddable":true,"href":"https:\/\/regiaonews.net.br\/2022\/wp-json\/wp\/v2\/tags?post=91397"}],"curies":[{"name":"wp","href":"https:\/\/api.w.org\/{rel}","templated":true}]}}