{"id":91394,"date":"2023-07-10T14:30:57","date_gmt":"2023-07-10T17:30:57","guid":{"rendered":"https:\/\/regiaonews.net.br\/2022\/?p=91394"},"modified":"2023-07-10T20:26:34","modified_gmt":"2023-07-10T23:26:34","slug":"severinia-recebe-servicos-gratuitos-do-projeto-cidadania-itinerante-nessa-semana","status":"publish","type":"post","link":"https:\/\/regiaonews.net.br\/2022\/2023\/07\/10\/severinia-recebe-servicos-gratuitos-do-projeto-cidadania-itinerante-nessa-semana\/","title":{"rendered":"Sever\u00ednia recebe servi\u00e7os gratuitos do projeto Cidadania Itinerante nessa semana"},"content":{"rendered":"<h3 style=\"text-align: center;\">Unidade m\u00f3vel atender\u00e1 durante dois dias na UBS Erminia Gallina Cussolim.<\/h3>\n<div>\n<p>O munic\u00edpio de <strong>Sever\u00ednia<\/strong> recebe, nos dias 11 e 12 de julho, servi\u00e7os gratuitos da Secretaria da Justi\u00e7a e Cidadania (SJC), por meio da van do projeto <strong>Cidadania Itinerante<\/strong>.\u00a0 A a\u00e7\u00e3o acontecer\u00e1 na UBS Erminia Gallina Cussolim (Rua Julia Sgorlon s\/n &#8211; Cidade de Deus), na ter\u00e7a-feira (11\/7), das 12h \u00e0s 18h, e na quarta (12\/7), das 9h \u00e0s 15h.<\/p>\n<p>Ser\u00e3o entregues 150 senhas por dia at\u00e9 uma hora antes do fim do atendimento. A iniciativa busca expandir a atua\u00e7\u00e3o das coordena\u00e7\u00f5es, programas e servi\u00e7os da SJC em todo o Estado. Em apenas um ano, o Cidadania Itinerante atingiu a marca de 100 mil servi\u00e7os solicitados pela popula\u00e7\u00e3o. Durante o per\u00edodo, mais de 43 mil pessoas, de 145 munic\u00edpios da regi\u00e3o metropolitana, interior e litoral de S\u00e3o Paulo, e diversos bairros da capital paulista, foram atendidas.<\/p>\n<p>Servi\u00e7os dispon\u00edveis para a popula\u00e7\u00e3o:<\/p>\n<ul>\n<li>Agendamento para 2.\u00aa via do RG e CNH;<\/li>\n<li>Emiss\u00e3o da 2.\u00aa via das certid\u00f5es de nascimento, casamento e \u00f3bito;<\/li>\n<li>1.\u00aa via (1 a 24 anos) e 2.\u00aa via (p\u00fablico geral) do CPF;<\/li>\n<li>T\u00edtulo eleitoral;<\/li>\n<li>2.\u00aa via de contas de consumo (\u00e1gua e luz);<\/li>\n<li>Carteira de trabalho digital;<\/li>\n<li>Atestado de antecedentes criminais;<\/li>\n<li>Consulta ao Serasa;<\/li>\n<li>Registro de boletim de ocorr\u00eancia,<\/li>\n<li>Entrada no seguro-desemprego;<\/li>\n<li>Elabora\u00e7\u00e3o de curr\u00edculo;<\/li>\n<li>Orienta\u00e7\u00f5es sobre o Procon e Defensoria P\u00fablica;<\/li>\n<li>Encaminhamento para coordena\u00e7\u00f5es, programas e ouvidoria da SJC;<\/li>\n<li>Recebimento de den\u00fancias de discrimina\u00e7\u00e3o \u00e9tnico-racial, em raz\u00e3o de orienta\u00e7\u00e3o sexual e\/ou identidade de g\u00eanero e de intoler\u00e2ncia religiosa.<\/li>\n<\/ul>\n<p>&nbsp;<\/p>\n<\/div>\n","protected":false},"excerpt":{"rendered":"<p>Unidade m\u00f3vel atender\u00e1 durante dois dias na UBS Erminia Gallina<\/p>\n","protected":false},"author":2,"featured_media":91395,"comment_status":"open","ping_status":"open","sticky":false,"template":"","format":"standard","meta":{"footnotes":""},"categories":[14,3],"tags":[],"class_list":["post-91394","post","type-post","status-publish","format-standard","has-post-thumbnail","hentry","category-barretos","category-geral"],"yoast_head":"<!-- This site is optimized with the Yoast SEO plugin v27.4 - https:\/\/yoast.com\/product\/yoast-seo-wordpress\/ -->\n<title>Sever\u00ednia recebe servi\u00e7os gratuitos do projeto Cidadania Itinerante<\/title>\n<meta name=\"description\" content=\"Sever\u00ednia recebe, nos dias 11 e 12 de julho, servi\u00e7os gratuitos da Secretaria da Justi\u00e7a e Cidadania (SJC)\" \/>\n<meta name=\"robots\" content=\"index, follow, max-snippet:-1, max-image-preview:large, max-video-preview:-1\" \/>\n<link rel=\"canonical\" href=\"https:\/\/regiaonews.net.br\/2022\/2023\/07\/10\/severinia-recebe-servicos-gratuitos-do-projeto-cidadania-itinerante-nessa-semana\/\" \/>\n<meta property=\"og:locale\" content=\"pt_BR\" \/>\n<meta property=\"og:type\" content=\"article\" \/>\n<meta property=\"og:title\" content=\"Sever\u00ednia recebe servi\u00e7os gratuitos do projeto Cidadania Itinerante\" \/>\n<meta property=\"og:description\" content=\"Sever\u00ednia recebe, nos dias 11 e 12 de julho, servi\u00e7os gratuitos da Secretaria da Justi\u00e7a e Cidadania (SJC)\" \/>\n<meta property=\"og:url\" content=\"https:\/\/regiaonews.net.br\/2022\/2023\/07\/10\/severinia-recebe-servicos-gratuitos-do-projeto-cidadania-itinerante-nessa-semana\/\" \/>\n<meta property=\"og:site_name\" content=\"Regi\u00e3o News\" \/>\n<meta property=\"article:published_time\" content=\"2023-07-10T17:30:57+00:00\" \/>\n<meta property=\"article:modified_time\" content=\"2023-07-10T23:26:34+00:00\" \/>\n<meta property=\"og:image\" content=\"https:\/\/regiaonews.net.br\/2022\/wp-content\/uploads\/2023\/07\/Atendimento-Cidadania-Itinerante-40.jpg\" \/>\n\t<meta property=\"og:image:width\" content=\"1599\" \/>\n\t<meta property=\"og:image:height\" content=\"899\" \/>\n\t<meta property=\"og:image:type\" content=\"image\/jpeg\" \/>\n<meta name=\"author\" content=\"Roberto\" \/>\n<meta name=\"twitter:card\" content=\"summary_large_image\" \/>\n<meta name=\"twitter:label1\" content=\"Escrito por\" \/>\n\t<meta name=\"twitter:data1\" content=\"Roberto\" \/>\n\t<meta name=\"twitter:label2\" content=\"Est. tempo de leitura\" \/>\n\t<meta name=\"twitter:data2\" content=\"2 minutos\" \/>\n<script type=\"application\/ld+json\" class=\"yoast-schema-graph\">{\"@context\":\"https:\\\/\\\/schema.org\",\"@graph\":[{\"@type\":\"Article\",\"@id\":\"https:\\\/\\\/regiaonews.net.br\\\/2022\\\/2023\\\/07\\\/10\\\/severinia-recebe-servicos-gratuitos-do-projeto-cidadania-itinerante-nessa-semana\\\/#article\",\"isPartOf\":{\"@id\":\"https:\\\/\\\/regiaonews.net.br\\\/2022\\\/2023\\\/07\\\/10\\\/severinia-recebe-servicos-gratuitos-do-projeto-cidadania-itinerante-nessa-semana\\\/\"},\"author\":{\"name\":\"Roberto\",\"@id\":\"https:\\\/\\\/regiaonews.net.br\\\/2022\\\/#\\\/schema\\\/person\\\/2d205a608a5aa97ac279d7a5e6d89ad8\"},\"headline\":\"Sever\u00ednia recebe servi\u00e7os gratuitos do projeto Cidadania Itinerante nessa semana\",\"datePublished\":\"2023-07-10T17:30:57+00:00\",\"dateModified\":\"2023-07-10T23:26:34+00:00\",\"mainEntityOfPage\":{\"@id\":\"https:\\\/\\\/regiaonews.net.br\\\/2022\\\/2023\\\/07\\\/10\\\/severinia-recebe-servicos-gratuitos-do-projeto-cidadania-itinerante-nessa-semana\\\/\"},\"wordCount\":287,\"commentCount\":0,\"publisher\":{\"@id\":\"https:\\\/\\\/regiaonews.net.br\\\/2022\\\/#organization\"},\"image\":{\"@id\":\"https:\\\/\\\/regiaonews.net.br\\\/2022\\\/2023\\\/07\\\/10\\\/severinia-recebe-servicos-gratuitos-do-projeto-cidadania-itinerante-nessa-semana\\\/#primaryimage\"},\"thumbnailUrl\":\"https:\\\/\\\/regiaonews.net.br\\\/2022\\\/wp-content\\\/uploads\\\/2023\\\/07\\\/Atendimento-Cidadania-Itinerante-40.jpg\",\"articleSection\":[\"Barretos\",\"Geral\"],\"inLanguage\":\"pt-BR\",\"potentialAction\":[{\"@type\":\"CommentAction\",\"name\":\"Comment\",\"target\":[\"https:\\\/\\\/regiaonews.net.br\\\/2022\\\/2023\\\/07\\\/10\\\/severinia-recebe-servicos-gratuitos-do-projeto-cidadania-itinerante-nessa-semana\\\/#respond\"]}]},{\"@type\":\"WebPage\",\"@id\":\"https:\\\/\\\/regiaonews.net.br\\\/2022\\\/2023\\\/07\\\/10\\\/severinia-recebe-servicos-gratuitos-do-projeto-cidadania-itinerante-nessa-semana\\\/\",\"url\":\"https:\\\/\\\/regiaonews.net.br\\\/2022\\\/2023\\\/07\\\/10\\\/severinia-recebe-servicos-gratuitos-do-projeto-cidadania-itinerante-nessa-semana\\\/\",\"name\":\"Sever\u00ednia recebe servi\u00e7os gratuitos do projeto Cidadania Itinerante\",\"isPartOf\":{\"@id\":\"https:\\\/\\\/regiaonews.net.br\\\/2022\\\/#website\"},\"primaryImageOfPage\":{\"@id\":\"https:\\\/\\\/regiaonews.net.br\\\/2022\\\/2023\\\/07\\\/10\\\/severinia-recebe-servicos-gratuitos-do-projeto-cidadania-itinerante-nessa-semana\\\/#primaryimage\"},\"image\":{\"@id\":\"https:\\\/\\\/regiaonews.net.br\\\/2022\\\/2023\\\/07\\\/10\\\/severinia-recebe-servicos-gratuitos-do-projeto-cidadania-itinerante-nessa-semana\\\/#primaryimage\"},\"thumbnailUrl\":\"https:\\\/\\\/regiaonews.net.br\\\/2022\\\/wp-content\\\/uploads\\\/2023\\\/07\\\/Atendimento-Cidadania-Itinerante-40.jpg\",\"datePublished\":\"2023-07-10T17:30:57+00:00\",\"dateModified\":\"2023-07-10T23:26:34+00:00\",\"description\":\"Sever\u00ednia recebe, nos dias 11 e 12 de julho, servi\u00e7os gratuitos da Secretaria da Justi\u00e7a e Cidadania (SJC)\",\"breadcrumb\":{\"@id\":\"https:\\\/\\\/regiaonews.net.br\\\/2022\\\/2023\\\/07\\\/10\\\/severinia-recebe-servicos-gratuitos-do-projeto-cidadania-itinerante-nessa-semana\\\/#breadcrumb\"},\"inLanguage\":\"pt-BR\",\"potentialAction\":[{\"@type\":\"ReadAction\",\"target\":[\"https:\\\/\\\/regiaonews.net.br\\\/2022\\\/2023\\\/07\\\/10\\\/severinia-recebe-servicos-gratuitos-do-projeto-cidadania-itinerante-nessa-semana\\\/\"]}]},{\"@type\":\"ImageObject\",\"inLanguage\":\"pt-BR\",\"@id\":\"https:\\\/\\\/regiaonews.net.br\\\/2022\\\/2023\\\/07\\\/10\\\/severinia-recebe-servicos-gratuitos-do-projeto-cidadania-itinerante-nessa-semana\\\/#primaryimage\",\"url\":\"https:\\\/\\\/regiaonews.net.br\\\/2022\\\/wp-content\\\/uploads\\\/2023\\\/07\\\/Atendimento-Cidadania-Itinerante-40.jpg\",\"contentUrl\":\"https:\\\/\\\/regiaonews.net.br\\\/2022\\\/wp-content\\\/uploads\\\/2023\\\/07\\\/Atendimento-Cidadania-Itinerante-40.jpg\",\"width\":1599,\"height\":899},{\"@type\":\"BreadcrumbList\",\"@id\":\"https:\\\/\\\/regiaonews.net.br\\\/2022\\\/2023\\\/07\\\/10\\\/severinia-recebe-servicos-gratuitos-do-projeto-cidadania-itinerante-nessa-semana\\\/#breadcrumb\",\"itemListElement\":[{\"@type\":\"ListItem\",\"position\":1,\"name\":\"In\u00edcio\",\"item\":\"https:\\\/\\\/regiaonews.net.br\\\/2022\\\/\"},{\"@type\":\"ListItem\",\"position\":2,\"name\":\"Sever\u00ednia recebe servi\u00e7os gratuitos do projeto Cidadania Itinerante nessa semana\"}]},{\"@type\":\"WebSite\",\"@id\":\"https:\\\/\\\/regiaonews.net.br\\\/2022\\\/#website\",\"url\":\"https:\\\/\\\/regiaonews.net.br\\\/2022\\\/\",\"name\":\"Regi\u00e3o News\",\"description\":\"Site de Not\u00edcias de Barretos e regi\u00e3o\",\"publisher\":{\"@id\":\"https:\\\/\\\/regiaonews.net.br\\\/2022\\\/#organization\"},\"potentialAction\":[{\"@type\":\"SearchAction\",\"target\":{\"@type\":\"EntryPoint\",\"urlTemplate\":\"https:\\\/\\\/regiaonews.net.br\\\/2022\\\/?s={search_term_string}\"},\"query-input\":{\"@type\":\"PropertyValueSpecification\",\"valueRequired\":true,\"valueName\":\"search_term_string\"}}],\"inLanguage\":\"pt-BR\"},{\"@type\":\"Organization\",\"@id\":\"https:\\\/\\\/regiaonews.net.br\\\/2022\\\/#organization\",\"name\":\"Regi\u00e3o News\",\"url\":\"https:\\\/\\\/regiaonews.net.br\\\/2022\\\/\",\"logo\":{\"@type\":\"ImageObject\",\"inLanguage\":\"pt-BR\",\"@id\":\"https:\\\/\\\/regiaonews.net.br\\\/2022\\\/#\\\/schema\\\/logo\\\/image\\\/\",\"url\":\"https:\\\/\\\/regiaonews.net.br\\\/2022\\\/wp-content\\\/uploads\\\/2026\\\/03\\\/regiao-13-anos-scaled.jpg\",\"contentUrl\":\"https:\\\/\\\/regiaonews.net.br\\\/2022\\\/wp-content\\\/uploads\\\/2026\\\/03\\\/regiao-13-anos-scaled.jpg\",\"width\":2560,\"height\":635,\"caption\":\"Regi\u00e3o News\"},\"image\":{\"@id\":\"https:\\\/\\\/regiaonews.net.br\\\/2022\\\/#\\\/schema\\\/logo\\\/image\\\/\"}},{\"@type\":\"Person\",\"@id\":\"https:\\\/\\\/regiaonews.net.br\\\/2022\\\/#\\\/schema\\\/person\\\/2d205a608a5aa97ac279d7a5e6d89ad8\",\"name\":\"Roberto\",\"image\":{\"@type\":\"ImageObject\",\"inLanguage\":\"pt-BR\",\"@id\":\"https:\\\/\\\/secure.gravatar.com\\\/avatar\\\/42749d8b712ff9d59ca93dc150494e5b55a44134482993f5baeb97e61b7ecc89?s=96&d=mm&r=g\",\"url\":\"https:\\\/\\\/secure.gravatar.com\\\/avatar\\\/42749d8b712ff9d59ca93dc150494e5b55a44134482993f5baeb97e61b7ecc89?s=96&d=mm&r=g\",\"contentUrl\":\"https:\\\/\\\/secure.gravatar.com\\\/avatar\\\/42749d8b712ff9d59ca93dc150494e5b55a44134482993f5baeb97e61b7ecc89?s=96&d=mm&r=g\",\"caption\":\"Roberto\"},\"url\":\"https:\\\/\\\/regiaonews.net.br\\\/2022\\\/author\\\/roberto\\\/\"}]}<\/script>\n<!-- \/ Yoast SEO plugin. -->","yoast_head_json":{"title":"Sever\u00ednia recebe servi\u00e7os gratuitos do projeto Cidadania Itinerante","description":"Sever\u00ednia recebe, nos dias 11 e 12 de julho, servi\u00e7os gratuitos da Secretaria da Justi\u00e7a e Cidadania (SJC)","robots":{"index":"index","follow":"follow","max-snippet":"max-snippet:-1","max-image-preview":"max-image-preview:large","max-video-preview":"max-video-preview:-1"},"canonical":"https:\/\/regiaonews.net.br\/2022\/2023\/07\/10\/severinia-recebe-servicos-gratuitos-do-projeto-cidadania-itinerante-nessa-semana\/","og_locale":"pt_BR","og_type":"article","og_title":"Sever\u00ednia recebe servi\u00e7os gratuitos do projeto Cidadania Itinerante","og_description":"Sever\u00ednia recebe, nos dias 11 e 12 de julho, servi\u00e7os gratuitos da Secretaria da Justi\u00e7a e Cidadania (SJC)","og_url":"https:\/\/regiaonews.net.br\/2022\/2023\/07\/10\/severinia-recebe-servicos-gratuitos-do-projeto-cidadania-itinerante-nessa-semana\/","og_site_name":"Regi\u00e3o News","article_published_time":"2023-07-10T17:30:57+00:00","article_modified_time":"2023-07-10T23:26:34+00:00","og_image":[{"width":1599,"height":899,"url":"https:\/\/regiaonews.net.br\/2022\/wp-content\/uploads\/2023\/07\/Atendimento-Cidadania-Itinerante-40.jpg","type":"image\/jpeg"}],"author":"Roberto","twitter_card":"summary_large_image","twitter_misc":{"Escrito por":"Roberto","Est. tempo de leitura":"2 minutos"},"schema":{"@context":"https:\/\/schema.org","@graph":[{"@type":"Article","@id":"https:\/\/regiaonews.net.br\/2022\/2023\/07\/10\/severinia-recebe-servicos-gratuitos-do-projeto-cidadania-itinerante-nessa-semana\/#article","isPartOf":{"@id":"https:\/\/regiaonews.net.br\/2022\/2023\/07\/10\/severinia-recebe-servicos-gratuitos-do-projeto-cidadania-itinerante-nessa-semana\/"},"author":{"name":"Roberto","@id":"https:\/\/regiaonews.net.br\/2022\/#\/schema\/person\/2d205a608a5aa97ac279d7a5e6d89ad8"},"headline":"Sever\u00ednia recebe servi\u00e7os gratuitos do projeto Cidadania Itinerante nessa semana","datePublished":"2023-07-10T17:30:57+00:00","dateModified":"2023-07-10T23:26:34+00:00","mainEntityOfPage":{"@id":"https:\/\/regiaonews.net.br\/2022\/2023\/07\/10\/severinia-recebe-servicos-gratuitos-do-projeto-cidadania-itinerante-nessa-semana\/"},"wordCount":287,"commentCount":0,"publisher":{"@id":"https:\/\/regiaonews.net.br\/2022\/#organization"},"image":{"@id":"https:\/\/regiaonews.net.br\/2022\/2023\/07\/10\/severinia-recebe-servicos-gratuitos-do-projeto-cidadania-itinerante-nessa-semana\/#primaryimage"},"thumbnailUrl":"https:\/\/regiaonews.net.br\/2022\/wp-content\/uploads\/2023\/07\/Atendimento-Cidadania-Itinerante-40.jpg","articleSection":["Barretos","Geral"],"inLanguage":"pt-BR","potentialAction":[{"@type":"CommentAction","name":"Comment","target":["https:\/\/regiaonews.net.br\/2022\/2023\/07\/10\/severinia-recebe-servicos-gratuitos-do-projeto-cidadania-itinerante-nessa-semana\/#respond"]}]},{"@type":"WebPage","@id":"https:\/\/regiaonews.net.br\/2022\/2023\/07\/10\/severinia-recebe-servicos-gratuitos-do-projeto-cidadania-itinerante-nessa-semana\/","url":"https:\/\/regiaonews.net.br\/2022\/2023\/07\/10\/severinia-recebe-servicos-gratuitos-do-projeto-cidadania-itinerante-nessa-semana\/","name":"Sever\u00ednia recebe servi\u00e7os gratuitos do projeto Cidadania Itinerante","isPartOf":{"@id":"https:\/\/regiaonews.net.br\/2022\/#website"},"primaryImageOfPage":{"@id":"https:\/\/regiaonews.net.br\/2022\/2023\/07\/10\/severinia-recebe-servicos-gratuitos-do-projeto-cidadania-itinerante-nessa-semana\/#primaryimage"},"image":{"@id":"https:\/\/regiaonews.net.br\/2022\/2023\/07\/10\/severinia-recebe-servicos-gratuitos-do-projeto-cidadania-itinerante-nessa-semana\/#primaryimage"},"thumbnailUrl":"https:\/\/regiaonews.net.br\/2022\/wp-content\/uploads\/2023\/07\/Atendimento-Cidadania-Itinerante-40.jpg","datePublished":"2023-07-10T17:30:57+00:00","dateModified":"2023-07-10T23:26:34+00:00","description":"Sever\u00ednia recebe, nos dias 11 e 12 de julho, servi\u00e7os gratuitos da Secretaria da Justi\u00e7a e Cidadania (SJC)","breadcrumb":{"@id":"https:\/\/regiaonews.net.br\/2022\/2023\/07\/10\/severinia-recebe-servicos-gratuitos-do-projeto-cidadania-itinerante-nessa-semana\/#breadcrumb"},"inLanguage":"pt-BR","potentialAction":[{"@type":"ReadAction","target":["https:\/\/regiaonews.net.br\/2022\/2023\/07\/10\/severinia-recebe-servicos-gratuitos-do-projeto-cidadania-itinerante-nessa-semana\/"]}]},{"@type":"ImageObject","inLanguage":"pt-BR","@id":"https:\/\/regiaonews.net.br\/2022\/2023\/07\/10\/severinia-recebe-servicos-gratuitos-do-projeto-cidadania-itinerante-nessa-semana\/#primaryimage","url":"https:\/\/regiaonews.net.br\/2022\/wp-content\/uploads\/2023\/07\/Atendimento-Cidadania-Itinerante-40.jpg","contentUrl":"https:\/\/regiaonews.net.br\/2022\/wp-content\/uploads\/2023\/07\/Atendimento-Cidadania-Itinerante-40.jpg","width":1599,"height":899},{"@type":"BreadcrumbList","@id":"https:\/\/regiaonews.net.br\/2022\/2023\/07\/10\/severinia-recebe-servicos-gratuitos-do-projeto-cidadania-itinerante-nessa-semana\/#breadcrumb","itemListElement":[{"@type":"ListItem","position":1,"name":"In\u00edcio","item":"https:\/\/regiaonews.net.br\/2022\/"},{"@type":"ListItem","position":2,"name":"Sever\u00ednia recebe servi\u00e7os gratuitos do projeto Cidadania Itinerante nessa semana"}]},{"@type":"WebSite","@id":"https:\/\/regiaonews.net.br\/2022\/#website","url":"https:\/\/regiaonews.net.br\/2022\/","name":"Regi\u00e3o News","description":"Site de Not\u00edcias de Barretos e regi\u00e3o","publisher":{"@id":"https:\/\/regiaonews.net.br\/2022\/#organization"},"potentialAction":[{"@type":"SearchAction","target":{"@type":"EntryPoint","urlTemplate":"https:\/\/regiaonews.net.br\/2022\/?s={search_term_string}"},"query-input":{"@type":"PropertyValueSpecification","valueRequired":true,"valueName":"search_term_string"}}],"inLanguage":"pt-BR"},{"@type":"Organization","@id":"https:\/\/regiaonews.net.br\/2022\/#organization","name":"Regi\u00e3o News","url":"https:\/\/regiaonews.net.br\/2022\/","logo":{"@type":"ImageObject","inLanguage":"pt-BR","@id":"https:\/\/regiaonews.net.br\/2022\/#\/schema\/logo\/image\/","url":"https:\/\/regiaonews.net.br\/2022\/wp-content\/uploads\/2026\/03\/regiao-13-anos-scaled.jpg","contentUrl":"https:\/\/regiaonews.net.br\/2022\/wp-content\/uploads\/2026\/03\/regiao-13-anos-scaled.jpg","width":2560,"height":635,"caption":"Regi\u00e3o News"},"image":{"@id":"https:\/\/regiaonews.net.br\/2022\/#\/schema\/logo\/image\/"}},{"@type":"Person","@id":"https:\/\/regiaonews.net.br\/2022\/#\/schema\/person\/2d205a608a5aa97ac279d7a5e6d89ad8","name":"Roberto","image":{"@type":"ImageObject","inLanguage":"pt-BR","@id":"https:\/\/secure.gravatar.com\/avatar\/42749d8b712ff9d59ca93dc150494e5b55a44134482993f5baeb97e61b7ecc89?s=96&d=mm&r=g","url":"https:\/\/secure.gravatar.com\/avatar\/42749d8b712ff9d59ca93dc150494e5b55a44134482993f5baeb97e61b7ecc89?s=96&d=mm&r=g","contentUrl":"https:\/\/secure.gravatar.com\/avatar\/42749d8b712ff9d59ca93dc150494e5b55a44134482993f5baeb97e61b7ecc89?s=96&d=mm&r=g","caption":"Roberto"},"url":"https:\/\/regiaonews.net.br\/2022\/author\/roberto\/"}]}},"publishpress_future_action":{"enabled":false,"date":"2026-05-03 06:20:28","action":"change-status","newStatus":"draft","terms":[],"taxonomy":"category","extraData":[]},"publishpress_future_workflow_manual_trigger":{"enabledWorkflows":[]},"_links":{"self":[{"href":"https:\/\/regiaonews.net.br\/2022\/wp-json\/wp\/v2\/posts\/91394","targetHints":{"allow":["GET"]}}],"collection":[{"href":"https:\/\/regiaonews.net.br\/2022\/wp-json\/wp\/v2\/posts"}],"about":[{"href":"https:\/\/regiaonews.net.br\/2022\/wp-json\/wp\/v2\/types\/post"}],"author":[{"embeddable":true,"href":"https:\/\/regiaonews.net.br\/2022\/wp-json\/wp\/v2\/users\/2"}],"replies":[{"embeddable":true,"href":"https:\/\/regiaonews.net.br\/2022\/wp-json\/wp\/v2\/comments?post=91394"}],"version-history":[{"count":3,"href":"https:\/\/regiaonews.net.br\/2022\/wp-json\/wp\/v2\/posts\/91394\/revisions"}],"predecessor-version":[{"id":91414,"href":"https:\/\/regiaonews.net.br\/2022\/wp-json\/wp\/v2\/posts\/91394\/revisions\/91414"}],"wp:featuredmedia":[{"embeddable":true,"href":"https:\/\/regiaonews.net.br\/2022\/wp-json\/wp\/v2\/media\/91395"}],"wp:attachment":[{"href":"https:\/\/regiaonews.net.br\/2022\/wp-json\/wp\/v2\/media?parent=91394"}],"wp:term":[{"taxonomy":"category","embeddable":true,"href":"https:\/\/regiaonews.net.br\/2022\/wp-json\/wp\/v2\/categories?post=91394"},{"taxonomy":"post_tag","embeddable":true,"href":"https:\/\/regiaonews.net.br\/2022\/wp-json\/wp\/v2\/tags?post=91394"}],"curies":[{"name":"wp","href":"https:\/\/api.w.org\/{rel}","templated":true}]}}