{"id":91067,"date":"2023-07-05T02:22:31","date_gmt":"2023-07-05T05:22:31","guid":{"rendered":"https:\/\/regiaonews.net.br\/2022\/?p=91067"},"modified":"2023-07-05T08:40:20","modified_gmt":"2023-07-05T11:40:20","slug":"44a-festa-do-cavalo-de-colina-comeca-hoje-dia-5","status":"publish","type":"post","link":"https:\/\/regiaonews.net.br\/2022\/2023\/07\/05\/44a-festa-do-cavalo-de-colina-comeca-hoje-dia-5\/","title":{"rendered":"44\u00aa Festa do Cavalo de Colina come\u00e7a hoje,  dia 5"},"content":{"rendered":"<header class=\"site-header wrapper\" data-font-size=\"\">\n<div id=\"topazio\" class=\"topo\" data-grid=\"row spacing center\"><\/div>\n<\/header>\n<section data-font-size=\"\">\n<section class=\"page-content wrapper\">\n<div data-grid=\"spacing\">\n<div data-cell=\"3of4\">\n<section class=\"post\">\n<div class=\"post-image\"><\/div>\n<div class=\"post-content\">\n<article class=\"post-text\">Considerada a \u201cCapital do Cavalo\u201d, Colina realiza a tradicional Festa do Cavalo, em sua 44\u00aa edi\u00e7\u00e3o. A Festa come\u00e7a hoje, dia\u00a0 5 de julho e segue at\u00e9 domingo, dia 9, no Recinto Municipal \u201c9 de Julho\u201d.A Secretaria Municipal de Esportes, Turismo e Lazer preparou uma programa\u00e7\u00e3o diversificada para agradar o p\u00fablico de todas as idades.<strong>Diversidade de atra\u00e7\u00f5es e espa\u00e7os<\/strong>A Festa 2023 traz programa\u00e7\u00e3o art\u00edstica diversificada. Shows todas as noites no palco principal, no trio el\u00e9trico e na concha ac\u00fastica; completa pra\u00e7a de alimenta\u00e7\u00e3o; camarotes (familiar e empresarial); \u00e1rea VIP e pista; parque de divers\u00e3o; bazar do Fundo Social; visita\u00e7\u00e3o ao Museu Municipal do Cavalo; Fazendinha com mini animais e rodeio mirim em carneiros; al\u00e9m da tradicional programa\u00e7\u00e3o h\u00edpica esportiva, com a participa\u00e7\u00e3o de in\u00fameros competidores, que contribui para o brilhantismo do evento e refor\u00e7a o t\u00edtulo do munic\u00edpio, considerado a \u201cCapital do Cavalo\u201d, entre outros atrativos, com toda infraestrutura necess\u00e1ria para garantir lazer e entretenimento \u00e0 toda popula\u00e7\u00e3o, competidores e turistas.<strong>Fundo Social na Festa<\/strong><\/p>\n<p>O Fundo Social de Solidariedade oferece espa\u00e7o de lazer, entretenimento e bom gosto para colinenses e visitantes, durante a Festa do Cavalo. O tradicional \u201cBazar do Fundo\u201d, al\u00e9m do bom gosto na decora\u00e7\u00e3o, disponibilizar\u00e1 a venda de souvenirs da Festa (copos, chaveiros, cart\u00f5es postais, canecas e bon\u00e9s) e produtos de mesa, banho e bordados. O espa\u00e7o tamb\u00e9m comercializa op\u00e7\u00f5es gastron\u00f4micas, tais como: as famosas bolachas mariquinha, p\u00e3es de mel e balas de caf\u00e9.<\/p>\n<p><strong>Venda de ingressos<\/strong><\/p>\n<p>Est\u00e3o dispon\u00edveis em Colina, em cidades da regi\u00e3o e no site:\u00a0<a href=\"http:\/\/www.saudtickets.com.br\/\">www.saudtickets.com.br<\/a>\u00a0os ingressos individuais para a 44\u00aa edi\u00e7\u00e3o da Festa do Cavalo. O ingresso individual antecipado est\u00e1 a venda no valor de R$ 120,00 reais (inteira); a meia entrada para universit\u00e1rios, idosos e portadores de necessidades especiais est\u00e1 comercializada a R$ 60,00 reais; a entrada solid\u00e1ria, R$ 60,00 reais (+ 1 litro de leite) e a \u00e1rea VIP, R$ 60,00 reais (sem consumo) + o ingresso di\u00e1rio ou permanente. Crian\u00e7as at\u00e9 10 anos de idade, acompanhadas dos pais e\/ou respons\u00e1veis, n\u00e3o pagam. Continuam tamb\u00e9m as vendas das permanentes, que d\u00e3o acesso \u00e0 todos os dias do evento, exceto no dia 09 de julho, que ter\u00e1 entrada gratuita. O valor da permanente \u00e9 R$ 200,00 reais.<\/p>\n<p>O Prefeito Municipal, Dieb Taha refor\u00e7ou o convite para que todos prestigiem a 44\u00aa edi\u00e7\u00e3o da Festa do Cavalo de Colina. \u201cQuero convidar a todos para prestigiar nossa Festa e as competi\u00e7\u00f5es h\u00edpicas que acontecer\u00e3o todos os dias, e destacar nossa alegria com a participa\u00e7\u00e3o dos alunos do Projeto Municipal de Equita\u00e7\u00e3o nas provas, ao lado de cavaleiros renomados\u201d.<\/p>\n<p>Outras informa\u00e7\u00f5es da Festa do Cavalo est\u00e3o dispon\u00edveis no site oficial do munic\u00edpio:\u00a0<a href=\"https:\/\/www.colina.sp.gov.br\/\">www.colina.sp.gov.br<\/a>\u00a0e nas redes sociais oficiais: facebook.com\/prefeituracolina e @prefeituracolina e @festadocavalodecolinaoficial.<\/p>\n<\/article>\n<\/div>\n<\/section>\n<\/div>\n<\/div>\n<\/section>\n<\/section>\n","protected":false},"excerpt":{"rendered":"<p>Considerada a \u201cCapital do Cavalo\u201d, Colina realiza a tradicional Festa<\/p>\n","protected":false},"author":2,"featured_media":91068,"comment_status":"open","ping_status":"open","sticky":false,"template":"","format":"standard","meta":{"footnotes":""},"categories":[25,5,111],"tags":[],"class_list":["post-91067","post","type-post","status-publish","format-standard","has-post-thumbnail","hentry","category-cidades","category-colina","category-cotidiano"],"yoast_head":"<!-- This site is optimized with the Yoast SEO plugin v27.4 - https:\/\/yoast.com\/product\/yoast-seo-wordpress\/ -->\n<title>44\u00aa Festa do Cavalo de Colina come\u00e7a hoje, dia 5 - Regi\u00e3o News<\/title>\n<meta name=\"description\" content=\"Considerada a \u201cCapital do Cavalo\u201d, Colina realiza a tradicional Festa do Cavalo. A Festa come\u00e7a hoje, dia\u00a0 5 e segue at\u00e9 domingo, dia 9\" \/>\n<meta name=\"robots\" content=\"index, follow, max-snippet:-1, max-image-preview:large, max-video-preview:-1\" \/>\n<link rel=\"canonical\" href=\"https:\/\/regiaonews.net.br\/2022\/2023\/07\/05\/44a-festa-do-cavalo-de-colina-comeca-hoje-dia-5\/\" \/>\n<meta property=\"og:locale\" content=\"pt_BR\" \/>\n<meta property=\"og:type\" content=\"article\" \/>\n<meta property=\"og:title\" content=\"44\u00aa Festa do Cavalo de Colina come\u00e7a hoje, dia 5 - Regi\u00e3o News\" \/>\n<meta property=\"og:description\" content=\"Considerada a \u201cCapital do Cavalo\u201d, Colina realiza a tradicional Festa do Cavalo. A Festa come\u00e7a hoje, dia\u00a0 5 e segue at\u00e9 domingo, dia 9\" \/>\n<meta property=\"og:url\" content=\"https:\/\/regiaonews.net.br\/2022\/2023\/07\/05\/44a-festa-do-cavalo-de-colina-comeca-hoje-dia-5\/\" \/>\n<meta property=\"og:site_name\" content=\"Regi\u00e3o News\" \/>\n<meta property=\"article:published_time\" content=\"2023-07-05T05:22:31+00:00\" \/>\n<meta property=\"article:modified_time\" content=\"2023-07-05T11:40:20+00:00\" \/>\n<meta property=\"og:image\" content=\"https:\/\/regiaonews.net.br\/2022\/wp-content\/uploads\/2023\/07\/m_62_0_2_04072023165530.jpg\" \/>\n\t<meta property=\"og:image:width\" content=\"448\" \/>\n\t<meta property=\"og:image:height\" content=\"635\" \/>\n\t<meta property=\"og:image:type\" content=\"image\/jpeg\" \/>\n<meta name=\"author\" content=\"Roberto\" \/>\n<meta name=\"twitter:card\" content=\"summary_large_image\" \/>\n<meta name=\"twitter:label1\" content=\"Escrito por\" \/>\n\t<meta name=\"twitter:data1\" content=\"Roberto\" \/>\n\t<meta name=\"twitter:label2\" content=\"Est. tempo de leitura\" \/>\n\t<meta name=\"twitter:data2\" content=\"3 minutos\" \/>\n<script type=\"application\/ld+json\" class=\"yoast-schema-graph\">{\"@context\":\"https:\\\/\\\/schema.org\",\"@graph\":[{\"@type\":\"Article\",\"@id\":\"https:\\\/\\\/regiaonews.net.br\\\/2022\\\/2023\\\/07\\\/05\\\/44a-festa-do-cavalo-de-colina-comeca-hoje-dia-5\\\/#article\",\"isPartOf\":{\"@id\":\"https:\\\/\\\/regiaonews.net.br\\\/2022\\\/2023\\\/07\\\/05\\\/44a-festa-do-cavalo-de-colina-comeca-hoje-dia-5\\\/\"},\"author\":{\"name\":\"Roberto\",\"@id\":\"https:\\\/\\\/regiaonews.net.br\\\/2022\\\/#\\\/schema\\\/person\\\/2d205a608a5aa97ac279d7a5e6d89ad8\"},\"headline\":\"44\u00aa Festa do Cavalo de Colina come\u00e7a hoje, dia 5\",\"datePublished\":\"2023-07-05T05:22:31+00:00\",\"dateModified\":\"2023-07-05T11:40:20+00:00\",\"mainEntityOfPage\":{\"@id\":\"https:\\\/\\\/regiaonews.net.br\\\/2022\\\/2023\\\/07\\\/05\\\/44a-festa-do-cavalo-de-colina-comeca-hoje-dia-5\\\/\"},\"wordCount\":508,\"commentCount\":0,\"publisher\":{\"@id\":\"https:\\\/\\\/regiaonews.net.br\\\/2022\\\/#organization\"},\"image\":{\"@id\":\"https:\\\/\\\/regiaonews.net.br\\\/2022\\\/2023\\\/07\\\/05\\\/44a-festa-do-cavalo-de-colina-comeca-hoje-dia-5\\\/#primaryimage\"},\"thumbnailUrl\":\"https:\\\/\\\/regiaonews.net.br\\\/2022\\\/wp-content\\\/uploads\\\/2023\\\/07\\\/m_62_0_2_04072023165530.jpg\",\"articleSection\":[\"Cidades\",\"Colina\",\"Cotidiano\"],\"inLanguage\":\"pt-BR\",\"potentialAction\":[{\"@type\":\"CommentAction\",\"name\":\"Comment\",\"target\":[\"https:\\\/\\\/regiaonews.net.br\\\/2022\\\/2023\\\/07\\\/05\\\/44a-festa-do-cavalo-de-colina-comeca-hoje-dia-5\\\/#respond\"]}]},{\"@type\":\"WebPage\",\"@id\":\"https:\\\/\\\/regiaonews.net.br\\\/2022\\\/2023\\\/07\\\/05\\\/44a-festa-do-cavalo-de-colina-comeca-hoje-dia-5\\\/\",\"url\":\"https:\\\/\\\/regiaonews.net.br\\\/2022\\\/2023\\\/07\\\/05\\\/44a-festa-do-cavalo-de-colina-comeca-hoje-dia-5\\\/\",\"name\":\"44\u00aa Festa do Cavalo de Colina come\u00e7a hoje, dia 5 - Regi\u00e3o News\",\"isPartOf\":{\"@id\":\"https:\\\/\\\/regiaonews.net.br\\\/2022\\\/#website\"},\"primaryImageOfPage\":{\"@id\":\"https:\\\/\\\/regiaonews.net.br\\\/2022\\\/2023\\\/07\\\/05\\\/44a-festa-do-cavalo-de-colina-comeca-hoje-dia-5\\\/#primaryimage\"},\"image\":{\"@id\":\"https:\\\/\\\/regiaonews.net.br\\\/2022\\\/2023\\\/07\\\/05\\\/44a-festa-do-cavalo-de-colina-comeca-hoje-dia-5\\\/#primaryimage\"},\"thumbnailUrl\":\"https:\\\/\\\/regiaonews.net.br\\\/2022\\\/wp-content\\\/uploads\\\/2023\\\/07\\\/m_62_0_2_04072023165530.jpg\",\"datePublished\":\"2023-07-05T05:22:31+00:00\",\"dateModified\":\"2023-07-05T11:40:20+00:00\",\"description\":\"Considerada a \u201cCapital do Cavalo\u201d, Colina realiza a tradicional Festa do Cavalo. A Festa come\u00e7a hoje, dia\u00a0 5 e segue at\u00e9 domingo, dia 9\",\"breadcrumb\":{\"@id\":\"https:\\\/\\\/regiaonews.net.br\\\/2022\\\/2023\\\/07\\\/05\\\/44a-festa-do-cavalo-de-colina-comeca-hoje-dia-5\\\/#breadcrumb\"},\"inLanguage\":\"pt-BR\",\"potentialAction\":[{\"@type\":\"ReadAction\",\"target\":[\"https:\\\/\\\/regiaonews.net.br\\\/2022\\\/2023\\\/07\\\/05\\\/44a-festa-do-cavalo-de-colina-comeca-hoje-dia-5\\\/\"]}]},{\"@type\":\"ImageObject\",\"inLanguage\":\"pt-BR\",\"@id\":\"https:\\\/\\\/regiaonews.net.br\\\/2022\\\/2023\\\/07\\\/05\\\/44a-festa-do-cavalo-de-colina-comeca-hoje-dia-5\\\/#primaryimage\",\"url\":\"https:\\\/\\\/regiaonews.net.br\\\/2022\\\/wp-content\\\/uploads\\\/2023\\\/07\\\/m_62_0_2_04072023165530.jpg\",\"contentUrl\":\"https:\\\/\\\/regiaonews.net.br\\\/2022\\\/wp-content\\\/uploads\\\/2023\\\/07\\\/m_62_0_2_04072023165530.jpg\",\"width\":448,\"height\":635},{\"@type\":\"BreadcrumbList\",\"@id\":\"https:\\\/\\\/regiaonews.net.br\\\/2022\\\/2023\\\/07\\\/05\\\/44a-festa-do-cavalo-de-colina-comeca-hoje-dia-5\\\/#breadcrumb\",\"itemListElement\":[{\"@type\":\"ListItem\",\"position\":1,\"name\":\"In\u00edcio\",\"item\":\"https:\\\/\\\/regiaonews.net.br\\\/2022\\\/\"},{\"@type\":\"ListItem\",\"position\":2,\"name\":\"44\u00aa Festa do Cavalo de Colina come\u00e7a hoje, dia 5\"}]},{\"@type\":\"WebSite\",\"@id\":\"https:\\\/\\\/regiaonews.net.br\\\/2022\\\/#website\",\"url\":\"https:\\\/\\\/regiaonews.net.br\\\/2022\\\/\",\"name\":\"Regi\u00e3o News\",\"description\":\"Site de Not\u00edcias de Barretos e regi\u00e3o\",\"publisher\":{\"@id\":\"https:\\\/\\\/regiaonews.net.br\\\/2022\\\/#organization\"},\"potentialAction\":[{\"@type\":\"SearchAction\",\"target\":{\"@type\":\"EntryPoint\",\"urlTemplate\":\"https:\\\/\\\/regiaonews.net.br\\\/2022\\\/?s={search_term_string}\"},\"query-input\":{\"@type\":\"PropertyValueSpecification\",\"valueRequired\":true,\"valueName\":\"search_term_string\"}}],\"inLanguage\":\"pt-BR\"},{\"@type\":\"Organization\",\"@id\":\"https:\\\/\\\/regiaonews.net.br\\\/2022\\\/#organization\",\"name\":\"Regi\u00e3o News\",\"url\":\"https:\\\/\\\/regiaonews.net.br\\\/2022\\\/\",\"logo\":{\"@type\":\"ImageObject\",\"inLanguage\":\"pt-BR\",\"@id\":\"https:\\\/\\\/regiaonews.net.br\\\/2022\\\/#\\\/schema\\\/logo\\\/image\\\/\",\"url\":\"https:\\\/\\\/regiaonews.net.br\\\/2022\\\/wp-content\\\/uploads\\\/2026\\\/03\\\/regiao-13-anos-scaled.jpg\",\"contentUrl\":\"https:\\\/\\\/regiaonews.net.br\\\/2022\\\/wp-content\\\/uploads\\\/2026\\\/03\\\/regiao-13-anos-scaled.jpg\",\"width\":2560,\"height\":635,\"caption\":\"Regi\u00e3o News\"},\"image\":{\"@id\":\"https:\\\/\\\/regiaonews.net.br\\\/2022\\\/#\\\/schema\\\/logo\\\/image\\\/\"}},{\"@type\":\"Person\",\"@id\":\"https:\\\/\\\/regiaonews.net.br\\\/2022\\\/#\\\/schema\\\/person\\\/2d205a608a5aa97ac279d7a5e6d89ad8\",\"name\":\"Roberto\",\"image\":{\"@type\":\"ImageObject\",\"inLanguage\":\"pt-BR\",\"@id\":\"https:\\\/\\\/secure.gravatar.com\\\/avatar\\\/42749d8b712ff9d59ca93dc150494e5b55a44134482993f5baeb97e61b7ecc89?s=96&d=mm&r=g\",\"url\":\"https:\\\/\\\/secure.gravatar.com\\\/avatar\\\/42749d8b712ff9d59ca93dc150494e5b55a44134482993f5baeb97e61b7ecc89?s=96&d=mm&r=g\",\"contentUrl\":\"https:\\\/\\\/secure.gravatar.com\\\/avatar\\\/42749d8b712ff9d59ca93dc150494e5b55a44134482993f5baeb97e61b7ecc89?s=96&d=mm&r=g\",\"caption\":\"Roberto\"},\"url\":\"https:\\\/\\\/regiaonews.net.br\\\/2022\\\/author\\\/roberto\\\/\"}]}<\/script>\n<!-- \/ Yoast SEO plugin. -->","yoast_head_json":{"title":"44\u00aa Festa do Cavalo de Colina come\u00e7a hoje, dia 5 - Regi\u00e3o News","description":"Considerada a \u201cCapital do Cavalo\u201d, Colina realiza a tradicional Festa do Cavalo. A Festa come\u00e7a hoje, dia\u00a0 5 e segue at\u00e9 domingo, dia 9","robots":{"index":"index","follow":"follow","max-snippet":"max-snippet:-1","max-image-preview":"max-image-preview:large","max-video-preview":"max-video-preview:-1"},"canonical":"https:\/\/regiaonews.net.br\/2022\/2023\/07\/05\/44a-festa-do-cavalo-de-colina-comeca-hoje-dia-5\/","og_locale":"pt_BR","og_type":"article","og_title":"44\u00aa Festa do Cavalo de Colina come\u00e7a hoje, dia 5 - Regi\u00e3o News","og_description":"Considerada a \u201cCapital do Cavalo\u201d, Colina realiza a tradicional Festa do Cavalo. A Festa come\u00e7a hoje, dia\u00a0 5 e segue at\u00e9 domingo, dia 9","og_url":"https:\/\/regiaonews.net.br\/2022\/2023\/07\/05\/44a-festa-do-cavalo-de-colina-comeca-hoje-dia-5\/","og_site_name":"Regi\u00e3o News","article_published_time":"2023-07-05T05:22:31+00:00","article_modified_time":"2023-07-05T11:40:20+00:00","og_image":[{"width":448,"height":635,"url":"https:\/\/regiaonews.net.br\/2022\/wp-content\/uploads\/2023\/07\/m_62_0_2_04072023165530.jpg","type":"image\/jpeg"}],"author":"Roberto","twitter_card":"summary_large_image","twitter_misc":{"Escrito por":"Roberto","Est. tempo de leitura":"3 minutos"},"schema":{"@context":"https:\/\/schema.org","@graph":[{"@type":"Article","@id":"https:\/\/regiaonews.net.br\/2022\/2023\/07\/05\/44a-festa-do-cavalo-de-colina-comeca-hoje-dia-5\/#article","isPartOf":{"@id":"https:\/\/regiaonews.net.br\/2022\/2023\/07\/05\/44a-festa-do-cavalo-de-colina-comeca-hoje-dia-5\/"},"author":{"name":"Roberto","@id":"https:\/\/regiaonews.net.br\/2022\/#\/schema\/person\/2d205a608a5aa97ac279d7a5e6d89ad8"},"headline":"44\u00aa Festa do Cavalo de Colina come\u00e7a hoje, dia 5","datePublished":"2023-07-05T05:22:31+00:00","dateModified":"2023-07-05T11:40:20+00:00","mainEntityOfPage":{"@id":"https:\/\/regiaonews.net.br\/2022\/2023\/07\/05\/44a-festa-do-cavalo-de-colina-comeca-hoje-dia-5\/"},"wordCount":508,"commentCount":0,"publisher":{"@id":"https:\/\/regiaonews.net.br\/2022\/#organization"},"image":{"@id":"https:\/\/regiaonews.net.br\/2022\/2023\/07\/05\/44a-festa-do-cavalo-de-colina-comeca-hoje-dia-5\/#primaryimage"},"thumbnailUrl":"https:\/\/regiaonews.net.br\/2022\/wp-content\/uploads\/2023\/07\/m_62_0_2_04072023165530.jpg","articleSection":["Cidades","Colina","Cotidiano"],"inLanguage":"pt-BR","potentialAction":[{"@type":"CommentAction","name":"Comment","target":["https:\/\/regiaonews.net.br\/2022\/2023\/07\/05\/44a-festa-do-cavalo-de-colina-comeca-hoje-dia-5\/#respond"]}]},{"@type":"WebPage","@id":"https:\/\/regiaonews.net.br\/2022\/2023\/07\/05\/44a-festa-do-cavalo-de-colina-comeca-hoje-dia-5\/","url":"https:\/\/regiaonews.net.br\/2022\/2023\/07\/05\/44a-festa-do-cavalo-de-colina-comeca-hoje-dia-5\/","name":"44\u00aa Festa do Cavalo de Colina come\u00e7a hoje, dia 5 - Regi\u00e3o News","isPartOf":{"@id":"https:\/\/regiaonews.net.br\/2022\/#website"},"primaryImageOfPage":{"@id":"https:\/\/regiaonews.net.br\/2022\/2023\/07\/05\/44a-festa-do-cavalo-de-colina-comeca-hoje-dia-5\/#primaryimage"},"image":{"@id":"https:\/\/regiaonews.net.br\/2022\/2023\/07\/05\/44a-festa-do-cavalo-de-colina-comeca-hoje-dia-5\/#primaryimage"},"thumbnailUrl":"https:\/\/regiaonews.net.br\/2022\/wp-content\/uploads\/2023\/07\/m_62_0_2_04072023165530.jpg","datePublished":"2023-07-05T05:22:31+00:00","dateModified":"2023-07-05T11:40:20+00:00","description":"Considerada a \u201cCapital do Cavalo\u201d, Colina realiza a tradicional Festa do Cavalo. A Festa come\u00e7a hoje, dia\u00a0 5 e segue at\u00e9 domingo, dia 9","breadcrumb":{"@id":"https:\/\/regiaonews.net.br\/2022\/2023\/07\/05\/44a-festa-do-cavalo-de-colina-comeca-hoje-dia-5\/#breadcrumb"},"inLanguage":"pt-BR","potentialAction":[{"@type":"ReadAction","target":["https:\/\/regiaonews.net.br\/2022\/2023\/07\/05\/44a-festa-do-cavalo-de-colina-comeca-hoje-dia-5\/"]}]},{"@type":"ImageObject","inLanguage":"pt-BR","@id":"https:\/\/regiaonews.net.br\/2022\/2023\/07\/05\/44a-festa-do-cavalo-de-colina-comeca-hoje-dia-5\/#primaryimage","url":"https:\/\/regiaonews.net.br\/2022\/wp-content\/uploads\/2023\/07\/m_62_0_2_04072023165530.jpg","contentUrl":"https:\/\/regiaonews.net.br\/2022\/wp-content\/uploads\/2023\/07\/m_62_0_2_04072023165530.jpg","width":448,"height":635},{"@type":"BreadcrumbList","@id":"https:\/\/regiaonews.net.br\/2022\/2023\/07\/05\/44a-festa-do-cavalo-de-colina-comeca-hoje-dia-5\/#breadcrumb","itemListElement":[{"@type":"ListItem","position":1,"name":"In\u00edcio","item":"https:\/\/regiaonews.net.br\/2022\/"},{"@type":"ListItem","position":2,"name":"44\u00aa Festa do Cavalo de Colina come\u00e7a hoje, dia 5"}]},{"@type":"WebSite","@id":"https:\/\/regiaonews.net.br\/2022\/#website","url":"https:\/\/regiaonews.net.br\/2022\/","name":"Regi\u00e3o News","description":"Site de Not\u00edcias de Barretos e regi\u00e3o","publisher":{"@id":"https:\/\/regiaonews.net.br\/2022\/#organization"},"potentialAction":[{"@type":"SearchAction","target":{"@type":"EntryPoint","urlTemplate":"https:\/\/regiaonews.net.br\/2022\/?s={search_term_string}"},"query-input":{"@type":"PropertyValueSpecification","valueRequired":true,"valueName":"search_term_string"}}],"inLanguage":"pt-BR"},{"@type":"Organization","@id":"https:\/\/regiaonews.net.br\/2022\/#organization","name":"Regi\u00e3o News","url":"https:\/\/regiaonews.net.br\/2022\/","logo":{"@type":"ImageObject","inLanguage":"pt-BR","@id":"https:\/\/regiaonews.net.br\/2022\/#\/schema\/logo\/image\/","url":"https:\/\/regiaonews.net.br\/2022\/wp-content\/uploads\/2026\/03\/regiao-13-anos-scaled.jpg","contentUrl":"https:\/\/regiaonews.net.br\/2022\/wp-content\/uploads\/2026\/03\/regiao-13-anos-scaled.jpg","width":2560,"height":635,"caption":"Regi\u00e3o News"},"image":{"@id":"https:\/\/regiaonews.net.br\/2022\/#\/schema\/logo\/image\/"}},{"@type":"Person","@id":"https:\/\/regiaonews.net.br\/2022\/#\/schema\/person\/2d205a608a5aa97ac279d7a5e6d89ad8","name":"Roberto","image":{"@type":"ImageObject","inLanguage":"pt-BR","@id":"https:\/\/secure.gravatar.com\/avatar\/42749d8b712ff9d59ca93dc150494e5b55a44134482993f5baeb97e61b7ecc89?s=96&d=mm&r=g","url":"https:\/\/secure.gravatar.com\/avatar\/42749d8b712ff9d59ca93dc150494e5b55a44134482993f5baeb97e61b7ecc89?s=96&d=mm&r=g","contentUrl":"https:\/\/secure.gravatar.com\/avatar\/42749d8b712ff9d59ca93dc150494e5b55a44134482993f5baeb97e61b7ecc89?s=96&d=mm&r=g","caption":"Roberto"},"url":"https:\/\/regiaonews.net.br\/2022\/author\/roberto\/"}]}},"publishpress_future_action":{"enabled":false,"date":"2026-05-02 06:51:31","action":"change-status","newStatus":"draft","terms":[],"taxonomy":"category","extraData":[]},"publishpress_future_workflow_manual_trigger":{"enabledWorkflows":[]},"_links":{"self":[{"href":"https:\/\/regiaonews.net.br\/2022\/wp-json\/wp\/v2\/posts\/91067","targetHints":{"allow":["GET"]}}],"collection":[{"href":"https:\/\/regiaonews.net.br\/2022\/wp-json\/wp\/v2\/posts"}],"about":[{"href":"https:\/\/regiaonews.net.br\/2022\/wp-json\/wp\/v2\/types\/post"}],"author":[{"embeddable":true,"href":"https:\/\/regiaonews.net.br\/2022\/wp-json\/wp\/v2\/users\/2"}],"replies":[{"embeddable":true,"href":"https:\/\/regiaonews.net.br\/2022\/wp-json\/wp\/v2\/comments?post=91067"}],"version-history":[{"count":5,"href":"https:\/\/regiaonews.net.br\/2022\/wp-json\/wp\/v2\/posts\/91067\/revisions"}],"predecessor-version":[{"id":91073,"href":"https:\/\/regiaonews.net.br\/2022\/wp-json\/wp\/v2\/posts\/91067\/revisions\/91073"}],"wp:featuredmedia":[{"embeddable":true,"href":"https:\/\/regiaonews.net.br\/2022\/wp-json\/wp\/v2\/media\/91068"}],"wp:attachment":[{"href":"https:\/\/regiaonews.net.br\/2022\/wp-json\/wp\/v2\/media?parent=91067"}],"wp:term":[{"taxonomy":"category","embeddable":true,"href":"https:\/\/regiaonews.net.br\/2022\/wp-json\/wp\/v2\/categories?post=91067"},{"taxonomy":"post_tag","embeddable":true,"href":"https:\/\/regiaonews.net.br\/2022\/wp-json\/wp\/v2\/tags?post=91067"}],"curies":[{"name":"wp","href":"https:\/\/api.w.org\/{rel}","templated":true}]}}