{"id":91047,"date":"2023-07-04T21:02:02","date_gmt":"2023-07-05T00:02:02","guid":{"rendered":"https:\/\/regiaonews.net.br\/2022\/?p=91047"},"modified":"2023-07-04T21:15:49","modified_gmt":"2023-07-05T00:15:49","slug":"profissionais-de-ubss-recebem-capacitacao-sobre-avaliacao-de-feridas-e-indicacao-de-coberturas","status":"publish","type":"post","link":"https:\/\/regiaonews.net.br\/2022\/2023\/07\/04\/profissionais-de-ubss-recebem-capacitacao-sobre-avaliacao-de-feridas-e-indicacao-de-coberturas\/","title":{"rendered":"Profissionais de UBSs recebem capacita\u00e7\u00e3o sobre avalia\u00e7\u00e3o de feridas e indica\u00e7\u00e3o de coberturas"},"content":{"rendered":"<p>&nbsp;<\/p>\n<p>A a\u00e7\u00e3o, oferecida pela GLT Distribuidora, foi realizada no IRCAD<\/p>\n<p>Cerca de 40 profissionais que atuam nas Unidades B\u00e1sicas de Sa\u00fade (UBSs) da Est\u00e2ncia Tur\u00edstica de Barretos participaram de capacita\u00e7\u00e3o na \u00faltima semana sobre avalia\u00e7\u00e3o de feridas e indica\u00e7\u00e3o de coberturas. O secret\u00e1rio municipal de Sa\u00fade, Mussa Calil Neto, e coordenadoras da Aten\u00e7\u00e3o B\u00e1sica de Sa\u00fade acompanharam o treinamento, realizado no IRCAD.<br \/>\nOs profissionais da Aten\u00e7\u00e3o B\u00e1sicas receberam instru\u00e7\u00f5es da enfermeira Talita de Lima Pedro. O treinamento foi oferecido pela GLT, empresa que realiza a distribui\u00e7\u00e3o de produtos para esse fim \u00e0 Secretaria Municipal de Sa\u00fade.<br \/>\nMarina Francisco, coordenadora na Aten\u00e7\u00e3o B\u00e1sica, ressaltou que no ano passado os profissionais das UBSs tamb\u00e9m receberam treinamento sobre curativos, na ocasi\u00e3o realizado pela equipe do ambulat\u00f3rio de curativos do munic\u00edpio. \u201cEssas capacita\u00e7\u00f5es s\u00e3o muito importantes para atualizar o conhecimento. S\u00e3o realizados de forma que, ao participarem, os profissionais das nossas unidades absorvem conhecimento e compartilham as informa\u00e7\u00f5es com os colegas na unidade em que atuam\u201d, destacou.<\/p>\n","protected":false},"excerpt":{"rendered":"<p>&nbsp; A a\u00e7\u00e3o, oferecida pela GLT Distribuidora, foi realizada no<\/p>\n","protected":false},"author":2,"featured_media":91048,"comment_status":"open","ping_status":"open","sticky":false,"template":"","format":"standard","meta":{"footnotes":""},"categories":[14,25],"tags":[],"class_list":["post-91047","post","type-post","status-publish","format-standard","has-post-thumbnail","hentry","category-barretos","category-cidades"],"yoast_head":"<!-- This site is optimized with the Yoast SEO plugin v27.4 - https:\/\/yoast.com\/product\/yoast-seo-wordpress\/ -->\n<title>Profissionais de UBSs recebem capacita\u00e7\u00e3o sobre avalia\u00e7\u00e3o de feridas e indica\u00e7\u00e3o de coberturas - Regi\u00e3o News<\/title>\n<meta name=\"description\" content=\"Profissionais de UBSs recebem capacita\u00e7\u00e3o. Os profissionais da Aten\u00e7\u00e3o B\u00e1sicas receberam instru\u00e7\u00f5es da enfermeira Talita de Lima Pedro.\" \/>\n<meta name=\"robots\" content=\"index, follow, max-snippet:-1, max-image-preview:large, max-video-preview:-1\" \/>\n<link rel=\"canonical\" href=\"https:\/\/regiaonews.net.br\/2022\/2023\/07\/04\/profissionais-de-ubss-recebem-capacitacao-sobre-avaliacao-de-feridas-e-indicacao-de-coberturas\/\" \/>\n<meta property=\"og:locale\" content=\"pt_BR\" \/>\n<meta property=\"og:type\" content=\"article\" \/>\n<meta property=\"og:title\" content=\"Profissionais de UBSs recebem capacita\u00e7\u00e3o sobre avalia\u00e7\u00e3o de feridas e indica\u00e7\u00e3o de coberturas - Regi\u00e3o News\" \/>\n<meta property=\"og:description\" content=\"Profissionais de UBSs recebem capacita\u00e7\u00e3o. Os profissionais da Aten\u00e7\u00e3o B\u00e1sicas receberam instru\u00e7\u00f5es da enfermeira Talita de Lima Pedro.\" \/>\n<meta property=\"og:url\" content=\"https:\/\/regiaonews.net.br\/2022\/2023\/07\/04\/profissionais-de-ubss-recebem-capacitacao-sobre-avaliacao-de-feridas-e-indicacao-de-coberturas\/\" \/>\n<meta property=\"og:site_name\" content=\"Regi\u00e3o News\" \/>\n<meta property=\"article:published_time\" content=\"2023-07-05T00:02:02+00:00\" \/>\n<meta property=\"article:modified_time\" content=\"2023-07-05T00:15:49+00:00\" \/>\n<meta property=\"og:image\" content=\"https:\/\/regiaonews.net.br\/2022\/wp-content\/uploads\/2023\/07\/WhatsApp-Image-2023-07-04-at-20.50.10.jpeg\" \/>\n\t<meta property=\"og:image:width\" content=\"1592\" \/>\n\t<meta property=\"og:image:height\" content=\"1060\" \/>\n\t<meta property=\"og:image:type\" content=\"image\/jpeg\" \/>\n<meta name=\"author\" content=\"Roberto\" \/>\n<meta name=\"twitter:card\" content=\"summary_large_image\" \/>\n<meta name=\"twitter:label1\" content=\"Escrito por\" \/>\n\t<meta name=\"twitter:data1\" content=\"Roberto\" \/>\n\t<meta name=\"twitter:label2\" content=\"Est. tempo de leitura\" \/>\n\t<meta name=\"twitter:data2\" content=\"1 minuto\" \/>\n<script type=\"application\/ld+json\" class=\"yoast-schema-graph\">{\"@context\":\"https:\\\/\\\/schema.org\",\"@graph\":[{\"@type\":\"Article\",\"@id\":\"https:\\\/\\\/regiaonews.net.br\\\/2022\\\/2023\\\/07\\\/04\\\/profissionais-de-ubss-recebem-capacitacao-sobre-avaliacao-de-feridas-e-indicacao-de-coberturas\\\/#article\",\"isPartOf\":{\"@id\":\"https:\\\/\\\/regiaonews.net.br\\\/2022\\\/2023\\\/07\\\/04\\\/profissionais-de-ubss-recebem-capacitacao-sobre-avaliacao-de-feridas-e-indicacao-de-coberturas\\\/\"},\"author\":{\"name\":\"Roberto\",\"@id\":\"https:\\\/\\\/regiaonews.net.br\\\/2022\\\/#\\\/schema\\\/person\\\/2d205a608a5aa97ac279d7a5e6d89ad8\"},\"headline\":\"Profissionais de UBSs recebem capacita\u00e7\u00e3o sobre avalia\u00e7\u00e3o de feridas e indica\u00e7\u00e3o de coberturas\",\"datePublished\":\"2023-07-05T00:02:02+00:00\",\"dateModified\":\"2023-07-05T00:15:49+00:00\",\"mainEntityOfPage\":{\"@id\":\"https:\\\/\\\/regiaonews.net.br\\\/2022\\\/2023\\\/07\\\/04\\\/profissionais-de-ubss-recebem-capacitacao-sobre-avaliacao-de-feridas-e-indicacao-de-coberturas\\\/\"},\"wordCount\":206,\"commentCount\":0,\"publisher\":{\"@id\":\"https:\\\/\\\/regiaonews.net.br\\\/2022\\\/#organization\"},\"image\":{\"@id\":\"https:\\\/\\\/regiaonews.net.br\\\/2022\\\/2023\\\/07\\\/04\\\/profissionais-de-ubss-recebem-capacitacao-sobre-avaliacao-de-feridas-e-indicacao-de-coberturas\\\/#primaryimage\"},\"thumbnailUrl\":\"https:\\\/\\\/regiaonews.net.br\\\/2022\\\/wp-content\\\/uploads\\\/2023\\\/07\\\/WhatsApp-Image-2023-07-04-at-20.50.10.jpeg\",\"articleSection\":[\"Barretos\",\"Cidades\"],\"inLanguage\":\"pt-BR\",\"potentialAction\":[{\"@type\":\"CommentAction\",\"name\":\"Comment\",\"target\":[\"https:\\\/\\\/regiaonews.net.br\\\/2022\\\/2023\\\/07\\\/04\\\/profissionais-de-ubss-recebem-capacitacao-sobre-avaliacao-de-feridas-e-indicacao-de-coberturas\\\/#respond\"]}]},{\"@type\":\"WebPage\",\"@id\":\"https:\\\/\\\/regiaonews.net.br\\\/2022\\\/2023\\\/07\\\/04\\\/profissionais-de-ubss-recebem-capacitacao-sobre-avaliacao-de-feridas-e-indicacao-de-coberturas\\\/\",\"url\":\"https:\\\/\\\/regiaonews.net.br\\\/2022\\\/2023\\\/07\\\/04\\\/profissionais-de-ubss-recebem-capacitacao-sobre-avaliacao-de-feridas-e-indicacao-de-coberturas\\\/\",\"name\":\"Profissionais de UBSs recebem capacita\u00e7\u00e3o sobre avalia\u00e7\u00e3o de feridas e indica\u00e7\u00e3o de coberturas - Regi\u00e3o News\",\"isPartOf\":{\"@id\":\"https:\\\/\\\/regiaonews.net.br\\\/2022\\\/#website\"},\"primaryImageOfPage\":{\"@id\":\"https:\\\/\\\/regiaonews.net.br\\\/2022\\\/2023\\\/07\\\/04\\\/profissionais-de-ubss-recebem-capacitacao-sobre-avaliacao-de-feridas-e-indicacao-de-coberturas\\\/#primaryimage\"},\"image\":{\"@id\":\"https:\\\/\\\/regiaonews.net.br\\\/2022\\\/2023\\\/07\\\/04\\\/profissionais-de-ubss-recebem-capacitacao-sobre-avaliacao-de-feridas-e-indicacao-de-coberturas\\\/#primaryimage\"},\"thumbnailUrl\":\"https:\\\/\\\/regiaonews.net.br\\\/2022\\\/wp-content\\\/uploads\\\/2023\\\/07\\\/WhatsApp-Image-2023-07-04-at-20.50.10.jpeg\",\"datePublished\":\"2023-07-05T00:02:02+00:00\",\"dateModified\":\"2023-07-05T00:15:49+00:00\",\"description\":\"Profissionais de UBSs recebem capacita\u00e7\u00e3o. Os profissionais da Aten\u00e7\u00e3o B\u00e1sicas receberam instru\u00e7\u00f5es da enfermeira Talita de Lima Pedro.\",\"breadcrumb\":{\"@id\":\"https:\\\/\\\/regiaonews.net.br\\\/2022\\\/2023\\\/07\\\/04\\\/profissionais-de-ubss-recebem-capacitacao-sobre-avaliacao-de-feridas-e-indicacao-de-coberturas\\\/#breadcrumb\"},\"inLanguage\":\"pt-BR\",\"potentialAction\":[{\"@type\":\"ReadAction\",\"target\":[\"https:\\\/\\\/regiaonews.net.br\\\/2022\\\/2023\\\/07\\\/04\\\/profissionais-de-ubss-recebem-capacitacao-sobre-avaliacao-de-feridas-e-indicacao-de-coberturas\\\/\"]}]},{\"@type\":\"ImageObject\",\"inLanguage\":\"pt-BR\",\"@id\":\"https:\\\/\\\/regiaonews.net.br\\\/2022\\\/2023\\\/07\\\/04\\\/profissionais-de-ubss-recebem-capacitacao-sobre-avaliacao-de-feridas-e-indicacao-de-coberturas\\\/#primaryimage\",\"url\":\"https:\\\/\\\/regiaonews.net.br\\\/2022\\\/wp-content\\\/uploads\\\/2023\\\/07\\\/WhatsApp-Image-2023-07-04-at-20.50.10.jpeg\",\"contentUrl\":\"https:\\\/\\\/regiaonews.net.br\\\/2022\\\/wp-content\\\/uploads\\\/2023\\\/07\\\/WhatsApp-Image-2023-07-04-at-20.50.10.jpeg\",\"width\":1592,\"height\":1060},{\"@type\":\"BreadcrumbList\",\"@id\":\"https:\\\/\\\/regiaonews.net.br\\\/2022\\\/2023\\\/07\\\/04\\\/profissionais-de-ubss-recebem-capacitacao-sobre-avaliacao-de-feridas-e-indicacao-de-coberturas\\\/#breadcrumb\",\"itemListElement\":[{\"@type\":\"ListItem\",\"position\":1,\"name\":\"In\u00edcio\",\"item\":\"https:\\\/\\\/regiaonews.net.br\\\/2022\\\/\"},{\"@type\":\"ListItem\",\"position\":2,\"name\":\"Profissionais de UBSs recebem capacita\u00e7\u00e3o sobre avalia\u00e7\u00e3o de feridas e indica\u00e7\u00e3o de coberturas\"}]},{\"@type\":\"WebSite\",\"@id\":\"https:\\\/\\\/regiaonews.net.br\\\/2022\\\/#website\",\"url\":\"https:\\\/\\\/regiaonews.net.br\\\/2022\\\/\",\"name\":\"Regi\u00e3o News\",\"description\":\"Site de Not\u00edcias de Barretos e regi\u00e3o\",\"publisher\":{\"@id\":\"https:\\\/\\\/regiaonews.net.br\\\/2022\\\/#organization\"},\"potentialAction\":[{\"@type\":\"SearchAction\",\"target\":{\"@type\":\"EntryPoint\",\"urlTemplate\":\"https:\\\/\\\/regiaonews.net.br\\\/2022\\\/?s={search_term_string}\"},\"query-input\":{\"@type\":\"PropertyValueSpecification\",\"valueRequired\":true,\"valueName\":\"search_term_string\"}}],\"inLanguage\":\"pt-BR\"},{\"@type\":\"Organization\",\"@id\":\"https:\\\/\\\/regiaonews.net.br\\\/2022\\\/#organization\",\"name\":\"Regi\u00e3o News\",\"url\":\"https:\\\/\\\/regiaonews.net.br\\\/2022\\\/\",\"logo\":{\"@type\":\"ImageObject\",\"inLanguage\":\"pt-BR\",\"@id\":\"https:\\\/\\\/regiaonews.net.br\\\/2022\\\/#\\\/schema\\\/logo\\\/image\\\/\",\"url\":\"https:\\\/\\\/regiaonews.net.br\\\/2022\\\/wp-content\\\/uploads\\\/2026\\\/03\\\/regiao-13-anos-scaled.jpg\",\"contentUrl\":\"https:\\\/\\\/regiaonews.net.br\\\/2022\\\/wp-content\\\/uploads\\\/2026\\\/03\\\/regiao-13-anos-scaled.jpg\",\"width\":2560,\"height\":635,\"caption\":\"Regi\u00e3o News\"},\"image\":{\"@id\":\"https:\\\/\\\/regiaonews.net.br\\\/2022\\\/#\\\/schema\\\/logo\\\/image\\\/\"}},{\"@type\":\"Person\",\"@id\":\"https:\\\/\\\/regiaonews.net.br\\\/2022\\\/#\\\/schema\\\/person\\\/2d205a608a5aa97ac279d7a5e6d89ad8\",\"name\":\"Roberto\",\"image\":{\"@type\":\"ImageObject\",\"inLanguage\":\"pt-BR\",\"@id\":\"https:\\\/\\\/secure.gravatar.com\\\/avatar\\\/42749d8b712ff9d59ca93dc150494e5b55a44134482993f5baeb97e61b7ecc89?s=96&d=mm&r=g\",\"url\":\"https:\\\/\\\/secure.gravatar.com\\\/avatar\\\/42749d8b712ff9d59ca93dc150494e5b55a44134482993f5baeb97e61b7ecc89?s=96&d=mm&r=g\",\"contentUrl\":\"https:\\\/\\\/secure.gravatar.com\\\/avatar\\\/42749d8b712ff9d59ca93dc150494e5b55a44134482993f5baeb97e61b7ecc89?s=96&d=mm&r=g\",\"caption\":\"Roberto\"},\"url\":\"https:\\\/\\\/regiaonews.net.br\\\/2022\\\/author\\\/roberto\\\/\"}]}<\/script>\n<!-- \/ Yoast SEO plugin. -->","yoast_head_json":{"title":"Profissionais de UBSs recebem capacita\u00e7\u00e3o sobre avalia\u00e7\u00e3o de feridas e indica\u00e7\u00e3o de coberturas - Regi\u00e3o News","description":"Profissionais de UBSs recebem capacita\u00e7\u00e3o. Os profissionais da Aten\u00e7\u00e3o B\u00e1sicas receberam instru\u00e7\u00f5es da enfermeira Talita de Lima Pedro.","robots":{"index":"index","follow":"follow","max-snippet":"max-snippet:-1","max-image-preview":"max-image-preview:large","max-video-preview":"max-video-preview:-1"},"canonical":"https:\/\/regiaonews.net.br\/2022\/2023\/07\/04\/profissionais-de-ubss-recebem-capacitacao-sobre-avaliacao-de-feridas-e-indicacao-de-coberturas\/","og_locale":"pt_BR","og_type":"article","og_title":"Profissionais de UBSs recebem capacita\u00e7\u00e3o sobre avalia\u00e7\u00e3o de feridas e indica\u00e7\u00e3o de coberturas - Regi\u00e3o News","og_description":"Profissionais de UBSs recebem capacita\u00e7\u00e3o. Os profissionais da Aten\u00e7\u00e3o B\u00e1sicas receberam instru\u00e7\u00f5es da enfermeira Talita de Lima Pedro.","og_url":"https:\/\/regiaonews.net.br\/2022\/2023\/07\/04\/profissionais-de-ubss-recebem-capacitacao-sobre-avaliacao-de-feridas-e-indicacao-de-coberturas\/","og_site_name":"Regi\u00e3o News","article_published_time":"2023-07-05T00:02:02+00:00","article_modified_time":"2023-07-05T00:15:49+00:00","og_image":[{"width":1592,"height":1060,"url":"https:\/\/regiaonews.net.br\/2022\/wp-content\/uploads\/2023\/07\/WhatsApp-Image-2023-07-04-at-20.50.10.jpeg","type":"image\/jpeg"}],"author":"Roberto","twitter_card":"summary_large_image","twitter_misc":{"Escrito por":"Roberto","Est. tempo de leitura":"1 minuto"},"schema":{"@context":"https:\/\/schema.org","@graph":[{"@type":"Article","@id":"https:\/\/regiaonews.net.br\/2022\/2023\/07\/04\/profissionais-de-ubss-recebem-capacitacao-sobre-avaliacao-de-feridas-e-indicacao-de-coberturas\/#article","isPartOf":{"@id":"https:\/\/regiaonews.net.br\/2022\/2023\/07\/04\/profissionais-de-ubss-recebem-capacitacao-sobre-avaliacao-de-feridas-e-indicacao-de-coberturas\/"},"author":{"name":"Roberto","@id":"https:\/\/regiaonews.net.br\/2022\/#\/schema\/person\/2d205a608a5aa97ac279d7a5e6d89ad8"},"headline":"Profissionais de UBSs recebem capacita\u00e7\u00e3o sobre avalia\u00e7\u00e3o de feridas e indica\u00e7\u00e3o de coberturas","datePublished":"2023-07-05T00:02:02+00:00","dateModified":"2023-07-05T00:15:49+00:00","mainEntityOfPage":{"@id":"https:\/\/regiaonews.net.br\/2022\/2023\/07\/04\/profissionais-de-ubss-recebem-capacitacao-sobre-avaliacao-de-feridas-e-indicacao-de-coberturas\/"},"wordCount":206,"commentCount":0,"publisher":{"@id":"https:\/\/regiaonews.net.br\/2022\/#organization"},"image":{"@id":"https:\/\/regiaonews.net.br\/2022\/2023\/07\/04\/profissionais-de-ubss-recebem-capacitacao-sobre-avaliacao-de-feridas-e-indicacao-de-coberturas\/#primaryimage"},"thumbnailUrl":"https:\/\/regiaonews.net.br\/2022\/wp-content\/uploads\/2023\/07\/WhatsApp-Image-2023-07-04-at-20.50.10.jpeg","articleSection":["Barretos","Cidades"],"inLanguage":"pt-BR","potentialAction":[{"@type":"CommentAction","name":"Comment","target":["https:\/\/regiaonews.net.br\/2022\/2023\/07\/04\/profissionais-de-ubss-recebem-capacitacao-sobre-avaliacao-de-feridas-e-indicacao-de-coberturas\/#respond"]}]},{"@type":"WebPage","@id":"https:\/\/regiaonews.net.br\/2022\/2023\/07\/04\/profissionais-de-ubss-recebem-capacitacao-sobre-avaliacao-de-feridas-e-indicacao-de-coberturas\/","url":"https:\/\/regiaonews.net.br\/2022\/2023\/07\/04\/profissionais-de-ubss-recebem-capacitacao-sobre-avaliacao-de-feridas-e-indicacao-de-coberturas\/","name":"Profissionais de UBSs recebem capacita\u00e7\u00e3o sobre avalia\u00e7\u00e3o de feridas e indica\u00e7\u00e3o de coberturas - Regi\u00e3o News","isPartOf":{"@id":"https:\/\/regiaonews.net.br\/2022\/#website"},"primaryImageOfPage":{"@id":"https:\/\/regiaonews.net.br\/2022\/2023\/07\/04\/profissionais-de-ubss-recebem-capacitacao-sobre-avaliacao-de-feridas-e-indicacao-de-coberturas\/#primaryimage"},"image":{"@id":"https:\/\/regiaonews.net.br\/2022\/2023\/07\/04\/profissionais-de-ubss-recebem-capacitacao-sobre-avaliacao-de-feridas-e-indicacao-de-coberturas\/#primaryimage"},"thumbnailUrl":"https:\/\/regiaonews.net.br\/2022\/wp-content\/uploads\/2023\/07\/WhatsApp-Image-2023-07-04-at-20.50.10.jpeg","datePublished":"2023-07-05T00:02:02+00:00","dateModified":"2023-07-05T00:15:49+00:00","description":"Profissionais de UBSs recebem capacita\u00e7\u00e3o. Os profissionais da Aten\u00e7\u00e3o B\u00e1sicas receberam instru\u00e7\u00f5es da enfermeira Talita de Lima Pedro.","breadcrumb":{"@id":"https:\/\/regiaonews.net.br\/2022\/2023\/07\/04\/profissionais-de-ubss-recebem-capacitacao-sobre-avaliacao-de-feridas-e-indicacao-de-coberturas\/#breadcrumb"},"inLanguage":"pt-BR","potentialAction":[{"@type":"ReadAction","target":["https:\/\/regiaonews.net.br\/2022\/2023\/07\/04\/profissionais-de-ubss-recebem-capacitacao-sobre-avaliacao-de-feridas-e-indicacao-de-coberturas\/"]}]},{"@type":"ImageObject","inLanguage":"pt-BR","@id":"https:\/\/regiaonews.net.br\/2022\/2023\/07\/04\/profissionais-de-ubss-recebem-capacitacao-sobre-avaliacao-de-feridas-e-indicacao-de-coberturas\/#primaryimage","url":"https:\/\/regiaonews.net.br\/2022\/wp-content\/uploads\/2023\/07\/WhatsApp-Image-2023-07-04-at-20.50.10.jpeg","contentUrl":"https:\/\/regiaonews.net.br\/2022\/wp-content\/uploads\/2023\/07\/WhatsApp-Image-2023-07-04-at-20.50.10.jpeg","width":1592,"height":1060},{"@type":"BreadcrumbList","@id":"https:\/\/regiaonews.net.br\/2022\/2023\/07\/04\/profissionais-de-ubss-recebem-capacitacao-sobre-avaliacao-de-feridas-e-indicacao-de-coberturas\/#breadcrumb","itemListElement":[{"@type":"ListItem","position":1,"name":"In\u00edcio","item":"https:\/\/regiaonews.net.br\/2022\/"},{"@type":"ListItem","position":2,"name":"Profissionais de UBSs recebem capacita\u00e7\u00e3o sobre avalia\u00e7\u00e3o de feridas e indica\u00e7\u00e3o de coberturas"}]},{"@type":"WebSite","@id":"https:\/\/regiaonews.net.br\/2022\/#website","url":"https:\/\/regiaonews.net.br\/2022\/","name":"Regi\u00e3o News","description":"Site de Not\u00edcias de Barretos e regi\u00e3o","publisher":{"@id":"https:\/\/regiaonews.net.br\/2022\/#organization"},"potentialAction":[{"@type":"SearchAction","target":{"@type":"EntryPoint","urlTemplate":"https:\/\/regiaonews.net.br\/2022\/?s={search_term_string}"},"query-input":{"@type":"PropertyValueSpecification","valueRequired":true,"valueName":"search_term_string"}}],"inLanguage":"pt-BR"},{"@type":"Organization","@id":"https:\/\/regiaonews.net.br\/2022\/#organization","name":"Regi\u00e3o News","url":"https:\/\/regiaonews.net.br\/2022\/","logo":{"@type":"ImageObject","inLanguage":"pt-BR","@id":"https:\/\/regiaonews.net.br\/2022\/#\/schema\/logo\/image\/","url":"https:\/\/regiaonews.net.br\/2022\/wp-content\/uploads\/2026\/03\/regiao-13-anos-scaled.jpg","contentUrl":"https:\/\/regiaonews.net.br\/2022\/wp-content\/uploads\/2026\/03\/regiao-13-anos-scaled.jpg","width":2560,"height":635,"caption":"Regi\u00e3o News"},"image":{"@id":"https:\/\/regiaonews.net.br\/2022\/#\/schema\/logo\/image\/"}},{"@type":"Person","@id":"https:\/\/regiaonews.net.br\/2022\/#\/schema\/person\/2d205a608a5aa97ac279d7a5e6d89ad8","name":"Roberto","image":{"@type":"ImageObject","inLanguage":"pt-BR","@id":"https:\/\/secure.gravatar.com\/avatar\/42749d8b712ff9d59ca93dc150494e5b55a44134482993f5baeb97e61b7ecc89?s=96&d=mm&r=g","url":"https:\/\/secure.gravatar.com\/avatar\/42749d8b712ff9d59ca93dc150494e5b55a44134482993f5baeb97e61b7ecc89?s=96&d=mm&r=g","contentUrl":"https:\/\/secure.gravatar.com\/avatar\/42749d8b712ff9d59ca93dc150494e5b55a44134482993f5baeb97e61b7ecc89?s=96&d=mm&r=g","caption":"Roberto"},"url":"https:\/\/regiaonews.net.br\/2022\/author\/roberto\/"}]}},"publishpress_future_action":{"enabled":false,"date":"2026-05-04 04:34:29","action":"change-status","newStatus":"draft","terms":[],"taxonomy":"category","extraData":[]},"publishpress_future_workflow_manual_trigger":{"enabledWorkflows":[]},"_links":{"self":[{"href":"https:\/\/regiaonews.net.br\/2022\/wp-json\/wp\/v2\/posts\/91047","targetHints":{"allow":["GET"]}}],"collection":[{"href":"https:\/\/regiaonews.net.br\/2022\/wp-json\/wp\/v2\/posts"}],"about":[{"href":"https:\/\/regiaonews.net.br\/2022\/wp-json\/wp\/v2\/types\/post"}],"author":[{"embeddable":true,"href":"https:\/\/regiaonews.net.br\/2022\/wp-json\/wp\/v2\/users\/2"}],"replies":[{"embeddable":true,"href":"https:\/\/regiaonews.net.br\/2022\/wp-json\/wp\/v2\/comments?post=91047"}],"version-history":[{"count":1,"href":"https:\/\/regiaonews.net.br\/2022\/wp-json\/wp\/v2\/posts\/91047\/revisions"}],"predecessor-version":[{"id":91049,"href":"https:\/\/regiaonews.net.br\/2022\/wp-json\/wp\/v2\/posts\/91047\/revisions\/91049"}],"wp:featuredmedia":[{"embeddable":true,"href":"https:\/\/regiaonews.net.br\/2022\/wp-json\/wp\/v2\/media\/91048"}],"wp:attachment":[{"href":"https:\/\/regiaonews.net.br\/2022\/wp-json\/wp\/v2\/media?parent=91047"}],"wp:term":[{"taxonomy":"category","embeddable":true,"href":"https:\/\/regiaonews.net.br\/2022\/wp-json\/wp\/v2\/categories?post=91047"},{"taxonomy":"post_tag","embeddable":true,"href":"https:\/\/regiaonews.net.br\/2022\/wp-json\/wp\/v2\/tags?post=91047"}],"curies":[{"name":"wp","href":"https:\/\/api.w.org\/{rel}","templated":true}]}}