{"id":91026,"date":"2023-07-04T15:39:47","date_gmt":"2023-07-04T18:39:47","guid":{"rendered":"https:\/\/regiaonews.net.br\/2022\/?p=91026"},"modified":"2023-07-04T21:40:43","modified_gmt":"2023-07-05T00:40:43","slug":"selecao-brasileira-cbf-se-acerta-com-o-fluminense-e-fernando-diniz-sera-o-treinador-interino","status":"publish","type":"post","link":"https:\/\/regiaonews.net.br\/2022\/2023\/07\/04\/selecao-brasileira-cbf-se-acerta-com-o-fluminense-e-fernando-diniz-sera-o-treinador-interino\/","title":{"rendered":"CBF acerta com o Fluminense e Fernando Diniz ser\u00e1 o treinador da Sele\u00e7\u00e3o"},"content":{"rendered":"<div class=\"row content-head non-featured \">\n<div class=\"medium-centered subtitle\">\n<h3 class=\"content-head__subtitle\" style=\"text-align: center;\">Treinador \u00e9 o nome acertado para ser anunciado pela CBF ainda nesta semana. Ele segue no comando da equipe tricolor.<\/h3>\n<div id=\"chunk-1j06b\">\n<div class=\"mc-column content-text active-extra-styles active-capital-letter\" data-block-type=\"unstyled\" data-block-weight=\"66\" data-block-id=\"2\">\n<p class=\"content-text__container theme-color-primary-first-letter\" data-track-category=\"Link no Texto\" data-track-links=\"\">Fernando Diniz ser\u00e1 o novo treinador da sele\u00e7\u00e3o brasileira. O\u00a0<strong>ge<\/strong>\u00a0apurou com fontes ligadas \u00e0 CBF que o comandante do Fluminense acertou para ser interino enquanto a entidade espera que Carlo Ancelotti assuma o comando do ciclo at\u00e9 a Copa do Mundo de 2026. O contrato ser\u00e1 de seis meses ou um ano, dependendo da data em que o italiano poder\u00e1 deixar o Real Madrid.<\/p>\n<\/div>\n<\/div>\n<div class=\"wall protected-content\">\n<div id=\"chunk-8gvls\">\n<div class=\"mc-column content-text active-extra-styles \" data-block-type=\"unstyled\" data-block-weight=\"11\" data-block-id=\"3\">\n<div id=\"chunk-35tm8\">\n<div class=\"mc-column content-text active-extra-styles \" data-block-type=\"unstyled\" data-block-weight=\"69\" data-block-id=\"5\">\n<p class=\"content-text__container \" data-track-category=\"Link no Texto\" data-track-links=\"\">O combinado nas negocia\u00e7\u00f5es \u00e9 que Fernando Diniz concilie o trabalho com o Fluminense e se apresente nas datas Fifa para comandar a Sele\u00e7\u00e3o. A CBF procurou o clube para tratar da libera\u00e7\u00e3o, e a resposta foi que isso s\u00f3 ocorreria perante pagamento de multa, e as partes chegaram a um consenso. Com o acordo, o Tricolor n\u00e3o ser\u00e1 prejudicado em momentos-chave da temporada, como o mata-mata da Libertadores.<\/p>\n<\/div>\n<\/div>\n<div id=\"chunk-f6kdq\">\n<div class=\"mc-column content-text active-extra-styles \" data-block-type=\"unstyled\" data-block-weight=\"13\" data-block-id=\"7\">N\u00e3o h\u00e1 defini\u00e7\u00e3o se Fernando Diniz permanecer\u00e1 na comiss\u00e3o t\u00e9cnica da Sele\u00e7\u00e3o ap\u00f3s a chegada do italiano. O primeiro compromisso do novo treinador ser\u00e1 a abertura das eliminat\u00f3rias, em setembro. Na data Fifa de 4 a 12 de setembro, o Brasil recebe a Bol\u00edvia, em local a definir, e visita o Peru, em Lima.<\/div>\n<div data-block-type=\"unstyled\" data-block-weight=\"13\" data-block-id=\"7\">\n<div id=\"chunk-7p39v\">\n<div class=\"mc-column content-text active-extra-styles \" data-block-type=\"unstyled\" data-block-weight=\"64\" data-block-id=\"11\">\n<p class=\"content-text__container \" data-track-category=\"Link no Texto\" data-track-links=\"\">O interino ter\u00e1 ainda mais quatro partidas em 2023, todas pelas eliminat\u00f3rias: Venezuela (em casa) e Uruguai (fora), em outubro, Argentina (em casa) e Col\u00f4mbia (fora), em novembro. Se Ancelotti n\u00e3o deixar o Real em janeiro, Diniz ser\u00e1 o comandante da Sele\u00e7\u00e3o ainda na data Fifa de mar\u00e7o de 2024, quando ser\u00e3o disputados dois amistosos, um deles j\u00e1 marcado, contra a Espanha, em Madri.<\/p>\n<\/div>\n<\/div>\n<div id=\"chunk-bvctc\">\n<div class=\"row medium-uncollapsed content-media content-photo\" data-block-type=\"backstage-photo\" data-block-id=\"13\">\n<div class=\"mc-column content-media__container\">\n<div class=\"content-media-container glb-skeleton-box\">\n<div id=\"chunk-5k4g5\">\n<div class=\"mc-column content-text active-extra-styles \" data-block-type=\"unstyled\" data-block-weight=\"52\" data-block-id=\"14\">\n<p class=\"content-text__container \" data-track-category=\"Link no Texto\" data-track-links=\"\">Fica a d\u00favida a respeito de quem ser\u00e1 o respons\u00e1vel por convocar e dirigir o Brasil nos compromissos de junho de 24. O contrato de Carlo Ancelotti com o Real Madrid termina no dia 30 daquele m\u00eas, por mais que a temporada europeia se encerre com a final da Champions, dia 1\u00ba.<\/p>\n<\/div>\n<\/div>\n<div id=\"chunk-adk16\">\n<div class=\"mc-column content-text active-extra-styles \" data-block-type=\"unstyled\" data-block-weight=\"64\" data-block-id=\"15\">\n<p class=\"content-text__container \" data-track-category=\"Link no Texto\" data-track-links=\"\">O calend\u00e1rio de sele\u00e7\u00f5es prev\u00ea uma data Fifa de 3 a 11 de junho e em seguida a realiza\u00e7\u00e3o da Copa Am\u00e9rica dos Estados Unidos, com abertura marcada para o dia 20. Outro ponto de interroga\u00e7\u00e3o no calend\u00e1rio de 2024 diz respeito ao pr\u00e9-ol\u00edmpico de janeiro, que tem boas chances de ser realizado na Venezuela e dar\u00e1 duas vagas para os Jogos de Paris-2024.<\/p>\n<div id=\"chunk-8elat\">\n<div class=\"mc-column content-text active-extra-styles \" data-block-type=\"unstyled\" data-block-weight=\"42\" data-block-id=\"18\">\n<p class=\"content-text__container \" data-track-category=\"Link no Texto\" data-track-links=\"\">Ramon Menezes, treinador interino nos tr\u00eas primeiros jogos da Sele\u00e7\u00e3o neste ano, com derrotas para Marrocos e Senegal e vit\u00f3ria sobre Guin\u00e9, segue no cargo na sele\u00e7\u00e3o sub-20. N\u00e3o h\u00e1, no entanto, calend\u00e1rio pr\u00e9-definido para a categoria no segundo semestre deste ano.<\/p>\n<\/div>\n<\/div>\n<div data-track-category=\"multicontent\" data-track-action=\"ultimo chunk conteudo\" data-track-noninteraction=\"false\" data-track-scroll=\"view\">\n<div id=\"chunk-aenor\">\n<div class=\"mc-column content-text active-extra-styles \" data-block-type=\"unstyled\" data-block-weight=\"48\" data-block-id=\"19\">\n<p class=\"content-text__container \" data-track-category=\"Link no Texto\" data-track-links=\"\">Com o interino oficializado, a CBF agora corre para colocar em pr\u00e1tica e no papel toda a confian\u00e7a pelo acerto com Carlo Ancelotti. Apesar do otimismo, quest\u00f5es centrais ainda precisam ser discutidas, desde bases salariais at\u00e9 comiss\u00e3o t\u00e9cnica, passando por log\u00edstica e local onde o italiano vai morar.<\/p>\n<p data-track-category=\"Link no Texto\" data-track-links=\"\">Fonte &#8211; Globo Esporte.<\/p>\n<\/div>\n<\/div>\n<\/div>\n<\/div>\n<\/div>\n<\/div>\n<\/div>\n<\/div>\n<\/div>\n<\/div>\n<\/div>\n<\/div>\n<\/div>\n<\/div>\n<\/div>\n<\/div>\n<div class=\"content__signa-share\">\n<div class=\"content__signature\">\n<div class=\"content-publication-data\">\n<div class=\"content-publication-data__text\"><\/div>\n<\/div>\n<\/div>\n<\/div>\n","protected":false},"excerpt":{"rendered":"<p>Treinador \u00e9 o nome acertado para ser anunciado pela CBF<\/p>\n","protected":false},"author":2,"featured_media":91027,"comment_status":"open","ping_status":"open","sticky":false,"template":"","format":"standard","meta":{"footnotes":""},"categories":[24,21],"tags":[],"class_list":["post-91026","post","type-post","status-publish","format-standard","has-post-thumbnail","hentry","category-brasil","category-esporte"],"yoast_head":"<!-- This site is optimized with the Yoast SEO plugin v27.4 - https:\/\/yoast.com\/product\/yoast-seo-wordpress\/ -->\n<title>CBF acerta com o Fluminense e Fernando Diniz ser\u00e1 o treinador da Sele\u00e7\u00e3o - Regi\u00e3o News<\/title>\n<meta name=\"description\" content=\"Fernando Diniz ser\u00e1 o novo treinador da sele\u00e7\u00e3o. O\u00a0ge\u00a0apurou junto a CBF que o comandante do Fluminense acertou para ser interino.\" \/>\n<meta name=\"robots\" content=\"index, follow, max-snippet:-1, max-image-preview:large, max-video-preview:-1\" \/>\n<link rel=\"canonical\" href=\"https:\/\/regiaonews.net.br\/2022\/2023\/07\/04\/selecao-brasileira-cbf-se-acerta-com-o-fluminense-e-fernando-diniz-sera-o-treinador-interino\/\" \/>\n<meta property=\"og:locale\" content=\"pt_BR\" \/>\n<meta property=\"og:type\" content=\"article\" \/>\n<meta property=\"og:title\" content=\"CBF acerta com o Fluminense e Fernando Diniz ser\u00e1 o treinador da Sele\u00e7\u00e3o - Regi\u00e3o News\" \/>\n<meta property=\"og:description\" content=\"Fernando Diniz ser\u00e1 o novo treinador da sele\u00e7\u00e3o. O\u00a0ge\u00a0apurou junto a CBF que o comandante do Fluminense acertou para ser interino.\" \/>\n<meta property=\"og:url\" content=\"https:\/\/regiaonews.net.br\/2022\/2023\/07\/04\/selecao-brasileira-cbf-se-acerta-com-o-fluminense-e-fernando-diniz-sera-o-treinador-interino\/\" \/>\n<meta property=\"og:site_name\" content=\"Regi\u00e3o News\" \/>\n<meta property=\"article:published_time\" content=\"2023-07-04T18:39:47+00:00\" \/>\n<meta property=\"article:modified_time\" content=\"2023-07-05T00:40:43+00:00\" \/>\n<meta property=\"og:image\" content=\"https:\/\/regiaonews.net.br\/2022\/wp-content\/uploads\/2023\/07\/Capturar.png\" \/>\n\t<meta property=\"og:image:width\" content=\"545\" \/>\n\t<meta property=\"og:image:height\" content=\"455\" \/>\n\t<meta property=\"og:image:type\" content=\"image\/png\" \/>\n<meta name=\"author\" content=\"Roberto\" \/>\n<meta name=\"twitter:card\" content=\"summary_large_image\" \/>\n<meta name=\"twitter:label1\" content=\"Escrito por\" \/>\n\t<meta name=\"twitter:data1\" content=\"Roberto\" \/>\n\t<meta name=\"twitter:label2\" content=\"Est. tempo de leitura\" \/>\n\t<meta name=\"twitter:data2\" content=\"3 minutos\" \/>\n<script type=\"application\/ld+json\" class=\"yoast-schema-graph\">{\"@context\":\"https:\\\/\\\/schema.org\",\"@graph\":[{\"@type\":\"Article\",\"@id\":\"https:\\\/\\\/regiaonews.net.br\\\/2022\\\/2023\\\/07\\\/04\\\/selecao-brasileira-cbf-se-acerta-com-o-fluminense-e-fernando-diniz-sera-o-treinador-interino\\\/#article\",\"isPartOf\":{\"@id\":\"https:\\\/\\\/regiaonews.net.br\\\/2022\\\/2023\\\/07\\\/04\\\/selecao-brasileira-cbf-se-acerta-com-o-fluminense-e-fernando-diniz-sera-o-treinador-interino\\\/\"},\"author\":{\"name\":\"Roberto\",\"@id\":\"https:\\\/\\\/regiaonews.net.br\\\/2022\\\/#\\\/schema\\\/person\\\/2d205a608a5aa97ac279d7a5e6d89ad8\"},\"headline\":\"CBF acerta com o Fluminense e Fernando Diniz ser\u00e1 o treinador da Sele\u00e7\u00e3o\",\"datePublished\":\"2023-07-04T18:39:47+00:00\",\"dateModified\":\"2023-07-05T00:40:43+00:00\",\"mainEntityOfPage\":{\"@id\":\"https:\\\/\\\/regiaonews.net.br\\\/2022\\\/2023\\\/07\\\/04\\\/selecao-brasileira-cbf-se-acerta-com-o-fluminense-e-fernando-diniz-sera-o-treinador-interino\\\/\"},\"wordCount\":525,\"commentCount\":0,\"publisher\":{\"@id\":\"https:\\\/\\\/regiaonews.net.br\\\/2022\\\/#organization\"},\"image\":{\"@id\":\"https:\\\/\\\/regiaonews.net.br\\\/2022\\\/2023\\\/07\\\/04\\\/selecao-brasileira-cbf-se-acerta-com-o-fluminense-e-fernando-diniz-sera-o-treinador-interino\\\/#primaryimage\"},\"thumbnailUrl\":\"https:\\\/\\\/regiaonews.net.br\\\/2022\\\/wp-content\\\/uploads\\\/2023\\\/07\\\/Capturar.png\",\"articleSection\":[\"Brasil\",\"Esporte\"],\"inLanguage\":\"pt-BR\",\"potentialAction\":[{\"@type\":\"CommentAction\",\"name\":\"Comment\",\"target\":[\"https:\\\/\\\/regiaonews.net.br\\\/2022\\\/2023\\\/07\\\/04\\\/selecao-brasileira-cbf-se-acerta-com-o-fluminense-e-fernando-diniz-sera-o-treinador-interino\\\/#respond\"]}]},{\"@type\":\"WebPage\",\"@id\":\"https:\\\/\\\/regiaonews.net.br\\\/2022\\\/2023\\\/07\\\/04\\\/selecao-brasileira-cbf-se-acerta-com-o-fluminense-e-fernando-diniz-sera-o-treinador-interino\\\/\",\"url\":\"https:\\\/\\\/regiaonews.net.br\\\/2022\\\/2023\\\/07\\\/04\\\/selecao-brasileira-cbf-se-acerta-com-o-fluminense-e-fernando-diniz-sera-o-treinador-interino\\\/\",\"name\":\"CBF acerta com o Fluminense e Fernando Diniz ser\u00e1 o treinador da Sele\u00e7\u00e3o - Regi\u00e3o News\",\"isPartOf\":{\"@id\":\"https:\\\/\\\/regiaonews.net.br\\\/2022\\\/#website\"},\"primaryImageOfPage\":{\"@id\":\"https:\\\/\\\/regiaonews.net.br\\\/2022\\\/2023\\\/07\\\/04\\\/selecao-brasileira-cbf-se-acerta-com-o-fluminense-e-fernando-diniz-sera-o-treinador-interino\\\/#primaryimage\"},\"image\":{\"@id\":\"https:\\\/\\\/regiaonews.net.br\\\/2022\\\/2023\\\/07\\\/04\\\/selecao-brasileira-cbf-se-acerta-com-o-fluminense-e-fernando-diniz-sera-o-treinador-interino\\\/#primaryimage\"},\"thumbnailUrl\":\"https:\\\/\\\/regiaonews.net.br\\\/2022\\\/wp-content\\\/uploads\\\/2023\\\/07\\\/Capturar.png\",\"datePublished\":\"2023-07-04T18:39:47+00:00\",\"dateModified\":\"2023-07-05T00:40:43+00:00\",\"description\":\"Fernando Diniz ser\u00e1 o novo treinador da sele\u00e7\u00e3o. O\u00a0ge\u00a0apurou junto a CBF que o comandante do Fluminense acertou para ser interino.\",\"breadcrumb\":{\"@id\":\"https:\\\/\\\/regiaonews.net.br\\\/2022\\\/2023\\\/07\\\/04\\\/selecao-brasileira-cbf-se-acerta-com-o-fluminense-e-fernando-diniz-sera-o-treinador-interino\\\/#breadcrumb\"},\"inLanguage\":\"pt-BR\",\"potentialAction\":[{\"@type\":\"ReadAction\",\"target\":[\"https:\\\/\\\/regiaonews.net.br\\\/2022\\\/2023\\\/07\\\/04\\\/selecao-brasileira-cbf-se-acerta-com-o-fluminense-e-fernando-diniz-sera-o-treinador-interino\\\/\"]}]},{\"@type\":\"ImageObject\",\"inLanguage\":\"pt-BR\",\"@id\":\"https:\\\/\\\/regiaonews.net.br\\\/2022\\\/2023\\\/07\\\/04\\\/selecao-brasileira-cbf-se-acerta-com-o-fluminense-e-fernando-diniz-sera-o-treinador-interino\\\/#primaryimage\",\"url\":\"https:\\\/\\\/regiaonews.net.br\\\/2022\\\/wp-content\\\/uploads\\\/2023\\\/07\\\/Capturar.png\",\"contentUrl\":\"https:\\\/\\\/regiaonews.net.br\\\/2022\\\/wp-content\\\/uploads\\\/2023\\\/07\\\/Capturar.png\",\"width\":545,\"height\":455},{\"@type\":\"BreadcrumbList\",\"@id\":\"https:\\\/\\\/regiaonews.net.br\\\/2022\\\/2023\\\/07\\\/04\\\/selecao-brasileira-cbf-se-acerta-com-o-fluminense-e-fernando-diniz-sera-o-treinador-interino\\\/#breadcrumb\",\"itemListElement\":[{\"@type\":\"ListItem\",\"position\":1,\"name\":\"In\u00edcio\",\"item\":\"https:\\\/\\\/regiaonews.net.br\\\/2022\\\/\"},{\"@type\":\"ListItem\",\"position\":2,\"name\":\"CBF acerta com o Fluminense e Fernando Diniz ser\u00e1 o treinador da Sele\u00e7\u00e3o\"}]},{\"@type\":\"WebSite\",\"@id\":\"https:\\\/\\\/regiaonews.net.br\\\/2022\\\/#website\",\"url\":\"https:\\\/\\\/regiaonews.net.br\\\/2022\\\/\",\"name\":\"Regi\u00e3o News\",\"description\":\"Site de Not\u00edcias de Barretos e regi\u00e3o\",\"publisher\":{\"@id\":\"https:\\\/\\\/regiaonews.net.br\\\/2022\\\/#organization\"},\"potentialAction\":[{\"@type\":\"SearchAction\",\"target\":{\"@type\":\"EntryPoint\",\"urlTemplate\":\"https:\\\/\\\/regiaonews.net.br\\\/2022\\\/?s={search_term_string}\"},\"query-input\":{\"@type\":\"PropertyValueSpecification\",\"valueRequired\":true,\"valueName\":\"search_term_string\"}}],\"inLanguage\":\"pt-BR\"},{\"@type\":\"Organization\",\"@id\":\"https:\\\/\\\/regiaonews.net.br\\\/2022\\\/#organization\",\"name\":\"Regi\u00e3o News\",\"url\":\"https:\\\/\\\/regiaonews.net.br\\\/2022\\\/\",\"logo\":{\"@type\":\"ImageObject\",\"inLanguage\":\"pt-BR\",\"@id\":\"https:\\\/\\\/regiaonews.net.br\\\/2022\\\/#\\\/schema\\\/logo\\\/image\\\/\",\"url\":\"https:\\\/\\\/regiaonews.net.br\\\/2022\\\/wp-content\\\/uploads\\\/2026\\\/03\\\/regiao-13-anos-scaled.jpg\",\"contentUrl\":\"https:\\\/\\\/regiaonews.net.br\\\/2022\\\/wp-content\\\/uploads\\\/2026\\\/03\\\/regiao-13-anos-scaled.jpg\",\"width\":2560,\"height\":635,\"caption\":\"Regi\u00e3o News\"},\"image\":{\"@id\":\"https:\\\/\\\/regiaonews.net.br\\\/2022\\\/#\\\/schema\\\/logo\\\/image\\\/\"}},{\"@type\":\"Person\",\"@id\":\"https:\\\/\\\/regiaonews.net.br\\\/2022\\\/#\\\/schema\\\/person\\\/2d205a608a5aa97ac279d7a5e6d89ad8\",\"name\":\"Roberto\",\"image\":{\"@type\":\"ImageObject\",\"inLanguage\":\"pt-BR\",\"@id\":\"https:\\\/\\\/secure.gravatar.com\\\/avatar\\\/42749d8b712ff9d59ca93dc150494e5b55a44134482993f5baeb97e61b7ecc89?s=96&d=mm&r=g\",\"url\":\"https:\\\/\\\/secure.gravatar.com\\\/avatar\\\/42749d8b712ff9d59ca93dc150494e5b55a44134482993f5baeb97e61b7ecc89?s=96&d=mm&r=g\",\"contentUrl\":\"https:\\\/\\\/secure.gravatar.com\\\/avatar\\\/42749d8b712ff9d59ca93dc150494e5b55a44134482993f5baeb97e61b7ecc89?s=96&d=mm&r=g\",\"caption\":\"Roberto\"},\"url\":\"https:\\\/\\\/regiaonews.net.br\\\/2022\\\/author\\\/roberto\\\/\"}]}<\/script>\n<!-- \/ Yoast SEO plugin. -->","yoast_head_json":{"title":"CBF acerta com o Fluminense e Fernando Diniz ser\u00e1 o treinador da Sele\u00e7\u00e3o - Regi\u00e3o News","description":"Fernando Diniz ser\u00e1 o novo treinador da sele\u00e7\u00e3o. O\u00a0ge\u00a0apurou junto a CBF que o comandante do Fluminense acertou para ser interino.","robots":{"index":"index","follow":"follow","max-snippet":"max-snippet:-1","max-image-preview":"max-image-preview:large","max-video-preview":"max-video-preview:-1"},"canonical":"https:\/\/regiaonews.net.br\/2022\/2023\/07\/04\/selecao-brasileira-cbf-se-acerta-com-o-fluminense-e-fernando-diniz-sera-o-treinador-interino\/","og_locale":"pt_BR","og_type":"article","og_title":"CBF acerta com o Fluminense e Fernando Diniz ser\u00e1 o treinador da Sele\u00e7\u00e3o - Regi\u00e3o News","og_description":"Fernando Diniz ser\u00e1 o novo treinador da sele\u00e7\u00e3o. O\u00a0ge\u00a0apurou junto a CBF que o comandante do Fluminense acertou para ser interino.","og_url":"https:\/\/regiaonews.net.br\/2022\/2023\/07\/04\/selecao-brasileira-cbf-se-acerta-com-o-fluminense-e-fernando-diniz-sera-o-treinador-interino\/","og_site_name":"Regi\u00e3o News","article_published_time":"2023-07-04T18:39:47+00:00","article_modified_time":"2023-07-05T00:40:43+00:00","og_image":[{"width":545,"height":455,"url":"https:\/\/regiaonews.net.br\/2022\/wp-content\/uploads\/2023\/07\/Capturar.png","type":"image\/png"}],"author":"Roberto","twitter_card":"summary_large_image","twitter_misc":{"Escrito por":"Roberto","Est. tempo de leitura":"3 minutos"},"schema":{"@context":"https:\/\/schema.org","@graph":[{"@type":"Article","@id":"https:\/\/regiaonews.net.br\/2022\/2023\/07\/04\/selecao-brasileira-cbf-se-acerta-com-o-fluminense-e-fernando-diniz-sera-o-treinador-interino\/#article","isPartOf":{"@id":"https:\/\/regiaonews.net.br\/2022\/2023\/07\/04\/selecao-brasileira-cbf-se-acerta-com-o-fluminense-e-fernando-diniz-sera-o-treinador-interino\/"},"author":{"name":"Roberto","@id":"https:\/\/regiaonews.net.br\/2022\/#\/schema\/person\/2d205a608a5aa97ac279d7a5e6d89ad8"},"headline":"CBF acerta com o Fluminense e Fernando Diniz ser\u00e1 o treinador da Sele\u00e7\u00e3o","datePublished":"2023-07-04T18:39:47+00:00","dateModified":"2023-07-05T00:40:43+00:00","mainEntityOfPage":{"@id":"https:\/\/regiaonews.net.br\/2022\/2023\/07\/04\/selecao-brasileira-cbf-se-acerta-com-o-fluminense-e-fernando-diniz-sera-o-treinador-interino\/"},"wordCount":525,"commentCount":0,"publisher":{"@id":"https:\/\/regiaonews.net.br\/2022\/#organization"},"image":{"@id":"https:\/\/regiaonews.net.br\/2022\/2023\/07\/04\/selecao-brasileira-cbf-se-acerta-com-o-fluminense-e-fernando-diniz-sera-o-treinador-interino\/#primaryimage"},"thumbnailUrl":"https:\/\/regiaonews.net.br\/2022\/wp-content\/uploads\/2023\/07\/Capturar.png","articleSection":["Brasil","Esporte"],"inLanguage":"pt-BR","potentialAction":[{"@type":"CommentAction","name":"Comment","target":["https:\/\/regiaonews.net.br\/2022\/2023\/07\/04\/selecao-brasileira-cbf-se-acerta-com-o-fluminense-e-fernando-diniz-sera-o-treinador-interino\/#respond"]}]},{"@type":"WebPage","@id":"https:\/\/regiaonews.net.br\/2022\/2023\/07\/04\/selecao-brasileira-cbf-se-acerta-com-o-fluminense-e-fernando-diniz-sera-o-treinador-interino\/","url":"https:\/\/regiaonews.net.br\/2022\/2023\/07\/04\/selecao-brasileira-cbf-se-acerta-com-o-fluminense-e-fernando-diniz-sera-o-treinador-interino\/","name":"CBF acerta com o Fluminense e Fernando Diniz ser\u00e1 o treinador da Sele\u00e7\u00e3o - Regi\u00e3o News","isPartOf":{"@id":"https:\/\/regiaonews.net.br\/2022\/#website"},"primaryImageOfPage":{"@id":"https:\/\/regiaonews.net.br\/2022\/2023\/07\/04\/selecao-brasileira-cbf-se-acerta-com-o-fluminense-e-fernando-diniz-sera-o-treinador-interino\/#primaryimage"},"image":{"@id":"https:\/\/regiaonews.net.br\/2022\/2023\/07\/04\/selecao-brasileira-cbf-se-acerta-com-o-fluminense-e-fernando-diniz-sera-o-treinador-interino\/#primaryimage"},"thumbnailUrl":"https:\/\/regiaonews.net.br\/2022\/wp-content\/uploads\/2023\/07\/Capturar.png","datePublished":"2023-07-04T18:39:47+00:00","dateModified":"2023-07-05T00:40:43+00:00","description":"Fernando Diniz ser\u00e1 o novo treinador da sele\u00e7\u00e3o. O\u00a0ge\u00a0apurou junto a CBF que o comandante do Fluminense acertou para ser interino.","breadcrumb":{"@id":"https:\/\/regiaonews.net.br\/2022\/2023\/07\/04\/selecao-brasileira-cbf-se-acerta-com-o-fluminense-e-fernando-diniz-sera-o-treinador-interino\/#breadcrumb"},"inLanguage":"pt-BR","potentialAction":[{"@type":"ReadAction","target":["https:\/\/regiaonews.net.br\/2022\/2023\/07\/04\/selecao-brasileira-cbf-se-acerta-com-o-fluminense-e-fernando-diniz-sera-o-treinador-interino\/"]}]},{"@type":"ImageObject","inLanguage":"pt-BR","@id":"https:\/\/regiaonews.net.br\/2022\/2023\/07\/04\/selecao-brasileira-cbf-se-acerta-com-o-fluminense-e-fernando-diniz-sera-o-treinador-interino\/#primaryimage","url":"https:\/\/regiaonews.net.br\/2022\/wp-content\/uploads\/2023\/07\/Capturar.png","contentUrl":"https:\/\/regiaonews.net.br\/2022\/wp-content\/uploads\/2023\/07\/Capturar.png","width":545,"height":455},{"@type":"BreadcrumbList","@id":"https:\/\/regiaonews.net.br\/2022\/2023\/07\/04\/selecao-brasileira-cbf-se-acerta-com-o-fluminense-e-fernando-diniz-sera-o-treinador-interino\/#breadcrumb","itemListElement":[{"@type":"ListItem","position":1,"name":"In\u00edcio","item":"https:\/\/regiaonews.net.br\/2022\/"},{"@type":"ListItem","position":2,"name":"CBF acerta com o Fluminense e Fernando Diniz ser\u00e1 o treinador da Sele\u00e7\u00e3o"}]},{"@type":"WebSite","@id":"https:\/\/regiaonews.net.br\/2022\/#website","url":"https:\/\/regiaonews.net.br\/2022\/","name":"Regi\u00e3o News","description":"Site de Not\u00edcias de Barretos e regi\u00e3o","publisher":{"@id":"https:\/\/regiaonews.net.br\/2022\/#organization"},"potentialAction":[{"@type":"SearchAction","target":{"@type":"EntryPoint","urlTemplate":"https:\/\/regiaonews.net.br\/2022\/?s={search_term_string}"},"query-input":{"@type":"PropertyValueSpecification","valueRequired":true,"valueName":"search_term_string"}}],"inLanguage":"pt-BR"},{"@type":"Organization","@id":"https:\/\/regiaonews.net.br\/2022\/#organization","name":"Regi\u00e3o News","url":"https:\/\/regiaonews.net.br\/2022\/","logo":{"@type":"ImageObject","inLanguage":"pt-BR","@id":"https:\/\/regiaonews.net.br\/2022\/#\/schema\/logo\/image\/","url":"https:\/\/regiaonews.net.br\/2022\/wp-content\/uploads\/2026\/03\/regiao-13-anos-scaled.jpg","contentUrl":"https:\/\/regiaonews.net.br\/2022\/wp-content\/uploads\/2026\/03\/regiao-13-anos-scaled.jpg","width":2560,"height":635,"caption":"Regi\u00e3o News"},"image":{"@id":"https:\/\/regiaonews.net.br\/2022\/#\/schema\/logo\/image\/"}},{"@type":"Person","@id":"https:\/\/regiaonews.net.br\/2022\/#\/schema\/person\/2d205a608a5aa97ac279d7a5e6d89ad8","name":"Roberto","image":{"@type":"ImageObject","inLanguage":"pt-BR","@id":"https:\/\/secure.gravatar.com\/avatar\/42749d8b712ff9d59ca93dc150494e5b55a44134482993f5baeb97e61b7ecc89?s=96&d=mm&r=g","url":"https:\/\/secure.gravatar.com\/avatar\/42749d8b712ff9d59ca93dc150494e5b55a44134482993f5baeb97e61b7ecc89?s=96&d=mm&r=g","contentUrl":"https:\/\/secure.gravatar.com\/avatar\/42749d8b712ff9d59ca93dc150494e5b55a44134482993f5baeb97e61b7ecc89?s=96&d=mm&r=g","caption":"Roberto"},"url":"https:\/\/regiaonews.net.br\/2022\/author\/roberto\/"}]}},"publishpress_future_action":{"enabled":false,"date":"2026-05-03 22:01:36","action":"change-status","newStatus":"draft","terms":[],"taxonomy":"category","extraData":[]},"publishpress_future_workflow_manual_trigger":{"enabledWorkflows":[]},"_links":{"self":[{"href":"https:\/\/regiaonews.net.br\/2022\/wp-json\/wp\/v2\/posts\/91026","targetHints":{"allow":["GET"]}}],"collection":[{"href":"https:\/\/regiaonews.net.br\/2022\/wp-json\/wp\/v2\/posts"}],"about":[{"href":"https:\/\/regiaonews.net.br\/2022\/wp-json\/wp\/v2\/types\/post"}],"author":[{"embeddable":true,"href":"https:\/\/regiaonews.net.br\/2022\/wp-json\/wp\/v2\/users\/2"}],"replies":[{"embeddable":true,"href":"https:\/\/regiaonews.net.br\/2022\/wp-json\/wp\/v2\/comments?post=91026"}],"version-history":[{"count":3,"href":"https:\/\/regiaonews.net.br\/2022\/wp-json\/wp\/v2\/posts\/91026\/revisions"}],"predecessor-version":[{"id":91056,"href":"https:\/\/regiaonews.net.br\/2022\/wp-json\/wp\/v2\/posts\/91026\/revisions\/91056"}],"wp:featuredmedia":[{"embeddable":true,"href":"https:\/\/regiaonews.net.br\/2022\/wp-json\/wp\/v2\/media\/91027"}],"wp:attachment":[{"href":"https:\/\/regiaonews.net.br\/2022\/wp-json\/wp\/v2\/media?parent=91026"}],"wp:term":[{"taxonomy":"category","embeddable":true,"href":"https:\/\/regiaonews.net.br\/2022\/wp-json\/wp\/v2\/categories?post=91026"},{"taxonomy":"post_tag","embeddable":true,"href":"https:\/\/regiaonews.net.br\/2022\/wp-json\/wp\/v2\/tags?post=91026"}],"curies":[{"name":"wp","href":"https:\/\/api.w.org\/{rel}","templated":true}]}}