{"id":91016,"date":"2023-07-04T14:42:56","date_gmt":"2023-07-04T17:42:56","guid":{"rendered":"https:\/\/regiaonews.net.br\/2022\/?p=91016"},"modified":"2023-07-04T14:42:56","modified_gmt":"2023-07-04T17:42:56","slug":"acib-e-sincomercio-doam-cobertores-para-o-fundo-social-de-solidariedade","status":"publish","type":"post","link":"https:\/\/regiaonews.net.br\/2022\/2023\/07\/04\/acib-e-sincomercio-doam-cobertores-para-o-fundo-social-de-solidariedade\/","title":{"rendered":"ACIB e Sincomercio doam cobertores para o Fundo Social de Solidariedade\u00a0"},"content":{"rendered":"<h3 style=\"text-align: center;\">Doa\u00e7\u00f5es foram realizadas pelas empresas e empreendedores(as) que integram a Associa\u00e7\u00e3o Comercial e Industrial de Barretos.<\/h3>\n<div><\/div>\n<div>A Associa\u00e7\u00e3o Comercial e Industrial de Barretos (ACIB) e Sincomercio \u2013 Sindicato do Com\u00e9rcio Varejista realizaram a doa\u00e7\u00e3o na \u00faltima semana de cem (100) cobertores para\u00a0 o Fundo Social de Solidariedade da Est\u00e2ncia Tur\u00edstica de Barretos, integrando a Campanha do Agasalho 2023 do FSS.<\/div>\n<div>\u00a0 A entrega foi realizada pela presidente da ACIB, Jackelyne Rossini \u00e0 presidente do Fundo Social de Solidariedade, Let\u00edcia Lemos. Os cobertores foram doados pelas empresas e empreendedores(as) que fazem parte da Associa\u00e7\u00e3o.<\/div>\n<div>Para Jackelyne, a participa\u00e7\u00e3o na Campanha do Agasalho \u00e9 fundamental para cumprir o dever social de contribuir com as pessoas em situa\u00e7\u00e3o de vulnerabilidade \u201cComo empresas e Associa\u00e7\u00e3o temos o dever de contribuir com as pessoas e entidades que necessitam dessas doa\u00e7\u00f5es e dessa maneira, fazer o bem e cumprir com nosso dever social de ajudar a comunidade\u201d, falou.<\/div>\n<div>A Campanha do Agasalho 2023 arrecada roupas masculinas, femininas e infantis em bom estado, al\u00e9m de cobertores, roupas de cama, toalhas, meias, gorros e sapatos, que ser\u00e3o doados \u00e0s fam\u00edlias e popula\u00e7\u00e3o em situa\u00e7\u00e3o de vulnerabilidade social, entidades assistenciais, comunidades, casas de passagem e institui\u00e7\u00f5es que possam revert\u00ea-las a quem precisar.<\/div>\n<div>Doa\u00e7\u00f5es ainda podem ser realizadas na sede do Fundo Social de Solidariedade, que fica na Rua 16, n\u00b0 52, entre as avenidas 29 e 31. Mais informa\u00e7\u00f5es pelo telefone (17) 3612-2860.<\/div>\n","protected":false},"excerpt":{"rendered":"<p>Doa\u00e7\u00f5es foram realizadas pelas empresas e empreendedores(as) que integram a<\/p>\n","protected":false},"author":2,"featured_media":91018,"comment_status":"open","ping_status":"open","sticky":false,"template":"","format":"standard","meta":{"footnotes":""},"categories":[14,3],"tags":[],"class_list":["post-91016","post","type-post","status-publish","format-standard","has-post-thumbnail","hentry","category-barretos","category-geral"],"yoast_head":"<!-- This site is optimized with the Yoast SEO plugin v27.4 - https:\/\/yoast.com\/product\/yoast-seo-wordpress\/ -->\n<title>ACIB e Sincomercio doam cobertores para o Fundo Social de Solidariedade\u00a0 - Regi\u00e3o News<\/title>\n<meta name=\"robots\" content=\"index, follow, max-snippet:-1, max-image-preview:large, max-video-preview:-1\" \/>\n<link rel=\"canonical\" href=\"https:\/\/regiaonews.net.br\/2022\/2023\/07\/04\/acib-e-sincomercio-doam-cobertores-para-o-fundo-social-de-solidariedade\/\" \/>\n<meta property=\"og:locale\" content=\"pt_BR\" \/>\n<meta property=\"og:type\" content=\"article\" \/>\n<meta property=\"og:title\" content=\"ACIB e Sincomercio doam cobertores para o Fundo Social de Solidariedade\u00a0 - Regi\u00e3o News\" \/>\n<meta property=\"og:description\" content=\"Doa\u00e7\u00f5es foram realizadas pelas empresas e empreendedores(as) que integram a\" \/>\n<meta property=\"og:url\" content=\"https:\/\/regiaonews.net.br\/2022\/2023\/07\/04\/acib-e-sincomercio-doam-cobertores-para-o-fundo-social-de-solidariedade\/\" \/>\n<meta property=\"og:site_name\" content=\"Regi\u00e3o News\" \/>\n<meta property=\"article:published_time\" content=\"2023-07-04T17:42:56+00:00\" \/>\n<meta property=\"og:image\" content=\"https:\/\/regiaonews.net.br\/2022\/wp-content\/uploads\/2023\/07\/Imagem-do-WhatsApp-de-2023-07-04-as-11.21.07.jpg\" \/>\n\t<meta property=\"og:image:width\" content=\"1600\" \/>\n\t<meta property=\"og:image:height\" content=\"1200\" \/>\n\t<meta property=\"og:image:type\" content=\"image\/jpeg\" \/>\n<meta name=\"author\" content=\"Roberto\" \/>\n<meta name=\"twitter:card\" content=\"summary_large_image\" \/>\n<meta name=\"twitter:label1\" content=\"Escrito por\" \/>\n\t<meta name=\"twitter:data1\" content=\"Roberto\" \/>\n\t<meta name=\"twitter:label2\" content=\"Est. tempo de leitura\" \/>\n\t<meta name=\"twitter:data2\" content=\"2 minutos\" \/>\n<script type=\"application\/ld+json\" class=\"yoast-schema-graph\">{\"@context\":\"https:\\\/\\\/schema.org\",\"@graph\":[{\"@type\":\"Article\",\"@id\":\"https:\\\/\\\/regiaonews.net.br\\\/2022\\\/2023\\\/07\\\/04\\\/acib-e-sincomercio-doam-cobertores-para-o-fundo-social-de-solidariedade\\\/#article\",\"isPartOf\":{\"@id\":\"https:\\\/\\\/regiaonews.net.br\\\/2022\\\/2023\\\/07\\\/04\\\/acib-e-sincomercio-doam-cobertores-para-o-fundo-social-de-solidariedade\\\/\"},\"author\":{\"name\":\"Roberto\",\"@id\":\"https:\\\/\\\/regiaonews.net.br\\\/2022\\\/#\\\/schema\\\/person\\\/2d205a608a5aa97ac279d7a5e6d89ad8\"},\"headline\":\"ACIB e Sincomercio doam cobertores para o Fundo Social de Solidariedade\u00a0\",\"datePublished\":\"2023-07-04T17:42:56+00:00\",\"mainEntityOfPage\":{\"@id\":\"https:\\\/\\\/regiaonews.net.br\\\/2022\\\/2023\\\/07\\\/04\\\/acib-e-sincomercio-doam-cobertores-para-o-fundo-social-de-solidariedade\\\/\"},\"wordCount\":257,\"commentCount\":0,\"publisher\":{\"@id\":\"https:\\\/\\\/regiaonews.net.br\\\/2022\\\/#organization\"},\"image\":{\"@id\":\"https:\\\/\\\/regiaonews.net.br\\\/2022\\\/2023\\\/07\\\/04\\\/acib-e-sincomercio-doam-cobertores-para-o-fundo-social-de-solidariedade\\\/#primaryimage\"},\"thumbnailUrl\":\"https:\\\/\\\/regiaonews.net.br\\\/2022\\\/wp-content\\\/uploads\\\/2023\\\/07\\\/Imagem-do-WhatsApp-de-2023-07-04-as-11.21.07.jpg\",\"articleSection\":[\"Barretos\",\"Geral\"],\"inLanguage\":\"pt-BR\",\"potentialAction\":[{\"@type\":\"CommentAction\",\"name\":\"Comment\",\"target\":[\"https:\\\/\\\/regiaonews.net.br\\\/2022\\\/2023\\\/07\\\/04\\\/acib-e-sincomercio-doam-cobertores-para-o-fundo-social-de-solidariedade\\\/#respond\"]}]},{\"@type\":\"WebPage\",\"@id\":\"https:\\\/\\\/regiaonews.net.br\\\/2022\\\/2023\\\/07\\\/04\\\/acib-e-sincomercio-doam-cobertores-para-o-fundo-social-de-solidariedade\\\/\",\"url\":\"https:\\\/\\\/regiaonews.net.br\\\/2022\\\/2023\\\/07\\\/04\\\/acib-e-sincomercio-doam-cobertores-para-o-fundo-social-de-solidariedade\\\/\",\"name\":\"ACIB e Sincomercio doam cobertores para o Fundo Social de Solidariedade\u00a0 - Regi\u00e3o News\",\"isPartOf\":{\"@id\":\"https:\\\/\\\/regiaonews.net.br\\\/2022\\\/#website\"},\"primaryImageOfPage\":{\"@id\":\"https:\\\/\\\/regiaonews.net.br\\\/2022\\\/2023\\\/07\\\/04\\\/acib-e-sincomercio-doam-cobertores-para-o-fundo-social-de-solidariedade\\\/#primaryimage\"},\"image\":{\"@id\":\"https:\\\/\\\/regiaonews.net.br\\\/2022\\\/2023\\\/07\\\/04\\\/acib-e-sincomercio-doam-cobertores-para-o-fundo-social-de-solidariedade\\\/#primaryimage\"},\"thumbnailUrl\":\"https:\\\/\\\/regiaonews.net.br\\\/2022\\\/wp-content\\\/uploads\\\/2023\\\/07\\\/Imagem-do-WhatsApp-de-2023-07-04-as-11.21.07.jpg\",\"datePublished\":\"2023-07-04T17:42:56+00:00\",\"breadcrumb\":{\"@id\":\"https:\\\/\\\/regiaonews.net.br\\\/2022\\\/2023\\\/07\\\/04\\\/acib-e-sincomercio-doam-cobertores-para-o-fundo-social-de-solidariedade\\\/#breadcrumb\"},\"inLanguage\":\"pt-BR\",\"potentialAction\":[{\"@type\":\"ReadAction\",\"target\":[\"https:\\\/\\\/regiaonews.net.br\\\/2022\\\/2023\\\/07\\\/04\\\/acib-e-sincomercio-doam-cobertores-para-o-fundo-social-de-solidariedade\\\/\"]}]},{\"@type\":\"ImageObject\",\"inLanguage\":\"pt-BR\",\"@id\":\"https:\\\/\\\/regiaonews.net.br\\\/2022\\\/2023\\\/07\\\/04\\\/acib-e-sincomercio-doam-cobertores-para-o-fundo-social-de-solidariedade\\\/#primaryimage\",\"url\":\"https:\\\/\\\/regiaonews.net.br\\\/2022\\\/wp-content\\\/uploads\\\/2023\\\/07\\\/Imagem-do-WhatsApp-de-2023-07-04-as-11.21.07.jpg\",\"contentUrl\":\"https:\\\/\\\/regiaonews.net.br\\\/2022\\\/wp-content\\\/uploads\\\/2023\\\/07\\\/Imagem-do-WhatsApp-de-2023-07-04-as-11.21.07.jpg\",\"width\":1600,\"height\":1200},{\"@type\":\"BreadcrumbList\",\"@id\":\"https:\\\/\\\/regiaonews.net.br\\\/2022\\\/2023\\\/07\\\/04\\\/acib-e-sincomercio-doam-cobertores-para-o-fundo-social-de-solidariedade\\\/#breadcrumb\",\"itemListElement\":[{\"@type\":\"ListItem\",\"position\":1,\"name\":\"In\u00edcio\",\"item\":\"https:\\\/\\\/regiaonews.net.br\\\/2022\\\/\"},{\"@type\":\"ListItem\",\"position\":2,\"name\":\"ACIB e Sincomercio doam cobertores para o Fundo Social de Solidariedade\u00a0\"}]},{\"@type\":\"WebSite\",\"@id\":\"https:\\\/\\\/regiaonews.net.br\\\/2022\\\/#website\",\"url\":\"https:\\\/\\\/regiaonews.net.br\\\/2022\\\/\",\"name\":\"Regi\u00e3o News\",\"description\":\"Site de Not\u00edcias de Barretos e regi\u00e3o\",\"publisher\":{\"@id\":\"https:\\\/\\\/regiaonews.net.br\\\/2022\\\/#organization\"},\"potentialAction\":[{\"@type\":\"SearchAction\",\"target\":{\"@type\":\"EntryPoint\",\"urlTemplate\":\"https:\\\/\\\/regiaonews.net.br\\\/2022\\\/?s={search_term_string}\"},\"query-input\":{\"@type\":\"PropertyValueSpecification\",\"valueRequired\":true,\"valueName\":\"search_term_string\"}}],\"inLanguage\":\"pt-BR\"},{\"@type\":\"Organization\",\"@id\":\"https:\\\/\\\/regiaonews.net.br\\\/2022\\\/#organization\",\"name\":\"Regi\u00e3o News\",\"url\":\"https:\\\/\\\/regiaonews.net.br\\\/2022\\\/\",\"logo\":{\"@type\":\"ImageObject\",\"inLanguage\":\"pt-BR\",\"@id\":\"https:\\\/\\\/regiaonews.net.br\\\/2022\\\/#\\\/schema\\\/logo\\\/image\\\/\",\"url\":\"https:\\\/\\\/regiaonews.net.br\\\/2022\\\/wp-content\\\/uploads\\\/2026\\\/03\\\/regiao-13-anos-scaled.jpg\",\"contentUrl\":\"https:\\\/\\\/regiaonews.net.br\\\/2022\\\/wp-content\\\/uploads\\\/2026\\\/03\\\/regiao-13-anos-scaled.jpg\",\"width\":2560,\"height\":635,\"caption\":\"Regi\u00e3o News\"},\"image\":{\"@id\":\"https:\\\/\\\/regiaonews.net.br\\\/2022\\\/#\\\/schema\\\/logo\\\/image\\\/\"}},{\"@type\":\"Person\",\"@id\":\"https:\\\/\\\/regiaonews.net.br\\\/2022\\\/#\\\/schema\\\/person\\\/2d205a608a5aa97ac279d7a5e6d89ad8\",\"name\":\"Roberto\",\"image\":{\"@type\":\"ImageObject\",\"inLanguage\":\"pt-BR\",\"@id\":\"https:\\\/\\\/secure.gravatar.com\\\/avatar\\\/42749d8b712ff9d59ca93dc150494e5b55a44134482993f5baeb97e61b7ecc89?s=96&d=mm&r=g\",\"url\":\"https:\\\/\\\/secure.gravatar.com\\\/avatar\\\/42749d8b712ff9d59ca93dc150494e5b55a44134482993f5baeb97e61b7ecc89?s=96&d=mm&r=g\",\"contentUrl\":\"https:\\\/\\\/secure.gravatar.com\\\/avatar\\\/42749d8b712ff9d59ca93dc150494e5b55a44134482993f5baeb97e61b7ecc89?s=96&d=mm&r=g\",\"caption\":\"Roberto\"},\"url\":\"https:\\\/\\\/regiaonews.net.br\\\/2022\\\/author\\\/roberto\\\/\"}]}<\/script>\n<!-- \/ Yoast SEO plugin. -->","yoast_head_json":{"title":"ACIB e Sincomercio doam cobertores para o Fundo Social de Solidariedade\u00a0 - Regi\u00e3o News","robots":{"index":"index","follow":"follow","max-snippet":"max-snippet:-1","max-image-preview":"max-image-preview:large","max-video-preview":"max-video-preview:-1"},"canonical":"https:\/\/regiaonews.net.br\/2022\/2023\/07\/04\/acib-e-sincomercio-doam-cobertores-para-o-fundo-social-de-solidariedade\/","og_locale":"pt_BR","og_type":"article","og_title":"ACIB e Sincomercio doam cobertores para o Fundo Social de Solidariedade\u00a0 - Regi\u00e3o News","og_description":"Doa\u00e7\u00f5es foram realizadas pelas empresas e empreendedores(as) que integram a","og_url":"https:\/\/regiaonews.net.br\/2022\/2023\/07\/04\/acib-e-sincomercio-doam-cobertores-para-o-fundo-social-de-solidariedade\/","og_site_name":"Regi\u00e3o News","article_published_time":"2023-07-04T17:42:56+00:00","og_image":[{"width":1600,"height":1200,"url":"https:\/\/regiaonews.net.br\/2022\/wp-content\/uploads\/2023\/07\/Imagem-do-WhatsApp-de-2023-07-04-as-11.21.07.jpg","type":"image\/jpeg"}],"author":"Roberto","twitter_card":"summary_large_image","twitter_misc":{"Escrito por":"Roberto","Est. tempo de leitura":"2 minutos"},"schema":{"@context":"https:\/\/schema.org","@graph":[{"@type":"Article","@id":"https:\/\/regiaonews.net.br\/2022\/2023\/07\/04\/acib-e-sincomercio-doam-cobertores-para-o-fundo-social-de-solidariedade\/#article","isPartOf":{"@id":"https:\/\/regiaonews.net.br\/2022\/2023\/07\/04\/acib-e-sincomercio-doam-cobertores-para-o-fundo-social-de-solidariedade\/"},"author":{"name":"Roberto","@id":"https:\/\/regiaonews.net.br\/2022\/#\/schema\/person\/2d205a608a5aa97ac279d7a5e6d89ad8"},"headline":"ACIB e Sincomercio doam cobertores para o Fundo Social de Solidariedade\u00a0","datePublished":"2023-07-04T17:42:56+00:00","mainEntityOfPage":{"@id":"https:\/\/regiaonews.net.br\/2022\/2023\/07\/04\/acib-e-sincomercio-doam-cobertores-para-o-fundo-social-de-solidariedade\/"},"wordCount":257,"commentCount":0,"publisher":{"@id":"https:\/\/regiaonews.net.br\/2022\/#organization"},"image":{"@id":"https:\/\/regiaonews.net.br\/2022\/2023\/07\/04\/acib-e-sincomercio-doam-cobertores-para-o-fundo-social-de-solidariedade\/#primaryimage"},"thumbnailUrl":"https:\/\/regiaonews.net.br\/2022\/wp-content\/uploads\/2023\/07\/Imagem-do-WhatsApp-de-2023-07-04-as-11.21.07.jpg","articleSection":["Barretos","Geral"],"inLanguage":"pt-BR","potentialAction":[{"@type":"CommentAction","name":"Comment","target":["https:\/\/regiaonews.net.br\/2022\/2023\/07\/04\/acib-e-sincomercio-doam-cobertores-para-o-fundo-social-de-solidariedade\/#respond"]}]},{"@type":"WebPage","@id":"https:\/\/regiaonews.net.br\/2022\/2023\/07\/04\/acib-e-sincomercio-doam-cobertores-para-o-fundo-social-de-solidariedade\/","url":"https:\/\/regiaonews.net.br\/2022\/2023\/07\/04\/acib-e-sincomercio-doam-cobertores-para-o-fundo-social-de-solidariedade\/","name":"ACIB e Sincomercio doam cobertores para o Fundo Social de Solidariedade\u00a0 - Regi\u00e3o News","isPartOf":{"@id":"https:\/\/regiaonews.net.br\/2022\/#website"},"primaryImageOfPage":{"@id":"https:\/\/regiaonews.net.br\/2022\/2023\/07\/04\/acib-e-sincomercio-doam-cobertores-para-o-fundo-social-de-solidariedade\/#primaryimage"},"image":{"@id":"https:\/\/regiaonews.net.br\/2022\/2023\/07\/04\/acib-e-sincomercio-doam-cobertores-para-o-fundo-social-de-solidariedade\/#primaryimage"},"thumbnailUrl":"https:\/\/regiaonews.net.br\/2022\/wp-content\/uploads\/2023\/07\/Imagem-do-WhatsApp-de-2023-07-04-as-11.21.07.jpg","datePublished":"2023-07-04T17:42:56+00:00","breadcrumb":{"@id":"https:\/\/regiaonews.net.br\/2022\/2023\/07\/04\/acib-e-sincomercio-doam-cobertores-para-o-fundo-social-de-solidariedade\/#breadcrumb"},"inLanguage":"pt-BR","potentialAction":[{"@type":"ReadAction","target":["https:\/\/regiaonews.net.br\/2022\/2023\/07\/04\/acib-e-sincomercio-doam-cobertores-para-o-fundo-social-de-solidariedade\/"]}]},{"@type":"ImageObject","inLanguage":"pt-BR","@id":"https:\/\/regiaonews.net.br\/2022\/2023\/07\/04\/acib-e-sincomercio-doam-cobertores-para-o-fundo-social-de-solidariedade\/#primaryimage","url":"https:\/\/regiaonews.net.br\/2022\/wp-content\/uploads\/2023\/07\/Imagem-do-WhatsApp-de-2023-07-04-as-11.21.07.jpg","contentUrl":"https:\/\/regiaonews.net.br\/2022\/wp-content\/uploads\/2023\/07\/Imagem-do-WhatsApp-de-2023-07-04-as-11.21.07.jpg","width":1600,"height":1200},{"@type":"BreadcrumbList","@id":"https:\/\/regiaonews.net.br\/2022\/2023\/07\/04\/acib-e-sincomercio-doam-cobertores-para-o-fundo-social-de-solidariedade\/#breadcrumb","itemListElement":[{"@type":"ListItem","position":1,"name":"In\u00edcio","item":"https:\/\/regiaonews.net.br\/2022\/"},{"@type":"ListItem","position":2,"name":"ACIB e Sincomercio doam cobertores para o Fundo Social de Solidariedade\u00a0"}]},{"@type":"WebSite","@id":"https:\/\/regiaonews.net.br\/2022\/#website","url":"https:\/\/regiaonews.net.br\/2022\/","name":"Regi\u00e3o News","description":"Site de Not\u00edcias de Barretos e regi\u00e3o","publisher":{"@id":"https:\/\/regiaonews.net.br\/2022\/#organization"},"potentialAction":[{"@type":"SearchAction","target":{"@type":"EntryPoint","urlTemplate":"https:\/\/regiaonews.net.br\/2022\/?s={search_term_string}"},"query-input":{"@type":"PropertyValueSpecification","valueRequired":true,"valueName":"search_term_string"}}],"inLanguage":"pt-BR"},{"@type":"Organization","@id":"https:\/\/regiaonews.net.br\/2022\/#organization","name":"Regi\u00e3o News","url":"https:\/\/regiaonews.net.br\/2022\/","logo":{"@type":"ImageObject","inLanguage":"pt-BR","@id":"https:\/\/regiaonews.net.br\/2022\/#\/schema\/logo\/image\/","url":"https:\/\/regiaonews.net.br\/2022\/wp-content\/uploads\/2026\/03\/regiao-13-anos-scaled.jpg","contentUrl":"https:\/\/regiaonews.net.br\/2022\/wp-content\/uploads\/2026\/03\/regiao-13-anos-scaled.jpg","width":2560,"height":635,"caption":"Regi\u00e3o News"},"image":{"@id":"https:\/\/regiaonews.net.br\/2022\/#\/schema\/logo\/image\/"}},{"@type":"Person","@id":"https:\/\/regiaonews.net.br\/2022\/#\/schema\/person\/2d205a608a5aa97ac279d7a5e6d89ad8","name":"Roberto","image":{"@type":"ImageObject","inLanguage":"pt-BR","@id":"https:\/\/secure.gravatar.com\/avatar\/42749d8b712ff9d59ca93dc150494e5b55a44134482993f5baeb97e61b7ecc89?s=96&d=mm&r=g","url":"https:\/\/secure.gravatar.com\/avatar\/42749d8b712ff9d59ca93dc150494e5b55a44134482993f5baeb97e61b7ecc89?s=96&d=mm&r=g","contentUrl":"https:\/\/secure.gravatar.com\/avatar\/42749d8b712ff9d59ca93dc150494e5b55a44134482993f5baeb97e61b7ecc89?s=96&d=mm&r=g","caption":"Roberto"},"url":"https:\/\/regiaonews.net.br\/2022\/author\/roberto\/"}]}},"publishpress_future_action":{"enabled":false,"date":"2026-05-03 15:13:45","action":"change-status","newStatus":"draft","terms":[],"taxonomy":"category","extraData":[]},"publishpress_future_workflow_manual_trigger":{"enabledWorkflows":[]},"_links":{"self":[{"href":"https:\/\/regiaonews.net.br\/2022\/wp-json\/wp\/v2\/posts\/91016","targetHints":{"allow":["GET"]}}],"collection":[{"href":"https:\/\/regiaonews.net.br\/2022\/wp-json\/wp\/v2\/posts"}],"about":[{"href":"https:\/\/regiaonews.net.br\/2022\/wp-json\/wp\/v2\/types\/post"}],"author":[{"embeddable":true,"href":"https:\/\/regiaonews.net.br\/2022\/wp-json\/wp\/v2\/users\/2"}],"replies":[{"embeddable":true,"href":"https:\/\/regiaonews.net.br\/2022\/wp-json\/wp\/v2\/comments?post=91016"}],"version-history":[{"count":1,"href":"https:\/\/regiaonews.net.br\/2022\/wp-json\/wp\/v2\/posts\/91016\/revisions"}],"predecessor-version":[{"id":91019,"href":"https:\/\/regiaonews.net.br\/2022\/wp-json\/wp\/v2\/posts\/91016\/revisions\/91019"}],"wp:featuredmedia":[{"embeddable":true,"href":"https:\/\/regiaonews.net.br\/2022\/wp-json\/wp\/v2\/media\/91018"}],"wp:attachment":[{"href":"https:\/\/regiaonews.net.br\/2022\/wp-json\/wp\/v2\/media?parent=91016"}],"wp:term":[{"taxonomy":"category","embeddable":true,"href":"https:\/\/regiaonews.net.br\/2022\/wp-json\/wp\/v2\/categories?post=91016"},{"taxonomy":"post_tag","embeddable":true,"href":"https:\/\/regiaonews.net.br\/2022\/wp-json\/wp\/v2\/tags?post=91016"}],"curies":[{"name":"wp","href":"https:\/\/api.w.org\/{rel}","templated":true}]}}