{"id":91001,"date":"2023-07-03T21:39:40","date_gmt":"2023-07-04T00:39:40","guid":{"rendered":"https:\/\/regiaonews.net.br\/2022\/?p=91001"},"modified":"2023-07-04T21:19:49","modified_gmt":"2023-07-05T00:19:49","slug":"59o-festival-do-folclore-de-olimpia-lanca-cartaz-oficial-e-divulga-programacao-da-festa","status":"publish","type":"post","link":"https:\/\/regiaonews.net.br\/2022\/2023\/07\/03\/59o-festival-do-folclore-de-olimpia-lanca-cartaz-oficial-e-divulga-programacao-da-festa\/","title":{"rendered":"59\u00ba Festival do Folclore de Ol\u00edmpia lan\u00e7a Cartaz Oficial e divulga programa\u00e7\u00e3o da festa"},"content":{"rendered":"<p><a href=\"https:\/\/regiaonews.net.br\/2022\/wp-content\/uploads\/2023\/07\/CARTAZ-59o-FEFOL.png\"><img loading=\"lazy\" decoding=\"async\" class=\"alignnone size-medium wp-image-91002\" src=\"https:\/\/regiaonews.net.br\/2022\/wp-content\/uploads\/2023\/07\/CARTAZ-59o-FEFOL-212x300.png\" alt=\"\" width=\"212\" height=\"300\" srcset=\"https:\/\/regiaonews.net.br\/2022\/wp-content\/uploads\/2023\/07\/CARTAZ-59o-FEFOL-212x300.png 212w, https:\/\/regiaonews.net.br\/2022\/wp-content\/uploads\/2023\/07\/CARTAZ-59o-FEFOL-724x1024.png 724w, https:\/\/regiaonews.net.br\/2022\/wp-content\/uploads\/2023\/07\/CARTAZ-59o-FEFOL-768x1086.png 768w, https:\/\/regiaonews.net.br\/2022\/wp-content\/uploads\/2023\/07\/CARTAZ-59o-FEFOL-1086x1536.png 1086w, https:\/\/regiaonews.net.br\/2022\/wp-content\/uploads\/2023\/07\/CARTAZ-59o-FEFOL-1448x2048.png 1448w, https:\/\/regiaonews.net.br\/2022\/wp-content\/uploads\/2023\/07\/CARTAZ-59o-FEFOL-250x354.png 250w\" sizes=\"auto, (max-width: 212px) 100vw, 212px\" \/><\/a><\/p>\n<p><span style=\"font-family: arial,sans-serif;\">Faltando cerca de um m\u00eas para o 59\u00ba do Festival do Folclore da Est\u00e2ncia Tur\u00edstica de Ol\u00edmpia, a Comiss\u00e3o Organizadora acaba de lan\u00e7ar o Cartaz Oficial da festa e divulgar novidades sobre a edi\u00e7\u00e3o deste ano, entre elas a programa\u00e7\u00e3o dos nove dias de evento, entre 05 e 13 de agosto de 2023.<\/span><\/p>\n<p><span style=\"font-family: arial,sans-serif;\">O lan\u00e7amento foi realizado na manh\u00e3 desta segunda-feira (03), no Museu de Hist\u00f3ria e Folclore \u201cMaria Ol\u00edmpia\u201d. Sob um clima de grande expectativa e emo\u00e7\u00e3o, autoridades, membros da Comiss\u00e3o Executiva, colaboradores, apoiadores, convidados e imprensa local e regional acompanharam em primeira m\u00e3o a divulga\u00e7\u00e3o da nova identidade visual elaborada para o Fefol.<\/span><\/p>\n<p><span style=\"font-family: arial,sans-serif;\">O material traz como ilustra\u00e7\u00e3o principal o Grupo Parafusos, de Lagarto \u2013 Sergipe, homenageado desta edi\u00e7\u00e3o, que preserva mais de 125 anos de hist\u00f3ria e \u00e9 considerada a \u00fanica manifesta\u00e7\u00e3o cultural do g\u00eanero no Brasil.\u00a0O desenho do cartaz \u00e9 uma obra do talentoso artista olimpiense Z\u00e9 Ot\u00e1vio.<\/span><\/p>\n<p><span style=\"font-family: arial,sans-serif;\">Com o tema \u201cTradi\u00e7\u00e3o em Movimento\u201d, o 59\u00ba FEFOL busca evidenciar que o Festival do Folclore de Ol\u00edmpia \u00e9 um evento tradicional, com d\u00e9cadas de exist\u00eancia e mem\u00f3rias preservadas, mas tamb\u00e9m procura se reinventar, acompanhando o passar do tempo, em busca de despertar o olhar das novas gera\u00e7\u00f5es para manter sempre viva a cultura popular brasileira. Movimento tamb\u00e9m vivenciado atrav\u00e9s dos ritmos e dan\u00e7as populares de todo o Brasil, a exemplo do rodopio dos Parafusos, que celebram em sua dan\u00e7a a tradi\u00e7\u00e3o de seus antecessores africanos, na \u00e9poca da escravid\u00e3o. Elementos que, junto com a flor A\u00e7ucena, s\u00edmbolo do Jubileu deste ano, se fazem presentes e serviram de inspira\u00e7\u00e3o na composi\u00e7\u00e3o do cartaz do 59\u00ba Festival do Folclore de Ol\u00edmpia.<\/span><\/p>\n<p><span style=\"font-family: arial,sans-serif;\">\u201cO 59\u00ba Fefol come\u00e7ou a ser organizado logo que se encerrou a 58\u00aa edi\u00e7\u00e3o e somos orientados pelo prefeito para, a cada ano, pensarmos, modernizarmos, valorizarmos o nosso \u201cfazer cultura\u201d em Ol\u00edmpia. Abrimos um edital de inscri\u00e7\u00f5es, que registrou 80 grupos inscritos e foi \u00e1rdua a miss\u00e3o de selecionar os que vir\u00e3o porque sabemos que muitos se mant\u00eam s\u00f3 para apresentar aqui em nosso festival. Primamos em trazer os que j\u00e1 tem um v\u00ednculo umbilical com a festa, respeitando o legado do Professor Jos\u00e9 Sant\u2019anna, e tamb\u00e9m dar a oportunidade para novos grupos e, assim, teremos 12 in\u00e9ditos. Al\u00e9m disso, este ano tamb\u00e9m pudemos fazer um invent\u00e1rio dos grupos de Ol\u00edmpia, que s\u00e3o a identidade cultural de nossa cidade, sabendo quantos s\u00e3o, onde est\u00e3o e, assim,\u00a0proporcionaremos mais recursos para que eles possam se manter e investir em suas apresenta\u00e7\u00f5es\u201d, disse a secret\u00e1ria de Turismo e Cultura, Priscila Foresti.<\/span><\/p>\n<p><span style=\"font-family: arial,sans-serif;\">\u201cO processo de organizar essa festa emociona todos n\u00f3s pelo que o festival representa e a nossa programa\u00e7\u00e3o n\u00e3o est\u00e1 s\u00f3 recheada de emo\u00e7\u00e3o e conte\u00fado, mas de muito aprendizado. N\u00f3s queremos que essa edi\u00e7\u00e3o seja singular, mas, principalmente, uma edi\u00e7\u00e3o em que a tradi\u00e7\u00e3o continue o seu movimento, que movimente as nossas emo\u00e7\u00f5es, a nossa educa\u00e7\u00e3o, a nossa cidade, o nosso Estado, o nosso pa\u00eds\u201d, completou a secret\u00e1ria que tamb\u00e9m \u00e9 presidente da Comiss\u00e3o Organizadora.<\/span><\/p>\n<p><span style=\"font-family: arial,sans-serif;\">O evento de lan\u00e7amento foi abrilhantado ainda por uma apresenta\u00e7\u00e3o especial dos alunos da EMEB Professora Irma Tereza Soares, com a Dan\u00e7a dos Parafusos, em refer\u00eancia ao grupo homenageado, que encantou e alegrou o p\u00fablico, represetando uma pequena mostra de todo o importante trabalho da rede municipal de ensino acerca do folclore. A emo\u00e7\u00e3o tamb\u00e9m se fez presente com a interpreta\u00e7\u00e3o da m\u00fasica \u201cOrgulho Paulista\u201d, pelos m\u00fasicos do GODAP em parceria com a Cia de Reis Visitantes de Bel\u00e9m, promovendo a integra\u00e7\u00e3o entre os grupos olimpienses. A can\u00e7\u00e3o, que \u00e9 uma chancela do GODAP em seus espet\u00e1culos, tem letra de M\u00e1rcio Diniz e apoio do saudoso Tony Boy, ambos m\u00fasicos do grupo.<\/span><\/p>\n<p><span style=\"font-family: arial,sans-serif;\">\u201cZelando pelo compromisso que Ol\u00edmpia sustenta enquanto Capital Nacional do Folclore, n\u00f3s temos o culto da cultura popular dentro das nossas escolas, como vimos essa pequena mostra maravilhosa hoje, e isso \u00e9 \u00fanico. Este ano, teremos o Sergipe como homenageado com o Grupo Folcl\u00f3rico Parafusos e, todos os anos, buscamos referendar um estado porque n\u00f3s temos certeza que isso d\u00e1 orgulho para quem \u00e9 escolhido. Isso \u00e9 um ensinamento que o Professor Sant\u2019anna, a Dona Cidinha e outros nos passaram, o fato de que os grupos folcl\u00f3ricos aut\u00eanticos s\u00e3o a ess\u00eancia do nosso festival, s\u00e3o o gen\u00f3tipo, e n\u00f3s temos junto com eles o fen\u00f3tipo, que s\u00e3o os grupos parafolcl\u00f3ricos que transformam a linguagem da cultura mais atual, complementando essa confraterniza\u00e7\u00e3o da cultura e das gera\u00e7\u00f5es\u201d, destacou o prefeito Fernando Cunha.<\/span><\/p>\n<p><span style=\"font-family: arial,sans-serif;\">\u201cQualquer dia do festival que o p\u00fablico assistir, os grupos trazem diferentes ritmos, dan\u00e7as, cores, saindo de um estado do Nordeste para um do Sul e parece que estamos em outro pa\u00eds, mostrando a riqueza da nossa diversidade. Para mim, enquanto prefeito, \u00e9 uma satisfa\u00e7\u00e3o enorme poder participar dessa revaloriza\u00e7\u00e3o do festival e, como dizia o Professor Wad\u00e3o, cabe o mundo inteiro no balaio brasileiro que \u00e9 o Festival do Folclore\u201d, acrescentou.<\/span><\/p>\n<p><span style=\"font-family: arial,sans-serif;\">Juntamente com o cartaz, o ato simb\u00f3lico apresentou ainda a m\u00fasica-tema da edi\u00e7\u00e3o deste ano \u201cFefol aqui outra vez\u201d, composi\u00e7\u00e3o da professora Ta\u00edse Renata da Cruz, com arranjo e produ\u00e7\u00e3o musical de Jo\u00e3o Carlos Rocha (Rochinha), e interpretada pelo artista Pedro Henrique de Andrade, que faz parte do espet\u00e1culo de abertura que est\u00e1 sendo preparado pela secretaria de Educa\u00e7\u00e3o. Al\u00e9m disso, a programa\u00e7\u00e3o oficial da festa foi divulgada e j\u00e1 est\u00e1 dispon\u00edvel nos canais oficiais do Festival, com diversas atividades gratuitas durante o dia e \u00e0 noite.<\/span><\/p>\n<p><span style=\"font-family: arial,sans-serif;\">Tamb\u00e9m estiveram presentes na cerim\u00f4nia o presidente da C\u00e2mara, vereador Sargento Barrera, a Vice-Presidente da Comiss\u00e3o Executiva do 59\u00ba FEFOL, Professora Cidinha Manzolli, a secret\u00e1ria municipal de Educa\u00e7\u00e3o, Maria Cl\u00e1udia Padilha, a presidente da Associa\u00e7\u00e3o Ol\u00edmpia para Todos, principal parceira cultural do evento, Clarissa Rossi, o Gerente de Rela\u00e7\u00f5es Institucionais da Tereos, maior patrocinadora da edi\u00e7\u00e3o deste ano, Douglas Souza, secret\u00e1rios municipais, membros da comiss\u00e3o, colaboradores, sociedade civil e imprensa local e regional.<\/span><\/p>\n<p><b><span style=\"font-family: arial,sans-serif;\">NOVAS EXPOSI\u00c7\u00d5ES<\/span><\/b><\/p>\n<p><span style=\"font-family: arial,sans-serif;\">Aproveitando o clima cultural, a secretaria de Turismo e Cultura abriu ainda duas novas mostras nas salas expositivas do Museu de Hist\u00f3ria e Folclore. A primeira delas \u201cViva S\u00e3o Jo\u00e3o! Ol\u00edmpia e os festejos juninos\u201d faz um passeio pela hist\u00f3ria das festas t\u00edpicas do m\u00eas de junho e a tradi\u00e7\u00e3o dos santos protetores \u2013 Santo Ant\u00f4nio, S\u00e3o Jo\u00e3o e S\u00e3o Pedro. A outra mostra \u201cRoda, Roda, Parafuso no Fefol: Sergipe nos encantando\u201d traz elementos em refer\u00eancia ao grupo homenageado do 59\u00ba FEFOL e a cultura que representam. O Museu de Hist\u00f3ria e Folclore funciona de segunda a sexta, das 09h \u00e0s 21 horas, e aos s\u00e1bados, domingos e feriados, das 15h \u00e0s 21 horas, com visita\u00e7\u00e3o gratuita.<\/span><\/p>\n<p><span style=\"font-family: arial,sans-serif;\">O Festival do Folclore de Ol\u00edmpia \u00e9 uma realiza\u00e7\u00e3o da Prefeitura, por meio da secretaria de Turismo e Cultura, com apoio do projeto do Governo do Estado &#8211; ProAC, via Grupo Tereos, da Associa\u00e7\u00e3o Ol\u00edmpia para Todos, apoio institucional da TV Tem e do Portal\u00a0<a title=\"Protegido pelo Outlook: http:\/\/temmais.com\/. Clique ou toque para seguir o link.\" href=\"https:\/\/na01.safelinks.protection.outlook.com\/?url=http%3A%2F%2Ftemmais.com%2F&amp;data=05%7C01%7C%7Cf4a6e94902364681d59408db7c23b312%7C84df9e7fe9f640afb435aaaaaaaaaaaa%7C1%7C0%7C638240265778305403%7CUnknown%7CTWFpbGZsb3d8eyJWIjoiMC4wLjAwMDAiLCJQIjoiV2luMzIiLCJBTiI6Ik1haWwiLCJXVCI6Mn0%3D%7C3000%7C%7C%7C&amp;sdata=LiipgGxuoOKpE8vYlYiTgykPD2IF5zMleudqSgEqhoU%3D&amp;reserved=0\" target=\"_blank\" rel=\"noopener noreferrer\" data-auth=\"Verified\" data-linkindex=\"0\">temmais.com<\/a>\u00a0e patroc\u00ednio de empresas olimpienses.<\/span><\/p>\n<p><span style=\"font-family: arial,sans-serif;\">\u00a0<\/span><\/p>\n<p><b><span style=\"font-family: arial,sans-serif;\">MAIS INFORMA\u00c7\u00d5ES<\/span><\/b><\/p>\n<p><span style=\"font-family: arial,sans-serif;\"><a title=\"Protegido pelo Outlook: http:\/\/www.folcloreolimpia.com.br\/. Clique ou toque para seguir o link.\" href=\"https:\/\/na01.safelinks.protection.outlook.com\/?url=http%3A%2F%2Fwww.folcloreolimpia.com.br%2F&amp;data=05%7C01%7C%7Cf4a6e94902364681d59408db7c23b312%7C84df9e7fe9f640afb435aaaaaaaaaaaa%7C1%7C0%7C638240265778305403%7CUnknown%7CTWFpbGZsb3d8eyJWIjoiMC4wLjAwMDAiLCJQIjoiV2luMzIiLCJBTiI6Ik1haWwiLCJXVCI6Mn0%3D%7C3000%7C%7C%7C&amp;sdata=N9cfi2eAdC3d5KMOswxmiPrlG05LGJr4d0eCb07D2Mg%3D&amp;reserved=0\" target=\"_blank\" rel=\"noopener noreferrer\" data-auth=\"Verified\" data-linkindex=\"1\">http:\/\/www.folcloreolimpia.com.br<\/a>\u00a0\u00a0\u00a0\u00a0\u2002<\/span><\/p>\n<p><span style=\"font-family: arial,sans-serif;\"><a title=\"Protegido pelo Outlook: http:\/\/www.facebook.com\/folcloreolimpiaoficial. Clique ou toque para seguir o link.\" href=\"https:\/\/na01.safelinks.protection.outlook.com\/?url=http%3A%2F%2Fwww.facebook.com%2Ffolcloreolimpiaoficial&amp;data=05%7C01%7C%7Cf4a6e94902364681d59408db7c23b312%7C84df9e7fe9f640afb435aaaaaaaaaaaa%7C1%7C0%7C638240265778305403%7CUnknown%7CTWFpbGZsb3d8eyJWIjoiMC4wLjAwMDAiLCJQIjoiV2luMzIiLCJBTiI6Ik1haWwiLCJXVCI6Mn0%3D%7C3000%7C%7C%7C&amp;sdata=SrMsMe%2FOKo3Z5yd%2FaD1CJDv5exv%2F9BoKkFkKBvKaExI%3D&amp;reserved=0\" target=\"_blank\" rel=\"noopener noreferrer\" data-auth=\"Verified\" data-linkindex=\"2\">http:\/\/www.facebook.com\/folcloreolimpiaoficial<\/a><\/span><\/p>\n<p><span style=\"font-family: arial,sans-serif;\"><a title=\"Protegido pelo Outlook: http:\/\/www.instagram.com\/fefoloficial. Clique ou toque para seguir o link.\" href=\"https:\/\/na01.safelinks.protection.outlook.com\/?url=http%3A%2F%2Fwww.instagram.com%2Ffefoloficial&amp;data=05%7C01%7C%7Cf4a6e94902364681d59408db7c23b312%7C84df9e7fe9f640afb435aaaaaaaaaaaa%7C1%7C0%7C638240265778305403%7CUnknown%7CTWFpbGZsb3d8eyJWIjoiMC4wLjAwMDAiLCJQIjoiV2luMzIiLCJBTiI6Ik1haWwiLCJXVCI6Mn0%3D%7C3000%7C%7C%7C&amp;sdata=mokdeIAmofYG3hWaUgrCg3S8O5l4dY%2FBCCI8109dX48%3D&amp;reserved=0\" target=\"_blank\" rel=\"noopener noreferrer\" data-auth=\"Verified\" data-linkindex=\"3\">http:\/\/www.instagram.com\/fefoloficial<\/a><\/span><\/p>\n<p><span style=\"font-family: arial,sans-serif;\"><a title=\"Protegido pelo Outlook: https:\/\/www.youtube.com\/c\/FolcloreOl%C3%ADmpia. Clique ou toque para seguir o link.\" href=\"https:\/\/na01.safelinks.protection.outlook.com\/?url=https%3A%2F%2Fwww.youtube.com%2Fc%2FFolcloreOl%25C3%25ADmpia&amp;data=05%7C01%7C%7Cf4a6e94902364681d59408db7c23b312%7C84df9e7fe9f640afb435aaaaaaaaaaaa%7C1%7C0%7C638240265778305403%7CUnknown%7CTWFpbGZsb3d8eyJWIjoiMC4wLjAwMDAiLCJQIjoiV2luMzIiLCJBTiI6Ik1haWwiLCJXVCI6Mn0%3D%7C3000%7C%7C%7C&amp;sdata=FXgPcVrE0bn4Vy8P0fk1HHxCrUvV0ptskCz4SORixkI%3D&amp;reserved=0\" target=\"_blank\" rel=\"noopener noreferrer\" data-auth=\"Verified\" data-linkindex=\"4\">https:\/\/www.youtube.com\/c\/FolcloreOl\u00edmpia<\/a><\/span><\/p>\n","protected":false},"excerpt":{"rendered":"<p>Faltando cerca de um m\u00eas para o 59\u00ba do Festival<\/p>\n","protected":false},"author":2,"featured_media":91003,"comment_status":"open","ping_status":"open","sticky":false,"template":"","format":"standard","meta":{"footnotes":""},"categories":[28],"tags":[],"class_list":["post-91001","post","type-post","status-publish","format-standard","has-post-thumbnail","hentry","category-olimpia-olimpia"],"yoast_head":"<!-- This site is optimized with the Yoast SEO plugin v27.4 - https:\/\/yoast.com\/product\/yoast-seo-wordpress\/ -->\n<title>59\u00ba Festival do Folclore de Ol\u00edmpia lan\u00e7a Cartaz Oficial e divulga programa\u00e7\u00e3o da festa - Regi\u00e3o News<\/title>\n<meta name=\"description\" content=\"59\u00ba Festival do Folclore de Ol\u00edmpia lan\u00e7a Cartaz Oficial. O lan\u00e7amento foi realizado no Museu de Hist\u00f3ria e Folclore.\" \/>\n<meta name=\"robots\" content=\"index, follow, max-snippet:-1, max-image-preview:large, max-video-preview:-1\" \/>\n<link rel=\"canonical\" href=\"https:\/\/regiaonews.net.br\/2022\/2023\/07\/03\/59o-festival-do-folclore-de-olimpia-lanca-cartaz-oficial-e-divulga-programacao-da-festa\/\" \/>\n<meta property=\"og:locale\" content=\"pt_BR\" \/>\n<meta property=\"og:type\" content=\"article\" \/>\n<meta property=\"og:title\" content=\"59\u00ba Festival do Folclore de Ol\u00edmpia lan\u00e7a Cartaz Oficial e divulga programa\u00e7\u00e3o da festa - Regi\u00e3o News\" \/>\n<meta property=\"og:description\" content=\"59\u00ba Festival do Folclore de Ol\u00edmpia lan\u00e7a Cartaz Oficial. O lan\u00e7amento foi realizado no Museu de Hist\u00f3ria e Folclore.\" \/>\n<meta property=\"og:url\" content=\"https:\/\/regiaonews.net.br\/2022\/2023\/07\/03\/59o-festival-do-folclore-de-olimpia-lanca-cartaz-oficial-e-divulga-programacao-da-festa\/\" \/>\n<meta property=\"og:site_name\" content=\"Regi\u00e3o News\" \/>\n<meta property=\"article:published_time\" content=\"2023-07-04T00:39:40+00:00\" \/>\n<meta property=\"article:modified_time\" content=\"2023-07-05T00:19:49+00:00\" \/>\n<meta property=\"og:image\" content=\"https:\/\/regiaonews.net.br\/2022\/wp-content\/uploads\/2023\/07\/Lancamento-Cartaz-59o-FEFOL-1-scaled.jpg\" \/>\n\t<meta property=\"og:image:width\" content=\"2560\" \/>\n\t<meta property=\"og:image:height\" content=\"1528\" \/>\n\t<meta property=\"og:image:type\" content=\"image\/jpeg\" \/>\n<meta name=\"author\" content=\"Roberto\" \/>\n<meta name=\"twitter:card\" content=\"summary_large_image\" \/>\n<meta name=\"twitter:label1\" content=\"Escrito por\" \/>\n\t<meta name=\"twitter:data1\" content=\"Roberto\" \/>\n\t<meta name=\"twitter:label2\" content=\"Est. tempo de leitura\" \/>\n\t<meta name=\"twitter:data2\" content=\"7 minutos\" \/>\n<script type=\"application\/ld+json\" class=\"yoast-schema-graph\">{\"@context\":\"https:\\\/\\\/schema.org\",\"@graph\":[{\"@type\":\"Article\",\"@id\":\"https:\\\/\\\/regiaonews.net.br\\\/2022\\\/2023\\\/07\\\/03\\\/59o-festival-do-folclore-de-olimpia-lanca-cartaz-oficial-e-divulga-programacao-da-festa\\\/#article\",\"isPartOf\":{\"@id\":\"https:\\\/\\\/regiaonews.net.br\\\/2022\\\/2023\\\/07\\\/03\\\/59o-festival-do-folclore-de-olimpia-lanca-cartaz-oficial-e-divulga-programacao-da-festa\\\/\"},\"author\":{\"name\":\"Roberto\",\"@id\":\"https:\\\/\\\/regiaonews.net.br\\\/2022\\\/#\\\/schema\\\/person\\\/2d205a608a5aa97ac279d7a5e6d89ad8\"},\"headline\":\"59\u00ba Festival do Folclore de Ol\u00edmpia lan\u00e7a Cartaz Oficial e divulga programa\u00e7\u00e3o da festa\",\"datePublished\":\"2023-07-04T00:39:40+00:00\",\"dateModified\":\"2023-07-05T00:19:49+00:00\",\"mainEntityOfPage\":{\"@id\":\"https:\\\/\\\/regiaonews.net.br\\\/2022\\\/2023\\\/07\\\/03\\\/59o-festival-do-folclore-de-olimpia-lanca-cartaz-oficial-e-divulga-programacao-da-festa\\\/\"},\"wordCount\":1315,\"commentCount\":0,\"publisher\":{\"@id\":\"https:\\\/\\\/regiaonews.net.br\\\/2022\\\/#organization\"},\"image\":{\"@id\":\"https:\\\/\\\/regiaonews.net.br\\\/2022\\\/2023\\\/07\\\/03\\\/59o-festival-do-folclore-de-olimpia-lanca-cartaz-oficial-e-divulga-programacao-da-festa\\\/#primaryimage\"},\"thumbnailUrl\":\"https:\\\/\\\/regiaonews.net.br\\\/2022\\\/wp-content\\\/uploads\\\/2023\\\/07\\\/Lancamento-Cartaz-59o-FEFOL-1-scaled.jpg\",\"articleSection\":[\"Olimpia\"],\"inLanguage\":\"pt-BR\",\"potentialAction\":[{\"@type\":\"CommentAction\",\"name\":\"Comment\",\"target\":[\"https:\\\/\\\/regiaonews.net.br\\\/2022\\\/2023\\\/07\\\/03\\\/59o-festival-do-folclore-de-olimpia-lanca-cartaz-oficial-e-divulga-programacao-da-festa\\\/#respond\"]}]},{\"@type\":\"WebPage\",\"@id\":\"https:\\\/\\\/regiaonews.net.br\\\/2022\\\/2023\\\/07\\\/03\\\/59o-festival-do-folclore-de-olimpia-lanca-cartaz-oficial-e-divulga-programacao-da-festa\\\/\",\"url\":\"https:\\\/\\\/regiaonews.net.br\\\/2022\\\/2023\\\/07\\\/03\\\/59o-festival-do-folclore-de-olimpia-lanca-cartaz-oficial-e-divulga-programacao-da-festa\\\/\",\"name\":\"59\u00ba Festival do Folclore de Ol\u00edmpia lan\u00e7a Cartaz Oficial e divulga programa\u00e7\u00e3o da festa - Regi\u00e3o News\",\"isPartOf\":{\"@id\":\"https:\\\/\\\/regiaonews.net.br\\\/2022\\\/#website\"},\"primaryImageOfPage\":{\"@id\":\"https:\\\/\\\/regiaonews.net.br\\\/2022\\\/2023\\\/07\\\/03\\\/59o-festival-do-folclore-de-olimpia-lanca-cartaz-oficial-e-divulga-programacao-da-festa\\\/#primaryimage\"},\"image\":{\"@id\":\"https:\\\/\\\/regiaonews.net.br\\\/2022\\\/2023\\\/07\\\/03\\\/59o-festival-do-folclore-de-olimpia-lanca-cartaz-oficial-e-divulga-programacao-da-festa\\\/#primaryimage\"},\"thumbnailUrl\":\"https:\\\/\\\/regiaonews.net.br\\\/2022\\\/wp-content\\\/uploads\\\/2023\\\/07\\\/Lancamento-Cartaz-59o-FEFOL-1-scaled.jpg\",\"datePublished\":\"2023-07-04T00:39:40+00:00\",\"dateModified\":\"2023-07-05T00:19:49+00:00\",\"description\":\"59\u00ba Festival do Folclore de Ol\u00edmpia lan\u00e7a Cartaz Oficial. O lan\u00e7amento foi realizado no Museu de Hist\u00f3ria e Folclore.\",\"breadcrumb\":{\"@id\":\"https:\\\/\\\/regiaonews.net.br\\\/2022\\\/2023\\\/07\\\/03\\\/59o-festival-do-folclore-de-olimpia-lanca-cartaz-oficial-e-divulga-programacao-da-festa\\\/#breadcrumb\"},\"inLanguage\":\"pt-BR\",\"potentialAction\":[{\"@type\":\"ReadAction\",\"target\":[\"https:\\\/\\\/regiaonews.net.br\\\/2022\\\/2023\\\/07\\\/03\\\/59o-festival-do-folclore-de-olimpia-lanca-cartaz-oficial-e-divulga-programacao-da-festa\\\/\"]}]},{\"@type\":\"ImageObject\",\"inLanguage\":\"pt-BR\",\"@id\":\"https:\\\/\\\/regiaonews.net.br\\\/2022\\\/2023\\\/07\\\/03\\\/59o-festival-do-folclore-de-olimpia-lanca-cartaz-oficial-e-divulga-programacao-da-festa\\\/#primaryimage\",\"url\":\"https:\\\/\\\/regiaonews.net.br\\\/2022\\\/wp-content\\\/uploads\\\/2023\\\/07\\\/Lancamento-Cartaz-59o-FEFOL-1-scaled.jpg\",\"contentUrl\":\"https:\\\/\\\/regiaonews.net.br\\\/2022\\\/wp-content\\\/uploads\\\/2023\\\/07\\\/Lancamento-Cartaz-59o-FEFOL-1-scaled.jpg\",\"width\":2560,\"height\":1528},{\"@type\":\"BreadcrumbList\",\"@id\":\"https:\\\/\\\/regiaonews.net.br\\\/2022\\\/2023\\\/07\\\/03\\\/59o-festival-do-folclore-de-olimpia-lanca-cartaz-oficial-e-divulga-programacao-da-festa\\\/#breadcrumb\",\"itemListElement\":[{\"@type\":\"ListItem\",\"position\":1,\"name\":\"In\u00edcio\",\"item\":\"https:\\\/\\\/regiaonews.net.br\\\/2022\\\/\"},{\"@type\":\"ListItem\",\"position\":2,\"name\":\"59\u00ba Festival do Folclore de Ol\u00edmpia lan\u00e7a Cartaz Oficial e divulga programa\u00e7\u00e3o da festa\"}]},{\"@type\":\"WebSite\",\"@id\":\"https:\\\/\\\/regiaonews.net.br\\\/2022\\\/#website\",\"url\":\"https:\\\/\\\/regiaonews.net.br\\\/2022\\\/\",\"name\":\"Regi\u00e3o News\",\"description\":\"Site de Not\u00edcias de Barretos e regi\u00e3o\",\"publisher\":{\"@id\":\"https:\\\/\\\/regiaonews.net.br\\\/2022\\\/#organization\"},\"potentialAction\":[{\"@type\":\"SearchAction\",\"target\":{\"@type\":\"EntryPoint\",\"urlTemplate\":\"https:\\\/\\\/regiaonews.net.br\\\/2022\\\/?s={search_term_string}\"},\"query-input\":{\"@type\":\"PropertyValueSpecification\",\"valueRequired\":true,\"valueName\":\"search_term_string\"}}],\"inLanguage\":\"pt-BR\"},{\"@type\":\"Organization\",\"@id\":\"https:\\\/\\\/regiaonews.net.br\\\/2022\\\/#organization\",\"name\":\"Regi\u00e3o News\",\"url\":\"https:\\\/\\\/regiaonews.net.br\\\/2022\\\/\",\"logo\":{\"@type\":\"ImageObject\",\"inLanguage\":\"pt-BR\",\"@id\":\"https:\\\/\\\/regiaonews.net.br\\\/2022\\\/#\\\/schema\\\/logo\\\/image\\\/\",\"url\":\"https:\\\/\\\/regiaonews.net.br\\\/2022\\\/wp-content\\\/uploads\\\/2026\\\/03\\\/regiao-13-anos-scaled.jpg\",\"contentUrl\":\"https:\\\/\\\/regiaonews.net.br\\\/2022\\\/wp-content\\\/uploads\\\/2026\\\/03\\\/regiao-13-anos-scaled.jpg\",\"width\":2560,\"height\":635,\"caption\":\"Regi\u00e3o News\"},\"image\":{\"@id\":\"https:\\\/\\\/regiaonews.net.br\\\/2022\\\/#\\\/schema\\\/logo\\\/image\\\/\"}},{\"@type\":\"Person\",\"@id\":\"https:\\\/\\\/regiaonews.net.br\\\/2022\\\/#\\\/schema\\\/person\\\/2d205a608a5aa97ac279d7a5e6d89ad8\",\"name\":\"Roberto\",\"image\":{\"@type\":\"ImageObject\",\"inLanguage\":\"pt-BR\",\"@id\":\"https:\\\/\\\/secure.gravatar.com\\\/avatar\\\/42749d8b712ff9d59ca93dc150494e5b55a44134482993f5baeb97e61b7ecc89?s=96&d=mm&r=g\",\"url\":\"https:\\\/\\\/secure.gravatar.com\\\/avatar\\\/42749d8b712ff9d59ca93dc150494e5b55a44134482993f5baeb97e61b7ecc89?s=96&d=mm&r=g\",\"contentUrl\":\"https:\\\/\\\/secure.gravatar.com\\\/avatar\\\/42749d8b712ff9d59ca93dc150494e5b55a44134482993f5baeb97e61b7ecc89?s=96&d=mm&r=g\",\"caption\":\"Roberto\"},\"url\":\"https:\\\/\\\/regiaonews.net.br\\\/2022\\\/author\\\/roberto\\\/\"}]}<\/script>\n<!-- \/ Yoast SEO plugin. -->","yoast_head_json":{"title":"59\u00ba Festival do Folclore de Ol\u00edmpia lan\u00e7a Cartaz Oficial e divulga programa\u00e7\u00e3o da festa - Regi\u00e3o News","description":"59\u00ba Festival do Folclore de Ol\u00edmpia lan\u00e7a Cartaz Oficial. O lan\u00e7amento foi realizado no Museu de Hist\u00f3ria e Folclore.","robots":{"index":"index","follow":"follow","max-snippet":"max-snippet:-1","max-image-preview":"max-image-preview:large","max-video-preview":"max-video-preview:-1"},"canonical":"https:\/\/regiaonews.net.br\/2022\/2023\/07\/03\/59o-festival-do-folclore-de-olimpia-lanca-cartaz-oficial-e-divulga-programacao-da-festa\/","og_locale":"pt_BR","og_type":"article","og_title":"59\u00ba Festival do Folclore de Ol\u00edmpia lan\u00e7a Cartaz Oficial e divulga programa\u00e7\u00e3o da festa - Regi\u00e3o News","og_description":"59\u00ba Festival do Folclore de Ol\u00edmpia lan\u00e7a Cartaz Oficial. O lan\u00e7amento foi realizado no Museu de Hist\u00f3ria e Folclore.","og_url":"https:\/\/regiaonews.net.br\/2022\/2023\/07\/03\/59o-festival-do-folclore-de-olimpia-lanca-cartaz-oficial-e-divulga-programacao-da-festa\/","og_site_name":"Regi\u00e3o News","article_published_time":"2023-07-04T00:39:40+00:00","article_modified_time":"2023-07-05T00:19:49+00:00","og_image":[{"width":2560,"height":1528,"url":"https:\/\/regiaonews.net.br\/2022\/wp-content\/uploads\/2023\/07\/Lancamento-Cartaz-59o-FEFOL-1-scaled.jpg","type":"image\/jpeg"}],"author":"Roberto","twitter_card":"summary_large_image","twitter_misc":{"Escrito por":"Roberto","Est. tempo de leitura":"7 minutos"},"schema":{"@context":"https:\/\/schema.org","@graph":[{"@type":"Article","@id":"https:\/\/regiaonews.net.br\/2022\/2023\/07\/03\/59o-festival-do-folclore-de-olimpia-lanca-cartaz-oficial-e-divulga-programacao-da-festa\/#article","isPartOf":{"@id":"https:\/\/regiaonews.net.br\/2022\/2023\/07\/03\/59o-festival-do-folclore-de-olimpia-lanca-cartaz-oficial-e-divulga-programacao-da-festa\/"},"author":{"name":"Roberto","@id":"https:\/\/regiaonews.net.br\/2022\/#\/schema\/person\/2d205a608a5aa97ac279d7a5e6d89ad8"},"headline":"59\u00ba Festival do Folclore de Ol\u00edmpia lan\u00e7a Cartaz Oficial e divulga programa\u00e7\u00e3o da festa","datePublished":"2023-07-04T00:39:40+00:00","dateModified":"2023-07-05T00:19:49+00:00","mainEntityOfPage":{"@id":"https:\/\/regiaonews.net.br\/2022\/2023\/07\/03\/59o-festival-do-folclore-de-olimpia-lanca-cartaz-oficial-e-divulga-programacao-da-festa\/"},"wordCount":1315,"commentCount":0,"publisher":{"@id":"https:\/\/regiaonews.net.br\/2022\/#organization"},"image":{"@id":"https:\/\/regiaonews.net.br\/2022\/2023\/07\/03\/59o-festival-do-folclore-de-olimpia-lanca-cartaz-oficial-e-divulga-programacao-da-festa\/#primaryimage"},"thumbnailUrl":"https:\/\/regiaonews.net.br\/2022\/wp-content\/uploads\/2023\/07\/Lancamento-Cartaz-59o-FEFOL-1-scaled.jpg","articleSection":["Olimpia"],"inLanguage":"pt-BR","potentialAction":[{"@type":"CommentAction","name":"Comment","target":["https:\/\/regiaonews.net.br\/2022\/2023\/07\/03\/59o-festival-do-folclore-de-olimpia-lanca-cartaz-oficial-e-divulga-programacao-da-festa\/#respond"]}]},{"@type":"WebPage","@id":"https:\/\/regiaonews.net.br\/2022\/2023\/07\/03\/59o-festival-do-folclore-de-olimpia-lanca-cartaz-oficial-e-divulga-programacao-da-festa\/","url":"https:\/\/regiaonews.net.br\/2022\/2023\/07\/03\/59o-festival-do-folclore-de-olimpia-lanca-cartaz-oficial-e-divulga-programacao-da-festa\/","name":"59\u00ba Festival do Folclore de Ol\u00edmpia lan\u00e7a Cartaz Oficial e divulga programa\u00e7\u00e3o da festa - Regi\u00e3o News","isPartOf":{"@id":"https:\/\/regiaonews.net.br\/2022\/#website"},"primaryImageOfPage":{"@id":"https:\/\/regiaonews.net.br\/2022\/2023\/07\/03\/59o-festival-do-folclore-de-olimpia-lanca-cartaz-oficial-e-divulga-programacao-da-festa\/#primaryimage"},"image":{"@id":"https:\/\/regiaonews.net.br\/2022\/2023\/07\/03\/59o-festival-do-folclore-de-olimpia-lanca-cartaz-oficial-e-divulga-programacao-da-festa\/#primaryimage"},"thumbnailUrl":"https:\/\/regiaonews.net.br\/2022\/wp-content\/uploads\/2023\/07\/Lancamento-Cartaz-59o-FEFOL-1-scaled.jpg","datePublished":"2023-07-04T00:39:40+00:00","dateModified":"2023-07-05T00:19:49+00:00","description":"59\u00ba Festival do Folclore de Ol\u00edmpia lan\u00e7a Cartaz Oficial. O lan\u00e7amento foi realizado no Museu de Hist\u00f3ria e Folclore.","breadcrumb":{"@id":"https:\/\/regiaonews.net.br\/2022\/2023\/07\/03\/59o-festival-do-folclore-de-olimpia-lanca-cartaz-oficial-e-divulga-programacao-da-festa\/#breadcrumb"},"inLanguage":"pt-BR","potentialAction":[{"@type":"ReadAction","target":["https:\/\/regiaonews.net.br\/2022\/2023\/07\/03\/59o-festival-do-folclore-de-olimpia-lanca-cartaz-oficial-e-divulga-programacao-da-festa\/"]}]},{"@type":"ImageObject","inLanguage":"pt-BR","@id":"https:\/\/regiaonews.net.br\/2022\/2023\/07\/03\/59o-festival-do-folclore-de-olimpia-lanca-cartaz-oficial-e-divulga-programacao-da-festa\/#primaryimage","url":"https:\/\/regiaonews.net.br\/2022\/wp-content\/uploads\/2023\/07\/Lancamento-Cartaz-59o-FEFOL-1-scaled.jpg","contentUrl":"https:\/\/regiaonews.net.br\/2022\/wp-content\/uploads\/2023\/07\/Lancamento-Cartaz-59o-FEFOL-1-scaled.jpg","width":2560,"height":1528},{"@type":"BreadcrumbList","@id":"https:\/\/regiaonews.net.br\/2022\/2023\/07\/03\/59o-festival-do-folclore-de-olimpia-lanca-cartaz-oficial-e-divulga-programacao-da-festa\/#breadcrumb","itemListElement":[{"@type":"ListItem","position":1,"name":"In\u00edcio","item":"https:\/\/regiaonews.net.br\/2022\/"},{"@type":"ListItem","position":2,"name":"59\u00ba Festival do Folclore de Ol\u00edmpia lan\u00e7a Cartaz Oficial e divulga programa\u00e7\u00e3o da festa"}]},{"@type":"WebSite","@id":"https:\/\/regiaonews.net.br\/2022\/#website","url":"https:\/\/regiaonews.net.br\/2022\/","name":"Regi\u00e3o News","description":"Site de Not\u00edcias de Barretos e regi\u00e3o","publisher":{"@id":"https:\/\/regiaonews.net.br\/2022\/#organization"},"potentialAction":[{"@type":"SearchAction","target":{"@type":"EntryPoint","urlTemplate":"https:\/\/regiaonews.net.br\/2022\/?s={search_term_string}"},"query-input":{"@type":"PropertyValueSpecification","valueRequired":true,"valueName":"search_term_string"}}],"inLanguage":"pt-BR"},{"@type":"Organization","@id":"https:\/\/regiaonews.net.br\/2022\/#organization","name":"Regi\u00e3o News","url":"https:\/\/regiaonews.net.br\/2022\/","logo":{"@type":"ImageObject","inLanguage":"pt-BR","@id":"https:\/\/regiaonews.net.br\/2022\/#\/schema\/logo\/image\/","url":"https:\/\/regiaonews.net.br\/2022\/wp-content\/uploads\/2026\/03\/regiao-13-anos-scaled.jpg","contentUrl":"https:\/\/regiaonews.net.br\/2022\/wp-content\/uploads\/2026\/03\/regiao-13-anos-scaled.jpg","width":2560,"height":635,"caption":"Regi\u00e3o News"},"image":{"@id":"https:\/\/regiaonews.net.br\/2022\/#\/schema\/logo\/image\/"}},{"@type":"Person","@id":"https:\/\/regiaonews.net.br\/2022\/#\/schema\/person\/2d205a608a5aa97ac279d7a5e6d89ad8","name":"Roberto","image":{"@type":"ImageObject","inLanguage":"pt-BR","@id":"https:\/\/secure.gravatar.com\/avatar\/42749d8b712ff9d59ca93dc150494e5b55a44134482993f5baeb97e61b7ecc89?s=96&d=mm&r=g","url":"https:\/\/secure.gravatar.com\/avatar\/42749d8b712ff9d59ca93dc150494e5b55a44134482993f5baeb97e61b7ecc89?s=96&d=mm&r=g","contentUrl":"https:\/\/secure.gravatar.com\/avatar\/42749d8b712ff9d59ca93dc150494e5b55a44134482993f5baeb97e61b7ecc89?s=96&d=mm&r=g","caption":"Roberto"},"url":"https:\/\/regiaonews.net.br\/2022\/author\/roberto\/"}]}},"publishpress_future_action":{"enabled":false,"date":"2026-05-03 12:07:07","action":"change-status","newStatus":"draft","terms":[],"taxonomy":"category","extraData":[]},"publishpress_future_workflow_manual_trigger":{"enabledWorkflows":[]},"_links":{"self":[{"href":"https:\/\/regiaonews.net.br\/2022\/wp-json\/wp\/v2\/posts\/91001","targetHints":{"allow":["GET"]}}],"collection":[{"href":"https:\/\/regiaonews.net.br\/2022\/wp-json\/wp\/v2\/posts"}],"about":[{"href":"https:\/\/regiaonews.net.br\/2022\/wp-json\/wp\/v2\/types\/post"}],"author":[{"embeddable":true,"href":"https:\/\/regiaonews.net.br\/2022\/wp-json\/wp\/v2\/users\/2"}],"replies":[{"embeddable":true,"href":"https:\/\/regiaonews.net.br\/2022\/wp-json\/wp\/v2\/comments?post=91001"}],"version-history":[{"count":1,"href":"https:\/\/regiaonews.net.br\/2022\/wp-json\/wp\/v2\/posts\/91001\/revisions"}],"predecessor-version":[{"id":91004,"href":"https:\/\/regiaonews.net.br\/2022\/wp-json\/wp\/v2\/posts\/91001\/revisions\/91004"}],"wp:featuredmedia":[{"embeddable":true,"href":"https:\/\/regiaonews.net.br\/2022\/wp-json\/wp\/v2\/media\/91003"}],"wp:attachment":[{"href":"https:\/\/regiaonews.net.br\/2022\/wp-json\/wp\/v2\/media?parent=91001"}],"wp:term":[{"taxonomy":"category","embeddable":true,"href":"https:\/\/regiaonews.net.br\/2022\/wp-json\/wp\/v2\/categories?post=91001"},{"taxonomy":"post_tag","embeddable":true,"href":"https:\/\/regiaonews.net.br\/2022\/wp-json\/wp\/v2\/tags?post=91001"}],"curies":[{"name":"wp","href":"https:\/\/api.w.org\/{rel}","templated":true}]}}