{"id":90989,"date":"2023-07-03T20:05:58","date_gmt":"2023-07-03T23:05:58","guid":{"rendered":"https:\/\/regiaonews.net.br\/2022\/?p=90989"},"modified":"2023-07-03T20:05:58","modified_gmt":"2023-07-03T23:05:58","slug":"ssp-participa-da-formatura-do-curso-de-patrulhamento-tatico-e-acoes-especiais-da-policia-da-rota","status":"publish","type":"post","link":"https:\/\/regiaonews.net.br\/2022\/2023\/07\/03\/ssp-participa-da-formatura-do-curso-de-patrulhamento-tatico-e-acoes-especiais-da-policia-da-rota\/","title":{"rendered":"SSP participa da formatura do Curso de Patrulhamento T\u00e1tico e A\u00e7\u00f5es Especiais da Pol\u00edcia da Rota"},"content":{"rendered":"<div>\n<h2 class=\"titulopreto ng-binding\">O secret\u00e1rio recebeu da m\u00e3o dos tr\u00eas melhores colocados do curso, uma placa pelo apoio e incentivo \u00e0 integra\u00e7\u00e3o da Pol\u00edcia Militar, Civil e T\u00e9cnico-Cient\u00edfica<\/h2>\n<p><center><\/p>\n<h2 class=\"titulopreto ng-binding\"><\/h2>\n<p><\/center><\/div>\n<div id=\"notCorpo\" class=\"ng-binding\">\n<div>O secret\u00e1rio da Seguran\u00e7a P\u00fablica, Guilherme Derrite, participou na tarde desta segunda-feira (3), da formatura de 29 policiais da 12\u00ba edi\u00e7\u00e3o do Curso de Patrulhamento T\u00e1tico e A\u00e7\u00f5es Especiais da Pol\u00edcia da Rondas Ostensivas Tobias de Aguiar (Rota). A solenidade aconteceu no 1\u00ba Batalh\u00e3o de Pol\u00edcia de Choque, na avenida Tiradentes, regi\u00e3o central da capital.<\/div>\n<div><\/div>\n<div>\u201cNosso grande desafio \u00e9 fazer com que a chama do policial quando entra na institui\u00e7\u00e3o n\u00e3o se apague. N\u00f3s temos que dar todo suporte para que voc\u00eas continuem vibrando. Voltem para suas unidades, exer\u00e7am o papel de lideran\u00e7a e sejam os propagadores dessa chama para aqueles que n\u00e3o est\u00e3o com ela acesa\u201d, disse Derrite.<\/div>\n<div><\/div>\n<div>Entre os dias 2 e 30 de junho deste ano, 40 alunos participaram do curso, e 29 conseguiram o certificado e o brev\u00ea. Esta edi\u00e7\u00e3o teve representantes de outras unidades do Choque, de Batalh\u00f5es Especiais de Pol\u00edcia, de integrantes da Pol\u00edcia Militar do Paran\u00e1, da Para\u00edba, de Roraima, Alagoas e Maranh\u00e3o, da Pol\u00edcia Civil do Estado de S\u00e3o Paulo, da T\u00e9cnico-Cient\u00edfica e da For\u00e7a A\u00e9rea Brasileira.<\/div>\n<div><\/div>\n<div>O evento tamb\u00e9m contou com a participa\u00e7\u00e3o do comandante geral da Pol\u00edcia Militar, coronel C\u00e1ssio de Freitas, que exaltou o papel da Rota na forma\u00e7\u00e3o de policiais.<\/div>\n<div><\/div>\n<div>\u201cA Rota \u00e9 e sempre ser\u00e1 uma grande fam\u00edlia. E como fam\u00edlia temos muita coisa para vencermos juntos. Quando eu vejo colegas felizes aqui, de outras institui\u00e7\u00f5es, conquistando o seu brev\u00ea, eu sei que n\u00e3o estamos sozinhos\u201d, disse o coronel C\u00e1ssio.<\/div>\n<div><\/div>\n<div>O comandante ainda anunciou que o curso mudar\u00e1 para o nome original, passando a se chamar Curso de Patrulhamento T\u00e1tico de Rota nas pr\u00f3ximas edi\u00e7\u00f5es.<\/div>\n<\/div>\n","protected":false},"excerpt":{"rendered":"<p>O secret\u00e1rio recebeu da m\u00e3o dos tr\u00eas melhores colocados do<\/p>\n","protected":false},"author":2,"featured_media":90990,"comment_status":"open","ping_status":"open","sticky":false,"template":"","format":"standard","meta":{"footnotes":""},"categories":[7,23],"tags":[],"class_list":["post-90989","post","type-post","status-publish","format-standard","has-post-thumbnail","hentry","category-estado-de-sao-paulo","category-policia"],"yoast_head":"<!-- This site is optimized with the Yoast SEO plugin v27.4 - https:\/\/yoast.com\/product\/yoast-seo-wordpress\/ -->\n<title>SSP participa da formatura do Curso de Patrulhamento T\u00e1tico e A\u00e7\u00f5es Especiais da Pol\u00edcia da Rota - Regi\u00e3o News<\/title>\n<meta name=\"description\" content=\"SSP participa da formatura do Curso de Patrulhamento T\u00e1tico e A\u00e7\u00f5es Especiais da Pol\u00edcia da Rota\" \/>\n<meta name=\"robots\" content=\"index, follow, max-snippet:-1, max-image-preview:large, max-video-preview:-1\" \/>\n<link rel=\"canonical\" href=\"https:\/\/regiaonews.net.br\/2022\/2023\/07\/03\/ssp-participa-da-formatura-do-curso-de-patrulhamento-tatico-e-acoes-especiais-da-policia-da-rota\/\" \/>\n<meta property=\"og:locale\" content=\"pt_BR\" \/>\n<meta property=\"og:type\" content=\"article\" \/>\n<meta property=\"og:title\" content=\"SSP participa da formatura do Curso de Patrulhamento T\u00e1tico e A\u00e7\u00f5es Especiais da Pol\u00edcia da Rota - Regi\u00e3o News\" \/>\n<meta property=\"og:description\" content=\"SSP participa da formatura do Curso de Patrulhamento T\u00e1tico e A\u00e7\u00f5es Especiais da Pol\u00edcia da Rota\" \/>\n<meta property=\"og:url\" content=\"https:\/\/regiaonews.net.br\/2022\/2023\/07\/03\/ssp-participa-da-formatura-do-curso-de-patrulhamento-tatico-e-acoes-especiais-da-policia-da-rota\/\" \/>\n<meta property=\"og:site_name\" content=\"Regi\u00e3o News\" \/>\n<meta property=\"article:published_time\" content=\"2023-07-03T23:05:58+00:00\" \/>\n<meta property=\"og:image\" content=\"https:\/\/regiaonews.net.br\/2022\/wp-content\/uploads\/2023\/07\/00050839.jpeg\" \/>\n\t<meta property=\"og:image:width\" content=\"1600\" \/>\n\t<meta property=\"og:image:height\" content=\"1066\" \/>\n\t<meta property=\"og:image:type\" content=\"image\/jpeg\" \/>\n<meta name=\"author\" content=\"Roberto\" \/>\n<meta name=\"twitter:card\" content=\"summary_large_image\" \/>\n<meta name=\"twitter:label1\" content=\"Escrito por\" \/>\n\t<meta name=\"twitter:data1\" content=\"Roberto\" \/>\n\t<meta name=\"twitter:label2\" content=\"Est. tempo de leitura\" \/>\n\t<meta name=\"twitter:data2\" content=\"2 minutos\" \/>\n<script type=\"application\/ld+json\" class=\"yoast-schema-graph\">{\"@context\":\"https:\\\/\\\/schema.org\",\"@graph\":[{\"@type\":\"Article\",\"@id\":\"https:\\\/\\\/regiaonews.net.br\\\/2022\\\/2023\\\/07\\\/03\\\/ssp-participa-da-formatura-do-curso-de-patrulhamento-tatico-e-acoes-especiais-da-policia-da-rota\\\/#article\",\"isPartOf\":{\"@id\":\"https:\\\/\\\/regiaonews.net.br\\\/2022\\\/2023\\\/07\\\/03\\\/ssp-participa-da-formatura-do-curso-de-patrulhamento-tatico-e-acoes-especiais-da-policia-da-rota\\\/\"},\"author\":{\"name\":\"Roberto\",\"@id\":\"https:\\\/\\\/regiaonews.net.br\\\/2022\\\/#\\\/schema\\\/person\\\/2d205a608a5aa97ac279d7a5e6d89ad8\"},\"headline\":\"SSP participa da formatura do Curso de Patrulhamento T\u00e1tico e A\u00e7\u00f5es Especiais da Pol\u00edcia da Rota\",\"datePublished\":\"2023-07-03T23:05:58+00:00\",\"mainEntityOfPage\":{\"@id\":\"https:\\\/\\\/regiaonews.net.br\\\/2022\\\/2023\\\/07\\\/03\\\/ssp-participa-da-formatura-do-curso-de-patrulhamento-tatico-e-acoes-especiais-da-policia-da-rota\\\/\"},\"wordCount\":351,\"commentCount\":0,\"publisher\":{\"@id\":\"https:\\\/\\\/regiaonews.net.br\\\/2022\\\/#organization\"},\"image\":{\"@id\":\"https:\\\/\\\/regiaonews.net.br\\\/2022\\\/2023\\\/07\\\/03\\\/ssp-participa-da-formatura-do-curso-de-patrulhamento-tatico-e-acoes-especiais-da-policia-da-rota\\\/#primaryimage\"},\"thumbnailUrl\":\"https:\\\/\\\/regiaonews.net.br\\\/2022\\\/wp-content\\\/uploads\\\/2023\\\/07\\\/00050839.jpeg\",\"articleSection\":[\"Estado de S\u00e3o Paulo\",\"Policia\"],\"inLanguage\":\"pt-BR\",\"potentialAction\":[{\"@type\":\"CommentAction\",\"name\":\"Comment\",\"target\":[\"https:\\\/\\\/regiaonews.net.br\\\/2022\\\/2023\\\/07\\\/03\\\/ssp-participa-da-formatura-do-curso-de-patrulhamento-tatico-e-acoes-especiais-da-policia-da-rota\\\/#respond\"]}]},{\"@type\":\"WebPage\",\"@id\":\"https:\\\/\\\/regiaonews.net.br\\\/2022\\\/2023\\\/07\\\/03\\\/ssp-participa-da-formatura-do-curso-de-patrulhamento-tatico-e-acoes-especiais-da-policia-da-rota\\\/\",\"url\":\"https:\\\/\\\/regiaonews.net.br\\\/2022\\\/2023\\\/07\\\/03\\\/ssp-participa-da-formatura-do-curso-de-patrulhamento-tatico-e-acoes-especiais-da-policia-da-rota\\\/\",\"name\":\"SSP participa da formatura do Curso de Patrulhamento T\u00e1tico e A\u00e7\u00f5es Especiais da Pol\u00edcia da Rota - Regi\u00e3o News\",\"isPartOf\":{\"@id\":\"https:\\\/\\\/regiaonews.net.br\\\/2022\\\/#website\"},\"primaryImageOfPage\":{\"@id\":\"https:\\\/\\\/regiaonews.net.br\\\/2022\\\/2023\\\/07\\\/03\\\/ssp-participa-da-formatura-do-curso-de-patrulhamento-tatico-e-acoes-especiais-da-policia-da-rota\\\/#primaryimage\"},\"image\":{\"@id\":\"https:\\\/\\\/regiaonews.net.br\\\/2022\\\/2023\\\/07\\\/03\\\/ssp-participa-da-formatura-do-curso-de-patrulhamento-tatico-e-acoes-especiais-da-policia-da-rota\\\/#primaryimage\"},\"thumbnailUrl\":\"https:\\\/\\\/regiaonews.net.br\\\/2022\\\/wp-content\\\/uploads\\\/2023\\\/07\\\/00050839.jpeg\",\"datePublished\":\"2023-07-03T23:05:58+00:00\",\"description\":\"SSP participa da formatura do Curso de Patrulhamento T\u00e1tico e A\u00e7\u00f5es Especiais da Pol\u00edcia da Rota\",\"breadcrumb\":{\"@id\":\"https:\\\/\\\/regiaonews.net.br\\\/2022\\\/2023\\\/07\\\/03\\\/ssp-participa-da-formatura-do-curso-de-patrulhamento-tatico-e-acoes-especiais-da-policia-da-rota\\\/#breadcrumb\"},\"inLanguage\":\"pt-BR\",\"potentialAction\":[{\"@type\":\"ReadAction\",\"target\":[\"https:\\\/\\\/regiaonews.net.br\\\/2022\\\/2023\\\/07\\\/03\\\/ssp-participa-da-formatura-do-curso-de-patrulhamento-tatico-e-acoes-especiais-da-policia-da-rota\\\/\"]}]},{\"@type\":\"ImageObject\",\"inLanguage\":\"pt-BR\",\"@id\":\"https:\\\/\\\/regiaonews.net.br\\\/2022\\\/2023\\\/07\\\/03\\\/ssp-participa-da-formatura-do-curso-de-patrulhamento-tatico-e-acoes-especiais-da-policia-da-rota\\\/#primaryimage\",\"url\":\"https:\\\/\\\/regiaonews.net.br\\\/2022\\\/wp-content\\\/uploads\\\/2023\\\/07\\\/00050839.jpeg\",\"contentUrl\":\"https:\\\/\\\/regiaonews.net.br\\\/2022\\\/wp-content\\\/uploads\\\/2023\\\/07\\\/00050839.jpeg\",\"width\":1600,\"height\":1066},{\"@type\":\"BreadcrumbList\",\"@id\":\"https:\\\/\\\/regiaonews.net.br\\\/2022\\\/2023\\\/07\\\/03\\\/ssp-participa-da-formatura-do-curso-de-patrulhamento-tatico-e-acoes-especiais-da-policia-da-rota\\\/#breadcrumb\",\"itemListElement\":[{\"@type\":\"ListItem\",\"position\":1,\"name\":\"In\u00edcio\",\"item\":\"https:\\\/\\\/regiaonews.net.br\\\/2022\\\/\"},{\"@type\":\"ListItem\",\"position\":2,\"name\":\"SSP participa da formatura do Curso de Patrulhamento T\u00e1tico e A\u00e7\u00f5es Especiais da Pol\u00edcia da Rota\"}]},{\"@type\":\"WebSite\",\"@id\":\"https:\\\/\\\/regiaonews.net.br\\\/2022\\\/#website\",\"url\":\"https:\\\/\\\/regiaonews.net.br\\\/2022\\\/\",\"name\":\"Regi\u00e3o News\",\"description\":\"Site de Not\u00edcias de Barretos e regi\u00e3o\",\"publisher\":{\"@id\":\"https:\\\/\\\/regiaonews.net.br\\\/2022\\\/#organization\"},\"potentialAction\":[{\"@type\":\"SearchAction\",\"target\":{\"@type\":\"EntryPoint\",\"urlTemplate\":\"https:\\\/\\\/regiaonews.net.br\\\/2022\\\/?s={search_term_string}\"},\"query-input\":{\"@type\":\"PropertyValueSpecification\",\"valueRequired\":true,\"valueName\":\"search_term_string\"}}],\"inLanguage\":\"pt-BR\"},{\"@type\":\"Organization\",\"@id\":\"https:\\\/\\\/regiaonews.net.br\\\/2022\\\/#organization\",\"name\":\"Regi\u00e3o News\",\"url\":\"https:\\\/\\\/regiaonews.net.br\\\/2022\\\/\",\"logo\":{\"@type\":\"ImageObject\",\"inLanguage\":\"pt-BR\",\"@id\":\"https:\\\/\\\/regiaonews.net.br\\\/2022\\\/#\\\/schema\\\/logo\\\/image\\\/\",\"url\":\"https:\\\/\\\/regiaonews.net.br\\\/2022\\\/wp-content\\\/uploads\\\/2026\\\/03\\\/regiao-13-anos-scaled.jpg\",\"contentUrl\":\"https:\\\/\\\/regiaonews.net.br\\\/2022\\\/wp-content\\\/uploads\\\/2026\\\/03\\\/regiao-13-anos-scaled.jpg\",\"width\":2560,\"height\":635,\"caption\":\"Regi\u00e3o News\"},\"image\":{\"@id\":\"https:\\\/\\\/regiaonews.net.br\\\/2022\\\/#\\\/schema\\\/logo\\\/image\\\/\"}},{\"@type\":\"Person\",\"@id\":\"https:\\\/\\\/regiaonews.net.br\\\/2022\\\/#\\\/schema\\\/person\\\/2d205a608a5aa97ac279d7a5e6d89ad8\",\"name\":\"Roberto\",\"image\":{\"@type\":\"ImageObject\",\"inLanguage\":\"pt-BR\",\"@id\":\"https:\\\/\\\/secure.gravatar.com\\\/avatar\\\/42749d8b712ff9d59ca93dc150494e5b55a44134482993f5baeb97e61b7ecc89?s=96&d=mm&r=g\",\"url\":\"https:\\\/\\\/secure.gravatar.com\\\/avatar\\\/42749d8b712ff9d59ca93dc150494e5b55a44134482993f5baeb97e61b7ecc89?s=96&d=mm&r=g\",\"contentUrl\":\"https:\\\/\\\/secure.gravatar.com\\\/avatar\\\/42749d8b712ff9d59ca93dc150494e5b55a44134482993f5baeb97e61b7ecc89?s=96&d=mm&r=g\",\"caption\":\"Roberto\"},\"url\":\"https:\\\/\\\/regiaonews.net.br\\\/2022\\\/author\\\/roberto\\\/\"}]}<\/script>\n<!-- \/ Yoast SEO plugin. -->","yoast_head_json":{"title":"SSP participa da formatura do Curso de Patrulhamento T\u00e1tico e A\u00e7\u00f5es Especiais da Pol\u00edcia da Rota - Regi\u00e3o News","description":"SSP participa da formatura do Curso de Patrulhamento T\u00e1tico e A\u00e7\u00f5es Especiais da Pol\u00edcia da Rota","robots":{"index":"index","follow":"follow","max-snippet":"max-snippet:-1","max-image-preview":"max-image-preview:large","max-video-preview":"max-video-preview:-1"},"canonical":"https:\/\/regiaonews.net.br\/2022\/2023\/07\/03\/ssp-participa-da-formatura-do-curso-de-patrulhamento-tatico-e-acoes-especiais-da-policia-da-rota\/","og_locale":"pt_BR","og_type":"article","og_title":"SSP participa da formatura do Curso de Patrulhamento T\u00e1tico e A\u00e7\u00f5es Especiais da Pol\u00edcia da Rota - Regi\u00e3o News","og_description":"SSP participa da formatura do Curso de Patrulhamento T\u00e1tico e A\u00e7\u00f5es Especiais da Pol\u00edcia da Rota","og_url":"https:\/\/regiaonews.net.br\/2022\/2023\/07\/03\/ssp-participa-da-formatura-do-curso-de-patrulhamento-tatico-e-acoes-especiais-da-policia-da-rota\/","og_site_name":"Regi\u00e3o News","article_published_time":"2023-07-03T23:05:58+00:00","og_image":[{"width":1600,"height":1066,"url":"https:\/\/regiaonews.net.br\/2022\/wp-content\/uploads\/2023\/07\/00050839.jpeg","type":"image\/jpeg"}],"author":"Roberto","twitter_card":"summary_large_image","twitter_misc":{"Escrito por":"Roberto","Est. tempo de leitura":"2 minutos"},"schema":{"@context":"https:\/\/schema.org","@graph":[{"@type":"Article","@id":"https:\/\/regiaonews.net.br\/2022\/2023\/07\/03\/ssp-participa-da-formatura-do-curso-de-patrulhamento-tatico-e-acoes-especiais-da-policia-da-rota\/#article","isPartOf":{"@id":"https:\/\/regiaonews.net.br\/2022\/2023\/07\/03\/ssp-participa-da-formatura-do-curso-de-patrulhamento-tatico-e-acoes-especiais-da-policia-da-rota\/"},"author":{"name":"Roberto","@id":"https:\/\/regiaonews.net.br\/2022\/#\/schema\/person\/2d205a608a5aa97ac279d7a5e6d89ad8"},"headline":"SSP participa da formatura do Curso de Patrulhamento T\u00e1tico e A\u00e7\u00f5es Especiais da Pol\u00edcia da Rota","datePublished":"2023-07-03T23:05:58+00:00","mainEntityOfPage":{"@id":"https:\/\/regiaonews.net.br\/2022\/2023\/07\/03\/ssp-participa-da-formatura-do-curso-de-patrulhamento-tatico-e-acoes-especiais-da-policia-da-rota\/"},"wordCount":351,"commentCount":0,"publisher":{"@id":"https:\/\/regiaonews.net.br\/2022\/#organization"},"image":{"@id":"https:\/\/regiaonews.net.br\/2022\/2023\/07\/03\/ssp-participa-da-formatura-do-curso-de-patrulhamento-tatico-e-acoes-especiais-da-policia-da-rota\/#primaryimage"},"thumbnailUrl":"https:\/\/regiaonews.net.br\/2022\/wp-content\/uploads\/2023\/07\/00050839.jpeg","articleSection":["Estado de S\u00e3o Paulo","Policia"],"inLanguage":"pt-BR","potentialAction":[{"@type":"CommentAction","name":"Comment","target":["https:\/\/regiaonews.net.br\/2022\/2023\/07\/03\/ssp-participa-da-formatura-do-curso-de-patrulhamento-tatico-e-acoes-especiais-da-policia-da-rota\/#respond"]}]},{"@type":"WebPage","@id":"https:\/\/regiaonews.net.br\/2022\/2023\/07\/03\/ssp-participa-da-formatura-do-curso-de-patrulhamento-tatico-e-acoes-especiais-da-policia-da-rota\/","url":"https:\/\/regiaonews.net.br\/2022\/2023\/07\/03\/ssp-participa-da-formatura-do-curso-de-patrulhamento-tatico-e-acoes-especiais-da-policia-da-rota\/","name":"SSP participa da formatura do Curso de Patrulhamento T\u00e1tico e A\u00e7\u00f5es Especiais da Pol\u00edcia da Rota - Regi\u00e3o News","isPartOf":{"@id":"https:\/\/regiaonews.net.br\/2022\/#website"},"primaryImageOfPage":{"@id":"https:\/\/regiaonews.net.br\/2022\/2023\/07\/03\/ssp-participa-da-formatura-do-curso-de-patrulhamento-tatico-e-acoes-especiais-da-policia-da-rota\/#primaryimage"},"image":{"@id":"https:\/\/regiaonews.net.br\/2022\/2023\/07\/03\/ssp-participa-da-formatura-do-curso-de-patrulhamento-tatico-e-acoes-especiais-da-policia-da-rota\/#primaryimage"},"thumbnailUrl":"https:\/\/regiaonews.net.br\/2022\/wp-content\/uploads\/2023\/07\/00050839.jpeg","datePublished":"2023-07-03T23:05:58+00:00","description":"SSP participa da formatura do Curso de Patrulhamento T\u00e1tico e A\u00e7\u00f5es Especiais da Pol\u00edcia da Rota","breadcrumb":{"@id":"https:\/\/regiaonews.net.br\/2022\/2023\/07\/03\/ssp-participa-da-formatura-do-curso-de-patrulhamento-tatico-e-acoes-especiais-da-policia-da-rota\/#breadcrumb"},"inLanguage":"pt-BR","potentialAction":[{"@type":"ReadAction","target":["https:\/\/regiaonews.net.br\/2022\/2023\/07\/03\/ssp-participa-da-formatura-do-curso-de-patrulhamento-tatico-e-acoes-especiais-da-policia-da-rota\/"]}]},{"@type":"ImageObject","inLanguage":"pt-BR","@id":"https:\/\/regiaonews.net.br\/2022\/2023\/07\/03\/ssp-participa-da-formatura-do-curso-de-patrulhamento-tatico-e-acoes-especiais-da-policia-da-rota\/#primaryimage","url":"https:\/\/regiaonews.net.br\/2022\/wp-content\/uploads\/2023\/07\/00050839.jpeg","contentUrl":"https:\/\/regiaonews.net.br\/2022\/wp-content\/uploads\/2023\/07\/00050839.jpeg","width":1600,"height":1066},{"@type":"BreadcrumbList","@id":"https:\/\/regiaonews.net.br\/2022\/2023\/07\/03\/ssp-participa-da-formatura-do-curso-de-patrulhamento-tatico-e-acoes-especiais-da-policia-da-rota\/#breadcrumb","itemListElement":[{"@type":"ListItem","position":1,"name":"In\u00edcio","item":"https:\/\/regiaonews.net.br\/2022\/"},{"@type":"ListItem","position":2,"name":"SSP participa da formatura do Curso de Patrulhamento T\u00e1tico e A\u00e7\u00f5es Especiais da Pol\u00edcia da Rota"}]},{"@type":"WebSite","@id":"https:\/\/regiaonews.net.br\/2022\/#website","url":"https:\/\/regiaonews.net.br\/2022\/","name":"Regi\u00e3o News","description":"Site de Not\u00edcias de Barretos e regi\u00e3o","publisher":{"@id":"https:\/\/regiaonews.net.br\/2022\/#organization"},"potentialAction":[{"@type":"SearchAction","target":{"@type":"EntryPoint","urlTemplate":"https:\/\/regiaonews.net.br\/2022\/?s={search_term_string}"},"query-input":{"@type":"PropertyValueSpecification","valueRequired":true,"valueName":"search_term_string"}}],"inLanguage":"pt-BR"},{"@type":"Organization","@id":"https:\/\/regiaonews.net.br\/2022\/#organization","name":"Regi\u00e3o News","url":"https:\/\/regiaonews.net.br\/2022\/","logo":{"@type":"ImageObject","inLanguage":"pt-BR","@id":"https:\/\/regiaonews.net.br\/2022\/#\/schema\/logo\/image\/","url":"https:\/\/regiaonews.net.br\/2022\/wp-content\/uploads\/2026\/03\/regiao-13-anos-scaled.jpg","contentUrl":"https:\/\/regiaonews.net.br\/2022\/wp-content\/uploads\/2026\/03\/regiao-13-anos-scaled.jpg","width":2560,"height":635,"caption":"Regi\u00e3o News"},"image":{"@id":"https:\/\/regiaonews.net.br\/2022\/#\/schema\/logo\/image\/"}},{"@type":"Person","@id":"https:\/\/regiaonews.net.br\/2022\/#\/schema\/person\/2d205a608a5aa97ac279d7a5e6d89ad8","name":"Roberto","image":{"@type":"ImageObject","inLanguage":"pt-BR","@id":"https:\/\/secure.gravatar.com\/avatar\/42749d8b712ff9d59ca93dc150494e5b55a44134482993f5baeb97e61b7ecc89?s=96&d=mm&r=g","url":"https:\/\/secure.gravatar.com\/avatar\/42749d8b712ff9d59ca93dc150494e5b55a44134482993f5baeb97e61b7ecc89?s=96&d=mm&r=g","contentUrl":"https:\/\/secure.gravatar.com\/avatar\/42749d8b712ff9d59ca93dc150494e5b55a44134482993f5baeb97e61b7ecc89?s=96&d=mm&r=g","caption":"Roberto"},"url":"https:\/\/regiaonews.net.br\/2022\/author\/roberto\/"}]}},"publishpress_future_action":{"enabled":false,"date":"2026-05-03 05:35:52","action":"change-status","newStatus":"draft","terms":[],"taxonomy":"category","extraData":[]},"publishpress_future_workflow_manual_trigger":{"enabledWorkflows":[]},"_links":{"self":[{"href":"https:\/\/regiaonews.net.br\/2022\/wp-json\/wp\/v2\/posts\/90989","targetHints":{"allow":["GET"]}}],"collection":[{"href":"https:\/\/regiaonews.net.br\/2022\/wp-json\/wp\/v2\/posts"}],"about":[{"href":"https:\/\/regiaonews.net.br\/2022\/wp-json\/wp\/v2\/types\/post"}],"author":[{"embeddable":true,"href":"https:\/\/regiaonews.net.br\/2022\/wp-json\/wp\/v2\/users\/2"}],"replies":[{"embeddable":true,"href":"https:\/\/regiaonews.net.br\/2022\/wp-json\/wp\/v2\/comments?post=90989"}],"version-history":[{"count":1,"href":"https:\/\/regiaonews.net.br\/2022\/wp-json\/wp\/v2\/posts\/90989\/revisions"}],"predecessor-version":[{"id":90991,"href":"https:\/\/regiaonews.net.br\/2022\/wp-json\/wp\/v2\/posts\/90989\/revisions\/90991"}],"wp:featuredmedia":[{"embeddable":true,"href":"https:\/\/regiaonews.net.br\/2022\/wp-json\/wp\/v2\/media\/90990"}],"wp:attachment":[{"href":"https:\/\/regiaonews.net.br\/2022\/wp-json\/wp\/v2\/media?parent=90989"}],"wp:term":[{"taxonomy":"category","embeddable":true,"href":"https:\/\/regiaonews.net.br\/2022\/wp-json\/wp\/v2\/categories?post=90989"},{"taxonomy":"post_tag","embeddable":true,"href":"https:\/\/regiaonews.net.br\/2022\/wp-json\/wp\/v2\/tags?post=90989"}],"curies":[{"name":"wp","href":"https:\/\/api.w.org\/{rel}","templated":true}]}}