{"id":90986,"date":"2023-07-03T20:03:14","date_gmt":"2023-07-03T23:03:14","guid":{"rendered":"https:\/\/regiaonews.net.br\/2022\/?p=90986"},"modified":"2023-07-03T20:03:14","modified_gmt":"2023-07-03T23:03:14","slug":"pm-ambiental-divulga-balanco-semestral-e-resgata-mais-de-7mil-animais-do-trafico-no-estado","status":"publish","type":"post","link":"https:\/\/regiaonews.net.br\/2022\/2023\/07\/03\/pm-ambiental-divulga-balanco-semestral-e-resgata-mais-de-7mil-animais-do-trafico-no-estado\/","title":{"rendered":"PM Ambiental divulga balan\u00e7o semestral e resgata mais de 7mil animais do tr\u00e1fico no estado"},"content":{"rendered":"<div>\n<h1 class=\"chapeu2 ng-binding\"><\/h1>\n<h2 class=\"titulopreto ng-binding\">Foram registradas mais de 40 mil interven\u00e7\u00f5es policiais em infra\u00e7\u00f5es ambientais<\/h2>\n<p><center><\/p>\n<h2 class=\"titulopreto ng-binding\"><\/h2>\n<p><\/center><\/div>\n<div id=\"notCorpo\" class=\"ng-binding\">\n<div>A Pol\u00edcia Militar Ambiental divulgou, nesta segunda-feira (3), os resultados das opera\u00e7\u00f5es realizadas no primeiro semestre de 2023. Foram mais de 7 mil animais resgatados do tr\u00e1fico e cerca de 40 mil interven\u00e7\u00f5es policiais. Os n\u00fameros refletem o compromisso com a fiscaliza\u00e7\u00e3o, a\u00e7\u00f5es preventivas e repressivas em prol da conserva\u00e7\u00e3o dos recursos naturais.<\/div>\n<div><\/div>\n<div>No combate ao crime ambiental, destaca-se a apreens\u00e3o de 189 armas de fogo il\u00edcitas, 621 fiscaliza\u00e7\u00f5es realizadas em criadores de passeriformes e 7.475 animais resgatados do tr\u00e1fico, do com\u00e9rcio ilegal e de cativeiros clandestinos.<\/div>\n<div><\/div>\n<div>De janeiro a junho, foram atendidas 36.270 den\u00fancias pelas equipes da PM Ambiental. Foram registradas 40.145 interven\u00e7\u00f5es policiais, al\u00e9m de 6.351 autos de infra\u00e7\u00e3o ambiental lavrados, abrangendo diversas infra\u00e7\u00f5es e refor\u00e7ando a aplica\u00e7\u00e3o da legisla\u00e7\u00e3o ambiental em vigor.<\/div>\n<div><\/div>\n<div>Entre as fiscaliza\u00e7\u00f5es, est\u00e3o a de pesca com 3.785 a\u00e7\u00f5es e a fiscaliza\u00e7\u00e3o no com\u00e9rcio e transporte de madeira ilegal, que resultou em 822 opera\u00e7\u00f5es, com a apreens\u00e3o de 5.174,98 metros c\u00fabicos de madeira ilegal.<\/div>\n<div><\/div>\n<div>No combate \u00e0 extra\u00e7\u00e3o ilegal de palmito, foram realizados 33 autos de infra\u00e7\u00e3o, refor\u00e7ando a preserva\u00e7\u00e3o da palmeira ju\u00e7ara, esp\u00e9cie em risco de extin\u00e7\u00e3o. A quantidade de palmito apreendido alcan\u00e7ou 4.453 unidades.<\/div>\n<div><\/div>\n<div>A PM Ambiental tamb\u00e9m atuou no combate aos bal\u00f5es, autuando 34 pessoas envolvidas nessa pr\u00e1tica perigosa. A quantidade de bal\u00f5es apreendidos atingiu a marca de 143.<\/div>\n<\/div>\n","protected":false},"excerpt":{"rendered":"<p>Foram registradas mais de 40 mil interven\u00e7\u00f5es policiais em infra\u00e7\u00f5es<\/p>\n","protected":false},"author":2,"featured_media":90987,"comment_status":"open","ping_status":"open","sticky":false,"template":"","format":"standard","meta":{"footnotes":""},"categories":[7,23],"tags":[],"class_list":["post-90986","post","type-post","status-publish","format-standard","has-post-thumbnail","hentry","category-estado-de-sao-paulo","category-policia"],"yoast_head":"<!-- This site is optimized with the Yoast SEO plugin v27.4 - https:\/\/yoast.com\/product\/yoast-seo-wordpress\/ -->\n<title>PM Ambiental divulga balan\u00e7o semestral e resgata mais de 7mil animais do tr\u00e1fico no estado - Regi\u00e3o News<\/title>\n<meta name=\"description\" content=\"PM Ambiental divulga balan\u00e7o semestral e resgata mais de 7mil animais do tr\u00e1fico no estado\" \/>\n<meta name=\"robots\" content=\"index, follow, max-snippet:-1, max-image-preview:large, max-video-preview:-1\" \/>\n<link rel=\"canonical\" href=\"https:\/\/regiaonews.net.br\/2022\/2023\/07\/03\/pm-ambiental-divulga-balanco-semestral-e-resgata-mais-de-7mil-animais-do-trafico-no-estado\/\" \/>\n<meta property=\"og:locale\" content=\"pt_BR\" \/>\n<meta property=\"og:type\" content=\"article\" \/>\n<meta property=\"og:title\" content=\"PM Ambiental divulga balan\u00e7o semestral e resgata mais de 7mil animais do tr\u00e1fico no estado - Regi\u00e3o News\" \/>\n<meta property=\"og:description\" content=\"PM Ambiental divulga balan\u00e7o semestral e resgata mais de 7mil animais do tr\u00e1fico no estado\" \/>\n<meta property=\"og:url\" content=\"https:\/\/regiaonews.net.br\/2022\/2023\/07\/03\/pm-ambiental-divulga-balanco-semestral-e-resgata-mais-de-7mil-animais-do-trafico-no-estado\/\" \/>\n<meta property=\"og:site_name\" content=\"Regi\u00e3o News\" \/>\n<meta property=\"article:published_time\" content=\"2023-07-03T23:03:14+00:00\" \/>\n<meta property=\"og:image\" content=\"https:\/\/regiaonews.net.br\/2022\/wp-content\/uploads\/2023\/07\/00050837.jpeg\" \/>\n\t<meta property=\"og:image:width\" content=\"1600\" \/>\n\t<meta property=\"og:image:height\" content=\"1066\" \/>\n\t<meta property=\"og:image:type\" content=\"image\/jpeg\" \/>\n<meta name=\"author\" content=\"Roberto\" \/>\n<meta name=\"twitter:card\" content=\"summary_large_image\" \/>\n<meta name=\"twitter:label1\" content=\"Escrito por\" \/>\n\t<meta name=\"twitter:data1\" content=\"Roberto\" \/>\n\t<meta name=\"twitter:label2\" content=\"Est. tempo de leitura\" \/>\n\t<meta name=\"twitter:data2\" content=\"2 minutos\" \/>\n<script type=\"application\/ld+json\" class=\"yoast-schema-graph\">{\"@context\":\"https:\\\/\\\/schema.org\",\"@graph\":[{\"@type\":\"Article\",\"@id\":\"https:\\\/\\\/regiaonews.net.br\\\/2022\\\/2023\\\/07\\\/03\\\/pm-ambiental-divulga-balanco-semestral-e-resgata-mais-de-7mil-animais-do-trafico-no-estado\\\/#article\",\"isPartOf\":{\"@id\":\"https:\\\/\\\/regiaonews.net.br\\\/2022\\\/2023\\\/07\\\/03\\\/pm-ambiental-divulga-balanco-semestral-e-resgata-mais-de-7mil-animais-do-trafico-no-estado\\\/\"},\"author\":{\"name\":\"Roberto\",\"@id\":\"https:\\\/\\\/regiaonews.net.br\\\/2022\\\/#\\\/schema\\\/person\\\/2d205a608a5aa97ac279d7a5e6d89ad8\"},\"headline\":\"PM Ambiental divulga balan\u00e7o semestral e resgata mais de 7mil animais do tr\u00e1fico no estado\",\"datePublished\":\"2023-07-03T23:03:14+00:00\",\"mainEntityOfPage\":{\"@id\":\"https:\\\/\\\/regiaonews.net.br\\\/2022\\\/2023\\\/07\\\/03\\\/pm-ambiental-divulga-balanco-semestral-e-resgata-mais-de-7mil-animais-do-trafico-no-estado\\\/\"},\"wordCount\":270,\"commentCount\":0,\"publisher\":{\"@id\":\"https:\\\/\\\/regiaonews.net.br\\\/2022\\\/#organization\"},\"image\":{\"@id\":\"https:\\\/\\\/regiaonews.net.br\\\/2022\\\/2023\\\/07\\\/03\\\/pm-ambiental-divulga-balanco-semestral-e-resgata-mais-de-7mil-animais-do-trafico-no-estado\\\/#primaryimage\"},\"thumbnailUrl\":\"https:\\\/\\\/regiaonews.net.br\\\/2022\\\/wp-content\\\/uploads\\\/2023\\\/07\\\/00050837.jpeg\",\"articleSection\":[\"Estado de S\u00e3o Paulo\",\"Policia\"],\"inLanguage\":\"pt-BR\",\"potentialAction\":[{\"@type\":\"CommentAction\",\"name\":\"Comment\",\"target\":[\"https:\\\/\\\/regiaonews.net.br\\\/2022\\\/2023\\\/07\\\/03\\\/pm-ambiental-divulga-balanco-semestral-e-resgata-mais-de-7mil-animais-do-trafico-no-estado\\\/#respond\"]}]},{\"@type\":\"WebPage\",\"@id\":\"https:\\\/\\\/regiaonews.net.br\\\/2022\\\/2023\\\/07\\\/03\\\/pm-ambiental-divulga-balanco-semestral-e-resgata-mais-de-7mil-animais-do-trafico-no-estado\\\/\",\"url\":\"https:\\\/\\\/regiaonews.net.br\\\/2022\\\/2023\\\/07\\\/03\\\/pm-ambiental-divulga-balanco-semestral-e-resgata-mais-de-7mil-animais-do-trafico-no-estado\\\/\",\"name\":\"PM Ambiental divulga balan\u00e7o semestral e resgata mais de 7mil animais do tr\u00e1fico no estado - Regi\u00e3o News\",\"isPartOf\":{\"@id\":\"https:\\\/\\\/regiaonews.net.br\\\/2022\\\/#website\"},\"primaryImageOfPage\":{\"@id\":\"https:\\\/\\\/regiaonews.net.br\\\/2022\\\/2023\\\/07\\\/03\\\/pm-ambiental-divulga-balanco-semestral-e-resgata-mais-de-7mil-animais-do-trafico-no-estado\\\/#primaryimage\"},\"image\":{\"@id\":\"https:\\\/\\\/regiaonews.net.br\\\/2022\\\/2023\\\/07\\\/03\\\/pm-ambiental-divulga-balanco-semestral-e-resgata-mais-de-7mil-animais-do-trafico-no-estado\\\/#primaryimage\"},\"thumbnailUrl\":\"https:\\\/\\\/regiaonews.net.br\\\/2022\\\/wp-content\\\/uploads\\\/2023\\\/07\\\/00050837.jpeg\",\"datePublished\":\"2023-07-03T23:03:14+00:00\",\"description\":\"PM Ambiental divulga balan\u00e7o semestral e resgata mais de 7mil animais do tr\u00e1fico no estado\",\"breadcrumb\":{\"@id\":\"https:\\\/\\\/regiaonews.net.br\\\/2022\\\/2023\\\/07\\\/03\\\/pm-ambiental-divulga-balanco-semestral-e-resgata-mais-de-7mil-animais-do-trafico-no-estado\\\/#breadcrumb\"},\"inLanguage\":\"pt-BR\",\"potentialAction\":[{\"@type\":\"ReadAction\",\"target\":[\"https:\\\/\\\/regiaonews.net.br\\\/2022\\\/2023\\\/07\\\/03\\\/pm-ambiental-divulga-balanco-semestral-e-resgata-mais-de-7mil-animais-do-trafico-no-estado\\\/\"]}]},{\"@type\":\"ImageObject\",\"inLanguage\":\"pt-BR\",\"@id\":\"https:\\\/\\\/regiaonews.net.br\\\/2022\\\/2023\\\/07\\\/03\\\/pm-ambiental-divulga-balanco-semestral-e-resgata-mais-de-7mil-animais-do-trafico-no-estado\\\/#primaryimage\",\"url\":\"https:\\\/\\\/regiaonews.net.br\\\/2022\\\/wp-content\\\/uploads\\\/2023\\\/07\\\/00050837.jpeg\",\"contentUrl\":\"https:\\\/\\\/regiaonews.net.br\\\/2022\\\/wp-content\\\/uploads\\\/2023\\\/07\\\/00050837.jpeg\",\"width\":1600,\"height\":1066},{\"@type\":\"BreadcrumbList\",\"@id\":\"https:\\\/\\\/regiaonews.net.br\\\/2022\\\/2023\\\/07\\\/03\\\/pm-ambiental-divulga-balanco-semestral-e-resgata-mais-de-7mil-animais-do-trafico-no-estado\\\/#breadcrumb\",\"itemListElement\":[{\"@type\":\"ListItem\",\"position\":1,\"name\":\"In\u00edcio\",\"item\":\"https:\\\/\\\/regiaonews.net.br\\\/2022\\\/\"},{\"@type\":\"ListItem\",\"position\":2,\"name\":\"PM Ambiental divulga balan\u00e7o semestral e resgata mais de 7mil animais do tr\u00e1fico no estado\"}]},{\"@type\":\"WebSite\",\"@id\":\"https:\\\/\\\/regiaonews.net.br\\\/2022\\\/#website\",\"url\":\"https:\\\/\\\/regiaonews.net.br\\\/2022\\\/\",\"name\":\"Regi\u00e3o News\",\"description\":\"Site de Not\u00edcias de Barretos e regi\u00e3o\",\"publisher\":{\"@id\":\"https:\\\/\\\/regiaonews.net.br\\\/2022\\\/#organization\"},\"potentialAction\":[{\"@type\":\"SearchAction\",\"target\":{\"@type\":\"EntryPoint\",\"urlTemplate\":\"https:\\\/\\\/regiaonews.net.br\\\/2022\\\/?s={search_term_string}\"},\"query-input\":{\"@type\":\"PropertyValueSpecification\",\"valueRequired\":true,\"valueName\":\"search_term_string\"}}],\"inLanguage\":\"pt-BR\"},{\"@type\":\"Organization\",\"@id\":\"https:\\\/\\\/regiaonews.net.br\\\/2022\\\/#organization\",\"name\":\"Regi\u00e3o News\",\"url\":\"https:\\\/\\\/regiaonews.net.br\\\/2022\\\/\",\"logo\":{\"@type\":\"ImageObject\",\"inLanguage\":\"pt-BR\",\"@id\":\"https:\\\/\\\/regiaonews.net.br\\\/2022\\\/#\\\/schema\\\/logo\\\/image\\\/\",\"url\":\"https:\\\/\\\/regiaonews.net.br\\\/2022\\\/wp-content\\\/uploads\\\/2026\\\/03\\\/regiao-13-anos-scaled.jpg\",\"contentUrl\":\"https:\\\/\\\/regiaonews.net.br\\\/2022\\\/wp-content\\\/uploads\\\/2026\\\/03\\\/regiao-13-anos-scaled.jpg\",\"width\":2560,\"height\":635,\"caption\":\"Regi\u00e3o News\"},\"image\":{\"@id\":\"https:\\\/\\\/regiaonews.net.br\\\/2022\\\/#\\\/schema\\\/logo\\\/image\\\/\"}},{\"@type\":\"Person\",\"@id\":\"https:\\\/\\\/regiaonews.net.br\\\/2022\\\/#\\\/schema\\\/person\\\/2d205a608a5aa97ac279d7a5e6d89ad8\",\"name\":\"Roberto\",\"image\":{\"@type\":\"ImageObject\",\"inLanguage\":\"pt-BR\",\"@id\":\"https:\\\/\\\/secure.gravatar.com\\\/avatar\\\/42749d8b712ff9d59ca93dc150494e5b55a44134482993f5baeb97e61b7ecc89?s=96&d=mm&r=g\",\"url\":\"https:\\\/\\\/secure.gravatar.com\\\/avatar\\\/42749d8b712ff9d59ca93dc150494e5b55a44134482993f5baeb97e61b7ecc89?s=96&d=mm&r=g\",\"contentUrl\":\"https:\\\/\\\/secure.gravatar.com\\\/avatar\\\/42749d8b712ff9d59ca93dc150494e5b55a44134482993f5baeb97e61b7ecc89?s=96&d=mm&r=g\",\"caption\":\"Roberto\"},\"url\":\"https:\\\/\\\/regiaonews.net.br\\\/2022\\\/author\\\/roberto\\\/\"}]}<\/script>\n<!-- \/ Yoast SEO plugin. -->","yoast_head_json":{"title":"PM Ambiental divulga balan\u00e7o semestral e resgata mais de 7mil animais do tr\u00e1fico no estado - Regi\u00e3o News","description":"PM Ambiental divulga balan\u00e7o semestral e resgata mais de 7mil animais do tr\u00e1fico no estado","robots":{"index":"index","follow":"follow","max-snippet":"max-snippet:-1","max-image-preview":"max-image-preview:large","max-video-preview":"max-video-preview:-1"},"canonical":"https:\/\/regiaonews.net.br\/2022\/2023\/07\/03\/pm-ambiental-divulga-balanco-semestral-e-resgata-mais-de-7mil-animais-do-trafico-no-estado\/","og_locale":"pt_BR","og_type":"article","og_title":"PM Ambiental divulga balan\u00e7o semestral e resgata mais de 7mil animais do tr\u00e1fico no estado - Regi\u00e3o News","og_description":"PM Ambiental divulga balan\u00e7o semestral e resgata mais de 7mil animais do tr\u00e1fico no estado","og_url":"https:\/\/regiaonews.net.br\/2022\/2023\/07\/03\/pm-ambiental-divulga-balanco-semestral-e-resgata-mais-de-7mil-animais-do-trafico-no-estado\/","og_site_name":"Regi\u00e3o News","article_published_time":"2023-07-03T23:03:14+00:00","og_image":[{"width":1600,"height":1066,"url":"https:\/\/regiaonews.net.br\/2022\/wp-content\/uploads\/2023\/07\/00050837.jpeg","type":"image\/jpeg"}],"author":"Roberto","twitter_card":"summary_large_image","twitter_misc":{"Escrito por":"Roberto","Est. tempo de leitura":"2 minutos"},"schema":{"@context":"https:\/\/schema.org","@graph":[{"@type":"Article","@id":"https:\/\/regiaonews.net.br\/2022\/2023\/07\/03\/pm-ambiental-divulga-balanco-semestral-e-resgata-mais-de-7mil-animais-do-trafico-no-estado\/#article","isPartOf":{"@id":"https:\/\/regiaonews.net.br\/2022\/2023\/07\/03\/pm-ambiental-divulga-balanco-semestral-e-resgata-mais-de-7mil-animais-do-trafico-no-estado\/"},"author":{"name":"Roberto","@id":"https:\/\/regiaonews.net.br\/2022\/#\/schema\/person\/2d205a608a5aa97ac279d7a5e6d89ad8"},"headline":"PM Ambiental divulga balan\u00e7o semestral e resgata mais de 7mil animais do tr\u00e1fico no estado","datePublished":"2023-07-03T23:03:14+00:00","mainEntityOfPage":{"@id":"https:\/\/regiaonews.net.br\/2022\/2023\/07\/03\/pm-ambiental-divulga-balanco-semestral-e-resgata-mais-de-7mil-animais-do-trafico-no-estado\/"},"wordCount":270,"commentCount":0,"publisher":{"@id":"https:\/\/regiaonews.net.br\/2022\/#organization"},"image":{"@id":"https:\/\/regiaonews.net.br\/2022\/2023\/07\/03\/pm-ambiental-divulga-balanco-semestral-e-resgata-mais-de-7mil-animais-do-trafico-no-estado\/#primaryimage"},"thumbnailUrl":"https:\/\/regiaonews.net.br\/2022\/wp-content\/uploads\/2023\/07\/00050837.jpeg","articleSection":["Estado de S\u00e3o Paulo","Policia"],"inLanguage":"pt-BR","potentialAction":[{"@type":"CommentAction","name":"Comment","target":["https:\/\/regiaonews.net.br\/2022\/2023\/07\/03\/pm-ambiental-divulga-balanco-semestral-e-resgata-mais-de-7mil-animais-do-trafico-no-estado\/#respond"]}]},{"@type":"WebPage","@id":"https:\/\/regiaonews.net.br\/2022\/2023\/07\/03\/pm-ambiental-divulga-balanco-semestral-e-resgata-mais-de-7mil-animais-do-trafico-no-estado\/","url":"https:\/\/regiaonews.net.br\/2022\/2023\/07\/03\/pm-ambiental-divulga-balanco-semestral-e-resgata-mais-de-7mil-animais-do-trafico-no-estado\/","name":"PM Ambiental divulga balan\u00e7o semestral e resgata mais de 7mil animais do tr\u00e1fico no estado - Regi\u00e3o News","isPartOf":{"@id":"https:\/\/regiaonews.net.br\/2022\/#website"},"primaryImageOfPage":{"@id":"https:\/\/regiaonews.net.br\/2022\/2023\/07\/03\/pm-ambiental-divulga-balanco-semestral-e-resgata-mais-de-7mil-animais-do-trafico-no-estado\/#primaryimage"},"image":{"@id":"https:\/\/regiaonews.net.br\/2022\/2023\/07\/03\/pm-ambiental-divulga-balanco-semestral-e-resgata-mais-de-7mil-animais-do-trafico-no-estado\/#primaryimage"},"thumbnailUrl":"https:\/\/regiaonews.net.br\/2022\/wp-content\/uploads\/2023\/07\/00050837.jpeg","datePublished":"2023-07-03T23:03:14+00:00","description":"PM Ambiental divulga balan\u00e7o semestral e resgata mais de 7mil animais do tr\u00e1fico no estado","breadcrumb":{"@id":"https:\/\/regiaonews.net.br\/2022\/2023\/07\/03\/pm-ambiental-divulga-balanco-semestral-e-resgata-mais-de-7mil-animais-do-trafico-no-estado\/#breadcrumb"},"inLanguage":"pt-BR","potentialAction":[{"@type":"ReadAction","target":["https:\/\/regiaonews.net.br\/2022\/2023\/07\/03\/pm-ambiental-divulga-balanco-semestral-e-resgata-mais-de-7mil-animais-do-trafico-no-estado\/"]}]},{"@type":"ImageObject","inLanguage":"pt-BR","@id":"https:\/\/regiaonews.net.br\/2022\/2023\/07\/03\/pm-ambiental-divulga-balanco-semestral-e-resgata-mais-de-7mil-animais-do-trafico-no-estado\/#primaryimage","url":"https:\/\/regiaonews.net.br\/2022\/wp-content\/uploads\/2023\/07\/00050837.jpeg","contentUrl":"https:\/\/regiaonews.net.br\/2022\/wp-content\/uploads\/2023\/07\/00050837.jpeg","width":1600,"height":1066},{"@type":"BreadcrumbList","@id":"https:\/\/regiaonews.net.br\/2022\/2023\/07\/03\/pm-ambiental-divulga-balanco-semestral-e-resgata-mais-de-7mil-animais-do-trafico-no-estado\/#breadcrumb","itemListElement":[{"@type":"ListItem","position":1,"name":"In\u00edcio","item":"https:\/\/regiaonews.net.br\/2022\/"},{"@type":"ListItem","position":2,"name":"PM Ambiental divulga balan\u00e7o semestral e resgata mais de 7mil animais do tr\u00e1fico no estado"}]},{"@type":"WebSite","@id":"https:\/\/regiaonews.net.br\/2022\/#website","url":"https:\/\/regiaonews.net.br\/2022\/","name":"Regi\u00e3o News","description":"Site de Not\u00edcias de Barretos e regi\u00e3o","publisher":{"@id":"https:\/\/regiaonews.net.br\/2022\/#organization"},"potentialAction":[{"@type":"SearchAction","target":{"@type":"EntryPoint","urlTemplate":"https:\/\/regiaonews.net.br\/2022\/?s={search_term_string}"},"query-input":{"@type":"PropertyValueSpecification","valueRequired":true,"valueName":"search_term_string"}}],"inLanguage":"pt-BR"},{"@type":"Organization","@id":"https:\/\/regiaonews.net.br\/2022\/#organization","name":"Regi\u00e3o News","url":"https:\/\/regiaonews.net.br\/2022\/","logo":{"@type":"ImageObject","inLanguage":"pt-BR","@id":"https:\/\/regiaonews.net.br\/2022\/#\/schema\/logo\/image\/","url":"https:\/\/regiaonews.net.br\/2022\/wp-content\/uploads\/2026\/03\/regiao-13-anos-scaled.jpg","contentUrl":"https:\/\/regiaonews.net.br\/2022\/wp-content\/uploads\/2026\/03\/regiao-13-anos-scaled.jpg","width":2560,"height":635,"caption":"Regi\u00e3o News"},"image":{"@id":"https:\/\/regiaonews.net.br\/2022\/#\/schema\/logo\/image\/"}},{"@type":"Person","@id":"https:\/\/regiaonews.net.br\/2022\/#\/schema\/person\/2d205a608a5aa97ac279d7a5e6d89ad8","name":"Roberto","image":{"@type":"ImageObject","inLanguage":"pt-BR","@id":"https:\/\/secure.gravatar.com\/avatar\/42749d8b712ff9d59ca93dc150494e5b55a44134482993f5baeb97e61b7ecc89?s=96&d=mm&r=g","url":"https:\/\/secure.gravatar.com\/avatar\/42749d8b712ff9d59ca93dc150494e5b55a44134482993f5baeb97e61b7ecc89?s=96&d=mm&r=g","contentUrl":"https:\/\/secure.gravatar.com\/avatar\/42749d8b712ff9d59ca93dc150494e5b55a44134482993f5baeb97e61b7ecc89?s=96&d=mm&r=g","caption":"Roberto"},"url":"https:\/\/regiaonews.net.br\/2022\/author\/roberto\/"}]}},"publishpress_future_action":{"enabled":false,"date":"2026-05-03 02:31:28","action":"change-status","newStatus":"draft","terms":[],"taxonomy":"category","extraData":[]},"publishpress_future_workflow_manual_trigger":{"enabledWorkflows":[]},"_links":{"self":[{"href":"https:\/\/regiaonews.net.br\/2022\/wp-json\/wp\/v2\/posts\/90986","targetHints":{"allow":["GET"]}}],"collection":[{"href":"https:\/\/regiaonews.net.br\/2022\/wp-json\/wp\/v2\/posts"}],"about":[{"href":"https:\/\/regiaonews.net.br\/2022\/wp-json\/wp\/v2\/types\/post"}],"author":[{"embeddable":true,"href":"https:\/\/regiaonews.net.br\/2022\/wp-json\/wp\/v2\/users\/2"}],"replies":[{"embeddable":true,"href":"https:\/\/regiaonews.net.br\/2022\/wp-json\/wp\/v2\/comments?post=90986"}],"version-history":[{"count":1,"href":"https:\/\/regiaonews.net.br\/2022\/wp-json\/wp\/v2\/posts\/90986\/revisions"}],"predecessor-version":[{"id":90988,"href":"https:\/\/regiaonews.net.br\/2022\/wp-json\/wp\/v2\/posts\/90986\/revisions\/90988"}],"wp:featuredmedia":[{"embeddable":true,"href":"https:\/\/regiaonews.net.br\/2022\/wp-json\/wp\/v2\/media\/90987"}],"wp:attachment":[{"href":"https:\/\/regiaonews.net.br\/2022\/wp-json\/wp\/v2\/media?parent=90986"}],"wp:term":[{"taxonomy":"category","embeddable":true,"href":"https:\/\/regiaonews.net.br\/2022\/wp-json\/wp\/v2\/categories?post=90986"},{"taxonomy":"post_tag","embeddable":true,"href":"https:\/\/regiaonews.net.br\/2022\/wp-json\/wp\/v2\/tags?post=90986"}],"curies":[{"name":"wp","href":"https:\/\/api.w.org\/{rel}","templated":true}]}}