{"id":90861,"date":"2023-06-30T18:46:37","date_gmt":"2023-06-30T21:46:37","guid":{"rendered":"https:\/\/regiaonews.net.br\/2022\/?p=90861"},"modified":"2023-06-30T22:08:09","modified_gmt":"2023-07-01T01:08:09","slug":"palco-culturando-confirma-mais-de-150-atracoes-na-festa-do-peao-de-barretos","status":"publish","type":"post","link":"https:\/\/regiaonews.net.br\/2022\/2023\/06\/30\/palco-culturando-confirma-mais-de-150-atracoes-na-festa-do-peao-de-barretos\/","title":{"rendered":"Palco Culturando confirma mais de 150 atra\u00e7\u00f5es na Festa do Pe\u00e3o de Barretos"},"content":{"rendered":"<p style=\"text-align: center;\">Considerado o maior palco em diversidades cultural do Brasil, espa\u00e7o recebe shows durante os 11 dias da Festa do Pe\u00e3o de Barretos, que acontece de 17 a 27 de agosto<\/p>\n<p>O Palco Culturando \u00e9 conhecido pela representa\u00e7\u00e3o e celebra\u00e7\u00e3o da cultura brasileira. Neste ano, vai receber cerca de 150 atra\u00e7\u00f5es, representando mais de 80 cidades de 15 estados do pa\u00eds.<\/p>\n<p>Em sua 14\u00aa edi\u00e7\u00e3o, o Palco Culturando se tornou uma refer\u00eancia de preserva\u00e7\u00e3o e difus\u00e3o cultural para o p\u00fablico do evento. Na programa\u00e7\u00e3o est\u00e3o desde apresenta\u00e7\u00e3o de grupos de catira e orquestra de cordas caipira, at\u00e9 samba e pagode, festival de dan\u00e7a, m\u00fasica country, covers e muito mais.<\/p>\n<p>\u201cO Culturando \u00e9 uma atra\u00e7\u00e3o que valoriza a cultura brasileira. Vale a pena visitar e prestigiar o espa\u00e7o que cumpre com o nosso objetivo de disseminar as tradi\u00e7\u00f5es sertanejas e tamb\u00e9m regionais\u201d, conta Hussein Gemha Junior, presidente de Os Independentes, associa\u00e7\u00e3o organizadora da Festa do Pe\u00e3o de Barretos.<\/p>\n<p>O Espa\u00e7o Culturando \u2013 Palco Caravelas da Cultura \u00e9 uma interven\u00e7\u00e3o da Associa\u00e7\u00e3o de Gest\u00e3o Cultural no Interior Paulista \u201cProf. Gilberto Morgado\u201d (AGCIP), em parceria com a Associa\u00e7\u00e3o Os Independentes, A\u00e7\u00facar Caravelas e Seth Assessoria. \u201cNo Palco Culturando, a estrela maior \u00e9 o artista. O espa\u00e7o \u00e9 onde os sonhos se materializam e a arte do artista \u00e9 valorizada, impulsionando a sua carreira\u201d, declara o idealizador e coordenador geral do Palco Culturando, Edemilson Sete.<\/p>\n<p>Al\u00e9m das atra\u00e7\u00f5es no pr\u00f3prio palco, interven\u00e7\u00f5es pelas ruas do Parque do Pe\u00e3o tamb\u00e9m est\u00e3o confirmadas. \u201cOs artistas se apresentam bem pr\u00f3ximo aos visitantes, ent\u00e3o em diferentes ruas do Parque o p\u00fablico pode se deparar com um show de cultura\u201d, continua Sete.<\/p>\n<p>Confira a programa\u00e7\u00e3o completa:<br \/>\nhttps:\/\/www.independentes.com.br\/festadopeao\/palcoculturando#conteudo<\/p>\n<blockquote class=\"wp-embedded-content\" data-secret=\"SoKLb6HevK\"><p><a href=\"https:\/\/www.agcip.org.br\/palco-culturando-2023\/\">Palco Culturando 2023<\/a><\/p><\/blockquote>\n<p><iframe loading=\"lazy\" class=\"wp-embedded-content\" sandbox=\"allow-scripts\" security=\"restricted\" style=\"position: absolute; clip: rect(1px, 1px, 1px, 1px);\" title=\"&#8220;Palco Culturando 2023&#8221; &#8212; AGCIP\" src=\"https:\/\/www.agcip.org.br\/palco-culturando-2023\/embed\/#?secret=SoKLb6HevK\" data-secret=\"SoKLb6HevK\" width=\"600\" height=\"338\" frameborder=\"0\" marginwidth=\"0\" marginheight=\"0\" scrolling=\"no\"><\/iframe><\/p>\n<p>Fotos Cr\u00e9dito: Pedro Najax<\/p>\n","protected":false},"excerpt":{"rendered":"<p>Considerado o maior palco em diversidades cultural do Brasil, espa\u00e7o<\/p>\n","protected":false},"author":2,"featured_media":90862,"comment_status":"open","ping_status":"open","sticky":false,"template":"","format":"standard","meta":{"footnotes":""},"categories":[14,45],"tags":[],"class_list":["post-90861","post","type-post","status-publish","format-standard","has-post-thumbnail","hentry","category-barretos","category-festa-do-peao"],"yoast_head":"<!-- This site is optimized with the Yoast SEO plugin v27.4 - https:\/\/yoast.com\/product\/yoast-seo-wordpress\/ -->\n<title>Palco Culturando confirma mais de 150 atra\u00e7\u00f5es na Festa do Pe\u00e3o de Barretos - Regi\u00e3o News<\/title>\n<meta name=\"description\" content=\"Palco Culturando na Festa do Pe\u00e3o de Barretos. DUrante os 11 dias da Festa do Pe\u00e3o de Barretos, que acontece de 17 a 27 de agosto\" \/>\n<meta name=\"robots\" content=\"index, follow, max-snippet:-1, max-image-preview:large, max-video-preview:-1\" \/>\n<link rel=\"canonical\" href=\"https:\/\/regiaonews.net.br\/2022\/2023\/06\/30\/palco-culturando-confirma-mais-de-150-atracoes-na-festa-do-peao-de-barretos\/\" \/>\n<meta property=\"og:locale\" content=\"pt_BR\" \/>\n<meta property=\"og:type\" content=\"article\" \/>\n<meta property=\"og:title\" content=\"Palco Culturando confirma mais de 150 atra\u00e7\u00f5es na Festa do Pe\u00e3o de Barretos - Regi\u00e3o News\" \/>\n<meta property=\"og:description\" content=\"Palco Culturando na Festa do Pe\u00e3o de Barretos. DUrante os 11 dias da Festa do Pe\u00e3o de Barretos, que acontece de 17 a 27 de agosto\" \/>\n<meta property=\"og:url\" content=\"https:\/\/regiaonews.net.br\/2022\/2023\/06\/30\/palco-culturando-confirma-mais-de-150-atracoes-na-festa-do-peao-de-barretos\/\" \/>\n<meta property=\"og:site_name\" content=\"Regi\u00e3o News\" \/>\n<meta property=\"article:published_time\" content=\"2023-06-30T21:46:37+00:00\" \/>\n<meta property=\"article:modified_time\" content=\"2023-07-01T01:08:09+00:00\" \/>\n<meta property=\"og:image\" content=\"https:\/\/regiaonews.net.br\/2022\/wp-content\/uploads\/2023\/06\/WhatsApp-Image-2023-06-30-at-16.33.58.jpeg\" \/>\n\t<meta property=\"og:image:width\" content=\"1280\" \/>\n\t<meta property=\"og:image:height\" content=\"719\" \/>\n\t<meta property=\"og:image:type\" content=\"image\/jpeg\" \/>\n<meta name=\"author\" content=\"Roberto\" \/>\n<meta name=\"twitter:card\" content=\"summary_large_image\" \/>\n<meta name=\"twitter:label1\" content=\"Escrito por\" \/>\n\t<meta name=\"twitter:data1\" content=\"Roberto\" \/>\n\t<meta name=\"twitter:label2\" content=\"Est. tempo de leitura\" \/>\n\t<meta name=\"twitter:data2\" content=\"2 minutos\" \/>\n<script type=\"application\/ld+json\" class=\"yoast-schema-graph\">{\"@context\":\"https:\\\/\\\/schema.org\",\"@graph\":[{\"@type\":\"Article\",\"@id\":\"https:\\\/\\\/regiaonews.net.br\\\/2022\\\/2023\\\/06\\\/30\\\/palco-culturando-confirma-mais-de-150-atracoes-na-festa-do-peao-de-barretos\\\/#article\",\"isPartOf\":{\"@id\":\"https:\\\/\\\/regiaonews.net.br\\\/2022\\\/2023\\\/06\\\/30\\\/palco-culturando-confirma-mais-de-150-atracoes-na-festa-do-peao-de-barretos\\\/\"},\"author\":{\"name\":\"Roberto\",\"@id\":\"https:\\\/\\\/regiaonews.net.br\\\/2022\\\/#\\\/schema\\\/person\\\/2d205a608a5aa97ac279d7a5e6d89ad8\"},\"headline\":\"Palco Culturando confirma mais de 150 atra\u00e7\u00f5es na Festa do Pe\u00e3o de Barretos\",\"datePublished\":\"2023-06-30T21:46:37+00:00\",\"dateModified\":\"2023-07-01T01:08:09+00:00\",\"mainEntityOfPage\":{\"@id\":\"https:\\\/\\\/regiaonews.net.br\\\/2022\\\/2023\\\/06\\\/30\\\/palco-culturando-confirma-mais-de-150-atracoes-na-festa-do-peao-de-barretos\\\/\"},\"wordCount\":335,\"commentCount\":0,\"publisher\":{\"@id\":\"https:\\\/\\\/regiaonews.net.br\\\/2022\\\/#organization\"},\"image\":{\"@id\":\"https:\\\/\\\/regiaonews.net.br\\\/2022\\\/2023\\\/06\\\/30\\\/palco-culturando-confirma-mais-de-150-atracoes-na-festa-do-peao-de-barretos\\\/#primaryimage\"},\"thumbnailUrl\":\"https:\\\/\\\/regiaonews.net.br\\\/2022\\\/wp-content\\\/uploads\\\/2023\\\/06\\\/WhatsApp-Image-2023-06-30-at-16.33.58.jpeg\",\"articleSection\":[\"Barretos\",\"Festa do Pe\u00e3o\"],\"inLanguage\":\"pt-BR\",\"potentialAction\":[{\"@type\":\"CommentAction\",\"name\":\"Comment\",\"target\":[\"https:\\\/\\\/regiaonews.net.br\\\/2022\\\/2023\\\/06\\\/30\\\/palco-culturando-confirma-mais-de-150-atracoes-na-festa-do-peao-de-barretos\\\/#respond\"]}]},{\"@type\":\"WebPage\",\"@id\":\"https:\\\/\\\/regiaonews.net.br\\\/2022\\\/2023\\\/06\\\/30\\\/palco-culturando-confirma-mais-de-150-atracoes-na-festa-do-peao-de-barretos\\\/\",\"url\":\"https:\\\/\\\/regiaonews.net.br\\\/2022\\\/2023\\\/06\\\/30\\\/palco-culturando-confirma-mais-de-150-atracoes-na-festa-do-peao-de-barretos\\\/\",\"name\":\"Palco Culturando confirma mais de 150 atra\u00e7\u00f5es na Festa do Pe\u00e3o de Barretos - Regi\u00e3o News\",\"isPartOf\":{\"@id\":\"https:\\\/\\\/regiaonews.net.br\\\/2022\\\/#website\"},\"primaryImageOfPage\":{\"@id\":\"https:\\\/\\\/regiaonews.net.br\\\/2022\\\/2023\\\/06\\\/30\\\/palco-culturando-confirma-mais-de-150-atracoes-na-festa-do-peao-de-barretos\\\/#primaryimage\"},\"image\":{\"@id\":\"https:\\\/\\\/regiaonews.net.br\\\/2022\\\/2023\\\/06\\\/30\\\/palco-culturando-confirma-mais-de-150-atracoes-na-festa-do-peao-de-barretos\\\/#primaryimage\"},\"thumbnailUrl\":\"https:\\\/\\\/regiaonews.net.br\\\/2022\\\/wp-content\\\/uploads\\\/2023\\\/06\\\/WhatsApp-Image-2023-06-30-at-16.33.58.jpeg\",\"datePublished\":\"2023-06-30T21:46:37+00:00\",\"dateModified\":\"2023-07-01T01:08:09+00:00\",\"description\":\"Palco Culturando na Festa do Pe\u00e3o de Barretos. DUrante os 11 dias da Festa do Pe\u00e3o de Barretos, que acontece de 17 a 27 de agosto\",\"breadcrumb\":{\"@id\":\"https:\\\/\\\/regiaonews.net.br\\\/2022\\\/2023\\\/06\\\/30\\\/palco-culturando-confirma-mais-de-150-atracoes-na-festa-do-peao-de-barretos\\\/#breadcrumb\"},\"inLanguage\":\"pt-BR\",\"potentialAction\":[{\"@type\":\"ReadAction\",\"target\":[\"https:\\\/\\\/regiaonews.net.br\\\/2022\\\/2023\\\/06\\\/30\\\/palco-culturando-confirma-mais-de-150-atracoes-na-festa-do-peao-de-barretos\\\/\"]}]},{\"@type\":\"ImageObject\",\"inLanguage\":\"pt-BR\",\"@id\":\"https:\\\/\\\/regiaonews.net.br\\\/2022\\\/2023\\\/06\\\/30\\\/palco-culturando-confirma-mais-de-150-atracoes-na-festa-do-peao-de-barretos\\\/#primaryimage\",\"url\":\"https:\\\/\\\/regiaonews.net.br\\\/2022\\\/wp-content\\\/uploads\\\/2023\\\/06\\\/WhatsApp-Image-2023-06-30-at-16.33.58.jpeg\",\"contentUrl\":\"https:\\\/\\\/regiaonews.net.br\\\/2022\\\/wp-content\\\/uploads\\\/2023\\\/06\\\/WhatsApp-Image-2023-06-30-at-16.33.58.jpeg\",\"width\":1280,\"height\":719},{\"@type\":\"BreadcrumbList\",\"@id\":\"https:\\\/\\\/regiaonews.net.br\\\/2022\\\/2023\\\/06\\\/30\\\/palco-culturando-confirma-mais-de-150-atracoes-na-festa-do-peao-de-barretos\\\/#breadcrumb\",\"itemListElement\":[{\"@type\":\"ListItem\",\"position\":1,\"name\":\"In\u00edcio\",\"item\":\"https:\\\/\\\/regiaonews.net.br\\\/2022\\\/\"},{\"@type\":\"ListItem\",\"position\":2,\"name\":\"Palco Culturando confirma mais de 150 atra\u00e7\u00f5es na Festa do Pe\u00e3o de Barretos\"}]},{\"@type\":\"WebSite\",\"@id\":\"https:\\\/\\\/regiaonews.net.br\\\/2022\\\/#website\",\"url\":\"https:\\\/\\\/regiaonews.net.br\\\/2022\\\/\",\"name\":\"Regi\u00e3o News\",\"description\":\"Site de Not\u00edcias de Barretos e regi\u00e3o\",\"publisher\":{\"@id\":\"https:\\\/\\\/regiaonews.net.br\\\/2022\\\/#organization\"},\"potentialAction\":[{\"@type\":\"SearchAction\",\"target\":{\"@type\":\"EntryPoint\",\"urlTemplate\":\"https:\\\/\\\/regiaonews.net.br\\\/2022\\\/?s={search_term_string}\"},\"query-input\":{\"@type\":\"PropertyValueSpecification\",\"valueRequired\":true,\"valueName\":\"search_term_string\"}}],\"inLanguage\":\"pt-BR\"},{\"@type\":\"Organization\",\"@id\":\"https:\\\/\\\/regiaonews.net.br\\\/2022\\\/#organization\",\"name\":\"Regi\u00e3o News\",\"url\":\"https:\\\/\\\/regiaonews.net.br\\\/2022\\\/\",\"logo\":{\"@type\":\"ImageObject\",\"inLanguage\":\"pt-BR\",\"@id\":\"https:\\\/\\\/regiaonews.net.br\\\/2022\\\/#\\\/schema\\\/logo\\\/image\\\/\",\"url\":\"https:\\\/\\\/regiaonews.net.br\\\/2022\\\/wp-content\\\/uploads\\\/2026\\\/03\\\/regiao-13-anos-scaled.jpg\",\"contentUrl\":\"https:\\\/\\\/regiaonews.net.br\\\/2022\\\/wp-content\\\/uploads\\\/2026\\\/03\\\/regiao-13-anos-scaled.jpg\",\"width\":2560,\"height\":635,\"caption\":\"Regi\u00e3o News\"},\"image\":{\"@id\":\"https:\\\/\\\/regiaonews.net.br\\\/2022\\\/#\\\/schema\\\/logo\\\/image\\\/\"}},{\"@type\":\"Person\",\"@id\":\"https:\\\/\\\/regiaonews.net.br\\\/2022\\\/#\\\/schema\\\/person\\\/2d205a608a5aa97ac279d7a5e6d89ad8\",\"name\":\"Roberto\",\"image\":{\"@type\":\"ImageObject\",\"inLanguage\":\"pt-BR\",\"@id\":\"https:\\\/\\\/secure.gravatar.com\\\/avatar\\\/42749d8b712ff9d59ca93dc150494e5b55a44134482993f5baeb97e61b7ecc89?s=96&d=mm&r=g\",\"url\":\"https:\\\/\\\/secure.gravatar.com\\\/avatar\\\/42749d8b712ff9d59ca93dc150494e5b55a44134482993f5baeb97e61b7ecc89?s=96&d=mm&r=g\",\"contentUrl\":\"https:\\\/\\\/secure.gravatar.com\\\/avatar\\\/42749d8b712ff9d59ca93dc150494e5b55a44134482993f5baeb97e61b7ecc89?s=96&d=mm&r=g\",\"caption\":\"Roberto\"},\"url\":\"https:\\\/\\\/regiaonews.net.br\\\/2022\\\/author\\\/roberto\\\/\"}]}<\/script>\n<!-- \/ Yoast SEO plugin. -->","yoast_head_json":{"title":"Palco Culturando confirma mais de 150 atra\u00e7\u00f5es na Festa do Pe\u00e3o de Barretos - Regi\u00e3o News","description":"Palco Culturando na Festa do Pe\u00e3o de Barretos. DUrante os 11 dias da Festa do Pe\u00e3o de Barretos, que acontece de 17 a 27 de agosto","robots":{"index":"index","follow":"follow","max-snippet":"max-snippet:-1","max-image-preview":"max-image-preview:large","max-video-preview":"max-video-preview:-1"},"canonical":"https:\/\/regiaonews.net.br\/2022\/2023\/06\/30\/palco-culturando-confirma-mais-de-150-atracoes-na-festa-do-peao-de-barretos\/","og_locale":"pt_BR","og_type":"article","og_title":"Palco Culturando confirma mais de 150 atra\u00e7\u00f5es na Festa do Pe\u00e3o de Barretos - Regi\u00e3o News","og_description":"Palco Culturando na Festa do Pe\u00e3o de Barretos. DUrante os 11 dias da Festa do Pe\u00e3o de Barretos, que acontece de 17 a 27 de agosto","og_url":"https:\/\/regiaonews.net.br\/2022\/2023\/06\/30\/palco-culturando-confirma-mais-de-150-atracoes-na-festa-do-peao-de-barretos\/","og_site_name":"Regi\u00e3o News","article_published_time":"2023-06-30T21:46:37+00:00","article_modified_time":"2023-07-01T01:08:09+00:00","og_image":[{"width":1280,"height":719,"url":"https:\/\/regiaonews.net.br\/2022\/wp-content\/uploads\/2023\/06\/WhatsApp-Image-2023-06-30-at-16.33.58.jpeg","type":"image\/jpeg"}],"author":"Roberto","twitter_card":"summary_large_image","twitter_misc":{"Escrito por":"Roberto","Est. tempo de leitura":"2 minutos"},"schema":{"@context":"https:\/\/schema.org","@graph":[{"@type":"Article","@id":"https:\/\/regiaonews.net.br\/2022\/2023\/06\/30\/palco-culturando-confirma-mais-de-150-atracoes-na-festa-do-peao-de-barretos\/#article","isPartOf":{"@id":"https:\/\/regiaonews.net.br\/2022\/2023\/06\/30\/palco-culturando-confirma-mais-de-150-atracoes-na-festa-do-peao-de-barretos\/"},"author":{"name":"Roberto","@id":"https:\/\/regiaonews.net.br\/2022\/#\/schema\/person\/2d205a608a5aa97ac279d7a5e6d89ad8"},"headline":"Palco Culturando confirma mais de 150 atra\u00e7\u00f5es na Festa do Pe\u00e3o de Barretos","datePublished":"2023-06-30T21:46:37+00:00","dateModified":"2023-07-01T01:08:09+00:00","mainEntityOfPage":{"@id":"https:\/\/regiaonews.net.br\/2022\/2023\/06\/30\/palco-culturando-confirma-mais-de-150-atracoes-na-festa-do-peao-de-barretos\/"},"wordCount":335,"commentCount":0,"publisher":{"@id":"https:\/\/regiaonews.net.br\/2022\/#organization"},"image":{"@id":"https:\/\/regiaonews.net.br\/2022\/2023\/06\/30\/palco-culturando-confirma-mais-de-150-atracoes-na-festa-do-peao-de-barretos\/#primaryimage"},"thumbnailUrl":"https:\/\/regiaonews.net.br\/2022\/wp-content\/uploads\/2023\/06\/WhatsApp-Image-2023-06-30-at-16.33.58.jpeg","articleSection":["Barretos","Festa do Pe\u00e3o"],"inLanguage":"pt-BR","potentialAction":[{"@type":"CommentAction","name":"Comment","target":["https:\/\/regiaonews.net.br\/2022\/2023\/06\/30\/palco-culturando-confirma-mais-de-150-atracoes-na-festa-do-peao-de-barretos\/#respond"]}]},{"@type":"WebPage","@id":"https:\/\/regiaonews.net.br\/2022\/2023\/06\/30\/palco-culturando-confirma-mais-de-150-atracoes-na-festa-do-peao-de-barretos\/","url":"https:\/\/regiaonews.net.br\/2022\/2023\/06\/30\/palco-culturando-confirma-mais-de-150-atracoes-na-festa-do-peao-de-barretos\/","name":"Palco Culturando confirma mais de 150 atra\u00e7\u00f5es na Festa do Pe\u00e3o de Barretos - Regi\u00e3o News","isPartOf":{"@id":"https:\/\/regiaonews.net.br\/2022\/#website"},"primaryImageOfPage":{"@id":"https:\/\/regiaonews.net.br\/2022\/2023\/06\/30\/palco-culturando-confirma-mais-de-150-atracoes-na-festa-do-peao-de-barretos\/#primaryimage"},"image":{"@id":"https:\/\/regiaonews.net.br\/2022\/2023\/06\/30\/palco-culturando-confirma-mais-de-150-atracoes-na-festa-do-peao-de-barretos\/#primaryimage"},"thumbnailUrl":"https:\/\/regiaonews.net.br\/2022\/wp-content\/uploads\/2023\/06\/WhatsApp-Image-2023-06-30-at-16.33.58.jpeg","datePublished":"2023-06-30T21:46:37+00:00","dateModified":"2023-07-01T01:08:09+00:00","description":"Palco Culturando na Festa do Pe\u00e3o de Barretos. DUrante os 11 dias da Festa do Pe\u00e3o de Barretos, que acontece de 17 a 27 de agosto","breadcrumb":{"@id":"https:\/\/regiaonews.net.br\/2022\/2023\/06\/30\/palco-culturando-confirma-mais-de-150-atracoes-na-festa-do-peao-de-barretos\/#breadcrumb"},"inLanguage":"pt-BR","potentialAction":[{"@type":"ReadAction","target":["https:\/\/regiaonews.net.br\/2022\/2023\/06\/30\/palco-culturando-confirma-mais-de-150-atracoes-na-festa-do-peao-de-barretos\/"]}]},{"@type":"ImageObject","inLanguage":"pt-BR","@id":"https:\/\/regiaonews.net.br\/2022\/2023\/06\/30\/palco-culturando-confirma-mais-de-150-atracoes-na-festa-do-peao-de-barretos\/#primaryimage","url":"https:\/\/regiaonews.net.br\/2022\/wp-content\/uploads\/2023\/06\/WhatsApp-Image-2023-06-30-at-16.33.58.jpeg","contentUrl":"https:\/\/regiaonews.net.br\/2022\/wp-content\/uploads\/2023\/06\/WhatsApp-Image-2023-06-30-at-16.33.58.jpeg","width":1280,"height":719},{"@type":"BreadcrumbList","@id":"https:\/\/regiaonews.net.br\/2022\/2023\/06\/30\/palco-culturando-confirma-mais-de-150-atracoes-na-festa-do-peao-de-barretos\/#breadcrumb","itemListElement":[{"@type":"ListItem","position":1,"name":"In\u00edcio","item":"https:\/\/regiaonews.net.br\/2022\/"},{"@type":"ListItem","position":2,"name":"Palco Culturando confirma mais de 150 atra\u00e7\u00f5es na Festa do Pe\u00e3o de Barretos"}]},{"@type":"WebSite","@id":"https:\/\/regiaonews.net.br\/2022\/#website","url":"https:\/\/regiaonews.net.br\/2022\/","name":"Regi\u00e3o News","description":"Site de Not\u00edcias de Barretos e regi\u00e3o","publisher":{"@id":"https:\/\/regiaonews.net.br\/2022\/#organization"},"potentialAction":[{"@type":"SearchAction","target":{"@type":"EntryPoint","urlTemplate":"https:\/\/regiaonews.net.br\/2022\/?s={search_term_string}"},"query-input":{"@type":"PropertyValueSpecification","valueRequired":true,"valueName":"search_term_string"}}],"inLanguage":"pt-BR"},{"@type":"Organization","@id":"https:\/\/regiaonews.net.br\/2022\/#organization","name":"Regi\u00e3o News","url":"https:\/\/regiaonews.net.br\/2022\/","logo":{"@type":"ImageObject","inLanguage":"pt-BR","@id":"https:\/\/regiaonews.net.br\/2022\/#\/schema\/logo\/image\/","url":"https:\/\/regiaonews.net.br\/2022\/wp-content\/uploads\/2026\/03\/regiao-13-anos-scaled.jpg","contentUrl":"https:\/\/regiaonews.net.br\/2022\/wp-content\/uploads\/2026\/03\/regiao-13-anos-scaled.jpg","width":2560,"height":635,"caption":"Regi\u00e3o News"},"image":{"@id":"https:\/\/regiaonews.net.br\/2022\/#\/schema\/logo\/image\/"}},{"@type":"Person","@id":"https:\/\/regiaonews.net.br\/2022\/#\/schema\/person\/2d205a608a5aa97ac279d7a5e6d89ad8","name":"Roberto","image":{"@type":"ImageObject","inLanguage":"pt-BR","@id":"https:\/\/secure.gravatar.com\/avatar\/42749d8b712ff9d59ca93dc150494e5b55a44134482993f5baeb97e61b7ecc89?s=96&d=mm&r=g","url":"https:\/\/secure.gravatar.com\/avatar\/42749d8b712ff9d59ca93dc150494e5b55a44134482993f5baeb97e61b7ecc89?s=96&d=mm&r=g","contentUrl":"https:\/\/secure.gravatar.com\/avatar\/42749d8b712ff9d59ca93dc150494e5b55a44134482993f5baeb97e61b7ecc89?s=96&d=mm&r=g","caption":"Roberto"},"url":"https:\/\/regiaonews.net.br\/2022\/author\/roberto\/"}]}},"publishpress_future_action":{"enabled":false,"date":"2026-05-03 06:59:13","action":"change-status","newStatus":"draft","terms":[],"taxonomy":"category","extraData":[]},"publishpress_future_workflow_manual_trigger":{"enabledWorkflows":[]},"_links":{"self":[{"href":"https:\/\/regiaonews.net.br\/2022\/wp-json\/wp\/v2\/posts\/90861","targetHints":{"allow":["GET"]}}],"collection":[{"href":"https:\/\/regiaonews.net.br\/2022\/wp-json\/wp\/v2\/posts"}],"about":[{"href":"https:\/\/regiaonews.net.br\/2022\/wp-json\/wp\/v2\/types\/post"}],"author":[{"embeddable":true,"href":"https:\/\/regiaonews.net.br\/2022\/wp-json\/wp\/v2\/users\/2"}],"replies":[{"embeddable":true,"href":"https:\/\/regiaonews.net.br\/2022\/wp-json\/wp\/v2\/comments?post=90861"}],"version-history":[{"count":4,"href":"https:\/\/regiaonews.net.br\/2022\/wp-json\/wp\/v2\/posts\/90861\/revisions"}],"predecessor-version":[{"id":90871,"href":"https:\/\/regiaonews.net.br\/2022\/wp-json\/wp\/v2\/posts\/90861\/revisions\/90871"}],"wp:featuredmedia":[{"embeddable":true,"href":"https:\/\/regiaonews.net.br\/2022\/wp-json\/wp\/v2\/media\/90862"}],"wp:attachment":[{"href":"https:\/\/regiaonews.net.br\/2022\/wp-json\/wp\/v2\/media?parent=90861"}],"wp:term":[{"taxonomy":"category","embeddable":true,"href":"https:\/\/regiaonews.net.br\/2022\/wp-json\/wp\/v2\/categories?post=90861"},{"taxonomy":"post_tag","embeddable":true,"href":"https:\/\/regiaonews.net.br\/2022\/wp-json\/wp\/v2\/tags?post=90861"}],"curies":[{"name":"wp","href":"https:\/\/api.w.org\/{rel}","templated":true}]}}