{"id":90859,"date":"2023-06-30T18:33:52","date_gmt":"2023-06-30T21:33:52","guid":{"rendered":"https:\/\/regiaonews.net.br\/2022\/?p=90859"},"modified":"2023-06-30T18:34:09","modified_gmt":"2023-06-30T21:34:09","slug":"campanha-de-vacinacao-contra-a-gripe-e-prorrogada-ate-31-de-julho","status":"publish","type":"post","link":"https:\/\/regiaonews.net.br\/2022\/2023\/06\/30\/campanha-de-vacinacao-contra-a-gripe-e-prorrogada-ate-31-de-julho\/","title":{"rendered":"Campanha de vacina\u00e7\u00e3o contra a gripe \u00e9 prorrogada at\u00e9 31 de julho"},"content":{"rendered":"<p>&nbsp;<\/p>\n<p>Secretaria da Sa\u00fade segue estrat\u00e9gia do Governo do Estado com o objetivo de ampliar a cobertura vacinal que continua abaixo da meta<\/p>\n<p>A Secretaria Municipal de Sa\u00fade confirmou que ir\u00e1 seguir a estrat\u00e9gia do Governo do Estado e prorrogar\u00e1 a campanha de vacina\u00e7\u00e3o contra a gripe at\u00e9 31 de julho.<\/p>\n<p>At\u00e9 o momento, aproximadamente 29 mil pessoas se vacinaram contra a doen\u00e7a no munic\u00edpio. A cobertura vacinal entre as crian\u00e7as subiu para 24%, mas continua muito abaixo de meta.<\/p>\n<p>A vacina continuar\u00e1 dispon\u00edvel em todas as Unidades B\u00e1sicas de Sa\u00fade (UBSs) da Est\u00e2ncia Tur\u00edstica de Barretos de segunda a sexta-feira, das 8 \u00e0s 16h, para toda a popula\u00e7\u00e3o, a partir de 6 meses de idade. Tamb\u00e9m seguem dispon\u00edveis as vacinas contra Covid-19 e as vacinas de rotina.<\/p>\n<p>For\u00e7a-tarefa<\/p>\n<p>Em raz\u00e3o da baixa cobertura vacinal na cidade, a Secretaria de Sa\u00fade se mobilizou nos \u00faltimos dias com a\u00e7\u00f5es extraordin\u00e1rias de vacina\u00e7\u00e3o para crian\u00e7as e adultos. Entre os dias 26 e 30 de junho, as UBSs dos bairros Barretos II e Mar\u00edlia ampliaram as possibilidades, com a vacina\u00e7\u00e3o noturna das 18 \u00e0s 21h. Entre segunda e quinta-feira (26 e 29), 245 pessoas se beneficiaram da vacina\u00e7\u00e3o noturna.<\/p>\n<p>No \u00faltimo s\u00e1bado, dia 24, a a\u00e7\u00e3o extraordin\u00e1ria para imuniza\u00e7\u00e3o da popula\u00e7\u00e3o foi no North Shopping Barretos, quando foram aplicadas 93 doses de vacina contra a gripe e 42 contra a covid-19.<\/p>\n","protected":false},"excerpt":{"rendered":"<p>&nbsp; Secretaria da Sa\u00fade segue estrat\u00e9gia do Governo do Estado<\/p>\n","protected":false},"author":2,"featured_media":46974,"comment_status":"open","ping_status":"open","sticky":false,"template":"","format":"standard","meta":{"footnotes":""},"categories":[14,25],"tags":[],"class_list":["post-90859","post","type-post","status-publish","format-standard","has-post-thumbnail","hentry","category-barretos","category-cidades"],"yoast_head":"<!-- This site is optimized with the Yoast SEO plugin v27.4 - https:\/\/yoast.com\/product\/yoast-seo-wordpress\/ -->\n<title>Campanha de vacina\u00e7\u00e3o contra a gripe \u00e9 prorrogada at\u00e9 31 de julho - Regi\u00e3o News<\/title>\n<meta name=\"description\" content=\"Campanha de vacina\u00e7\u00e3o contra a gripe \u00e9 prorrogada at\u00e9 31 de julho\" \/>\n<meta name=\"robots\" content=\"index, follow, max-snippet:-1, max-image-preview:large, max-video-preview:-1\" \/>\n<link rel=\"canonical\" href=\"https:\/\/regiaonews.net.br\/2022\/2023\/06\/30\/campanha-de-vacinacao-contra-a-gripe-e-prorrogada-ate-31-de-julho\/\" \/>\n<meta property=\"og:locale\" content=\"pt_BR\" \/>\n<meta property=\"og:type\" content=\"article\" \/>\n<meta property=\"og:title\" content=\"Campanha de vacina\u00e7\u00e3o contra a gripe \u00e9 prorrogada at\u00e9 31 de julho - Regi\u00e3o News\" \/>\n<meta property=\"og:description\" content=\"Campanha de vacina\u00e7\u00e3o contra a gripe \u00e9 prorrogada at\u00e9 31 de julho\" \/>\n<meta property=\"og:url\" content=\"https:\/\/regiaonews.net.br\/2022\/2023\/06\/30\/campanha-de-vacinacao-contra-a-gripe-e-prorrogada-ate-31-de-julho\/\" \/>\n<meta property=\"og:site_name\" content=\"Regi\u00e3o News\" \/>\n<meta property=\"article:published_time\" content=\"2023-06-30T21:33:52+00:00\" \/>\n<meta property=\"article:modified_time\" content=\"2023-06-30T21:34:09+00:00\" \/>\n<meta property=\"og:image\" content=\"https:\/\/regiaonews.net.br\/2022\/wp-content\/uploads\/2021\/05\/vacinacao_drive_thru_universidade_estadual_do_rio_de_janeiro_uerj_tnrgo_abr_2502214596_0.jpg\" \/>\n\t<meta property=\"og:image:width\" content=\"1170\" \/>\n\t<meta property=\"og:image:height\" content=\"700\" \/>\n\t<meta property=\"og:image:type\" content=\"image\/jpeg\" \/>\n<meta name=\"author\" content=\"Roberto\" \/>\n<meta name=\"twitter:card\" content=\"summary_large_image\" \/>\n<meta name=\"twitter:label1\" content=\"Escrito por\" \/>\n\t<meta name=\"twitter:data1\" content=\"Roberto\" \/>\n\t<meta name=\"twitter:label2\" content=\"Est. tempo de leitura\" \/>\n\t<meta name=\"twitter:data2\" content=\"2 minutos\" \/>\n<script type=\"application\/ld+json\" class=\"yoast-schema-graph\">{\"@context\":\"https:\\\/\\\/schema.org\",\"@graph\":[{\"@type\":\"Article\",\"@id\":\"https:\\\/\\\/regiaonews.net.br\\\/2022\\\/2023\\\/06\\\/30\\\/campanha-de-vacinacao-contra-a-gripe-e-prorrogada-ate-31-de-julho\\\/#article\",\"isPartOf\":{\"@id\":\"https:\\\/\\\/regiaonews.net.br\\\/2022\\\/2023\\\/06\\\/30\\\/campanha-de-vacinacao-contra-a-gripe-e-prorrogada-ate-31-de-julho\\\/\"},\"author\":{\"name\":\"Roberto\",\"@id\":\"https:\\\/\\\/regiaonews.net.br\\\/2022\\\/#\\\/schema\\\/person\\\/2d205a608a5aa97ac279d7a5e6d89ad8\"},\"headline\":\"Campanha de vacina\u00e7\u00e3o contra a gripe \u00e9 prorrogada at\u00e9 31 de julho\",\"datePublished\":\"2023-06-30T21:33:52+00:00\",\"dateModified\":\"2023-06-30T21:34:09+00:00\",\"mainEntityOfPage\":{\"@id\":\"https:\\\/\\\/regiaonews.net.br\\\/2022\\\/2023\\\/06\\\/30\\\/campanha-de-vacinacao-contra-a-gripe-e-prorrogada-ate-31-de-julho\\\/\"},\"wordCount\":256,\"commentCount\":0,\"publisher\":{\"@id\":\"https:\\\/\\\/regiaonews.net.br\\\/2022\\\/#organization\"},\"image\":{\"@id\":\"https:\\\/\\\/regiaonews.net.br\\\/2022\\\/2023\\\/06\\\/30\\\/campanha-de-vacinacao-contra-a-gripe-e-prorrogada-ate-31-de-julho\\\/#primaryimage\"},\"thumbnailUrl\":\"https:\\\/\\\/regiaonews.net.br\\\/2022\\\/wp-content\\\/uploads\\\/2021\\\/05\\\/vacinacao_drive_thru_universidade_estadual_do_rio_de_janeiro_uerj_tnrgo_abr_2502214596_0.jpg\",\"articleSection\":[\"Barretos\",\"Cidades\"],\"inLanguage\":\"pt-BR\",\"potentialAction\":[{\"@type\":\"CommentAction\",\"name\":\"Comment\",\"target\":[\"https:\\\/\\\/regiaonews.net.br\\\/2022\\\/2023\\\/06\\\/30\\\/campanha-de-vacinacao-contra-a-gripe-e-prorrogada-ate-31-de-julho\\\/#respond\"]}]},{\"@type\":\"WebPage\",\"@id\":\"https:\\\/\\\/regiaonews.net.br\\\/2022\\\/2023\\\/06\\\/30\\\/campanha-de-vacinacao-contra-a-gripe-e-prorrogada-ate-31-de-julho\\\/\",\"url\":\"https:\\\/\\\/regiaonews.net.br\\\/2022\\\/2023\\\/06\\\/30\\\/campanha-de-vacinacao-contra-a-gripe-e-prorrogada-ate-31-de-julho\\\/\",\"name\":\"Campanha de vacina\u00e7\u00e3o contra a gripe \u00e9 prorrogada at\u00e9 31 de julho - Regi\u00e3o News\",\"isPartOf\":{\"@id\":\"https:\\\/\\\/regiaonews.net.br\\\/2022\\\/#website\"},\"primaryImageOfPage\":{\"@id\":\"https:\\\/\\\/regiaonews.net.br\\\/2022\\\/2023\\\/06\\\/30\\\/campanha-de-vacinacao-contra-a-gripe-e-prorrogada-ate-31-de-julho\\\/#primaryimage\"},\"image\":{\"@id\":\"https:\\\/\\\/regiaonews.net.br\\\/2022\\\/2023\\\/06\\\/30\\\/campanha-de-vacinacao-contra-a-gripe-e-prorrogada-ate-31-de-julho\\\/#primaryimage\"},\"thumbnailUrl\":\"https:\\\/\\\/regiaonews.net.br\\\/2022\\\/wp-content\\\/uploads\\\/2021\\\/05\\\/vacinacao_drive_thru_universidade_estadual_do_rio_de_janeiro_uerj_tnrgo_abr_2502214596_0.jpg\",\"datePublished\":\"2023-06-30T21:33:52+00:00\",\"dateModified\":\"2023-06-30T21:34:09+00:00\",\"description\":\"Campanha de vacina\u00e7\u00e3o contra a gripe \u00e9 prorrogada at\u00e9 31 de julho\",\"breadcrumb\":{\"@id\":\"https:\\\/\\\/regiaonews.net.br\\\/2022\\\/2023\\\/06\\\/30\\\/campanha-de-vacinacao-contra-a-gripe-e-prorrogada-ate-31-de-julho\\\/#breadcrumb\"},\"inLanguage\":\"pt-BR\",\"potentialAction\":[{\"@type\":\"ReadAction\",\"target\":[\"https:\\\/\\\/regiaonews.net.br\\\/2022\\\/2023\\\/06\\\/30\\\/campanha-de-vacinacao-contra-a-gripe-e-prorrogada-ate-31-de-julho\\\/\"]}]},{\"@type\":\"ImageObject\",\"inLanguage\":\"pt-BR\",\"@id\":\"https:\\\/\\\/regiaonews.net.br\\\/2022\\\/2023\\\/06\\\/30\\\/campanha-de-vacinacao-contra-a-gripe-e-prorrogada-ate-31-de-julho\\\/#primaryimage\",\"url\":\"https:\\\/\\\/regiaonews.net.br\\\/2022\\\/wp-content\\\/uploads\\\/2021\\\/05\\\/vacinacao_drive_thru_universidade_estadual_do_rio_de_janeiro_uerj_tnrgo_abr_2502214596_0.jpg\",\"contentUrl\":\"https:\\\/\\\/regiaonews.net.br\\\/2022\\\/wp-content\\\/uploads\\\/2021\\\/05\\\/vacinacao_drive_thru_universidade_estadual_do_rio_de_janeiro_uerj_tnrgo_abr_2502214596_0.jpg\",\"width\":1170,\"height\":700,\"caption\":\"Vacina\u00e7\u00e3o drive thru na Universidade Estadual do Rio de Janeiro (UERJ), zona norte do Rio. A cidade do Rio de Janeiro retoma hoje (25) sua campanha de aplica\u00e7\u00e3o da primeira dose da vacina contra a covid-19 em idosos da popula\u00e7\u00e3o em geral. Hoje ser\u00e3o vacinados os idosos com 82 anos.\"},{\"@type\":\"BreadcrumbList\",\"@id\":\"https:\\\/\\\/regiaonews.net.br\\\/2022\\\/2023\\\/06\\\/30\\\/campanha-de-vacinacao-contra-a-gripe-e-prorrogada-ate-31-de-julho\\\/#breadcrumb\",\"itemListElement\":[{\"@type\":\"ListItem\",\"position\":1,\"name\":\"In\u00edcio\",\"item\":\"https:\\\/\\\/regiaonews.net.br\\\/2022\\\/\"},{\"@type\":\"ListItem\",\"position\":2,\"name\":\"Campanha de vacina\u00e7\u00e3o contra a gripe \u00e9 prorrogada at\u00e9 31 de julho\"}]},{\"@type\":\"WebSite\",\"@id\":\"https:\\\/\\\/regiaonews.net.br\\\/2022\\\/#website\",\"url\":\"https:\\\/\\\/regiaonews.net.br\\\/2022\\\/\",\"name\":\"Regi\u00e3o News\",\"description\":\"Site de Not\u00edcias de Barretos e regi\u00e3o\",\"publisher\":{\"@id\":\"https:\\\/\\\/regiaonews.net.br\\\/2022\\\/#organization\"},\"potentialAction\":[{\"@type\":\"SearchAction\",\"target\":{\"@type\":\"EntryPoint\",\"urlTemplate\":\"https:\\\/\\\/regiaonews.net.br\\\/2022\\\/?s={search_term_string}\"},\"query-input\":{\"@type\":\"PropertyValueSpecification\",\"valueRequired\":true,\"valueName\":\"search_term_string\"}}],\"inLanguage\":\"pt-BR\"},{\"@type\":\"Organization\",\"@id\":\"https:\\\/\\\/regiaonews.net.br\\\/2022\\\/#organization\",\"name\":\"Regi\u00e3o News\",\"url\":\"https:\\\/\\\/regiaonews.net.br\\\/2022\\\/\",\"logo\":{\"@type\":\"ImageObject\",\"inLanguage\":\"pt-BR\",\"@id\":\"https:\\\/\\\/regiaonews.net.br\\\/2022\\\/#\\\/schema\\\/logo\\\/image\\\/\",\"url\":\"https:\\\/\\\/regiaonews.net.br\\\/2022\\\/wp-content\\\/uploads\\\/2026\\\/03\\\/regiao-13-anos-scaled.jpg\",\"contentUrl\":\"https:\\\/\\\/regiaonews.net.br\\\/2022\\\/wp-content\\\/uploads\\\/2026\\\/03\\\/regiao-13-anos-scaled.jpg\",\"width\":2560,\"height\":635,\"caption\":\"Regi\u00e3o News\"},\"image\":{\"@id\":\"https:\\\/\\\/regiaonews.net.br\\\/2022\\\/#\\\/schema\\\/logo\\\/image\\\/\"}},{\"@type\":\"Person\",\"@id\":\"https:\\\/\\\/regiaonews.net.br\\\/2022\\\/#\\\/schema\\\/person\\\/2d205a608a5aa97ac279d7a5e6d89ad8\",\"name\":\"Roberto\",\"image\":{\"@type\":\"ImageObject\",\"inLanguage\":\"pt-BR\",\"@id\":\"https:\\\/\\\/secure.gravatar.com\\\/avatar\\\/42749d8b712ff9d59ca93dc150494e5b55a44134482993f5baeb97e61b7ecc89?s=96&d=mm&r=g\",\"url\":\"https:\\\/\\\/secure.gravatar.com\\\/avatar\\\/42749d8b712ff9d59ca93dc150494e5b55a44134482993f5baeb97e61b7ecc89?s=96&d=mm&r=g\",\"contentUrl\":\"https:\\\/\\\/secure.gravatar.com\\\/avatar\\\/42749d8b712ff9d59ca93dc150494e5b55a44134482993f5baeb97e61b7ecc89?s=96&d=mm&r=g\",\"caption\":\"Roberto\"},\"url\":\"https:\\\/\\\/regiaonews.net.br\\\/2022\\\/author\\\/roberto\\\/\"}]}<\/script>\n<!-- \/ Yoast SEO plugin. -->","yoast_head_json":{"title":"Campanha de vacina\u00e7\u00e3o contra a gripe \u00e9 prorrogada at\u00e9 31 de julho - Regi\u00e3o News","description":"Campanha de vacina\u00e7\u00e3o contra a gripe \u00e9 prorrogada at\u00e9 31 de julho","robots":{"index":"index","follow":"follow","max-snippet":"max-snippet:-1","max-image-preview":"max-image-preview:large","max-video-preview":"max-video-preview:-1"},"canonical":"https:\/\/regiaonews.net.br\/2022\/2023\/06\/30\/campanha-de-vacinacao-contra-a-gripe-e-prorrogada-ate-31-de-julho\/","og_locale":"pt_BR","og_type":"article","og_title":"Campanha de vacina\u00e7\u00e3o contra a gripe \u00e9 prorrogada at\u00e9 31 de julho - Regi\u00e3o News","og_description":"Campanha de vacina\u00e7\u00e3o contra a gripe \u00e9 prorrogada at\u00e9 31 de julho","og_url":"https:\/\/regiaonews.net.br\/2022\/2023\/06\/30\/campanha-de-vacinacao-contra-a-gripe-e-prorrogada-ate-31-de-julho\/","og_site_name":"Regi\u00e3o News","article_published_time":"2023-06-30T21:33:52+00:00","article_modified_time":"2023-06-30T21:34:09+00:00","og_image":[{"width":1170,"height":700,"url":"https:\/\/regiaonews.net.br\/2022\/wp-content\/uploads\/2021\/05\/vacinacao_drive_thru_universidade_estadual_do_rio_de_janeiro_uerj_tnrgo_abr_2502214596_0.jpg","type":"image\/jpeg"}],"author":"Roberto","twitter_card":"summary_large_image","twitter_misc":{"Escrito por":"Roberto","Est. tempo de leitura":"2 minutos"},"schema":{"@context":"https:\/\/schema.org","@graph":[{"@type":"Article","@id":"https:\/\/regiaonews.net.br\/2022\/2023\/06\/30\/campanha-de-vacinacao-contra-a-gripe-e-prorrogada-ate-31-de-julho\/#article","isPartOf":{"@id":"https:\/\/regiaonews.net.br\/2022\/2023\/06\/30\/campanha-de-vacinacao-contra-a-gripe-e-prorrogada-ate-31-de-julho\/"},"author":{"name":"Roberto","@id":"https:\/\/regiaonews.net.br\/2022\/#\/schema\/person\/2d205a608a5aa97ac279d7a5e6d89ad8"},"headline":"Campanha de vacina\u00e7\u00e3o contra a gripe \u00e9 prorrogada at\u00e9 31 de julho","datePublished":"2023-06-30T21:33:52+00:00","dateModified":"2023-06-30T21:34:09+00:00","mainEntityOfPage":{"@id":"https:\/\/regiaonews.net.br\/2022\/2023\/06\/30\/campanha-de-vacinacao-contra-a-gripe-e-prorrogada-ate-31-de-julho\/"},"wordCount":256,"commentCount":0,"publisher":{"@id":"https:\/\/regiaonews.net.br\/2022\/#organization"},"image":{"@id":"https:\/\/regiaonews.net.br\/2022\/2023\/06\/30\/campanha-de-vacinacao-contra-a-gripe-e-prorrogada-ate-31-de-julho\/#primaryimage"},"thumbnailUrl":"https:\/\/regiaonews.net.br\/2022\/wp-content\/uploads\/2021\/05\/vacinacao_drive_thru_universidade_estadual_do_rio_de_janeiro_uerj_tnrgo_abr_2502214596_0.jpg","articleSection":["Barretos","Cidades"],"inLanguage":"pt-BR","potentialAction":[{"@type":"CommentAction","name":"Comment","target":["https:\/\/regiaonews.net.br\/2022\/2023\/06\/30\/campanha-de-vacinacao-contra-a-gripe-e-prorrogada-ate-31-de-julho\/#respond"]}]},{"@type":"WebPage","@id":"https:\/\/regiaonews.net.br\/2022\/2023\/06\/30\/campanha-de-vacinacao-contra-a-gripe-e-prorrogada-ate-31-de-julho\/","url":"https:\/\/regiaonews.net.br\/2022\/2023\/06\/30\/campanha-de-vacinacao-contra-a-gripe-e-prorrogada-ate-31-de-julho\/","name":"Campanha de vacina\u00e7\u00e3o contra a gripe \u00e9 prorrogada at\u00e9 31 de julho - Regi\u00e3o News","isPartOf":{"@id":"https:\/\/regiaonews.net.br\/2022\/#website"},"primaryImageOfPage":{"@id":"https:\/\/regiaonews.net.br\/2022\/2023\/06\/30\/campanha-de-vacinacao-contra-a-gripe-e-prorrogada-ate-31-de-julho\/#primaryimage"},"image":{"@id":"https:\/\/regiaonews.net.br\/2022\/2023\/06\/30\/campanha-de-vacinacao-contra-a-gripe-e-prorrogada-ate-31-de-julho\/#primaryimage"},"thumbnailUrl":"https:\/\/regiaonews.net.br\/2022\/wp-content\/uploads\/2021\/05\/vacinacao_drive_thru_universidade_estadual_do_rio_de_janeiro_uerj_tnrgo_abr_2502214596_0.jpg","datePublished":"2023-06-30T21:33:52+00:00","dateModified":"2023-06-30T21:34:09+00:00","description":"Campanha de vacina\u00e7\u00e3o contra a gripe \u00e9 prorrogada at\u00e9 31 de julho","breadcrumb":{"@id":"https:\/\/regiaonews.net.br\/2022\/2023\/06\/30\/campanha-de-vacinacao-contra-a-gripe-e-prorrogada-ate-31-de-julho\/#breadcrumb"},"inLanguage":"pt-BR","potentialAction":[{"@type":"ReadAction","target":["https:\/\/regiaonews.net.br\/2022\/2023\/06\/30\/campanha-de-vacinacao-contra-a-gripe-e-prorrogada-ate-31-de-julho\/"]}]},{"@type":"ImageObject","inLanguage":"pt-BR","@id":"https:\/\/regiaonews.net.br\/2022\/2023\/06\/30\/campanha-de-vacinacao-contra-a-gripe-e-prorrogada-ate-31-de-julho\/#primaryimage","url":"https:\/\/regiaonews.net.br\/2022\/wp-content\/uploads\/2021\/05\/vacinacao_drive_thru_universidade_estadual_do_rio_de_janeiro_uerj_tnrgo_abr_2502214596_0.jpg","contentUrl":"https:\/\/regiaonews.net.br\/2022\/wp-content\/uploads\/2021\/05\/vacinacao_drive_thru_universidade_estadual_do_rio_de_janeiro_uerj_tnrgo_abr_2502214596_0.jpg","width":1170,"height":700,"caption":"Vacina\u00e7\u00e3o drive thru na Universidade Estadual do Rio de Janeiro (UERJ), zona norte do Rio. A cidade do Rio de Janeiro retoma hoje (25) sua campanha de aplica\u00e7\u00e3o da primeira dose da vacina contra a covid-19 em idosos da popula\u00e7\u00e3o em geral. Hoje ser\u00e3o vacinados os idosos com 82 anos."},{"@type":"BreadcrumbList","@id":"https:\/\/regiaonews.net.br\/2022\/2023\/06\/30\/campanha-de-vacinacao-contra-a-gripe-e-prorrogada-ate-31-de-julho\/#breadcrumb","itemListElement":[{"@type":"ListItem","position":1,"name":"In\u00edcio","item":"https:\/\/regiaonews.net.br\/2022\/"},{"@type":"ListItem","position":2,"name":"Campanha de vacina\u00e7\u00e3o contra a gripe \u00e9 prorrogada at\u00e9 31 de julho"}]},{"@type":"WebSite","@id":"https:\/\/regiaonews.net.br\/2022\/#website","url":"https:\/\/regiaonews.net.br\/2022\/","name":"Regi\u00e3o News","description":"Site de Not\u00edcias de Barretos e regi\u00e3o","publisher":{"@id":"https:\/\/regiaonews.net.br\/2022\/#organization"},"potentialAction":[{"@type":"SearchAction","target":{"@type":"EntryPoint","urlTemplate":"https:\/\/regiaonews.net.br\/2022\/?s={search_term_string}"},"query-input":{"@type":"PropertyValueSpecification","valueRequired":true,"valueName":"search_term_string"}}],"inLanguage":"pt-BR"},{"@type":"Organization","@id":"https:\/\/regiaonews.net.br\/2022\/#organization","name":"Regi\u00e3o News","url":"https:\/\/regiaonews.net.br\/2022\/","logo":{"@type":"ImageObject","inLanguage":"pt-BR","@id":"https:\/\/regiaonews.net.br\/2022\/#\/schema\/logo\/image\/","url":"https:\/\/regiaonews.net.br\/2022\/wp-content\/uploads\/2026\/03\/regiao-13-anos-scaled.jpg","contentUrl":"https:\/\/regiaonews.net.br\/2022\/wp-content\/uploads\/2026\/03\/regiao-13-anos-scaled.jpg","width":2560,"height":635,"caption":"Regi\u00e3o News"},"image":{"@id":"https:\/\/regiaonews.net.br\/2022\/#\/schema\/logo\/image\/"}},{"@type":"Person","@id":"https:\/\/regiaonews.net.br\/2022\/#\/schema\/person\/2d205a608a5aa97ac279d7a5e6d89ad8","name":"Roberto","image":{"@type":"ImageObject","inLanguage":"pt-BR","@id":"https:\/\/secure.gravatar.com\/avatar\/42749d8b712ff9d59ca93dc150494e5b55a44134482993f5baeb97e61b7ecc89?s=96&d=mm&r=g","url":"https:\/\/secure.gravatar.com\/avatar\/42749d8b712ff9d59ca93dc150494e5b55a44134482993f5baeb97e61b7ecc89?s=96&d=mm&r=g","contentUrl":"https:\/\/secure.gravatar.com\/avatar\/42749d8b712ff9d59ca93dc150494e5b55a44134482993f5baeb97e61b7ecc89?s=96&d=mm&r=g","caption":"Roberto"},"url":"https:\/\/regiaonews.net.br\/2022\/author\/roberto\/"}]}},"publishpress_future_action":{"enabled":false,"date":"2026-05-03 07:10:56","action":"change-status","newStatus":"draft","terms":[],"taxonomy":"category","extraData":[]},"publishpress_future_workflow_manual_trigger":{"enabledWorkflows":[]},"_links":{"self":[{"href":"https:\/\/regiaonews.net.br\/2022\/wp-json\/wp\/v2\/posts\/90859","targetHints":{"allow":["GET"]}}],"collection":[{"href":"https:\/\/regiaonews.net.br\/2022\/wp-json\/wp\/v2\/posts"}],"about":[{"href":"https:\/\/regiaonews.net.br\/2022\/wp-json\/wp\/v2\/types\/post"}],"author":[{"embeddable":true,"href":"https:\/\/regiaonews.net.br\/2022\/wp-json\/wp\/v2\/users\/2"}],"replies":[{"embeddable":true,"href":"https:\/\/regiaonews.net.br\/2022\/wp-json\/wp\/v2\/comments?post=90859"}],"version-history":[{"count":1,"href":"https:\/\/regiaonews.net.br\/2022\/wp-json\/wp\/v2\/posts\/90859\/revisions"}],"predecessor-version":[{"id":90860,"href":"https:\/\/regiaonews.net.br\/2022\/wp-json\/wp\/v2\/posts\/90859\/revisions\/90860"}],"wp:featuredmedia":[{"embeddable":true,"href":"https:\/\/regiaonews.net.br\/2022\/wp-json\/wp\/v2\/media\/46974"}],"wp:attachment":[{"href":"https:\/\/regiaonews.net.br\/2022\/wp-json\/wp\/v2\/media?parent=90859"}],"wp:term":[{"taxonomy":"category","embeddable":true,"href":"https:\/\/regiaonews.net.br\/2022\/wp-json\/wp\/v2\/categories?post=90859"},{"taxonomy":"post_tag","embeddable":true,"href":"https:\/\/regiaonews.net.br\/2022\/wp-json\/wp\/v2\/tags?post=90859"}],"curies":[{"name":"wp","href":"https:\/\/api.w.org\/{rel}","templated":true}]}}