{"id":90853,"date":"2023-06-30T18:30:23","date_gmt":"2023-06-30T21:30:23","guid":{"rendered":"https:\/\/regiaonews.net.br\/2022\/?p=90853"},"modified":"2023-06-30T18:30:23","modified_gmt":"2023-06-30T21:30:23","slug":"1o-sarau-cultural-da-fatec-barretos-reune-diversas-atracoes-artisticas","status":"publish","type":"post","link":"https:\/\/regiaonews.net.br\/2022\/2023\/06\/30\/1o-sarau-cultural-da-fatec-barretos-reune-diversas-atracoes-artisticas\/","title":{"rendered":"1\u00ba Sarau Cultural da Fatec Barretos re\u00fane diversas atra\u00e7\u00f5es art\u00edsticas"},"content":{"rendered":"<p>P\u00fablico presente acompanhou uma s\u00e9rie de apresenta\u00e7\u00f5es musicais e de dan\u00e7a, al\u00e9m de declama\u00e7\u00f5es de poesias e exposi\u00e7\u00f5es<\/p>\n<p>O 1\u00b0 Sarau Cultural promovido pela Fatec Barretos em parceria com a Prefeitura da Est\u00e2ncia Tur\u00edstica de Barretos, por meio da Secretaria Municipal de Cultura, foi realizado na noite de quinta-feira, 29 de junho, reunindo comunidade acad\u00eamica e p\u00fablico geral em torno de diversas atra\u00e7\u00f5es art\u00edsticas.<br \/>\nDividido em tr\u00eas esta\u00e7\u00f5es, o Sarau contou com exposi\u00e7\u00e3o de fotografias e desenhos, feira de doa\u00e7\u00e3o de livros e espa\u00e7o para pintura em guache. Na esta\u00e7\u00e3o \u201cSubo nesse palco\u201d foram realizadas apresenta\u00e7\u00f5es de dan\u00e7a, m\u00fasica, declama\u00e7\u00f5es de poesia e conta\u00e7\u00e3o de hist\u00f3rias, com artistas de Barretos, estudantes e professores da Fatec e representantes da Academia Barretense de Cultura (ABC).<br \/>\nO p\u00fablico presente tamb\u00e9m p\u00f4de conferir uma apresenta\u00e7\u00e3o did\u00e1tica do maestro da Orquestra Sinf\u00f4nica Municipal de Barretos, Fernando Ortiz de Villate, com acompanhamento do violinista Diogo Silva. Ao final, foram sorteados livros doados pela Rede Independente e Liter\u00e1ria de Artes (ReliArtes) e ABC.<br \/>\nO professor da Fatec Barretos Evandro Silva, presidente da comiss\u00e3o organizadora, considerou o evento um sucesso. &#8220;Foi uma festa de encerramento maravilhosa para o semestre. Acreditamos que a arte estimula a criatividade e nos aproxima de nossa ess\u00eancia enquanto indiv\u00edduo&#8221;, disse.<br \/>\nPara o secret\u00e1rio municipal de cultura, Rog\u00e9rio Teod\u00f3sio, o Sarau incentiva a arte, a cultura e a educa\u00e7\u00e3o. \u201cPor meio da arte a gente fomenta e transcende a nossa cultura\u201d, afirmou.<\/p>\n","protected":false},"excerpt":{"rendered":"<p>P\u00fablico presente acompanhou uma s\u00e9rie de apresenta\u00e7\u00f5es musicais e de<\/p>\n","protected":false},"author":2,"featured_media":90854,"comment_status":"open","ping_status":"open","sticky":false,"template":"","format":"standard","meta":{"footnotes":""},"categories":[14,25],"tags":[],"class_list":["post-90853","post","type-post","status-publish","format-standard","has-post-thumbnail","hentry","category-barretos","category-cidades"],"yoast_head":"<!-- This site is optimized with the Yoast SEO plugin v27.4 - https:\/\/yoast.com\/product\/yoast-seo-wordpress\/ -->\n<title>1\u00ba Sarau Cultural da Fatec Barretos re\u00fane diversas atra\u00e7\u00f5es art\u00edsticas - Regi\u00e3o News<\/title>\n<meta name=\"description\" content=\"1\u00ba Sarau Cultural da Fatec Barretos re\u00fane diversas atra\u00e7\u00f5es art\u00edsticas\" \/>\n<meta name=\"robots\" content=\"index, follow, max-snippet:-1, max-image-preview:large, max-video-preview:-1\" \/>\n<link rel=\"canonical\" href=\"https:\/\/regiaonews.net.br\/2022\/2023\/06\/30\/1o-sarau-cultural-da-fatec-barretos-reune-diversas-atracoes-artisticas\/\" \/>\n<meta property=\"og:locale\" content=\"pt_BR\" \/>\n<meta property=\"og:type\" content=\"article\" \/>\n<meta property=\"og:title\" content=\"1\u00ba Sarau Cultural da Fatec Barretos re\u00fane diversas atra\u00e7\u00f5es art\u00edsticas - Regi\u00e3o News\" \/>\n<meta property=\"og:description\" content=\"1\u00ba Sarau Cultural da Fatec Barretos re\u00fane diversas atra\u00e7\u00f5es art\u00edsticas\" \/>\n<meta property=\"og:url\" content=\"https:\/\/regiaonews.net.br\/2022\/2023\/06\/30\/1o-sarau-cultural-da-fatec-barretos-reune-diversas-atracoes-artisticas\/\" \/>\n<meta property=\"og:site_name\" content=\"Regi\u00e3o News\" \/>\n<meta property=\"article:published_time\" content=\"2023-06-30T21:30:23+00:00\" \/>\n<meta property=\"og:image\" content=\"https:\/\/regiaonews.net.br\/2022\/wp-content\/uploads\/2023\/06\/WhatsApp-Image-2023-06-30-at-18.18.48.jpeg\" \/>\n\t<meta property=\"og:image:width\" content=\"1600\" \/>\n\t<meta property=\"og:image:height\" content=\"900\" \/>\n\t<meta property=\"og:image:type\" content=\"image\/jpeg\" \/>\n<meta name=\"author\" content=\"Roberto\" \/>\n<meta name=\"twitter:card\" content=\"summary_large_image\" \/>\n<meta name=\"twitter:label1\" content=\"Escrito por\" \/>\n\t<meta name=\"twitter:data1\" content=\"Roberto\" \/>\n\t<meta name=\"twitter:label2\" content=\"Est. tempo de leitura\" \/>\n\t<meta name=\"twitter:data2\" content=\"2 minutos\" \/>\n<script type=\"application\/ld+json\" class=\"yoast-schema-graph\">{\"@context\":\"https:\\\/\\\/schema.org\",\"@graph\":[{\"@type\":\"Article\",\"@id\":\"https:\\\/\\\/regiaonews.net.br\\\/2022\\\/2023\\\/06\\\/30\\\/1o-sarau-cultural-da-fatec-barretos-reune-diversas-atracoes-artisticas\\\/#article\",\"isPartOf\":{\"@id\":\"https:\\\/\\\/regiaonews.net.br\\\/2022\\\/2023\\\/06\\\/30\\\/1o-sarau-cultural-da-fatec-barretos-reune-diversas-atracoes-artisticas\\\/\"},\"author\":{\"name\":\"Roberto\",\"@id\":\"https:\\\/\\\/regiaonews.net.br\\\/2022\\\/#\\\/schema\\\/person\\\/2d205a608a5aa97ac279d7a5e6d89ad8\"},\"headline\":\"1\u00ba Sarau Cultural da Fatec Barretos re\u00fane diversas atra\u00e7\u00f5es art\u00edsticas\",\"datePublished\":\"2023-06-30T21:30:23+00:00\",\"mainEntityOfPage\":{\"@id\":\"https:\\\/\\\/regiaonews.net.br\\\/2022\\\/2023\\\/06\\\/30\\\/1o-sarau-cultural-da-fatec-barretos-reune-diversas-atracoes-artisticas\\\/\"},\"wordCount\":287,\"commentCount\":0,\"publisher\":{\"@id\":\"https:\\\/\\\/regiaonews.net.br\\\/2022\\\/#organization\"},\"image\":{\"@id\":\"https:\\\/\\\/regiaonews.net.br\\\/2022\\\/2023\\\/06\\\/30\\\/1o-sarau-cultural-da-fatec-barretos-reune-diversas-atracoes-artisticas\\\/#primaryimage\"},\"thumbnailUrl\":\"https:\\\/\\\/regiaonews.net.br\\\/2022\\\/wp-content\\\/uploads\\\/2023\\\/06\\\/WhatsApp-Image-2023-06-30-at-18.18.48.jpeg\",\"articleSection\":[\"Barretos\",\"Cidades\"],\"inLanguage\":\"pt-BR\",\"potentialAction\":[{\"@type\":\"CommentAction\",\"name\":\"Comment\",\"target\":[\"https:\\\/\\\/regiaonews.net.br\\\/2022\\\/2023\\\/06\\\/30\\\/1o-sarau-cultural-da-fatec-barretos-reune-diversas-atracoes-artisticas\\\/#respond\"]}]},{\"@type\":\"WebPage\",\"@id\":\"https:\\\/\\\/regiaonews.net.br\\\/2022\\\/2023\\\/06\\\/30\\\/1o-sarau-cultural-da-fatec-barretos-reune-diversas-atracoes-artisticas\\\/\",\"url\":\"https:\\\/\\\/regiaonews.net.br\\\/2022\\\/2023\\\/06\\\/30\\\/1o-sarau-cultural-da-fatec-barretos-reune-diversas-atracoes-artisticas\\\/\",\"name\":\"1\u00ba Sarau Cultural da Fatec Barretos re\u00fane diversas atra\u00e7\u00f5es art\u00edsticas - Regi\u00e3o News\",\"isPartOf\":{\"@id\":\"https:\\\/\\\/regiaonews.net.br\\\/2022\\\/#website\"},\"primaryImageOfPage\":{\"@id\":\"https:\\\/\\\/regiaonews.net.br\\\/2022\\\/2023\\\/06\\\/30\\\/1o-sarau-cultural-da-fatec-barretos-reune-diversas-atracoes-artisticas\\\/#primaryimage\"},\"image\":{\"@id\":\"https:\\\/\\\/regiaonews.net.br\\\/2022\\\/2023\\\/06\\\/30\\\/1o-sarau-cultural-da-fatec-barretos-reune-diversas-atracoes-artisticas\\\/#primaryimage\"},\"thumbnailUrl\":\"https:\\\/\\\/regiaonews.net.br\\\/2022\\\/wp-content\\\/uploads\\\/2023\\\/06\\\/WhatsApp-Image-2023-06-30-at-18.18.48.jpeg\",\"datePublished\":\"2023-06-30T21:30:23+00:00\",\"description\":\"1\u00ba Sarau Cultural da Fatec Barretos re\u00fane diversas atra\u00e7\u00f5es art\u00edsticas\",\"breadcrumb\":{\"@id\":\"https:\\\/\\\/regiaonews.net.br\\\/2022\\\/2023\\\/06\\\/30\\\/1o-sarau-cultural-da-fatec-barretos-reune-diversas-atracoes-artisticas\\\/#breadcrumb\"},\"inLanguage\":\"pt-BR\",\"potentialAction\":[{\"@type\":\"ReadAction\",\"target\":[\"https:\\\/\\\/regiaonews.net.br\\\/2022\\\/2023\\\/06\\\/30\\\/1o-sarau-cultural-da-fatec-barretos-reune-diversas-atracoes-artisticas\\\/\"]}]},{\"@type\":\"ImageObject\",\"inLanguage\":\"pt-BR\",\"@id\":\"https:\\\/\\\/regiaonews.net.br\\\/2022\\\/2023\\\/06\\\/30\\\/1o-sarau-cultural-da-fatec-barretos-reune-diversas-atracoes-artisticas\\\/#primaryimage\",\"url\":\"https:\\\/\\\/regiaonews.net.br\\\/2022\\\/wp-content\\\/uploads\\\/2023\\\/06\\\/WhatsApp-Image-2023-06-30-at-18.18.48.jpeg\",\"contentUrl\":\"https:\\\/\\\/regiaonews.net.br\\\/2022\\\/wp-content\\\/uploads\\\/2023\\\/06\\\/WhatsApp-Image-2023-06-30-at-18.18.48.jpeg\",\"width\":1600,\"height\":900},{\"@type\":\"BreadcrumbList\",\"@id\":\"https:\\\/\\\/regiaonews.net.br\\\/2022\\\/2023\\\/06\\\/30\\\/1o-sarau-cultural-da-fatec-barretos-reune-diversas-atracoes-artisticas\\\/#breadcrumb\",\"itemListElement\":[{\"@type\":\"ListItem\",\"position\":1,\"name\":\"In\u00edcio\",\"item\":\"https:\\\/\\\/regiaonews.net.br\\\/2022\\\/\"},{\"@type\":\"ListItem\",\"position\":2,\"name\":\"1\u00ba Sarau Cultural da Fatec Barretos re\u00fane diversas atra\u00e7\u00f5es art\u00edsticas\"}]},{\"@type\":\"WebSite\",\"@id\":\"https:\\\/\\\/regiaonews.net.br\\\/2022\\\/#website\",\"url\":\"https:\\\/\\\/regiaonews.net.br\\\/2022\\\/\",\"name\":\"Regi\u00e3o News\",\"description\":\"Site de Not\u00edcias de Barretos e regi\u00e3o\",\"publisher\":{\"@id\":\"https:\\\/\\\/regiaonews.net.br\\\/2022\\\/#organization\"},\"potentialAction\":[{\"@type\":\"SearchAction\",\"target\":{\"@type\":\"EntryPoint\",\"urlTemplate\":\"https:\\\/\\\/regiaonews.net.br\\\/2022\\\/?s={search_term_string}\"},\"query-input\":{\"@type\":\"PropertyValueSpecification\",\"valueRequired\":true,\"valueName\":\"search_term_string\"}}],\"inLanguage\":\"pt-BR\"},{\"@type\":\"Organization\",\"@id\":\"https:\\\/\\\/regiaonews.net.br\\\/2022\\\/#organization\",\"name\":\"Regi\u00e3o News\",\"url\":\"https:\\\/\\\/regiaonews.net.br\\\/2022\\\/\",\"logo\":{\"@type\":\"ImageObject\",\"inLanguage\":\"pt-BR\",\"@id\":\"https:\\\/\\\/regiaonews.net.br\\\/2022\\\/#\\\/schema\\\/logo\\\/image\\\/\",\"url\":\"https:\\\/\\\/regiaonews.net.br\\\/2022\\\/wp-content\\\/uploads\\\/2026\\\/03\\\/regiao-13-anos-scaled.jpg\",\"contentUrl\":\"https:\\\/\\\/regiaonews.net.br\\\/2022\\\/wp-content\\\/uploads\\\/2026\\\/03\\\/regiao-13-anos-scaled.jpg\",\"width\":2560,\"height\":635,\"caption\":\"Regi\u00e3o News\"},\"image\":{\"@id\":\"https:\\\/\\\/regiaonews.net.br\\\/2022\\\/#\\\/schema\\\/logo\\\/image\\\/\"}},{\"@type\":\"Person\",\"@id\":\"https:\\\/\\\/regiaonews.net.br\\\/2022\\\/#\\\/schema\\\/person\\\/2d205a608a5aa97ac279d7a5e6d89ad8\",\"name\":\"Roberto\",\"image\":{\"@type\":\"ImageObject\",\"inLanguage\":\"pt-BR\",\"@id\":\"https:\\\/\\\/secure.gravatar.com\\\/avatar\\\/42749d8b712ff9d59ca93dc150494e5b55a44134482993f5baeb97e61b7ecc89?s=96&d=mm&r=g\",\"url\":\"https:\\\/\\\/secure.gravatar.com\\\/avatar\\\/42749d8b712ff9d59ca93dc150494e5b55a44134482993f5baeb97e61b7ecc89?s=96&d=mm&r=g\",\"contentUrl\":\"https:\\\/\\\/secure.gravatar.com\\\/avatar\\\/42749d8b712ff9d59ca93dc150494e5b55a44134482993f5baeb97e61b7ecc89?s=96&d=mm&r=g\",\"caption\":\"Roberto\"},\"url\":\"https:\\\/\\\/regiaonews.net.br\\\/2022\\\/author\\\/roberto\\\/\"}]}<\/script>\n<!-- \/ Yoast SEO plugin. -->","yoast_head_json":{"title":"1\u00ba Sarau Cultural da Fatec Barretos re\u00fane diversas atra\u00e7\u00f5es art\u00edsticas - Regi\u00e3o News","description":"1\u00ba Sarau Cultural da Fatec Barretos re\u00fane diversas atra\u00e7\u00f5es art\u00edsticas","robots":{"index":"index","follow":"follow","max-snippet":"max-snippet:-1","max-image-preview":"max-image-preview:large","max-video-preview":"max-video-preview:-1"},"canonical":"https:\/\/regiaonews.net.br\/2022\/2023\/06\/30\/1o-sarau-cultural-da-fatec-barretos-reune-diversas-atracoes-artisticas\/","og_locale":"pt_BR","og_type":"article","og_title":"1\u00ba Sarau Cultural da Fatec Barretos re\u00fane diversas atra\u00e7\u00f5es art\u00edsticas - Regi\u00e3o News","og_description":"1\u00ba Sarau Cultural da Fatec Barretos re\u00fane diversas atra\u00e7\u00f5es art\u00edsticas","og_url":"https:\/\/regiaonews.net.br\/2022\/2023\/06\/30\/1o-sarau-cultural-da-fatec-barretos-reune-diversas-atracoes-artisticas\/","og_site_name":"Regi\u00e3o News","article_published_time":"2023-06-30T21:30:23+00:00","og_image":[{"width":1600,"height":900,"url":"https:\/\/regiaonews.net.br\/2022\/wp-content\/uploads\/2023\/06\/WhatsApp-Image-2023-06-30-at-18.18.48.jpeg","type":"image\/jpeg"}],"author":"Roberto","twitter_card":"summary_large_image","twitter_misc":{"Escrito por":"Roberto","Est. tempo de leitura":"2 minutos"},"schema":{"@context":"https:\/\/schema.org","@graph":[{"@type":"Article","@id":"https:\/\/regiaonews.net.br\/2022\/2023\/06\/30\/1o-sarau-cultural-da-fatec-barretos-reune-diversas-atracoes-artisticas\/#article","isPartOf":{"@id":"https:\/\/regiaonews.net.br\/2022\/2023\/06\/30\/1o-sarau-cultural-da-fatec-barretos-reune-diversas-atracoes-artisticas\/"},"author":{"name":"Roberto","@id":"https:\/\/regiaonews.net.br\/2022\/#\/schema\/person\/2d205a608a5aa97ac279d7a5e6d89ad8"},"headline":"1\u00ba Sarau Cultural da Fatec Barretos re\u00fane diversas atra\u00e7\u00f5es art\u00edsticas","datePublished":"2023-06-30T21:30:23+00:00","mainEntityOfPage":{"@id":"https:\/\/regiaonews.net.br\/2022\/2023\/06\/30\/1o-sarau-cultural-da-fatec-barretos-reune-diversas-atracoes-artisticas\/"},"wordCount":287,"commentCount":0,"publisher":{"@id":"https:\/\/regiaonews.net.br\/2022\/#organization"},"image":{"@id":"https:\/\/regiaonews.net.br\/2022\/2023\/06\/30\/1o-sarau-cultural-da-fatec-barretos-reune-diversas-atracoes-artisticas\/#primaryimage"},"thumbnailUrl":"https:\/\/regiaonews.net.br\/2022\/wp-content\/uploads\/2023\/06\/WhatsApp-Image-2023-06-30-at-18.18.48.jpeg","articleSection":["Barretos","Cidades"],"inLanguage":"pt-BR","potentialAction":[{"@type":"CommentAction","name":"Comment","target":["https:\/\/regiaonews.net.br\/2022\/2023\/06\/30\/1o-sarau-cultural-da-fatec-barretos-reune-diversas-atracoes-artisticas\/#respond"]}]},{"@type":"WebPage","@id":"https:\/\/regiaonews.net.br\/2022\/2023\/06\/30\/1o-sarau-cultural-da-fatec-barretos-reune-diversas-atracoes-artisticas\/","url":"https:\/\/regiaonews.net.br\/2022\/2023\/06\/30\/1o-sarau-cultural-da-fatec-barretos-reune-diversas-atracoes-artisticas\/","name":"1\u00ba Sarau Cultural da Fatec Barretos re\u00fane diversas atra\u00e7\u00f5es art\u00edsticas - Regi\u00e3o News","isPartOf":{"@id":"https:\/\/regiaonews.net.br\/2022\/#website"},"primaryImageOfPage":{"@id":"https:\/\/regiaonews.net.br\/2022\/2023\/06\/30\/1o-sarau-cultural-da-fatec-barretos-reune-diversas-atracoes-artisticas\/#primaryimage"},"image":{"@id":"https:\/\/regiaonews.net.br\/2022\/2023\/06\/30\/1o-sarau-cultural-da-fatec-barretos-reune-diversas-atracoes-artisticas\/#primaryimage"},"thumbnailUrl":"https:\/\/regiaonews.net.br\/2022\/wp-content\/uploads\/2023\/06\/WhatsApp-Image-2023-06-30-at-18.18.48.jpeg","datePublished":"2023-06-30T21:30:23+00:00","description":"1\u00ba Sarau Cultural da Fatec Barretos re\u00fane diversas atra\u00e7\u00f5es art\u00edsticas","breadcrumb":{"@id":"https:\/\/regiaonews.net.br\/2022\/2023\/06\/30\/1o-sarau-cultural-da-fatec-barretos-reune-diversas-atracoes-artisticas\/#breadcrumb"},"inLanguage":"pt-BR","potentialAction":[{"@type":"ReadAction","target":["https:\/\/regiaonews.net.br\/2022\/2023\/06\/30\/1o-sarau-cultural-da-fatec-barretos-reune-diversas-atracoes-artisticas\/"]}]},{"@type":"ImageObject","inLanguage":"pt-BR","@id":"https:\/\/regiaonews.net.br\/2022\/2023\/06\/30\/1o-sarau-cultural-da-fatec-barretos-reune-diversas-atracoes-artisticas\/#primaryimage","url":"https:\/\/regiaonews.net.br\/2022\/wp-content\/uploads\/2023\/06\/WhatsApp-Image-2023-06-30-at-18.18.48.jpeg","contentUrl":"https:\/\/regiaonews.net.br\/2022\/wp-content\/uploads\/2023\/06\/WhatsApp-Image-2023-06-30-at-18.18.48.jpeg","width":1600,"height":900},{"@type":"BreadcrumbList","@id":"https:\/\/regiaonews.net.br\/2022\/2023\/06\/30\/1o-sarau-cultural-da-fatec-barretos-reune-diversas-atracoes-artisticas\/#breadcrumb","itemListElement":[{"@type":"ListItem","position":1,"name":"In\u00edcio","item":"https:\/\/regiaonews.net.br\/2022\/"},{"@type":"ListItem","position":2,"name":"1\u00ba Sarau Cultural da Fatec Barretos re\u00fane diversas atra\u00e7\u00f5es art\u00edsticas"}]},{"@type":"WebSite","@id":"https:\/\/regiaonews.net.br\/2022\/#website","url":"https:\/\/regiaonews.net.br\/2022\/","name":"Regi\u00e3o News","description":"Site de Not\u00edcias de Barretos e regi\u00e3o","publisher":{"@id":"https:\/\/regiaonews.net.br\/2022\/#organization"},"potentialAction":[{"@type":"SearchAction","target":{"@type":"EntryPoint","urlTemplate":"https:\/\/regiaonews.net.br\/2022\/?s={search_term_string}"},"query-input":{"@type":"PropertyValueSpecification","valueRequired":true,"valueName":"search_term_string"}}],"inLanguage":"pt-BR"},{"@type":"Organization","@id":"https:\/\/regiaonews.net.br\/2022\/#organization","name":"Regi\u00e3o News","url":"https:\/\/regiaonews.net.br\/2022\/","logo":{"@type":"ImageObject","inLanguage":"pt-BR","@id":"https:\/\/regiaonews.net.br\/2022\/#\/schema\/logo\/image\/","url":"https:\/\/regiaonews.net.br\/2022\/wp-content\/uploads\/2026\/03\/regiao-13-anos-scaled.jpg","contentUrl":"https:\/\/regiaonews.net.br\/2022\/wp-content\/uploads\/2026\/03\/regiao-13-anos-scaled.jpg","width":2560,"height":635,"caption":"Regi\u00e3o News"},"image":{"@id":"https:\/\/regiaonews.net.br\/2022\/#\/schema\/logo\/image\/"}},{"@type":"Person","@id":"https:\/\/regiaonews.net.br\/2022\/#\/schema\/person\/2d205a608a5aa97ac279d7a5e6d89ad8","name":"Roberto","image":{"@type":"ImageObject","inLanguage":"pt-BR","@id":"https:\/\/secure.gravatar.com\/avatar\/42749d8b712ff9d59ca93dc150494e5b55a44134482993f5baeb97e61b7ecc89?s=96&d=mm&r=g","url":"https:\/\/secure.gravatar.com\/avatar\/42749d8b712ff9d59ca93dc150494e5b55a44134482993f5baeb97e61b7ecc89?s=96&d=mm&r=g","contentUrl":"https:\/\/secure.gravatar.com\/avatar\/42749d8b712ff9d59ca93dc150494e5b55a44134482993f5baeb97e61b7ecc89?s=96&d=mm&r=g","caption":"Roberto"},"url":"https:\/\/regiaonews.net.br\/2022\/author\/roberto\/"}]}},"publishpress_future_action":{"enabled":false,"date":"2026-05-03 11:46:24","action":"change-status","newStatus":"draft","terms":[],"taxonomy":"category","extraData":[]},"publishpress_future_workflow_manual_trigger":{"enabledWorkflows":[]},"_links":{"self":[{"href":"https:\/\/regiaonews.net.br\/2022\/wp-json\/wp\/v2\/posts\/90853","targetHints":{"allow":["GET"]}}],"collection":[{"href":"https:\/\/regiaonews.net.br\/2022\/wp-json\/wp\/v2\/posts"}],"about":[{"href":"https:\/\/regiaonews.net.br\/2022\/wp-json\/wp\/v2\/types\/post"}],"author":[{"embeddable":true,"href":"https:\/\/regiaonews.net.br\/2022\/wp-json\/wp\/v2\/users\/2"}],"replies":[{"embeddable":true,"href":"https:\/\/regiaonews.net.br\/2022\/wp-json\/wp\/v2\/comments?post=90853"}],"version-history":[{"count":1,"href":"https:\/\/regiaonews.net.br\/2022\/wp-json\/wp\/v2\/posts\/90853\/revisions"}],"predecessor-version":[{"id":90855,"href":"https:\/\/regiaonews.net.br\/2022\/wp-json\/wp\/v2\/posts\/90853\/revisions\/90855"}],"wp:featuredmedia":[{"embeddable":true,"href":"https:\/\/regiaonews.net.br\/2022\/wp-json\/wp\/v2\/media\/90854"}],"wp:attachment":[{"href":"https:\/\/regiaonews.net.br\/2022\/wp-json\/wp\/v2\/media?parent=90853"}],"wp:term":[{"taxonomy":"category","embeddable":true,"href":"https:\/\/regiaonews.net.br\/2022\/wp-json\/wp\/v2\/categories?post=90853"},{"taxonomy":"post_tag","embeddable":true,"href":"https:\/\/regiaonews.net.br\/2022\/wp-json\/wp\/v2\/tags?post=90853"}],"curies":[{"name":"wp","href":"https:\/\/api.w.org\/{rel}","templated":true}]}}