{"id":90810,"date":"2023-06-29T19:44:28","date_gmt":"2023-06-29T22:44:28","guid":{"rendered":"https:\/\/regiaonews.net.br\/2022\/?p=90810"},"modified":"2023-06-29T19:44:28","modified_gmt":"2023-06-29T22:44:28","slug":"prefeitura-da-estancia-turistica-de-barretos-realizara-limpeza-de-terrenos-baldios-particulares","status":"publish","type":"post","link":"https:\/\/regiaonews.net.br\/2022\/2023\/06\/29\/prefeitura-da-estancia-turistica-de-barretos-realizara-limpeza-de-terrenos-baldios-particulares\/","title":{"rendered":"Prefeitura da Est\u00e2ncia Tur\u00edstica de Barretos realizar\u00e1 limpeza de terrenos baldios particulares"},"content":{"rendered":"<p>Propriet\u00e1rios j\u00e1 foram notificados e devem manter os espa\u00e7os limpos para evitar a autua\u00e7\u00e3o<\/p>\n<p>A Prefeitura da Est\u00e2ncia Tur\u00edstica de Barretos notificou no dia 16 de janeiro de 2023, atrav\u00e9s da Folha de Barretos, todos os propriet\u00e1rios de terrenos baldios que se encontram com mato alto e materiais inserv\u00edveis que podem tornar-se criadouros do mosquito da dengue.<br \/>\nA partir desta semana o trabalho de fiscaliza\u00e7\u00e3o est\u00e1 sendo intensificado, devido ao grande n\u00famero de casos de dengue e \u00e0s chuvas. Caso o propriet\u00e1rio n\u00e3o tenha promovido a limpeza do espa\u00e7o, ser\u00e1 autuado. Ap\u00f3s a autua\u00e7\u00e3o o munic\u00edpio realizar\u00e1 a limpeza e manuten\u00e7\u00e3o do terreno e cobrar\u00e1 os custos dos servi\u00e7os, com base em valores correntes e metragem do espa\u00e7o, acrescido de 100% (artigos 27 e 28 da lei n. 2019\/87).<\/p>\n","protected":false},"excerpt":{"rendered":"<p>Propriet\u00e1rios j\u00e1 foram notificados e devem manter os espa\u00e7os limpos<\/p>\n","protected":false},"author":2,"featured_media":90811,"comment_status":"open","ping_status":"open","sticky":false,"template":"","format":"standard","meta":{"footnotes":""},"categories":[14,25],"tags":[],"class_list":["post-90810","post","type-post","status-publish","format-standard","has-post-thumbnail","hentry","category-barretos","category-cidades"],"yoast_head":"<!-- This site is optimized with the Yoast SEO plugin v27.5 - https:\/\/yoast.com\/product\/yoast-seo-wordpress\/ -->\n<title>Prefeitura da Est\u00e2ncia Tur\u00edstica de Barretos realizar\u00e1 limpeza de terrenos baldios particulares - Regi\u00e3o News<\/title>\n<meta name=\"robots\" content=\"index, follow, max-snippet:-1, max-image-preview:large, max-video-preview:-1\" \/>\n<link rel=\"canonical\" href=\"https:\/\/regiaonews.net.br\/2022\/2023\/06\/29\/prefeitura-da-estancia-turistica-de-barretos-realizara-limpeza-de-terrenos-baldios-particulares\/\" \/>\n<meta property=\"og:locale\" content=\"pt_BR\" \/>\n<meta property=\"og:type\" content=\"article\" \/>\n<meta property=\"og:title\" content=\"Prefeitura da Est\u00e2ncia Tur\u00edstica de Barretos realizar\u00e1 limpeza de terrenos baldios particulares - Regi\u00e3o News\" \/>\n<meta property=\"og:description\" content=\"Propriet\u00e1rios j\u00e1 foram notificados e devem manter os espa\u00e7os limpos\" \/>\n<meta property=\"og:url\" content=\"https:\/\/regiaonews.net.br\/2022\/2023\/06\/29\/prefeitura-da-estancia-turistica-de-barretos-realizara-limpeza-de-terrenos-baldios-particulares\/\" \/>\n<meta property=\"og:site_name\" content=\"Regi\u00e3o News\" \/>\n<meta property=\"article:published_time\" content=\"2023-06-29T22:44:28+00:00\" \/>\n<meta property=\"og:image\" content=\"https:\/\/regiaonews.net.br\/2022\/wp-content\/uploads\/2023\/06\/WhatsApp-Image-2023-06-29-at-17.17.29.jpeg\" \/>\n\t<meta property=\"og:image:width\" content=\"1280\" \/>\n\t<meta property=\"og:image:height\" content=\"849\" \/>\n\t<meta property=\"og:image:type\" content=\"image\/jpeg\" \/>\n<meta name=\"author\" content=\"Roberto\" \/>\n<meta name=\"twitter:card\" content=\"summary_large_image\" \/>\n<meta name=\"twitter:label1\" content=\"Escrito por\" \/>\n\t<meta name=\"twitter:data1\" content=\"Roberto\" \/>\n\t<meta name=\"twitter:label2\" content=\"Est. tempo de leitura\" \/>\n\t<meta name=\"twitter:data2\" content=\"1 minuto\" \/>\n<script type=\"application\/ld+json\" class=\"yoast-schema-graph\">{\"@context\":\"https:\\\/\\\/schema.org\",\"@graph\":[{\"@type\":\"Article\",\"@id\":\"https:\\\/\\\/regiaonews.net.br\\\/2022\\\/2023\\\/06\\\/29\\\/prefeitura-da-estancia-turistica-de-barretos-realizara-limpeza-de-terrenos-baldios-particulares\\\/#article\",\"isPartOf\":{\"@id\":\"https:\\\/\\\/regiaonews.net.br\\\/2022\\\/2023\\\/06\\\/29\\\/prefeitura-da-estancia-turistica-de-barretos-realizara-limpeza-de-terrenos-baldios-particulares\\\/\"},\"author\":{\"name\":\"Roberto\",\"@id\":\"https:\\\/\\\/regiaonews.net.br\\\/2022\\\/#\\\/schema\\\/person\\\/2d205a608a5aa97ac279d7a5e6d89ad8\"},\"headline\":\"Prefeitura da Est\u00e2ncia Tur\u00edstica de Barretos realizar\u00e1 limpeza de terrenos baldios particulares\",\"datePublished\":\"2023-06-29T22:44:28+00:00\",\"mainEntityOfPage\":{\"@id\":\"https:\\\/\\\/regiaonews.net.br\\\/2022\\\/2023\\\/06\\\/29\\\/prefeitura-da-estancia-turistica-de-barretos-realizara-limpeza-de-terrenos-baldios-particulares\\\/\"},\"wordCount\":156,\"commentCount\":0,\"publisher\":{\"@id\":\"https:\\\/\\\/regiaonews.net.br\\\/2022\\\/#organization\"},\"image\":{\"@id\":\"https:\\\/\\\/regiaonews.net.br\\\/2022\\\/2023\\\/06\\\/29\\\/prefeitura-da-estancia-turistica-de-barretos-realizara-limpeza-de-terrenos-baldios-particulares\\\/#primaryimage\"},\"thumbnailUrl\":\"https:\\\/\\\/regiaonews.net.br\\\/2022\\\/wp-content\\\/uploads\\\/2023\\\/06\\\/WhatsApp-Image-2023-06-29-at-17.17.29.jpeg\",\"articleSection\":[\"Barretos\",\"Cidades\"],\"inLanguage\":\"pt-BR\",\"potentialAction\":[{\"@type\":\"CommentAction\",\"name\":\"Comment\",\"target\":[\"https:\\\/\\\/regiaonews.net.br\\\/2022\\\/2023\\\/06\\\/29\\\/prefeitura-da-estancia-turistica-de-barretos-realizara-limpeza-de-terrenos-baldios-particulares\\\/#respond\"]}]},{\"@type\":\"WebPage\",\"@id\":\"https:\\\/\\\/regiaonews.net.br\\\/2022\\\/2023\\\/06\\\/29\\\/prefeitura-da-estancia-turistica-de-barretos-realizara-limpeza-de-terrenos-baldios-particulares\\\/\",\"url\":\"https:\\\/\\\/regiaonews.net.br\\\/2022\\\/2023\\\/06\\\/29\\\/prefeitura-da-estancia-turistica-de-barretos-realizara-limpeza-de-terrenos-baldios-particulares\\\/\",\"name\":\"Prefeitura da Est\u00e2ncia Tur\u00edstica de Barretos realizar\u00e1 limpeza de terrenos baldios particulares - Regi\u00e3o News\",\"isPartOf\":{\"@id\":\"https:\\\/\\\/regiaonews.net.br\\\/2022\\\/#website\"},\"primaryImageOfPage\":{\"@id\":\"https:\\\/\\\/regiaonews.net.br\\\/2022\\\/2023\\\/06\\\/29\\\/prefeitura-da-estancia-turistica-de-barretos-realizara-limpeza-de-terrenos-baldios-particulares\\\/#primaryimage\"},\"image\":{\"@id\":\"https:\\\/\\\/regiaonews.net.br\\\/2022\\\/2023\\\/06\\\/29\\\/prefeitura-da-estancia-turistica-de-barretos-realizara-limpeza-de-terrenos-baldios-particulares\\\/#primaryimage\"},\"thumbnailUrl\":\"https:\\\/\\\/regiaonews.net.br\\\/2022\\\/wp-content\\\/uploads\\\/2023\\\/06\\\/WhatsApp-Image-2023-06-29-at-17.17.29.jpeg\",\"datePublished\":\"2023-06-29T22:44:28+00:00\",\"breadcrumb\":{\"@id\":\"https:\\\/\\\/regiaonews.net.br\\\/2022\\\/2023\\\/06\\\/29\\\/prefeitura-da-estancia-turistica-de-barretos-realizara-limpeza-de-terrenos-baldios-particulares\\\/#breadcrumb\"},\"inLanguage\":\"pt-BR\",\"potentialAction\":[{\"@type\":\"ReadAction\",\"target\":[\"https:\\\/\\\/regiaonews.net.br\\\/2022\\\/2023\\\/06\\\/29\\\/prefeitura-da-estancia-turistica-de-barretos-realizara-limpeza-de-terrenos-baldios-particulares\\\/\"]}]},{\"@type\":\"ImageObject\",\"inLanguage\":\"pt-BR\",\"@id\":\"https:\\\/\\\/regiaonews.net.br\\\/2022\\\/2023\\\/06\\\/29\\\/prefeitura-da-estancia-turistica-de-barretos-realizara-limpeza-de-terrenos-baldios-particulares\\\/#primaryimage\",\"url\":\"https:\\\/\\\/regiaonews.net.br\\\/2022\\\/wp-content\\\/uploads\\\/2023\\\/06\\\/WhatsApp-Image-2023-06-29-at-17.17.29.jpeg\",\"contentUrl\":\"https:\\\/\\\/regiaonews.net.br\\\/2022\\\/wp-content\\\/uploads\\\/2023\\\/06\\\/WhatsApp-Image-2023-06-29-at-17.17.29.jpeg\",\"width\":1280,\"height\":849},{\"@type\":\"BreadcrumbList\",\"@id\":\"https:\\\/\\\/regiaonews.net.br\\\/2022\\\/2023\\\/06\\\/29\\\/prefeitura-da-estancia-turistica-de-barretos-realizara-limpeza-de-terrenos-baldios-particulares\\\/#breadcrumb\",\"itemListElement\":[{\"@type\":\"ListItem\",\"position\":1,\"name\":\"In\u00edcio\",\"item\":\"https:\\\/\\\/regiaonews.net.br\\\/2022\\\/\"},{\"@type\":\"ListItem\",\"position\":2,\"name\":\"Prefeitura da Est\u00e2ncia Tur\u00edstica de Barretos realizar\u00e1 limpeza de terrenos baldios particulares\"}]},{\"@type\":\"WebSite\",\"@id\":\"https:\\\/\\\/regiaonews.net.br\\\/2022\\\/#website\",\"url\":\"https:\\\/\\\/regiaonews.net.br\\\/2022\\\/\",\"name\":\"Regi\u00e3o News\",\"description\":\"Site de Not\u00edcias de Barretos e regi\u00e3o\",\"publisher\":{\"@id\":\"https:\\\/\\\/regiaonews.net.br\\\/2022\\\/#organization\"},\"potentialAction\":[{\"@type\":\"SearchAction\",\"target\":{\"@type\":\"EntryPoint\",\"urlTemplate\":\"https:\\\/\\\/regiaonews.net.br\\\/2022\\\/?s={search_term_string}\"},\"query-input\":{\"@type\":\"PropertyValueSpecification\",\"valueRequired\":true,\"valueName\":\"search_term_string\"}}],\"inLanguage\":\"pt-BR\"},{\"@type\":\"Organization\",\"@id\":\"https:\\\/\\\/regiaonews.net.br\\\/2022\\\/#organization\",\"name\":\"Regi\u00e3o News\",\"url\":\"https:\\\/\\\/regiaonews.net.br\\\/2022\\\/\",\"logo\":{\"@type\":\"ImageObject\",\"inLanguage\":\"pt-BR\",\"@id\":\"https:\\\/\\\/regiaonews.net.br\\\/2022\\\/#\\\/schema\\\/logo\\\/image\\\/\",\"url\":\"https:\\\/\\\/regiaonews.net.br\\\/2022\\\/wp-content\\\/uploads\\\/2026\\\/03\\\/regiao-13-anos-scaled.jpg\",\"contentUrl\":\"https:\\\/\\\/regiaonews.net.br\\\/2022\\\/wp-content\\\/uploads\\\/2026\\\/03\\\/regiao-13-anos-scaled.jpg\",\"width\":2560,\"height\":635,\"caption\":\"Regi\u00e3o News\"},\"image\":{\"@id\":\"https:\\\/\\\/regiaonews.net.br\\\/2022\\\/#\\\/schema\\\/logo\\\/image\\\/\"}},{\"@type\":\"Person\",\"@id\":\"https:\\\/\\\/regiaonews.net.br\\\/2022\\\/#\\\/schema\\\/person\\\/2d205a608a5aa97ac279d7a5e6d89ad8\",\"name\":\"Roberto\",\"image\":{\"@type\":\"ImageObject\",\"inLanguage\":\"pt-BR\",\"@id\":\"https:\\\/\\\/secure.gravatar.com\\\/avatar\\\/42749d8b712ff9d59ca93dc150494e5b55a44134482993f5baeb97e61b7ecc89?s=96&d=mm&r=g\",\"url\":\"https:\\\/\\\/secure.gravatar.com\\\/avatar\\\/42749d8b712ff9d59ca93dc150494e5b55a44134482993f5baeb97e61b7ecc89?s=96&d=mm&r=g\",\"contentUrl\":\"https:\\\/\\\/secure.gravatar.com\\\/avatar\\\/42749d8b712ff9d59ca93dc150494e5b55a44134482993f5baeb97e61b7ecc89?s=96&d=mm&r=g\",\"caption\":\"Roberto\"},\"url\":\"https:\\\/\\\/regiaonews.net.br\\\/2022\\\/author\\\/roberto\\\/\"}]}<\/script>\n<!-- \/ Yoast SEO plugin. -->","yoast_head_json":{"title":"Prefeitura da Est\u00e2ncia Tur\u00edstica de Barretos realizar\u00e1 limpeza de terrenos baldios particulares - Regi\u00e3o News","robots":{"index":"index","follow":"follow","max-snippet":"max-snippet:-1","max-image-preview":"max-image-preview:large","max-video-preview":"max-video-preview:-1"},"canonical":"https:\/\/regiaonews.net.br\/2022\/2023\/06\/29\/prefeitura-da-estancia-turistica-de-barretos-realizara-limpeza-de-terrenos-baldios-particulares\/","og_locale":"pt_BR","og_type":"article","og_title":"Prefeitura da Est\u00e2ncia Tur\u00edstica de Barretos realizar\u00e1 limpeza de terrenos baldios particulares - Regi\u00e3o News","og_description":"Propriet\u00e1rios j\u00e1 foram notificados e devem manter os espa\u00e7os limpos","og_url":"https:\/\/regiaonews.net.br\/2022\/2023\/06\/29\/prefeitura-da-estancia-turistica-de-barretos-realizara-limpeza-de-terrenos-baldios-particulares\/","og_site_name":"Regi\u00e3o News","article_published_time":"2023-06-29T22:44:28+00:00","og_image":[{"width":1280,"height":849,"url":"https:\/\/regiaonews.net.br\/2022\/wp-content\/uploads\/2023\/06\/WhatsApp-Image-2023-06-29-at-17.17.29.jpeg","type":"image\/jpeg"}],"author":"Roberto","twitter_card":"summary_large_image","twitter_misc":{"Escrito por":"Roberto","Est. tempo de leitura":"1 minuto"},"schema":{"@context":"https:\/\/schema.org","@graph":[{"@type":"Article","@id":"https:\/\/regiaonews.net.br\/2022\/2023\/06\/29\/prefeitura-da-estancia-turistica-de-barretos-realizara-limpeza-de-terrenos-baldios-particulares\/#article","isPartOf":{"@id":"https:\/\/regiaonews.net.br\/2022\/2023\/06\/29\/prefeitura-da-estancia-turistica-de-barretos-realizara-limpeza-de-terrenos-baldios-particulares\/"},"author":{"name":"Roberto","@id":"https:\/\/regiaonews.net.br\/2022\/#\/schema\/person\/2d205a608a5aa97ac279d7a5e6d89ad8"},"headline":"Prefeitura da Est\u00e2ncia Tur\u00edstica de Barretos realizar\u00e1 limpeza de terrenos baldios particulares","datePublished":"2023-06-29T22:44:28+00:00","mainEntityOfPage":{"@id":"https:\/\/regiaonews.net.br\/2022\/2023\/06\/29\/prefeitura-da-estancia-turistica-de-barretos-realizara-limpeza-de-terrenos-baldios-particulares\/"},"wordCount":156,"commentCount":0,"publisher":{"@id":"https:\/\/regiaonews.net.br\/2022\/#organization"},"image":{"@id":"https:\/\/regiaonews.net.br\/2022\/2023\/06\/29\/prefeitura-da-estancia-turistica-de-barretos-realizara-limpeza-de-terrenos-baldios-particulares\/#primaryimage"},"thumbnailUrl":"https:\/\/regiaonews.net.br\/2022\/wp-content\/uploads\/2023\/06\/WhatsApp-Image-2023-06-29-at-17.17.29.jpeg","articleSection":["Barretos","Cidades"],"inLanguage":"pt-BR","potentialAction":[{"@type":"CommentAction","name":"Comment","target":["https:\/\/regiaonews.net.br\/2022\/2023\/06\/29\/prefeitura-da-estancia-turistica-de-barretos-realizara-limpeza-de-terrenos-baldios-particulares\/#respond"]}]},{"@type":"WebPage","@id":"https:\/\/regiaonews.net.br\/2022\/2023\/06\/29\/prefeitura-da-estancia-turistica-de-barretos-realizara-limpeza-de-terrenos-baldios-particulares\/","url":"https:\/\/regiaonews.net.br\/2022\/2023\/06\/29\/prefeitura-da-estancia-turistica-de-barretos-realizara-limpeza-de-terrenos-baldios-particulares\/","name":"Prefeitura da Est\u00e2ncia Tur\u00edstica de Barretos realizar\u00e1 limpeza de terrenos baldios particulares - Regi\u00e3o News","isPartOf":{"@id":"https:\/\/regiaonews.net.br\/2022\/#website"},"primaryImageOfPage":{"@id":"https:\/\/regiaonews.net.br\/2022\/2023\/06\/29\/prefeitura-da-estancia-turistica-de-barretos-realizara-limpeza-de-terrenos-baldios-particulares\/#primaryimage"},"image":{"@id":"https:\/\/regiaonews.net.br\/2022\/2023\/06\/29\/prefeitura-da-estancia-turistica-de-barretos-realizara-limpeza-de-terrenos-baldios-particulares\/#primaryimage"},"thumbnailUrl":"https:\/\/regiaonews.net.br\/2022\/wp-content\/uploads\/2023\/06\/WhatsApp-Image-2023-06-29-at-17.17.29.jpeg","datePublished":"2023-06-29T22:44:28+00:00","breadcrumb":{"@id":"https:\/\/regiaonews.net.br\/2022\/2023\/06\/29\/prefeitura-da-estancia-turistica-de-barretos-realizara-limpeza-de-terrenos-baldios-particulares\/#breadcrumb"},"inLanguage":"pt-BR","potentialAction":[{"@type":"ReadAction","target":["https:\/\/regiaonews.net.br\/2022\/2023\/06\/29\/prefeitura-da-estancia-turistica-de-barretos-realizara-limpeza-de-terrenos-baldios-particulares\/"]}]},{"@type":"ImageObject","inLanguage":"pt-BR","@id":"https:\/\/regiaonews.net.br\/2022\/2023\/06\/29\/prefeitura-da-estancia-turistica-de-barretos-realizara-limpeza-de-terrenos-baldios-particulares\/#primaryimage","url":"https:\/\/regiaonews.net.br\/2022\/wp-content\/uploads\/2023\/06\/WhatsApp-Image-2023-06-29-at-17.17.29.jpeg","contentUrl":"https:\/\/regiaonews.net.br\/2022\/wp-content\/uploads\/2023\/06\/WhatsApp-Image-2023-06-29-at-17.17.29.jpeg","width":1280,"height":849},{"@type":"BreadcrumbList","@id":"https:\/\/regiaonews.net.br\/2022\/2023\/06\/29\/prefeitura-da-estancia-turistica-de-barretos-realizara-limpeza-de-terrenos-baldios-particulares\/#breadcrumb","itemListElement":[{"@type":"ListItem","position":1,"name":"In\u00edcio","item":"https:\/\/regiaonews.net.br\/2022\/"},{"@type":"ListItem","position":2,"name":"Prefeitura da Est\u00e2ncia Tur\u00edstica de Barretos realizar\u00e1 limpeza de terrenos baldios particulares"}]},{"@type":"WebSite","@id":"https:\/\/regiaonews.net.br\/2022\/#website","url":"https:\/\/regiaonews.net.br\/2022\/","name":"Regi\u00e3o News","description":"Site de Not\u00edcias de Barretos e regi\u00e3o","publisher":{"@id":"https:\/\/regiaonews.net.br\/2022\/#organization"},"potentialAction":[{"@type":"SearchAction","target":{"@type":"EntryPoint","urlTemplate":"https:\/\/regiaonews.net.br\/2022\/?s={search_term_string}"},"query-input":{"@type":"PropertyValueSpecification","valueRequired":true,"valueName":"search_term_string"}}],"inLanguage":"pt-BR"},{"@type":"Organization","@id":"https:\/\/regiaonews.net.br\/2022\/#organization","name":"Regi\u00e3o News","url":"https:\/\/regiaonews.net.br\/2022\/","logo":{"@type":"ImageObject","inLanguage":"pt-BR","@id":"https:\/\/regiaonews.net.br\/2022\/#\/schema\/logo\/image\/","url":"https:\/\/regiaonews.net.br\/2022\/wp-content\/uploads\/2026\/03\/regiao-13-anos-scaled.jpg","contentUrl":"https:\/\/regiaonews.net.br\/2022\/wp-content\/uploads\/2026\/03\/regiao-13-anos-scaled.jpg","width":2560,"height":635,"caption":"Regi\u00e3o News"},"image":{"@id":"https:\/\/regiaonews.net.br\/2022\/#\/schema\/logo\/image\/"}},{"@type":"Person","@id":"https:\/\/regiaonews.net.br\/2022\/#\/schema\/person\/2d205a608a5aa97ac279d7a5e6d89ad8","name":"Roberto","image":{"@type":"ImageObject","inLanguage":"pt-BR","@id":"https:\/\/secure.gravatar.com\/avatar\/42749d8b712ff9d59ca93dc150494e5b55a44134482993f5baeb97e61b7ecc89?s=96&d=mm&r=g","url":"https:\/\/secure.gravatar.com\/avatar\/42749d8b712ff9d59ca93dc150494e5b55a44134482993f5baeb97e61b7ecc89?s=96&d=mm&r=g","contentUrl":"https:\/\/secure.gravatar.com\/avatar\/42749d8b712ff9d59ca93dc150494e5b55a44134482993f5baeb97e61b7ecc89?s=96&d=mm&r=g","caption":"Roberto"},"url":"https:\/\/regiaonews.net.br\/2022\/author\/roberto\/"}]}},"publishpress_future_action":{"enabled":false,"date":"2026-05-10 05:46:46","action":"change-status","newStatus":"draft","terms":[],"taxonomy":"category","extraData":[]},"publishpress_future_workflow_manual_trigger":{"enabledWorkflows":[]},"_links":{"self":[{"href":"https:\/\/regiaonews.net.br\/2022\/wp-json\/wp\/v2\/posts\/90810","targetHints":{"allow":["GET"]}}],"collection":[{"href":"https:\/\/regiaonews.net.br\/2022\/wp-json\/wp\/v2\/posts"}],"about":[{"href":"https:\/\/regiaonews.net.br\/2022\/wp-json\/wp\/v2\/types\/post"}],"author":[{"embeddable":true,"href":"https:\/\/regiaonews.net.br\/2022\/wp-json\/wp\/v2\/users\/2"}],"replies":[{"embeddable":true,"href":"https:\/\/regiaonews.net.br\/2022\/wp-json\/wp\/v2\/comments?post=90810"}],"version-history":[{"count":1,"href":"https:\/\/regiaonews.net.br\/2022\/wp-json\/wp\/v2\/posts\/90810\/revisions"}],"predecessor-version":[{"id":90812,"href":"https:\/\/regiaonews.net.br\/2022\/wp-json\/wp\/v2\/posts\/90810\/revisions\/90812"}],"wp:featuredmedia":[{"embeddable":true,"href":"https:\/\/regiaonews.net.br\/2022\/wp-json\/wp\/v2\/media\/90811"}],"wp:attachment":[{"href":"https:\/\/regiaonews.net.br\/2022\/wp-json\/wp\/v2\/media?parent=90810"}],"wp:term":[{"taxonomy":"category","embeddable":true,"href":"https:\/\/regiaonews.net.br\/2022\/wp-json\/wp\/v2\/categories?post=90810"},{"taxonomy":"post_tag","embeddable":true,"href":"https:\/\/regiaonews.net.br\/2022\/wp-json\/wp\/v2\/tags?post=90810"}],"curies":[{"name":"wp","href":"https:\/\/api.w.org\/{rel}","templated":true}]}}