{"id":90807,"date":"2023-06-29T19:35:46","date_gmt":"2023-06-29T22:35:46","guid":{"rendered":"https:\/\/regiaonews.net.br\/2022\/?p=90807"},"modified":"2023-06-29T19:43:07","modified_gmt":"2023-06-29T22:43:07","slug":"professores-de-aee-braile-e-libras-da-rede-municipal-de-ensino-participam-de-formacao-em-musicoterapia","status":"publish","type":"post","link":"https:\/\/regiaonews.net.br\/2022\/2023\/06\/29\/professores-de-aee-braile-e-libras-da-rede-municipal-de-ensino-participam-de-formacao-em-musicoterapia\/","title":{"rendered":"Professores de AEE, Braile e Libras da Rede Municipal de Ensino participam de forma\u00e7\u00e3o em musicoterapia"},"content":{"rendered":"<p>Palestrante Leticia Lima Dionizio Borges \u00e9 barretense, atua como musicoterapeuta em Portugal e \u00e9 especialista em atendimento de pessoas com transtorno do espectro autista (TEA)<\/p>\n<p>Os professores de Atendimento Educacional Especializado (AEE), braile e L\u00edngua Brasileira de Sinais (Libras) da Rede Municipal de Ensino da Est\u00e2ncia Tur\u00edstica de Barretos participaram na \u00faltima segunda-feira, 26 de junho, de uma forma\u00e7\u00e3o com a musicoterapeuta Leticia Lima Dionizio Borges.<br \/>\nLet\u00edcia \u00e9 barretense, formada pela UFMG (Universidade Federal de Minas Gerais), especialista em atendimento de pessoas com transtorno do espectro autista (TEA) e atua em Portugal.<br \/>\nDe acordo com Kelly Amorim, Coordenadora do Setor de Inclus\u00e3o da Secretaria Municipal de Educa\u00e7\u00e3o, a forma\u00e7\u00e3o \u00e9 a continuidade da palestra ministrada pela musicoterapeuta no Simp\u00f3sio de Educa\u00e7\u00e3o Inclusiva 2023, realizado no dia 19 deste m\u00eas. \u201cA forma\u00e7\u00e3o continuada de nossos professores \u00e9 muito importante para uma educa\u00e7\u00e3o de qualidade, haja vista que amplia conhecimentos e renova t\u00e9cnicas e estrat\u00e9gias de atendimento\u201d, destacou.<br \/>\nA secret\u00e1ria de Educa\u00e7\u00e3o J\u00e9ssica Maria dos Santos destaca a import\u00e2ncia da educa\u00e7\u00e3o p\u00fablica na forma\u00e7\u00e3o acad\u00eamica da musicoterapeuta. &#8220;\u00c9 imensa nossa alegria e satisfa\u00e7\u00e3o em poder contar com as valiosas contribui\u00e7\u00f5es da musicoterapeuta Let\u00edcia, que hoje desempenha um trabalho internacionalmente reconhecido. Ela \u00e9 um exemplo de educa\u00e7\u00e3o p\u00fablica de qualidade e um grande orgulho para nossa cidade. Foi estudante das redes municipal e estadual de ensino, cursou o Cemart, o Projeto Guri, participou do coral Brav\u00edssimo e hoje, em passagem pela cidade, auxilia nessa importante a\u00e7\u00e3o de forma\u00e7\u00e3o de profissionais que atuam com autistas&#8221;, salientou.<br \/>\nA forma\u00e7\u00e3o se deu durante as atividades do hor\u00e1rio de trabalho pedag\u00f3gico coletivo (HTPC) na Secretaria Municipal de Educa\u00e7\u00e3o.<\/p>\n","protected":false},"excerpt":{"rendered":"<p>Palestrante Leticia Lima Dionizio Borges \u00e9 barretense, atua como musicoterapeuta<\/p>\n","protected":false},"author":2,"featured_media":90809,"comment_status":"open","ping_status":"open","sticky":false,"template":"","format":"standard","meta":{"footnotes":""},"categories":[14,25],"tags":[],"class_list":["post-90807","post","type-post","status-publish","format-standard","has-post-thumbnail","hentry","category-barretos","category-cidades"],"yoast_head":"<!-- This site is optimized with the Yoast SEO plugin v27.5 - https:\/\/yoast.com\/product\/yoast-seo-wordpress\/ -->\n<title>Professores de AEE, Braile e Libras da Rede Municipal de Ensino participam de forma\u00e7\u00e3o em musicoterapia - Regi\u00e3o News<\/title>\n<meta name=\"description\" content=\"Professores de AEE, Braile e Libras da Rede Municipal de Ensino participam de forma\u00e7\u00e3o em musicoterapia\" \/>\n<meta name=\"robots\" content=\"index, follow, max-snippet:-1, max-image-preview:large, max-video-preview:-1\" \/>\n<link rel=\"canonical\" href=\"https:\/\/regiaonews.net.br\/2022\/2023\/06\/29\/professores-de-aee-braile-e-libras-da-rede-municipal-de-ensino-participam-de-formacao-em-musicoterapia\/\" \/>\n<meta property=\"og:locale\" content=\"pt_BR\" \/>\n<meta property=\"og:type\" content=\"article\" \/>\n<meta property=\"og:title\" content=\"Professores de AEE, Braile e Libras da Rede Municipal de Ensino participam de forma\u00e7\u00e3o em musicoterapia - Regi\u00e3o News\" \/>\n<meta property=\"og:description\" content=\"Professores de AEE, Braile e Libras da Rede Municipal de Ensino participam de forma\u00e7\u00e3o em musicoterapia\" \/>\n<meta property=\"og:url\" content=\"https:\/\/regiaonews.net.br\/2022\/2023\/06\/29\/professores-de-aee-braile-e-libras-da-rede-municipal-de-ensino-participam-de-formacao-em-musicoterapia\/\" \/>\n<meta property=\"og:site_name\" content=\"Regi\u00e3o News\" \/>\n<meta property=\"article:published_time\" content=\"2023-06-29T22:35:46+00:00\" \/>\n<meta property=\"article:modified_time\" content=\"2023-06-29T22:43:07+00:00\" \/>\n<meta property=\"og:image\" content=\"https:\/\/regiaonews.net.br\/2022\/wp-content\/uploads\/2023\/06\/WhatsApp-Image-2023-06-29-at-17.17.28.jpeg\" \/>\n\t<meta property=\"og:image:width\" content=\"1600\" \/>\n\t<meta property=\"og:image:height\" content=\"721\" \/>\n\t<meta property=\"og:image:type\" content=\"image\/jpeg\" \/>\n<meta name=\"author\" content=\"Roberto\" \/>\n<meta name=\"twitter:card\" content=\"summary_large_image\" \/>\n<meta name=\"twitter:label1\" content=\"Escrito por\" \/>\n\t<meta name=\"twitter:data1\" content=\"Roberto\" \/>\n\t<meta name=\"twitter:label2\" content=\"Est. tempo de leitura\" \/>\n\t<meta name=\"twitter:data2\" content=\"2 minutos\" \/>\n<script type=\"application\/ld+json\" class=\"yoast-schema-graph\">{\"@context\":\"https:\\\/\\\/schema.org\",\"@graph\":[{\"@type\":\"Article\",\"@id\":\"https:\\\/\\\/regiaonews.net.br\\\/2022\\\/2023\\\/06\\\/29\\\/professores-de-aee-braile-e-libras-da-rede-municipal-de-ensino-participam-de-formacao-em-musicoterapia\\\/#article\",\"isPartOf\":{\"@id\":\"https:\\\/\\\/regiaonews.net.br\\\/2022\\\/2023\\\/06\\\/29\\\/professores-de-aee-braile-e-libras-da-rede-municipal-de-ensino-participam-de-formacao-em-musicoterapia\\\/\"},\"author\":{\"name\":\"Roberto\",\"@id\":\"https:\\\/\\\/regiaonews.net.br\\\/2022\\\/#\\\/schema\\\/person\\\/2d205a608a5aa97ac279d7a5e6d89ad8\"},\"headline\":\"Professores de AEE, Braile e Libras da Rede Municipal de Ensino participam de forma\u00e7\u00e3o em musicoterapia\",\"datePublished\":\"2023-06-29T22:35:46+00:00\",\"dateModified\":\"2023-06-29T22:43:07+00:00\",\"mainEntityOfPage\":{\"@id\":\"https:\\\/\\\/regiaonews.net.br\\\/2022\\\/2023\\\/06\\\/29\\\/professores-de-aee-braile-e-libras-da-rede-municipal-de-ensino-participam-de-formacao-em-musicoterapia\\\/\"},\"wordCount\":313,\"commentCount\":0,\"publisher\":{\"@id\":\"https:\\\/\\\/regiaonews.net.br\\\/2022\\\/#organization\"},\"image\":{\"@id\":\"https:\\\/\\\/regiaonews.net.br\\\/2022\\\/2023\\\/06\\\/29\\\/professores-de-aee-braile-e-libras-da-rede-municipal-de-ensino-participam-de-formacao-em-musicoterapia\\\/#primaryimage\"},\"thumbnailUrl\":\"https:\\\/\\\/regiaonews.net.br\\\/2022\\\/wp-content\\\/uploads\\\/2023\\\/06\\\/WhatsApp-Image-2023-06-29-at-17.17.28.jpeg\",\"articleSection\":[\"Barretos\",\"Cidades\"],\"inLanguage\":\"pt-BR\",\"potentialAction\":[{\"@type\":\"CommentAction\",\"name\":\"Comment\",\"target\":[\"https:\\\/\\\/regiaonews.net.br\\\/2022\\\/2023\\\/06\\\/29\\\/professores-de-aee-braile-e-libras-da-rede-municipal-de-ensino-participam-de-formacao-em-musicoterapia\\\/#respond\"]}]},{\"@type\":\"WebPage\",\"@id\":\"https:\\\/\\\/regiaonews.net.br\\\/2022\\\/2023\\\/06\\\/29\\\/professores-de-aee-braile-e-libras-da-rede-municipal-de-ensino-participam-de-formacao-em-musicoterapia\\\/\",\"url\":\"https:\\\/\\\/regiaonews.net.br\\\/2022\\\/2023\\\/06\\\/29\\\/professores-de-aee-braile-e-libras-da-rede-municipal-de-ensino-participam-de-formacao-em-musicoterapia\\\/\",\"name\":\"Professores de AEE, Braile e Libras da Rede Municipal de Ensino participam de forma\u00e7\u00e3o em musicoterapia - Regi\u00e3o News\",\"isPartOf\":{\"@id\":\"https:\\\/\\\/regiaonews.net.br\\\/2022\\\/#website\"},\"primaryImageOfPage\":{\"@id\":\"https:\\\/\\\/regiaonews.net.br\\\/2022\\\/2023\\\/06\\\/29\\\/professores-de-aee-braile-e-libras-da-rede-municipal-de-ensino-participam-de-formacao-em-musicoterapia\\\/#primaryimage\"},\"image\":{\"@id\":\"https:\\\/\\\/regiaonews.net.br\\\/2022\\\/2023\\\/06\\\/29\\\/professores-de-aee-braile-e-libras-da-rede-municipal-de-ensino-participam-de-formacao-em-musicoterapia\\\/#primaryimage\"},\"thumbnailUrl\":\"https:\\\/\\\/regiaonews.net.br\\\/2022\\\/wp-content\\\/uploads\\\/2023\\\/06\\\/WhatsApp-Image-2023-06-29-at-17.17.28.jpeg\",\"datePublished\":\"2023-06-29T22:35:46+00:00\",\"dateModified\":\"2023-06-29T22:43:07+00:00\",\"description\":\"Professores de AEE, Braile e Libras da Rede Municipal de Ensino participam de forma\u00e7\u00e3o em musicoterapia\",\"breadcrumb\":{\"@id\":\"https:\\\/\\\/regiaonews.net.br\\\/2022\\\/2023\\\/06\\\/29\\\/professores-de-aee-braile-e-libras-da-rede-municipal-de-ensino-participam-de-formacao-em-musicoterapia\\\/#breadcrumb\"},\"inLanguage\":\"pt-BR\",\"potentialAction\":[{\"@type\":\"ReadAction\",\"target\":[\"https:\\\/\\\/regiaonews.net.br\\\/2022\\\/2023\\\/06\\\/29\\\/professores-de-aee-braile-e-libras-da-rede-municipal-de-ensino-participam-de-formacao-em-musicoterapia\\\/\"]}]},{\"@type\":\"ImageObject\",\"inLanguage\":\"pt-BR\",\"@id\":\"https:\\\/\\\/regiaonews.net.br\\\/2022\\\/2023\\\/06\\\/29\\\/professores-de-aee-braile-e-libras-da-rede-municipal-de-ensino-participam-de-formacao-em-musicoterapia\\\/#primaryimage\",\"url\":\"https:\\\/\\\/regiaonews.net.br\\\/2022\\\/wp-content\\\/uploads\\\/2023\\\/06\\\/WhatsApp-Image-2023-06-29-at-17.17.28.jpeg\",\"contentUrl\":\"https:\\\/\\\/regiaonews.net.br\\\/2022\\\/wp-content\\\/uploads\\\/2023\\\/06\\\/WhatsApp-Image-2023-06-29-at-17.17.28.jpeg\",\"width\":1600,\"height\":721},{\"@type\":\"BreadcrumbList\",\"@id\":\"https:\\\/\\\/regiaonews.net.br\\\/2022\\\/2023\\\/06\\\/29\\\/professores-de-aee-braile-e-libras-da-rede-municipal-de-ensino-participam-de-formacao-em-musicoterapia\\\/#breadcrumb\",\"itemListElement\":[{\"@type\":\"ListItem\",\"position\":1,\"name\":\"In\u00edcio\",\"item\":\"https:\\\/\\\/regiaonews.net.br\\\/2022\\\/\"},{\"@type\":\"ListItem\",\"position\":2,\"name\":\"Professores de AEE, Braile e Libras da Rede Municipal de Ensino participam de forma\u00e7\u00e3o em musicoterapia\"}]},{\"@type\":\"WebSite\",\"@id\":\"https:\\\/\\\/regiaonews.net.br\\\/2022\\\/#website\",\"url\":\"https:\\\/\\\/regiaonews.net.br\\\/2022\\\/\",\"name\":\"Regi\u00e3o News\",\"description\":\"Site de Not\u00edcias de Barretos e regi\u00e3o\",\"publisher\":{\"@id\":\"https:\\\/\\\/regiaonews.net.br\\\/2022\\\/#organization\"},\"potentialAction\":[{\"@type\":\"SearchAction\",\"target\":{\"@type\":\"EntryPoint\",\"urlTemplate\":\"https:\\\/\\\/regiaonews.net.br\\\/2022\\\/?s={search_term_string}\"},\"query-input\":{\"@type\":\"PropertyValueSpecification\",\"valueRequired\":true,\"valueName\":\"search_term_string\"}}],\"inLanguage\":\"pt-BR\"},{\"@type\":\"Organization\",\"@id\":\"https:\\\/\\\/regiaonews.net.br\\\/2022\\\/#organization\",\"name\":\"Regi\u00e3o News\",\"url\":\"https:\\\/\\\/regiaonews.net.br\\\/2022\\\/\",\"logo\":{\"@type\":\"ImageObject\",\"inLanguage\":\"pt-BR\",\"@id\":\"https:\\\/\\\/regiaonews.net.br\\\/2022\\\/#\\\/schema\\\/logo\\\/image\\\/\",\"url\":\"https:\\\/\\\/regiaonews.net.br\\\/2022\\\/wp-content\\\/uploads\\\/2026\\\/03\\\/regiao-13-anos-scaled.jpg\",\"contentUrl\":\"https:\\\/\\\/regiaonews.net.br\\\/2022\\\/wp-content\\\/uploads\\\/2026\\\/03\\\/regiao-13-anos-scaled.jpg\",\"width\":2560,\"height\":635,\"caption\":\"Regi\u00e3o News\"},\"image\":{\"@id\":\"https:\\\/\\\/regiaonews.net.br\\\/2022\\\/#\\\/schema\\\/logo\\\/image\\\/\"}},{\"@type\":\"Person\",\"@id\":\"https:\\\/\\\/regiaonews.net.br\\\/2022\\\/#\\\/schema\\\/person\\\/2d205a608a5aa97ac279d7a5e6d89ad8\",\"name\":\"Roberto\",\"image\":{\"@type\":\"ImageObject\",\"inLanguage\":\"pt-BR\",\"@id\":\"https:\\\/\\\/secure.gravatar.com\\\/avatar\\\/42749d8b712ff9d59ca93dc150494e5b55a44134482993f5baeb97e61b7ecc89?s=96&d=mm&r=g\",\"url\":\"https:\\\/\\\/secure.gravatar.com\\\/avatar\\\/42749d8b712ff9d59ca93dc150494e5b55a44134482993f5baeb97e61b7ecc89?s=96&d=mm&r=g\",\"contentUrl\":\"https:\\\/\\\/secure.gravatar.com\\\/avatar\\\/42749d8b712ff9d59ca93dc150494e5b55a44134482993f5baeb97e61b7ecc89?s=96&d=mm&r=g\",\"caption\":\"Roberto\"},\"url\":\"https:\\\/\\\/regiaonews.net.br\\\/2022\\\/author\\\/roberto\\\/\"}]}<\/script>\n<!-- \/ Yoast SEO plugin. -->","yoast_head_json":{"title":"Professores de AEE, Braile e Libras da Rede Municipal de Ensino participam de forma\u00e7\u00e3o em musicoterapia - Regi\u00e3o News","description":"Professores de AEE, Braile e Libras da Rede Municipal de Ensino participam de forma\u00e7\u00e3o em musicoterapia","robots":{"index":"index","follow":"follow","max-snippet":"max-snippet:-1","max-image-preview":"max-image-preview:large","max-video-preview":"max-video-preview:-1"},"canonical":"https:\/\/regiaonews.net.br\/2022\/2023\/06\/29\/professores-de-aee-braile-e-libras-da-rede-municipal-de-ensino-participam-de-formacao-em-musicoterapia\/","og_locale":"pt_BR","og_type":"article","og_title":"Professores de AEE, Braile e Libras da Rede Municipal de Ensino participam de forma\u00e7\u00e3o em musicoterapia - Regi\u00e3o News","og_description":"Professores de AEE, Braile e Libras da Rede Municipal de Ensino participam de forma\u00e7\u00e3o em musicoterapia","og_url":"https:\/\/regiaonews.net.br\/2022\/2023\/06\/29\/professores-de-aee-braile-e-libras-da-rede-municipal-de-ensino-participam-de-formacao-em-musicoterapia\/","og_site_name":"Regi\u00e3o News","article_published_time":"2023-06-29T22:35:46+00:00","article_modified_time":"2023-06-29T22:43:07+00:00","og_image":[{"width":1600,"height":721,"url":"https:\/\/regiaonews.net.br\/2022\/wp-content\/uploads\/2023\/06\/WhatsApp-Image-2023-06-29-at-17.17.28.jpeg","type":"image\/jpeg"}],"author":"Roberto","twitter_card":"summary_large_image","twitter_misc":{"Escrito por":"Roberto","Est. tempo de leitura":"2 minutos"},"schema":{"@context":"https:\/\/schema.org","@graph":[{"@type":"Article","@id":"https:\/\/regiaonews.net.br\/2022\/2023\/06\/29\/professores-de-aee-braile-e-libras-da-rede-municipal-de-ensino-participam-de-formacao-em-musicoterapia\/#article","isPartOf":{"@id":"https:\/\/regiaonews.net.br\/2022\/2023\/06\/29\/professores-de-aee-braile-e-libras-da-rede-municipal-de-ensino-participam-de-formacao-em-musicoterapia\/"},"author":{"name":"Roberto","@id":"https:\/\/regiaonews.net.br\/2022\/#\/schema\/person\/2d205a608a5aa97ac279d7a5e6d89ad8"},"headline":"Professores de AEE, Braile e Libras da Rede Municipal de Ensino participam de forma\u00e7\u00e3o em musicoterapia","datePublished":"2023-06-29T22:35:46+00:00","dateModified":"2023-06-29T22:43:07+00:00","mainEntityOfPage":{"@id":"https:\/\/regiaonews.net.br\/2022\/2023\/06\/29\/professores-de-aee-braile-e-libras-da-rede-municipal-de-ensino-participam-de-formacao-em-musicoterapia\/"},"wordCount":313,"commentCount":0,"publisher":{"@id":"https:\/\/regiaonews.net.br\/2022\/#organization"},"image":{"@id":"https:\/\/regiaonews.net.br\/2022\/2023\/06\/29\/professores-de-aee-braile-e-libras-da-rede-municipal-de-ensino-participam-de-formacao-em-musicoterapia\/#primaryimage"},"thumbnailUrl":"https:\/\/regiaonews.net.br\/2022\/wp-content\/uploads\/2023\/06\/WhatsApp-Image-2023-06-29-at-17.17.28.jpeg","articleSection":["Barretos","Cidades"],"inLanguage":"pt-BR","potentialAction":[{"@type":"CommentAction","name":"Comment","target":["https:\/\/regiaonews.net.br\/2022\/2023\/06\/29\/professores-de-aee-braile-e-libras-da-rede-municipal-de-ensino-participam-de-formacao-em-musicoterapia\/#respond"]}]},{"@type":"WebPage","@id":"https:\/\/regiaonews.net.br\/2022\/2023\/06\/29\/professores-de-aee-braile-e-libras-da-rede-municipal-de-ensino-participam-de-formacao-em-musicoterapia\/","url":"https:\/\/regiaonews.net.br\/2022\/2023\/06\/29\/professores-de-aee-braile-e-libras-da-rede-municipal-de-ensino-participam-de-formacao-em-musicoterapia\/","name":"Professores de AEE, Braile e Libras da Rede Municipal de Ensino participam de forma\u00e7\u00e3o em musicoterapia - Regi\u00e3o News","isPartOf":{"@id":"https:\/\/regiaonews.net.br\/2022\/#website"},"primaryImageOfPage":{"@id":"https:\/\/regiaonews.net.br\/2022\/2023\/06\/29\/professores-de-aee-braile-e-libras-da-rede-municipal-de-ensino-participam-de-formacao-em-musicoterapia\/#primaryimage"},"image":{"@id":"https:\/\/regiaonews.net.br\/2022\/2023\/06\/29\/professores-de-aee-braile-e-libras-da-rede-municipal-de-ensino-participam-de-formacao-em-musicoterapia\/#primaryimage"},"thumbnailUrl":"https:\/\/regiaonews.net.br\/2022\/wp-content\/uploads\/2023\/06\/WhatsApp-Image-2023-06-29-at-17.17.28.jpeg","datePublished":"2023-06-29T22:35:46+00:00","dateModified":"2023-06-29T22:43:07+00:00","description":"Professores de AEE, Braile e Libras da Rede Municipal de Ensino participam de forma\u00e7\u00e3o em musicoterapia","breadcrumb":{"@id":"https:\/\/regiaonews.net.br\/2022\/2023\/06\/29\/professores-de-aee-braile-e-libras-da-rede-municipal-de-ensino-participam-de-formacao-em-musicoterapia\/#breadcrumb"},"inLanguage":"pt-BR","potentialAction":[{"@type":"ReadAction","target":["https:\/\/regiaonews.net.br\/2022\/2023\/06\/29\/professores-de-aee-braile-e-libras-da-rede-municipal-de-ensino-participam-de-formacao-em-musicoterapia\/"]}]},{"@type":"ImageObject","inLanguage":"pt-BR","@id":"https:\/\/regiaonews.net.br\/2022\/2023\/06\/29\/professores-de-aee-braile-e-libras-da-rede-municipal-de-ensino-participam-de-formacao-em-musicoterapia\/#primaryimage","url":"https:\/\/regiaonews.net.br\/2022\/wp-content\/uploads\/2023\/06\/WhatsApp-Image-2023-06-29-at-17.17.28.jpeg","contentUrl":"https:\/\/regiaonews.net.br\/2022\/wp-content\/uploads\/2023\/06\/WhatsApp-Image-2023-06-29-at-17.17.28.jpeg","width":1600,"height":721},{"@type":"BreadcrumbList","@id":"https:\/\/regiaonews.net.br\/2022\/2023\/06\/29\/professores-de-aee-braile-e-libras-da-rede-municipal-de-ensino-participam-de-formacao-em-musicoterapia\/#breadcrumb","itemListElement":[{"@type":"ListItem","position":1,"name":"In\u00edcio","item":"https:\/\/regiaonews.net.br\/2022\/"},{"@type":"ListItem","position":2,"name":"Professores de AEE, Braile e Libras da Rede Municipal de Ensino participam de forma\u00e7\u00e3o em musicoterapia"}]},{"@type":"WebSite","@id":"https:\/\/regiaonews.net.br\/2022\/#website","url":"https:\/\/regiaonews.net.br\/2022\/","name":"Regi\u00e3o News","description":"Site de Not\u00edcias de Barretos e regi\u00e3o","publisher":{"@id":"https:\/\/regiaonews.net.br\/2022\/#organization"},"potentialAction":[{"@type":"SearchAction","target":{"@type":"EntryPoint","urlTemplate":"https:\/\/regiaonews.net.br\/2022\/?s={search_term_string}"},"query-input":{"@type":"PropertyValueSpecification","valueRequired":true,"valueName":"search_term_string"}}],"inLanguage":"pt-BR"},{"@type":"Organization","@id":"https:\/\/regiaonews.net.br\/2022\/#organization","name":"Regi\u00e3o News","url":"https:\/\/regiaonews.net.br\/2022\/","logo":{"@type":"ImageObject","inLanguage":"pt-BR","@id":"https:\/\/regiaonews.net.br\/2022\/#\/schema\/logo\/image\/","url":"https:\/\/regiaonews.net.br\/2022\/wp-content\/uploads\/2026\/03\/regiao-13-anos-scaled.jpg","contentUrl":"https:\/\/regiaonews.net.br\/2022\/wp-content\/uploads\/2026\/03\/regiao-13-anos-scaled.jpg","width":2560,"height":635,"caption":"Regi\u00e3o News"},"image":{"@id":"https:\/\/regiaonews.net.br\/2022\/#\/schema\/logo\/image\/"}},{"@type":"Person","@id":"https:\/\/regiaonews.net.br\/2022\/#\/schema\/person\/2d205a608a5aa97ac279d7a5e6d89ad8","name":"Roberto","image":{"@type":"ImageObject","inLanguage":"pt-BR","@id":"https:\/\/secure.gravatar.com\/avatar\/42749d8b712ff9d59ca93dc150494e5b55a44134482993f5baeb97e61b7ecc89?s=96&d=mm&r=g","url":"https:\/\/secure.gravatar.com\/avatar\/42749d8b712ff9d59ca93dc150494e5b55a44134482993f5baeb97e61b7ecc89?s=96&d=mm&r=g","contentUrl":"https:\/\/secure.gravatar.com\/avatar\/42749d8b712ff9d59ca93dc150494e5b55a44134482993f5baeb97e61b7ecc89?s=96&d=mm&r=g","caption":"Roberto"},"url":"https:\/\/regiaonews.net.br\/2022\/author\/roberto\/"}]}},"publishpress_future_action":{"enabled":false,"date":"2026-05-10 08:23:50","action":"change-status","newStatus":"draft","terms":[],"taxonomy":"category","extraData":[]},"publishpress_future_workflow_manual_trigger":{"enabledWorkflows":[]},"_links":{"self":[{"href":"https:\/\/regiaonews.net.br\/2022\/wp-json\/wp\/v2\/posts\/90807","targetHints":{"allow":["GET"]}}],"collection":[{"href":"https:\/\/regiaonews.net.br\/2022\/wp-json\/wp\/v2\/posts"}],"about":[{"href":"https:\/\/regiaonews.net.br\/2022\/wp-json\/wp\/v2\/types\/post"}],"author":[{"embeddable":true,"href":"https:\/\/regiaonews.net.br\/2022\/wp-json\/wp\/v2\/users\/2"}],"replies":[{"embeddable":true,"href":"https:\/\/regiaonews.net.br\/2022\/wp-json\/wp\/v2\/comments?post=90807"}],"version-history":[{"count":1,"href":"https:\/\/regiaonews.net.br\/2022\/wp-json\/wp\/v2\/posts\/90807\/revisions"}],"predecessor-version":[{"id":90808,"href":"https:\/\/regiaonews.net.br\/2022\/wp-json\/wp\/v2\/posts\/90807\/revisions\/90808"}],"wp:featuredmedia":[{"embeddable":true,"href":"https:\/\/regiaonews.net.br\/2022\/wp-json\/wp\/v2\/media\/90809"}],"wp:attachment":[{"href":"https:\/\/regiaonews.net.br\/2022\/wp-json\/wp\/v2\/media?parent=90807"}],"wp:term":[{"taxonomy":"category","embeddable":true,"href":"https:\/\/regiaonews.net.br\/2022\/wp-json\/wp\/v2\/categories?post=90807"},{"taxonomy":"post_tag","embeddable":true,"href":"https:\/\/regiaonews.net.br\/2022\/wp-json\/wp\/v2\/tags?post=90807"}],"curies":[{"name":"wp","href":"https:\/\/api.w.org\/{rel}","templated":true}]}}