{"id":90804,"date":"2023-06-29T19:34:19","date_gmt":"2023-06-29T22:34:19","guid":{"rendered":"https:\/\/regiaonews.net.br\/2022\/?p=90804"},"modified":"2023-06-29T19:34:19","modified_gmt":"2023-06-29T22:34:19","slug":"orquestra-sinfonica-municipal-de-barretos-apresenta-concerto-internacional-nesta-sexta-30","status":"publish","type":"post","link":"https:\/\/regiaonews.net.br\/2022\/2023\/06\/29\/orquestra-sinfonica-municipal-de-barretos-apresenta-concerto-internacional-nesta-sexta-30\/","title":{"rendered":"Orquestra Sinf\u00f4nica Municipal de Barretos apresenta Concerto Internacional nesta sexta (30)"},"content":{"rendered":"<p>Espet\u00e1culo ter\u00e1 reg\u00eancia do novo maestro da OSMB, o peruano Fernando Ortiz de Vilatte<\/p>\n<p>A Prefeitura da Est\u00e2ncia Tur\u00edstica de Barretos, por meio da Secretaria Municipal de Cultura, realiza nesta sexta-feira, 30 de junho, o Concerto Internacional da Orquestra Sinf\u00f4nica Municipal de Barretos (OSMB) sob reg\u00eancia do novo maestro, o peruano Fernando Ortiz de Vilatte. A apresenta\u00e7\u00e3o est\u00e1 marcada para as 20h, no Santu\u00e1rio Nossa Senhora do Ros\u00e1rio, localizado na Avenida 1, n\u00b0 725, entre as ruas 20 e 22, no bairro Fortaleza, com entrada gratuita.<br \/>\nNo repert\u00f3rio, grandes obras como \u201cAbertura Festiva\u201d, de Schostakovich Waltz, e o tema do filme Superman, de John Williams, considerada um desafio para a orquestra. A apresenta\u00e7\u00e3o tamb\u00e9m conta com a participa\u00e7\u00e3o do solista Samuel Silva no violoncelo, na obra \u201cConcerto para Violoncelo em D\u00f3 Maior\u201d, de Joseph Haydn. O destaque da noite fica por conta da execu\u00e7\u00e3o da 5\u00aa Sinfonia de Beethoven, que ser\u00e1 apresentada pela primeira vez pela OSMB em seus quatro movimentos.<br \/>\nRog\u00e9rio Teod\u00f3sio, secret\u00e1rio de Cultura, explica que o repert\u00f3rio escolhido consiste no prop\u00f3sito da OSMB para este ano, de superar novos desafios e mesclar temas eruditos com obras complexas populares. \u201cA execu\u00e7\u00e3o completa da 5\u00aa Sinfonia de Beethoven foi, por muito tempo, um sonho de toda a orquestra e que vamos realizar nesta sexta- feira. Em todos os concertos vamos finalizar a apresenta\u00e7\u00e3o com um repert\u00f3rio art\u00edstico para elevar o n\u00edvel da orquestra e dos m\u00fasicos e, ao mesmo tempo, nos aproximar ainda mais do p\u00fablico com uma obra popular e complexa\u201d, falou.<\/p>\n","protected":false},"excerpt":{"rendered":"<p>Espet\u00e1culo ter\u00e1 reg\u00eancia do novo maestro da OSMB, o peruano<\/p>\n","protected":false},"author":2,"featured_media":90805,"comment_status":"open","ping_status":"open","sticky":false,"template":"","format":"standard","meta":{"footnotes":""},"categories":[14,25],"tags":[],"class_list":["post-90804","post","type-post","status-publish","format-standard","has-post-thumbnail","hentry","category-barretos","category-cidades"],"yoast_head":"<!-- This site is optimized with the Yoast SEO plugin v27.5 - https:\/\/yoast.com\/product\/yoast-seo-wordpress\/ -->\n<title>Orquestra Sinf\u00f4nica Municipal de Barretos apresenta Concerto Internacional nesta sexta (30) - Regi\u00e3o News<\/title>\n<meta name=\"description\" content=\"Orquestra Sinf\u00f4nica Municipal de Barretos apresenta Concerto Internacional nesta sexta (30)\" \/>\n<meta name=\"robots\" content=\"index, follow, max-snippet:-1, max-image-preview:large, max-video-preview:-1\" \/>\n<link rel=\"canonical\" href=\"https:\/\/regiaonews.net.br\/2022\/2023\/06\/29\/orquestra-sinfonica-municipal-de-barretos-apresenta-concerto-internacional-nesta-sexta-30\/\" \/>\n<meta property=\"og:locale\" content=\"pt_BR\" \/>\n<meta property=\"og:type\" content=\"article\" \/>\n<meta property=\"og:title\" content=\"Orquestra Sinf\u00f4nica Municipal de Barretos apresenta Concerto Internacional nesta sexta (30) - Regi\u00e3o News\" \/>\n<meta property=\"og:description\" content=\"Orquestra Sinf\u00f4nica Municipal de Barretos apresenta Concerto Internacional nesta sexta (30)\" \/>\n<meta property=\"og:url\" content=\"https:\/\/regiaonews.net.br\/2022\/2023\/06\/29\/orquestra-sinfonica-municipal-de-barretos-apresenta-concerto-internacional-nesta-sexta-30\/\" \/>\n<meta property=\"og:site_name\" content=\"Regi\u00e3o News\" \/>\n<meta property=\"article:published_time\" content=\"2023-06-29T22:34:19+00:00\" \/>\n<meta property=\"og:image\" content=\"https:\/\/regiaonews.net.br\/2022\/wp-content\/uploads\/2023\/06\/WhatsApp-Image-2023-06-29-at-17.16.53.jpeg\" \/>\n\t<meta property=\"og:image:width\" content=\"1024\" \/>\n\t<meta property=\"og:image:height\" content=\"681\" \/>\n\t<meta property=\"og:image:type\" content=\"image\/jpeg\" \/>\n<meta name=\"author\" content=\"Roberto\" \/>\n<meta name=\"twitter:card\" content=\"summary_large_image\" \/>\n<meta name=\"twitter:label1\" content=\"Escrito por\" \/>\n\t<meta name=\"twitter:data1\" content=\"Roberto\" \/>\n\t<meta name=\"twitter:label2\" content=\"Est. tempo de leitura\" \/>\n\t<meta name=\"twitter:data2\" content=\"2 minutos\" \/>\n<script type=\"application\/ld+json\" class=\"yoast-schema-graph\">{\"@context\":\"https:\\\/\\\/schema.org\",\"@graph\":[{\"@type\":\"Article\",\"@id\":\"https:\\\/\\\/regiaonews.net.br\\\/2022\\\/2023\\\/06\\\/29\\\/orquestra-sinfonica-municipal-de-barretos-apresenta-concerto-internacional-nesta-sexta-30\\\/#article\",\"isPartOf\":{\"@id\":\"https:\\\/\\\/regiaonews.net.br\\\/2022\\\/2023\\\/06\\\/29\\\/orquestra-sinfonica-municipal-de-barretos-apresenta-concerto-internacional-nesta-sexta-30\\\/\"},\"author\":{\"name\":\"Roberto\",\"@id\":\"https:\\\/\\\/regiaonews.net.br\\\/2022\\\/#\\\/schema\\\/person\\\/2d205a608a5aa97ac279d7a5e6d89ad8\"},\"headline\":\"Orquestra Sinf\u00f4nica Municipal de Barretos apresenta Concerto Internacional nesta sexta (30)\",\"datePublished\":\"2023-06-29T22:34:19+00:00\",\"mainEntityOfPage\":{\"@id\":\"https:\\\/\\\/regiaonews.net.br\\\/2022\\\/2023\\\/06\\\/29\\\/orquestra-sinfonica-municipal-de-barretos-apresenta-concerto-internacional-nesta-sexta-30\\\/\"},\"wordCount\":284,\"commentCount\":0,\"publisher\":{\"@id\":\"https:\\\/\\\/regiaonews.net.br\\\/2022\\\/#organization\"},\"image\":{\"@id\":\"https:\\\/\\\/regiaonews.net.br\\\/2022\\\/2023\\\/06\\\/29\\\/orquestra-sinfonica-municipal-de-barretos-apresenta-concerto-internacional-nesta-sexta-30\\\/#primaryimage\"},\"thumbnailUrl\":\"https:\\\/\\\/regiaonews.net.br\\\/2022\\\/wp-content\\\/uploads\\\/2023\\\/06\\\/WhatsApp-Image-2023-06-29-at-17.16.53.jpeg\",\"articleSection\":[\"Barretos\",\"Cidades\"],\"inLanguage\":\"pt-BR\",\"potentialAction\":[{\"@type\":\"CommentAction\",\"name\":\"Comment\",\"target\":[\"https:\\\/\\\/regiaonews.net.br\\\/2022\\\/2023\\\/06\\\/29\\\/orquestra-sinfonica-municipal-de-barretos-apresenta-concerto-internacional-nesta-sexta-30\\\/#respond\"]}]},{\"@type\":\"WebPage\",\"@id\":\"https:\\\/\\\/regiaonews.net.br\\\/2022\\\/2023\\\/06\\\/29\\\/orquestra-sinfonica-municipal-de-barretos-apresenta-concerto-internacional-nesta-sexta-30\\\/\",\"url\":\"https:\\\/\\\/regiaonews.net.br\\\/2022\\\/2023\\\/06\\\/29\\\/orquestra-sinfonica-municipal-de-barretos-apresenta-concerto-internacional-nesta-sexta-30\\\/\",\"name\":\"Orquestra Sinf\u00f4nica Municipal de Barretos apresenta Concerto Internacional nesta sexta (30) - Regi\u00e3o News\",\"isPartOf\":{\"@id\":\"https:\\\/\\\/regiaonews.net.br\\\/2022\\\/#website\"},\"primaryImageOfPage\":{\"@id\":\"https:\\\/\\\/regiaonews.net.br\\\/2022\\\/2023\\\/06\\\/29\\\/orquestra-sinfonica-municipal-de-barretos-apresenta-concerto-internacional-nesta-sexta-30\\\/#primaryimage\"},\"image\":{\"@id\":\"https:\\\/\\\/regiaonews.net.br\\\/2022\\\/2023\\\/06\\\/29\\\/orquestra-sinfonica-municipal-de-barretos-apresenta-concerto-internacional-nesta-sexta-30\\\/#primaryimage\"},\"thumbnailUrl\":\"https:\\\/\\\/regiaonews.net.br\\\/2022\\\/wp-content\\\/uploads\\\/2023\\\/06\\\/WhatsApp-Image-2023-06-29-at-17.16.53.jpeg\",\"datePublished\":\"2023-06-29T22:34:19+00:00\",\"description\":\"Orquestra Sinf\u00f4nica Municipal de Barretos apresenta Concerto Internacional nesta sexta (30)\",\"breadcrumb\":{\"@id\":\"https:\\\/\\\/regiaonews.net.br\\\/2022\\\/2023\\\/06\\\/29\\\/orquestra-sinfonica-municipal-de-barretos-apresenta-concerto-internacional-nesta-sexta-30\\\/#breadcrumb\"},\"inLanguage\":\"pt-BR\",\"potentialAction\":[{\"@type\":\"ReadAction\",\"target\":[\"https:\\\/\\\/regiaonews.net.br\\\/2022\\\/2023\\\/06\\\/29\\\/orquestra-sinfonica-municipal-de-barretos-apresenta-concerto-internacional-nesta-sexta-30\\\/\"]}]},{\"@type\":\"ImageObject\",\"inLanguage\":\"pt-BR\",\"@id\":\"https:\\\/\\\/regiaonews.net.br\\\/2022\\\/2023\\\/06\\\/29\\\/orquestra-sinfonica-municipal-de-barretos-apresenta-concerto-internacional-nesta-sexta-30\\\/#primaryimage\",\"url\":\"https:\\\/\\\/regiaonews.net.br\\\/2022\\\/wp-content\\\/uploads\\\/2023\\\/06\\\/WhatsApp-Image-2023-06-29-at-17.16.53.jpeg\",\"contentUrl\":\"https:\\\/\\\/regiaonews.net.br\\\/2022\\\/wp-content\\\/uploads\\\/2023\\\/06\\\/WhatsApp-Image-2023-06-29-at-17.16.53.jpeg\",\"width\":1024,\"height\":681},{\"@type\":\"BreadcrumbList\",\"@id\":\"https:\\\/\\\/regiaonews.net.br\\\/2022\\\/2023\\\/06\\\/29\\\/orquestra-sinfonica-municipal-de-barretos-apresenta-concerto-internacional-nesta-sexta-30\\\/#breadcrumb\",\"itemListElement\":[{\"@type\":\"ListItem\",\"position\":1,\"name\":\"In\u00edcio\",\"item\":\"https:\\\/\\\/regiaonews.net.br\\\/2022\\\/\"},{\"@type\":\"ListItem\",\"position\":2,\"name\":\"Orquestra Sinf\u00f4nica Municipal de Barretos apresenta Concerto Internacional nesta sexta (30)\"}]},{\"@type\":\"WebSite\",\"@id\":\"https:\\\/\\\/regiaonews.net.br\\\/2022\\\/#website\",\"url\":\"https:\\\/\\\/regiaonews.net.br\\\/2022\\\/\",\"name\":\"Regi\u00e3o News\",\"description\":\"Site de Not\u00edcias de Barretos e regi\u00e3o\",\"publisher\":{\"@id\":\"https:\\\/\\\/regiaonews.net.br\\\/2022\\\/#organization\"},\"potentialAction\":[{\"@type\":\"SearchAction\",\"target\":{\"@type\":\"EntryPoint\",\"urlTemplate\":\"https:\\\/\\\/regiaonews.net.br\\\/2022\\\/?s={search_term_string}\"},\"query-input\":{\"@type\":\"PropertyValueSpecification\",\"valueRequired\":true,\"valueName\":\"search_term_string\"}}],\"inLanguage\":\"pt-BR\"},{\"@type\":\"Organization\",\"@id\":\"https:\\\/\\\/regiaonews.net.br\\\/2022\\\/#organization\",\"name\":\"Regi\u00e3o News\",\"url\":\"https:\\\/\\\/regiaonews.net.br\\\/2022\\\/\",\"logo\":{\"@type\":\"ImageObject\",\"inLanguage\":\"pt-BR\",\"@id\":\"https:\\\/\\\/regiaonews.net.br\\\/2022\\\/#\\\/schema\\\/logo\\\/image\\\/\",\"url\":\"https:\\\/\\\/regiaonews.net.br\\\/2022\\\/wp-content\\\/uploads\\\/2026\\\/03\\\/regiao-13-anos-scaled.jpg\",\"contentUrl\":\"https:\\\/\\\/regiaonews.net.br\\\/2022\\\/wp-content\\\/uploads\\\/2026\\\/03\\\/regiao-13-anos-scaled.jpg\",\"width\":2560,\"height\":635,\"caption\":\"Regi\u00e3o News\"},\"image\":{\"@id\":\"https:\\\/\\\/regiaonews.net.br\\\/2022\\\/#\\\/schema\\\/logo\\\/image\\\/\"}},{\"@type\":\"Person\",\"@id\":\"https:\\\/\\\/regiaonews.net.br\\\/2022\\\/#\\\/schema\\\/person\\\/2d205a608a5aa97ac279d7a5e6d89ad8\",\"name\":\"Roberto\",\"image\":{\"@type\":\"ImageObject\",\"inLanguage\":\"pt-BR\",\"@id\":\"https:\\\/\\\/secure.gravatar.com\\\/avatar\\\/42749d8b712ff9d59ca93dc150494e5b55a44134482993f5baeb97e61b7ecc89?s=96&d=mm&r=g\",\"url\":\"https:\\\/\\\/secure.gravatar.com\\\/avatar\\\/42749d8b712ff9d59ca93dc150494e5b55a44134482993f5baeb97e61b7ecc89?s=96&d=mm&r=g\",\"contentUrl\":\"https:\\\/\\\/secure.gravatar.com\\\/avatar\\\/42749d8b712ff9d59ca93dc150494e5b55a44134482993f5baeb97e61b7ecc89?s=96&d=mm&r=g\",\"caption\":\"Roberto\"},\"url\":\"https:\\\/\\\/regiaonews.net.br\\\/2022\\\/author\\\/roberto\\\/\"}]}<\/script>\n<!-- \/ Yoast SEO plugin. -->","yoast_head_json":{"title":"Orquestra Sinf\u00f4nica Municipal de Barretos apresenta Concerto Internacional nesta sexta (30) - Regi\u00e3o News","description":"Orquestra Sinf\u00f4nica Municipal de Barretos apresenta Concerto Internacional nesta sexta (30)","robots":{"index":"index","follow":"follow","max-snippet":"max-snippet:-1","max-image-preview":"max-image-preview:large","max-video-preview":"max-video-preview:-1"},"canonical":"https:\/\/regiaonews.net.br\/2022\/2023\/06\/29\/orquestra-sinfonica-municipal-de-barretos-apresenta-concerto-internacional-nesta-sexta-30\/","og_locale":"pt_BR","og_type":"article","og_title":"Orquestra Sinf\u00f4nica Municipal de Barretos apresenta Concerto Internacional nesta sexta (30) - Regi\u00e3o News","og_description":"Orquestra Sinf\u00f4nica Municipal de Barretos apresenta Concerto Internacional nesta sexta (30)","og_url":"https:\/\/regiaonews.net.br\/2022\/2023\/06\/29\/orquestra-sinfonica-municipal-de-barretos-apresenta-concerto-internacional-nesta-sexta-30\/","og_site_name":"Regi\u00e3o News","article_published_time":"2023-06-29T22:34:19+00:00","og_image":[{"width":1024,"height":681,"url":"https:\/\/regiaonews.net.br\/2022\/wp-content\/uploads\/2023\/06\/WhatsApp-Image-2023-06-29-at-17.16.53.jpeg","type":"image\/jpeg"}],"author":"Roberto","twitter_card":"summary_large_image","twitter_misc":{"Escrito por":"Roberto","Est. tempo de leitura":"2 minutos"},"schema":{"@context":"https:\/\/schema.org","@graph":[{"@type":"Article","@id":"https:\/\/regiaonews.net.br\/2022\/2023\/06\/29\/orquestra-sinfonica-municipal-de-barretos-apresenta-concerto-internacional-nesta-sexta-30\/#article","isPartOf":{"@id":"https:\/\/regiaonews.net.br\/2022\/2023\/06\/29\/orquestra-sinfonica-municipal-de-barretos-apresenta-concerto-internacional-nesta-sexta-30\/"},"author":{"name":"Roberto","@id":"https:\/\/regiaonews.net.br\/2022\/#\/schema\/person\/2d205a608a5aa97ac279d7a5e6d89ad8"},"headline":"Orquestra Sinf\u00f4nica Municipal de Barretos apresenta Concerto Internacional nesta sexta (30)","datePublished":"2023-06-29T22:34:19+00:00","mainEntityOfPage":{"@id":"https:\/\/regiaonews.net.br\/2022\/2023\/06\/29\/orquestra-sinfonica-municipal-de-barretos-apresenta-concerto-internacional-nesta-sexta-30\/"},"wordCount":284,"commentCount":0,"publisher":{"@id":"https:\/\/regiaonews.net.br\/2022\/#organization"},"image":{"@id":"https:\/\/regiaonews.net.br\/2022\/2023\/06\/29\/orquestra-sinfonica-municipal-de-barretos-apresenta-concerto-internacional-nesta-sexta-30\/#primaryimage"},"thumbnailUrl":"https:\/\/regiaonews.net.br\/2022\/wp-content\/uploads\/2023\/06\/WhatsApp-Image-2023-06-29-at-17.16.53.jpeg","articleSection":["Barretos","Cidades"],"inLanguage":"pt-BR","potentialAction":[{"@type":"CommentAction","name":"Comment","target":["https:\/\/regiaonews.net.br\/2022\/2023\/06\/29\/orquestra-sinfonica-municipal-de-barretos-apresenta-concerto-internacional-nesta-sexta-30\/#respond"]}]},{"@type":"WebPage","@id":"https:\/\/regiaonews.net.br\/2022\/2023\/06\/29\/orquestra-sinfonica-municipal-de-barretos-apresenta-concerto-internacional-nesta-sexta-30\/","url":"https:\/\/regiaonews.net.br\/2022\/2023\/06\/29\/orquestra-sinfonica-municipal-de-barretos-apresenta-concerto-internacional-nesta-sexta-30\/","name":"Orquestra Sinf\u00f4nica Municipal de Barretos apresenta Concerto Internacional nesta sexta (30) - Regi\u00e3o News","isPartOf":{"@id":"https:\/\/regiaonews.net.br\/2022\/#website"},"primaryImageOfPage":{"@id":"https:\/\/regiaonews.net.br\/2022\/2023\/06\/29\/orquestra-sinfonica-municipal-de-barretos-apresenta-concerto-internacional-nesta-sexta-30\/#primaryimage"},"image":{"@id":"https:\/\/regiaonews.net.br\/2022\/2023\/06\/29\/orquestra-sinfonica-municipal-de-barretos-apresenta-concerto-internacional-nesta-sexta-30\/#primaryimage"},"thumbnailUrl":"https:\/\/regiaonews.net.br\/2022\/wp-content\/uploads\/2023\/06\/WhatsApp-Image-2023-06-29-at-17.16.53.jpeg","datePublished":"2023-06-29T22:34:19+00:00","description":"Orquestra Sinf\u00f4nica Municipal de Barretos apresenta Concerto Internacional nesta sexta (30)","breadcrumb":{"@id":"https:\/\/regiaonews.net.br\/2022\/2023\/06\/29\/orquestra-sinfonica-municipal-de-barretos-apresenta-concerto-internacional-nesta-sexta-30\/#breadcrumb"},"inLanguage":"pt-BR","potentialAction":[{"@type":"ReadAction","target":["https:\/\/regiaonews.net.br\/2022\/2023\/06\/29\/orquestra-sinfonica-municipal-de-barretos-apresenta-concerto-internacional-nesta-sexta-30\/"]}]},{"@type":"ImageObject","inLanguage":"pt-BR","@id":"https:\/\/regiaonews.net.br\/2022\/2023\/06\/29\/orquestra-sinfonica-municipal-de-barretos-apresenta-concerto-internacional-nesta-sexta-30\/#primaryimage","url":"https:\/\/regiaonews.net.br\/2022\/wp-content\/uploads\/2023\/06\/WhatsApp-Image-2023-06-29-at-17.16.53.jpeg","contentUrl":"https:\/\/regiaonews.net.br\/2022\/wp-content\/uploads\/2023\/06\/WhatsApp-Image-2023-06-29-at-17.16.53.jpeg","width":1024,"height":681},{"@type":"BreadcrumbList","@id":"https:\/\/regiaonews.net.br\/2022\/2023\/06\/29\/orquestra-sinfonica-municipal-de-barretos-apresenta-concerto-internacional-nesta-sexta-30\/#breadcrumb","itemListElement":[{"@type":"ListItem","position":1,"name":"In\u00edcio","item":"https:\/\/regiaonews.net.br\/2022\/"},{"@type":"ListItem","position":2,"name":"Orquestra Sinf\u00f4nica Municipal de Barretos apresenta Concerto Internacional nesta sexta (30)"}]},{"@type":"WebSite","@id":"https:\/\/regiaonews.net.br\/2022\/#website","url":"https:\/\/regiaonews.net.br\/2022\/","name":"Regi\u00e3o News","description":"Site de Not\u00edcias de Barretos e regi\u00e3o","publisher":{"@id":"https:\/\/regiaonews.net.br\/2022\/#organization"},"potentialAction":[{"@type":"SearchAction","target":{"@type":"EntryPoint","urlTemplate":"https:\/\/regiaonews.net.br\/2022\/?s={search_term_string}"},"query-input":{"@type":"PropertyValueSpecification","valueRequired":true,"valueName":"search_term_string"}}],"inLanguage":"pt-BR"},{"@type":"Organization","@id":"https:\/\/regiaonews.net.br\/2022\/#organization","name":"Regi\u00e3o News","url":"https:\/\/regiaonews.net.br\/2022\/","logo":{"@type":"ImageObject","inLanguage":"pt-BR","@id":"https:\/\/regiaonews.net.br\/2022\/#\/schema\/logo\/image\/","url":"https:\/\/regiaonews.net.br\/2022\/wp-content\/uploads\/2026\/03\/regiao-13-anos-scaled.jpg","contentUrl":"https:\/\/regiaonews.net.br\/2022\/wp-content\/uploads\/2026\/03\/regiao-13-anos-scaled.jpg","width":2560,"height":635,"caption":"Regi\u00e3o News"},"image":{"@id":"https:\/\/regiaonews.net.br\/2022\/#\/schema\/logo\/image\/"}},{"@type":"Person","@id":"https:\/\/regiaonews.net.br\/2022\/#\/schema\/person\/2d205a608a5aa97ac279d7a5e6d89ad8","name":"Roberto","image":{"@type":"ImageObject","inLanguage":"pt-BR","@id":"https:\/\/secure.gravatar.com\/avatar\/42749d8b712ff9d59ca93dc150494e5b55a44134482993f5baeb97e61b7ecc89?s=96&d=mm&r=g","url":"https:\/\/secure.gravatar.com\/avatar\/42749d8b712ff9d59ca93dc150494e5b55a44134482993f5baeb97e61b7ecc89?s=96&d=mm&r=g","contentUrl":"https:\/\/secure.gravatar.com\/avatar\/42749d8b712ff9d59ca93dc150494e5b55a44134482993f5baeb97e61b7ecc89?s=96&d=mm&r=g","caption":"Roberto"},"url":"https:\/\/regiaonews.net.br\/2022\/author\/roberto\/"}]}},"publishpress_future_action":{"enabled":false,"date":"2026-05-10 08:20:52","action":"change-status","newStatus":"draft","terms":[],"taxonomy":"category","extraData":[]},"publishpress_future_workflow_manual_trigger":{"enabledWorkflows":[]},"_links":{"self":[{"href":"https:\/\/regiaonews.net.br\/2022\/wp-json\/wp\/v2\/posts\/90804","targetHints":{"allow":["GET"]}}],"collection":[{"href":"https:\/\/regiaonews.net.br\/2022\/wp-json\/wp\/v2\/posts"}],"about":[{"href":"https:\/\/regiaonews.net.br\/2022\/wp-json\/wp\/v2\/types\/post"}],"author":[{"embeddable":true,"href":"https:\/\/regiaonews.net.br\/2022\/wp-json\/wp\/v2\/users\/2"}],"replies":[{"embeddable":true,"href":"https:\/\/regiaonews.net.br\/2022\/wp-json\/wp\/v2\/comments?post=90804"}],"version-history":[{"count":1,"href":"https:\/\/regiaonews.net.br\/2022\/wp-json\/wp\/v2\/posts\/90804\/revisions"}],"predecessor-version":[{"id":90806,"href":"https:\/\/regiaonews.net.br\/2022\/wp-json\/wp\/v2\/posts\/90804\/revisions\/90806"}],"wp:featuredmedia":[{"embeddable":true,"href":"https:\/\/regiaonews.net.br\/2022\/wp-json\/wp\/v2\/media\/90805"}],"wp:attachment":[{"href":"https:\/\/regiaonews.net.br\/2022\/wp-json\/wp\/v2\/media?parent=90804"}],"wp:term":[{"taxonomy":"category","embeddable":true,"href":"https:\/\/regiaonews.net.br\/2022\/wp-json\/wp\/v2\/categories?post=90804"},{"taxonomy":"post_tag","embeddable":true,"href":"https:\/\/regiaonews.net.br\/2022\/wp-json\/wp\/v2\/tags?post=90804"}],"curies":[{"name":"wp","href":"https:\/\/api.w.org\/{rel}","templated":true}]}}