{"id":90801,"date":"2023-06-29T19:31:46","date_gmt":"2023-06-29T22:31:46","guid":{"rendered":"https:\/\/regiaonews.net.br\/2022\/?p=90801"},"modified":"2023-06-29T19:31:46","modified_gmt":"2023-06-29T22:31:46","slug":"e-m-sao-francisco-e-finalista-da-9a-edicao-do-festival-cuidar","status":"publish","type":"post","link":"https:\/\/regiaonews.net.br\/2022\/2023\/06\/29\/e-m-sao-francisco-e-finalista-da-9a-edicao-do-festival-cuidar\/","title":{"rendered":"E.M. S\u00e3o Francisco \u00e9 finalista da 9\u00aa edi\u00e7\u00e3o do Festival Cuidar"},"content":{"rendered":"<p>Evento, promovido pelo Hospital de Amor, tem o objetivo de levar aos estudantes de forma mais aprofundada a defini\u00e7\u00e3o de Cuidados Paliativos e da Morte<\/p>\n<p>A Escola Municipal S\u00e3o Francisco Pessoal, pertencente \u00e0 Secretaria Municipal de Educa\u00e7\u00e3o da Est\u00e2ncia Tur\u00edstica de Barretos, foi uma das 20 unidades escolares finalistas da 9\u00aa edi\u00e7\u00e3o do Festival Cuidar realizado na quarta-feira, 28 de junho.<br \/>\nPromovido pelo Hospital de Amor, por meio do Hospital S\u00e3o Judas, Tadeu em parceria com o N\u00facleo de Educa\u00e7\u00e3o em C\u00e2ncer, a Diretoria Regional de Ensino de Barretos e Secretarias Municipais de Educa\u00e7\u00e3o de Barretos e Regi\u00e3o, o evento contou com 31 escolas inscritas.<br \/>\nPara a supervisora de ensino Fabiana Vigo, que acompanhou a apresenta\u00e7\u00e3o do grupo de alunos coordenados e orientados pela professora B\u00e1rbara Passos, a atividade extracurricular enriquece o curr\u00edculo dos estudantes. \u201cO Festival promove a conscientiza\u00e7\u00e3o de um tema que a nossa sociedade n\u00e3o tem costume de tratar que s\u00e3o os cuidados paliativos e a morte. Por meio dessas atividades, os alunos trabalham os temas de maneira leve e l\u00fadica\u201d, acrescentou.<br \/>\nO objetivo do Festival \u00e9 levar aos estudantes conhecimentos mais aprofundados sobre a defini\u00e7\u00e3o de Cuidados Paliativos e da Morte, bem como seu posicionamento perante a legisla\u00e7\u00e3o brasileira e aspectos que tornam esses cuidados direitos do ser humano.<\/p>\n","protected":false},"excerpt":{"rendered":"<p>Evento, promovido pelo Hospital de Amor, tem o objetivo de<\/p>\n","protected":false},"author":2,"featured_media":90802,"comment_status":"open","ping_status":"open","sticky":false,"template":"","format":"standard","meta":{"footnotes":""},"categories":[14,25],"tags":[],"class_list":["post-90801","post","type-post","status-publish","format-standard","has-post-thumbnail","hentry","category-barretos","category-cidades"],"yoast_head":"<!-- This site is optimized with the Yoast SEO plugin v27.5 - https:\/\/yoast.com\/product\/yoast-seo-wordpress\/ -->\n<title>E.M. S\u00e3o Francisco \u00e9 finalista da 9\u00aa edi\u00e7\u00e3o do Festival Cuidar - Regi\u00e3o News<\/title>\n<meta name=\"description\" content=\"E.M. S\u00e3o Francisco \u00e9 finalista da 9\u00aa edi\u00e7\u00e3o do Festival Cuidar\" \/>\n<meta name=\"robots\" content=\"index, follow, max-snippet:-1, max-image-preview:large, max-video-preview:-1\" \/>\n<link rel=\"canonical\" href=\"https:\/\/regiaonews.net.br\/2022\/2023\/06\/29\/e-m-sao-francisco-e-finalista-da-9a-edicao-do-festival-cuidar\/\" \/>\n<meta property=\"og:locale\" content=\"pt_BR\" \/>\n<meta property=\"og:type\" content=\"article\" \/>\n<meta property=\"og:title\" content=\"E.M. S\u00e3o Francisco \u00e9 finalista da 9\u00aa edi\u00e7\u00e3o do Festival Cuidar - Regi\u00e3o News\" \/>\n<meta property=\"og:description\" content=\"E.M. S\u00e3o Francisco \u00e9 finalista da 9\u00aa edi\u00e7\u00e3o do Festival Cuidar\" \/>\n<meta property=\"og:url\" content=\"https:\/\/regiaonews.net.br\/2022\/2023\/06\/29\/e-m-sao-francisco-e-finalista-da-9a-edicao-do-festival-cuidar\/\" \/>\n<meta property=\"og:site_name\" content=\"Regi\u00e3o News\" \/>\n<meta property=\"article:published_time\" content=\"2023-06-29T22:31:46+00:00\" \/>\n<meta property=\"og:image\" content=\"https:\/\/regiaonews.net.br\/2022\/wp-content\/uploads\/2023\/06\/WhatsApp-Image-2023-06-29-at-17.16.52.jpeg\" \/>\n\t<meta property=\"og:image:width\" content=\"720\" \/>\n\t<meta property=\"og:image:height\" content=\"663\" \/>\n\t<meta property=\"og:image:type\" content=\"image\/jpeg\" \/>\n<meta name=\"author\" content=\"Roberto\" \/>\n<meta name=\"twitter:card\" content=\"summary_large_image\" \/>\n<meta name=\"twitter:label1\" content=\"Escrito por\" \/>\n\t<meta name=\"twitter:data1\" content=\"Roberto\" \/>\n\t<meta name=\"twitter:label2\" content=\"Est. tempo de leitura\" \/>\n\t<meta name=\"twitter:data2\" content=\"2 minutos\" \/>\n<script type=\"application\/ld+json\" class=\"yoast-schema-graph\">{\"@context\":\"https:\\\/\\\/schema.org\",\"@graph\":[{\"@type\":\"Article\",\"@id\":\"https:\\\/\\\/regiaonews.net.br\\\/2022\\\/2023\\\/06\\\/29\\\/e-m-sao-francisco-e-finalista-da-9a-edicao-do-festival-cuidar\\\/#article\",\"isPartOf\":{\"@id\":\"https:\\\/\\\/regiaonews.net.br\\\/2022\\\/2023\\\/06\\\/29\\\/e-m-sao-francisco-e-finalista-da-9a-edicao-do-festival-cuidar\\\/\"},\"author\":{\"name\":\"Roberto\",\"@id\":\"https:\\\/\\\/regiaonews.net.br\\\/2022\\\/#\\\/schema\\\/person\\\/2d205a608a5aa97ac279d7a5e6d89ad8\"},\"headline\":\"E.M. S\u00e3o Francisco \u00e9 finalista da 9\u00aa edi\u00e7\u00e3o do Festival Cuidar\",\"datePublished\":\"2023-06-29T22:31:46+00:00\",\"mainEntityOfPage\":{\"@id\":\"https:\\\/\\\/regiaonews.net.br\\\/2022\\\/2023\\\/06\\\/29\\\/e-m-sao-francisco-e-finalista-da-9a-edicao-do-festival-cuidar\\\/\"},\"wordCount\":240,\"commentCount\":0,\"publisher\":{\"@id\":\"https:\\\/\\\/regiaonews.net.br\\\/2022\\\/#organization\"},\"image\":{\"@id\":\"https:\\\/\\\/regiaonews.net.br\\\/2022\\\/2023\\\/06\\\/29\\\/e-m-sao-francisco-e-finalista-da-9a-edicao-do-festival-cuidar\\\/#primaryimage\"},\"thumbnailUrl\":\"https:\\\/\\\/regiaonews.net.br\\\/2022\\\/wp-content\\\/uploads\\\/2023\\\/06\\\/WhatsApp-Image-2023-06-29-at-17.16.52.jpeg\",\"articleSection\":[\"Barretos\",\"Cidades\"],\"inLanguage\":\"pt-BR\",\"potentialAction\":[{\"@type\":\"CommentAction\",\"name\":\"Comment\",\"target\":[\"https:\\\/\\\/regiaonews.net.br\\\/2022\\\/2023\\\/06\\\/29\\\/e-m-sao-francisco-e-finalista-da-9a-edicao-do-festival-cuidar\\\/#respond\"]}]},{\"@type\":\"WebPage\",\"@id\":\"https:\\\/\\\/regiaonews.net.br\\\/2022\\\/2023\\\/06\\\/29\\\/e-m-sao-francisco-e-finalista-da-9a-edicao-do-festival-cuidar\\\/\",\"url\":\"https:\\\/\\\/regiaonews.net.br\\\/2022\\\/2023\\\/06\\\/29\\\/e-m-sao-francisco-e-finalista-da-9a-edicao-do-festival-cuidar\\\/\",\"name\":\"E.M. S\u00e3o Francisco \u00e9 finalista da 9\u00aa edi\u00e7\u00e3o do Festival Cuidar - Regi\u00e3o News\",\"isPartOf\":{\"@id\":\"https:\\\/\\\/regiaonews.net.br\\\/2022\\\/#website\"},\"primaryImageOfPage\":{\"@id\":\"https:\\\/\\\/regiaonews.net.br\\\/2022\\\/2023\\\/06\\\/29\\\/e-m-sao-francisco-e-finalista-da-9a-edicao-do-festival-cuidar\\\/#primaryimage\"},\"image\":{\"@id\":\"https:\\\/\\\/regiaonews.net.br\\\/2022\\\/2023\\\/06\\\/29\\\/e-m-sao-francisco-e-finalista-da-9a-edicao-do-festival-cuidar\\\/#primaryimage\"},\"thumbnailUrl\":\"https:\\\/\\\/regiaonews.net.br\\\/2022\\\/wp-content\\\/uploads\\\/2023\\\/06\\\/WhatsApp-Image-2023-06-29-at-17.16.52.jpeg\",\"datePublished\":\"2023-06-29T22:31:46+00:00\",\"description\":\"E.M. S\u00e3o Francisco \u00e9 finalista da 9\u00aa edi\u00e7\u00e3o do Festival Cuidar\",\"breadcrumb\":{\"@id\":\"https:\\\/\\\/regiaonews.net.br\\\/2022\\\/2023\\\/06\\\/29\\\/e-m-sao-francisco-e-finalista-da-9a-edicao-do-festival-cuidar\\\/#breadcrumb\"},\"inLanguage\":\"pt-BR\",\"potentialAction\":[{\"@type\":\"ReadAction\",\"target\":[\"https:\\\/\\\/regiaonews.net.br\\\/2022\\\/2023\\\/06\\\/29\\\/e-m-sao-francisco-e-finalista-da-9a-edicao-do-festival-cuidar\\\/\"]}]},{\"@type\":\"ImageObject\",\"inLanguage\":\"pt-BR\",\"@id\":\"https:\\\/\\\/regiaonews.net.br\\\/2022\\\/2023\\\/06\\\/29\\\/e-m-sao-francisco-e-finalista-da-9a-edicao-do-festival-cuidar\\\/#primaryimage\",\"url\":\"https:\\\/\\\/regiaonews.net.br\\\/2022\\\/wp-content\\\/uploads\\\/2023\\\/06\\\/WhatsApp-Image-2023-06-29-at-17.16.52.jpeg\",\"contentUrl\":\"https:\\\/\\\/regiaonews.net.br\\\/2022\\\/wp-content\\\/uploads\\\/2023\\\/06\\\/WhatsApp-Image-2023-06-29-at-17.16.52.jpeg\",\"width\":720,\"height\":663},{\"@type\":\"BreadcrumbList\",\"@id\":\"https:\\\/\\\/regiaonews.net.br\\\/2022\\\/2023\\\/06\\\/29\\\/e-m-sao-francisco-e-finalista-da-9a-edicao-do-festival-cuidar\\\/#breadcrumb\",\"itemListElement\":[{\"@type\":\"ListItem\",\"position\":1,\"name\":\"In\u00edcio\",\"item\":\"https:\\\/\\\/regiaonews.net.br\\\/2022\\\/\"},{\"@type\":\"ListItem\",\"position\":2,\"name\":\"E.M. S\u00e3o Francisco \u00e9 finalista da 9\u00aa edi\u00e7\u00e3o do Festival Cuidar\"}]},{\"@type\":\"WebSite\",\"@id\":\"https:\\\/\\\/regiaonews.net.br\\\/2022\\\/#website\",\"url\":\"https:\\\/\\\/regiaonews.net.br\\\/2022\\\/\",\"name\":\"Regi\u00e3o News\",\"description\":\"Site de Not\u00edcias de Barretos e regi\u00e3o\",\"publisher\":{\"@id\":\"https:\\\/\\\/regiaonews.net.br\\\/2022\\\/#organization\"},\"potentialAction\":[{\"@type\":\"SearchAction\",\"target\":{\"@type\":\"EntryPoint\",\"urlTemplate\":\"https:\\\/\\\/regiaonews.net.br\\\/2022\\\/?s={search_term_string}\"},\"query-input\":{\"@type\":\"PropertyValueSpecification\",\"valueRequired\":true,\"valueName\":\"search_term_string\"}}],\"inLanguage\":\"pt-BR\"},{\"@type\":\"Organization\",\"@id\":\"https:\\\/\\\/regiaonews.net.br\\\/2022\\\/#organization\",\"name\":\"Regi\u00e3o News\",\"url\":\"https:\\\/\\\/regiaonews.net.br\\\/2022\\\/\",\"logo\":{\"@type\":\"ImageObject\",\"inLanguage\":\"pt-BR\",\"@id\":\"https:\\\/\\\/regiaonews.net.br\\\/2022\\\/#\\\/schema\\\/logo\\\/image\\\/\",\"url\":\"https:\\\/\\\/regiaonews.net.br\\\/2022\\\/wp-content\\\/uploads\\\/2026\\\/03\\\/regiao-13-anos-scaled.jpg\",\"contentUrl\":\"https:\\\/\\\/regiaonews.net.br\\\/2022\\\/wp-content\\\/uploads\\\/2026\\\/03\\\/regiao-13-anos-scaled.jpg\",\"width\":2560,\"height\":635,\"caption\":\"Regi\u00e3o News\"},\"image\":{\"@id\":\"https:\\\/\\\/regiaonews.net.br\\\/2022\\\/#\\\/schema\\\/logo\\\/image\\\/\"}},{\"@type\":\"Person\",\"@id\":\"https:\\\/\\\/regiaonews.net.br\\\/2022\\\/#\\\/schema\\\/person\\\/2d205a608a5aa97ac279d7a5e6d89ad8\",\"name\":\"Roberto\",\"image\":{\"@type\":\"ImageObject\",\"inLanguage\":\"pt-BR\",\"@id\":\"https:\\\/\\\/secure.gravatar.com\\\/avatar\\\/42749d8b712ff9d59ca93dc150494e5b55a44134482993f5baeb97e61b7ecc89?s=96&d=mm&r=g\",\"url\":\"https:\\\/\\\/secure.gravatar.com\\\/avatar\\\/42749d8b712ff9d59ca93dc150494e5b55a44134482993f5baeb97e61b7ecc89?s=96&d=mm&r=g\",\"contentUrl\":\"https:\\\/\\\/secure.gravatar.com\\\/avatar\\\/42749d8b712ff9d59ca93dc150494e5b55a44134482993f5baeb97e61b7ecc89?s=96&d=mm&r=g\",\"caption\":\"Roberto\"},\"url\":\"https:\\\/\\\/regiaonews.net.br\\\/2022\\\/author\\\/roberto\\\/\"}]}<\/script>\n<!-- \/ Yoast SEO plugin. -->","yoast_head_json":{"title":"E.M. S\u00e3o Francisco \u00e9 finalista da 9\u00aa edi\u00e7\u00e3o do Festival Cuidar - Regi\u00e3o News","description":"E.M. S\u00e3o Francisco \u00e9 finalista da 9\u00aa edi\u00e7\u00e3o do Festival Cuidar","robots":{"index":"index","follow":"follow","max-snippet":"max-snippet:-1","max-image-preview":"max-image-preview:large","max-video-preview":"max-video-preview:-1"},"canonical":"https:\/\/regiaonews.net.br\/2022\/2023\/06\/29\/e-m-sao-francisco-e-finalista-da-9a-edicao-do-festival-cuidar\/","og_locale":"pt_BR","og_type":"article","og_title":"E.M. S\u00e3o Francisco \u00e9 finalista da 9\u00aa edi\u00e7\u00e3o do Festival Cuidar - Regi\u00e3o News","og_description":"E.M. S\u00e3o Francisco \u00e9 finalista da 9\u00aa edi\u00e7\u00e3o do Festival Cuidar","og_url":"https:\/\/regiaonews.net.br\/2022\/2023\/06\/29\/e-m-sao-francisco-e-finalista-da-9a-edicao-do-festival-cuidar\/","og_site_name":"Regi\u00e3o News","article_published_time":"2023-06-29T22:31:46+00:00","og_image":[{"width":720,"height":663,"url":"https:\/\/regiaonews.net.br\/2022\/wp-content\/uploads\/2023\/06\/WhatsApp-Image-2023-06-29-at-17.16.52.jpeg","type":"image\/jpeg"}],"author":"Roberto","twitter_card":"summary_large_image","twitter_misc":{"Escrito por":"Roberto","Est. tempo de leitura":"2 minutos"},"schema":{"@context":"https:\/\/schema.org","@graph":[{"@type":"Article","@id":"https:\/\/regiaonews.net.br\/2022\/2023\/06\/29\/e-m-sao-francisco-e-finalista-da-9a-edicao-do-festival-cuidar\/#article","isPartOf":{"@id":"https:\/\/regiaonews.net.br\/2022\/2023\/06\/29\/e-m-sao-francisco-e-finalista-da-9a-edicao-do-festival-cuidar\/"},"author":{"name":"Roberto","@id":"https:\/\/regiaonews.net.br\/2022\/#\/schema\/person\/2d205a608a5aa97ac279d7a5e6d89ad8"},"headline":"E.M. S\u00e3o Francisco \u00e9 finalista da 9\u00aa edi\u00e7\u00e3o do Festival Cuidar","datePublished":"2023-06-29T22:31:46+00:00","mainEntityOfPage":{"@id":"https:\/\/regiaonews.net.br\/2022\/2023\/06\/29\/e-m-sao-francisco-e-finalista-da-9a-edicao-do-festival-cuidar\/"},"wordCount":240,"commentCount":0,"publisher":{"@id":"https:\/\/regiaonews.net.br\/2022\/#organization"},"image":{"@id":"https:\/\/regiaonews.net.br\/2022\/2023\/06\/29\/e-m-sao-francisco-e-finalista-da-9a-edicao-do-festival-cuidar\/#primaryimage"},"thumbnailUrl":"https:\/\/regiaonews.net.br\/2022\/wp-content\/uploads\/2023\/06\/WhatsApp-Image-2023-06-29-at-17.16.52.jpeg","articleSection":["Barretos","Cidades"],"inLanguage":"pt-BR","potentialAction":[{"@type":"CommentAction","name":"Comment","target":["https:\/\/regiaonews.net.br\/2022\/2023\/06\/29\/e-m-sao-francisco-e-finalista-da-9a-edicao-do-festival-cuidar\/#respond"]}]},{"@type":"WebPage","@id":"https:\/\/regiaonews.net.br\/2022\/2023\/06\/29\/e-m-sao-francisco-e-finalista-da-9a-edicao-do-festival-cuidar\/","url":"https:\/\/regiaonews.net.br\/2022\/2023\/06\/29\/e-m-sao-francisco-e-finalista-da-9a-edicao-do-festival-cuidar\/","name":"E.M. S\u00e3o Francisco \u00e9 finalista da 9\u00aa edi\u00e7\u00e3o do Festival Cuidar - Regi\u00e3o News","isPartOf":{"@id":"https:\/\/regiaonews.net.br\/2022\/#website"},"primaryImageOfPage":{"@id":"https:\/\/regiaonews.net.br\/2022\/2023\/06\/29\/e-m-sao-francisco-e-finalista-da-9a-edicao-do-festival-cuidar\/#primaryimage"},"image":{"@id":"https:\/\/regiaonews.net.br\/2022\/2023\/06\/29\/e-m-sao-francisco-e-finalista-da-9a-edicao-do-festival-cuidar\/#primaryimage"},"thumbnailUrl":"https:\/\/regiaonews.net.br\/2022\/wp-content\/uploads\/2023\/06\/WhatsApp-Image-2023-06-29-at-17.16.52.jpeg","datePublished":"2023-06-29T22:31:46+00:00","description":"E.M. S\u00e3o Francisco \u00e9 finalista da 9\u00aa edi\u00e7\u00e3o do Festival Cuidar","breadcrumb":{"@id":"https:\/\/regiaonews.net.br\/2022\/2023\/06\/29\/e-m-sao-francisco-e-finalista-da-9a-edicao-do-festival-cuidar\/#breadcrumb"},"inLanguage":"pt-BR","potentialAction":[{"@type":"ReadAction","target":["https:\/\/regiaonews.net.br\/2022\/2023\/06\/29\/e-m-sao-francisco-e-finalista-da-9a-edicao-do-festival-cuidar\/"]}]},{"@type":"ImageObject","inLanguage":"pt-BR","@id":"https:\/\/regiaonews.net.br\/2022\/2023\/06\/29\/e-m-sao-francisco-e-finalista-da-9a-edicao-do-festival-cuidar\/#primaryimage","url":"https:\/\/regiaonews.net.br\/2022\/wp-content\/uploads\/2023\/06\/WhatsApp-Image-2023-06-29-at-17.16.52.jpeg","contentUrl":"https:\/\/regiaonews.net.br\/2022\/wp-content\/uploads\/2023\/06\/WhatsApp-Image-2023-06-29-at-17.16.52.jpeg","width":720,"height":663},{"@type":"BreadcrumbList","@id":"https:\/\/regiaonews.net.br\/2022\/2023\/06\/29\/e-m-sao-francisco-e-finalista-da-9a-edicao-do-festival-cuidar\/#breadcrumb","itemListElement":[{"@type":"ListItem","position":1,"name":"In\u00edcio","item":"https:\/\/regiaonews.net.br\/2022\/"},{"@type":"ListItem","position":2,"name":"E.M. S\u00e3o Francisco \u00e9 finalista da 9\u00aa edi\u00e7\u00e3o do Festival Cuidar"}]},{"@type":"WebSite","@id":"https:\/\/regiaonews.net.br\/2022\/#website","url":"https:\/\/regiaonews.net.br\/2022\/","name":"Regi\u00e3o News","description":"Site de Not\u00edcias de Barretos e regi\u00e3o","publisher":{"@id":"https:\/\/regiaonews.net.br\/2022\/#organization"},"potentialAction":[{"@type":"SearchAction","target":{"@type":"EntryPoint","urlTemplate":"https:\/\/regiaonews.net.br\/2022\/?s={search_term_string}"},"query-input":{"@type":"PropertyValueSpecification","valueRequired":true,"valueName":"search_term_string"}}],"inLanguage":"pt-BR"},{"@type":"Organization","@id":"https:\/\/regiaonews.net.br\/2022\/#organization","name":"Regi\u00e3o News","url":"https:\/\/regiaonews.net.br\/2022\/","logo":{"@type":"ImageObject","inLanguage":"pt-BR","@id":"https:\/\/regiaonews.net.br\/2022\/#\/schema\/logo\/image\/","url":"https:\/\/regiaonews.net.br\/2022\/wp-content\/uploads\/2026\/03\/regiao-13-anos-scaled.jpg","contentUrl":"https:\/\/regiaonews.net.br\/2022\/wp-content\/uploads\/2026\/03\/regiao-13-anos-scaled.jpg","width":2560,"height":635,"caption":"Regi\u00e3o News"},"image":{"@id":"https:\/\/regiaonews.net.br\/2022\/#\/schema\/logo\/image\/"}},{"@type":"Person","@id":"https:\/\/regiaonews.net.br\/2022\/#\/schema\/person\/2d205a608a5aa97ac279d7a5e6d89ad8","name":"Roberto","image":{"@type":"ImageObject","inLanguage":"pt-BR","@id":"https:\/\/secure.gravatar.com\/avatar\/42749d8b712ff9d59ca93dc150494e5b55a44134482993f5baeb97e61b7ecc89?s=96&d=mm&r=g","url":"https:\/\/secure.gravatar.com\/avatar\/42749d8b712ff9d59ca93dc150494e5b55a44134482993f5baeb97e61b7ecc89?s=96&d=mm&r=g","contentUrl":"https:\/\/secure.gravatar.com\/avatar\/42749d8b712ff9d59ca93dc150494e5b55a44134482993f5baeb97e61b7ecc89?s=96&d=mm&r=g","caption":"Roberto"},"url":"https:\/\/regiaonews.net.br\/2022\/author\/roberto\/"}]}},"publishpress_future_action":{"enabled":false,"date":"2026-05-10 07:37:44","action":"change-status","newStatus":"draft","terms":[],"taxonomy":"category","extraData":[]},"publishpress_future_workflow_manual_trigger":{"enabledWorkflows":[]},"_links":{"self":[{"href":"https:\/\/regiaonews.net.br\/2022\/wp-json\/wp\/v2\/posts\/90801","targetHints":{"allow":["GET"]}}],"collection":[{"href":"https:\/\/regiaonews.net.br\/2022\/wp-json\/wp\/v2\/posts"}],"about":[{"href":"https:\/\/regiaonews.net.br\/2022\/wp-json\/wp\/v2\/types\/post"}],"author":[{"embeddable":true,"href":"https:\/\/regiaonews.net.br\/2022\/wp-json\/wp\/v2\/users\/2"}],"replies":[{"embeddable":true,"href":"https:\/\/regiaonews.net.br\/2022\/wp-json\/wp\/v2\/comments?post=90801"}],"version-history":[{"count":1,"href":"https:\/\/regiaonews.net.br\/2022\/wp-json\/wp\/v2\/posts\/90801\/revisions"}],"predecessor-version":[{"id":90803,"href":"https:\/\/regiaonews.net.br\/2022\/wp-json\/wp\/v2\/posts\/90801\/revisions\/90803"}],"wp:featuredmedia":[{"embeddable":true,"href":"https:\/\/regiaonews.net.br\/2022\/wp-json\/wp\/v2\/media\/90802"}],"wp:attachment":[{"href":"https:\/\/regiaonews.net.br\/2022\/wp-json\/wp\/v2\/media?parent=90801"}],"wp:term":[{"taxonomy":"category","embeddable":true,"href":"https:\/\/regiaonews.net.br\/2022\/wp-json\/wp\/v2\/categories?post=90801"},{"taxonomy":"post_tag","embeddable":true,"href":"https:\/\/regiaonews.net.br\/2022\/wp-json\/wp\/v2\/tags?post=90801"}],"curies":[{"name":"wp","href":"https:\/\/api.w.org\/{rel}","templated":true}]}}