{"id":90798,"date":"2023-06-29T18:37:30","date_gmt":"2023-06-29T21:37:30","guid":{"rendered":"https:\/\/regiaonews.net.br\/2022\/?p=90798"},"modified":"2023-06-29T18:37:30","modified_gmt":"2023-06-29T21:37:30","slug":"cinema-do-shopping-iguatemi-sao-jose-do-rio-preto-inicia-pre-venda-de-ingressos-do-filme-barbie","status":"publish","type":"post","link":"https:\/\/regiaonews.net.br\/2022\/2023\/06\/29\/cinema-do-shopping-iguatemi-sao-jose-do-rio-preto-inicia-pre-venda-de-ingressos-do-filme-barbie\/","title":{"rendered":"Cinema do Shopping Iguatemi S\u00e3o Jos\u00e9 do Rio Preto inicia pr\u00e9-venda de ingressos do filme \u201cBarbie\u201d"},"content":{"rendered":"<p>&nbsp;<\/p>\n<p><em>Longa estreia dia 20 de julho e a pr\u00e9-venda come\u00e7a amanh\u00e3, dia 29 de junho<\/em><br aria-hidden=\"true\" \/><\/p>\n<p><strong>S\u00e3o Jos\u00e9 do Rio Preto, junho de 2023<\/strong>\u00a0\u2013 Prepare-se para uma aventura encantadora! A\u00a0Cin\u00e9polis do Iguatemi S\u00e3o Jos\u00e9 do Rio Preto acaba de anunciar a pr\u00e9-venda de ingressos mais aguardada do ano que \u00e9 a do filme\u00a0<strong>\u201c<\/strong>Barbie<strong>\u201d!<\/strong>\u00a0Os f\u00e3s da boneca mais famosa do mundo podem adquirir seus ingressos a partir de amanh\u00e3, dia 29 de junho, pelo link:\u00a0<a title=\"Protegido pelo Outlook: https:\/\/www.cinepolis.com.br\/pre-vendas\/. Clique ou toque para seguir o link.\" href=\"https:\/\/na01.safelinks.protection.outlook.com\/?url=https%3A%2F%2Fwww.cinepolis.com.br%2Fpre-vendas%2F&amp;data=05%7C01%7C%7C517221a1413c48776fc208db78a222bd%7C84df9e7fe9f640afb435aaaaaaaaaaaa%7C1%7C0%7C638236409985771736%7CUnknown%7CTWFpbGZsb3d8eyJWIjoiMC4wLjAwMDAiLCJQIjoiV2luMzIiLCJBTiI6Ik1haWwiLCJXVCI6Mn0%3D%7C3000%7C%7C%7C&amp;sdata=tp3gh2bXDwQqo9FWKcWwB96njBzDP%2BnIMzE7Ji%2BIBz4%3D&amp;reserved=0\" target=\"_blank\" rel=\"noopener noreferrer\" data-auth=\"Verified\" data-linkindex=\"0\">Link<\/a><\/p>\n<p><br aria-hidden=\"true\" \/>Com estreia marcada para o dia 20 de julho, &#8220;Barbie&#8221; promete encantar com sua hist\u00f3ria cativante e personagens carism\u00e1ticos. A aclamada atriz Margot Robbie assume o papel da boneca mais famosa do mundo, trazendo vida e carisma \u00e0 personagem.<br aria-hidden=\"true\" \/><\/p>\n<p>Al\u00e9m de Robbie, o elenco conta com Ryan Gosling no papel de Ken, John Cena (\u201cPeacemaker&#8221;), Simu Liu (\u201cShang-Chi&#8221;), Emma Mackey (\u201cSex Education\u201d), Will Ferrel (\u201cZoolander&#8221;), Michael Cera (\u201cScott Pilgrim Contra o Mundo\u201d), Emerald Fennell (\u201cBela Vingan\u00e7a\u201d), Helen Mirren (\u201cA Rainha\u201d) e a cantora Dua Lipa, que ser\u00e1 a namorada do personagem de John Cena. A indicada ao Oscar Greta Gerwig (Lady Bird) assina a dire\u00e7\u00e3o e o roteiro do longa, escrito juntamente com Noah Baumbach (\u201cHist\u00f3ria de um Casamento\u201d).\u00a0Os ingressos para a pr\u00e9-venda podem ser adquiridos nas bilheterias, ATMs ou no\u00a0<a title=\"Protegido pelo Outlook: https:\/\/www.cinepolis.com.br\/pre-vendas\/. Clique ou toque para seguir o link.\" href=\"https:\/\/na01.safelinks.protection.outlook.com\/?url=https%3A%2F%2Fwww.cinepolis.com.br%2Fpre-vendas%2F&amp;data=05%7C01%7C%7C517221a1413c48776fc208db78a222bd%7C84df9e7fe9f640afb435aaaaaaaaaaaa%7C1%7C0%7C638236409985771736%7CUnknown%7CTWFpbGZsb3d8eyJWIjoiMC4wLjAwMDAiLCJQIjoiV2luMzIiLCJBTiI6Ik1haWwiLCJXVCI6Mn0%3D%7C3000%7C%7C%7C&amp;sdata=tp3gh2bXDwQqo9FWKcWwB96njBzDP%2BnIMzE7Ji%2BIBz4%3D&amp;reserved=0\" target=\"_blank\" rel=\"noopener noreferrer\" data-auth=\"Verified\" data-linkindex=\"1\"><u>site<\/u><\/a>.<\/p>\n<p><br aria-hidden=\"true\" \/><strong>Sinopse<\/strong><br aria-hidden=\"true\" \/>Exc\u00eantrica e individualista, Barbie \u00e9 exilada da Barbieland por causa de suas imperfei\u00e7\u00f5es. Quando seu mundo natal est\u00e1 em perigo, Barbie retorna com o conhecimento de que o que a torna diferente tamb\u00e9m a torna mais forte.<\/p>\n<p><br aria-hidden=\"true\" \/><strong>Ficha T\u00e9cnica\u00a0<\/strong><\/p>\n<p>Fam\u00edlia | Com\u00e9dia.<\/p>\n<p>Aventura | A\u00e7\u00e3o.\u00a0<br aria-hidden=\"true\" \/><strong>Dire\u00e7\u00e3o:<\/strong>\u00a0Greta Gerwig.<br aria-hidden=\"true\" \/><strong>Elenco:\u00a0<\/strong>Margot Robbie, Ryan Gosling, Will Ferrell, Kate Mckinnon, America Ferrera, Ariana Greenblatt, Emma Mackey, Alexandra Shipp, Simu Liu, Issa Rae, Michael Cera, Hari Nef, Kingsley Ben-Adir, Rhea Perlman, Ncuti Gatwa, Emerald Fennell, Sharon Rooney, Scott Evans, Ana Kayne, Connor Swindells, Ritu Arya, Jamie Demetriou.\u00a0<br aria-hidden=\"true\" \/><strong>Roteiro:<\/strong>\u00a0Greta Gerwig, Noah Baumbach.<br aria-hidden=\"true\" \/><strong>Dura\u00e7\u00e3o:\u00a0<\/strong>114 minutos. \u00a0<br aria-hidden=\"true\" \/><strong>Distribuidora:\u00a0<\/strong>Warner Bros.\u00a0Pictures.<\/p>\n<p><strong>Sobre a Cin\u00e9polis<\/strong><\/p>\n<p>A Cin\u00e9polis \u00e9 a maior operadora de cinemas da Am\u00e9rica Latina, com um total de 861 cinemas, 6.647 salas 100% digitais, em dezenove pa\u00edses. Desde sua chegada ao Brasil em 2010, \u00e9 a rede com maior crescimento no mercado. Atualmente, opera 57 cinemas em todo o Brasil com 423 salas, com marcas destaque como Macro XE, IMAX, 4DX, VIP e Junior. A Cin\u00e9polis \u00e9 a maior operadora de salas VIP do mundo e, no Brasil, foi a pioneira na implanta\u00e7\u00e3o da tecnologia 4DX \u2013 que permite o movimento das poltronas e gera mais de 20 efeitos especiais sincronizados com o filme. Em 2022, pela quinta vez, o Cin\u00e9polis JK Iguatemi foi eleito pelo Guia da Folha como o melhor cinema da cidade de S\u00e3o Paulo (2015, 2017, 2018, 2020 e 2022) e sua sala IMAX foi apontada duas vezes como a melhor sala individual do circuito (2020 e 2022). Foi escolhida como a \u201cMelhor Sala Premium\u201d de S\u00e3o Paulo pelo Guia Divirta-se (2019 e 2017). Em 2016 e 2017, a rede Cin\u00e9polis ficou em 1\u00ba lugar no \u201cPr\u00eamio Estad\u00e3o Melhores Servi\u00e7os\u201d, na categoria redes de cinema. A constante inova\u00e7\u00e3o e o bom desempenho s\u00e3o reconhecidos com diversos pr\u00eamios, dentre eles: Melhor Exibidor por quatro anos consecutivos (2011, 2012, 2013 e 2014), concedido no Pr\u00eamio ED (Exibi\u00e7\u00e3o &amp; Distribui\u00e7\u00e3o), realizado pelo Sindicato das Empresas Exibidoras do Estado de S\u00e3o Paulo.<br aria-hidden=\"true\" \/><\/p>\n<p><strong><u>Sobre o Iguatemi S\u00e3o Jos\u00e9 do Rio Preto<\/u><\/strong><\/p>\n<p>Considerado o primeiro e maior complexo multiuso do Noroeste Paulista, o Iguatemi S\u00e3o Jos\u00e9 do Rio Preto pertence \u00e0 Iguatemi S.A, carrega a excel\u00eancia e pioneirismo da marca em seu DNA. O empreendimento re\u00fane moda, arte, cultura, gastronomia, entretenimento, lazer, servi\u00e7os exclusivos, e conta com o hotel Hyatt Place, uma torre comercial (Iguatemi Business) e o residencial Integrado. Com um ambiente agrad\u00e1vel e aconchegante, pensado para proporcionar experi\u00eancias \u00fanicas e exclusivas, o Iguatemi S\u00e3o Jos\u00e9 do Rio Preto oferece um mix diversificado com marcas conceituadas do varejo nacional e internacional, entretenimento exclusivo e restaurantes renomados que o consolidaram como o principal polo gastron\u00f4mico da regi\u00e3o. Mais informa\u00e7\u00f5es:\u00a0<a title=\"Protegido pelo Outlook: https:\/\/iguatemi.com.br\/saojosedoriopreto\/. Clique ou toque para seguir o link.\" href=\"https:\/\/na01.safelinks.protection.outlook.com\/?url=https%3A%2F%2Figuatemi.com.br%2Fsaojosedoriopreto%2F&amp;data=05%7C01%7C%7C517221a1413c48776fc208db78a222bd%7C84df9e7fe9f640afb435aaaaaaaaaaaa%7C1%7C0%7C638236409985771736%7CUnknown%7CTWFpbGZsb3d8eyJWIjoiMC4wLjAwMDAiLCJQIjoiV2luMzIiLCJBTiI6Ik1haWwiLCJXVCI6Mn0%3D%7C3000%7C%7C%7C&amp;sdata=a08tSfmVK2ADhN%2FYO7eg70Z4CYglKL8oOpqHQRqWySI%3D&amp;reserved=0\" target=\"_blank\" rel=\"noopener noreferrer\" data-auth=\"Verified\" data-linkindex=\"2\">Link<\/a><\/p>\n","protected":false},"excerpt":{"rendered":"<p>&nbsp; Longa estreia dia 20 de julho e a pr\u00e9-venda<\/p>\n","protected":false},"author":2,"featured_media":90799,"comment_status":"open","ping_status":"open","sticky":false,"template":"","format":"standard","meta":{"footnotes":""},"categories":[25,38],"tags":[],"class_list":["post-90798","post","type-post","status-publish","format-standard","has-post-thumbnail","hentry","category-cidades","category-sao-jose-do-rio-preto"],"yoast_head":"<!-- This site is optimized with the Yoast SEO plugin v27.5 - https:\/\/yoast.com\/product\/yoast-seo-wordpress\/ -->\n<title>Cinema do Shopping Iguatemi S\u00e3o Jos\u00e9 do Rio Preto inicia pr\u00e9-venda de ingressos do filme \u201cBarbie\u201d - Regi\u00e3o News<\/title>\n<meta name=\"robots\" content=\"index, follow, max-snippet:-1, max-image-preview:large, max-video-preview:-1\" \/>\n<link rel=\"canonical\" href=\"https:\/\/regiaonews.net.br\/2022\/2023\/06\/29\/cinema-do-shopping-iguatemi-sao-jose-do-rio-preto-inicia-pre-venda-de-ingressos-do-filme-barbie\/\" \/>\n<meta property=\"og:locale\" content=\"pt_BR\" \/>\n<meta property=\"og:type\" content=\"article\" \/>\n<meta property=\"og:title\" content=\"Cinema do Shopping Iguatemi S\u00e3o Jos\u00e9 do Rio Preto inicia pr\u00e9-venda de ingressos do filme \u201cBarbie\u201d - Regi\u00e3o News\" \/>\n<meta property=\"og:description\" content=\"&nbsp; Longa estreia dia 20 de julho e a pr\u00e9-venda\" \/>\n<meta property=\"og:url\" content=\"https:\/\/regiaonews.net.br\/2022\/2023\/06\/29\/cinema-do-shopping-iguatemi-sao-jose-do-rio-preto-inicia-pre-venda-de-ingressos-do-filme-barbie\/\" \/>\n<meta property=\"og:site_name\" content=\"Regi\u00e3o News\" \/>\n<meta property=\"article:published_time\" content=\"2023-06-29T21:37:30+00:00\" \/>\n<meta property=\"og:image\" content=\"https:\/\/regiaonews.net.br\/2022\/wp-content\/uploads\/2023\/06\/f69d3acd545460be62234272523d990flow.jpeg\" \/>\n\t<meta property=\"og:image:width\" content=\"800\" \/>\n\t<meta property=\"og:image:height\" content=\"600\" \/>\n\t<meta property=\"og:image:type\" content=\"image\/jpeg\" \/>\n<meta name=\"author\" content=\"Roberto\" \/>\n<meta name=\"twitter:card\" content=\"summary_large_image\" \/>\n<meta name=\"twitter:label1\" content=\"Escrito por\" \/>\n\t<meta name=\"twitter:data1\" content=\"Roberto\" \/>\n\t<meta name=\"twitter:label2\" content=\"Est. tempo de leitura\" \/>\n\t<meta name=\"twitter:data2\" content=\"4 minutos\" \/>\n<script type=\"application\/ld+json\" class=\"yoast-schema-graph\">{\"@context\":\"https:\\\/\\\/schema.org\",\"@graph\":[{\"@type\":\"Article\",\"@id\":\"https:\\\/\\\/regiaonews.net.br\\\/2022\\\/2023\\\/06\\\/29\\\/cinema-do-shopping-iguatemi-sao-jose-do-rio-preto-inicia-pre-venda-de-ingressos-do-filme-barbie\\\/#article\",\"isPartOf\":{\"@id\":\"https:\\\/\\\/regiaonews.net.br\\\/2022\\\/2023\\\/06\\\/29\\\/cinema-do-shopping-iguatemi-sao-jose-do-rio-preto-inicia-pre-venda-de-ingressos-do-filme-barbie\\\/\"},\"author\":{\"name\":\"Roberto\",\"@id\":\"https:\\\/\\\/regiaonews.net.br\\\/2022\\\/#\\\/schema\\\/person\\\/2d205a608a5aa97ac279d7a5e6d89ad8\"},\"headline\":\"Cinema do Shopping Iguatemi S\u00e3o Jos\u00e9 do Rio Preto inicia pr\u00e9-venda de ingressos do filme \u201cBarbie\u201d\",\"datePublished\":\"2023-06-29T21:37:30+00:00\",\"mainEntityOfPage\":{\"@id\":\"https:\\\/\\\/regiaonews.net.br\\\/2022\\\/2023\\\/06\\\/29\\\/cinema-do-shopping-iguatemi-sao-jose-do-rio-preto-inicia-pre-venda-de-ingressos-do-filme-barbie\\\/\"},\"wordCount\":698,\"commentCount\":0,\"publisher\":{\"@id\":\"https:\\\/\\\/regiaonews.net.br\\\/2022\\\/#organization\"},\"image\":{\"@id\":\"https:\\\/\\\/regiaonews.net.br\\\/2022\\\/2023\\\/06\\\/29\\\/cinema-do-shopping-iguatemi-sao-jose-do-rio-preto-inicia-pre-venda-de-ingressos-do-filme-barbie\\\/#primaryimage\"},\"thumbnailUrl\":\"https:\\\/\\\/regiaonews.net.br\\\/2022\\\/wp-content\\\/uploads\\\/2023\\\/06\\\/f69d3acd545460be62234272523d990flow.jpeg\",\"articleSection\":[\"Cidades\",\"S\u00e3o Jos\u00e9 do RIo Preto\"],\"inLanguage\":\"pt-BR\",\"potentialAction\":[{\"@type\":\"CommentAction\",\"name\":\"Comment\",\"target\":[\"https:\\\/\\\/regiaonews.net.br\\\/2022\\\/2023\\\/06\\\/29\\\/cinema-do-shopping-iguatemi-sao-jose-do-rio-preto-inicia-pre-venda-de-ingressos-do-filme-barbie\\\/#respond\"]}]},{\"@type\":\"WebPage\",\"@id\":\"https:\\\/\\\/regiaonews.net.br\\\/2022\\\/2023\\\/06\\\/29\\\/cinema-do-shopping-iguatemi-sao-jose-do-rio-preto-inicia-pre-venda-de-ingressos-do-filme-barbie\\\/\",\"url\":\"https:\\\/\\\/regiaonews.net.br\\\/2022\\\/2023\\\/06\\\/29\\\/cinema-do-shopping-iguatemi-sao-jose-do-rio-preto-inicia-pre-venda-de-ingressos-do-filme-barbie\\\/\",\"name\":\"Cinema do Shopping Iguatemi S\u00e3o Jos\u00e9 do Rio Preto inicia pr\u00e9-venda de ingressos do filme \u201cBarbie\u201d - Regi\u00e3o News\",\"isPartOf\":{\"@id\":\"https:\\\/\\\/regiaonews.net.br\\\/2022\\\/#website\"},\"primaryImageOfPage\":{\"@id\":\"https:\\\/\\\/regiaonews.net.br\\\/2022\\\/2023\\\/06\\\/29\\\/cinema-do-shopping-iguatemi-sao-jose-do-rio-preto-inicia-pre-venda-de-ingressos-do-filme-barbie\\\/#primaryimage\"},\"image\":{\"@id\":\"https:\\\/\\\/regiaonews.net.br\\\/2022\\\/2023\\\/06\\\/29\\\/cinema-do-shopping-iguatemi-sao-jose-do-rio-preto-inicia-pre-venda-de-ingressos-do-filme-barbie\\\/#primaryimage\"},\"thumbnailUrl\":\"https:\\\/\\\/regiaonews.net.br\\\/2022\\\/wp-content\\\/uploads\\\/2023\\\/06\\\/f69d3acd545460be62234272523d990flow.jpeg\",\"datePublished\":\"2023-06-29T21:37:30+00:00\",\"breadcrumb\":{\"@id\":\"https:\\\/\\\/regiaonews.net.br\\\/2022\\\/2023\\\/06\\\/29\\\/cinema-do-shopping-iguatemi-sao-jose-do-rio-preto-inicia-pre-venda-de-ingressos-do-filme-barbie\\\/#breadcrumb\"},\"inLanguage\":\"pt-BR\",\"potentialAction\":[{\"@type\":\"ReadAction\",\"target\":[\"https:\\\/\\\/regiaonews.net.br\\\/2022\\\/2023\\\/06\\\/29\\\/cinema-do-shopping-iguatemi-sao-jose-do-rio-preto-inicia-pre-venda-de-ingressos-do-filme-barbie\\\/\"]}]},{\"@type\":\"ImageObject\",\"inLanguage\":\"pt-BR\",\"@id\":\"https:\\\/\\\/regiaonews.net.br\\\/2022\\\/2023\\\/06\\\/29\\\/cinema-do-shopping-iguatemi-sao-jose-do-rio-preto-inicia-pre-venda-de-ingressos-do-filme-barbie\\\/#primaryimage\",\"url\":\"https:\\\/\\\/regiaonews.net.br\\\/2022\\\/wp-content\\\/uploads\\\/2023\\\/06\\\/f69d3acd545460be62234272523d990flow.jpeg\",\"contentUrl\":\"https:\\\/\\\/regiaonews.net.br\\\/2022\\\/wp-content\\\/uploads\\\/2023\\\/06\\\/f69d3acd545460be62234272523d990flow.jpeg\",\"width\":800,\"height\":600},{\"@type\":\"BreadcrumbList\",\"@id\":\"https:\\\/\\\/regiaonews.net.br\\\/2022\\\/2023\\\/06\\\/29\\\/cinema-do-shopping-iguatemi-sao-jose-do-rio-preto-inicia-pre-venda-de-ingressos-do-filme-barbie\\\/#breadcrumb\",\"itemListElement\":[{\"@type\":\"ListItem\",\"position\":1,\"name\":\"In\u00edcio\",\"item\":\"https:\\\/\\\/regiaonews.net.br\\\/2022\\\/\"},{\"@type\":\"ListItem\",\"position\":2,\"name\":\"Cinema do Shopping Iguatemi S\u00e3o Jos\u00e9 do Rio Preto inicia pr\u00e9-venda de ingressos do filme \u201cBarbie\u201d\"}]},{\"@type\":\"WebSite\",\"@id\":\"https:\\\/\\\/regiaonews.net.br\\\/2022\\\/#website\",\"url\":\"https:\\\/\\\/regiaonews.net.br\\\/2022\\\/\",\"name\":\"Regi\u00e3o News\",\"description\":\"Site de Not\u00edcias de Barretos e regi\u00e3o\",\"publisher\":{\"@id\":\"https:\\\/\\\/regiaonews.net.br\\\/2022\\\/#organization\"},\"potentialAction\":[{\"@type\":\"SearchAction\",\"target\":{\"@type\":\"EntryPoint\",\"urlTemplate\":\"https:\\\/\\\/regiaonews.net.br\\\/2022\\\/?s={search_term_string}\"},\"query-input\":{\"@type\":\"PropertyValueSpecification\",\"valueRequired\":true,\"valueName\":\"search_term_string\"}}],\"inLanguage\":\"pt-BR\"},{\"@type\":\"Organization\",\"@id\":\"https:\\\/\\\/regiaonews.net.br\\\/2022\\\/#organization\",\"name\":\"Regi\u00e3o News\",\"url\":\"https:\\\/\\\/regiaonews.net.br\\\/2022\\\/\",\"logo\":{\"@type\":\"ImageObject\",\"inLanguage\":\"pt-BR\",\"@id\":\"https:\\\/\\\/regiaonews.net.br\\\/2022\\\/#\\\/schema\\\/logo\\\/image\\\/\",\"url\":\"https:\\\/\\\/regiaonews.net.br\\\/2022\\\/wp-content\\\/uploads\\\/2026\\\/03\\\/regiao-13-anos-scaled.jpg\",\"contentUrl\":\"https:\\\/\\\/regiaonews.net.br\\\/2022\\\/wp-content\\\/uploads\\\/2026\\\/03\\\/regiao-13-anos-scaled.jpg\",\"width\":2560,\"height\":635,\"caption\":\"Regi\u00e3o News\"},\"image\":{\"@id\":\"https:\\\/\\\/regiaonews.net.br\\\/2022\\\/#\\\/schema\\\/logo\\\/image\\\/\"}},{\"@type\":\"Person\",\"@id\":\"https:\\\/\\\/regiaonews.net.br\\\/2022\\\/#\\\/schema\\\/person\\\/2d205a608a5aa97ac279d7a5e6d89ad8\",\"name\":\"Roberto\",\"image\":{\"@type\":\"ImageObject\",\"inLanguage\":\"pt-BR\",\"@id\":\"https:\\\/\\\/secure.gravatar.com\\\/avatar\\\/42749d8b712ff9d59ca93dc150494e5b55a44134482993f5baeb97e61b7ecc89?s=96&d=mm&r=g\",\"url\":\"https:\\\/\\\/secure.gravatar.com\\\/avatar\\\/42749d8b712ff9d59ca93dc150494e5b55a44134482993f5baeb97e61b7ecc89?s=96&d=mm&r=g\",\"contentUrl\":\"https:\\\/\\\/secure.gravatar.com\\\/avatar\\\/42749d8b712ff9d59ca93dc150494e5b55a44134482993f5baeb97e61b7ecc89?s=96&d=mm&r=g\",\"caption\":\"Roberto\"},\"url\":\"https:\\\/\\\/regiaonews.net.br\\\/2022\\\/author\\\/roberto\\\/\"}]}<\/script>\n<!-- \/ Yoast SEO plugin. -->","yoast_head_json":{"title":"Cinema do Shopping Iguatemi S\u00e3o Jos\u00e9 do Rio Preto inicia pr\u00e9-venda de ingressos do filme \u201cBarbie\u201d - Regi\u00e3o News","robots":{"index":"index","follow":"follow","max-snippet":"max-snippet:-1","max-image-preview":"max-image-preview:large","max-video-preview":"max-video-preview:-1"},"canonical":"https:\/\/regiaonews.net.br\/2022\/2023\/06\/29\/cinema-do-shopping-iguatemi-sao-jose-do-rio-preto-inicia-pre-venda-de-ingressos-do-filme-barbie\/","og_locale":"pt_BR","og_type":"article","og_title":"Cinema do Shopping Iguatemi S\u00e3o Jos\u00e9 do Rio Preto inicia pr\u00e9-venda de ingressos do filme \u201cBarbie\u201d - Regi\u00e3o News","og_description":"&nbsp; Longa estreia dia 20 de julho e a pr\u00e9-venda","og_url":"https:\/\/regiaonews.net.br\/2022\/2023\/06\/29\/cinema-do-shopping-iguatemi-sao-jose-do-rio-preto-inicia-pre-venda-de-ingressos-do-filme-barbie\/","og_site_name":"Regi\u00e3o News","article_published_time":"2023-06-29T21:37:30+00:00","og_image":[{"width":800,"height":600,"url":"https:\/\/regiaonews.net.br\/2022\/wp-content\/uploads\/2023\/06\/f69d3acd545460be62234272523d990flow.jpeg","type":"image\/jpeg"}],"author":"Roberto","twitter_card":"summary_large_image","twitter_misc":{"Escrito por":"Roberto","Est. tempo de leitura":"4 minutos"},"schema":{"@context":"https:\/\/schema.org","@graph":[{"@type":"Article","@id":"https:\/\/regiaonews.net.br\/2022\/2023\/06\/29\/cinema-do-shopping-iguatemi-sao-jose-do-rio-preto-inicia-pre-venda-de-ingressos-do-filme-barbie\/#article","isPartOf":{"@id":"https:\/\/regiaonews.net.br\/2022\/2023\/06\/29\/cinema-do-shopping-iguatemi-sao-jose-do-rio-preto-inicia-pre-venda-de-ingressos-do-filme-barbie\/"},"author":{"name":"Roberto","@id":"https:\/\/regiaonews.net.br\/2022\/#\/schema\/person\/2d205a608a5aa97ac279d7a5e6d89ad8"},"headline":"Cinema do Shopping Iguatemi S\u00e3o Jos\u00e9 do Rio Preto inicia pr\u00e9-venda de ingressos do filme \u201cBarbie\u201d","datePublished":"2023-06-29T21:37:30+00:00","mainEntityOfPage":{"@id":"https:\/\/regiaonews.net.br\/2022\/2023\/06\/29\/cinema-do-shopping-iguatemi-sao-jose-do-rio-preto-inicia-pre-venda-de-ingressos-do-filme-barbie\/"},"wordCount":698,"commentCount":0,"publisher":{"@id":"https:\/\/regiaonews.net.br\/2022\/#organization"},"image":{"@id":"https:\/\/regiaonews.net.br\/2022\/2023\/06\/29\/cinema-do-shopping-iguatemi-sao-jose-do-rio-preto-inicia-pre-venda-de-ingressos-do-filme-barbie\/#primaryimage"},"thumbnailUrl":"https:\/\/regiaonews.net.br\/2022\/wp-content\/uploads\/2023\/06\/f69d3acd545460be62234272523d990flow.jpeg","articleSection":["Cidades","S\u00e3o Jos\u00e9 do RIo Preto"],"inLanguage":"pt-BR","potentialAction":[{"@type":"CommentAction","name":"Comment","target":["https:\/\/regiaonews.net.br\/2022\/2023\/06\/29\/cinema-do-shopping-iguatemi-sao-jose-do-rio-preto-inicia-pre-venda-de-ingressos-do-filme-barbie\/#respond"]}]},{"@type":"WebPage","@id":"https:\/\/regiaonews.net.br\/2022\/2023\/06\/29\/cinema-do-shopping-iguatemi-sao-jose-do-rio-preto-inicia-pre-venda-de-ingressos-do-filme-barbie\/","url":"https:\/\/regiaonews.net.br\/2022\/2023\/06\/29\/cinema-do-shopping-iguatemi-sao-jose-do-rio-preto-inicia-pre-venda-de-ingressos-do-filme-barbie\/","name":"Cinema do Shopping Iguatemi S\u00e3o Jos\u00e9 do Rio Preto inicia pr\u00e9-venda de ingressos do filme \u201cBarbie\u201d - Regi\u00e3o News","isPartOf":{"@id":"https:\/\/regiaonews.net.br\/2022\/#website"},"primaryImageOfPage":{"@id":"https:\/\/regiaonews.net.br\/2022\/2023\/06\/29\/cinema-do-shopping-iguatemi-sao-jose-do-rio-preto-inicia-pre-venda-de-ingressos-do-filme-barbie\/#primaryimage"},"image":{"@id":"https:\/\/regiaonews.net.br\/2022\/2023\/06\/29\/cinema-do-shopping-iguatemi-sao-jose-do-rio-preto-inicia-pre-venda-de-ingressos-do-filme-barbie\/#primaryimage"},"thumbnailUrl":"https:\/\/regiaonews.net.br\/2022\/wp-content\/uploads\/2023\/06\/f69d3acd545460be62234272523d990flow.jpeg","datePublished":"2023-06-29T21:37:30+00:00","breadcrumb":{"@id":"https:\/\/regiaonews.net.br\/2022\/2023\/06\/29\/cinema-do-shopping-iguatemi-sao-jose-do-rio-preto-inicia-pre-venda-de-ingressos-do-filme-barbie\/#breadcrumb"},"inLanguage":"pt-BR","potentialAction":[{"@type":"ReadAction","target":["https:\/\/regiaonews.net.br\/2022\/2023\/06\/29\/cinema-do-shopping-iguatemi-sao-jose-do-rio-preto-inicia-pre-venda-de-ingressos-do-filme-barbie\/"]}]},{"@type":"ImageObject","inLanguage":"pt-BR","@id":"https:\/\/regiaonews.net.br\/2022\/2023\/06\/29\/cinema-do-shopping-iguatemi-sao-jose-do-rio-preto-inicia-pre-venda-de-ingressos-do-filme-barbie\/#primaryimage","url":"https:\/\/regiaonews.net.br\/2022\/wp-content\/uploads\/2023\/06\/f69d3acd545460be62234272523d990flow.jpeg","contentUrl":"https:\/\/regiaonews.net.br\/2022\/wp-content\/uploads\/2023\/06\/f69d3acd545460be62234272523d990flow.jpeg","width":800,"height":600},{"@type":"BreadcrumbList","@id":"https:\/\/regiaonews.net.br\/2022\/2023\/06\/29\/cinema-do-shopping-iguatemi-sao-jose-do-rio-preto-inicia-pre-venda-de-ingressos-do-filme-barbie\/#breadcrumb","itemListElement":[{"@type":"ListItem","position":1,"name":"In\u00edcio","item":"https:\/\/regiaonews.net.br\/2022\/"},{"@type":"ListItem","position":2,"name":"Cinema do Shopping Iguatemi S\u00e3o Jos\u00e9 do Rio Preto inicia pr\u00e9-venda de ingressos do filme \u201cBarbie\u201d"}]},{"@type":"WebSite","@id":"https:\/\/regiaonews.net.br\/2022\/#website","url":"https:\/\/regiaonews.net.br\/2022\/","name":"Regi\u00e3o News","description":"Site de Not\u00edcias de Barretos e regi\u00e3o","publisher":{"@id":"https:\/\/regiaonews.net.br\/2022\/#organization"},"potentialAction":[{"@type":"SearchAction","target":{"@type":"EntryPoint","urlTemplate":"https:\/\/regiaonews.net.br\/2022\/?s={search_term_string}"},"query-input":{"@type":"PropertyValueSpecification","valueRequired":true,"valueName":"search_term_string"}}],"inLanguage":"pt-BR"},{"@type":"Organization","@id":"https:\/\/regiaonews.net.br\/2022\/#organization","name":"Regi\u00e3o News","url":"https:\/\/regiaonews.net.br\/2022\/","logo":{"@type":"ImageObject","inLanguage":"pt-BR","@id":"https:\/\/regiaonews.net.br\/2022\/#\/schema\/logo\/image\/","url":"https:\/\/regiaonews.net.br\/2022\/wp-content\/uploads\/2026\/03\/regiao-13-anos-scaled.jpg","contentUrl":"https:\/\/regiaonews.net.br\/2022\/wp-content\/uploads\/2026\/03\/regiao-13-anos-scaled.jpg","width":2560,"height":635,"caption":"Regi\u00e3o News"},"image":{"@id":"https:\/\/regiaonews.net.br\/2022\/#\/schema\/logo\/image\/"}},{"@type":"Person","@id":"https:\/\/regiaonews.net.br\/2022\/#\/schema\/person\/2d205a608a5aa97ac279d7a5e6d89ad8","name":"Roberto","image":{"@type":"ImageObject","inLanguage":"pt-BR","@id":"https:\/\/secure.gravatar.com\/avatar\/42749d8b712ff9d59ca93dc150494e5b55a44134482993f5baeb97e61b7ecc89?s=96&d=mm&r=g","url":"https:\/\/secure.gravatar.com\/avatar\/42749d8b712ff9d59ca93dc150494e5b55a44134482993f5baeb97e61b7ecc89?s=96&d=mm&r=g","contentUrl":"https:\/\/secure.gravatar.com\/avatar\/42749d8b712ff9d59ca93dc150494e5b55a44134482993f5baeb97e61b7ecc89?s=96&d=mm&r=g","caption":"Roberto"},"url":"https:\/\/regiaonews.net.br\/2022\/author\/roberto\/"}]}},"publishpress_future_action":{"enabled":false,"date":"2026-05-10 07:07:13","action":"change-status","newStatus":"draft","terms":[],"taxonomy":"category","extraData":[]},"publishpress_future_workflow_manual_trigger":{"enabledWorkflows":[]},"_links":{"self":[{"href":"https:\/\/regiaonews.net.br\/2022\/wp-json\/wp\/v2\/posts\/90798","targetHints":{"allow":["GET"]}}],"collection":[{"href":"https:\/\/regiaonews.net.br\/2022\/wp-json\/wp\/v2\/posts"}],"about":[{"href":"https:\/\/regiaonews.net.br\/2022\/wp-json\/wp\/v2\/types\/post"}],"author":[{"embeddable":true,"href":"https:\/\/regiaonews.net.br\/2022\/wp-json\/wp\/v2\/users\/2"}],"replies":[{"embeddable":true,"href":"https:\/\/regiaonews.net.br\/2022\/wp-json\/wp\/v2\/comments?post=90798"}],"version-history":[{"count":1,"href":"https:\/\/regiaonews.net.br\/2022\/wp-json\/wp\/v2\/posts\/90798\/revisions"}],"predecessor-version":[{"id":90800,"href":"https:\/\/regiaonews.net.br\/2022\/wp-json\/wp\/v2\/posts\/90798\/revisions\/90800"}],"wp:featuredmedia":[{"embeddable":true,"href":"https:\/\/regiaonews.net.br\/2022\/wp-json\/wp\/v2\/media\/90799"}],"wp:attachment":[{"href":"https:\/\/regiaonews.net.br\/2022\/wp-json\/wp\/v2\/media?parent=90798"}],"wp:term":[{"taxonomy":"category","embeddable":true,"href":"https:\/\/regiaonews.net.br\/2022\/wp-json\/wp\/v2\/categories?post=90798"},{"taxonomy":"post_tag","embeddable":true,"href":"https:\/\/regiaonews.net.br\/2022\/wp-json\/wp\/v2\/tags?post=90798"}],"curies":[{"name":"wp","href":"https:\/\/api.w.org\/{rel}","templated":true}]}}