{"id":90744,"date":"2023-06-28T20:31:31","date_gmt":"2023-06-28T23:31:31","guid":{"rendered":"https:\/\/regiaonews.net.br\/2022\/?p=90744"},"modified":"2023-06-28T20:32:45","modified_gmt":"2023-06-28T23:32:45","slug":"samu-barretos-abre-no-proximo-dia-3-de-julho-inscricoes-para-2a-edicao-de-treinamento-a-populacao","status":"publish","type":"post","link":"https:\/\/regiaonews.net.br\/2022\/2023\/06\/28\/samu-barretos-abre-no-proximo-dia-3-de-julho-inscricoes-para-2a-edicao-de-treinamento-a-populacao\/","title":{"rendered":"SAMU Barretos abre, no pr\u00f3ximo dia 3 de julho, inscri\u00e7\u00f5es para 2\u00aa edi\u00e7\u00e3o de treinamento \u00e0 popula\u00e7\u00e3o"},"content":{"rendered":"<p>&nbsp;<\/p>\n<p>A a\u00e7\u00e3o \u00e9 coordenada pelo N\u00facleo de Educa\u00e7\u00e3o em Urg\u00eancia e faz parte do Projeto \u201cAmigos do SAMU\u201d; capacita\u00e7\u00e3o tem oito horas de dura\u00e7\u00e3o e ser\u00e1 realizada no dia 5 de agosto<\/p>\n<p>O N\u00facleo de Educa\u00e7\u00e3o em Urg\u00eancia (NEU) do Servi\u00e7o M\u00f3vel de Atendimento de Urg\u00eancia (SAMU) Barretos abre inscri\u00e7\u00f5es para o Projeto \u201cAmigos do SAMU\u201d. Em sua 2\u00aa edi\u00e7\u00e3o, a capacita\u00e7\u00e3o visa tornar cidad\u00e3os barretenses multiplicadores de informa\u00e7\u00e3o a respeito de como funciona o SAMU 192 e sobre as primeiras a\u00e7\u00f5es a serem tomadas diante de uma emerg\u00eancia.<\/p>\n<p>Com 60 vagas e oito de carga hor\u00e1ria, o curso ser\u00e1 realizado no dia 5 de agosto (s\u00e1bado). As inscri\u00e7\u00f5es podem ser feitas das 8 \u00e0s 17h, de segunda a sexta-feira, no per\u00edodo de 3 de julho a 4 de agosto, ou enquanto houver vaga. Os interessados podem se inscrever, por meio de liga\u00e7\u00e3o ou por mensagem de WhatsApp para (17) 99733-9523. Ap\u00f3s essa etapa, para efetiva\u00e7\u00e3o da inscri\u00e7\u00e3o, os participantes do curso ser\u00e3o orientados a levar \u00e0 base do SAMU a doa\u00e7\u00e3o de dois quilos de alimento n\u00e3o perec\u00edvel, que ser\u00e3o entregues ao Fundo Social de Solidariedade (FSS) do munic\u00edpio.<\/p>\n<p>O m\u00e9dico Thalles Almeida, coordenador geral do SAMU, relembra a retomada do projeto, um compromisso da atual gest\u00e3o municipal, e a sua import\u00e2ncia. \u201cMesmo o SAMU tendo uma equipe t\u00e9cnica capacitada, desde a regula\u00e7\u00e3o at\u00e9 o suporte avan\u00e7ado, nossas ocorr\u00eancias eram prejudicadas pelo fato da popula\u00e7\u00e3o n\u00e3o ter conhecimento b\u00e1sico sobre o que o \u00e9 SAMU e como agir at\u00e9 a chegada da nossa equipe no local em uma situa\u00e7\u00e3o de urg\u00eancia\/emerg\u00eancia\u201d, lembra. Ele explica que o curso foi ent\u00e3o criado para instruir pessoas que n\u00e3o trabalham na \u00e1rea da sa\u00fade. Desde a cria\u00e7\u00e3o, cerca de 550 pessoas j\u00e1 passaram pelo treinamento.<\/p>\n<p>Segundo Thalles, concluiu-se que com essa iniciativa era poss\u00edvel melhorar o servi\u00e7o prestado pelo SAMU, proporcionando maior qualidade a todo o atendimento de urg\u00eancia\/emerg\u00eancia. \u201cCidad\u00e3os leigos passam a estar mais bem preparados para nos passar as informa\u00e7\u00f5es, auxiliando assim o nosso atendimento \u00e0 popula\u00e7\u00e3o\u201d, menciona.<\/p>\n<p>A enfermeira Aline Pereira de Almeida, coordenadora do NEU, afirma que o objetivo \u00e9 otimizar o servi\u00e7o em todos os aspectos. \u201cCom a popula\u00e7\u00e3o instru\u00edda sobre o que deve o que n\u00e3o deve ser feito at\u00e9 a chegada do SAMU e a como agir ao telefonar para o 192, aumentam-se as chances de se obter sucesso no socorro e as medidas colaboram para que haja menos agravo aos pacientes\u201d, ressalta.<\/p>\n<p>Aline explica que no curso \u2018Amigos do Samu\u2019 o cidad\u00e3o leigo (que n\u00e3o tem forma\u00e7\u00e3o na \u00e1rea de sa\u00fade) recebe treinamentos te\u00f3ricos e pr\u00e1ticos, passando a ter condi\u00e7\u00f5es de realizar avalia\u00e7\u00e3o prim\u00e1ria b\u00e1sica na v\u00edtima sem prejudic\u00e1-la. A enfermeira destaca, ainda, que o cidad\u00e3o que recebe o treinamento transmite informa\u00e7\u00f5es importantes para outros. \u201cEssa pessoa vai compartilhar em casa, no trabalho, na faculdade sobre o conhecimento que recebeu. Ser\u00e1 um multiplicador ou multiplicadora, repassando \u00e0 popula\u00e7\u00e3o a orienta\u00e7\u00e3o sobre o funcionamento do SAMU. O curso proporciona tamb\u00e9m que esses multiplicadores se atentem \u00e0 preven\u00e7\u00e3o de acidentes de tr\u00e2nsito e dom\u00e9sticos e preven\u00e7\u00e3o de doen\u00e7as cr\u00f4nicas, com enfoque na qualidade de vida. Ele contribui para que mais vidas sejam salvas, para n\u00e3o aumentar a gravidade das ocorr\u00eancias, para o bom funcionamento do SAMU e para economia de recursos da sa\u00fade\u201d, conclui.<\/p>\n<p>A coordenadora do NEU observa que as pessoas devem fazer a inscri\u00e7\u00e3o para o curso e tirarem eventuais d\u00favidas nos dias \u00fateis, pelo telefone celular e hor\u00e1rio indicados. \u201cO telefone 192 \u00e9 gratuito e funciona 24h para urg\u00eancia e emerg\u00eancia, devendo ser utilizado exclusivamente quando houver necessidade de atendimento\u201d, ressalta.<\/p>\n<p>Os participantes do curso receber\u00e3o certificado e ser\u00e1 realizado na Faculdade Barretos, localizada no bairro Christiano Carvalho.<\/p>\n<p>SERVI\u00c7O:<\/p>\n<p>2\u00aa edi\u00e7\u00e3o do Curso &#8220;Amigos do SAMU&#8221;<\/p>\n<p>Per\u00edodo de inscri\u00e7\u00f5es: 3\/7 a 4\/8, enquanto houver vagas<\/p>\n<p>Hor\u00e1rio das inscri\u00e7\u00f5es: das 8 \u00e0s 17h<\/p>\n<p>Contato para inscri\u00e7\u00e3o: (17) 99733-9523 (Liga\u00e7\u00e3o ou WhatsApp)<\/p>\n<p>N\u00famero de vagas: 60<\/p>\n<p>Inscri\u00e7\u00e3o solid\u00e1ria: doa\u00e7\u00e3o de 2 kgs de alimento<\/p>\n<p>Data e hor\u00e1rio do curso: 5\/8, s\u00e1bado, das 8 \u00e0s 17h<\/p>\n","protected":false},"excerpt":{"rendered":"<p>&nbsp; A a\u00e7\u00e3o \u00e9 coordenada pelo N\u00facleo de Educa\u00e7\u00e3o em<\/p>\n","protected":false},"author":2,"featured_media":90745,"comment_status":"open","ping_status":"open","sticky":false,"template":"","format":"standard","meta":{"footnotes":""},"categories":[14,25],"tags":[],"class_list":["post-90744","post","type-post","status-publish","format-standard","has-post-thumbnail","hentry","category-barretos","category-cidades"],"yoast_head":"<!-- This site is optimized with the Yoast SEO plugin v27.5 - https:\/\/yoast.com\/product\/yoast-seo-wordpress\/ -->\n<title>SAMU Barretos abre, no pr\u00f3ximo dia 3 de julho, inscri\u00e7\u00f5es para 2\u00aa edi\u00e7\u00e3o de treinamento \u00e0 popula\u00e7\u00e3o - Regi\u00e3o News<\/title>\n<meta name=\"description\" content=\"SAMU Barretos abre, no pr\u00f3ximo dia 3 de julho, inscri\u00e7\u00f5es para 2\u00aa edi\u00e7\u00e3o de treinamento \u00e0 popula\u00e7\u00e3o\" \/>\n<meta name=\"robots\" content=\"index, follow, max-snippet:-1, max-image-preview:large, max-video-preview:-1\" \/>\n<link rel=\"canonical\" href=\"https:\/\/regiaonews.net.br\/2022\/2023\/06\/28\/samu-barretos-abre-no-proximo-dia-3-de-julho-inscricoes-para-2a-edicao-de-treinamento-a-populacao\/\" \/>\n<meta property=\"og:locale\" content=\"pt_BR\" \/>\n<meta property=\"og:type\" content=\"article\" \/>\n<meta property=\"og:title\" content=\"SAMU Barretos abre, no pr\u00f3ximo dia 3 de julho, inscri\u00e7\u00f5es para 2\u00aa edi\u00e7\u00e3o de treinamento \u00e0 popula\u00e7\u00e3o - Regi\u00e3o News\" \/>\n<meta property=\"og:description\" content=\"SAMU Barretos abre, no pr\u00f3ximo dia 3 de julho, inscri\u00e7\u00f5es para 2\u00aa edi\u00e7\u00e3o de treinamento \u00e0 popula\u00e7\u00e3o\" \/>\n<meta property=\"og:url\" content=\"https:\/\/regiaonews.net.br\/2022\/2023\/06\/28\/samu-barretos-abre-no-proximo-dia-3-de-julho-inscricoes-para-2a-edicao-de-treinamento-a-populacao\/\" \/>\n<meta property=\"og:site_name\" content=\"Regi\u00e3o News\" \/>\n<meta property=\"article:published_time\" content=\"2023-06-28T23:31:31+00:00\" \/>\n<meta property=\"article:modified_time\" content=\"2023-06-28T23:32:45+00:00\" \/>\n<meta property=\"og:image\" content=\"https:\/\/regiaonews.net.br\/2022\/wp-content\/uploads\/2023\/06\/WhatsApp-Image-2023-06-28-at-17.13.49.jpeg\" \/>\n\t<meta property=\"og:image:width\" content=\"1274\" \/>\n\t<meta property=\"og:image:height\" content=\"848\" \/>\n\t<meta property=\"og:image:type\" content=\"image\/jpeg\" \/>\n<meta name=\"author\" content=\"Roberto\" \/>\n<meta name=\"twitter:card\" content=\"summary_large_image\" \/>\n<meta name=\"twitter:label1\" content=\"Escrito por\" \/>\n\t<meta name=\"twitter:data1\" content=\"Roberto\" \/>\n\t<meta name=\"twitter:label2\" content=\"Est. tempo de leitura\" \/>\n\t<meta name=\"twitter:data2\" content=\"4 minutos\" \/>\n<script type=\"application\/ld+json\" class=\"yoast-schema-graph\">{\"@context\":\"https:\\\/\\\/schema.org\",\"@graph\":[{\"@type\":\"Article\",\"@id\":\"https:\\\/\\\/regiaonews.net.br\\\/2022\\\/2023\\\/06\\\/28\\\/samu-barretos-abre-no-proximo-dia-3-de-julho-inscricoes-para-2a-edicao-de-treinamento-a-populacao\\\/#article\",\"isPartOf\":{\"@id\":\"https:\\\/\\\/regiaonews.net.br\\\/2022\\\/2023\\\/06\\\/28\\\/samu-barretos-abre-no-proximo-dia-3-de-julho-inscricoes-para-2a-edicao-de-treinamento-a-populacao\\\/\"},\"author\":{\"name\":\"Roberto\",\"@id\":\"https:\\\/\\\/regiaonews.net.br\\\/2022\\\/#\\\/schema\\\/person\\\/2d205a608a5aa97ac279d7a5e6d89ad8\"},\"headline\":\"SAMU Barretos abre, no pr\u00f3ximo dia 3 de julho, inscri\u00e7\u00f5es para 2\u00aa edi\u00e7\u00e3o de treinamento \u00e0 popula\u00e7\u00e3o\",\"datePublished\":\"2023-06-28T23:31:31+00:00\",\"dateModified\":\"2023-06-28T23:32:45+00:00\",\"mainEntityOfPage\":{\"@id\":\"https:\\\/\\\/regiaonews.net.br\\\/2022\\\/2023\\\/06\\\/28\\\/samu-barretos-abre-no-proximo-dia-3-de-julho-inscricoes-para-2a-edicao-de-treinamento-a-populacao\\\/\"},\"wordCount\":768,\"commentCount\":0,\"publisher\":{\"@id\":\"https:\\\/\\\/regiaonews.net.br\\\/2022\\\/#organization\"},\"image\":{\"@id\":\"https:\\\/\\\/regiaonews.net.br\\\/2022\\\/2023\\\/06\\\/28\\\/samu-barretos-abre-no-proximo-dia-3-de-julho-inscricoes-para-2a-edicao-de-treinamento-a-populacao\\\/#primaryimage\"},\"thumbnailUrl\":\"https:\\\/\\\/regiaonews.net.br\\\/2022\\\/wp-content\\\/uploads\\\/2023\\\/06\\\/WhatsApp-Image-2023-06-28-at-17.13.49.jpeg\",\"articleSection\":[\"Barretos\",\"Cidades\"],\"inLanguage\":\"pt-BR\",\"potentialAction\":[{\"@type\":\"CommentAction\",\"name\":\"Comment\",\"target\":[\"https:\\\/\\\/regiaonews.net.br\\\/2022\\\/2023\\\/06\\\/28\\\/samu-barretos-abre-no-proximo-dia-3-de-julho-inscricoes-para-2a-edicao-de-treinamento-a-populacao\\\/#respond\"]}]},{\"@type\":\"WebPage\",\"@id\":\"https:\\\/\\\/regiaonews.net.br\\\/2022\\\/2023\\\/06\\\/28\\\/samu-barretos-abre-no-proximo-dia-3-de-julho-inscricoes-para-2a-edicao-de-treinamento-a-populacao\\\/\",\"url\":\"https:\\\/\\\/regiaonews.net.br\\\/2022\\\/2023\\\/06\\\/28\\\/samu-barretos-abre-no-proximo-dia-3-de-julho-inscricoes-para-2a-edicao-de-treinamento-a-populacao\\\/\",\"name\":\"SAMU Barretos abre, no pr\u00f3ximo dia 3 de julho, inscri\u00e7\u00f5es para 2\u00aa edi\u00e7\u00e3o de treinamento \u00e0 popula\u00e7\u00e3o - Regi\u00e3o News\",\"isPartOf\":{\"@id\":\"https:\\\/\\\/regiaonews.net.br\\\/2022\\\/#website\"},\"primaryImageOfPage\":{\"@id\":\"https:\\\/\\\/regiaonews.net.br\\\/2022\\\/2023\\\/06\\\/28\\\/samu-barretos-abre-no-proximo-dia-3-de-julho-inscricoes-para-2a-edicao-de-treinamento-a-populacao\\\/#primaryimage\"},\"image\":{\"@id\":\"https:\\\/\\\/regiaonews.net.br\\\/2022\\\/2023\\\/06\\\/28\\\/samu-barretos-abre-no-proximo-dia-3-de-julho-inscricoes-para-2a-edicao-de-treinamento-a-populacao\\\/#primaryimage\"},\"thumbnailUrl\":\"https:\\\/\\\/regiaonews.net.br\\\/2022\\\/wp-content\\\/uploads\\\/2023\\\/06\\\/WhatsApp-Image-2023-06-28-at-17.13.49.jpeg\",\"datePublished\":\"2023-06-28T23:31:31+00:00\",\"dateModified\":\"2023-06-28T23:32:45+00:00\",\"description\":\"SAMU Barretos abre, no pr\u00f3ximo dia 3 de julho, inscri\u00e7\u00f5es para 2\u00aa edi\u00e7\u00e3o de treinamento \u00e0 popula\u00e7\u00e3o\",\"breadcrumb\":{\"@id\":\"https:\\\/\\\/regiaonews.net.br\\\/2022\\\/2023\\\/06\\\/28\\\/samu-barretos-abre-no-proximo-dia-3-de-julho-inscricoes-para-2a-edicao-de-treinamento-a-populacao\\\/#breadcrumb\"},\"inLanguage\":\"pt-BR\",\"potentialAction\":[{\"@type\":\"ReadAction\",\"target\":[\"https:\\\/\\\/regiaonews.net.br\\\/2022\\\/2023\\\/06\\\/28\\\/samu-barretos-abre-no-proximo-dia-3-de-julho-inscricoes-para-2a-edicao-de-treinamento-a-populacao\\\/\"]}]},{\"@type\":\"ImageObject\",\"inLanguage\":\"pt-BR\",\"@id\":\"https:\\\/\\\/regiaonews.net.br\\\/2022\\\/2023\\\/06\\\/28\\\/samu-barretos-abre-no-proximo-dia-3-de-julho-inscricoes-para-2a-edicao-de-treinamento-a-populacao\\\/#primaryimage\",\"url\":\"https:\\\/\\\/regiaonews.net.br\\\/2022\\\/wp-content\\\/uploads\\\/2023\\\/06\\\/WhatsApp-Image-2023-06-28-at-17.13.49.jpeg\",\"contentUrl\":\"https:\\\/\\\/regiaonews.net.br\\\/2022\\\/wp-content\\\/uploads\\\/2023\\\/06\\\/WhatsApp-Image-2023-06-28-at-17.13.49.jpeg\",\"width\":1274,\"height\":848},{\"@type\":\"BreadcrumbList\",\"@id\":\"https:\\\/\\\/regiaonews.net.br\\\/2022\\\/2023\\\/06\\\/28\\\/samu-barretos-abre-no-proximo-dia-3-de-julho-inscricoes-para-2a-edicao-de-treinamento-a-populacao\\\/#breadcrumb\",\"itemListElement\":[{\"@type\":\"ListItem\",\"position\":1,\"name\":\"In\u00edcio\",\"item\":\"https:\\\/\\\/regiaonews.net.br\\\/2022\\\/\"},{\"@type\":\"ListItem\",\"position\":2,\"name\":\"SAMU Barretos abre, no pr\u00f3ximo dia 3 de julho, inscri\u00e7\u00f5es para 2\u00aa edi\u00e7\u00e3o de treinamento \u00e0 popula\u00e7\u00e3o\"}]},{\"@type\":\"WebSite\",\"@id\":\"https:\\\/\\\/regiaonews.net.br\\\/2022\\\/#website\",\"url\":\"https:\\\/\\\/regiaonews.net.br\\\/2022\\\/\",\"name\":\"Regi\u00e3o News\",\"description\":\"Site de Not\u00edcias de Barretos e regi\u00e3o\",\"publisher\":{\"@id\":\"https:\\\/\\\/regiaonews.net.br\\\/2022\\\/#organization\"},\"potentialAction\":[{\"@type\":\"SearchAction\",\"target\":{\"@type\":\"EntryPoint\",\"urlTemplate\":\"https:\\\/\\\/regiaonews.net.br\\\/2022\\\/?s={search_term_string}\"},\"query-input\":{\"@type\":\"PropertyValueSpecification\",\"valueRequired\":true,\"valueName\":\"search_term_string\"}}],\"inLanguage\":\"pt-BR\"},{\"@type\":\"Organization\",\"@id\":\"https:\\\/\\\/regiaonews.net.br\\\/2022\\\/#organization\",\"name\":\"Regi\u00e3o News\",\"url\":\"https:\\\/\\\/regiaonews.net.br\\\/2022\\\/\",\"logo\":{\"@type\":\"ImageObject\",\"inLanguage\":\"pt-BR\",\"@id\":\"https:\\\/\\\/regiaonews.net.br\\\/2022\\\/#\\\/schema\\\/logo\\\/image\\\/\",\"url\":\"https:\\\/\\\/regiaonews.net.br\\\/2022\\\/wp-content\\\/uploads\\\/2026\\\/03\\\/regiao-13-anos-scaled.jpg\",\"contentUrl\":\"https:\\\/\\\/regiaonews.net.br\\\/2022\\\/wp-content\\\/uploads\\\/2026\\\/03\\\/regiao-13-anos-scaled.jpg\",\"width\":2560,\"height\":635,\"caption\":\"Regi\u00e3o News\"},\"image\":{\"@id\":\"https:\\\/\\\/regiaonews.net.br\\\/2022\\\/#\\\/schema\\\/logo\\\/image\\\/\"}},{\"@type\":\"Person\",\"@id\":\"https:\\\/\\\/regiaonews.net.br\\\/2022\\\/#\\\/schema\\\/person\\\/2d205a608a5aa97ac279d7a5e6d89ad8\",\"name\":\"Roberto\",\"image\":{\"@type\":\"ImageObject\",\"inLanguage\":\"pt-BR\",\"@id\":\"https:\\\/\\\/secure.gravatar.com\\\/avatar\\\/42749d8b712ff9d59ca93dc150494e5b55a44134482993f5baeb97e61b7ecc89?s=96&d=mm&r=g\",\"url\":\"https:\\\/\\\/secure.gravatar.com\\\/avatar\\\/42749d8b712ff9d59ca93dc150494e5b55a44134482993f5baeb97e61b7ecc89?s=96&d=mm&r=g\",\"contentUrl\":\"https:\\\/\\\/secure.gravatar.com\\\/avatar\\\/42749d8b712ff9d59ca93dc150494e5b55a44134482993f5baeb97e61b7ecc89?s=96&d=mm&r=g\",\"caption\":\"Roberto\"},\"url\":\"https:\\\/\\\/regiaonews.net.br\\\/2022\\\/author\\\/roberto\\\/\"}]}<\/script>\n<!-- \/ Yoast SEO plugin. -->","yoast_head_json":{"title":"SAMU Barretos abre, no pr\u00f3ximo dia 3 de julho, inscri\u00e7\u00f5es para 2\u00aa edi\u00e7\u00e3o de treinamento \u00e0 popula\u00e7\u00e3o - Regi\u00e3o News","description":"SAMU Barretos abre, no pr\u00f3ximo dia 3 de julho, inscri\u00e7\u00f5es para 2\u00aa edi\u00e7\u00e3o de treinamento \u00e0 popula\u00e7\u00e3o","robots":{"index":"index","follow":"follow","max-snippet":"max-snippet:-1","max-image-preview":"max-image-preview:large","max-video-preview":"max-video-preview:-1"},"canonical":"https:\/\/regiaonews.net.br\/2022\/2023\/06\/28\/samu-barretos-abre-no-proximo-dia-3-de-julho-inscricoes-para-2a-edicao-de-treinamento-a-populacao\/","og_locale":"pt_BR","og_type":"article","og_title":"SAMU Barretos abre, no pr\u00f3ximo dia 3 de julho, inscri\u00e7\u00f5es para 2\u00aa edi\u00e7\u00e3o de treinamento \u00e0 popula\u00e7\u00e3o - Regi\u00e3o News","og_description":"SAMU Barretos abre, no pr\u00f3ximo dia 3 de julho, inscri\u00e7\u00f5es para 2\u00aa edi\u00e7\u00e3o de treinamento \u00e0 popula\u00e7\u00e3o","og_url":"https:\/\/regiaonews.net.br\/2022\/2023\/06\/28\/samu-barretos-abre-no-proximo-dia-3-de-julho-inscricoes-para-2a-edicao-de-treinamento-a-populacao\/","og_site_name":"Regi\u00e3o News","article_published_time":"2023-06-28T23:31:31+00:00","article_modified_time":"2023-06-28T23:32:45+00:00","og_image":[{"width":1274,"height":848,"url":"https:\/\/regiaonews.net.br\/2022\/wp-content\/uploads\/2023\/06\/WhatsApp-Image-2023-06-28-at-17.13.49.jpeg","type":"image\/jpeg"}],"author":"Roberto","twitter_card":"summary_large_image","twitter_misc":{"Escrito por":"Roberto","Est. tempo de leitura":"4 minutos"},"schema":{"@context":"https:\/\/schema.org","@graph":[{"@type":"Article","@id":"https:\/\/regiaonews.net.br\/2022\/2023\/06\/28\/samu-barretos-abre-no-proximo-dia-3-de-julho-inscricoes-para-2a-edicao-de-treinamento-a-populacao\/#article","isPartOf":{"@id":"https:\/\/regiaonews.net.br\/2022\/2023\/06\/28\/samu-barretos-abre-no-proximo-dia-3-de-julho-inscricoes-para-2a-edicao-de-treinamento-a-populacao\/"},"author":{"name":"Roberto","@id":"https:\/\/regiaonews.net.br\/2022\/#\/schema\/person\/2d205a608a5aa97ac279d7a5e6d89ad8"},"headline":"SAMU Barretos abre, no pr\u00f3ximo dia 3 de julho, inscri\u00e7\u00f5es para 2\u00aa edi\u00e7\u00e3o de treinamento \u00e0 popula\u00e7\u00e3o","datePublished":"2023-06-28T23:31:31+00:00","dateModified":"2023-06-28T23:32:45+00:00","mainEntityOfPage":{"@id":"https:\/\/regiaonews.net.br\/2022\/2023\/06\/28\/samu-barretos-abre-no-proximo-dia-3-de-julho-inscricoes-para-2a-edicao-de-treinamento-a-populacao\/"},"wordCount":768,"commentCount":0,"publisher":{"@id":"https:\/\/regiaonews.net.br\/2022\/#organization"},"image":{"@id":"https:\/\/regiaonews.net.br\/2022\/2023\/06\/28\/samu-barretos-abre-no-proximo-dia-3-de-julho-inscricoes-para-2a-edicao-de-treinamento-a-populacao\/#primaryimage"},"thumbnailUrl":"https:\/\/regiaonews.net.br\/2022\/wp-content\/uploads\/2023\/06\/WhatsApp-Image-2023-06-28-at-17.13.49.jpeg","articleSection":["Barretos","Cidades"],"inLanguage":"pt-BR","potentialAction":[{"@type":"CommentAction","name":"Comment","target":["https:\/\/regiaonews.net.br\/2022\/2023\/06\/28\/samu-barretos-abre-no-proximo-dia-3-de-julho-inscricoes-para-2a-edicao-de-treinamento-a-populacao\/#respond"]}]},{"@type":"WebPage","@id":"https:\/\/regiaonews.net.br\/2022\/2023\/06\/28\/samu-barretos-abre-no-proximo-dia-3-de-julho-inscricoes-para-2a-edicao-de-treinamento-a-populacao\/","url":"https:\/\/regiaonews.net.br\/2022\/2023\/06\/28\/samu-barretos-abre-no-proximo-dia-3-de-julho-inscricoes-para-2a-edicao-de-treinamento-a-populacao\/","name":"SAMU Barretos abre, no pr\u00f3ximo dia 3 de julho, inscri\u00e7\u00f5es para 2\u00aa edi\u00e7\u00e3o de treinamento \u00e0 popula\u00e7\u00e3o - Regi\u00e3o News","isPartOf":{"@id":"https:\/\/regiaonews.net.br\/2022\/#website"},"primaryImageOfPage":{"@id":"https:\/\/regiaonews.net.br\/2022\/2023\/06\/28\/samu-barretos-abre-no-proximo-dia-3-de-julho-inscricoes-para-2a-edicao-de-treinamento-a-populacao\/#primaryimage"},"image":{"@id":"https:\/\/regiaonews.net.br\/2022\/2023\/06\/28\/samu-barretos-abre-no-proximo-dia-3-de-julho-inscricoes-para-2a-edicao-de-treinamento-a-populacao\/#primaryimage"},"thumbnailUrl":"https:\/\/regiaonews.net.br\/2022\/wp-content\/uploads\/2023\/06\/WhatsApp-Image-2023-06-28-at-17.13.49.jpeg","datePublished":"2023-06-28T23:31:31+00:00","dateModified":"2023-06-28T23:32:45+00:00","description":"SAMU Barretos abre, no pr\u00f3ximo dia 3 de julho, inscri\u00e7\u00f5es para 2\u00aa edi\u00e7\u00e3o de treinamento \u00e0 popula\u00e7\u00e3o","breadcrumb":{"@id":"https:\/\/regiaonews.net.br\/2022\/2023\/06\/28\/samu-barretos-abre-no-proximo-dia-3-de-julho-inscricoes-para-2a-edicao-de-treinamento-a-populacao\/#breadcrumb"},"inLanguage":"pt-BR","potentialAction":[{"@type":"ReadAction","target":["https:\/\/regiaonews.net.br\/2022\/2023\/06\/28\/samu-barretos-abre-no-proximo-dia-3-de-julho-inscricoes-para-2a-edicao-de-treinamento-a-populacao\/"]}]},{"@type":"ImageObject","inLanguage":"pt-BR","@id":"https:\/\/regiaonews.net.br\/2022\/2023\/06\/28\/samu-barretos-abre-no-proximo-dia-3-de-julho-inscricoes-para-2a-edicao-de-treinamento-a-populacao\/#primaryimage","url":"https:\/\/regiaonews.net.br\/2022\/wp-content\/uploads\/2023\/06\/WhatsApp-Image-2023-06-28-at-17.13.49.jpeg","contentUrl":"https:\/\/regiaonews.net.br\/2022\/wp-content\/uploads\/2023\/06\/WhatsApp-Image-2023-06-28-at-17.13.49.jpeg","width":1274,"height":848},{"@type":"BreadcrumbList","@id":"https:\/\/regiaonews.net.br\/2022\/2023\/06\/28\/samu-barretos-abre-no-proximo-dia-3-de-julho-inscricoes-para-2a-edicao-de-treinamento-a-populacao\/#breadcrumb","itemListElement":[{"@type":"ListItem","position":1,"name":"In\u00edcio","item":"https:\/\/regiaonews.net.br\/2022\/"},{"@type":"ListItem","position":2,"name":"SAMU Barretos abre, no pr\u00f3ximo dia 3 de julho, inscri\u00e7\u00f5es para 2\u00aa edi\u00e7\u00e3o de treinamento \u00e0 popula\u00e7\u00e3o"}]},{"@type":"WebSite","@id":"https:\/\/regiaonews.net.br\/2022\/#website","url":"https:\/\/regiaonews.net.br\/2022\/","name":"Regi\u00e3o News","description":"Site de Not\u00edcias de Barretos e regi\u00e3o","publisher":{"@id":"https:\/\/regiaonews.net.br\/2022\/#organization"},"potentialAction":[{"@type":"SearchAction","target":{"@type":"EntryPoint","urlTemplate":"https:\/\/regiaonews.net.br\/2022\/?s={search_term_string}"},"query-input":{"@type":"PropertyValueSpecification","valueRequired":true,"valueName":"search_term_string"}}],"inLanguage":"pt-BR"},{"@type":"Organization","@id":"https:\/\/regiaonews.net.br\/2022\/#organization","name":"Regi\u00e3o News","url":"https:\/\/regiaonews.net.br\/2022\/","logo":{"@type":"ImageObject","inLanguage":"pt-BR","@id":"https:\/\/regiaonews.net.br\/2022\/#\/schema\/logo\/image\/","url":"https:\/\/regiaonews.net.br\/2022\/wp-content\/uploads\/2026\/03\/regiao-13-anos-scaled.jpg","contentUrl":"https:\/\/regiaonews.net.br\/2022\/wp-content\/uploads\/2026\/03\/regiao-13-anos-scaled.jpg","width":2560,"height":635,"caption":"Regi\u00e3o News"},"image":{"@id":"https:\/\/regiaonews.net.br\/2022\/#\/schema\/logo\/image\/"}},{"@type":"Person","@id":"https:\/\/regiaonews.net.br\/2022\/#\/schema\/person\/2d205a608a5aa97ac279d7a5e6d89ad8","name":"Roberto","image":{"@type":"ImageObject","inLanguage":"pt-BR","@id":"https:\/\/secure.gravatar.com\/avatar\/42749d8b712ff9d59ca93dc150494e5b55a44134482993f5baeb97e61b7ecc89?s=96&d=mm&r=g","url":"https:\/\/secure.gravatar.com\/avatar\/42749d8b712ff9d59ca93dc150494e5b55a44134482993f5baeb97e61b7ecc89?s=96&d=mm&r=g","contentUrl":"https:\/\/secure.gravatar.com\/avatar\/42749d8b712ff9d59ca93dc150494e5b55a44134482993f5baeb97e61b7ecc89?s=96&d=mm&r=g","caption":"Roberto"},"url":"https:\/\/regiaonews.net.br\/2022\/author\/roberto\/"}]}},"publishpress_future_action":{"enabled":false,"date":"2026-05-10 07:06:52","action":"change-status","newStatus":"draft","terms":[],"taxonomy":"category","extraData":[]},"publishpress_future_workflow_manual_trigger":{"enabledWorkflows":[]},"_links":{"self":[{"href":"https:\/\/regiaonews.net.br\/2022\/wp-json\/wp\/v2\/posts\/90744","targetHints":{"allow":["GET"]}}],"collection":[{"href":"https:\/\/regiaonews.net.br\/2022\/wp-json\/wp\/v2\/posts"}],"about":[{"href":"https:\/\/regiaonews.net.br\/2022\/wp-json\/wp\/v2\/types\/post"}],"author":[{"embeddable":true,"href":"https:\/\/regiaonews.net.br\/2022\/wp-json\/wp\/v2\/users\/2"}],"replies":[{"embeddable":true,"href":"https:\/\/regiaonews.net.br\/2022\/wp-json\/wp\/v2\/comments?post=90744"}],"version-history":[{"count":1,"href":"https:\/\/regiaonews.net.br\/2022\/wp-json\/wp\/v2\/posts\/90744\/revisions"}],"predecessor-version":[{"id":90746,"href":"https:\/\/regiaonews.net.br\/2022\/wp-json\/wp\/v2\/posts\/90744\/revisions\/90746"}],"wp:featuredmedia":[{"embeddable":true,"href":"https:\/\/regiaonews.net.br\/2022\/wp-json\/wp\/v2\/media\/90745"}],"wp:attachment":[{"href":"https:\/\/regiaonews.net.br\/2022\/wp-json\/wp\/v2\/media?parent=90744"}],"wp:term":[{"taxonomy":"category","embeddable":true,"href":"https:\/\/regiaonews.net.br\/2022\/wp-json\/wp\/v2\/categories?post=90744"},{"taxonomy":"post_tag","embeddable":true,"href":"https:\/\/regiaonews.net.br\/2022\/wp-json\/wp\/v2\/tags?post=90744"}],"curies":[{"name":"wp","href":"https:\/\/api.w.org\/{rel}","templated":true}]}}