{"id":90608,"date":"2023-06-26T22:17:51","date_gmt":"2023-06-27T01:17:51","guid":{"rendered":"https:\/\/regiaonews.net.br\/2022\/?p=90608"},"modified":"2023-06-26T22:18:33","modified_gmt":"2023-06-27T01:18:33","slug":"ibge-divulga-barretos-com-121-688-moradores","status":"publish","type":"post","link":"https:\/\/regiaonews.net.br\/2022\/2023\/06\/26\/ibge-divulga-barretos-com-121-688-moradores\/","title":{"rendered":"IBGE divulga Barretos com 121.688 moradores"},"content":{"rendered":"<p>&nbsp;<\/p>\n<p>&nbsp;<\/p>\n<p>O IBGE (Instituto Brasileiro de Geografia e Estat\u00edstica) de Barretos divulgou em reuni\u00e3o realizada no audit\u00f3rio do Sindicato Rural do Vale do Rio Grande, dados preliminares do Censo Demogr\u00e1fico de 2022 para autoridades, representantes de sindicatos, \u00f3rg\u00e3os p\u00fablicos e a imprensa. Durante a reuni\u00e3o, foi apresentado pelos t\u00e9cnicos do IBGE que a popula\u00e7\u00e3o de Barretos \u00e9 de 121.688 moradores conforme dados apurados pelos recenseadores em 211 setores incluindo o per\u00edmetro urbano e zona rural, com o uso de georrefenciamento. No comparativo, com os dados de 2012, a cidade ganhou 9.587 habitantes, representando um crescimento m\u00e9dio de 10%.<br \/>\nDe acordo com o coordenador de \u00e1rea do IBGE, J\u00falio C\u00e9sar Mora, no Censo Demogr\u00e1fico que teve in\u00edcio em agosto de 2022, foi constatado um aumento no n\u00famero de domic\u00edlios, passando de 40.732 em 2010 para 55.701 em 2022. Deste total, em 275 resid\u00eancias, n\u00e3o foi poss\u00edvel realizar a entrevista, por recusa ou n\u00e3o localiza\u00e7\u00e3o dos moradores. \u201cAtingimos uma m\u00e9dia de 99,4% de domic\u00edlios ocupados que foram coletados os dados. Com os dados estat\u00edsticos que ser\u00e3o divulgados no dia 28, a popula\u00e7\u00e3o de Barretos poder\u00e1 variar ainda entre 122 mil e 123 mil habitantes\u201d, explicou Mora.<br \/>\nOs dados mostraram ainda que a cidade tem 6.221 domic\u00edlios vagos e outros 2.974 im\u00f3veis que s\u00e3o de uso ocasional no per\u00edmetro urbano e zona rural. \u201cA m\u00e9dia de morador por resid\u00eancia passou de 3,09 em 2010 para 2,63 em 2022 no per\u00edmetro urbano e de 2,95 para 2,72 na zona rural. O que percebemos \u00e9 que vem ocorrendo uma movimenta\u00e7\u00e3o de pessoas no pr\u00f3prio munic\u00edpio, ou seja, quem morava com os pais ou pagava aluguel, comprando os seus im\u00f3veis\u201d, avaliou o coordenador.<br \/>\nO secret\u00e1rio de Desenvolvimento Econ\u00f4mico, Thyago Abra\u00e3o, representou a prefeita Paula Lemos na reuni\u00e3o de apresenta\u00e7\u00e3o preliminar do censo, avaliou que o trabalho desenvolvido foi muito criterioso. \u201c\u00c9 importante acompanhar essas dados estat\u00edsticos que aponta o crescimento estat\u00edstico da cidade. Barretos teve um crescimento de 10 mil pessoas e mostra tamb\u00e9m o crescimento f\u00edsico da cidade, com patr\u00f5es elevados e populares, mostra que a cidade est\u00e1 no caminho certo\u201d, afirmou.<\/p>\n","protected":false},"excerpt":{"rendered":"<p>&nbsp; &nbsp; O IBGE (Instituto Brasileiro de Geografia e Estat\u00edstica)<\/p>\n","protected":false},"author":2,"featured_media":90609,"comment_status":"open","ping_status":"open","sticky":false,"template":"","format":"standard","meta":{"footnotes":""},"categories":[14,111],"tags":[],"class_list":["post-90608","post","type-post","status-publish","format-standard","has-post-thumbnail","hentry","category-barretos","category-cotidiano"],"yoast_head":"<!-- This site is optimized with the Yoast SEO plugin v27.4 - https:\/\/yoast.com\/product\/yoast-seo-wordpress\/ -->\n<title>IBGE divulga Barretos com 121.688 moradores - Regi\u00e3o News<\/title>\n<meta name=\"robots\" content=\"index, follow, max-snippet:-1, max-image-preview:large, max-video-preview:-1\" \/>\n<link rel=\"canonical\" href=\"https:\/\/regiaonews.net.br\/2022\/2023\/06\/26\/ibge-divulga-barretos-com-121-688-moradores\/\" \/>\n<meta property=\"og:locale\" content=\"pt_BR\" \/>\n<meta property=\"og:type\" content=\"article\" \/>\n<meta property=\"og:title\" content=\"IBGE divulga Barretos com 121.688 moradores - Regi\u00e3o News\" \/>\n<meta property=\"og:description\" content=\"&nbsp; &nbsp; O IBGE (Instituto Brasileiro de Geografia e Estat\u00edstica)\" \/>\n<meta property=\"og:url\" content=\"https:\/\/regiaonews.net.br\/2022\/2023\/06\/26\/ibge-divulga-barretos-com-121-688-moradores\/\" \/>\n<meta property=\"og:site_name\" content=\"Regi\u00e3o News\" \/>\n<meta property=\"article:published_time\" content=\"2023-06-27T01:17:51+00:00\" \/>\n<meta property=\"article:modified_time\" content=\"2023-06-27T01:18:33+00:00\" \/>\n<meta property=\"og:image\" content=\"https:\/\/regiaonews.net.br\/2022\/wp-content\/uploads\/2023\/06\/20230626_101309-scaled.jpg\" \/>\n\t<meta property=\"og:image:width\" content=\"2560\" \/>\n\t<meta property=\"og:image:height\" content=\"1920\" \/>\n\t<meta property=\"og:image:type\" content=\"image\/jpeg\" \/>\n<meta name=\"author\" content=\"Roberto\" \/>\n<meta name=\"twitter:card\" content=\"summary_large_image\" \/>\n<meta name=\"twitter:label1\" content=\"Escrito por\" \/>\n\t<meta name=\"twitter:data1\" content=\"Roberto\" \/>\n\t<meta name=\"twitter:label2\" content=\"Est. tempo de leitura\" \/>\n\t<meta name=\"twitter:data2\" content=\"2 minutos\" \/>\n<script type=\"application\/ld+json\" class=\"yoast-schema-graph\">{\"@context\":\"https:\\\/\\\/schema.org\",\"@graph\":[{\"@type\":\"Article\",\"@id\":\"https:\\\/\\\/regiaonews.net.br\\\/2022\\\/2023\\\/06\\\/26\\\/ibge-divulga-barretos-com-121-688-moradores\\\/#article\",\"isPartOf\":{\"@id\":\"https:\\\/\\\/regiaonews.net.br\\\/2022\\\/2023\\\/06\\\/26\\\/ibge-divulga-barretos-com-121-688-moradores\\\/\"},\"author\":{\"name\":\"Roberto\",\"@id\":\"https:\\\/\\\/regiaonews.net.br\\\/2022\\\/#\\\/schema\\\/person\\\/2d205a608a5aa97ac279d7a5e6d89ad8\"},\"headline\":\"IBGE divulga Barretos com 121.688 moradores\",\"datePublished\":\"2023-06-27T01:17:51+00:00\",\"dateModified\":\"2023-06-27T01:18:33+00:00\",\"mainEntityOfPage\":{\"@id\":\"https:\\\/\\\/regiaonews.net.br\\\/2022\\\/2023\\\/06\\\/26\\\/ibge-divulga-barretos-com-121-688-moradores\\\/\"},\"wordCount\":373,\"commentCount\":0,\"publisher\":{\"@id\":\"https:\\\/\\\/regiaonews.net.br\\\/2022\\\/#organization\"},\"image\":{\"@id\":\"https:\\\/\\\/regiaonews.net.br\\\/2022\\\/2023\\\/06\\\/26\\\/ibge-divulga-barretos-com-121-688-moradores\\\/#primaryimage\"},\"thumbnailUrl\":\"https:\\\/\\\/regiaonews.net.br\\\/2022\\\/wp-content\\\/uploads\\\/2023\\\/06\\\/20230626_101309-scaled.jpg\",\"articleSection\":[\"Barretos\",\"Cotidiano\"],\"inLanguage\":\"pt-BR\",\"potentialAction\":[{\"@type\":\"CommentAction\",\"name\":\"Comment\",\"target\":[\"https:\\\/\\\/regiaonews.net.br\\\/2022\\\/2023\\\/06\\\/26\\\/ibge-divulga-barretos-com-121-688-moradores\\\/#respond\"]}]},{\"@type\":\"WebPage\",\"@id\":\"https:\\\/\\\/regiaonews.net.br\\\/2022\\\/2023\\\/06\\\/26\\\/ibge-divulga-barretos-com-121-688-moradores\\\/\",\"url\":\"https:\\\/\\\/regiaonews.net.br\\\/2022\\\/2023\\\/06\\\/26\\\/ibge-divulga-barretos-com-121-688-moradores\\\/\",\"name\":\"IBGE divulga Barretos com 121.688 moradores - Regi\u00e3o News\",\"isPartOf\":{\"@id\":\"https:\\\/\\\/regiaonews.net.br\\\/2022\\\/#website\"},\"primaryImageOfPage\":{\"@id\":\"https:\\\/\\\/regiaonews.net.br\\\/2022\\\/2023\\\/06\\\/26\\\/ibge-divulga-barretos-com-121-688-moradores\\\/#primaryimage\"},\"image\":{\"@id\":\"https:\\\/\\\/regiaonews.net.br\\\/2022\\\/2023\\\/06\\\/26\\\/ibge-divulga-barretos-com-121-688-moradores\\\/#primaryimage\"},\"thumbnailUrl\":\"https:\\\/\\\/regiaonews.net.br\\\/2022\\\/wp-content\\\/uploads\\\/2023\\\/06\\\/20230626_101309-scaled.jpg\",\"datePublished\":\"2023-06-27T01:17:51+00:00\",\"dateModified\":\"2023-06-27T01:18:33+00:00\",\"breadcrumb\":{\"@id\":\"https:\\\/\\\/regiaonews.net.br\\\/2022\\\/2023\\\/06\\\/26\\\/ibge-divulga-barretos-com-121-688-moradores\\\/#breadcrumb\"},\"inLanguage\":\"pt-BR\",\"potentialAction\":[{\"@type\":\"ReadAction\",\"target\":[\"https:\\\/\\\/regiaonews.net.br\\\/2022\\\/2023\\\/06\\\/26\\\/ibge-divulga-barretos-com-121-688-moradores\\\/\"]}]},{\"@type\":\"ImageObject\",\"inLanguage\":\"pt-BR\",\"@id\":\"https:\\\/\\\/regiaonews.net.br\\\/2022\\\/2023\\\/06\\\/26\\\/ibge-divulga-barretos-com-121-688-moradores\\\/#primaryimage\",\"url\":\"https:\\\/\\\/regiaonews.net.br\\\/2022\\\/wp-content\\\/uploads\\\/2023\\\/06\\\/20230626_101309-scaled.jpg\",\"contentUrl\":\"https:\\\/\\\/regiaonews.net.br\\\/2022\\\/wp-content\\\/uploads\\\/2023\\\/06\\\/20230626_101309-scaled.jpg\",\"width\":2560,\"height\":1920},{\"@type\":\"BreadcrumbList\",\"@id\":\"https:\\\/\\\/regiaonews.net.br\\\/2022\\\/2023\\\/06\\\/26\\\/ibge-divulga-barretos-com-121-688-moradores\\\/#breadcrumb\",\"itemListElement\":[{\"@type\":\"ListItem\",\"position\":1,\"name\":\"In\u00edcio\",\"item\":\"https:\\\/\\\/regiaonews.net.br\\\/2022\\\/\"},{\"@type\":\"ListItem\",\"position\":2,\"name\":\"IBGE divulga Barretos com 121.688 moradores\"}]},{\"@type\":\"WebSite\",\"@id\":\"https:\\\/\\\/regiaonews.net.br\\\/2022\\\/#website\",\"url\":\"https:\\\/\\\/regiaonews.net.br\\\/2022\\\/\",\"name\":\"Regi\u00e3o News\",\"description\":\"Site de Not\u00edcias de Barretos e regi\u00e3o\",\"publisher\":{\"@id\":\"https:\\\/\\\/regiaonews.net.br\\\/2022\\\/#organization\"},\"potentialAction\":[{\"@type\":\"SearchAction\",\"target\":{\"@type\":\"EntryPoint\",\"urlTemplate\":\"https:\\\/\\\/regiaonews.net.br\\\/2022\\\/?s={search_term_string}\"},\"query-input\":{\"@type\":\"PropertyValueSpecification\",\"valueRequired\":true,\"valueName\":\"search_term_string\"}}],\"inLanguage\":\"pt-BR\"},{\"@type\":\"Organization\",\"@id\":\"https:\\\/\\\/regiaonews.net.br\\\/2022\\\/#organization\",\"name\":\"Regi\u00e3o News\",\"url\":\"https:\\\/\\\/regiaonews.net.br\\\/2022\\\/\",\"logo\":{\"@type\":\"ImageObject\",\"inLanguage\":\"pt-BR\",\"@id\":\"https:\\\/\\\/regiaonews.net.br\\\/2022\\\/#\\\/schema\\\/logo\\\/image\\\/\",\"url\":\"https:\\\/\\\/regiaonews.net.br\\\/2022\\\/wp-content\\\/uploads\\\/2026\\\/03\\\/regiao-13-anos-scaled.jpg\",\"contentUrl\":\"https:\\\/\\\/regiaonews.net.br\\\/2022\\\/wp-content\\\/uploads\\\/2026\\\/03\\\/regiao-13-anos-scaled.jpg\",\"width\":2560,\"height\":635,\"caption\":\"Regi\u00e3o News\"},\"image\":{\"@id\":\"https:\\\/\\\/regiaonews.net.br\\\/2022\\\/#\\\/schema\\\/logo\\\/image\\\/\"}},{\"@type\":\"Person\",\"@id\":\"https:\\\/\\\/regiaonews.net.br\\\/2022\\\/#\\\/schema\\\/person\\\/2d205a608a5aa97ac279d7a5e6d89ad8\",\"name\":\"Roberto\",\"image\":{\"@type\":\"ImageObject\",\"inLanguage\":\"pt-BR\",\"@id\":\"https:\\\/\\\/secure.gravatar.com\\\/avatar\\\/42749d8b712ff9d59ca93dc150494e5b55a44134482993f5baeb97e61b7ecc89?s=96&d=mm&r=g\",\"url\":\"https:\\\/\\\/secure.gravatar.com\\\/avatar\\\/42749d8b712ff9d59ca93dc150494e5b55a44134482993f5baeb97e61b7ecc89?s=96&d=mm&r=g\",\"contentUrl\":\"https:\\\/\\\/secure.gravatar.com\\\/avatar\\\/42749d8b712ff9d59ca93dc150494e5b55a44134482993f5baeb97e61b7ecc89?s=96&d=mm&r=g\",\"caption\":\"Roberto\"},\"url\":\"https:\\\/\\\/regiaonews.net.br\\\/2022\\\/author\\\/roberto\\\/\"}]}<\/script>\n<!-- \/ Yoast SEO plugin. -->","yoast_head_json":{"title":"IBGE divulga Barretos com 121.688 moradores - Regi\u00e3o News","robots":{"index":"index","follow":"follow","max-snippet":"max-snippet:-1","max-image-preview":"max-image-preview:large","max-video-preview":"max-video-preview:-1"},"canonical":"https:\/\/regiaonews.net.br\/2022\/2023\/06\/26\/ibge-divulga-barretos-com-121-688-moradores\/","og_locale":"pt_BR","og_type":"article","og_title":"IBGE divulga Barretos com 121.688 moradores - Regi\u00e3o News","og_description":"&nbsp; &nbsp; O IBGE (Instituto Brasileiro de Geografia e Estat\u00edstica)","og_url":"https:\/\/regiaonews.net.br\/2022\/2023\/06\/26\/ibge-divulga-barretos-com-121-688-moradores\/","og_site_name":"Regi\u00e3o News","article_published_time":"2023-06-27T01:17:51+00:00","article_modified_time":"2023-06-27T01:18:33+00:00","og_image":[{"width":2560,"height":1920,"url":"https:\/\/regiaonews.net.br\/2022\/wp-content\/uploads\/2023\/06\/20230626_101309-scaled.jpg","type":"image\/jpeg"}],"author":"Roberto","twitter_card":"summary_large_image","twitter_misc":{"Escrito por":"Roberto","Est. tempo de leitura":"2 minutos"},"schema":{"@context":"https:\/\/schema.org","@graph":[{"@type":"Article","@id":"https:\/\/regiaonews.net.br\/2022\/2023\/06\/26\/ibge-divulga-barretos-com-121-688-moradores\/#article","isPartOf":{"@id":"https:\/\/regiaonews.net.br\/2022\/2023\/06\/26\/ibge-divulga-barretos-com-121-688-moradores\/"},"author":{"name":"Roberto","@id":"https:\/\/regiaonews.net.br\/2022\/#\/schema\/person\/2d205a608a5aa97ac279d7a5e6d89ad8"},"headline":"IBGE divulga Barretos com 121.688 moradores","datePublished":"2023-06-27T01:17:51+00:00","dateModified":"2023-06-27T01:18:33+00:00","mainEntityOfPage":{"@id":"https:\/\/regiaonews.net.br\/2022\/2023\/06\/26\/ibge-divulga-barretos-com-121-688-moradores\/"},"wordCount":373,"commentCount":0,"publisher":{"@id":"https:\/\/regiaonews.net.br\/2022\/#organization"},"image":{"@id":"https:\/\/regiaonews.net.br\/2022\/2023\/06\/26\/ibge-divulga-barretos-com-121-688-moradores\/#primaryimage"},"thumbnailUrl":"https:\/\/regiaonews.net.br\/2022\/wp-content\/uploads\/2023\/06\/20230626_101309-scaled.jpg","articleSection":["Barretos","Cotidiano"],"inLanguage":"pt-BR","potentialAction":[{"@type":"CommentAction","name":"Comment","target":["https:\/\/regiaonews.net.br\/2022\/2023\/06\/26\/ibge-divulga-barretos-com-121-688-moradores\/#respond"]}]},{"@type":"WebPage","@id":"https:\/\/regiaonews.net.br\/2022\/2023\/06\/26\/ibge-divulga-barretos-com-121-688-moradores\/","url":"https:\/\/regiaonews.net.br\/2022\/2023\/06\/26\/ibge-divulga-barretos-com-121-688-moradores\/","name":"IBGE divulga Barretos com 121.688 moradores - Regi\u00e3o News","isPartOf":{"@id":"https:\/\/regiaonews.net.br\/2022\/#website"},"primaryImageOfPage":{"@id":"https:\/\/regiaonews.net.br\/2022\/2023\/06\/26\/ibge-divulga-barretos-com-121-688-moradores\/#primaryimage"},"image":{"@id":"https:\/\/regiaonews.net.br\/2022\/2023\/06\/26\/ibge-divulga-barretos-com-121-688-moradores\/#primaryimage"},"thumbnailUrl":"https:\/\/regiaonews.net.br\/2022\/wp-content\/uploads\/2023\/06\/20230626_101309-scaled.jpg","datePublished":"2023-06-27T01:17:51+00:00","dateModified":"2023-06-27T01:18:33+00:00","breadcrumb":{"@id":"https:\/\/regiaonews.net.br\/2022\/2023\/06\/26\/ibge-divulga-barretos-com-121-688-moradores\/#breadcrumb"},"inLanguage":"pt-BR","potentialAction":[{"@type":"ReadAction","target":["https:\/\/regiaonews.net.br\/2022\/2023\/06\/26\/ibge-divulga-barretos-com-121-688-moradores\/"]}]},{"@type":"ImageObject","inLanguage":"pt-BR","@id":"https:\/\/regiaonews.net.br\/2022\/2023\/06\/26\/ibge-divulga-barretos-com-121-688-moradores\/#primaryimage","url":"https:\/\/regiaonews.net.br\/2022\/wp-content\/uploads\/2023\/06\/20230626_101309-scaled.jpg","contentUrl":"https:\/\/regiaonews.net.br\/2022\/wp-content\/uploads\/2023\/06\/20230626_101309-scaled.jpg","width":2560,"height":1920},{"@type":"BreadcrumbList","@id":"https:\/\/regiaonews.net.br\/2022\/2023\/06\/26\/ibge-divulga-barretos-com-121-688-moradores\/#breadcrumb","itemListElement":[{"@type":"ListItem","position":1,"name":"In\u00edcio","item":"https:\/\/regiaonews.net.br\/2022\/"},{"@type":"ListItem","position":2,"name":"IBGE divulga Barretos com 121.688 moradores"}]},{"@type":"WebSite","@id":"https:\/\/regiaonews.net.br\/2022\/#website","url":"https:\/\/regiaonews.net.br\/2022\/","name":"Regi\u00e3o News","description":"Site de Not\u00edcias de Barretos e regi\u00e3o","publisher":{"@id":"https:\/\/regiaonews.net.br\/2022\/#organization"},"potentialAction":[{"@type":"SearchAction","target":{"@type":"EntryPoint","urlTemplate":"https:\/\/regiaonews.net.br\/2022\/?s={search_term_string}"},"query-input":{"@type":"PropertyValueSpecification","valueRequired":true,"valueName":"search_term_string"}}],"inLanguage":"pt-BR"},{"@type":"Organization","@id":"https:\/\/regiaonews.net.br\/2022\/#organization","name":"Regi\u00e3o News","url":"https:\/\/regiaonews.net.br\/2022\/","logo":{"@type":"ImageObject","inLanguage":"pt-BR","@id":"https:\/\/regiaonews.net.br\/2022\/#\/schema\/logo\/image\/","url":"https:\/\/regiaonews.net.br\/2022\/wp-content\/uploads\/2026\/03\/regiao-13-anos-scaled.jpg","contentUrl":"https:\/\/regiaonews.net.br\/2022\/wp-content\/uploads\/2026\/03\/regiao-13-anos-scaled.jpg","width":2560,"height":635,"caption":"Regi\u00e3o News"},"image":{"@id":"https:\/\/regiaonews.net.br\/2022\/#\/schema\/logo\/image\/"}},{"@type":"Person","@id":"https:\/\/regiaonews.net.br\/2022\/#\/schema\/person\/2d205a608a5aa97ac279d7a5e6d89ad8","name":"Roberto","image":{"@type":"ImageObject","inLanguage":"pt-BR","@id":"https:\/\/secure.gravatar.com\/avatar\/42749d8b712ff9d59ca93dc150494e5b55a44134482993f5baeb97e61b7ecc89?s=96&d=mm&r=g","url":"https:\/\/secure.gravatar.com\/avatar\/42749d8b712ff9d59ca93dc150494e5b55a44134482993f5baeb97e61b7ecc89?s=96&d=mm&r=g","contentUrl":"https:\/\/secure.gravatar.com\/avatar\/42749d8b712ff9d59ca93dc150494e5b55a44134482993f5baeb97e61b7ecc89?s=96&d=mm&r=g","caption":"Roberto"},"url":"https:\/\/regiaonews.net.br\/2022\/author\/roberto\/"}]}},"publishpress_future_action":{"enabled":false,"date":"2026-05-02 06:27:04","action":"change-status","newStatus":"draft","terms":[],"taxonomy":"category","extraData":[]},"publishpress_future_workflow_manual_trigger":{"enabledWorkflows":[]},"_links":{"self":[{"href":"https:\/\/regiaonews.net.br\/2022\/wp-json\/wp\/v2\/posts\/90608","targetHints":{"allow":["GET"]}}],"collection":[{"href":"https:\/\/regiaonews.net.br\/2022\/wp-json\/wp\/v2\/posts"}],"about":[{"href":"https:\/\/regiaonews.net.br\/2022\/wp-json\/wp\/v2\/types\/post"}],"author":[{"embeddable":true,"href":"https:\/\/regiaonews.net.br\/2022\/wp-json\/wp\/v2\/users\/2"}],"replies":[{"embeddable":true,"href":"https:\/\/regiaonews.net.br\/2022\/wp-json\/wp\/v2\/comments?post=90608"}],"version-history":[{"count":1,"href":"https:\/\/regiaonews.net.br\/2022\/wp-json\/wp\/v2\/posts\/90608\/revisions"}],"predecessor-version":[{"id":90610,"href":"https:\/\/regiaonews.net.br\/2022\/wp-json\/wp\/v2\/posts\/90608\/revisions\/90610"}],"wp:featuredmedia":[{"embeddable":true,"href":"https:\/\/regiaonews.net.br\/2022\/wp-json\/wp\/v2\/media\/90609"}],"wp:attachment":[{"href":"https:\/\/regiaonews.net.br\/2022\/wp-json\/wp\/v2\/media?parent=90608"}],"wp:term":[{"taxonomy":"category","embeddable":true,"href":"https:\/\/regiaonews.net.br\/2022\/wp-json\/wp\/v2\/categories?post=90608"},{"taxonomy":"post_tag","embeddable":true,"href":"https:\/\/regiaonews.net.br\/2022\/wp-json\/wp\/v2\/tags?post=90608"}],"curies":[{"name":"wp","href":"https:\/\/api.w.org\/{rel}","templated":true}]}}