{"id":90594,"date":"2023-06-26T20:54:18","date_gmt":"2023-06-26T23:54:18","guid":{"rendered":"https:\/\/regiaonews.net.br\/2022\/?p=90594"},"modified":"2023-06-26T20:57:21","modified_gmt":"2023-06-26T23:57:21","slug":"viradouro-e-campea-da-37a-taca-eptv-de-futsal","status":"publish","type":"post","link":"https:\/\/regiaonews.net.br\/2022\/2023\/06\/26\/viradouro-e-campea-da-37a-taca-eptv-de-futsal\/","title":{"rendered":"Viradouro \u00e9 campe\u00e3 da 37\u00aa Ta\u00e7a EPTV de Futsal"},"content":{"rendered":"<p>Com a vit\u00f3ria, a equipe conquista seu segundo t\u00edtulo na competi\u00e7\u00e3o ao vencer Luiz Antonio por 2 a 1<\/p>\n<p><a href=\"https:\/\/regiaonews.net.br\/2022\/wp-content\/uploads\/2023\/06\/WhatsApp-Image-2023-06-26-at-17.08.57.jpeg\"><img loading=\"lazy\" decoding=\"async\" class=\"alignnone size-medium wp-image-90599\" src=\"https:\/\/regiaonews.net.br\/2022\/wp-content\/uploads\/2023\/06\/WhatsApp-Image-2023-06-26-at-17.08.57-300x200.jpeg\" alt=\"\" width=\"300\" height=\"200\" srcset=\"https:\/\/regiaonews.net.br\/2022\/wp-content\/uploads\/2023\/06\/WhatsApp-Image-2023-06-26-at-17.08.57-300x200.jpeg 300w, https:\/\/regiaonews.net.br\/2022\/wp-content\/uploads\/2023\/06\/WhatsApp-Image-2023-06-26-at-17.08.57-1024x682.jpeg 1024w, https:\/\/regiaonews.net.br\/2022\/wp-content\/uploads\/2023\/06\/WhatsApp-Image-2023-06-26-at-17.08.57-768x511.jpeg 768w, https:\/\/regiaonews.net.br\/2022\/wp-content\/uploads\/2023\/06\/WhatsApp-Image-2023-06-26-at-17.08.57-1536x1023.jpeg 1536w, https:\/\/regiaonews.net.br\/2022\/wp-content\/uploads\/2023\/06\/WhatsApp-Image-2023-06-26-at-17.08.57-250x166.jpeg 250w, https:\/\/regiaonews.net.br\/2022\/wp-content\/uploads\/2023\/06\/WhatsApp-Image-2023-06-26-at-17.08.57-900x600.jpeg 900w, https:\/\/regiaonews.net.br\/2022\/wp-content\/uploads\/2023\/06\/WhatsApp-Image-2023-06-26-at-17.08.57.jpeg 1592w\" sizes=\"auto, (max-width: 300px) 100vw, 300px\" \/><\/a><a href=\"https:\/\/regiaonews.net.br\/2022\/wp-content\/uploads\/2023\/06\/WhatsApp-Image-2023-06-26-at-17.08.56-1.jpeg\"><img loading=\"lazy\" decoding=\"async\" class=\"alignnone size-medium wp-image-90595\" src=\"https:\/\/regiaonews.net.br\/2022\/wp-content\/uploads\/2023\/06\/WhatsApp-Image-2023-06-26-at-17.08.56-1-300x200.jpeg\" alt=\"\" width=\"300\" height=\"200\" srcset=\"https:\/\/regiaonews.net.br\/2022\/wp-content\/uploads\/2023\/06\/WhatsApp-Image-2023-06-26-at-17.08.56-1-300x200.jpeg 300w, https:\/\/regiaonews.net.br\/2022\/wp-content\/uploads\/2023\/06\/WhatsApp-Image-2023-06-26-at-17.08.56-1-1024x682.jpeg 1024w, https:\/\/regiaonews.net.br\/2022\/wp-content\/uploads\/2023\/06\/WhatsApp-Image-2023-06-26-at-17.08.56-1-768x511.jpeg 768w, https:\/\/regiaonews.net.br\/2022\/wp-content\/uploads\/2023\/06\/WhatsApp-Image-2023-06-26-at-17.08.56-1-1536x1023.jpeg 1536w, https:\/\/regiaonews.net.br\/2022\/wp-content\/uploads\/2023\/06\/WhatsApp-Image-2023-06-26-at-17.08.56-1-250x166.jpeg 250w, https:\/\/regiaonews.net.br\/2022\/wp-content\/uploads\/2023\/06\/WhatsApp-Image-2023-06-26-at-17.08.56-1-900x600.jpeg 900w, https:\/\/regiaonews.net.br\/2022\/wp-content\/uploads\/2023\/06\/WhatsApp-Image-2023-06-26-at-17.08.56-1.jpeg 1592w\" sizes=\"auto, (max-width: 300px) 100vw, 300px\" \/><\/a><\/p>\n<p>O Gin\u00e1sio do Complexo Poliesportivo Jo\u00e3o Batista da Rocha, o Roch\u00e3o, sediou no \u00faltimo s\u00e1bado, dia 24 de junho, o confronto final da 37\u00aa edi\u00e7\u00e3o da Ta\u00e7a EPTV de Futsal que sagrou campe\u00e3 a equipe de Viradouro.<br \/>\nO jogo contra o time de Luiz Antonio reuniu grande p\u00fablico e come\u00e7ou tenso, com a interrup\u00e7\u00e3o da partida ap\u00f3s torcedores arremessarem copos de \u00e1gua na quadra. O placar foi aberto por Luiz Ant\u00f4nio, mas terminou com Viradouro (uniforme azul) saindo vitorioso por 2 a 1.<br \/>\nPara o secret\u00e1rio municipal de Esportes da Est\u00e2ncia Tur\u00edstica de Barretos, Tony Vieira Carvalho, a escolha da cidade para receber a final, mostra que Barretos que tem a estrutura necess\u00e1ria para receber grandes competi\u00e7\u00f5es. \u201cEste ano tem sido muito positivo para o esporte barretense com a Copinha, os Jomi e no pr\u00f3ximo m\u00eas os Jogos Regionais. Isso \u00e9 fruto de muito investimento e comprometimento desta gest\u00e3o. Quero agradecer a EPTV pela confian\u00e7a, parabenizar todas as equipes e cidades participantes e, principalmente, os vencedores\u201d, destacou.<br \/>\nA vit\u00f3ria garantiu o segundo t\u00edtulo da equipe na competi\u00e7\u00e3o. Em 2022, numa final com os mesmos dois times, Luiz Antonio havia levado a melhor.<\/p>\n","protected":false},"excerpt":{"rendered":"<p>Com a vit\u00f3ria, a equipe conquista seu segundo t\u00edtulo na<\/p>\n","protected":false},"author":2,"featured_media":90597,"comment_status":"open","ping_status":"open","sticky":false,"template":"","format":"standard","meta":{"footnotes":""},"categories":[21,63],"tags":[],"class_list":["post-90594","post","type-post","status-publish","format-standard","has-post-thumbnail","hentry","category-esporte","category-viradouro"],"yoast_head":"<!-- This site is optimized with the Yoast SEO plugin v27.5 - https:\/\/yoast.com\/product\/yoast-seo-wordpress\/ -->\n<title>Viradouro \u00e9 campe\u00e3 da 37\u00aa Ta\u00e7a EPTV de Futsal - Regi\u00e3o News<\/title>\n<meta name=\"description\" content=\"Viradouro \u00e9 campe\u00e3 da 37\u00aa Ta\u00e7a EPTV de Futsal\" \/>\n<meta name=\"robots\" content=\"index, follow, max-snippet:-1, max-image-preview:large, max-video-preview:-1\" \/>\n<link rel=\"canonical\" href=\"https:\/\/regiaonews.net.br\/2022\/2023\/06\/26\/viradouro-e-campea-da-37a-taca-eptv-de-futsal\/\" \/>\n<meta property=\"og:locale\" content=\"pt_BR\" \/>\n<meta property=\"og:type\" content=\"article\" \/>\n<meta property=\"og:title\" content=\"Viradouro \u00e9 campe\u00e3 da 37\u00aa Ta\u00e7a EPTV de Futsal - Regi\u00e3o News\" \/>\n<meta property=\"og:description\" content=\"Viradouro \u00e9 campe\u00e3 da 37\u00aa Ta\u00e7a EPTV de Futsal\" \/>\n<meta property=\"og:url\" content=\"https:\/\/regiaonews.net.br\/2022\/2023\/06\/26\/viradouro-e-campea-da-37a-taca-eptv-de-futsal\/\" \/>\n<meta property=\"og:site_name\" content=\"Regi\u00e3o News\" \/>\n<meta property=\"article:published_time\" content=\"2023-06-26T23:54:18+00:00\" \/>\n<meta property=\"article:modified_time\" content=\"2023-06-26T23:57:21+00:00\" \/>\n<meta property=\"og:image\" content=\"https:\/\/regiaonews.net.br\/2022\/wp-content\/uploads\/2023\/06\/WhatsApp-Image-2023-06-26-at-17.08.56.jpeg\" \/>\n\t<meta property=\"og:image:width\" content=\"1592\" \/>\n\t<meta property=\"og:image:height\" content=\"1060\" \/>\n\t<meta property=\"og:image:type\" content=\"image\/jpeg\" \/>\n<meta name=\"author\" content=\"Roberto\" \/>\n<meta name=\"twitter:card\" content=\"summary_large_image\" \/>\n<meta name=\"twitter:label1\" content=\"Escrito por\" \/>\n\t<meta name=\"twitter:data1\" content=\"Roberto\" \/>\n\t<meta name=\"twitter:label2\" content=\"Est. tempo de leitura\" \/>\n\t<meta name=\"twitter:data2\" content=\"2 minutos\" \/>\n<script type=\"application\/ld+json\" class=\"yoast-schema-graph\">{\"@context\":\"https:\\\/\\\/schema.org\",\"@graph\":[{\"@type\":\"Article\",\"@id\":\"https:\\\/\\\/regiaonews.net.br\\\/2022\\\/2023\\\/06\\\/26\\\/viradouro-e-campea-da-37a-taca-eptv-de-futsal\\\/#article\",\"isPartOf\":{\"@id\":\"https:\\\/\\\/regiaonews.net.br\\\/2022\\\/2023\\\/06\\\/26\\\/viradouro-e-campea-da-37a-taca-eptv-de-futsal\\\/\"},\"author\":{\"name\":\"Roberto\",\"@id\":\"https:\\\/\\\/regiaonews.net.br\\\/2022\\\/#\\\/schema\\\/person\\\/2d205a608a5aa97ac279d7a5e6d89ad8\"},\"headline\":\"Viradouro \u00e9 campe\u00e3 da 37\u00aa Ta\u00e7a EPTV de Futsal\",\"datePublished\":\"2023-06-26T23:54:18+00:00\",\"dateModified\":\"2023-06-26T23:57:21+00:00\",\"mainEntityOfPage\":{\"@id\":\"https:\\\/\\\/regiaonews.net.br\\\/2022\\\/2023\\\/06\\\/26\\\/viradouro-e-campea-da-37a-taca-eptv-de-futsal\\\/\"},\"wordCount\":237,\"commentCount\":0,\"publisher\":{\"@id\":\"https:\\\/\\\/regiaonews.net.br\\\/2022\\\/#organization\"},\"image\":{\"@id\":\"https:\\\/\\\/regiaonews.net.br\\\/2022\\\/2023\\\/06\\\/26\\\/viradouro-e-campea-da-37a-taca-eptv-de-futsal\\\/#primaryimage\"},\"thumbnailUrl\":\"https:\\\/\\\/regiaonews.net.br\\\/2022\\\/wp-content\\\/uploads\\\/2023\\\/06\\\/WhatsApp-Image-2023-06-26-at-17.08.56.jpeg\",\"articleSection\":[\"Esporte\",\"Viradouro\"],\"inLanguage\":\"pt-BR\",\"potentialAction\":[{\"@type\":\"CommentAction\",\"name\":\"Comment\",\"target\":[\"https:\\\/\\\/regiaonews.net.br\\\/2022\\\/2023\\\/06\\\/26\\\/viradouro-e-campea-da-37a-taca-eptv-de-futsal\\\/#respond\"]}]},{\"@type\":\"WebPage\",\"@id\":\"https:\\\/\\\/regiaonews.net.br\\\/2022\\\/2023\\\/06\\\/26\\\/viradouro-e-campea-da-37a-taca-eptv-de-futsal\\\/\",\"url\":\"https:\\\/\\\/regiaonews.net.br\\\/2022\\\/2023\\\/06\\\/26\\\/viradouro-e-campea-da-37a-taca-eptv-de-futsal\\\/\",\"name\":\"Viradouro \u00e9 campe\u00e3 da 37\u00aa Ta\u00e7a EPTV de Futsal - Regi\u00e3o News\",\"isPartOf\":{\"@id\":\"https:\\\/\\\/regiaonews.net.br\\\/2022\\\/#website\"},\"primaryImageOfPage\":{\"@id\":\"https:\\\/\\\/regiaonews.net.br\\\/2022\\\/2023\\\/06\\\/26\\\/viradouro-e-campea-da-37a-taca-eptv-de-futsal\\\/#primaryimage\"},\"image\":{\"@id\":\"https:\\\/\\\/regiaonews.net.br\\\/2022\\\/2023\\\/06\\\/26\\\/viradouro-e-campea-da-37a-taca-eptv-de-futsal\\\/#primaryimage\"},\"thumbnailUrl\":\"https:\\\/\\\/regiaonews.net.br\\\/2022\\\/wp-content\\\/uploads\\\/2023\\\/06\\\/WhatsApp-Image-2023-06-26-at-17.08.56.jpeg\",\"datePublished\":\"2023-06-26T23:54:18+00:00\",\"dateModified\":\"2023-06-26T23:57:21+00:00\",\"description\":\"Viradouro \u00e9 campe\u00e3 da 37\u00aa Ta\u00e7a EPTV de Futsal\",\"breadcrumb\":{\"@id\":\"https:\\\/\\\/regiaonews.net.br\\\/2022\\\/2023\\\/06\\\/26\\\/viradouro-e-campea-da-37a-taca-eptv-de-futsal\\\/#breadcrumb\"},\"inLanguage\":\"pt-BR\",\"potentialAction\":[{\"@type\":\"ReadAction\",\"target\":[\"https:\\\/\\\/regiaonews.net.br\\\/2022\\\/2023\\\/06\\\/26\\\/viradouro-e-campea-da-37a-taca-eptv-de-futsal\\\/\"]}]},{\"@type\":\"ImageObject\",\"inLanguage\":\"pt-BR\",\"@id\":\"https:\\\/\\\/regiaonews.net.br\\\/2022\\\/2023\\\/06\\\/26\\\/viradouro-e-campea-da-37a-taca-eptv-de-futsal\\\/#primaryimage\",\"url\":\"https:\\\/\\\/regiaonews.net.br\\\/2022\\\/wp-content\\\/uploads\\\/2023\\\/06\\\/WhatsApp-Image-2023-06-26-at-17.08.56.jpeg\",\"contentUrl\":\"https:\\\/\\\/regiaonews.net.br\\\/2022\\\/wp-content\\\/uploads\\\/2023\\\/06\\\/WhatsApp-Image-2023-06-26-at-17.08.56.jpeg\",\"width\":1592,\"height\":1060},{\"@type\":\"BreadcrumbList\",\"@id\":\"https:\\\/\\\/regiaonews.net.br\\\/2022\\\/2023\\\/06\\\/26\\\/viradouro-e-campea-da-37a-taca-eptv-de-futsal\\\/#breadcrumb\",\"itemListElement\":[{\"@type\":\"ListItem\",\"position\":1,\"name\":\"In\u00edcio\",\"item\":\"https:\\\/\\\/regiaonews.net.br\\\/2022\\\/\"},{\"@type\":\"ListItem\",\"position\":2,\"name\":\"Viradouro \u00e9 campe\u00e3 da 37\u00aa Ta\u00e7a EPTV de Futsal\"}]},{\"@type\":\"WebSite\",\"@id\":\"https:\\\/\\\/regiaonews.net.br\\\/2022\\\/#website\",\"url\":\"https:\\\/\\\/regiaonews.net.br\\\/2022\\\/\",\"name\":\"Regi\u00e3o News\",\"description\":\"Site de Not\u00edcias de Barretos e regi\u00e3o\",\"publisher\":{\"@id\":\"https:\\\/\\\/regiaonews.net.br\\\/2022\\\/#organization\"},\"potentialAction\":[{\"@type\":\"SearchAction\",\"target\":{\"@type\":\"EntryPoint\",\"urlTemplate\":\"https:\\\/\\\/regiaonews.net.br\\\/2022\\\/?s={search_term_string}\"},\"query-input\":{\"@type\":\"PropertyValueSpecification\",\"valueRequired\":true,\"valueName\":\"search_term_string\"}}],\"inLanguage\":\"pt-BR\"},{\"@type\":\"Organization\",\"@id\":\"https:\\\/\\\/regiaonews.net.br\\\/2022\\\/#organization\",\"name\":\"Regi\u00e3o News\",\"url\":\"https:\\\/\\\/regiaonews.net.br\\\/2022\\\/\",\"logo\":{\"@type\":\"ImageObject\",\"inLanguage\":\"pt-BR\",\"@id\":\"https:\\\/\\\/regiaonews.net.br\\\/2022\\\/#\\\/schema\\\/logo\\\/image\\\/\",\"url\":\"https:\\\/\\\/regiaonews.net.br\\\/2022\\\/wp-content\\\/uploads\\\/2026\\\/03\\\/regiao-13-anos-scaled.jpg\",\"contentUrl\":\"https:\\\/\\\/regiaonews.net.br\\\/2022\\\/wp-content\\\/uploads\\\/2026\\\/03\\\/regiao-13-anos-scaled.jpg\",\"width\":2560,\"height\":635,\"caption\":\"Regi\u00e3o News\"},\"image\":{\"@id\":\"https:\\\/\\\/regiaonews.net.br\\\/2022\\\/#\\\/schema\\\/logo\\\/image\\\/\"}},{\"@type\":\"Person\",\"@id\":\"https:\\\/\\\/regiaonews.net.br\\\/2022\\\/#\\\/schema\\\/person\\\/2d205a608a5aa97ac279d7a5e6d89ad8\",\"name\":\"Roberto\",\"image\":{\"@type\":\"ImageObject\",\"inLanguage\":\"pt-BR\",\"@id\":\"https:\\\/\\\/secure.gravatar.com\\\/avatar\\\/42749d8b712ff9d59ca93dc150494e5b55a44134482993f5baeb97e61b7ecc89?s=96&d=mm&r=g\",\"url\":\"https:\\\/\\\/secure.gravatar.com\\\/avatar\\\/42749d8b712ff9d59ca93dc150494e5b55a44134482993f5baeb97e61b7ecc89?s=96&d=mm&r=g\",\"contentUrl\":\"https:\\\/\\\/secure.gravatar.com\\\/avatar\\\/42749d8b712ff9d59ca93dc150494e5b55a44134482993f5baeb97e61b7ecc89?s=96&d=mm&r=g\",\"caption\":\"Roberto\"},\"url\":\"https:\\\/\\\/regiaonews.net.br\\\/2022\\\/author\\\/roberto\\\/\"}]}<\/script>\n<!-- \/ Yoast SEO plugin. -->","yoast_head_json":{"title":"Viradouro \u00e9 campe\u00e3 da 37\u00aa Ta\u00e7a EPTV de Futsal - Regi\u00e3o News","description":"Viradouro \u00e9 campe\u00e3 da 37\u00aa Ta\u00e7a EPTV de Futsal","robots":{"index":"index","follow":"follow","max-snippet":"max-snippet:-1","max-image-preview":"max-image-preview:large","max-video-preview":"max-video-preview:-1"},"canonical":"https:\/\/regiaonews.net.br\/2022\/2023\/06\/26\/viradouro-e-campea-da-37a-taca-eptv-de-futsal\/","og_locale":"pt_BR","og_type":"article","og_title":"Viradouro \u00e9 campe\u00e3 da 37\u00aa Ta\u00e7a EPTV de Futsal - Regi\u00e3o News","og_description":"Viradouro \u00e9 campe\u00e3 da 37\u00aa Ta\u00e7a EPTV de Futsal","og_url":"https:\/\/regiaonews.net.br\/2022\/2023\/06\/26\/viradouro-e-campea-da-37a-taca-eptv-de-futsal\/","og_site_name":"Regi\u00e3o News","article_published_time":"2023-06-26T23:54:18+00:00","article_modified_time":"2023-06-26T23:57:21+00:00","og_image":[{"width":1592,"height":1060,"url":"https:\/\/regiaonews.net.br\/2022\/wp-content\/uploads\/2023\/06\/WhatsApp-Image-2023-06-26-at-17.08.56.jpeg","type":"image\/jpeg"}],"author":"Roberto","twitter_card":"summary_large_image","twitter_misc":{"Escrito por":"Roberto","Est. tempo de leitura":"2 minutos"},"schema":{"@context":"https:\/\/schema.org","@graph":[{"@type":"Article","@id":"https:\/\/regiaonews.net.br\/2022\/2023\/06\/26\/viradouro-e-campea-da-37a-taca-eptv-de-futsal\/#article","isPartOf":{"@id":"https:\/\/regiaonews.net.br\/2022\/2023\/06\/26\/viradouro-e-campea-da-37a-taca-eptv-de-futsal\/"},"author":{"name":"Roberto","@id":"https:\/\/regiaonews.net.br\/2022\/#\/schema\/person\/2d205a608a5aa97ac279d7a5e6d89ad8"},"headline":"Viradouro \u00e9 campe\u00e3 da 37\u00aa Ta\u00e7a EPTV de Futsal","datePublished":"2023-06-26T23:54:18+00:00","dateModified":"2023-06-26T23:57:21+00:00","mainEntityOfPage":{"@id":"https:\/\/regiaonews.net.br\/2022\/2023\/06\/26\/viradouro-e-campea-da-37a-taca-eptv-de-futsal\/"},"wordCount":237,"commentCount":0,"publisher":{"@id":"https:\/\/regiaonews.net.br\/2022\/#organization"},"image":{"@id":"https:\/\/regiaonews.net.br\/2022\/2023\/06\/26\/viradouro-e-campea-da-37a-taca-eptv-de-futsal\/#primaryimage"},"thumbnailUrl":"https:\/\/regiaonews.net.br\/2022\/wp-content\/uploads\/2023\/06\/WhatsApp-Image-2023-06-26-at-17.08.56.jpeg","articleSection":["Esporte","Viradouro"],"inLanguage":"pt-BR","potentialAction":[{"@type":"CommentAction","name":"Comment","target":["https:\/\/regiaonews.net.br\/2022\/2023\/06\/26\/viradouro-e-campea-da-37a-taca-eptv-de-futsal\/#respond"]}]},{"@type":"WebPage","@id":"https:\/\/regiaonews.net.br\/2022\/2023\/06\/26\/viradouro-e-campea-da-37a-taca-eptv-de-futsal\/","url":"https:\/\/regiaonews.net.br\/2022\/2023\/06\/26\/viradouro-e-campea-da-37a-taca-eptv-de-futsal\/","name":"Viradouro \u00e9 campe\u00e3 da 37\u00aa Ta\u00e7a EPTV de Futsal - Regi\u00e3o News","isPartOf":{"@id":"https:\/\/regiaonews.net.br\/2022\/#website"},"primaryImageOfPage":{"@id":"https:\/\/regiaonews.net.br\/2022\/2023\/06\/26\/viradouro-e-campea-da-37a-taca-eptv-de-futsal\/#primaryimage"},"image":{"@id":"https:\/\/regiaonews.net.br\/2022\/2023\/06\/26\/viradouro-e-campea-da-37a-taca-eptv-de-futsal\/#primaryimage"},"thumbnailUrl":"https:\/\/regiaonews.net.br\/2022\/wp-content\/uploads\/2023\/06\/WhatsApp-Image-2023-06-26-at-17.08.56.jpeg","datePublished":"2023-06-26T23:54:18+00:00","dateModified":"2023-06-26T23:57:21+00:00","description":"Viradouro \u00e9 campe\u00e3 da 37\u00aa Ta\u00e7a EPTV de Futsal","breadcrumb":{"@id":"https:\/\/regiaonews.net.br\/2022\/2023\/06\/26\/viradouro-e-campea-da-37a-taca-eptv-de-futsal\/#breadcrumb"},"inLanguage":"pt-BR","potentialAction":[{"@type":"ReadAction","target":["https:\/\/regiaonews.net.br\/2022\/2023\/06\/26\/viradouro-e-campea-da-37a-taca-eptv-de-futsal\/"]}]},{"@type":"ImageObject","inLanguage":"pt-BR","@id":"https:\/\/regiaonews.net.br\/2022\/2023\/06\/26\/viradouro-e-campea-da-37a-taca-eptv-de-futsal\/#primaryimage","url":"https:\/\/regiaonews.net.br\/2022\/wp-content\/uploads\/2023\/06\/WhatsApp-Image-2023-06-26-at-17.08.56.jpeg","contentUrl":"https:\/\/regiaonews.net.br\/2022\/wp-content\/uploads\/2023\/06\/WhatsApp-Image-2023-06-26-at-17.08.56.jpeg","width":1592,"height":1060},{"@type":"BreadcrumbList","@id":"https:\/\/regiaonews.net.br\/2022\/2023\/06\/26\/viradouro-e-campea-da-37a-taca-eptv-de-futsal\/#breadcrumb","itemListElement":[{"@type":"ListItem","position":1,"name":"In\u00edcio","item":"https:\/\/regiaonews.net.br\/2022\/"},{"@type":"ListItem","position":2,"name":"Viradouro \u00e9 campe\u00e3 da 37\u00aa Ta\u00e7a EPTV de Futsal"}]},{"@type":"WebSite","@id":"https:\/\/regiaonews.net.br\/2022\/#website","url":"https:\/\/regiaonews.net.br\/2022\/","name":"Regi\u00e3o News","description":"Site de Not\u00edcias de Barretos e regi\u00e3o","publisher":{"@id":"https:\/\/regiaonews.net.br\/2022\/#organization"},"potentialAction":[{"@type":"SearchAction","target":{"@type":"EntryPoint","urlTemplate":"https:\/\/regiaonews.net.br\/2022\/?s={search_term_string}"},"query-input":{"@type":"PropertyValueSpecification","valueRequired":true,"valueName":"search_term_string"}}],"inLanguage":"pt-BR"},{"@type":"Organization","@id":"https:\/\/regiaonews.net.br\/2022\/#organization","name":"Regi\u00e3o News","url":"https:\/\/regiaonews.net.br\/2022\/","logo":{"@type":"ImageObject","inLanguage":"pt-BR","@id":"https:\/\/regiaonews.net.br\/2022\/#\/schema\/logo\/image\/","url":"https:\/\/regiaonews.net.br\/2022\/wp-content\/uploads\/2026\/03\/regiao-13-anos-scaled.jpg","contentUrl":"https:\/\/regiaonews.net.br\/2022\/wp-content\/uploads\/2026\/03\/regiao-13-anos-scaled.jpg","width":2560,"height":635,"caption":"Regi\u00e3o News"},"image":{"@id":"https:\/\/regiaonews.net.br\/2022\/#\/schema\/logo\/image\/"}},{"@type":"Person","@id":"https:\/\/regiaonews.net.br\/2022\/#\/schema\/person\/2d205a608a5aa97ac279d7a5e6d89ad8","name":"Roberto","image":{"@type":"ImageObject","inLanguage":"pt-BR","@id":"https:\/\/secure.gravatar.com\/avatar\/42749d8b712ff9d59ca93dc150494e5b55a44134482993f5baeb97e61b7ecc89?s=96&d=mm&r=g","url":"https:\/\/secure.gravatar.com\/avatar\/42749d8b712ff9d59ca93dc150494e5b55a44134482993f5baeb97e61b7ecc89?s=96&d=mm&r=g","contentUrl":"https:\/\/secure.gravatar.com\/avatar\/42749d8b712ff9d59ca93dc150494e5b55a44134482993f5baeb97e61b7ecc89?s=96&d=mm&r=g","caption":"Roberto"},"url":"https:\/\/regiaonews.net.br\/2022\/author\/roberto\/"}]}},"publishpress_future_action":{"enabled":false,"date":"2026-05-10 05:32:44","action":"change-status","newStatus":"draft","terms":[],"taxonomy":"category","extraData":[]},"publishpress_future_workflow_manual_trigger":{"enabledWorkflows":[]},"_links":{"self":[{"href":"https:\/\/regiaonews.net.br\/2022\/wp-json\/wp\/v2\/posts\/90594","targetHints":{"allow":["GET"]}}],"collection":[{"href":"https:\/\/regiaonews.net.br\/2022\/wp-json\/wp\/v2\/posts"}],"about":[{"href":"https:\/\/regiaonews.net.br\/2022\/wp-json\/wp\/v2\/types\/post"}],"author":[{"embeddable":true,"href":"https:\/\/regiaonews.net.br\/2022\/wp-json\/wp\/v2\/users\/2"}],"replies":[{"embeddable":true,"href":"https:\/\/regiaonews.net.br\/2022\/wp-json\/wp\/v2\/comments?post=90594"}],"version-history":[{"count":3,"href":"https:\/\/regiaonews.net.br\/2022\/wp-json\/wp\/v2\/posts\/90594\/revisions"}],"predecessor-version":[{"id":90600,"href":"https:\/\/regiaonews.net.br\/2022\/wp-json\/wp\/v2\/posts\/90594\/revisions\/90600"}],"wp:featuredmedia":[{"embeddable":true,"href":"https:\/\/regiaonews.net.br\/2022\/wp-json\/wp\/v2\/media\/90597"}],"wp:attachment":[{"href":"https:\/\/regiaonews.net.br\/2022\/wp-json\/wp\/v2\/media?parent=90594"}],"wp:term":[{"taxonomy":"category","embeddable":true,"href":"https:\/\/regiaonews.net.br\/2022\/wp-json\/wp\/v2\/categories?post=90594"},{"taxonomy":"post_tag","embeddable":true,"href":"https:\/\/regiaonews.net.br\/2022\/wp-json\/wp\/v2\/tags?post=90594"}],"curies":[{"name":"wp","href":"https:\/\/api.w.org\/{rel}","templated":true}]}}