{"id":90558,"date":"2023-06-25T10:45:29","date_gmt":"2023-06-25T13:45:29","guid":{"rendered":"https:\/\/regiaonews.net.br\/2022\/?p=90558"},"modified":"2023-06-26T01:04:49","modified_gmt":"2023-06-26T04:04:49","slug":"marcha-para-jesus-em-barretos-tem-data-marcada","status":"publish","type":"post","link":"https:\/\/regiaonews.net.br\/2022\/2023\/06\/25\/marcha-para-jesus-em-barretos-tem-data-marcada\/","title":{"rendered":"Marcha para Jesus em Barretos tem data marcada"},"content":{"rendered":"<p>MARCHA PARA JESUS<br \/>\nBARRETOS<br \/>\n<a class=\"x1i10hfl xjbqb8w x6umtig x1b1mbwd xaqea5y xav7gou x9f619 x1ypdohk xt0psk2 xe8uvvx xdj266r x11i5rnm xat24cr x1mh8g0r xexx8yu x4uap5 x18d9i69 xkhd6sd x16tdsg8 x1hl2dhg xggy1nq x1a2a7pz notranslate _a6hd\" tabindex=\"0\" role=\"link\" href=\"https:\/\/www.instagram.com\/marchaparajesusbarretos\/\">@marchaparajesusbarretos<\/a><\/p>\n<p>A edi\u00e7\u00e3o 2023 da Marcha para Jesus em Barretos tem data marcada! Ser\u00e1 no dia 2 de setembro, s\u00e1bado de manh\u00e3.<br \/>\nO trajeto ser\u00e1 divulgado em breve.<br \/>\nA caminhada com trio el\u00e9trico e muita anima\u00e7\u00e3o ter\u00e1 concentra\u00e7\u00e3o a partir das 9h00 e as 10h00 seguir\u00e1 em dire\u00e7\u00e3o ao local de chegada aonde ser\u00e1 montada uma estrutura para louvor, adora\u00e7\u00e3o e ora\u00e7\u00e3o.<br \/>\nA Marcha para Jesus \u00e9 um evento pac\u00edfico que re\u00fane igrejas crist\u00e3s e \u00e9 aberto \u00e0 participa\u00e7\u00e3o de toda a popula\u00e7\u00e3o, sendo realizado no mundo todo desde 1993, reunindo multid\u00f5es de crist\u00e3os em v\u00e1rios pa\u00edses. O evento em Barretos come\u00e7ou h\u00e1 mais de vinte anos e desde ent\u00e3o, milhares de crist\u00e3os t\u00eam participado constantemente.<br \/>\n\u201cA Marcha representa a uni\u00e3o das pessoas, a comunh\u00e3o de todos que acreditam em Jesus Cristo. Ele \u00e9 o nosso Salvador, deu sua vida por todos na cruz. Vamos para as ruas marchar e honrar ao Senhor, com grande j\u00fabilo, expressando nossa f\u00e9\u201d, afirma o pastor Andr\u00e9 Ribeiro de Mendon\u00e7a\u00a0<a class=\"x1i10hfl xjbqb8w x6umtig x1b1mbwd xaqea5y xav7gou x9f619 x1ypdohk xt0psk2 xe8uvvx xdj266r x11i5rnm xat24cr x1mh8g0r xexx8yu x4uap5 x18d9i69 xkhd6sd x16tdsg8 x1hl2dhg xggy1nq x1a2a7pz notranslate _a6hd\" tabindex=\"0\" role=\"link\" href=\"https:\/\/www.instagram.com\/andrermendonca\/\">@andrermendonca<\/a>\u00a0, presidente do Conselho de Pastores de Barretos\u00a0<a class=\"x1i10hfl xjbqb8w x6umtig x1b1mbwd xaqea5y xav7gou x9f619 x1ypdohk xt0psk2 xe8uvvx xdj266r x11i5rnm xat24cr x1mh8g0r xexx8yu x4uap5 x18d9i69 xkhd6sd x16tdsg8 x1hl2dhg xggy1nq x1a2a7pz notranslate _a6hd\" tabindex=\"0\" role=\"link\" href=\"https:\/\/www.instagram.com\/cpastoresbarretos_oficial\/\">@cpastoresbarretos_oficial<\/a>\u00a0, \u00f3rg\u00e3o organizador do evento.<br \/>\nO pastor Andr\u00e9 salienta que a Marcha continua impactando e reunindo expressivo p\u00fablico, o que demonstra o crescimento do evangelho em nossa cidade. \u201cA cada edi\u00e7\u00e3o da Marcha almejamos levar uma mensagem de paz, alegria e f\u00e9 aos barretenses. Jesus \u00e9 o \u00fanico caminho para a restaura\u00e7\u00e3o da fam\u00edlia\u201d, acrescenta.<br \/>\nA Marcha para Jesus faz parte oficialmente do calend\u00e1rio oficial da Est\u00e2ncia Tur\u00edstica de Barretos desde 2017 contando sempre com o apoio da Prefeitura Municipal, Secretaria da Cultura, Secretaria de Ordem P\u00fablica e Pol\u00edcia Militar e demais institui\u00e7\u00f5es p\u00fablicas e empresas, bem como toda comunidade Barretense.<br \/>\nPARTICIPE!<\/p>\n<p>&#x1f4cd; RESERVE j\u00e1 a sua CAMISETA na Romip\u00f4 Modas\u00a0<a class=\"x1i10hfl xjbqb8w x6umtig x1b1mbwd xaqea5y xav7gou x9f619 x1ypdohk xt0psk2 xe8uvvx xdj266r x11i5rnm xat24cr x1mh8g0r xexx8yu x4uap5 x18d9i69 xkhd6sd x16tdsg8 x1hl2dhg xggy1nq x1a2a7pz notranslate _a6hd\" tabindex=\"0\" role=\"link\" href=\"https:\/\/www.instagram.com\/romipouniformes\/\">@romipouniformes<\/a>\u00a0: 17 99214-0844<br \/>\n3323-9362 | 3323-4821. O pre\u00e7o \u00e9 de apenas R$25,00!<\/p>\n","protected":false},"excerpt":{"rendered":"<p>MARCHA PARA JESUS BARRETOS @marchaparajesusbarretos A edi\u00e7\u00e3o 2023 da Marcha<\/p>\n","protected":false},"author":2,"featured_media":90559,"comment_status":"open","ping_status":"open","sticky":false,"template":"","format":"standard","meta":{"footnotes":""},"categories":[14,25],"tags":[],"class_list":["post-90558","post","type-post","status-publish","format-standard","has-post-thumbnail","hentry","category-barretos","category-cidades"],"yoast_head":"<!-- This site is optimized with the Yoast SEO plugin v27.5 - https:\/\/yoast.com\/product\/yoast-seo-wordpress\/ -->\n<title>Marcha para Jesus em Barretos tem data marcada - Regi\u00e3o News<\/title>\n<meta name=\"description\" content=\"A edi\u00e7\u00e3o 2023 da Marcha para Jesus em Barretos\" \/>\n<meta name=\"robots\" content=\"index, follow, max-snippet:-1, max-image-preview:large, max-video-preview:-1\" \/>\n<link rel=\"canonical\" href=\"https:\/\/regiaonews.net.br\/2022\/2023\/06\/25\/marcha-para-jesus-em-barretos-tem-data-marcada\/\" \/>\n<meta property=\"og:locale\" content=\"pt_BR\" \/>\n<meta property=\"og:type\" content=\"article\" \/>\n<meta property=\"og:title\" content=\"Marcha para Jesus em Barretos tem data marcada - Regi\u00e3o News\" \/>\n<meta property=\"og:description\" content=\"A edi\u00e7\u00e3o 2023 da Marcha para Jesus em Barretos\" \/>\n<meta property=\"og:url\" content=\"https:\/\/regiaonews.net.br\/2022\/2023\/06\/25\/marcha-para-jesus-em-barretos-tem-data-marcada\/\" \/>\n<meta property=\"og:site_name\" content=\"Regi\u00e3o News\" \/>\n<meta property=\"article:published_time\" content=\"2023-06-25T13:45:29+00:00\" \/>\n<meta property=\"article:modified_time\" content=\"2023-06-26T04:04:49+00:00\" \/>\n<meta property=\"og:image\" content=\"https:\/\/regiaonews.net.br\/2022\/wp-content\/uploads\/2023\/06\/WhatsApp-Image-2023-06-25-at-10.24.39.jpeg\" \/>\n\t<meta property=\"og:image:width\" content=\"909\" \/>\n\t<meta property=\"og:image:height\" content=\"1088\" \/>\n\t<meta property=\"og:image:type\" content=\"image\/jpeg\" \/>\n<meta name=\"author\" content=\"Roberto\" \/>\n<meta name=\"twitter:card\" content=\"summary_large_image\" \/>\n<meta name=\"twitter:label1\" content=\"Escrito por\" \/>\n\t<meta name=\"twitter:data1\" content=\"Roberto\" \/>\n\t<meta name=\"twitter:label2\" content=\"Est. tempo de leitura\" \/>\n\t<meta name=\"twitter:data2\" content=\"2 minutos\" \/>\n<script type=\"application\/ld+json\" class=\"yoast-schema-graph\">{\"@context\":\"https:\\\/\\\/schema.org\",\"@graph\":[{\"@type\":\"Article\",\"@id\":\"https:\\\/\\\/regiaonews.net.br\\\/2022\\\/2023\\\/06\\\/25\\\/marcha-para-jesus-em-barretos-tem-data-marcada\\\/#article\",\"isPartOf\":{\"@id\":\"https:\\\/\\\/regiaonews.net.br\\\/2022\\\/2023\\\/06\\\/25\\\/marcha-para-jesus-em-barretos-tem-data-marcada\\\/\"},\"author\":{\"name\":\"Roberto\",\"@id\":\"https:\\\/\\\/regiaonews.net.br\\\/2022\\\/#\\\/schema\\\/person\\\/2d205a608a5aa97ac279d7a5e6d89ad8\"},\"headline\":\"Marcha para Jesus em Barretos tem data marcada\",\"datePublished\":\"2023-06-25T13:45:29+00:00\",\"dateModified\":\"2023-06-26T04:04:49+00:00\",\"mainEntityOfPage\":{\"@id\":\"https:\\\/\\\/regiaonews.net.br\\\/2022\\\/2023\\\/06\\\/25\\\/marcha-para-jesus-em-barretos-tem-data-marcada\\\/\"},\"wordCount\":338,\"commentCount\":0,\"publisher\":{\"@id\":\"https:\\\/\\\/regiaonews.net.br\\\/2022\\\/#organization\"},\"image\":{\"@id\":\"https:\\\/\\\/regiaonews.net.br\\\/2022\\\/2023\\\/06\\\/25\\\/marcha-para-jesus-em-barretos-tem-data-marcada\\\/#primaryimage\"},\"thumbnailUrl\":\"https:\\\/\\\/regiaonews.net.br\\\/2022\\\/wp-content\\\/uploads\\\/2023\\\/06\\\/WhatsApp-Image-2023-06-25-at-10.24.39.jpeg\",\"articleSection\":[\"Barretos\",\"Cidades\"],\"inLanguage\":\"pt-BR\",\"potentialAction\":[{\"@type\":\"CommentAction\",\"name\":\"Comment\",\"target\":[\"https:\\\/\\\/regiaonews.net.br\\\/2022\\\/2023\\\/06\\\/25\\\/marcha-para-jesus-em-barretos-tem-data-marcada\\\/#respond\"]}]},{\"@type\":\"WebPage\",\"@id\":\"https:\\\/\\\/regiaonews.net.br\\\/2022\\\/2023\\\/06\\\/25\\\/marcha-para-jesus-em-barretos-tem-data-marcada\\\/\",\"url\":\"https:\\\/\\\/regiaonews.net.br\\\/2022\\\/2023\\\/06\\\/25\\\/marcha-para-jesus-em-barretos-tem-data-marcada\\\/\",\"name\":\"Marcha para Jesus em Barretos tem data marcada - Regi\u00e3o News\",\"isPartOf\":{\"@id\":\"https:\\\/\\\/regiaonews.net.br\\\/2022\\\/#website\"},\"primaryImageOfPage\":{\"@id\":\"https:\\\/\\\/regiaonews.net.br\\\/2022\\\/2023\\\/06\\\/25\\\/marcha-para-jesus-em-barretos-tem-data-marcada\\\/#primaryimage\"},\"image\":{\"@id\":\"https:\\\/\\\/regiaonews.net.br\\\/2022\\\/2023\\\/06\\\/25\\\/marcha-para-jesus-em-barretos-tem-data-marcada\\\/#primaryimage\"},\"thumbnailUrl\":\"https:\\\/\\\/regiaonews.net.br\\\/2022\\\/wp-content\\\/uploads\\\/2023\\\/06\\\/WhatsApp-Image-2023-06-25-at-10.24.39.jpeg\",\"datePublished\":\"2023-06-25T13:45:29+00:00\",\"dateModified\":\"2023-06-26T04:04:49+00:00\",\"description\":\"A edi\u00e7\u00e3o 2023 da Marcha para Jesus em Barretos\",\"breadcrumb\":{\"@id\":\"https:\\\/\\\/regiaonews.net.br\\\/2022\\\/2023\\\/06\\\/25\\\/marcha-para-jesus-em-barretos-tem-data-marcada\\\/#breadcrumb\"},\"inLanguage\":\"pt-BR\",\"potentialAction\":[{\"@type\":\"ReadAction\",\"target\":[\"https:\\\/\\\/regiaonews.net.br\\\/2022\\\/2023\\\/06\\\/25\\\/marcha-para-jesus-em-barretos-tem-data-marcada\\\/\"]}]},{\"@type\":\"ImageObject\",\"inLanguage\":\"pt-BR\",\"@id\":\"https:\\\/\\\/regiaonews.net.br\\\/2022\\\/2023\\\/06\\\/25\\\/marcha-para-jesus-em-barretos-tem-data-marcada\\\/#primaryimage\",\"url\":\"https:\\\/\\\/regiaonews.net.br\\\/2022\\\/wp-content\\\/uploads\\\/2023\\\/06\\\/WhatsApp-Image-2023-06-25-at-10.24.39.jpeg\",\"contentUrl\":\"https:\\\/\\\/regiaonews.net.br\\\/2022\\\/wp-content\\\/uploads\\\/2023\\\/06\\\/WhatsApp-Image-2023-06-25-at-10.24.39.jpeg\",\"width\":909,\"height\":1088},{\"@type\":\"BreadcrumbList\",\"@id\":\"https:\\\/\\\/regiaonews.net.br\\\/2022\\\/2023\\\/06\\\/25\\\/marcha-para-jesus-em-barretos-tem-data-marcada\\\/#breadcrumb\",\"itemListElement\":[{\"@type\":\"ListItem\",\"position\":1,\"name\":\"In\u00edcio\",\"item\":\"https:\\\/\\\/regiaonews.net.br\\\/2022\\\/\"},{\"@type\":\"ListItem\",\"position\":2,\"name\":\"Marcha para Jesus em Barretos tem data marcada\"}]},{\"@type\":\"WebSite\",\"@id\":\"https:\\\/\\\/regiaonews.net.br\\\/2022\\\/#website\",\"url\":\"https:\\\/\\\/regiaonews.net.br\\\/2022\\\/\",\"name\":\"Regi\u00e3o News\",\"description\":\"Site de Not\u00edcias de Barretos e regi\u00e3o\",\"publisher\":{\"@id\":\"https:\\\/\\\/regiaonews.net.br\\\/2022\\\/#organization\"},\"potentialAction\":[{\"@type\":\"SearchAction\",\"target\":{\"@type\":\"EntryPoint\",\"urlTemplate\":\"https:\\\/\\\/regiaonews.net.br\\\/2022\\\/?s={search_term_string}\"},\"query-input\":{\"@type\":\"PropertyValueSpecification\",\"valueRequired\":true,\"valueName\":\"search_term_string\"}}],\"inLanguage\":\"pt-BR\"},{\"@type\":\"Organization\",\"@id\":\"https:\\\/\\\/regiaonews.net.br\\\/2022\\\/#organization\",\"name\":\"Regi\u00e3o News\",\"url\":\"https:\\\/\\\/regiaonews.net.br\\\/2022\\\/\",\"logo\":{\"@type\":\"ImageObject\",\"inLanguage\":\"pt-BR\",\"@id\":\"https:\\\/\\\/regiaonews.net.br\\\/2022\\\/#\\\/schema\\\/logo\\\/image\\\/\",\"url\":\"https:\\\/\\\/regiaonews.net.br\\\/2022\\\/wp-content\\\/uploads\\\/2026\\\/03\\\/regiao-13-anos-scaled.jpg\",\"contentUrl\":\"https:\\\/\\\/regiaonews.net.br\\\/2022\\\/wp-content\\\/uploads\\\/2026\\\/03\\\/regiao-13-anos-scaled.jpg\",\"width\":2560,\"height\":635,\"caption\":\"Regi\u00e3o News\"},\"image\":{\"@id\":\"https:\\\/\\\/regiaonews.net.br\\\/2022\\\/#\\\/schema\\\/logo\\\/image\\\/\"}},{\"@type\":\"Person\",\"@id\":\"https:\\\/\\\/regiaonews.net.br\\\/2022\\\/#\\\/schema\\\/person\\\/2d205a608a5aa97ac279d7a5e6d89ad8\",\"name\":\"Roberto\",\"image\":{\"@type\":\"ImageObject\",\"inLanguage\":\"pt-BR\",\"@id\":\"https:\\\/\\\/secure.gravatar.com\\\/avatar\\\/42749d8b712ff9d59ca93dc150494e5b55a44134482993f5baeb97e61b7ecc89?s=96&d=mm&r=g\",\"url\":\"https:\\\/\\\/secure.gravatar.com\\\/avatar\\\/42749d8b712ff9d59ca93dc150494e5b55a44134482993f5baeb97e61b7ecc89?s=96&d=mm&r=g\",\"contentUrl\":\"https:\\\/\\\/secure.gravatar.com\\\/avatar\\\/42749d8b712ff9d59ca93dc150494e5b55a44134482993f5baeb97e61b7ecc89?s=96&d=mm&r=g\",\"caption\":\"Roberto\"},\"url\":\"https:\\\/\\\/regiaonews.net.br\\\/2022\\\/author\\\/roberto\\\/\"}]}<\/script>\n<!-- \/ Yoast SEO plugin. -->","yoast_head_json":{"title":"Marcha para Jesus em Barretos tem data marcada - Regi\u00e3o News","description":"A edi\u00e7\u00e3o 2023 da Marcha para Jesus em Barretos","robots":{"index":"index","follow":"follow","max-snippet":"max-snippet:-1","max-image-preview":"max-image-preview:large","max-video-preview":"max-video-preview:-1"},"canonical":"https:\/\/regiaonews.net.br\/2022\/2023\/06\/25\/marcha-para-jesus-em-barretos-tem-data-marcada\/","og_locale":"pt_BR","og_type":"article","og_title":"Marcha para Jesus em Barretos tem data marcada - Regi\u00e3o News","og_description":"A edi\u00e7\u00e3o 2023 da Marcha para Jesus em Barretos","og_url":"https:\/\/regiaonews.net.br\/2022\/2023\/06\/25\/marcha-para-jesus-em-barretos-tem-data-marcada\/","og_site_name":"Regi\u00e3o News","article_published_time":"2023-06-25T13:45:29+00:00","article_modified_time":"2023-06-26T04:04:49+00:00","og_image":[{"width":909,"height":1088,"url":"https:\/\/regiaonews.net.br\/2022\/wp-content\/uploads\/2023\/06\/WhatsApp-Image-2023-06-25-at-10.24.39.jpeg","type":"image\/jpeg"}],"author":"Roberto","twitter_card":"summary_large_image","twitter_misc":{"Escrito por":"Roberto","Est. tempo de leitura":"2 minutos"},"schema":{"@context":"https:\/\/schema.org","@graph":[{"@type":"Article","@id":"https:\/\/regiaonews.net.br\/2022\/2023\/06\/25\/marcha-para-jesus-em-barretos-tem-data-marcada\/#article","isPartOf":{"@id":"https:\/\/regiaonews.net.br\/2022\/2023\/06\/25\/marcha-para-jesus-em-barretos-tem-data-marcada\/"},"author":{"name":"Roberto","@id":"https:\/\/regiaonews.net.br\/2022\/#\/schema\/person\/2d205a608a5aa97ac279d7a5e6d89ad8"},"headline":"Marcha para Jesus em Barretos tem data marcada","datePublished":"2023-06-25T13:45:29+00:00","dateModified":"2023-06-26T04:04:49+00:00","mainEntityOfPage":{"@id":"https:\/\/regiaonews.net.br\/2022\/2023\/06\/25\/marcha-para-jesus-em-barretos-tem-data-marcada\/"},"wordCount":338,"commentCount":0,"publisher":{"@id":"https:\/\/regiaonews.net.br\/2022\/#organization"},"image":{"@id":"https:\/\/regiaonews.net.br\/2022\/2023\/06\/25\/marcha-para-jesus-em-barretos-tem-data-marcada\/#primaryimage"},"thumbnailUrl":"https:\/\/regiaonews.net.br\/2022\/wp-content\/uploads\/2023\/06\/WhatsApp-Image-2023-06-25-at-10.24.39.jpeg","articleSection":["Barretos","Cidades"],"inLanguage":"pt-BR","potentialAction":[{"@type":"CommentAction","name":"Comment","target":["https:\/\/regiaonews.net.br\/2022\/2023\/06\/25\/marcha-para-jesus-em-barretos-tem-data-marcada\/#respond"]}]},{"@type":"WebPage","@id":"https:\/\/regiaonews.net.br\/2022\/2023\/06\/25\/marcha-para-jesus-em-barretos-tem-data-marcada\/","url":"https:\/\/regiaonews.net.br\/2022\/2023\/06\/25\/marcha-para-jesus-em-barretos-tem-data-marcada\/","name":"Marcha para Jesus em Barretos tem data marcada - Regi\u00e3o News","isPartOf":{"@id":"https:\/\/regiaonews.net.br\/2022\/#website"},"primaryImageOfPage":{"@id":"https:\/\/regiaonews.net.br\/2022\/2023\/06\/25\/marcha-para-jesus-em-barretos-tem-data-marcada\/#primaryimage"},"image":{"@id":"https:\/\/regiaonews.net.br\/2022\/2023\/06\/25\/marcha-para-jesus-em-barretos-tem-data-marcada\/#primaryimage"},"thumbnailUrl":"https:\/\/regiaonews.net.br\/2022\/wp-content\/uploads\/2023\/06\/WhatsApp-Image-2023-06-25-at-10.24.39.jpeg","datePublished":"2023-06-25T13:45:29+00:00","dateModified":"2023-06-26T04:04:49+00:00","description":"A edi\u00e7\u00e3o 2023 da Marcha para Jesus em Barretos","breadcrumb":{"@id":"https:\/\/regiaonews.net.br\/2022\/2023\/06\/25\/marcha-para-jesus-em-barretos-tem-data-marcada\/#breadcrumb"},"inLanguage":"pt-BR","potentialAction":[{"@type":"ReadAction","target":["https:\/\/regiaonews.net.br\/2022\/2023\/06\/25\/marcha-para-jesus-em-barretos-tem-data-marcada\/"]}]},{"@type":"ImageObject","inLanguage":"pt-BR","@id":"https:\/\/regiaonews.net.br\/2022\/2023\/06\/25\/marcha-para-jesus-em-barretos-tem-data-marcada\/#primaryimage","url":"https:\/\/regiaonews.net.br\/2022\/wp-content\/uploads\/2023\/06\/WhatsApp-Image-2023-06-25-at-10.24.39.jpeg","contentUrl":"https:\/\/regiaonews.net.br\/2022\/wp-content\/uploads\/2023\/06\/WhatsApp-Image-2023-06-25-at-10.24.39.jpeg","width":909,"height":1088},{"@type":"BreadcrumbList","@id":"https:\/\/regiaonews.net.br\/2022\/2023\/06\/25\/marcha-para-jesus-em-barretos-tem-data-marcada\/#breadcrumb","itemListElement":[{"@type":"ListItem","position":1,"name":"In\u00edcio","item":"https:\/\/regiaonews.net.br\/2022\/"},{"@type":"ListItem","position":2,"name":"Marcha para Jesus em Barretos tem data marcada"}]},{"@type":"WebSite","@id":"https:\/\/regiaonews.net.br\/2022\/#website","url":"https:\/\/regiaonews.net.br\/2022\/","name":"Regi\u00e3o News","description":"Site de Not\u00edcias de Barretos e regi\u00e3o","publisher":{"@id":"https:\/\/regiaonews.net.br\/2022\/#organization"},"potentialAction":[{"@type":"SearchAction","target":{"@type":"EntryPoint","urlTemplate":"https:\/\/regiaonews.net.br\/2022\/?s={search_term_string}"},"query-input":{"@type":"PropertyValueSpecification","valueRequired":true,"valueName":"search_term_string"}}],"inLanguage":"pt-BR"},{"@type":"Organization","@id":"https:\/\/regiaonews.net.br\/2022\/#organization","name":"Regi\u00e3o News","url":"https:\/\/regiaonews.net.br\/2022\/","logo":{"@type":"ImageObject","inLanguage":"pt-BR","@id":"https:\/\/regiaonews.net.br\/2022\/#\/schema\/logo\/image\/","url":"https:\/\/regiaonews.net.br\/2022\/wp-content\/uploads\/2026\/03\/regiao-13-anos-scaled.jpg","contentUrl":"https:\/\/regiaonews.net.br\/2022\/wp-content\/uploads\/2026\/03\/regiao-13-anos-scaled.jpg","width":2560,"height":635,"caption":"Regi\u00e3o News"},"image":{"@id":"https:\/\/regiaonews.net.br\/2022\/#\/schema\/logo\/image\/"}},{"@type":"Person","@id":"https:\/\/regiaonews.net.br\/2022\/#\/schema\/person\/2d205a608a5aa97ac279d7a5e6d89ad8","name":"Roberto","image":{"@type":"ImageObject","inLanguage":"pt-BR","@id":"https:\/\/secure.gravatar.com\/avatar\/42749d8b712ff9d59ca93dc150494e5b55a44134482993f5baeb97e61b7ecc89?s=96&d=mm&r=g","url":"https:\/\/secure.gravatar.com\/avatar\/42749d8b712ff9d59ca93dc150494e5b55a44134482993f5baeb97e61b7ecc89?s=96&d=mm&r=g","contentUrl":"https:\/\/secure.gravatar.com\/avatar\/42749d8b712ff9d59ca93dc150494e5b55a44134482993f5baeb97e61b7ecc89?s=96&d=mm&r=g","caption":"Roberto"},"url":"https:\/\/regiaonews.net.br\/2022\/author\/roberto\/"}]}},"publishpress_future_action":{"enabled":false,"date":"2026-05-10 07:14:09","action":"change-status","newStatus":"draft","terms":[],"taxonomy":"category","extraData":[]},"publishpress_future_workflow_manual_trigger":{"enabledWorkflows":[]},"_links":{"self":[{"href":"https:\/\/regiaonews.net.br\/2022\/wp-json\/wp\/v2\/posts\/90558","targetHints":{"allow":["GET"]}}],"collection":[{"href":"https:\/\/regiaonews.net.br\/2022\/wp-json\/wp\/v2\/posts"}],"about":[{"href":"https:\/\/regiaonews.net.br\/2022\/wp-json\/wp\/v2\/types\/post"}],"author":[{"embeddable":true,"href":"https:\/\/regiaonews.net.br\/2022\/wp-json\/wp\/v2\/users\/2"}],"replies":[{"embeddable":true,"href":"https:\/\/regiaonews.net.br\/2022\/wp-json\/wp\/v2\/comments?post=90558"}],"version-history":[{"count":2,"href":"https:\/\/regiaonews.net.br\/2022\/wp-json\/wp\/v2\/posts\/90558\/revisions"}],"predecessor-version":[{"id":90580,"href":"https:\/\/regiaonews.net.br\/2022\/wp-json\/wp\/v2\/posts\/90558\/revisions\/90580"}],"wp:featuredmedia":[{"embeddable":true,"href":"https:\/\/regiaonews.net.br\/2022\/wp-json\/wp\/v2\/media\/90559"}],"wp:attachment":[{"href":"https:\/\/regiaonews.net.br\/2022\/wp-json\/wp\/v2\/media?parent=90558"}],"wp:term":[{"taxonomy":"category","embeddable":true,"href":"https:\/\/regiaonews.net.br\/2022\/wp-json\/wp\/v2\/categories?post=90558"},{"taxonomy":"post_tag","embeddable":true,"href":"https:\/\/regiaonews.net.br\/2022\/wp-json\/wp\/v2\/tags?post=90558"}],"curies":[{"name":"wp","href":"https:\/\/api.w.org\/{rel}","templated":true}]}}