{"id":90414,"date":"2023-06-22T21:02:50","date_gmt":"2023-06-23T00:02:50","guid":{"rendered":"https:\/\/regiaonews.net.br\/2022\/?p=90414"},"modified":"2023-06-22T21:02:50","modified_gmt":"2023-06-23T00:02:50","slug":"policia-civil-e-cpfl-paulista-flagram-gatos-de-energia-em-comercios-de-ribeirao-preto","status":"publish","type":"post","link":"https:\/\/regiaonews.net.br\/2022\/2023\/06\/22\/policia-civil-e-cpfl-paulista-flagram-gatos-de-energia-em-comercios-de-ribeirao-preto\/","title":{"rendered":"Pol\u00edcia Civil e CPFL Paulista flagram \u201cgatos\u201d de energia em com\u00e9rcios de Ribeir\u00e3o Preto"},"content":{"rendered":"<div>\n<p><span lang=\"pt-BR\" data-contrast=\"none\">Em opera\u00e7\u00e3o de combate a fraudes e furtos de energia realizada hoje, quinta-feira, 22, a CPFL Paulista e a Pol\u00edcia Civil flagraram os famosos \u201cgatos\u201d em\u00a0com\u00e9rcios\u00a0em\u00a0Ribeir\u00e3o Preto.\u00a0<\/span><span lang=\"pt-BR\" data-contrast=\"none\">Foram encontradas liga\u00e7\u00f5es clandestinas e desvios em medidores de energia em\u00a0quatro a\u00e7ougues\u00a0de uma mesma rede,\u00a0nos bairros Ipiranga e Cristo Redentor.<\/span><span data-ccp-props=\"{&quot;134233117&quot;:false,&quot;134233118&quot;:false,&quot;201341983&quot;:0,&quot;335551550&quot;:6,&quot;335551620&quot;:6,&quot;335559685&quot;:0,&quot;335559737&quot;:0,&quot;335559738&quot;:0,&quot;335559739&quot;:160,&quot;335559740&quot;:259}\">\u00a0<\/span><\/p>\n<\/div>\n<div>\n<p><span lang=\"pt-BR\" data-contrast=\"none\">Foram registrados boletins de ocorr\u00eancia e realizadas as per\u00edcias da Pol\u00edcia Cient\u00edfica.\u00a0<\/span><span lang=\"pt-BR\" data-contrast=\"none\">Os c\u00e1lculos sobre a quantidade de energia desviada e os respectivos valores ser\u00e3o feitos pela companhia e repassados aos respons\u00e1veis pelas fraudes. As investiga\u00e7\u00f5es ser\u00e3o conduzidas pelas autoridades policiais.<\/span><span data-ccp-props=\"{&quot;201341983&quot;:0,&quot;335551550&quot;:6,&quot;335551620&quot;:6,&quot;335559739&quot;:160,&quot;335559740&quot;:259}\">\u00a0<\/span><\/p>\n<\/div>\n","protected":false},"excerpt":{"rendered":"<p>Em opera\u00e7\u00e3o de combate a fraudes e furtos de energia<\/p>\n","protected":false},"author":2,"featured_media":90415,"comment_status":"open","ping_status":"open","sticky":false,"template":"","format":"standard","meta":{"footnotes":""},"categories":[23,32],"tags":[],"class_list":["post-90414","post","type-post","status-publish","format-standard","has-post-thumbnail","hentry","category-policia","category-ribeirao-preto"],"yoast_head":"<!-- This site is optimized with the Yoast SEO plugin v27.4 - https:\/\/yoast.com\/product\/yoast-seo-wordpress\/ -->\n<title>Pol\u00edcia Civil e CPFL Paulista flagram \u201cgatos\u201d de energia em com\u00e9rcios de Ribeir\u00e3o Preto - Regi\u00e3o News<\/title>\n<meta name=\"description\" content=\"Pol\u00edcia Civil e CPFL Paulista flagram \u201cgatos\u201d de energia em com\u00e9rcios de Ribeir\u00e3o Preto\" \/>\n<meta name=\"robots\" content=\"index, follow, max-snippet:-1, max-image-preview:large, max-video-preview:-1\" \/>\n<link rel=\"canonical\" href=\"https:\/\/regiaonews.net.br\/2022\/2023\/06\/22\/policia-civil-e-cpfl-paulista-flagram-gatos-de-energia-em-comercios-de-ribeirao-preto\/\" \/>\n<meta property=\"og:locale\" content=\"pt_BR\" \/>\n<meta property=\"og:type\" content=\"article\" \/>\n<meta property=\"og:title\" content=\"Pol\u00edcia Civil e CPFL Paulista flagram \u201cgatos\u201d de energia em com\u00e9rcios de Ribeir\u00e3o Preto - Regi\u00e3o News\" \/>\n<meta property=\"og:description\" content=\"Pol\u00edcia Civil e CPFL Paulista flagram \u201cgatos\u201d de energia em com\u00e9rcios de Ribeir\u00e3o Preto\" \/>\n<meta property=\"og:url\" content=\"https:\/\/regiaonews.net.br\/2022\/2023\/06\/22\/policia-civil-e-cpfl-paulista-flagram-gatos-de-energia-em-comercios-de-ribeirao-preto\/\" \/>\n<meta property=\"og:site_name\" content=\"Regi\u00e3o News\" \/>\n<meta property=\"article:published_time\" content=\"2023-06-23T00:02:50+00:00\" \/>\n<meta property=\"og:image\" content=\"https:\/\/regiaonews.net.br\/2022\/wp-content\/uploads\/2023\/06\/download-1-768x1024.png\" \/>\n\t<meta property=\"og:image:width\" content=\"768\" \/>\n\t<meta property=\"og:image:height\" content=\"1024\" \/>\n\t<meta property=\"og:image:type\" content=\"image\/png\" \/>\n<meta name=\"author\" content=\"Roberto\" \/>\n<meta name=\"twitter:card\" content=\"summary_large_image\" \/>\n<meta name=\"twitter:label1\" content=\"Escrito por\" \/>\n\t<meta name=\"twitter:data1\" content=\"Roberto\" \/>\n\t<meta name=\"twitter:label2\" content=\"Est. tempo de leitura\" \/>\n\t<meta name=\"twitter:data2\" content=\"1 minuto\" \/>\n<script type=\"application\/ld+json\" class=\"yoast-schema-graph\">{\"@context\":\"https:\\\/\\\/schema.org\",\"@graph\":[{\"@type\":\"Article\",\"@id\":\"https:\\\/\\\/regiaonews.net.br\\\/2022\\\/2023\\\/06\\\/22\\\/policia-civil-e-cpfl-paulista-flagram-gatos-de-energia-em-comercios-de-ribeirao-preto\\\/#article\",\"isPartOf\":{\"@id\":\"https:\\\/\\\/regiaonews.net.br\\\/2022\\\/2023\\\/06\\\/22\\\/policia-civil-e-cpfl-paulista-flagram-gatos-de-energia-em-comercios-de-ribeirao-preto\\\/\"},\"author\":{\"name\":\"Roberto\",\"@id\":\"https:\\\/\\\/regiaonews.net.br\\\/2022\\\/#\\\/schema\\\/person\\\/2d205a608a5aa97ac279d7a5e6d89ad8\"},\"headline\":\"Pol\u00edcia Civil e CPFL Paulista flagram \u201cgatos\u201d de energia em com\u00e9rcios de Ribeir\u00e3o Preto\",\"datePublished\":\"2023-06-23T00:02:50+00:00\",\"mainEntityOfPage\":{\"@id\":\"https:\\\/\\\/regiaonews.net.br\\\/2022\\\/2023\\\/06\\\/22\\\/policia-civil-e-cpfl-paulista-flagram-gatos-de-energia-em-comercios-de-ribeirao-preto\\\/\"},\"wordCount\":125,\"commentCount\":0,\"publisher\":{\"@id\":\"https:\\\/\\\/regiaonews.net.br\\\/2022\\\/#organization\"},\"image\":{\"@id\":\"https:\\\/\\\/regiaonews.net.br\\\/2022\\\/2023\\\/06\\\/22\\\/policia-civil-e-cpfl-paulista-flagram-gatos-de-energia-em-comercios-de-ribeirao-preto\\\/#primaryimage\"},\"thumbnailUrl\":\"https:\\\/\\\/regiaonews.net.br\\\/2022\\\/wp-content\\\/uploads\\\/2023\\\/06\\\/download-1.png\",\"articleSection\":[\"Policia\",\"Ribeir\u00e3o Preto\"],\"inLanguage\":\"pt-BR\",\"potentialAction\":[{\"@type\":\"CommentAction\",\"name\":\"Comment\",\"target\":[\"https:\\\/\\\/regiaonews.net.br\\\/2022\\\/2023\\\/06\\\/22\\\/policia-civil-e-cpfl-paulista-flagram-gatos-de-energia-em-comercios-de-ribeirao-preto\\\/#respond\"]}]},{\"@type\":\"WebPage\",\"@id\":\"https:\\\/\\\/regiaonews.net.br\\\/2022\\\/2023\\\/06\\\/22\\\/policia-civil-e-cpfl-paulista-flagram-gatos-de-energia-em-comercios-de-ribeirao-preto\\\/\",\"url\":\"https:\\\/\\\/regiaonews.net.br\\\/2022\\\/2023\\\/06\\\/22\\\/policia-civil-e-cpfl-paulista-flagram-gatos-de-energia-em-comercios-de-ribeirao-preto\\\/\",\"name\":\"Pol\u00edcia Civil e CPFL Paulista flagram \u201cgatos\u201d de energia em com\u00e9rcios de Ribeir\u00e3o Preto - Regi\u00e3o News\",\"isPartOf\":{\"@id\":\"https:\\\/\\\/regiaonews.net.br\\\/2022\\\/#website\"},\"primaryImageOfPage\":{\"@id\":\"https:\\\/\\\/regiaonews.net.br\\\/2022\\\/2023\\\/06\\\/22\\\/policia-civil-e-cpfl-paulista-flagram-gatos-de-energia-em-comercios-de-ribeirao-preto\\\/#primaryimage\"},\"image\":{\"@id\":\"https:\\\/\\\/regiaonews.net.br\\\/2022\\\/2023\\\/06\\\/22\\\/policia-civil-e-cpfl-paulista-flagram-gatos-de-energia-em-comercios-de-ribeirao-preto\\\/#primaryimage\"},\"thumbnailUrl\":\"https:\\\/\\\/regiaonews.net.br\\\/2022\\\/wp-content\\\/uploads\\\/2023\\\/06\\\/download-1.png\",\"datePublished\":\"2023-06-23T00:02:50+00:00\",\"description\":\"Pol\u00edcia Civil e CPFL Paulista flagram \u201cgatos\u201d de energia em com\u00e9rcios de Ribeir\u00e3o Preto\",\"breadcrumb\":{\"@id\":\"https:\\\/\\\/regiaonews.net.br\\\/2022\\\/2023\\\/06\\\/22\\\/policia-civil-e-cpfl-paulista-flagram-gatos-de-energia-em-comercios-de-ribeirao-preto\\\/#breadcrumb\"},\"inLanguage\":\"pt-BR\",\"potentialAction\":[{\"@type\":\"ReadAction\",\"target\":[\"https:\\\/\\\/regiaonews.net.br\\\/2022\\\/2023\\\/06\\\/22\\\/policia-civil-e-cpfl-paulista-flagram-gatos-de-energia-em-comercios-de-ribeirao-preto\\\/\"]}]},{\"@type\":\"ImageObject\",\"inLanguage\":\"pt-BR\",\"@id\":\"https:\\\/\\\/regiaonews.net.br\\\/2022\\\/2023\\\/06\\\/22\\\/policia-civil-e-cpfl-paulista-flagram-gatos-de-energia-em-comercios-de-ribeirao-preto\\\/#primaryimage\",\"url\":\"https:\\\/\\\/regiaonews.net.br\\\/2022\\\/wp-content\\\/uploads\\\/2023\\\/06\\\/download-1.png\",\"contentUrl\":\"https:\\\/\\\/regiaonews.net.br\\\/2022\\\/wp-content\\\/uploads\\\/2023\\\/06\\\/download-1.png\",\"width\":1200,\"height\":1600},{\"@type\":\"BreadcrumbList\",\"@id\":\"https:\\\/\\\/regiaonews.net.br\\\/2022\\\/2023\\\/06\\\/22\\\/policia-civil-e-cpfl-paulista-flagram-gatos-de-energia-em-comercios-de-ribeirao-preto\\\/#breadcrumb\",\"itemListElement\":[{\"@type\":\"ListItem\",\"position\":1,\"name\":\"In\u00edcio\",\"item\":\"https:\\\/\\\/regiaonews.net.br\\\/2022\\\/\"},{\"@type\":\"ListItem\",\"position\":2,\"name\":\"Pol\u00edcia Civil e CPFL Paulista flagram \u201cgatos\u201d de energia em com\u00e9rcios de Ribeir\u00e3o Preto\"}]},{\"@type\":\"WebSite\",\"@id\":\"https:\\\/\\\/regiaonews.net.br\\\/2022\\\/#website\",\"url\":\"https:\\\/\\\/regiaonews.net.br\\\/2022\\\/\",\"name\":\"Regi\u00e3o News\",\"description\":\"Site de Not\u00edcias de Barretos e regi\u00e3o\",\"publisher\":{\"@id\":\"https:\\\/\\\/regiaonews.net.br\\\/2022\\\/#organization\"},\"potentialAction\":[{\"@type\":\"SearchAction\",\"target\":{\"@type\":\"EntryPoint\",\"urlTemplate\":\"https:\\\/\\\/regiaonews.net.br\\\/2022\\\/?s={search_term_string}\"},\"query-input\":{\"@type\":\"PropertyValueSpecification\",\"valueRequired\":true,\"valueName\":\"search_term_string\"}}],\"inLanguage\":\"pt-BR\"},{\"@type\":\"Organization\",\"@id\":\"https:\\\/\\\/regiaonews.net.br\\\/2022\\\/#organization\",\"name\":\"Regi\u00e3o News\",\"url\":\"https:\\\/\\\/regiaonews.net.br\\\/2022\\\/\",\"logo\":{\"@type\":\"ImageObject\",\"inLanguage\":\"pt-BR\",\"@id\":\"https:\\\/\\\/regiaonews.net.br\\\/2022\\\/#\\\/schema\\\/logo\\\/image\\\/\",\"url\":\"https:\\\/\\\/regiaonews.net.br\\\/2022\\\/wp-content\\\/uploads\\\/2026\\\/03\\\/regiao-13-anos-scaled.jpg\",\"contentUrl\":\"https:\\\/\\\/regiaonews.net.br\\\/2022\\\/wp-content\\\/uploads\\\/2026\\\/03\\\/regiao-13-anos-scaled.jpg\",\"width\":2560,\"height\":635,\"caption\":\"Regi\u00e3o News\"},\"image\":{\"@id\":\"https:\\\/\\\/regiaonews.net.br\\\/2022\\\/#\\\/schema\\\/logo\\\/image\\\/\"}},{\"@type\":\"Person\",\"@id\":\"https:\\\/\\\/regiaonews.net.br\\\/2022\\\/#\\\/schema\\\/person\\\/2d205a608a5aa97ac279d7a5e6d89ad8\",\"name\":\"Roberto\",\"image\":{\"@type\":\"ImageObject\",\"inLanguage\":\"pt-BR\",\"@id\":\"https:\\\/\\\/secure.gravatar.com\\\/avatar\\\/42749d8b712ff9d59ca93dc150494e5b55a44134482993f5baeb97e61b7ecc89?s=96&d=mm&r=g\",\"url\":\"https:\\\/\\\/secure.gravatar.com\\\/avatar\\\/42749d8b712ff9d59ca93dc150494e5b55a44134482993f5baeb97e61b7ecc89?s=96&d=mm&r=g\",\"contentUrl\":\"https:\\\/\\\/secure.gravatar.com\\\/avatar\\\/42749d8b712ff9d59ca93dc150494e5b55a44134482993f5baeb97e61b7ecc89?s=96&d=mm&r=g\",\"caption\":\"Roberto\"},\"url\":\"https:\\\/\\\/regiaonews.net.br\\\/2022\\\/author\\\/roberto\\\/\"}]}<\/script>\n<!-- \/ Yoast SEO plugin. -->","yoast_head_json":{"title":"Pol\u00edcia Civil e CPFL Paulista flagram \u201cgatos\u201d de energia em com\u00e9rcios de Ribeir\u00e3o Preto - Regi\u00e3o News","description":"Pol\u00edcia Civil e CPFL Paulista flagram \u201cgatos\u201d de energia em com\u00e9rcios de Ribeir\u00e3o Preto","robots":{"index":"index","follow":"follow","max-snippet":"max-snippet:-1","max-image-preview":"max-image-preview:large","max-video-preview":"max-video-preview:-1"},"canonical":"https:\/\/regiaonews.net.br\/2022\/2023\/06\/22\/policia-civil-e-cpfl-paulista-flagram-gatos-de-energia-em-comercios-de-ribeirao-preto\/","og_locale":"pt_BR","og_type":"article","og_title":"Pol\u00edcia Civil e CPFL Paulista flagram \u201cgatos\u201d de energia em com\u00e9rcios de Ribeir\u00e3o Preto - Regi\u00e3o News","og_description":"Pol\u00edcia Civil e CPFL Paulista flagram \u201cgatos\u201d de energia em com\u00e9rcios de Ribeir\u00e3o Preto","og_url":"https:\/\/regiaonews.net.br\/2022\/2023\/06\/22\/policia-civil-e-cpfl-paulista-flagram-gatos-de-energia-em-comercios-de-ribeirao-preto\/","og_site_name":"Regi\u00e3o News","article_published_time":"2023-06-23T00:02:50+00:00","og_image":[{"width":768,"height":1024,"url":"https:\/\/regiaonews.net.br\/2022\/wp-content\/uploads\/2023\/06\/download-1-768x1024.png","type":"image\/png"}],"author":"Roberto","twitter_card":"summary_large_image","twitter_misc":{"Escrito por":"Roberto","Est. tempo de leitura":"1 minuto"},"schema":{"@context":"https:\/\/schema.org","@graph":[{"@type":"Article","@id":"https:\/\/regiaonews.net.br\/2022\/2023\/06\/22\/policia-civil-e-cpfl-paulista-flagram-gatos-de-energia-em-comercios-de-ribeirao-preto\/#article","isPartOf":{"@id":"https:\/\/regiaonews.net.br\/2022\/2023\/06\/22\/policia-civil-e-cpfl-paulista-flagram-gatos-de-energia-em-comercios-de-ribeirao-preto\/"},"author":{"name":"Roberto","@id":"https:\/\/regiaonews.net.br\/2022\/#\/schema\/person\/2d205a608a5aa97ac279d7a5e6d89ad8"},"headline":"Pol\u00edcia Civil e CPFL Paulista flagram \u201cgatos\u201d de energia em com\u00e9rcios de Ribeir\u00e3o Preto","datePublished":"2023-06-23T00:02:50+00:00","mainEntityOfPage":{"@id":"https:\/\/regiaonews.net.br\/2022\/2023\/06\/22\/policia-civil-e-cpfl-paulista-flagram-gatos-de-energia-em-comercios-de-ribeirao-preto\/"},"wordCount":125,"commentCount":0,"publisher":{"@id":"https:\/\/regiaonews.net.br\/2022\/#organization"},"image":{"@id":"https:\/\/regiaonews.net.br\/2022\/2023\/06\/22\/policia-civil-e-cpfl-paulista-flagram-gatos-de-energia-em-comercios-de-ribeirao-preto\/#primaryimage"},"thumbnailUrl":"https:\/\/regiaonews.net.br\/2022\/wp-content\/uploads\/2023\/06\/download-1.png","articleSection":["Policia","Ribeir\u00e3o Preto"],"inLanguage":"pt-BR","potentialAction":[{"@type":"CommentAction","name":"Comment","target":["https:\/\/regiaonews.net.br\/2022\/2023\/06\/22\/policia-civil-e-cpfl-paulista-flagram-gatos-de-energia-em-comercios-de-ribeirao-preto\/#respond"]}]},{"@type":"WebPage","@id":"https:\/\/regiaonews.net.br\/2022\/2023\/06\/22\/policia-civil-e-cpfl-paulista-flagram-gatos-de-energia-em-comercios-de-ribeirao-preto\/","url":"https:\/\/regiaonews.net.br\/2022\/2023\/06\/22\/policia-civil-e-cpfl-paulista-flagram-gatos-de-energia-em-comercios-de-ribeirao-preto\/","name":"Pol\u00edcia Civil e CPFL Paulista flagram \u201cgatos\u201d de energia em com\u00e9rcios de Ribeir\u00e3o Preto - Regi\u00e3o News","isPartOf":{"@id":"https:\/\/regiaonews.net.br\/2022\/#website"},"primaryImageOfPage":{"@id":"https:\/\/regiaonews.net.br\/2022\/2023\/06\/22\/policia-civil-e-cpfl-paulista-flagram-gatos-de-energia-em-comercios-de-ribeirao-preto\/#primaryimage"},"image":{"@id":"https:\/\/regiaonews.net.br\/2022\/2023\/06\/22\/policia-civil-e-cpfl-paulista-flagram-gatos-de-energia-em-comercios-de-ribeirao-preto\/#primaryimage"},"thumbnailUrl":"https:\/\/regiaonews.net.br\/2022\/wp-content\/uploads\/2023\/06\/download-1.png","datePublished":"2023-06-23T00:02:50+00:00","description":"Pol\u00edcia Civil e CPFL Paulista flagram \u201cgatos\u201d de energia em com\u00e9rcios de Ribeir\u00e3o Preto","breadcrumb":{"@id":"https:\/\/regiaonews.net.br\/2022\/2023\/06\/22\/policia-civil-e-cpfl-paulista-flagram-gatos-de-energia-em-comercios-de-ribeirao-preto\/#breadcrumb"},"inLanguage":"pt-BR","potentialAction":[{"@type":"ReadAction","target":["https:\/\/regiaonews.net.br\/2022\/2023\/06\/22\/policia-civil-e-cpfl-paulista-flagram-gatos-de-energia-em-comercios-de-ribeirao-preto\/"]}]},{"@type":"ImageObject","inLanguage":"pt-BR","@id":"https:\/\/regiaonews.net.br\/2022\/2023\/06\/22\/policia-civil-e-cpfl-paulista-flagram-gatos-de-energia-em-comercios-de-ribeirao-preto\/#primaryimage","url":"https:\/\/regiaonews.net.br\/2022\/wp-content\/uploads\/2023\/06\/download-1.png","contentUrl":"https:\/\/regiaonews.net.br\/2022\/wp-content\/uploads\/2023\/06\/download-1.png","width":1200,"height":1600},{"@type":"BreadcrumbList","@id":"https:\/\/regiaonews.net.br\/2022\/2023\/06\/22\/policia-civil-e-cpfl-paulista-flagram-gatos-de-energia-em-comercios-de-ribeirao-preto\/#breadcrumb","itemListElement":[{"@type":"ListItem","position":1,"name":"In\u00edcio","item":"https:\/\/regiaonews.net.br\/2022\/"},{"@type":"ListItem","position":2,"name":"Pol\u00edcia Civil e CPFL Paulista flagram \u201cgatos\u201d de energia em com\u00e9rcios de Ribeir\u00e3o Preto"}]},{"@type":"WebSite","@id":"https:\/\/regiaonews.net.br\/2022\/#website","url":"https:\/\/regiaonews.net.br\/2022\/","name":"Regi\u00e3o News","description":"Site de Not\u00edcias de Barretos e regi\u00e3o","publisher":{"@id":"https:\/\/regiaonews.net.br\/2022\/#organization"},"potentialAction":[{"@type":"SearchAction","target":{"@type":"EntryPoint","urlTemplate":"https:\/\/regiaonews.net.br\/2022\/?s={search_term_string}"},"query-input":{"@type":"PropertyValueSpecification","valueRequired":true,"valueName":"search_term_string"}}],"inLanguage":"pt-BR"},{"@type":"Organization","@id":"https:\/\/regiaonews.net.br\/2022\/#organization","name":"Regi\u00e3o News","url":"https:\/\/regiaonews.net.br\/2022\/","logo":{"@type":"ImageObject","inLanguage":"pt-BR","@id":"https:\/\/regiaonews.net.br\/2022\/#\/schema\/logo\/image\/","url":"https:\/\/regiaonews.net.br\/2022\/wp-content\/uploads\/2026\/03\/regiao-13-anos-scaled.jpg","contentUrl":"https:\/\/regiaonews.net.br\/2022\/wp-content\/uploads\/2026\/03\/regiao-13-anos-scaled.jpg","width":2560,"height":635,"caption":"Regi\u00e3o News"},"image":{"@id":"https:\/\/regiaonews.net.br\/2022\/#\/schema\/logo\/image\/"}},{"@type":"Person","@id":"https:\/\/regiaonews.net.br\/2022\/#\/schema\/person\/2d205a608a5aa97ac279d7a5e6d89ad8","name":"Roberto","image":{"@type":"ImageObject","inLanguage":"pt-BR","@id":"https:\/\/secure.gravatar.com\/avatar\/42749d8b712ff9d59ca93dc150494e5b55a44134482993f5baeb97e61b7ecc89?s=96&d=mm&r=g","url":"https:\/\/secure.gravatar.com\/avatar\/42749d8b712ff9d59ca93dc150494e5b55a44134482993f5baeb97e61b7ecc89?s=96&d=mm&r=g","contentUrl":"https:\/\/secure.gravatar.com\/avatar\/42749d8b712ff9d59ca93dc150494e5b55a44134482993f5baeb97e61b7ecc89?s=96&d=mm&r=g","caption":"Roberto"},"url":"https:\/\/regiaonews.net.br\/2022\/author\/roberto\/"}]}},"publishpress_future_action":{"enabled":false,"date":"2026-05-03 03:43:26","action":"change-status","newStatus":"draft","terms":[],"taxonomy":"category","extraData":[]},"publishpress_future_workflow_manual_trigger":{"enabledWorkflows":[]},"_links":{"self":[{"href":"https:\/\/regiaonews.net.br\/2022\/wp-json\/wp\/v2\/posts\/90414","targetHints":{"allow":["GET"]}}],"collection":[{"href":"https:\/\/regiaonews.net.br\/2022\/wp-json\/wp\/v2\/posts"}],"about":[{"href":"https:\/\/regiaonews.net.br\/2022\/wp-json\/wp\/v2\/types\/post"}],"author":[{"embeddable":true,"href":"https:\/\/regiaonews.net.br\/2022\/wp-json\/wp\/v2\/users\/2"}],"replies":[{"embeddable":true,"href":"https:\/\/regiaonews.net.br\/2022\/wp-json\/wp\/v2\/comments?post=90414"}],"version-history":[{"count":1,"href":"https:\/\/regiaonews.net.br\/2022\/wp-json\/wp\/v2\/posts\/90414\/revisions"}],"predecessor-version":[{"id":90416,"href":"https:\/\/regiaonews.net.br\/2022\/wp-json\/wp\/v2\/posts\/90414\/revisions\/90416"}],"wp:featuredmedia":[{"embeddable":true,"href":"https:\/\/regiaonews.net.br\/2022\/wp-json\/wp\/v2\/media\/90415"}],"wp:attachment":[{"href":"https:\/\/regiaonews.net.br\/2022\/wp-json\/wp\/v2\/media?parent=90414"}],"wp:term":[{"taxonomy":"category","embeddable":true,"href":"https:\/\/regiaonews.net.br\/2022\/wp-json\/wp\/v2\/categories?post=90414"},{"taxonomy":"post_tag","embeddable":true,"href":"https:\/\/regiaonews.net.br\/2022\/wp-json\/wp\/v2\/tags?post=90414"}],"curies":[{"name":"wp","href":"https:\/\/api.w.org\/{rel}","templated":true}]}}