{"id":90397,"date":"2023-06-22T16:05:52","date_gmt":"2023-06-22T19:05:52","guid":{"rendered":"https:\/\/regiaonews.net.br\/2022\/?p=90397"},"modified":"2023-06-22T16:05:52","modified_gmt":"2023-06-22T19:05:52","slug":"concurso-rainha-da-festa-do-peao-de-barretos-tem-inscricoes-abertas","status":"publish","type":"post","link":"https:\/\/regiaonews.net.br\/2022\/2023\/06\/22\/concurso-rainha-da-festa-do-peao-de-barretos-tem-inscricoes-abertas\/","title":{"rendered":"Concurso Rainha da Festa do Pe\u00e3o de Barretos tem inscri\u00e7\u00f5es abertas"},"content":{"rendered":"<h3 style=\"text-align: center;\">Escolha ocorre no dia 04 de agosto no North Shopping Barretos.<\/h3>\n<p>O tradicional concurso para escolha da Rainha e da Princesa que v\u00e3o representar a 68\u00aa Festa do Pe\u00e3o de Barretos est\u00e1 com inscri\u00e7\u00f5es abertas. As interessadas \u2013 que necessariamente precisam ser barretenses ou moradoras da cidade h\u00e1 pelo menos um ano e solteiras \u2013 podem se inscrever at\u00e9 o dia 30 de junho.<\/p>\n<p>As candidatas inscritas passar\u00e3o por uma pr\u00e9-sele\u00e7\u00e3o e as finalistas se apresentam para um corpo de jurados no concurso que acontece no dia 04 de agosto, no North Shopping Barretos a partir das 20h.<\/p>\n<p>Para realizar a inscri\u00e7\u00e3o \u00e9 necess\u00e1rio baixar o regulamento e a ficha de inscri\u00e7\u00e3o no site de Os Independentes ou do North Shopping Barretos, preencher com os documentos exigidos e entregar na administra\u00e7\u00e3o do shopping.<\/p>\n<p>\u201cNesta primeira etapa vamos receber as inscri\u00e7\u00f5es das candidatas que devem atender a todas as especifica\u00e7\u00f5es do regulamento que est\u00e1 dispon\u00edvel no site de Os Independentes e do shopping. Elas j\u00e1 ser\u00e3o avaliadas e as selecionadas se apresentam em desfiles especialmente produzidos para a ocasi\u00e3o no concurso do dia 04 de agosto, quando ser\u00e3o escolhidas a Rainha e a Princesa\u201d, explica o coordenador Fernando Moni, Diretor Social de Os Independentes.<\/p>\n<p>Regulamento e ficha de inscri\u00e7\u00e3o dispon\u00edveis no site oficial da Festa e do North Shopping Barretos: https:\/\/www.independentes.com.br\/festadopeao\/inicio ou https:\/\/northshoppingbarretos.com.br\/<\/p>\n<p>O Concurso Rainha Os Independentes \u00e9 uma realiza\u00e7\u00e3o da Associa\u00e7\u00e3o Os Independentes em parceria com o North Shopping Barretos, com organiza\u00e7\u00e3o de Milton Figueiredo e produ\u00e7\u00e3o de Reinaldo Costa.<\/p>\n<p>Mais informa\u00e7\u00f5es: (17) 99150-8621 com Milton Figueiredo.<\/p>\n<p>Ph\u00e1brica de Ideias &#8211; Assessoria de Comunica\u00e7\u00e3o e relacionamento com a imprensa<br \/>\nContatos da equipe: (16) 99991-5904\/ (17) 99731-3210 \/ (17) 99785-5669 \/ (16) 99732-1938 \/\u00a0(17)\u00a099775-8666<\/p>\n","protected":false},"excerpt":{"rendered":"<p>Escolha ocorre no dia 04 de agosto no North Shopping<\/p>\n","protected":false},"author":2,"featured_media":90398,"comment_status":"open","ping_status":"open","sticky":false,"template":"","format":"standard","meta":{"footnotes":""},"categories":[14,3],"tags":[],"class_list":["post-90397","post","type-post","status-publish","format-standard","has-post-thumbnail","hentry","category-barretos","category-geral"],"yoast_head":"<!-- This site is optimized with the Yoast SEO plugin v27.4 - https:\/\/yoast.com\/product\/yoast-seo-wordpress\/ -->\n<title>Concurso Rainha da Festa do Pe\u00e3o de Barretos tem inscri\u00e7\u00f5es abertas - Regi\u00e3o News<\/title>\n<meta name=\"robots\" content=\"index, follow, max-snippet:-1, max-image-preview:large, max-video-preview:-1\" \/>\n<link rel=\"canonical\" href=\"https:\/\/regiaonews.net.br\/2022\/2023\/06\/22\/concurso-rainha-da-festa-do-peao-de-barretos-tem-inscricoes-abertas\/\" \/>\n<meta property=\"og:locale\" content=\"pt_BR\" \/>\n<meta property=\"og:type\" content=\"article\" \/>\n<meta property=\"og:title\" content=\"Concurso Rainha da Festa do Pe\u00e3o de Barretos tem inscri\u00e7\u00f5es abertas - Regi\u00e3o News\" \/>\n<meta property=\"og:description\" content=\"Escolha ocorre no dia 04 de agosto no North Shopping\" \/>\n<meta property=\"og:url\" content=\"https:\/\/regiaonews.net.br\/2022\/2023\/06\/22\/concurso-rainha-da-festa-do-peao-de-barretos-tem-inscricoes-abertas\/\" \/>\n<meta property=\"og:site_name\" content=\"Regi\u00e3o News\" \/>\n<meta property=\"article:published_time\" content=\"2023-06-22T19:05:52+00:00\" \/>\n<meta property=\"og:image\" content=\"https:\/\/regiaonews.net.br\/2022\/wp-content\/uploads\/2023\/06\/Imagem-do-WhatsApp-de-2023-06-22-as-16.01.11.jpg\" \/>\n\t<meta property=\"og:image:width\" content=\"1066\" \/>\n\t<meta property=\"og:image:height\" content=\"1600\" \/>\n\t<meta property=\"og:image:type\" content=\"image\/jpeg\" \/>\n<meta name=\"author\" content=\"Roberto\" \/>\n<meta name=\"twitter:card\" content=\"summary_large_image\" \/>\n<meta name=\"twitter:label1\" content=\"Escrito por\" \/>\n\t<meta name=\"twitter:data1\" content=\"Roberto\" \/>\n\t<meta name=\"twitter:label2\" content=\"Est. tempo de leitura\" \/>\n\t<meta name=\"twitter:data2\" content=\"2 minutos\" \/>\n<script type=\"application\/ld+json\" class=\"yoast-schema-graph\">{\"@context\":\"https:\\\/\\\/schema.org\",\"@graph\":[{\"@type\":\"Article\",\"@id\":\"https:\\\/\\\/regiaonews.net.br\\\/2022\\\/2023\\\/06\\\/22\\\/concurso-rainha-da-festa-do-peao-de-barretos-tem-inscricoes-abertas\\\/#article\",\"isPartOf\":{\"@id\":\"https:\\\/\\\/regiaonews.net.br\\\/2022\\\/2023\\\/06\\\/22\\\/concurso-rainha-da-festa-do-peao-de-barretos-tem-inscricoes-abertas\\\/\"},\"author\":{\"name\":\"Roberto\",\"@id\":\"https:\\\/\\\/regiaonews.net.br\\\/2022\\\/#\\\/schema\\\/person\\\/2d205a608a5aa97ac279d7a5e6d89ad8\"},\"headline\":\"Concurso Rainha da Festa do Pe\u00e3o de Barretos tem inscri\u00e7\u00f5es abertas\",\"datePublished\":\"2023-06-22T19:05:52+00:00\",\"mainEntityOfPage\":{\"@id\":\"https:\\\/\\\/regiaonews.net.br\\\/2022\\\/2023\\\/06\\\/22\\\/concurso-rainha-da-festa-do-peao-de-barretos-tem-inscricoes-abertas\\\/\"},\"wordCount\":315,\"commentCount\":0,\"publisher\":{\"@id\":\"https:\\\/\\\/regiaonews.net.br\\\/2022\\\/#organization\"},\"image\":{\"@id\":\"https:\\\/\\\/regiaonews.net.br\\\/2022\\\/2023\\\/06\\\/22\\\/concurso-rainha-da-festa-do-peao-de-barretos-tem-inscricoes-abertas\\\/#primaryimage\"},\"thumbnailUrl\":\"https:\\\/\\\/regiaonews.net.br\\\/2022\\\/wp-content\\\/uploads\\\/2023\\\/06\\\/Imagem-do-WhatsApp-de-2023-06-22-as-16.01.11.jpg\",\"articleSection\":[\"Barretos\",\"Geral\"],\"inLanguage\":\"pt-BR\",\"potentialAction\":[{\"@type\":\"CommentAction\",\"name\":\"Comment\",\"target\":[\"https:\\\/\\\/regiaonews.net.br\\\/2022\\\/2023\\\/06\\\/22\\\/concurso-rainha-da-festa-do-peao-de-barretos-tem-inscricoes-abertas\\\/#respond\"]}]},{\"@type\":\"WebPage\",\"@id\":\"https:\\\/\\\/regiaonews.net.br\\\/2022\\\/2023\\\/06\\\/22\\\/concurso-rainha-da-festa-do-peao-de-barretos-tem-inscricoes-abertas\\\/\",\"url\":\"https:\\\/\\\/regiaonews.net.br\\\/2022\\\/2023\\\/06\\\/22\\\/concurso-rainha-da-festa-do-peao-de-barretos-tem-inscricoes-abertas\\\/\",\"name\":\"Concurso Rainha da Festa do Pe\u00e3o de Barretos tem inscri\u00e7\u00f5es abertas - Regi\u00e3o News\",\"isPartOf\":{\"@id\":\"https:\\\/\\\/regiaonews.net.br\\\/2022\\\/#website\"},\"primaryImageOfPage\":{\"@id\":\"https:\\\/\\\/regiaonews.net.br\\\/2022\\\/2023\\\/06\\\/22\\\/concurso-rainha-da-festa-do-peao-de-barretos-tem-inscricoes-abertas\\\/#primaryimage\"},\"image\":{\"@id\":\"https:\\\/\\\/regiaonews.net.br\\\/2022\\\/2023\\\/06\\\/22\\\/concurso-rainha-da-festa-do-peao-de-barretos-tem-inscricoes-abertas\\\/#primaryimage\"},\"thumbnailUrl\":\"https:\\\/\\\/regiaonews.net.br\\\/2022\\\/wp-content\\\/uploads\\\/2023\\\/06\\\/Imagem-do-WhatsApp-de-2023-06-22-as-16.01.11.jpg\",\"datePublished\":\"2023-06-22T19:05:52+00:00\",\"breadcrumb\":{\"@id\":\"https:\\\/\\\/regiaonews.net.br\\\/2022\\\/2023\\\/06\\\/22\\\/concurso-rainha-da-festa-do-peao-de-barretos-tem-inscricoes-abertas\\\/#breadcrumb\"},\"inLanguage\":\"pt-BR\",\"potentialAction\":[{\"@type\":\"ReadAction\",\"target\":[\"https:\\\/\\\/regiaonews.net.br\\\/2022\\\/2023\\\/06\\\/22\\\/concurso-rainha-da-festa-do-peao-de-barretos-tem-inscricoes-abertas\\\/\"]}]},{\"@type\":\"ImageObject\",\"inLanguage\":\"pt-BR\",\"@id\":\"https:\\\/\\\/regiaonews.net.br\\\/2022\\\/2023\\\/06\\\/22\\\/concurso-rainha-da-festa-do-peao-de-barretos-tem-inscricoes-abertas\\\/#primaryimage\",\"url\":\"https:\\\/\\\/regiaonews.net.br\\\/2022\\\/wp-content\\\/uploads\\\/2023\\\/06\\\/Imagem-do-WhatsApp-de-2023-06-22-as-16.01.11.jpg\",\"contentUrl\":\"https:\\\/\\\/regiaonews.net.br\\\/2022\\\/wp-content\\\/uploads\\\/2023\\\/06\\\/Imagem-do-WhatsApp-de-2023-06-22-as-16.01.11.jpg\",\"width\":1066,\"height\":1600},{\"@type\":\"BreadcrumbList\",\"@id\":\"https:\\\/\\\/regiaonews.net.br\\\/2022\\\/2023\\\/06\\\/22\\\/concurso-rainha-da-festa-do-peao-de-barretos-tem-inscricoes-abertas\\\/#breadcrumb\",\"itemListElement\":[{\"@type\":\"ListItem\",\"position\":1,\"name\":\"In\u00edcio\",\"item\":\"https:\\\/\\\/regiaonews.net.br\\\/2022\\\/\"},{\"@type\":\"ListItem\",\"position\":2,\"name\":\"Concurso Rainha da Festa do Pe\u00e3o de Barretos tem inscri\u00e7\u00f5es abertas\"}]},{\"@type\":\"WebSite\",\"@id\":\"https:\\\/\\\/regiaonews.net.br\\\/2022\\\/#website\",\"url\":\"https:\\\/\\\/regiaonews.net.br\\\/2022\\\/\",\"name\":\"Regi\u00e3o News\",\"description\":\"Site de Not\u00edcias de Barretos e regi\u00e3o\",\"publisher\":{\"@id\":\"https:\\\/\\\/regiaonews.net.br\\\/2022\\\/#organization\"},\"potentialAction\":[{\"@type\":\"SearchAction\",\"target\":{\"@type\":\"EntryPoint\",\"urlTemplate\":\"https:\\\/\\\/regiaonews.net.br\\\/2022\\\/?s={search_term_string}\"},\"query-input\":{\"@type\":\"PropertyValueSpecification\",\"valueRequired\":true,\"valueName\":\"search_term_string\"}}],\"inLanguage\":\"pt-BR\"},{\"@type\":\"Organization\",\"@id\":\"https:\\\/\\\/regiaonews.net.br\\\/2022\\\/#organization\",\"name\":\"Regi\u00e3o News\",\"url\":\"https:\\\/\\\/regiaonews.net.br\\\/2022\\\/\",\"logo\":{\"@type\":\"ImageObject\",\"inLanguage\":\"pt-BR\",\"@id\":\"https:\\\/\\\/regiaonews.net.br\\\/2022\\\/#\\\/schema\\\/logo\\\/image\\\/\",\"url\":\"https:\\\/\\\/regiaonews.net.br\\\/2022\\\/wp-content\\\/uploads\\\/2026\\\/03\\\/regiao-13-anos-scaled.jpg\",\"contentUrl\":\"https:\\\/\\\/regiaonews.net.br\\\/2022\\\/wp-content\\\/uploads\\\/2026\\\/03\\\/regiao-13-anos-scaled.jpg\",\"width\":2560,\"height\":635,\"caption\":\"Regi\u00e3o News\"},\"image\":{\"@id\":\"https:\\\/\\\/regiaonews.net.br\\\/2022\\\/#\\\/schema\\\/logo\\\/image\\\/\"}},{\"@type\":\"Person\",\"@id\":\"https:\\\/\\\/regiaonews.net.br\\\/2022\\\/#\\\/schema\\\/person\\\/2d205a608a5aa97ac279d7a5e6d89ad8\",\"name\":\"Roberto\",\"image\":{\"@type\":\"ImageObject\",\"inLanguage\":\"pt-BR\",\"@id\":\"https:\\\/\\\/secure.gravatar.com\\\/avatar\\\/42749d8b712ff9d59ca93dc150494e5b55a44134482993f5baeb97e61b7ecc89?s=96&d=mm&r=g\",\"url\":\"https:\\\/\\\/secure.gravatar.com\\\/avatar\\\/42749d8b712ff9d59ca93dc150494e5b55a44134482993f5baeb97e61b7ecc89?s=96&d=mm&r=g\",\"contentUrl\":\"https:\\\/\\\/secure.gravatar.com\\\/avatar\\\/42749d8b712ff9d59ca93dc150494e5b55a44134482993f5baeb97e61b7ecc89?s=96&d=mm&r=g\",\"caption\":\"Roberto\"},\"url\":\"https:\\\/\\\/regiaonews.net.br\\\/2022\\\/author\\\/roberto\\\/\"}]}<\/script>\n<!-- \/ Yoast SEO plugin. -->","yoast_head_json":{"title":"Concurso Rainha da Festa do Pe\u00e3o de Barretos tem inscri\u00e7\u00f5es abertas - Regi\u00e3o News","robots":{"index":"index","follow":"follow","max-snippet":"max-snippet:-1","max-image-preview":"max-image-preview:large","max-video-preview":"max-video-preview:-1"},"canonical":"https:\/\/regiaonews.net.br\/2022\/2023\/06\/22\/concurso-rainha-da-festa-do-peao-de-barretos-tem-inscricoes-abertas\/","og_locale":"pt_BR","og_type":"article","og_title":"Concurso Rainha da Festa do Pe\u00e3o de Barretos tem inscri\u00e7\u00f5es abertas - Regi\u00e3o News","og_description":"Escolha ocorre no dia 04 de agosto no North Shopping","og_url":"https:\/\/regiaonews.net.br\/2022\/2023\/06\/22\/concurso-rainha-da-festa-do-peao-de-barretos-tem-inscricoes-abertas\/","og_site_name":"Regi\u00e3o News","article_published_time":"2023-06-22T19:05:52+00:00","og_image":[{"width":1066,"height":1600,"url":"https:\/\/regiaonews.net.br\/2022\/wp-content\/uploads\/2023\/06\/Imagem-do-WhatsApp-de-2023-06-22-as-16.01.11.jpg","type":"image\/jpeg"}],"author":"Roberto","twitter_card":"summary_large_image","twitter_misc":{"Escrito por":"Roberto","Est. tempo de leitura":"2 minutos"},"schema":{"@context":"https:\/\/schema.org","@graph":[{"@type":"Article","@id":"https:\/\/regiaonews.net.br\/2022\/2023\/06\/22\/concurso-rainha-da-festa-do-peao-de-barretos-tem-inscricoes-abertas\/#article","isPartOf":{"@id":"https:\/\/regiaonews.net.br\/2022\/2023\/06\/22\/concurso-rainha-da-festa-do-peao-de-barretos-tem-inscricoes-abertas\/"},"author":{"name":"Roberto","@id":"https:\/\/regiaonews.net.br\/2022\/#\/schema\/person\/2d205a608a5aa97ac279d7a5e6d89ad8"},"headline":"Concurso Rainha da Festa do Pe\u00e3o de Barretos tem inscri\u00e7\u00f5es abertas","datePublished":"2023-06-22T19:05:52+00:00","mainEntityOfPage":{"@id":"https:\/\/regiaonews.net.br\/2022\/2023\/06\/22\/concurso-rainha-da-festa-do-peao-de-barretos-tem-inscricoes-abertas\/"},"wordCount":315,"commentCount":0,"publisher":{"@id":"https:\/\/regiaonews.net.br\/2022\/#organization"},"image":{"@id":"https:\/\/regiaonews.net.br\/2022\/2023\/06\/22\/concurso-rainha-da-festa-do-peao-de-barretos-tem-inscricoes-abertas\/#primaryimage"},"thumbnailUrl":"https:\/\/regiaonews.net.br\/2022\/wp-content\/uploads\/2023\/06\/Imagem-do-WhatsApp-de-2023-06-22-as-16.01.11.jpg","articleSection":["Barretos","Geral"],"inLanguage":"pt-BR","potentialAction":[{"@type":"CommentAction","name":"Comment","target":["https:\/\/regiaonews.net.br\/2022\/2023\/06\/22\/concurso-rainha-da-festa-do-peao-de-barretos-tem-inscricoes-abertas\/#respond"]}]},{"@type":"WebPage","@id":"https:\/\/regiaonews.net.br\/2022\/2023\/06\/22\/concurso-rainha-da-festa-do-peao-de-barretos-tem-inscricoes-abertas\/","url":"https:\/\/regiaonews.net.br\/2022\/2023\/06\/22\/concurso-rainha-da-festa-do-peao-de-barretos-tem-inscricoes-abertas\/","name":"Concurso Rainha da Festa do Pe\u00e3o de Barretos tem inscri\u00e7\u00f5es abertas - Regi\u00e3o News","isPartOf":{"@id":"https:\/\/regiaonews.net.br\/2022\/#website"},"primaryImageOfPage":{"@id":"https:\/\/regiaonews.net.br\/2022\/2023\/06\/22\/concurso-rainha-da-festa-do-peao-de-barretos-tem-inscricoes-abertas\/#primaryimage"},"image":{"@id":"https:\/\/regiaonews.net.br\/2022\/2023\/06\/22\/concurso-rainha-da-festa-do-peao-de-barretos-tem-inscricoes-abertas\/#primaryimage"},"thumbnailUrl":"https:\/\/regiaonews.net.br\/2022\/wp-content\/uploads\/2023\/06\/Imagem-do-WhatsApp-de-2023-06-22-as-16.01.11.jpg","datePublished":"2023-06-22T19:05:52+00:00","breadcrumb":{"@id":"https:\/\/regiaonews.net.br\/2022\/2023\/06\/22\/concurso-rainha-da-festa-do-peao-de-barretos-tem-inscricoes-abertas\/#breadcrumb"},"inLanguage":"pt-BR","potentialAction":[{"@type":"ReadAction","target":["https:\/\/regiaonews.net.br\/2022\/2023\/06\/22\/concurso-rainha-da-festa-do-peao-de-barretos-tem-inscricoes-abertas\/"]}]},{"@type":"ImageObject","inLanguage":"pt-BR","@id":"https:\/\/regiaonews.net.br\/2022\/2023\/06\/22\/concurso-rainha-da-festa-do-peao-de-barretos-tem-inscricoes-abertas\/#primaryimage","url":"https:\/\/regiaonews.net.br\/2022\/wp-content\/uploads\/2023\/06\/Imagem-do-WhatsApp-de-2023-06-22-as-16.01.11.jpg","contentUrl":"https:\/\/regiaonews.net.br\/2022\/wp-content\/uploads\/2023\/06\/Imagem-do-WhatsApp-de-2023-06-22-as-16.01.11.jpg","width":1066,"height":1600},{"@type":"BreadcrumbList","@id":"https:\/\/regiaonews.net.br\/2022\/2023\/06\/22\/concurso-rainha-da-festa-do-peao-de-barretos-tem-inscricoes-abertas\/#breadcrumb","itemListElement":[{"@type":"ListItem","position":1,"name":"In\u00edcio","item":"https:\/\/regiaonews.net.br\/2022\/"},{"@type":"ListItem","position":2,"name":"Concurso Rainha da Festa do Pe\u00e3o de Barretos tem inscri\u00e7\u00f5es abertas"}]},{"@type":"WebSite","@id":"https:\/\/regiaonews.net.br\/2022\/#website","url":"https:\/\/regiaonews.net.br\/2022\/","name":"Regi\u00e3o News","description":"Site de Not\u00edcias de Barretos e regi\u00e3o","publisher":{"@id":"https:\/\/regiaonews.net.br\/2022\/#organization"},"potentialAction":[{"@type":"SearchAction","target":{"@type":"EntryPoint","urlTemplate":"https:\/\/regiaonews.net.br\/2022\/?s={search_term_string}"},"query-input":{"@type":"PropertyValueSpecification","valueRequired":true,"valueName":"search_term_string"}}],"inLanguage":"pt-BR"},{"@type":"Organization","@id":"https:\/\/regiaonews.net.br\/2022\/#organization","name":"Regi\u00e3o News","url":"https:\/\/regiaonews.net.br\/2022\/","logo":{"@type":"ImageObject","inLanguage":"pt-BR","@id":"https:\/\/regiaonews.net.br\/2022\/#\/schema\/logo\/image\/","url":"https:\/\/regiaonews.net.br\/2022\/wp-content\/uploads\/2026\/03\/regiao-13-anos-scaled.jpg","contentUrl":"https:\/\/regiaonews.net.br\/2022\/wp-content\/uploads\/2026\/03\/regiao-13-anos-scaled.jpg","width":2560,"height":635,"caption":"Regi\u00e3o News"},"image":{"@id":"https:\/\/regiaonews.net.br\/2022\/#\/schema\/logo\/image\/"}},{"@type":"Person","@id":"https:\/\/regiaonews.net.br\/2022\/#\/schema\/person\/2d205a608a5aa97ac279d7a5e6d89ad8","name":"Roberto","image":{"@type":"ImageObject","inLanguage":"pt-BR","@id":"https:\/\/secure.gravatar.com\/avatar\/42749d8b712ff9d59ca93dc150494e5b55a44134482993f5baeb97e61b7ecc89?s=96&d=mm&r=g","url":"https:\/\/secure.gravatar.com\/avatar\/42749d8b712ff9d59ca93dc150494e5b55a44134482993f5baeb97e61b7ecc89?s=96&d=mm&r=g","contentUrl":"https:\/\/secure.gravatar.com\/avatar\/42749d8b712ff9d59ca93dc150494e5b55a44134482993f5baeb97e61b7ecc89?s=96&d=mm&r=g","caption":"Roberto"},"url":"https:\/\/regiaonews.net.br\/2022\/author\/roberto\/"}]}},"publishpress_future_action":{"enabled":false,"date":"2026-05-03 10:12:23","action":"change-status","newStatus":"draft","terms":[],"taxonomy":"category","extraData":[]},"publishpress_future_workflow_manual_trigger":{"enabledWorkflows":[]},"_links":{"self":[{"href":"https:\/\/regiaonews.net.br\/2022\/wp-json\/wp\/v2\/posts\/90397","targetHints":{"allow":["GET"]}}],"collection":[{"href":"https:\/\/regiaonews.net.br\/2022\/wp-json\/wp\/v2\/posts"}],"about":[{"href":"https:\/\/regiaonews.net.br\/2022\/wp-json\/wp\/v2\/types\/post"}],"author":[{"embeddable":true,"href":"https:\/\/regiaonews.net.br\/2022\/wp-json\/wp\/v2\/users\/2"}],"replies":[{"embeddable":true,"href":"https:\/\/regiaonews.net.br\/2022\/wp-json\/wp\/v2\/comments?post=90397"}],"version-history":[{"count":1,"href":"https:\/\/regiaonews.net.br\/2022\/wp-json\/wp\/v2\/posts\/90397\/revisions"}],"predecessor-version":[{"id":90399,"href":"https:\/\/regiaonews.net.br\/2022\/wp-json\/wp\/v2\/posts\/90397\/revisions\/90399"}],"wp:featuredmedia":[{"embeddable":true,"href":"https:\/\/regiaonews.net.br\/2022\/wp-json\/wp\/v2\/media\/90398"}],"wp:attachment":[{"href":"https:\/\/regiaonews.net.br\/2022\/wp-json\/wp\/v2\/media?parent=90397"}],"wp:term":[{"taxonomy":"category","embeddable":true,"href":"https:\/\/regiaonews.net.br\/2022\/wp-json\/wp\/v2\/categories?post=90397"},{"taxonomy":"post_tag","embeddable":true,"href":"https:\/\/regiaonews.net.br\/2022\/wp-json\/wp\/v2\/tags?post=90397"}],"curies":[{"name":"wp","href":"https:\/\/api.w.org\/{rel}","templated":true}]}}