{"id":90383,"date":"2023-06-22T11:51:35","date_gmt":"2023-06-22T14:51:35","guid":{"rendered":"https:\/\/regiaonews.net.br\/2022\/?p=90383"},"modified":"2023-06-22T11:51:35","modified_gmt":"2023-06-22T14:51:35","slug":"instituto-sociocultural-do-hospital-de-amor-apoia-o-1-seminario-de-diversidade-inclusao","status":"publish","type":"post","link":"https:\/\/regiaonews.net.br\/2022\/2023\/06\/22\/instituto-sociocultural-do-hospital-de-amor-apoia-o-1-seminario-de-diversidade-inclusao\/","title":{"rendered":"Instituto Sociocultural do Hospital de Amor apoia o \u20181\u00b0 Semin\u00e1rio de Diversidade &#038; Inclus\u00e3o\u2019"},"content":{"rendered":"<h3 style=\"text-align: center;\"><strong>Os assuntos abordados no evento ser\u00e3o sobre: preconceito, inclus\u00e3o, sexualidade, autonomia na 3\u00aa idade e lideran\u00e7a feminina.<\/strong><\/h3>\n<p>A diversidade \u00e9 a variedade existente de uma sociedade em rela\u00e7\u00e3o \u00e0 cultura, ra\u00e7a, etnia, religi\u00e3o, orienta\u00e7\u00e3o sexual e g\u00eanero. Por\u00e9m, devido \u00e0s estruturas sociais, viver em harmonia pode n\u00e3o ser simples para alguns grupos e em algumas ocasi\u00f5es, seja pelo impedimento de determinados indiv\u00edduos em alguns espa\u00e7os, pela hist\u00f3ria de opress\u00e3o a um grupo espec\u00edfico ou por preconceitos estruturais da sociedade.<\/p>\n<p>O preconceito muitas vezes dita, de modo opressor, como o ser humano deve se comportar perante a sociedade, seja em rela\u00e7\u00e3o \u00e0 orienta\u00e7\u00e3o sexual, apar\u00eancia, posi\u00e7\u00e3o social, etc; visando que todos se encaixem em um determinado \u2018padr\u00e3o\u2019, e quando isso n\u00e3o acontece, pode existir algum conflito.<\/p>\n<p>Por isso, falar sobre diversidade e inclus\u00e3o \u00e9 indispens\u00e1vel. Com a diversidade \u00e9 poss\u00edvel compreender as diferen\u00e7as que existem na sociedade e a import\u00e2ncia de respeit\u00e1-las, j\u00e1 a inclus\u00e3o \u00e9 essencial para que todos tenham os mesmos direitos sociais, garantindo acesso igualit\u00e1rio \u00e0 educa\u00e7\u00e3o, sa\u00fade, trabalho e recursos necess\u00e1rios para suprir suas demandas. Para a Coordenadora do Instituto Sociocultural do HA, Aline Dias, \u201coportunizar eventos de cultura de excel\u00eancia e de forma gratuita atrav\u00e9s de Leis Culturais, \u00e9 gratificante, principalmente dando luz aos valores da Institui\u00e7\u00e3o.&#8221;<\/p>\n<p>Sabendo da import\u00e2ncia de debater sobre o assunto e com o objetivo de fomentar e incentivar a reflex\u00e3o com os colaboradores do Hospital de Amor, comunidade e parceiros em torno de temas atuais e relevantes, relacionados \u00e0 diversidade e inclus\u00e3o, o Instituto Sociocultural do Hospital de Amor apoia, por meio do ProAC (Programa de A\u00e7\u00e3o Cultural de S\u00e3o Paulo), o\u00a0<strong>\u20181\u00b0 Semin\u00e1rio de Diversidade &amp; Inclus\u00e3o\u2019<\/strong>, que ser\u00e1 realizado de 26 a 28 de junho pelo Governo do Estado de S\u00e3o Paulo, no munic\u00edpio de Barretos (SP).<\/p>\n<p>A programa\u00e7\u00e3o do evento contar\u00e1 com seis palestrantes que falar\u00e3o sobre: \u2018Barreiras do Preconceito\u2019, \u2018Sensibilidade e Inclus\u00e3o\u2019, \u2018Sexualidade e o Universo LGBTQIA+\u2019, \u201860+: Autonomia na 3\u00aa Idade\u2019 e \u2018Lideran\u00e7a Feminina\u2019. O evento acontecer\u00e1 no Audit\u00f3rio do Hospital de Amor Infantojuvenil, a partir das 9h.<\/p>\n<p>Os interessados dever\u00e3o fazer a inscri\u00e7\u00e3o no\u00a0<a href=\"https:\/\/s2306.imxsnd26.com\/link.php?code=bDpodHRwcyUzQSUyRiUyRnd3dy5oYS5jb20udmMlMkZzZW1pbmFyaW9kaXZlcnNpZGFkZTozODg5MTcwOTIwOnJvYmVydG9qb3NlMzBAaG90bWFpbC5jb206YjA4OGE0OjRj\" target=\"_blank\" rel=\"noopener\" data-saferedirecturl=\"https:\/\/www.google.com\/url?q=https:\/\/s2306.imxsnd26.com\/link.php?code%3DbDpodHRwcyUzQSUyRiUyRnd3dy5oYS5jb20udmMlMkZzZW1pbmFyaW9kaXZlcnNpZGFkZTozODg5MTcwOTIwOnJvYmVydG9qb3NlMzBAaG90bWFpbC5jb206YjA4OGE0OjRj&amp;source=gmail&amp;ust=1687531491725000&amp;usg=AOvVaw1Sc8qLX-DN_eLngEoCOoSZ\">site<\/a>, at\u00e9 o dia 25\/6 ou at\u00e9 que as vagas limitadas sejam preenchidas.<\/p>\n<p>Participe, o respeito \u00e9 a base de tudo!<br \/>\n<strong>Sobre o Instituto Sociocultural:<\/strong><\/p>\n<p>Fundado em 2008, o Instituto Sociocultural \u00e9 uma associa\u00e7\u00e3o civil sem fins lucrativos, por meio de iniciativa da Diretoria de Ensino e Pesquisa do Hospital de Amor.<\/p>\n<p>A lista de atividades do Instituto Sociocultural Hospital Amor \u00e9 extensa e vai desde projetos e a\u00e7\u00f5es de ensino e pesquisa, visando \u00e0 melhoria da vida e dos indicadores sociais da popula\u00e7\u00e3o, at\u00e9 o desenvolvimento de projetos relacionados aos direitos humanos e \u00e0 cultura.<br \/>\n<strong>Sobre o ProAC:<\/strong><\/p>\n<p>O\u00a0Programa de A\u00e7\u00e3o Cultural (ProAC) \u00e9 uma legisla\u00e7\u00e3o de incentivo \u00e0 cultura do Estado de S\u00e3o Paulo criada em 2006 atrav\u00e9s da Lei n\u00ba 12.268\/2006. Desde a sua cria\u00e7\u00e3o, o programa j\u00e1 contemplou mais de 5.400 projetos, em 394 editais, nos mais diversos segmentos, como: teatro, dan\u00e7a, artes c\u00eanicas, m\u00fasica, circo, festivais, artes visuais, museus e arquivos, cultura e cidadania, literatura, audiovisual e projetos multidisciplinares. O objetivo do\u00a0<strong>ProAC\u00a0<\/strong>\u00e9 fomentar e difundir a produ\u00e7\u00e3o art\u00edstica em todas as regi\u00f5es do estado, apoiando financeiramente projetos art\u00edsticos.<\/p>\n","protected":false},"excerpt":{"rendered":"<p>Os assuntos abordados no evento ser\u00e3o sobre: preconceito, inclus\u00e3o, sexualidade,<\/p>\n","protected":false},"author":2,"featured_media":90384,"comment_status":"open","ping_status":"open","sticky":false,"template":"","format":"standard","meta":{"footnotes":""},"categories":[14,3],"tags":[],"class_list":["post-90383","post","type-post","status-publish","format-standard","has-post-thumbnail","hentry","category-barretos","category-geral"],"yoast_head":"<!-- This site is optimized with the Yoast SEO plugin v27.4 - https:\/\/yoast.com\/product\/yoast-seo-wordpress\/ -->\n<title>Instituto Sociocultural do Hospital de Amor apoia o \u20181\u00b0 Semin\u00e1rio de Diversidade &amp; Inclus\u00e3o\u2019 - Regi\u00e3o News<\/title>\n<meta name=\"robots\" content=\"index, follow, max-snippet:-1, max-image-preview:large, max-video-preview:-1\" \/>\n<link rel=\"canonical\" href=\"https:\/\/regiaonews.net.br\/2022\/2023\/06\/22\/instituto-sociocultural-do-hospital-de-amor-apoia-o-1-seminario-de-diversidade-inclusao\/\" \/>\n<meta property=\"og:locale\" content=\"pt_BR\" \/>\n<meta property=\"og:type\" content=\"article\" \/>\n<meta property=\"og:title\" content=\"Instituto Sociocultural do Hospital de Amor apoia o \u20181\u00b0 Semin\u00e1rio de Diversidade &amp; Inclus\u00e3o\u2019 - Regi\u00e3o News\" \/>\n<meta property=\"og:description\" content=\"Os assuntos abordados no evento ser\u00e3o sobre: preconceito, inclus\u00e3o, sexualidade,\" \/>\n<meta property=\"og:url\" content=\"https:\/\/regiaonews.net.br\/2022\/2023\/06\/22\/instituto-sociocultural-do-hospital-de-amor-apoia-o-1-seminario-de-diversidade-inclusao\/\" \/>\n<meta property=\"og:site_name\" content=\"Regi\u00e3o News\" \/>\n<meta property=\"article:published_time\" content=\"2023-06-22T14:51:35+00:00\" \/>\n<meta property=\"og:image\" content=\"https:\/\/regiaonews.net.br\/2022\/wp-content\/uploads\/2023\/06\/download-2.jpg\" \/>\n\t<meta property=\"og:image:width\" content=\"276\" \/>\n\t<meta property=\"og:image:height\" content=\"183\" \/>\n\t<meta property=\"og:image:type\" content=\"image\/jpeg\" \/>\n<meta name=\"author\" content=\"Roberto\" \/>\n<meta name=\"twitter:card\" content=\"summary_large_image\" \/>\n<meta name=\"twitter:label1\" content=\"Escrito por\" \/>\n\t<meta name=\"twitter:data1\" content=\"Roberto\" \/>\n\t<meta name=\"twitter:label2\" content=\"Est. tempo de leitura\" \/>\n\t<meta name=\"twitter:data2\" content=\"3 minutos\" \/>\n<script type=\"application\/ld+json\" class=\"yoast-schema-graph\">{\"@context\":\"https:\\\/\\\/schema.org\",\"@graph\":[{\"@type\":\"Article\",\"@id\":\"https:\\\/\\\/regiaonews.net.br\\\/2022\\\/2023\\\/06\\\/22\\\/instituto-sociocultural-do-hospital-de-amor-apoia-o-1-seminario-de-diversidade-inclusao\\\/#article\",\"isPartOf\":{\"@id\":\"https:\\\/\\\/regiaonews.net.br\\\/2022\\\/2023\\\/06\\\/22\\\/instituto-sociocultural-do-hospital-de-amor-apoia-o-1-seminario-de-diversidade-inclusao\\\/\"},\"author\":{\"name\":\"Roberto\",\"@id\":\"https:\\\/\\\/regiaonews.net.br\\\/2022\\\/#\\\/schema\\\/person\\\/2d205a608a5aa97ac279d7a5e6d89ad8\"},\"headline\":\"Instituto Sociocultural do Hospital de Amor apoia o \u20181\u00b0 Semin\u00e1rio de Diversidade &#038; Inclus\u00e3o\u2019\",\"datePublished\":\"2023-06-22T14:51:35+00:00\",\"mainEntityOfPage\":{\"@id\":\"https:\\\/\\\/regiaonews.net.br\\\/2022\\\/2023\\\/06\\\/22\\\/instituto-sociocultural-do-hospital-de-amor-apoia-o-1-seminario-de-diversidade-inclusao\\\/\"},\"wordCount\":587,\"commentCount\":0,\"publisher\":{\"@id\":\"https:\\\/\\\/regiaonews.net.br\\\/2022\\\/#organization\"},\"image\":{\"@id\":\"https:\\\/\\\/regiaonews.net.br\\\/2022\\\/2023\\\/06\\\/22\\\/instituto-sociocultural-do-hospital-de-amor-apoia-o-1-seminario-de-diversidade-inclusao\\\/#primaryimage\"},\"thumbnailUrl\":\"https:\\\/\\\/regiaonews.net.br\\\/2022\\\/wp-content\\\/uploads\\\/2023\\\/06\\\/download-2.jpg\",\"articleSection\":[\"Barretos\",\"Geral\"],\"inLanguage\":\"pt-BR\",\"potentialAction\":[{\"@type\":\"CommentAction\",\"name\":\"Comment\",\"target\":[\"https:\\\/\\\/regiaonews.net.br\\\/2022\\\/2023\\\/06\\\/22\\\/instituto-sociocultural-do-hospital-de-amor-apoia-o-1-seminario-de-diversidade-inclusao\\\/#respond\"]}]},{\"@type\":\"WebPage\",\"@id\":\"https:\\\/\\\/regiaonews.net.br\\\/2022\\\/2023\\\/06\\\/22\\\/instituto-sociocultural-do-hospital-de-amor-apoia-o-1-seminario-de-diversidade-inclusao\\\/\",\"url\":\"https:\\\/\\\/regiaonews.net.br\\\/2022\\\/2023\\\/06\\\/22\\\/instituto-sociocultural-do-hospital-de-amor-apoia-o-1-seminario-de-diversidade-inclusao\\\/\",\"name\":\"Instituto Sociocultural do Hospital de Amor apoia o \u20181\u00b0 Semin\u00e1rio de Diversidade & Inclus\u00e3o\u2019 - Regi\u00e3o News\",\"isPartOf\":{\"@id\":\"https:\\\/\\\/regiaonews.net.br\\\/2022\\\/#website\"},\"primaryImageOfPage\":{\"@id\":\"https:\\\/\\\/regiaonews.net.br\\\/2022\\\/2023\\\/06\\\/22\\\/instituto-sociocultural-do-hospital-de-amor-apoia-o-1-seminario-de-diversidade-inclusao\\\/#primaryimage\"},\"image\":{\"@id\":\"https:\\\/\\\/regiaonews.net.br\\\/2022\\\/2023\\\/06\\\/22\\\/instituto-sociocultural-do-hospital-de-amor-apoia-o-1-seminario-de-diversidade-inclusao\\\/#primaryimage\"},\"thumbnailUrl\":\"https:\\\/\\\/regiaonews.net.br\\\/2022\\\/wp-content\\\/uploads\\\/2023\\\/06\\\/download-2.jpg\",\"datePublished\":\"2023-06-22T14:51:35+00:00\",\"breadcrumb\":{\"@id\":\"https:\\\/\\\/regiaonews.net.br\\\/2022\\\/2023\\\/06\\\/22\\\/instituto-sociocultural-do-hospital-de-amor-apoia-o-1-seminario-de-diversidade-inclusao\\\/#breadcrumb\"},\"inLanguage\":\"pt-BR\",\"potentialAction\":[{\"@type\":\"ReadAction\",\"target\":[\"https:\\\/\\\/regiaonews.net.br\\\/2022\\\/2023\\\/06\\\/22\\\/instituto-sociocultural-do-hospital-de-amor-apoia-o-1-seminario-de-diversidade-inclusao\\\/\"]}]},{\"@type\":\"ImageObject\",\"inLanguage\":\"pt-BR\",\"@id\":\"https:\\\/\\\/regiaonews.net.br\\\/2022\\\/2023\\\/06\\\/22\\\/instituto-sociocultural-do-hospital-de-amor-apoia-o-1-seminario-de-diversidade-inclusao\\\/#primaryimage\",\"url\":\"https:\\\/\\\/regiaonews.net.br\\\/2022\\\/wp-content\\\/uploads\\\/2023\\\/06\\\/download-2.jpg\",\"contentUrl\":\"https:\\\/\\\/regiaonews.net.br\\\/2022\\\/wp-content\\\/uploads\\\/2023\\\/06\\\/download-2.jpg\",\"width\":276,\"height\":183},{\"@type\":\"BreadcrumbList\",\"@id\":\"https:\\\/\\\/regiaonews.net.br\\\/2022\\\/2023\\\/06\\\/22\\\/instituto-sociocultural-do-hospital-de-amor-apoia-o-1-seminario-de-diversidade-inclusao\\\/#breadcrumb\",\"itemListElement\":[{\"@type\":\"ListItem\",\"position\":1,\"name\":\"In\u00edcio\",\"item\":\"https:\\\/\\\/regiaonews.net.br\\\/2022\\\/\"},{\"@type\":\"ListItem\",\"position\":2,\"name\":\"Instituto Sociocultural do Hospital de Amor apoia o \u20181\u00b0 Semin\u00e1rio de Diversidade &#038; Inclus\u00e3o\u2019\"}]},{\"@type\":\"WebSite\",\"@id\":\"https:\\\/\\\/regiaonews.net.br\\\/2022\\\/#website\",\"url\":\"https:\\\/\\\/regiaonews.net.br\\\/2022\\\/\",\"name\":\"Regi\u00e3o News\",\"description\":\"Site de Not\u00edcias de Barretos e regi\u00e3o\",\"publisher\":{\"@id\":\"https:\\\/\\\/regiaonews.net.br\\\/2022\\\/#organization\"},\"potentialAction\":[{\"@type\":\"SearchAction\",\"target\":{\"@type\":\"EntryPoint\",\"urlTemplate\":\"https:\\\/\\\/regiaonews.net.br\\\/2022\\\/?s={search_term_string}\"},\"query-input\":{\"@type\":\"PropertyValueSpecification\",\"valueRequired\":true,\"valueName\":\"search_term_string\"}}],\"inLanguage\":\"pt-BR\"},{\"@type\":\"Organization\",\"@id\":\"https:\\\/\\\/regiaonews.net.br\\\/2022\\\/#organization\",\"name\":\"Regi\u00e3o News\",\"url\":\"https:\\\/\\\/regiaonews.net.br\\\/2022\\\/\",\"logo\":{\"@type\":\"ImageObject\",\"inLanguage\":\"pt-BR\",\"@id\":\"https:\\\/\\\/regiaonews.net.br\\\/2022\\\/#\\\/schema\\\/logo\\\/image\\\/\",\"url\":\"https:\\\/\\\/regiaonews.net.br\\\/2022\\\/wp-content\\\/uploads\\\/2026\\\/03\\\/regiao-13-anos-scaled.jpg\",\"contentUrl\":\"https:\\\/\\\/regiaonews.net.br\\\/2022\\\/wp-content\\\/uploads\\\/2026\\\/03\\\/regiao-13-anos-scaled.jpg\",\"width\":2560,\"height\":635,\"caption\":\"Regi\u00e3o News\"},\"image\":{\"@id\":\"https:\\\/\\\/regiaonews.net.br\\\/2022\\\/#\\\/schema\\\/logo\\\/image\\\/\"}},{\"@type\":\"Person\",\"@id\":\"https:\\\/\\\/regiaonews.net.br\\\/2022\\\/#\\\/schema\\\/person\\\/2d205a608a5aa97ac279d7a5e6d89ad8\",\"name\":\"Roberto\",\"image\":{\"@type\":\"ImageObject\",\"inLanguage\":\"pt-BR\",\"@id\":\"https:\\\/\\\/secure.gravatar.com\\\/avatar\\\/42749d8b712ff9d59ca93dc150494e5b55a44134482993f5baeb97e61b7ecc89?s=96&d=mm&r=g\",\"url\":\"https:\\\/\\\/secure.gravatar.com\\\/avatar\\\/42749d8b712ff9d59ca93dc150494e5b55a44134482993f5baeb97e61b7ecc89?s=96&d=mm&r=g\",\"contentUrl\":\"https:\\\/\\\/secure.gravatar.com\\\/avatar\\\/42749d8b712ff9d59ca93dc150494e5b55a44134482993f5baeb97e61b7ecc89?s=96&d=mm&r=g\",\"caption\":\"Roberto\"},\"url\":\"https:\\\/\\\/regiaonews.net.br\\\/2022\\\/author\\\/roberto\\\/\"}]}<\/script>\n<!-- \/ Yoast SEO plugin. -->","yoast_head_json":{"title":"Instituto Sociocultural do Hospital de Amor apoia o \u20181\u00b0 Semin\u00e1rio de Diversidade & Inclus\u00e3o\u2019 - Regi\u00e3o News","robots":{"index":"index","follow":"follow","max-snippet":"max-snippet:-1","max-image-preview":"max-image-preview:large","max-video-preview":"max-video-preview:-1"},"canonical":"https:\/\/regiaonews.net.br\/2022\/2023\/06\/22\/instituto-sociocultural-do-hospital-de-amor-apoia-o-1-seminario-de-diversidade-inclusao\/","og_locale":"pt_BR","og_type":"article","og_title":"Instituto Sociocultural do Hospital de Amor apoia o \u20181\u00b0 Semin\u00e1rio de Diversidade & Inclus\u00e3o\u2019 - Regi\u00e3o News","og_description":"Os assuntos abordados no evento ser\u00e3o sobre: preconceito, inclus\u00e3o, sexualidade,","og_url":"https:\/\/regiaonews.net.br\/2022\/2023\/06\/22\/instituto-sociocultural-do-hospital-de-amor-apoia-o-1-seminario-de-diversidade-inclusao\/","og_site_name":"Regi\u00e3o News","article_published_time":"2023-06-22T14:51:35+00:00","og_image":[{"width":276,"height":183,"url":"https:\/\/regiaonews.net.br\/2022\/wp-content\/uploads\/2023\/06\/download-2.jpg","type":"image\/jpeg"}],"author":"Roberto","twitter_card":"summary_large_image","twitter_misc":{"Escrito por":"Roberto","Est. tempo de leitura":"3 minutos"},"schema":{"@context":"https:\/\/schema.org","@graph":[{"@type":"Article","@id":"https:\/\/regiaonews.net.br\/2022\/2023\/06\/22\/instituto-sociocultural-do-hospital-de-amor-apoia-o-1-seminario-de-diversidade-inclusao\/#article","isPartOf":{"@id":"https:\/\/regiaonews.net.br\/2022\/2023\/06\/22\/instituto-sociocultural-do-hospital-de-amor-apoia-o-1-seminario-de-diversidade-inclusao\/"},"author":{"name":"Roberto","@id":"https:\/\/regiaonews.net.br\/2022\/#\/schema\/person\/2d205a608a5aa97ac279d7a5e6d89ad8"},"headline":"Instituto Sociocultural do Hospital de Amor apoia o \u20181\u00b0 Semin\u00e1rio de Diversidade &#038; Inclus\u00e3o\u2019","datePublished":"2023-06-22T14:51:35+00:00","mainEntityOfPage":{"@id":"https:\/\/regiaonews.net.br\/2022\/2023\/06\/22\/instituto-sociocultural-do-hospital-de-amor-apoia-o-1-seminario-de-diversidade-inclusao\/"},"wordCount":587,"commentCount":0,"publisher":{"@id":"https:\/\/regiaonews.net.br\/2022\/#organization"},"image":{"@id":"https:\/\/regiaonews.net.br\/2022\/2023\/06\/22\/instituto-sociocultural-do-hospital-de-amor-apoia-o-1-seminario-de-diversidade-inclusao\/#primaryimage"},"thumbnailUrl":"https:\/\/regiaonews.net.br\/2022\/wp-content\/uploads\/2023\/06\/download-2.jpg","articleSection":["Barretos","Geral"],"inLanguage":"pt-BR","potentialAction":[{"@type":"CommentAction","name":"Comment","target":["https:\/\/regiaonews.net.br\/2022\/2023\/06\/22\/instituto-sociocultural-do-hospital-de-amor-apoia-o-1-seminario-de-diversidade-inclusao\/#respond"]}]},{"@type":"WebPage","@id":"https:\/\/regiaonews.net.br\/2022\/2023\/06\/22\/instituto-sociocultural-do-hospital-de-amor-apoia-o-1-seminario-de-diversidade-inclusao\/","url":"https:\/\/regiaonews.net.br\/2022\/2023\/06\/22\/instituto-sociocultural-do-hospital-de-amor-apoia-o-1-seminario-de-diversidade-inclusao\/","name":"Instituto Sociocultural do Hospital de Amor apoia o \u20181\u00b0 Semin\u00e1rio de Diversidade & Inclus\u00e3o\u2019 - Regi\u00e3o News","isPartOf":{"@id":"https:\/\/regiaonews.net.br\/2022\/#website"},"primaryImageOfPage":{"@id":"https:\/\/regiaonews.net.br\/2022\/2023\/06\/22\/instituto-sociocultural-do-hospital-de-amor-apoia-o-1-seminario-de-diversidade-inclusao\/#primaryimage"},"image":{"@id":"https:\/\/regiaonews.net.br\/2022\/2023\/06\/22\/instituto-sociocultural-do-hospital-de-amor-apoia-o-1-seminario-de-diversidade-inclusao\/#primaryimage"},"thumbnailUrl":"https:\/\/regiaonews.net.br\/2022\/wp-content\/uploads\/2023\/06\/download-2.jpg","datePublished":"2023-06-22T14:51:35+00:00","breadcrumb":{"@id":"https:\/\/regiaonews.net.br\/2022\/2023\/06\/22\/instituto-sociocultural-do-hospital-de-amor-apoia-o-1-seminario-de-diversidade-inclusao\/#breadcrumb"},"inLanguage":"pt-BR","potentialAction":[{"@type":"ReadAction","target":["https:\/\/regiaonews.net.br\/2022\/2023\/06\/22\/instituto-sociocultural-do-hospital-de-amor-apoia-o-1-seminario-de-diversidade-inclusao\/"]}]},{"@type":"ImageObject","inLanguage":"pt-BR","@id":"https:\/\/regiaonews.net.br\/2022\/2023\/06\/22\/instituto-sociocultural-do-hospital-de-amor-apoia-o-1-seminario-de-diversidade-inclusao\/#primaryimage","url":"https:\/\/regiaonews.net.br\/2022\/wp-content\/uploads\/2023\/06\/download-2.jpg","contentUrl":"https:\/\/regiaonews.net.br\/2022\/wp-content\/uploads\/2023\/06\/download-2.jpg","width":276,"height":183},{"@type":"BreadcrumbList","@id":"https:\/\/regiaonews.net.br\/2022\/2023\/06\/22\/instituto-sociocultural-do-hospital-de-amor-apoia-o-1-seminario-de-diversidade-inclusao\/#breadcrumb","itemListElement":[{"@type":"ListItem","position":1,"name":"In\u00edcio","item":"https:\/\/regiaonews.net.br\/2022\/"},{"@type":"ListItem","position":2,"name":"Instituto Sociocultural do Hospital de Amor apoia o \u20181\u00b0 Semin\u00e1rio de Diversidade &#038; Inclus\u00e3o\u2019"}]},{"@type":"WebSite","@id":"https:\/\/regiaonews.net.br\/2022\/#website","url":"https:\/\/regiaonews.net.br\/2022\/","name":"Regi\u00e3o News","description":"Site de Not\u00edcias de Barretos e regi\u00e3o","publisher":{"@id":"https:\/\/regiaonews.net.br\/2022\/#organization"},"potentialAction":[{"@type":"SearchAction","target":{"@type":"EntryPoint","urlTemplate":"https:\/\/regiaonews.net.br\/2022\/?s={search_term_string}"},"query-input":{"@type":"PropertyValueSpecification","valueRequired":true,"valueName":"search_term_string"}}],"inLanguage":"pt-BR"},{"@type":"Organization","@id":"https:\/\/regiaonews.net.br\/2022\/#organization","name":"Regi\u00e3o News","url":"https:\/\/regiaonews.net.br\/2022\/","logo":{"@type":"ImageObject","inLanguage":"pt-BR","@id":"https:\/\/regiaonews.net.br\/2022\/#\/schema\/logo\/image\/","url":"https:\/\/regiaonews.net.br\/2022\/wp-content\/uploads\/2026\/03\/regiao-13-anos-scaled.jpg","contentUrl":"https:\/\/regiaonews.net.br\/2022\/wp-content\/uploads\/2026\/03\/regiao-13-anos-scaled.jpg","width":2560,"height":635,"caption":"Regi\u00e3o News"},"image":{"@id":"https:\/\/regiaonews.net.br\/2022\/#\/schema\/logo\/image\/"}},{"@type":"Person","@id":"https:\/\/regiaonews.net.br\/2022\/#\/schema\/person\/2d205a608a5aa97ac279d7a5e6d89ad8","name":"Roberto","image":{"@type":"ImageObject","inLanguage":"pt-BR","@id":"https:\/\/secure.gravatar.com\/avatar\/42749d8b712ff9d59ca93dc150494e5b55a44134482993f5baeb97e61b7ecc89?s=96&d=mm&r=g","url":"https:\/\/secure.gravatar.com\/avatar\/42749d8b712ff9d59ca93dc150494e5b55a44134482993f5baeb97e61b7ecc89?s=96&d=mm&r=g","contentUrl":"https:\/\/secure.gravatar.com\/avatar\/42749d8b712ff9d59ca93dc150494e5b55a44134482993f5baeb97e61b7ecc89?s=96&d=mm&r=g","caption":"Roberto"},"url":"https:\/\/regiaonews.net.br\/2022\/author\/roberto\/"}]}},"publishpress_future_action":{"enabled":false,"date":"2026-05-03 18:26:26","action":"change-status","newStatus":"draft","terms":[],"taxonomy":"category","extraData":[]},"publishpress_future_workflow_manual_trigger":{"enabledWorkflows":[]},"_links":{"self":[{"href":"https:\/\/regiaonews.net.br\/2022\/wp-json\/wp\/v2\/posts\/90383","targetHints":{"allow":["GET"]}}],"collection":[{"href":"https:\/\/regiaonews.net.br\/2022\/wp-json\/wp\/v2\/posts"}],"about":[{"href":"https:\/\/regiaonews.net.br\/2022\/wp-json\/wp\/v2\/types\/post"}],"author":[{"embeddable":true,"href":"https:\/\/regiaonews.net.br\/2022\/wp-json\/wp\/v2\/users\/2"}],"replies":[{"embeddable":true,"href":"https:\/\/regiaonews.net.br\/2022\/wp-json\/wp\/v2\/comments?post=90383"}],"version-history":[{"count":1,"href":"https:\/\/regiaonews.net.br\/2022\/wp-json\/wp\/v2\/posts\/90383\/revisions"}],"predecessor-version":[{"id":90385,"href":"https:\/\/regiaonews.net.br\/2022\/wp-json\/wp\/v2\/posts\/90383\/revisions\/90385"}],"wp:featuredmedia":[{"embeddable":true,"href":"https:\/\/regiaonews.net.br\/2022\/wp-json\/wp\/v2\/media\/90384"}],"wp:attachment":[{"href":"https:\/\/regiaonews.net.br\/2022\/wp-json\/wp\/v2\/media?parent=90383"}],"wp:term":[{"taxonomy":"category","embeddable":true,"href":"https:\/\/regiaonews.net.br\/2022\/wp-json\/wp\/v2\/categories?post=90383"},{"taxonomy":"post_tag","embeddable":true,"href":"https:\/\/regiaonews.net.br\/2022\/wp-json\/wp\/v2\/tags?post=90383"}],"curies":[{"name":"wp","href":"https:\/\/api.w.org\/{rel}","templated":true}]}}