{"id":90369,"date":"2023-06-22T04:09:57","date_gmt":"2023-06-22T07:09:57","guid":{"rendered":"https:\/\/regiaonews.net.br\/2022\/?p=90369"},"modified":"2023-06-23T07:00:36","modified_gmt":"2023-06-23T10:00:36","slug":"44a-festa-do-cavalo-registra-grande-procura-por-ingressos","status":"publish","type":"post","link":"https:\/\/regiaonews.net.br\/2022\/2023\/06\/22\/44a-festa-do-cavalo-registra-grande-procura-por-ingressos\/","title":{"rendered":"44\u00aa Festa do Cavalo de Colina registra grande procura por ingressos"},"content":{"rendered":"<section class=\"accessibility noPrint\">\n<div class=\"wrapper\">\n<div data-grid=\"row small-spacing center\">\n<div class=\"accessibility-controls\" data-cell=\"shrink\" data-grid=\"row small-spacing center\"><small><\/small>shows agendados para a edi\u00e7\u00e3o 2023<\/div>\n<\/div>\n<\/div>\n<\/section>\n<section data-font-size=\"\">\n<section class=\"page-content wrapper\">\n<div data-grid=\"spacing\">\n<div data-cell=\"3of4\">\n<section class=\"post\">\n<header class=\"post-header\">\n<p class=\"post-title\">Confira os pontos de vendas em Colina e regi\u00e3o para a 44\u00aa. Festa do Cavalo<\/p>\n<\/header>\n<div class=\"post-content\">\n<article class=\"post-text\"><em>As vendas dos Ingressos Individuais seguem a todo vapor<\/em>A Prefeitura Municipal de Colina, por meio da Secretaria Municipal de Esportes, Turismo e Lazer, realiza de 05 a 09 de julho, a 44\u00aa Festa do Cavalo.O evento, que acontece no Recinto Municipal \u201c9 de Julho\u201d, traz shows todas as noites e trio el\u00e9trico, com artistas renomados no cen\u00e1rio musical nacional e uma programa\u00e7\u00e3o h\u00edpica esportiva expressiva, com a participa\u00e7\u00e3o de in\u00fameros competidores.<\/p>\n<p>Est\u00e3o dispon\u00edveis em Colina, em cidades da regi\u00e3o e no site:\u00a0<a href=\"http:\/\/www.saudtickets.com.br\/\">www.saudtickets.com.br<\/a>\u00a0os ingressos individuais para a 44\u00aa Festa do Cavalo.<\/p>\n<p>O ingresso individual antecipado est\u00e1 a venda no valor de R$ 120,00 reais (inteira); a meia entrada para universit\u00e1rios, idosos e portadores de necessidades especiais est\u00e1 comercializada a R$ 60,00 reais; a entrada solid\u00e1ria, R$ 60,00 reais (+ 1 litro de leite) e a \u00e1rea VIP, R$ 60,00 reais.<\/p>\n<p>Continuam tamb\u00e9m as vendas das permanentes, que d\u00e3o acesso \u00e0 todos os dias do evento, exceto no dia 09 de julho, que ter\u00e1 entrada gratuita. O valor da permanente \u00e9 R$ 200,00 reais.<\/p>\n<p>O Prefeito Municipal, Dieb Taha refor\u00e7ou o convite para que todos prestigiem a 44\u00aa edi\u00e7\u00e3o da Festa do Cavalo de Colina. \u201cQuero convidar a todos para prestigiar nossa Festa e as competi\u00e7\u00f5es h\u00edpicas que acontecer\u00e3o todos os dias, e destacar nossa alegria com a participa\u00e7\u00e3o dos alunos do Projeto Municipal de Equita\u00e7\u00e3o nas provas, ao lado de cavaleiros renomados\u201d.<\/p>\n<p>&nbsp;<\/p>\n<p>Confira, abaixo, os pontos de vendas de Colina e cidades da regi\u00e3o:<\/p>\n<p>&nbsp;<\/p>\n<p><strong>&#8211; COLINA<\/strong><\/p>\n<p>&nbsp;<\/p>\n<p><strong>SECRETARIA MUNICIPAL DE ESPORTES, TURISMO E LAZER<\/strong><\/p>\n<p>RECINTO MUNICIPAL<\/p>\n<p>TEL.:\u00a0 3341-2313<\/p>\n<p>&nbsp;<\/p>\n<p><strong>SINATRA BOTAS<\/strong><\/p>\n<p>RUA FREDERICO BRAIT, 378 \u2013 JD. S\u00c3O JO\u00c3O<\/p>\n<p>TEL.:\u00a0 3341-3903<\/p>\n<p>&nbsp;<\/p>\n<p><strong>FASHION VIBE\u00a0\u00a0 (POSTO PEGASUS)<\/strong><\/p>\n<ol>\n<li>\u00a0 \u00a0 \u00a0 JOS\u00c9 FRANCISCO AZEDO, 270 \u2013 JD. S\u00c3O JO\u00c3O<\/li>\n<\/ol>\n<p>CEL.:\u00a0 99278-0847<\/p>\n<p>&nbsp;<\/p>\n<p><strong>HELLEN MODAS<\/strong><\/p>\n<ol>\n<li>\u00a0 \u00a0 \u00a0 JOS\u00c9 FRANCISCO AZEDO, 467 \u2013 JD. PRIMAVERA<\/li>\n<\/ol>\n<p>CEL.:\u00a0 99266-1613<\/p>\n<p>&nbsp;<\/p>\n<p><strong>LOJA CRIATIVA 1 REAL<\/strong><\/p>\n<p>RUA 7 DE SETEMBRO, 559 \u2013 CENTRO<\/p>\n<p>&nbsp;<\/p>\n<p><strong>PANIFICADORA SUPREMA P\u00c3O<\/strong><\/p>\n<ol>\n<li>\u00a0 \u00a0 \u00a0 \u00a0DR. MANOEL PALOMINO FERNANDES, 838 \u2013 CENTRO<\/li>\n<\/ol>\n<p>TEL.:\u00a0 3341-1061<\/p>\n<p>&nbsp;<\/p>\n<p><strong>&#8211; BARRETOS<\/strong><\/p>\n<p>&nbsp;<\/p>\n<p><strong>DIAS IMPORTS<\/strong><\/p>\n<p>RUA C 13, 441 \u2013 CRISTIANO DE CARVALHO<\/p>\n<p>TEL.:\u00a0 3323-8178<\/p>\n<p>&nbsp;<\/p>\n<p><strong>LORD HOOKA LOUNGE BAR<\/strong><\/p>\n<ol>\n<li>\u00a0 \u00a0 \u00a0 \u00a0MIGUEL ABRA\u00c3O MIZIARA, 171 \u2013 JD. DOS COQUEIROS<\/li>\n<\/ol>\n<p>CEL.:\u00a0 99735-9655<\/p>\n<p>&nbsp;<\/p>\n<p><strong>&#8211; BEBEDOURO<\/strong><\/p>\n<p>&nbsp;<\/p>\n<p><strong>MARMITARIA 3S<\/strong><\/p>\n<p>RUA \u00c2NGELO RIMOLI, 1635 \u2013 B. S\u00c3O FERNANDO<\/p>\n<p>CEL.:\u00a0 98106-8094<\/p>\n<p>&nbsp;<\/p>\n<p><strong>TODA DELA MODAS<\/strong><\/p>\n<ol>\n<li>\u00a0 \u00a0 \u00a0 \u00a0ANTONIO ALVES DE TOLEDO, 357 \u2013 CENTRO<\/li>\n<\/ol>\n<p>CEL.:\u00a0 99645-6007<\/p>\n<p>&nbsp;<\/p>\n<p>LOJA CRIATIVA 1 REAL<\/p>\n<p>RUA MONSENHOR ARISTIDES, 246 \u2013 CENTRO<\/p>\n<p>&nbsp;<\/p>\n<p><strong>&#8211; GUA\u00cdRA<\/strong><\/p>\n<p>&nbsp;<\/p>\n<p><strong>JOYCE NOMURA<\/strong><\/p>\n<ol>\n<li>\u00a0 \u00a0 \u00a0 \u00a03, 2417 \u2013 NOVA GUA\u00cdRA<\/li>\n<\/ol>\n<p>CEL.: 99266-4852<\/p>\n<p>&nbsp;<\/p>\n<p>&#8211;\u00a0 \u00a0<strong>SEVER\u00cdNIA<\/strong><\/p>\n<p>&nbsp;<\/p>\n<p><strong>LOJA CRIATIVA 1 REAL<\/strong><\/p>\n<ol>\n<li>SEVERINO SCCHIERI, 204 \u2013 CENTRO<\/li>\n<\/ol>\n<p>&nbsp;<\/p>\n<p><strong>\u00a0&#8211; <\/strong>\u00a0\u00a0<strong>OL\u00cdMPIA<\/strong><\/p>\n<p>&nbsp;<\/p>\n<p><strong>LOJA CRIATIVA 1 REAL<\/strong><\/p>\n<p>RUA 9 DE JULHO, 1043 \u2013 CENTRO<\/p>\n<p>&nbsp;<\/p>\n<p><strong>LOJA CRIATIVA 1 REAL<\/strong><\/p>\n<ol>\n<li>\u00a0 \u00a0 \u00a0 \u00a0CINQUENTAEN\u00c1RIO DO FOLCLORE OLIMPIENSE<\/li>\n<\/ol>\n<p>VILA HARMONIA<\/p>\n<p>&nbsp;<\/p>\n<p>&#8211; <strong>VIRADOURO<\/strong><\/p>\n<p>&nbsp;<\/p>\n<p><strong>JOS\u00c9 PAULO BORGES<\/strong><\/p>\n<p>RUA MARECHAL DEODORO, 170 \u2013 CENTRO<\/p>\n<p>CEL.:\u00a0 99106-4352<\/p>\n<p>&nbsp;<\/p>\n<p><strong>LOJA CRIATIVA 1 REAL<\/strong><\/p>\n<p>RUA GABRIEL CUST\u00d3DIO, 1019 \u2013 CENTRO<\/p>\n<p>&nbsp;<\/p>\n<p><strong>&#8211; TERRA ROXA<\/strong><\/p>\n<p>&nbsp;<\/p>\n<p><strong>DANI MODAS<\/strong><\/p>\n<p>RUA WILMA ECERVI ZANELI, 280 \u2013 B. ANTONIO GIANELO<\/p>\n<p>CEL.: 99147-2435<\/p>\n<p>&nbsp;<\/p>\n<p><strong>&#8211; MONTE AZUL PAULISTA<\/strong><\/p>\n<p>&nbsp;<\/p>\n<p><strong>RADAR MAP (CACILDA)<\/strong><\/p>\n<p>RUA LIBERO BADAR\u00d3, 299<\/p>\n<p>CEL.:\u00a0 99155-4740<\/p>\n<p>&nbsp;<\/p>\n<p><strong>LOJA CRIATIVA 1 REAL<\/strong><\/p>\n<p>RUA S\u00c3O JO\u00c3O, 02 \u2013 CENTRO<\/p>\n<p>&nbsp;<\/p>\n<p>&#8211; <strong>JABORANDI<\/strong><\/p>\n<p>&nbsp;<\/p>\n<p><strong>BAR DO MEL\u00c2NCIA<\/strong><\/p>\n<p>RUA ALEXANDRE DE \u00c0VILA BORGES, 789 \u2013 CENTRO<\/p>\n<p>CEL.: 99159-4802<\/p>\n<p>&nbsp;<\/p>\n<p>&#8211;\u00a0 \u00a0<strong>MORRO AGUDO<\/strong><\/p>\n<p>&nbsp;<\/p>\n<p><strong>LOJA CRIATIVA 1 REAL<\/strong><\/p>\n<p>RUA ANTONIO BELETATE, 77 JD. CANAD\u00c1<\/p>\n<p>RUA IN\u00c1CIO FRAN\u00c7A &#8211; CENTRO<\/p>\n<p>&nbsp;<\/p>\n<\/article>\n<\/div>\n<aside class=\"post-aside noPrint\">\n<header class=\"page-heading\"><\/header>\n<\/aside>\n<\/section>\n<\/div>\n<\/div>\n<\/section>\n<\/section>\n<footer id=\"rodape\" class=\"site-footer\">\n<div class=\"wrapper\">\n<div class=\"site-footer__grid\">\n<nav class=\"site-info-footer\">\u00a0<\/nav>\n<\/div>\n<\/div>\n<\/footer>\n","protected":false},"excerpt":{"rendered":"<p>shows agendados para a edi\u00e7\u00e3o 2023 Confira os pontos de<\/p>\n","protected":false},"author":2,"featured_media":90370,"comment_status":"open","ping_status":"open","sticky":false,"template":"","format":"standard","meta":{"footnotes":""},"categories":[5,6],"tags":[],"class_list":["post-90369","post","type-post","status-publish","format-standard","has-post-thumbnail","hentry","category-colina","category-colombia"],"yoast_head":"<!-- This site is optimized with the Yoast SEO plugin v27.4 - https:\/\/yoast.com\/product\/yoast-seo-wordpress\/ -->\n<title>44\u00aa Festa do Cavalo de Colina registra grande procura por ingressos - Regi\u00e3o News<\/title>\n<meta name=\"description\" content=\"a 44\u00aa Festa do Cavalo.O evento, que acontece no Recinto Municipal \u201c9 de Julho\u201d, traz shows todas as noites e trio el\u00e9trico\" \/>\n<meta name=\"robots\" content=\"index, follow, max-snippet:-1, max-image-preview:large, max-video-preview:-1\" \/>\n<link rel=\"canonical\" href=\"https:\/\/regiaonews.net.br\/2022\/2023\/06\/22\/44a-festa-do-cavalo-registra-grande-procura-por-ingressos\/\" \/>\n<meta property=\"og:locale\" content=\"pt_BR\" \/>\n<meta property=\"og:type\" content=\"article\" \/>\n<meta property=\"og:title\" content=\"44\u00aa Festa do Cavalo de Colina registra grande procura por ingressos - Regi\u00e3o News\" \/>\n<meta property=\"og:description\" content=\"a 44\u00aa Festa do Cavalo.O evento, que acontece no Recinto Municipal \u201c9 de Julho\u201d, traz shows todas as noites e trio el\u00e9trico\" \/>\n<meta property=\"og:url\" content=\"https:\/\/regiaonews.net.br\/2022\/2023\/06\/22\/44a-festa-do-cavalo-registra-grande-procura-por-ingressos\/\" \/>\n<meta property=\"og:site_name\" content=\"Regi\u00e3o News\" \/>\n<meta property=\"article:published_time\" content=\"2023-06-22T07:09:57+00:00\" \/>\n<meta property=\"article:modified_time\" content=\"2023-06-23T10:00:36+00:00\" \/>\n<meta property=\"og:image\" content=\"https:\/\/regiaonews.net.br\/2022\/wp-content\/uploads\/2023\/06\/m_62_0_1_21062023161352.jpg\" \/>\n\t<meta property=\"og:image:width\" content=\"449\" \/>\n\t<meta property=\"og:image:height\" content=\"636\" \/>\n\t<meta property=\"og:image:type\" content=\"image\/jpeg\" \/>\n<meta name=\"author\" content=\"Roberto\" \/>\n<meta name=\"twitter:card\" content=\"summary_large_image\" \/>\n<meta name=\"twitter:label1\" content=\"Escrito por\" \/>\n\t<meta name=\"twitter:data1\" content=\"Roberto\" \/>\n\t<meta name=\"twitter:label2\" content=\"Est. tempo de leitura\" \/>\n\t<meta name=\"twitter:data2\" content=\"3 minutos\" \/>\n<script type=\"application\/ld+json\" class=\"yoast-schema-graph\">{\"@context\":\"https:\\\/\\\/schema.org\",\"@graph\":[{\"@type\":\"Article\",\"@id\":\"https:\\\/\\\/regiaonews.net.br\\\/2022\\\/2023\\\/06\\\/22\\\/44a-festa-do-cavalo-registra-grande-procura-por-ingressos\\\/#article\",\"isPartOf\":{\"@id\":\"https:\\\/\\\/regiaonews.net.br\\\/2022\\\/2023\\\/06\\\/22\\\/44a-festa-do-cavalo-registra-grande-procura-por-ingressos\\\/\"},\"author\":{\"name\":\"Roberto\",\"@id\":\"https:\\\/\\\/regiaonews.net.br\\\/2022\\\/#\\\/schema\\\/person\\\/2d205a608a5aa97ac279d7a5e6d89ad8\"},\"headline\":\"44\u00aa Festa do Cavalo de Colina registra grande procura por ingressos\",\"datePublished\":\"2023-06-22T07:09:57+00:00\",\"dateModified\":\"2023-06-23T10:00:36+00:00\",\"mainEntityOfPage\":{\"@id\":\"https:\\\/\\\/regiaonews.net.br\\\/2022\\\/2023\\\/06\\\/22\\\/44a-festa-do-cavalo-registra-grande-procura-por-ingressos\\\/\"},\"wordCount\":565,\"commentCount\":0,\"publisher\":{\"@id\":\"https:\\\/\\\/regiaonews.net.br\\\/2022\\\/#organization\"},\"image\":{\"@id\":\"https:\\\/\\\/regiaonews.net.br\\\/2022\\\/2023\\\/06\\\/22\\\/44a-festa-do-cavalo-registra-grande-procura-por-ingressos\\\/#primaryimage\"},\"thumbnailUrl\":\"https:\\\/\\\/regiaonews.net.br\\\/2022\\\/wp-content\\\/uploads\\\/2023\\\/06\\\/m_62_0_1_21062023161352.jpg\",\"articleSection\":[\"Colina\",\"Col\u00f4mbia\"],\"inLanguage\":\"pt-BR\",\"potentialAction\":[{\"@type\":\"CommentAction\",\"name\":\"Comment\",\"target\":[\"https:\\\/\\\/regiaonews.net.br\\\/2022\\\/2023\\\/06\\\/22\\\/44a-festa-do-cavalo-registra-grande-procura-por-ingressos\\\/#respond\"]}]},{\"@type\":\"WebPage\",\"@id\":\"https:\\\/\\\/regiaonews.net.br\\\/2022\\\/2023\\\/06\\\/22\\\/44a-festa-do-cavalo-registra-grande-procura-por-ingressos\\\/\",\"url\":\"https:\\\/\\\/regiaonews.net.br\\\/2022\\\/2023\\\/06\\\/22\\\/44a-festa-do-cavalo-registra-grande-procura-por-ingressos\\\/\",\"name\":\"44\u00aa Festa do Cavalo de Colina registra grande procura por ingressos - Regi\u00e3o News\",\"isPartOf\":{\"@id\":\"https:\\\/\\\/regiaonews.net.br\\\/2022\\\/#website\"},\"primaryImageOfPage\":{\"@id\":\"https:\\\/\\\/regiaonews.net.br\\\/2022\\\/2023\\\/06\\\/22\\\/44a-festa-do-cavalo-registra-grande-procura-por-ingressos\\\/#primaryimage\"},\"image\":{\"@id\":\"https:\\\/\\\/regiaonews.net.br\\\/2022\\\/2023\\\/06\\\/22\\\/44a-festa-do-cavalo-registra-grande-procura-por-ingressos\\\/#primaryimage\"},\"thumbnailUrl\":\"https:\\\/\\\/regiaonews.net.br\\\/2022\\\/wp-content\\\/uploads\\\/2023\\\/06\\\/m_62_0_1_21062023161352.jpg\",\"datePublished\":\"2023-06-22T07:09:57+00:00\",\"dateModified\":\"2023-06-23T10:00:36+00:00\",\"description\":\"a 44\u00aa Festa do Cavalo.O evento, que acontece no Recinto Municipal \u201c9 de Julho\u201d, traz shows todas as noites e trio el\u00e9trico\",\"breadcrumb\":{\"@id\":\"https:\\\/\\\/regiaonews.net.br\\\/2022\\\/2023\\\/06\\\/22\\\/44a-festa-do-cavalo-registra-grande-procura-por-ingressos\\\/#breadcrumb\"},\"inLanguage\":\"pt-BR\",\"potentialAction\":[{\"@type\":\"ReadAction\",\"target\":[\"https:\\\/\\\/regiaonews.net.br\\\/2022\\\/2023\\\/06\\\/22\\\/44a-festa-do-cavalo-registra-grande-procura-por-ingressos\\\/\"]}]},{\"@type\":\"ImageObject\",\"inLanguage\":\"pt-BR\",\"@id\":\"https:\\\/\\\/regiaonews.net.br\\\/2022\\\/2023\\\/06\\\/22\\\/44a-festa-do-cavalo-registra-grande-procura-por-ingressos\\\/#primaryimage\",\"url\":\"https:\\\/\\\/regiaonews.net.br\\\/2022\\\/wp-content\\\/uploads\\\/2023\\\/06\\\/m_62_0_1_21062023161352.jpg\",\"contentUrl\":\"https:\\\/\\\/regiaonews.net.br\\\/2022\\\/wp-content\\\/uploads\\\/2023\\\/06\\\/m_62_0_1_21062023161352.jpg\",\"width\":449,\"height\":636},{\"@type\":\"BreadcrumbList\",\"@id\":\"https:\\\/\\\/regiaonews.net.br\\\/2022\\\/2023\\\/06\\\/22\\\/44a-festa-do-cavalo-registra-grande-procura-por-ingressos\\\/#breadcrumb\",\"itemListElement\":[{\"@type\":\"ListItem\",\"position\":1,\"name\":\"In\u00edcio\",\"item\":\"https:\\\/\\\/regiaonews.net.br\\\/2022\\\/\"},{\"@type\":\"ListItem\",\"position\":2,\"name\":\"44\u00aa Festa do Cavalo de Colina registra grande procura por ingressos\"}]},{\"@type\":\"WebSite\",\"@id\":\"https:\\\/\\\/regiaonews.net.br\\\/2022\\\/#website\",\"url\":\"https:\\\/\\\/regiaonews.net.br\\\/2022\\\/\",\"name\":\"Regi\u00e3o News\",\"description\":\"Site de Not\u00edcias de Barretos e regi\u00e3o\",\"publisher\":{\"@id\":\"https:\\\/\\\/regiaonews.net.br\\\/2022\\\/#organization\"},\"potentialAction\":[{\"@type\":\"SearchAction\",\"target\":{\"@type\":\"EntryPoint\",\"urlTemplate\":\"https:\\\/\\\/regiaonews.net.br\\\/2022\\\/?s={search_term_string}\"},\"query-input\":{\"@type\":\"PropertyValueSpecification\",\"valueRequired\":true,\"valueName\":\"search_term_string\"}}],\"inLanguage\":\"pt-BR\"},{\"@type\":\"Organization\",\"@id\":\"https:\\\/\\\/regiaonews.net.br\\\/2022\\\/#organization\",\"name\":\"Regi\u00e3o News\",\"url\":\"https:\\\/\\\/regiaonews.net.br\\\/2022\\\/\",\"logo\":{\"@type\":\"ImageObject\",\"inLanguage\":\"pt-BR\",\"@id\":\"https:\\\/\\\/regiaonews.net.br\\\/2022\\\/#\\\/schema\\\/logo\\\/image\\\/\",\"url\":\"https:\\\/\\\/regiaonews.net.br\\\/2022\\\/wp-content\\\/uploads\\\/2026\\\/03\\\/regiao-13-anos-scaled.jpg\",\"contentUrl\":\"https:\\\/\\\/regiaonews.net.br\\\/2022\\\/wp-content\\\/uploads\\\/2026\\\/03\\\/regiao-13-anos-scaled.jpg\",\"width\":2560,\"height\":635,\"caption\":\"Regi\u00e3o News\"},\"image\":{\"@id\":\"https:\\\/\\\/regiaonews.net.br\\\/2022\\\/#\\\/schema\\\/logo\\\/image\\\/\"}},{\"@type\":\"Person\",\"@id\":\"https:\\\/\\\/regiaonews.net.br\\\/2022\\\/#\\\/schema\\\/person\\\/2d205a608a5aa97ac279d7a5e6d89ad8\",\"name\":\"Roberto\",\"image\":{\"@type\":\"ImageObject\",\"inLanguage\":\"pt-BR\",\"@id\":\"https:\\\/\\\/secure.gravatar.com\\\/avatar\\\/42749d8b712ff9d59ca93dc150494e5b55a44134482993f5baeb97e61b7ecc89?s=96&d=mm&r=g\",\"url\":\"https:\\\/\\\/secure.gravatar.com\\\/avatar\\\/42749d8b712ff9d59ca93dc150494e5b55a44134482993f5baeb97e61b7ecc89?s=96&d=mm&r=g\",\"contentUrl\":\"https:\\\/\\\/secure.gravatar.com\\\/avatar\\\/42749d8b712ff9d59ca93dc150494e5b55a44134482993f5baeb97e61b7ecc89?s=96&d=mm&r=g\",\"caption\":\"Roberto\"},\"url\":\"https:\\\/\\\/regiaonews.net.br\\\/2022\\\/author\\\/roberto\\\/\"}]}<\/script>\n<!-- \/ Yoast SEO plugin. -->","yoast_head_json":{"title":"44\u00aa Festa do Cavalo de Colina registra grande procura por ingressos - Regi\u00e3o News","description":"a 44\u00aa Festa do Cavalo.O evento, que acontece no Recinto Municipal \u201c9 de Julho\u201d, traz shows todas as noites e trio el\u00e9trico","robots":{"index":"index","follow":"follow","max-snippet":"max-snippet:-1","max-image-preview":"max-image-preview:large","max-video-preview":"max-video-preview:-1"},"canonical":"https:\/\/regiaonews.net.br\/2022\/2023\/06\/22\/44a-festa-do-cavalo-registra-grande-procura-por-ingressos\/","og_locale":"pt_BR","og_type":"article","og_title":"44\u00aa Festa do Cavalo de Colina registra grande procura por ingressos - Regi\u00e3o News","og_description":"a 44\u00aa Festa do Cavalo.O evento, que acontece no Recinto Municipal \u201c9 de Julho\u201d, traz shows todas as noites e trio el\u00e9trico","og_url":"https:\/\/regiaonews.net.br\/2022\/2023\/06\/22\/44a-festa-do-cavalo-registra-grande-procura-por-ingressos\/","og_site_name":"Regi\u00e3o News","article_published_time":"2023-06-22T07:09:57+00:00","article_modified_time":"2023-06-23T10:00:36+00:00","og_image":[{"width":449,"height":636,"url":"https:\/\/regiaonews.net.br\/2022\/wp-content\/uploads\/2023\/06\/m_62_0_1_21062023161352.jpg","type":"image\/jpeg"}],"author":"Roberto","twitter_card":"summary_large_image","twitter_misc":{"Escrito por":"Roberto","Est. tempo de leitura":"3 minutos"},"schema":{"@context":"https:\/\/schema.org","@graph":[{"@type":"Article","@id":"https:\/\/regiaonews.net.br\/2022\/2023\/06\/22\/44a-festa-do-cavalo-registra-grande-procura-por-ingressos\/#article","isPartOf":{"@id":"https:\/\/regiaonews.net.br\/2022\/2023\/06\/22\/44a-festa-do-cavalo-registra-grande-procura-por-ingressos\/"},"author":{"name":"Roberto","@id":"https:\/\/regiaonews.net.br\/2022\/#\/schema\/person\/2d205a608a5aa97ac279d7a5e6d89ad8"},"headline":"44\u00aa Festa do Cavalo de Colina registra grande procura por ingressos","datePublished":"2023-06-22T07:09:57+00:00","dateModified":"2023-06-23T10:00:36+00:00","mainEntityOfPage":{"@id":"https:\/\/regiaonews.net.br\/2022\/2023\/06\/22\/44a-festa-do-cavalo-registra-grande-procura-por-ingressos\/"},"wordCount":565,"commentCount":0,"publisher":{"@id":"https:\/\/regiaonews.net.br\/2022\/#organization"},"image":{"@id":"https:\/\/regiaonews.net.br\/2022\/2023\/06\/22\/44a-festa-do-cavalo-registra-grande-procura-por-ingressos\/#primaryimage"},"thumbnailUrl":"https:\/\/regiaonews.net.br\/2022\/wp-content\/uploads\/2023\/06\/m_62_0_1_21062023161352.jpg","articleSection":["Colina","Col\u00f4mbia"],"inLanguage":"pt-BR","potentialAction":[{"@type":"CommentAction","name":"Comment","target":["https:\/\/regiaonews.net.br\/2022\/2023\/06\/22\/44a-festa-do-cavalo-registra-grande-procura-por-ingressos\/#respond"]}]},{"@type":"WebPage","@id":"https:\/\/regiaonews.net.br\/2022\/2023\/06\/22\/44a-festa-do-cavalo-registra-grande-procura-por-ingressos\/","url":"https:\/\/regiaonews.net.br\/2022\/2023\/06\/22\/44a-festa-do-cavalo-registra-grande-procura-por-ingressos\/","name":"44\u00aa Festa do Cavalo de Colina registra grande procura por ingressos - Regi\u00e3o News","isPartOf":{"@id":"https:\/\/regiaonews.net.br\/2022\/#website"},"primaryImageOfPage":{"@id":"https:\/\/regiaonews.net.br\/2022\/2023\/06\/22\/44a-festa-do-cavalo-registra-grande-procura-por-ingressos\/#primaryimage"},"image":{"@id":"https:\/\/regiaonews.net.br\/2022\/2023\/06\/22\/44a-festa-do-cavalo-registra-grande-procura-por-ingressos\/#primaryimage"},"thumbnailUrl":"https:\/\/regiaonews.net.br\/2022\/wp-content\/uploads\/2023\/06\/m_62_0_1_21062023161352.jpg","datePublished":"2023-06-22T07:09:57+00:00","dateModified":"2023-06-23T10:00:36+00:00","description":"a 44\u00aa Festa do Cavalo.O evento, que acontece no Recinto Municipal \u201c9 de Julho\u201d, traz shows todas as noites e trio el\u00e9trico","breadcrumb":{"@id":"https:\/\/regiaonews.net.br\/2022\/2023\/06\/22\/44a-festa-do-cavalo-registra-grande-procura-por-ingressos\/#breadcrumb"},"inLanguage":"pt-BR","potentialAction":[{"@type":"ReadAction","target":["https:\/\/regiaonews.net.br\/2022\/2023\/06\/22\/44a-festa-do-cavalo-registra-grande-procura-por-ingressos\/"]}]},{"@type":"ImageObject","inLanguage":"pt-BR","@id":"https:\/\/regiaonews.net.br\/2022\/2023\/06\/22\/44a-festa-do-cavalo-registra-grande-procura-por-ingressos\/#primaryimage","url":"https:\/\/regiaonews.net.br\/2022\/wp-content\/uploads\/2023\/06\/m_62_0_1_21062023161352.jpg","contentUrl":"https:\/\/regiaonews.net.br\/2022\/wp-content\/uploads\/2023\/06\/m_62_0_1_21062023161352.jpg","width":449,"height":636},{"@type":"BreadcrumbList","@id":"https:\/\/regiaonews.net.br\/2022\/2023\/06\/22\/44a-festa-do-cavalo-registra-grande-procura-por-ingressos\/#breadcrumb","itemListElement":[{"@type":"ListItem","position":1,"name":"In\u00edcio","item":"https:\/\/regiaonews.net.br\/2022\/"},{"@type":"ListItem","position":2,"name":"44\u00aa Festa do Cavalo de Colina registra grande procura por ingressos"}]},{"@type":"WebSite","@id":"https:\/\/regiaonews.net.br\/2022\/#website","url":"https:\/\/regiaonews.net.br\/2022\/","name":"Regi\u00e3o News","description":"Site de Not\u00edcias de Barretos e regi\u00e3o","publisher":{"@id":"https:\/\/regiaonews.net.br\/2022\/#organization"},"potentialAction":[{"@type":"SearchAction","target":{"@type":"EntryPoint","urlTemplate":"https:\/\/regiaonews.net.br\/2022\/?s={search_term_string}"},"query-input":{"@type":"PropertyValueSpecification","valueRequired":true,"valueName":"search_term_string"}}],"inLanguage":"pt-BR"},{"@type":"Organization","@id":"https:\/\/regiaonews.net.br\/2022\/#organization","name":"Regi\u00e3o News","url":"https:\/\/regiaonews.net.br\/2022\/","logo":{"@type":"ImageObject","inLanguage":"pt-BR","@id":"https:\/\/regiaonews.net.br\/2022\/#\/schema\/logo\/image\/","url":"https:\/\/regiaonews.net.br\/2022\/wp-content\/uploads\/2026\/03\/regiao-13-anos-scaled.jpg","contentUrl":"https:\/\/regiaonews.net.br\/2022\/wp-content\/uploads\/2026\/03\/regiao-13-anos-scaled.jpg","width":2560,"height":635,"caption":"Regi\u00e3o News"},"image":{"@id":"https:\/\/regiaonews.net.br\/2022\/#\/schema\/logo\/image\/"}},{"@type":"Person","@id":"https:\/\/regiaonews.net.br\/2022\/#\/schema\/person\/2d205a608a5aa97ac279d7a5e6d89ad8","name":"Roberto","image":{"@type":"ImageObject","inLanguage":"pt-BR","@id":"https:\/\/secure.gravatar.com\/avatar\/42749d8b712ff9d59ca93dc150494e5b55a44134482993f5baeb97e61b7ecc89?s=96&d=mm&r=g","url":"https:\/\/secure.gravatar.com\/avatar\/42749d8b712ff9d59ca93dc150494e5b55a44134482993f5baeb97e61b7ecc89?s=96&d=mm&r=g","contentUrl":"https:\/\/secure.gravatar.com\/avatar\/42749d8b712ff9d59ca93dc150494e5b55a44134482993f5baeb97e61b7ecc89?s=96&d=mm&r=g","caption":"Roberto"},"url":"https:\/\/regiaonews.net.br\/2022\/author\/roberto\/"}]}},"publishpress_future_action":{"enabled":false,"date":"2026-05-03 23:16:14","action":"change-status","newStatus":"draft","terms":[],"taxonomy":"category","extraData":[]},"publishpress_future_workflow_manual_trigger":{"enabledWorkflows":[]},"_links":{"self":[{"href":"https:\/\/regiaonews.net.br\/2022\/wp-json\/wp\/v2\/posts\/90369","targetHints":{"allow":["GET"]}}],"collection":[{"href":"https:\/\/regiaonews.net.br\/2022\/wp-json\/wp\/v2\/posts"}],"about":[{"href":"https:\/\/regiaonews.net.br\/2022\/wp-json\/wp\/v2\/types\/post"}],"author":[{"embeddable":true,"href":"https:\/\/regiaonews.net.br\/2022\/wp-json\/wp\/v2\/users\/2"}],"replies":[{"embeddable":true,"href":"https:\/\/regiaonews.net.br\/2022\/wp-json\/wp\/v2\/comments?post=90369"}],"version-history":[{"count":3,"href":"https:\/\/regiaonews.net.br\/2022\/wp-json\/wp\/v2\/posts\/90369\/revisions"}],"predecessor-version":[{"id":90434,"href":"https:\/\/regiaonews.net.br\/2022\/wp-json\/wp\/v2\/posts\/90369\/revisions\/90434"}],"wp:featuredmedia":[{"embeddable":true,"href":"https:\/\/regiaonews.net.br\/2022\/wp-json\/wp\/v2\/media\/90370"}],"wp:attachment":[{"href":"https:\/\/regiaonews.net.br\/2022\/wp-json\/wp\/v2\/media?parent=90369"}],"wp:term":[{"taxonomy":"category","embeddable":true,"href":"https:\/\/regiaonews.net.br\/2022\/wp-json\/wp\/v2\/categories?post=90369"},{"taxonomy":"post_tag","embeddable":true,"href":"https:\/\/regiaonews.net.br\/2022\/wp-json\/wp\/v2\/tags?post=90369"}],"curies":[{"name":"wp","href":"https:\/\/api.w.org\/{rel}","templated":true}]}}