{"id":90353,"date":"2023-06-21T22:52:28","date_gmt":"2023-06-22T01:52:28","guid":{"rendered":"https:\/\/regiaonews.net.br\/2022\/?p=90353"},"modified":"2023-06-22T03:24:44","modified_gmt":"2023-06-22T06:24:44","slug":"centenario-caetano-gigliotti-completa-100-dando-exemplo-de-vida","status":"publish","type":"post","link":"https:\/\/regiaonews.net.br\/2022\/2023\/06\/21\/centenario-caetano-gigliotti-completa-100-dando-exemplo-de-vida\/","title":{"rendered":"Centen\u00e1rio: Caetano Gigliotti completa 100 dando exemplo de vida"},"content":{"rendered":"<p>&nbsp;<\/p>\n<p>Caetano Gigliotti nasceu em S\u00e3o Carlos e mora em Barretos onde formou fam\u00edlia<\/p>\n<p>Foto \u2013 Divulga\u00e7\u00e3o<\/p>\n<p>O aposentado Caetano Gigliotti, completou 100 anos, nesta segunda-feira (19), ao lado da fam\u00edlia em Barretos. Apesar das dificuldades de vis\u00e3o e audi\u00e7\u00e3o, o idoso que nasceu em S\u00e3o Carlos\/SP est\u00e1 l\u00facido, caminha e aprecia batata frita, espetinho e pastel. O centen\u00e1rio atuou durante 27 anos na venda de jornais nos trens da antiga Ferrovia Paulista, no trajeto entre Barretos e S\u00e3o Carlos.<\/p>\n<p>Apaixonado por Barretos, onde fez v\u00e1rios amigos, decidiu morar na cidade e come\u00e7ou a trabalhar com bancas de jornais, vindo posteriormente a montar a livraria Vamos Ler e a Banca do Chico, ao lado do irm\u00e3o, at\u00e9 a sua aposentadoria. Tamb\u00e9m foi propriet\u00e1rio do Bar Paulista na Vila Nogueira, onde realizou v\u00e1rios encontros de Santos Reis, com diversas companhias. Vi\u00favo de Lourdes C\u00e9sar Gigliotti, teve os filhos Sueli, Lourival (in memoria) e Milton Gigliotti que reside em Ol\u00edmpia, al\u00e9m de tr\u00eas netos e seis bisnetos.<br \/>\nAo completar 100 anos, Caetano Gigliotti disse\u00a0 que a sensa\u00e7\u00e3o \u00e9 de estar completando 20 anos. \u201cN\u00e3o tomo rem\u00e9dio e n\u00e3o sei como chama rem\u00e9dio. \u00c9 dif\u00edcil encontrar uma pessoa assim, eu cheguei nessa idade porque sempre fiz o que sempre gostei&#8221;, afirmou, o idoso que desde 1965 passou a residir na regi\u00e3o do estreito, no Rio Pardo, em Jaborandi. \u201cO rei do pescador de Barretos sou eu, fiz isso por 40 anos. A noite gostava de pescar J\u00e1u\u201d, ressaltou.<br \/>\nSegundo Caetano Gigliotti, a sua inten\u00e7\u00e3o \u00e9 viver at\u00e9 quando Deus permitir. De acordo com a filha Sueli, os av\u00f3s do seu pai, viveram at\u00e9 os 113 anos.<\/p>\n<p><a href=\"https:\/\/regiaonews.net.br\/2022\/wp-content\/uploads\/2023\/06\/IMG-20230619-WA0444.jpg\"><img loading=\"lazy\" decoding=\"async\" class=\"alignnone size-medium wp-image-90354\" src=\"https:\/\/regiaonews.net.br\/2022\/wp-content\/uploads\/2023\/06\/IMG-20230619-WA0444-300x225.jpg\" alt=\"\" width=\"300\" height=\"225\" srcset=\"https:\/\/regiaonews.net.br\/2022\/wp-content\/uploads\/2023\/06\/IMG-20230619-WA0444-300x225.jpg 300w, https:\/\/regiaonews.net.br\/2022\/wp-content\/uploads\/2023\/06\/IMG-20230619-WA0444-768x576.jpg 768w, https:\/\/regiaonews.net.br\/2022\/wp-content\/uploads\/2023\/06\/IMG-20230619-WA0444-250x188.jpg 250w, https:\/\/regiaonews.net.br\/2022\/wp-content\/uploads\/2023\/06\/IMG-20230619-WA0444-200x150.jpg 200w, https:\/\/regiaonews.net.br\/2022\/wp-content\/uploads\/2023\/06\/IMG-20230619-WA0444.jpg 1024w\" sizes=\"auto, (max-width: 300px) 100vw, 300px\" \/><\/a><\/p>\n<p>&nbsp;<\/p>\n","protected":false},"excerpt":{"rendered":"<p>&nbsp; Caetano Gigliotti nasceu em S\u00e3o Carlos e mora em<\/p>\n","protected":false},"author":2,"featured_media":90355,"comment_status":"open","ping_status":"open","sticky":false,"template":"","format":"standard","meta":{"footnotes":""},"categories":[14,25],"tags":[],"class_list":["post-90353","post","type-post","status-publish","format-standard","has-post-thumbnail","hentry","category-barretos","category-cidades"],"yoast_head":"<!-- This site is optimized with the Yoast SEO plugin v27.4 - https:\/\/yoast.com\/product\/yoast-seo-wordpress\/ -->\n<title>Centen\u00e1rio: Caetano Gigliotti completa 100 dando exemplo de vida - Regi\u00e3o News<\/title>\n<meta name=\"description\" content=\"O aposentado Caetano Gigliotti, completou 100 anos, nesta segunda-feira (19), ao lado da fam\u00edlia em Barretos.\" \/>\n<meta name=\"robots\" content=\"index, follow, max-snippet:-1, max-image-preview:large, max-video-preview:-1\" \/>\n<link rel=\"canonical\" href=\"https:\/\/regiaonews.net.br\/2022\/2023\/06\/21\/centenario-caetano-gigliotti-completa-100-dando-exemplo-de-vida\/\" \/>\n<meta property=\"og:locale\" content=\"pt_BR\" \/>\n<meta property=\"og:type\" content=\"article\" \/>\n<meta property=\"og:title\" content=\"Centen\u00e1rio: Caetano Gigliotti completa 100 dando exemplo de vida - Regi\u00e3o News\" \/>\n<meta property=\"og:description\" content=\"O aposentado Caetano Gigliotti, completou 100 anos, nesta segunda-feira (19), ao lado da fam\u00edlia em Barretos.\" \/>\n<meta property=\"og:url\" content=\"https:\/\/regiaonews.net.br\/2022\/2023\/06\/21\/centenario-caetano-gigliotti-completa-100-dando-exemplo-de-vida\/\" \/>\n<meta property=\"og:site_name\" content=\"Regi\u00e3o News\" \/>\n<meta property=\"article:published_time\" content=\"2023-06-22T01:52:28+00:00\" \/>\n<meta property=\"article:modified_time\" content=\"2023-06-22T06:24:44+00:00\" \/>\n<meta property=\"og:image\" content=\"https:\/\/regiaonews.net.br\/2022\/wp-content\/uploads\/2023\/06\/IMG-20230619-WA0442.jpg\" \/>\n\t<meta property=\"og:image:width\" content=\"768\" \/>\n\t<meta property=\"og:image:height\" content=\"1024\" \/>\n\t<meta property=\"og:image:type\" content=\"image\/jpeg\" \/>\n<meta name=\"author\" content=\"Roberto\" \/>\n<meta name=\"twitter:card\" content=\"summary_large_image\" \/>\n<meta name=\"twitter:label1\" content=\"Escrito por\" \/>\n\t<meta name=\"twitter:data1\" content=\"Roberto\" \/>\n\t<meta name=\"twitter:label2\" content=\"Est. tempo de leitura\" \/>\n\t<meta name=\"twitter:data2\" content=\"2 minutos\" \/>\n<script type=\"application\/ld+json\" class=\"yoast-schema-graph\">{\"@context\":\"https:\\\/\\\/schema.org\",\"@graph\":[{\"@type\":\"Article\",\"@id\":\"https:\\\/\\\/regiaonews.net.br\\\/2022\\\/2023\\\/06\\\/21\\\/centenario-caetano-gigliotti-completa-100-dando-exemplo-de-vida\\\/#article\",\"isPartOf\":{\"@id\":\"https:\\\/\\\/regiaonews.net.br\\\/2022\\\/2023\\\/06\\\/21\\\/centenario-caetano-gigliotti-completa-100-dando-exemplo-de-vida\\\/\"},\"author\":{\"name\":\"Roberto\",\"@id\":\"https:\\\/\\\/regiaonews.net.br\\\/2022\\\/#\\\/schema\\\/person\\\/2d205a608a5aa97ac279d7a5e6d89ad8\"},\"headline\":\"Centen\u00e1rio: Caetano Gigliotti completa 100 dando exemplo de vida\",\"datePublished\":\"2023-06-22T01:52:28+00:00\",\"dateModified\":\"2023-06-22T06:24:44+00:00\",\"mainEntityOfPage\":{\"@id\":\"https:\\\/\\\/regiaonews.net.br\\\/2022\\\/2023\\\/06\\\/21\\\/centenario-caetano-gigliotti-completa-100-dando-exemplo-de-vida\\\/\"},\"wordCount\":303,\"commentCount\":0,\"publisher\":{\"@id\":\"https:\\\/\\\/regiaonews.net.br\\\/2022\\\/#organization\"},\"image\":{\"@id\":\"https:\\\/\\\/regiaonews.net.br\\\/2022\\\/2023\\\/06\\\/21\\\/centenario-caetano-gigliotti-completa-100-dando-exemplo-de-vida\\\/#primaryimage\"},\"thumbnailUrl\":\"https:\\\/\\\/regiaonews.net.br\\\/2022\\\/wp-content\\\/uploads\\\/2023\\\/06\\\/IMG-20230619-WA0442.jpg\",\"articleSection\":[\"Barretos\",\"Cidades\"],\"inLanguage\":\"pt-BR\",\"potentialAction\":[{\"@type\":\"CommentAction\",\"name\":\"Comment\",\"target\":[\"https:\\\/\\\/regiaonews.net.br\\\/2022\\\/2023\\\/06\\\/21\\\/centenario-caetano-gigliotti-completa-100-dando-exemplo-de-vida\\\/#respond\"]}]},{\"@type\":\"WebPage\",\"@id\":\"https:\\\/\\\/regiaonews.net.br\\\/2022\\\/2023\\\/06\\\/21\\\/centenario-caetano-gigliotti-completa-100-dando-exemplo-de-vida\\\/\",\"url\":\"https:\\\/\\\/regiaonews.net.br\\\/2022\\\/2023\\\/06\\\/21\\\/centenario-caetano-gigliotti-completa-100-dando-exemplo-de-vida\\\/\",\"name\":\"Centen\u00e1rio: Caetano Gigliotti completa 100 dando exemplo de vida - Regi\u00e3o News\",\"isPartOf\":{\"@id\":\"https:\\\/\\\/regiaonews.net.br\\\/2022\\\/#website\"},\"primaryImageOfPage\":{\"@id\":\"https:\\\/\\\/regiaonews.net.br\\\/2022\\\/2023\\\/06\\\/21\\\/centenario-caetano-gigliotti-completa-100-dando-exemplo-de-vida\\\/#primaryimage\"},\"image\":{\"@id\":\"https:\\\/\\\/regiaonews.net.br\\\/2022\\\/2023\\\/06\\\/21\\\/centenario-caetano-gigliotti-completa-100-dando-exemplo-de-vida\\\/#primaryimage\"},\"thumbnailUrl\":\"https:\\\/\\\/regiaonews.net.br\\\/2022\\\/wp-content\\\/uploads\\\/2023\\\/06\\\/IMG-20230619-WA0442.jpg\",\"datePublished\":\"2023-06-22T01:52:28+00:00\",\"dateModified\":\"2023-06-22T06:24:44+00:00\",\"description\":\"O aposentado Caetano Gigliotti, completou 100 anos, nesta segunda-feira (19), ao lado da fam\u00edlia em Barretos.\",\"breadcrumb\":{\"@id\":\"https:\\\/\\\/regiaonews.net.br\\\/2022\\\/2023\\\/06\\\/21\\\/centenario-caetano-gigliotti-completa-100-dando-exemplo-de-vida\\\/#breadcrumb\"},\"inLanguage\":\"pt-BR\",\"potentialAction\":[{\"@type\":\"ReadAction\",\"target\":[\"https:\\\/\\\/regiaonews.net.br\\\/2022\\\/2023\\\/06\\\/21\\\/centenario-caetano-gigliotti-completa-100-dando-exemplo-de-vida\\\/\"]}]},{\"@type\":\"ImageObject\",\"inLanguage\":\"pt-BR\",\"@id\":\"https:\\\/\\\/regiaonews.net.br\\\/2022\\\/2023\\\/06\\\/21\\\/centenario-caetano-gigliotti-completa-100-dando-exemplo-de-vida\\\/#primaryimage\",\"url\":\"https:\\\/\\\/regiaonews.net.br\\\/2022\\\/wp-content\\\/uploads\\\/2023\\\/06\\\/IMG-20230619-WA0442.jpg\",\"contentUrl\":\"https:\\\/\\\/regiaonews.net.br\\\/2022\\\/wp-content\\\/uploads\\\/2023\\\/06\\\/IMG-20230619-WA0442.jpg\",\"width\":768,\"height\":1024},{\"@type\":\"BreadcrumbList\",\"@id\":\"https:\\\/\\\/regiaonews.net.br\\\/2022\\\/2023\\\/06\\\/21\\\/centenario-caetano-gigliotti-completa-100-dando-exemplo-de-vida\\\/#breadcrumb\",\"itemListElement\":[{\"@type\":\"ListItem\",\"position\":1,\"name\":\"In\u00edcio\",\"item\":\"https:\\\/\\\/regiaonews.net.br\\\/2022\\\/\"},{\"@type\":\"ListItem\",\"position\":2,\"name\":\"Centen\u00e1rio: Caetano Gigliotti completa 100 dando exemplo de vida\"}]},{\"@type\":\"WebSite\",\"@id\":\"https:\\\/\\\/regiaonews.net.br\\\/2022\\\/#website\",\"url\":\"https:\\\/\\\/regiaonews.net.br\\\/2022\\\/\",\"name\":\"Regi\u00e3o News\",\"description\":\"Site de Not\u00edcias de Barretos e regi\u00e3o\",\"publisher\":{\"@id\":\"https:\\\/\\\/regiaonews.net.br\\\/2022\\\/#organization\"},\"potentialAction\":[{\"@type\":\"SearchAction\",\"target\":{\"@type\":\"EntryPoint\",\"urlTemplate\":\"https:\\\/\\\/regiaonews.net.br\\\/2022\\\/?s={search_term_string}\"},\"query-input\":{\"@type\":\"PropertyValueSpecification\",\"valueRequired\":true,\"valueName\":\"search_term_string\"}}],\"inLanguage\":\"pt-BR\"},{\"@type\":\"Organization\",\"@id\":\"https:\\\/\\\/regiaonews.net.br\\\/2022\\\/#organization\",\"name\":\"Regi\u00e3o News\",\"url\":\"https:\\\/\\\/regiaonews.net.br\\\/2022\\\/\",\"logo\":{\"@type\":\"ImageObject\",\"inLanguage\":\"pt-BR\",\"@id\":\"https:\\\/\\\/regiaonews.net.br\\\/2022\\\/#\\\/schema\\\/logo\\\/image\\\/\",\"url\":\"https:\\\/\\\/regiaonews.net.br\\\/2022\\\/wp-content\\\/uploads\\\/2026\\\/03\\\/regiao-13-anos-scaled.jpg\",\"contentUrl\":\"https:\\\/\\\/regiaonews.net.br\\\/2022\\\/wp-content\\\/uploads\\\/2026\\\/03\\\/regiao-13-anos-scaled.jpg\",\"width\":2560,\"height\":635,\"caption\":\"Regi\u00e3o News\"},\"image\":{\"@id\":\"https:\\\/\\\/regiaonews.net.br\\\/2022\\\/#\\\/schema\\\/logo\\\/image\\\/\"}},{\"@type\":\"Person\",\"@id\":\"https:\\\/\\\/regiaonews.net.br\\\/2022\\\/#\\\/schema\\\/person\\\/2d205a608a5aa97ac279d7a5e6d89ad8\",\"name\":\"Roberto\",\"image\":{\"@type\":\"ImageObject\",\"inLanguage\":\"pt-BR\",\"@id\":\"https:\\\/\\\/secure.gravatar.com\\\/avatar\\\/42749d8b712ff9d59ca93dc150494e5b55a44134482993f5baeb97e61b7ecc89?s=96&d=mm&r=g\",\"url\":\"https:\\\/\\\/secure.gravatar.com\\\/avatar\\\/42749d8b712ff9d59ca93dc150494e5b55a44134482993f5baeb97e61b7ecc89?s=96&d=mm&r=g\",\"contentUrl\":\"https:\\\/\\\/secure.gravatar.com\\\/avatar\\\/42749d8b712ff9d59ca93dc150494e5b55a44134482993f5baeb97e61b7ecc89?s=96&d=mm&r=g\",\"caption\":\"Roberto\"},\"url\":\"https:\\\/\\\/regiaonews.net.br\\\/2022\\\/author\\\/roberto\\\/\"}]}<\/script>\n<!-- \/ Yoast SEO plugin. -->","yoast_head_json":{"title":"Centen\u00e1rio: Caetano Gigliotti completa 100 dando exemplo de vida - Regi\u00e3o News","description":"O aposentado Caetano Gigliotti, completou 100 anos, nesta segunda-feira (19), ao lado da fam\u00edlia em Barretos.","robots":{"index":"index","follow":"follow","max-snippet":"max-snippet:-1","max-image-preview":"max-image-preview:large","max-video-preview":"max-video-preview:-1"},"canonical":"https:\/\/regiaonews.net.br\/2022\/2023\/06\/21\/centenario-caetano-gigliotti-completa-100-dando-exemplo-de-vida\/","og_locale":"pt_BR","og_type":"article","og_title":"Centen\u00e1rio: Caetano Gigliotti completa 100 dando exemplo de vida - Regi\u00e3o News","og_description":"O aposentado Caetano Gigliotti, completou 100 anos, nesta segunda-feira (19), ao lado da fam\u00edlia em Barretos.","og_url":"https:\/\/regiaonews.net.br\/2022\/2023\/06\/21\/centenario-caetano-gigliotti-completa-100-dando-exemplo-de-vida\/","og_site_name":"Regi\u00e3o News","article_published_time":"2023-06-22T01:52:28+00:00","article_modified_time":"2023-06-22T06:24:44+00:00","og_image":[{"width":768,"height":1024,"url":"https:\/\/regiaonews.net.br\/2022\/wp-content\/uploads\/2023\/06\/IMG-20230619-WA0442.jpg","type":"image\/jpeg"}],"author":"Roberto","twitter_card":"summary_large_image","twitter_misc":{"Escrito por":"Roberto","Est. tempo de leitura":"2 minutos"},"schema":{"@context":"https:\/\/schema.org","@graph":[{"@type":"Article","@id":"https:\/\/regiaonews.net.br\/2022\/2023\/06\/21\/centenario-caetano-gigliotti-completa-100-dando-exemplo-de-vida\/#article","isPartOf":{"@id":"https:\/\/regiaonews.net.br\/2022\/2023\/06\/21\/centenario-caetano-gigliotti-completa-100-dando-exemplo-de-vida\/"},"author":{"name":"Roberto","@id":"https:\/\/regiaonews.net.br\/2022\/#\/schema\/person\/2d205a608a5aa97ac279d7a5e6d89ad8"},"headline":"Centen\u00e1rio: Caetano Gigliotti completa 100 dando exemplo de vida","datePublished":"2023-06-22T01:52:28+00:00","dateModified":"2023-06-22T06:24:44+00:00","mainEntityOfPage":{"@id":"https:\/\/regiaonews.net.br\/2022\/2023\/06\/21\/centenario-caetano-gigliotti-completa-100-dando-exemplo-de-vida\/"},"wordCount":303,"commentCount":0,"publisher":{"@id":"https:\/\/regiaonews.net.br\/2022\/#organization"},"image":{"@id":"https:\/\/regiaonews.net.br\/2022\/2023\/06\/21\/centenario-caetano-gigliotti-completa-100-dando-exemplo-de-vida\/#primaryimage"},"thumbnailUrl":"https:\/\/regiaonews.net.br\/2022\/wp-content\/uploads\/2023\/06\/IMG-20230619-WA0442.jpg","articleSection":["Barretos","Cidades"],"inLanguage":"pt-BR","potentialAction":[{"@type":"CommentAction","name":"Comment","target":["https:\/\/regiaonews.net.br\/2022\/2023\/06\/21\/centenario-caetano-gigliotti-completa-100-dando-exemplo-de-vida\/#respond"]}]},{"@type":"WebPage","@id":"https:\/\/regiaonews.net.br\/2022\/2023\/06\/21\/centenario-caetano-gigliotti-completa-100-dando-exemplo-de-vida\/","url":"https:\/\/regiaonews.net.br\/2022\/2023\/06\/21\/centenario-caetano-gigliotti-completa-100-dando-exemplo-de-vida\/","name":"Centen\u00e1rio: Caetano Gigliotti completa 100 dando exemplo de vida - Regi\u00e3o News","isPartOf":{"@id":"https:\/\/regiaonews.net.br\/2022\/#website"},"primaryImageOfPage":{"@id":"https:\/\/regiaonews.net.br\/2022\/2023\/06\/21\/centenario-caetano-gigliotti-completa-100-dando-exemplo-de-vida\/#primaryimage"},"image":{"@id":"https:\/\/regiaonews.net.br\/2022\/2023\/06\/21\/centenario-caetano-gigliotti-completa-100-dando-exemplo-de-vida\/#primaryimage"},"thumbnailUrl":"https:\/\/regiaonews.net.br\/2022\/wp-content\/uploads\/2023\/06\/IMG-20230619-WA0442.jpg","datePublished":"2023-06-22T01:52:28+00:00","dateModified":"2023-06-22T06:24:44+00:00","description":"O aposentado Caetano Gigliotti, completou 100 anos, nesta segunda-feira (19), ao lado da fam\u00edlia em Barretos.","breadcrumb":{"@id":"https:\/\/regiaonews.net.br\/2022\/2023\/06\/21\/centenario-caetano-gigliotti-completa-100-dando-exemplo-de-vida\/#breadcrumb"},"inLanguage":"pt-BR","potentialAction":[{"@type":"ReadAction","target":["https:\/\/regiaonews.net.br\/2022\/2023\/06\/21\/centenario-caetano-gigliotti-completa-100-dando-exemplo-de-vida\/"]}]},{"@type":"ImageObject","inLanguage":"pt-BR","@id":"https:\/\/regiaonews.net.br\/2022\/2023\/06\/21\/centenario-caetano-gigliotti-completa-100-dando-exemplo-de-vida\/#primaryimage","url":"https:\/\/regiaonews.net.br\/2022\/wp-content\/uploads\/2023\/06\/IMG-20230619-WA0442.jpg","contentUrl":"https:\/\/regiaonews.net.br\/2022\/wp-content\/uploads\/2023\/06\/IMG-20230619-WA0442.jpg","width":768,"height":1024},{"@type":"BreadcrumbList","@id":"https:\/\/regiaonews.net.br\/2022\/2023\/06\/21\/centenario-caetano-gigliotti-completa-100-dando-exemplo-de-vida\/#breadcrumb","itemListElement":[{"@type":"ListItem","position":1,"name":"In\u00edcio","item":"https:\/\/regiaonews.net.br\/2022\/"},{"@type":"ListItem","position":2,"name":"Centen\u00e1rio: Caetano Gigliotti completa 100 dando exemplo de vida"}]},{"@type":"WebSite","@id":"https:\/\/regiaonews.net.br\/2022\/#website","url":"https:\/\/regiaonews.net.br\/2022\/","name":"Regi\u00e3o News","description":"Site de Not\u00edcias de Barretos e regi\u00e3o","publisher":{"@id":"https:\/\/regiaonews.net.br\/2022\/#organization"},"potentialAction":[{"@type":"SearchAction","target":{"@type":"EntryPoint","urlTemplate":"https:\/\/regiaonews.net.br\/2022\/?s={search_term_string}"},"query-input":{"@type":"PropertyValueSpecification","valueRequired":true,"valueName":"search_term_string"}}],"inLanguage":"pt-BR"},{"@type":"Organization","@id":"https:\/\/regiaonews.net.br\/2022\/#organization","name":"Regi\u00e3o News","url":"https:\/\/regiaonews.net.br\/2022\/","logo":{"@type":"ImageObject","inLanguage":"pt-BR","@id":"https:\/\/regiaonews.net.br\/2022\/#\/schema\/logo\/image\/","url":"https:\/\/regiaonews.net.br\/2022\/wp-content\/uploads\/2026\/03\/regiao-13-anos-scaled.jpg","contentUrl":"https:\/\/regiaonews.net.br\/2022\/wp-content\/uploads\/2026\/03\/regiao-13-anos-scaled.jpg","width":2560,"height":635,"caption":"Regi\u00e3o News"},"image":{"@id":"https:\/\/regiaonews.net.br\/2022\/#\/schema\/logo\/image\/"}},{"@type":"Person","@id":"https:\/\/regiaonews.net.br\/2022\/#\/schema\/person\/2d205a608a5aa97ac279d7a5e6d89ad8","name":"Roberto","image":{"@type":"ImageObject","inLanguage":"pt-BR","@id":"https:\/\/secure.gravatar.com\/avatar\/42749d8b712ff9d59ca93dc150494e5b55a44134482993f5baeb97e61b7ecc89?s=96&d=mm&r=g","url":"https:\/\/secure.gravatar.com\/avatar\/42749d8b712ff9d59ca93dc150494e5b55a44134482993f5baeb97e61b7ecc89?s=96&d=mm&r=g","contentUrl":"https:\/\/secure.gravatar.com\/avatar\/42749d8b712ff9d59ca93dc150494e5b55a44134482993f5baeb97e61b7ecc89?s=96&d=mm&r=g","caption":"Roberto"},"url":"https:\/\/regiaonews.net.br\/2022\/author\/roberto\/"}]}},"publishpress_future_action":{"enabled":false,"date":"2026-05-04 06:27:02","action":"change-status","newStatus":"draft","terms":[],"taxonomy":"category","extraData":[]},"publishpress_future_workflow_manual_trigger":{"enabledWorkflows":[]},"_links":{"self":[{"href":"https:\/\/regiaonews.net.br\/2022\/wp-json\/wp\/v2\/posts\/90353","targetHints":{"allow":["GET"]}}],"collection":[{"href":"https:\/\/regiaonews.net.br\/2022\/wp-json\/wp\/v2\/posts"}],"about":[{"href":"https:\/\/regiaonews.net.br\/2022\/wp-json\/wp\/v2\/types\/post"}],"author":[{"embeddable":true,"href":"https:\/\/regiaonews.net.br\/2022\/wp-json\/wp\/v2\/users\/2"}],"replies":[{"embeddable":true,"href":"https:\/\/regiaonews.net.br\/2022\/wp-json\/wp\/v2\/comments?post=90353"}],"version-history":[{"count":1,"href":"https:\/\/regiaonews.net.br\/2022\/wp-json\/wp\/v2\/posts\/90353\/revisions"}],"predecessor-version":[{"id":90356,"href":"https:\/\/regiaonews.net.br\/2022\/wp-json\/wp\/v2\/posts\/90353\/revisions\/90356"}],"wp:featuredmedia":[{"embeddable":true,"href":"https:\/\/regiaonews.net.br\/2022\/wp-json\/wp\/v2\/media\/90355"}],"wp:attachment":[{"href":"https:\/\/regiaonews.net.br\/2022\/wp-json\/wp\/v2\/media?parent=90353"}],"wp:term":[{"taxonomy":"category","embeddable":true,"href":"https:\/\/regiaonews.net.br\/2022\/wp-json\/wp\/v2\/categories?post=90353"},{"taxonomy":"post_tag","embeddable":true,"href":"https:\/\/regiaonews.net.br\/2022\/wp-json\/wp\/v2\/tags?post=90353"}],"curies":[{"name":"wp","href":"https:\/\/api.w.org\/{rel}","templated":true}]}}