{"id":90337,"date":"2023-06-21T18:37:47","date_gmt":"2023-06-21T21:37:47","guid":{"rendered":"https:\/\/regiaonews.net.br\/2022\/?p=90337"},"modified":"2023-06-21T18:39:05","modified_gmt":"2023-06-21T21:39:05","slug":"prefeitura-da-estancia-turistica-de-barretos-participa-da-6a-edicao-do-conexidades","status":"publish","type":"post","link":"https:\/\/regiaonews.net.br\/2022\/2023\/06\/21\/prefeitura-da-estancia-turistica-de-barretos-participa-da-6a-edicao-do-conexidades\/","title":{"rendered":"Prefeitura da Est\u00e2ncia Tur\u00edstica de Barretos participa da 6\u00aa edi\u00e7\u00e3o do CONEXIDADES"},"content":{"rendered":"<p>&nbsp;<\/p>\n<p>Reafirmando o compromisso com o desenvolvimento do turismo local, a cidade foi representada no evento pela Setur<\/p>\n<p>A Est\u00e2ncia Tur\u00edstica de Barretos esteve presente na 6\u00aa edi\u00e7\u00e3o do CONEXIDADES, com stand do munic\u00edpio e participa\u00e7\u00e3o de integrantes da Secretaria Municipal de Turismo (Setur). O evento realizado em Jundia\u00ed, entre os dias 13 e 17 de junho, reuniu importantes lideran\u00e7as pol\u00edticas com o objetivo de estabelecer parcerias com setores p\u00fablicos e privados, promover os munic\u00edpios participantes e trocar experi\u00eancias entre os gestores p\u00fablicos. Participaram das discuss\u00f5es os t\u00e9cnicos em turismo da Setur Paulo Cesar Lopes (o Paulinho 1001) e Leandro C\u00e9sar Ferraz, al\u00e9m do chefe de gabinete da pasta, S\u00e9rgio Rondini.<br \/>\nRondini destacou que esta \u00e9 mais uma maneira pela qual a Prefeitura afirma seu compromisso com o desenvolvimento do turismo local. \u201cEstivemos ao lado de outras lideran\u00e7as que tamb\u00e9m representam a Regi\u00e3o Tur\u00edstica \u00c1guas Sertanejas, participando com l\u00edderes de todo o Estado dos debates e das conex\u00f5es que esse evento proporciona. Por ser tamb\u00e9m uma vitrine para o turismo, \u00e9 uma importante oportunidade de propagarmos informa\u00e7\u00f5es sobre a voca\u00e7\u00e3o tur\u00edstica de nossa regi\u00e3o\u201d, destacou.<br \/>\nPaulinho 1001 ressaltou a oportunidade de estabelecer parcerias que o CONEXIDADES proporciona. \u201cO evento \u00e9 um excelente espa\u00e7o para conectar o munic\u00edpio com empresas que podem trazer seu potencial para nossa cidade. Pelas discuss\u00f5es que prop\u00f5e sobre os novos tempos, \u00e9 tamb\u00e9m um espa\u00e7o relevante para se consolidar ideias a serem adotas em nosso munic\u00edpio tendo em vista a excel\u00eancia nas suas fun\u00e7\u00f5es p\u00fablicas e visando sempre um futuro promissor para a cidade\u201d, refor\u00e7ou.<\/p>\n","protected":false},"excerpt":{"rendered":"<p>&nbsp; Reafirmando o compromisso com o desenvolvimento do turismo local,<\/p>\n","protected":false},"author":2,"featured_media":90338,"comment_status":"open","ping_status":"open","sticky":false,"template":"","format":"standard","meta":{"footnotes":""},"categories":[14,25],"tags":[],"class_list":["post-90337","post","type-post","status-publish","format-standard","has-post-thumbnail","hentry","category-barretos","category-cidades"],"yoast_head":"<!-- This site is optimized with the Yoast SEO plugin v27.4 - https:\/\/yoast.com\/product\/yoast-seo-wordpress\/ -->\n<title>Prefeitura da Est\u00e2ncia Tur\u00edstica de Barretos participa da 6\u00aa edi\u00e7\u00e3o do CONEXIDADES - Regi\u00e3o News<\/title>\n<meta name=\"description\" content=\"Prefeitura da Est\u00e2ncia Tur\u00edstica de Barretos participa da 6\u00aa edi\u00e7\u00e3o do CONEXIDADES\" \/>\n<meta name=\"robots\" content=\"index, follow, max-snippet:-1, max-image-preview:large, max-video-preview:-1\" \/>\n<link rel=\"canonical\" href=\"https:\/\/regiaonews.net.br\/2022\/2023\/06\/21\/prefeitura-da-estancia-turistica-de-barretos-participa-da-6a-edicao-do-conexidades\/\" \/>\n<meta property=\"og:locale\" content=\"pt_BR\" \/>\n<meta property=\"og:type\" content=\"article\" \/>\n<meta property=\"og:title\" content=\"Prefeitura da Est\u00e2ncia Tur\u00edstica de Barretos participa da 6\u00aa edi\u00e7\u00e3o do CONEXIDADES - Regi\u00e3o News\" \/>\n<meta property=\"og:description\" content=\"Prefeitura da Est\u00e2ncia Tur\u00edstica de Barretos participa da 6\u00aa edi\u00e7\u00e3o do CONEXIDADES\" \/>\n<meta property=\"og:url\" content=\"https:\/\/regiaonews.net.br\/2022\/2023\/06\/21\/prefeitura-da-estancia-turistica-de-barretos-participa-da-6a-edicao-do-conexidades\/\" \/>\n<meta property=\"og:site_name\" content=\"Regi\u00e3o News\" \/>\n<meta property=\"article:published_time\" content=\"2023-06-21T21:37:47+00:00\" \/>\n<meta property=\"article:modified_time\" content=\"2023-06-21T21:39:05+00:00\" \/>\n<meta property=\"og:image\" content=\"https:\/\/regiaonews.net.br\/2022\/wp-content\/uploads\/2023\/06\/WhatsApp-Image-2023-06-21-at-17.47.34.jpeg\" \/>\n\t<meta property=\"og:image:width\" content=\"1600\" \/>\n\t<meta property=\"og:image:height\" content=\"900\" \/>\n\t<meta property=\"og:image:type\" content=\"image\/jpeg\" \/>\n<meta name=\"author\" content=\"Roberto\" \/>\n<meta name=\"twitter:card\" content=\"summary_large_image\" \/>\n<meta name=\"twitter:label1\" content=\"Escrito por\" \/>\n\t<meta name=\"twitter:data1\" content=\"Roberto\" \/>\n\t<meta name=\"twitter:label2\" content=\"Est. tempo de leitura\" \/>\n\t<meta name=\"twitter:data2\" content=\"2 minutos\" \/>\n<script type=\"application\/ld+json\" class=\"yoast-schema-graph\">{\"@context\":\"https:\\\/\\\/schema.org\",\"@graph\":[{\"@type\":\"Article\",\"@id\":\"https:\\\/\\\/regiaonews.net.br\\\/2022\\\/2023\\\/06\\\/21\\\/prefeitura-da-estancia-turistica-de-barretos-participa-da-6a-edicao-do-conexidades\\\/#article\",\"isPartOf\":{\"@id\":\"https:\\\/\\\/regiaonews.net.br\\\/2022\\\/2023\\\/06\\\/21\\\/prefeitura-da-estancia-turistica-de-barretos-participa-da-6a-edicao-do-conexidades\\\/\"},\"author\":{\"name\":\"Roberto\",\"@id\":\"https:\\\/\\\/regiaonews.net.br\\\/2022\\\/#\\\/schema\\\/person\\\/2d205a608a5aa97ac279d7a5e6d89ad8\"},\"headline\":\"Prefeitura da Est\u00e2ncia Tur\u00edstica de Barretos participa da 6\u00aa edi\u00e7\u00e3o do CONEXIDADES\",\"datePublished\":\"2023-06-21T21:37:47+00:00\",\"dateModified\":\"2023-06-21T21:39:05+00:00\",\"mainEntityOfPage\":{\"@id\":\"https:\\\/\\\/regiaonews.net.br\\\/2022\\\/2023\\\/06\\\/21\\\/prefeitura-da-estancia-turistica-de-barretos-participa-da-6a-edicao-do-conexidades\\\/\"},\"wordCount\":302,\"commentCount\":0,\"publisher\":{\"@id\":\"https:\\\/\\\/regiaonews.net.br\\\/2022\\\/#organization\"},\"image\":{\"@id\":\"https:\\\/\\\/regiaonews.net.br\\\/2022\\\/2023\\\/06\\\/21\\\/prefeitura-da-estancia-turistica-de-barretos-participa-da-6a-edicao-do-conexidades\\\/#primaryimage\"},\"thumbnailUrl\":\"https:\\\/\\\/regiaonews.net.br\\\/2022\\\/wp-content\\\/uploads\\\/2023\\\/06\\\/WhatsApp-Image-2023-06-21-at-17.47.34.jpeg\",\"articleSection\":[\"Barretos\",\"Cidades\"],\"inLanguage\":\"pt-BR\",\"potentialAction\":[{\"@type\":\"CommentAction\",\"name\":\"Comment\",\"target\":[\"https:\\\/\\\/regiaonews.net.br\\\/2022\\\/2023\\\/06\\\/21\\\/prefeitura-da-estancia-turistica-de-barretos-participa-da-6a-edicao-do-conexidades\\\/#respond\"]}]},{\"@type\":\"WebPage\",\"@id\":\"https:\\\/\\\/regiaonews.net.br\\\/2022\\\/2023\\\/06\\\/21\\\/prefeitura-da-estancia-turistica-de-barretos-participa-da-6a-edicao-do-conexidades\\\/\",\"url\":\"https:\\\/\\\/regiaonews.net.br\\\/2022\\\/2023\\\/06\\\/21\\\/prefeitura-da-estancia-turistica-de-barretos-participa-da-6a-edicao-do-conexidades\\\/\",\"name\":\"Prefeitura da Est\u00e2ncia Tur\u00edstica de Barretos participa da 6\u00aa edi\u00e7\u00e3o do CONEXIDADES - Regi\u00e3o News\",\"isPartOf\":{\"@id\":\"https:\\\/\\\/regiaonews.net.br\\\/2022\\\/#website\"},\"primaryImageOfPage\":{\"@id\":\"https:\\\/\\\/regiaonews.net.br\\\/2022\\\/2023\\\/06\\\/21\\\/prefeitura-da-estancia-turistica-de-barretos-participa-da-6a-edicao-do-conexidades\\\/#primaryimage\"},\"image\":{\"@id\":\"https:\\\/\\\/regiaonews.net.br\\\/2022\\\/2023\\\/06\\\/21\\\/prefeitura-da-estancia-turistica-de-barretos-participa-da-6a-edicao-do-conexidades\\\/#primaryimage\"},\"thumbnailUrl\":\"https:\\\/\\\/regiaonews.net.br\\\/2022\\\/wp-content\\\/uploads\\\/2023\\\/06\\\/WhatsApp-Image-2023-06-21-at-17.47.34.jpeg\",\"datePublished\":\"2023-06-21T21:37:47+00:00\",\"dateModified\":\"2023-06-21T21:39:05+00:00\",\"description\":\"Prefeitura da Est\u00e2ncia Tur\u00edstica de Barretos participa da 6\u00aa edi\u00e7\u00e3o do CONEXIDADES\",\"breadcrumb\":{\"@id\":\"https:\\\/\\\/regiaonews.net.br\\\/2022\\\/2023\\\/06\\\/21\\\/prefeitura-da-estancia-turistica-de-barretos-participa-da-6a-edicao-do-conexidades\\\/#breadcrumb\"},\"inLanguage\":\"pt-BR\",\"potentialAction\":[{\"@type\":\"ReadAction\",\"target\":[\"https:\\\/\\\/regiaonews.net.br\\\/2022\\\/2023\\\/06\\\/21\\\/prefeitura-da-estancia-turistica-de-barretos-participa-da-6a-edicao-do-conexidades\\\/\"]}]},{\"@type\":\"ImageObject\",\"inLanguage\":\"pt-BR\",\"@id\":\"https:\\\/\\\/regiaonews.net.br\\\/2022\\\/2023\\\/06\\\/21\\\/prefeitura-da-estancia-turistica-de-barretos-participa-da-6a-edicao-do-conexidades\\\/#primaryimage\",\"url\":\"https:\\\/\\\/regiaonews.net.br\\\/2022\\\/wp-content\\\/uploads\\\/2023\\\/06\\\/WhatsApp-Image-2023-06-21-at-17.47.34.jpeg\",\"contentUrl\":\"https:\\\/\\\/regiaonews.net.br\\\/2022\\\/wp-content\\\/uploads\\\/2023\\\/06\\\/WhatsApp-Image-2023-06-21-at-17.47.34.jpeg\",\"width\":1600,\"height\":900},{\"@type\":\"BreadcrumbList\",\"@id\":\"https:\\\/\\\/regiaonews.net.br\\\/2022\\\/2023\\\/06\\\/21\\\/prefeitura-da-estancia-turistica-de-barretos-participa-da-6a-edicao-do-conexidades\\\/#breadcrumb\",\"itemListElement\":[{\"@type\":\"ListItem\",\"position\":1,\"name\":\"In\u00edcio\",\"item\":\"https:\\\/\\\/regiaonews.net.br\\\/2022\\\/\"},{\"@type\":\"ListItem\",\"position\":2,\"name\":\"Prefeitura da Est\u00e2ncia Tur\u00edstica de Barretos participa da 6\u00aa edi\u00e7\u00e3o do CONEXIDADES\"}]},{\"@type\":\"WebSite\",\"@id\":\"https:\\\/\\\/regiaonews.net.br\\\/2022\\\/#website\",\"url\":\"https:\\\/\\\/regiaonews.net.br\\\/2022\\\/\",\"name\":\"Regi\u00e3o News\",\"description\":\"Site de Not\u00edcias de Barretos e regi\u00e3o\",\"publisher\":{\"@id\":\"https:\\\/\\\/regiaonews.net.br\\\/2022\\\/#organization\"},\"potentialAction\":[{\"@type\":\"SearchAction\",\"target\":{\"@type\":\"EntryPoint\",\"urlTemplate\":\"https:\\\/\\\/regiaonews.net.br\\\/2022\\\/?s={search_term_string}\"},\"query-input\":{\"@type\":\"PropertyValueSpecification\",\"valueRequired\":true,\"valueName\":\"search_term_string\"}}],\"inLanguage\":\"pt-BR\"},{\"@type\":\"Organization\",\"@id\":\"https:\\\/\\\/regiaonews.net.br\\\/2022\\\/#organization\",\"name\":\"Regi\u00e3o News\",\"url\":\"https:\\\/\\\/regiaonews.net.br\\\/2022\\\/\",\"logo\":{\"@type\":\"ImageObject\",\"inLanguage\":\"pt-BR\",\"@id\":\"https:\\\/\\\/regiaonews.net.br\\\/2022\\\/#\\\/schema\\\/logo\\\/image\\\/\",\"url\":\"https:\\\/\\\/regiaonews.net.br\\\/2022\\\/wp-content\\\/uploads\\\/2026\\\/03\\\/regiao-13-anos-scaled.jpg\",\"contentUrl\":\"https:\\\/\\\/regiaonews.net.br\\\/2022\\\/wp-content\\\/uploads\\\/2026\\\/03\\\/regiao-13-anos-scaled.jpg\",\"width\":2560,\"height\":635,\"caption\":\"Regi\u00e3o News\"},\"image\":{\"@id\":\"https:\\\/\\\/regiaonews.net.br\\\/2022\\\/#\\\/schema\\\/logo\\\/image\\\/\"}},{\"@type\":\"Person\",\"@id\":\"https:\\\/\\\/regiaonews.net.br\\\/2022\\\/#\\\/schema\\\/person\\\/2d205a608a5aa97ac279d7a5e6d89ad8\",\"name\":\"Roberto\",\"image\":{\"@type\":\"ImageObject\",\"inLanguage\":\"pt-BR\",\"@id\":\"https:\\\/\\\/secure.gravatar.com\\\/avatar\\\/42749d8b712ff9d59ca93dc150494e5b55a44134482993f5baeb97e61b7ecc89?s=96&d=mm&r=g\",\"url\":\"https:\\\/\\\/secure.gravatar.com\\\/avatar\\\/42749d8b712ff9d59ca93dc150494e5b55a44134482993f5baeb97e61b7ecc89?s=96&d=mm&r=g\",\"contentUrl\":\"https:\\\/\\\/secure.gravatar.com\\\/avatar\\\/42749d8b712ff9d59ca93dc150494e5b55a44134482993f5baeb97e61b7ecc89?s=96&d=mm&r=g\",\"caption\":\"Roberto\"},\"url\":\"https:\\\/\\\/regiaonews.net.br\\\/2022\\\/author\\\/roberto\\\/\"}]}<\/script>\n<!-- \/ Yoast SEO plugin. -->","yoast_head_json":{"title":"Prefeitura da Est\u00e2ncia Tur\u00edstica de Barretos participa da 6\u00aa edi\u00e7\u00e3o do CONEXIDADES - Regi\u00e3o News","description":"Prefeitura da Est\u00e2ncia Tur\u00edstica de Barretos participa da 6\u00aa edi\u00e7\u00e3o do CONEXIDADES","robots":{"index":"index","follow":"follow","max-snippet":"max-snippet:-1","max-image-preview":"max-image-preview:large","max-video-preview":"max-video-preview:-1"},"canonical":"https:\/\/regiaonews.net.br\/2022\/2023\/06\/21\/prefeitura-da-estancia-turistica-de-barretos-participa-da-6a-edicao-do-conexidades\/","og_locale":"pt_BR","og_type":"article","og_title":"Prefeitura da Est\u00e2ncia Tur\u00edstica de Barretos participa da 6\u00aa edi\u00e7\u00e3o do CONEXIDADES - Regi\u00e3o News","og_description":"Prefeitura da Est\u00e2ncia Tur\u00edstica de Barretos participa da 6\u00aa edi\u00e7\u00e3o do CONEXIDADES","og_url":"https:\/\/regiaonews.net.br\/2022\/2023\/06\/21\/prefeitura-da-estancia-turistica-de-barretos-participa-da-6a-edicao-do-conexidades\/","og_site_name":"Regi\u00e3o News","article_published_time":"2023-06-21T21:37:47+00:00","article_modified_time":"2023-06-21T21:39:05+00:00","og_image":[{"width":1600,"height":900,"url":"https:\/\/regiaonews.net.br\/2022\/wp-content\/uploads\/2023\/06\/WhatsApp-Image-2023-06-21-at-17.47.34.jpeg","type":"image\/jpeg"}],"author":"Roberto","twitter_card":"summary_large_image","twitter_misc":{"Escrito por":"Roberto","Est. tempo de leitura":"2 minutos"},"schema":{"@context":"https:\/\/schema.org","@graph":[{"@type":"Article","@id":"https:\/\/regiaonews.net.br\/2022\/2023\/06\/21\/prefeitura-da-estancia-turistica-de-barretos-participa-da-6a-edicao-do-conexidades\/#article","isPartOf":{"@id":"https:\/\/regiaonews.net.br\/2022\/2023\/06\/21\/prefeitura-da-estancia-turistica-de-barretos-participa-da-6a-edicao-do-conexidades\/"},"author":{"name":"Roberto","@id":"https:\/\/regiaonews.net.br\/2022\/#\/schema\/person\/2d205a608a5aa97ac279d7a5e6d89ad8"},"headline":"Prefeitura da Est\u00e2ncia Tur\u00edstica de Barretos participa da 6\u00aa edi\u00e7\u00e3o do CONEXIDADES","datePublished":"2023-06-21T21:37:47+00:00","dateModified":"2023-06-21T21:39:05+00:00","mainEntityOfPage":{"@id":"https:\/\/regiaonews.net.br\/2022\/2023\/06\/21\/prefeitura-da-estancia-turistica-de-barretos-participa-da-6a-edicao-do-conexidades\/"},"wordCount":302,"commentCount":0,"publisher":{"@id":"https:\/\/regiaonews.net.br\/2022\/#organization"},"image":{"@id":"https:\/\/regiaonews.net.br\/2022\/2023\/06\/21\/prefeitura-da-estancia-turistica-de-barretos-participa-da-6a-edicao-do-conexidades\/#primaryimage"},"thumbnailUrl":"https:\/\/regiaonews.net.br\/2022\/wp-content\/uploads\/2023\/06\/WhatsApp-Image-2023-06-21-at-17.47.34.jpeg","articleSection":["Barretos","Cidades"],"inLanguage":"pt-BR","potentialAction":[{"@type":"CommentAction","name":"Comment","target":["https:\/\/regiaonews.net.br\/2022\/2023\/06\/21\/prefeitura-da-estancia-turistica-de-barretos-participa-da-6a-edicao-do-conexidades\/#respond"]}]},{"@type":"WebPage","@id":"https:\/\/regiaonews.net.br\/2022\/2023\/06\/21\/prefeitura-da-estancia-turistica-de-barretos-participa-da-6a-edicao-do-conexidades\/","url":"https:\/\/regiaonews.net.br\/2022\/2023\/06\/21\/prefeitura-da-estancia-turistica-de-barretos-participa-da-6a-edicao-do-conexidades\/","name":"Prefeitura da Est\u00e2ncia Tur\u00edstica de Barretos participa da 6\u00aa edi\u00e7\u00e3o do CONEXIDADES - Regi\u00e3o News","isPartOf":{"@id":"https:\/\/regiaonews.net.br\/2022\/#website"},"primaryImageOfPage":{"@id":"https:\/\/regiaonews.net.br\/2022\/2023\/06\/21\/prefeitura-da-estancia-turistica-de-barretos-participa-da-6a-edicao-do-conexidades\/#primaryimage"},"image":{"@id":"https:\/\/regiaonews.net.br\/2022\/2023\/06\/21\/prefeitura-da-estancia-turistica-de-barretos-participa-da-6a-edicao-do-conexidades\/#primaryimage"},"thumbnailUrl":"https:\/\/regiaonews.net.br\/2022\/wp-content\/uploads\/2023\/06\/WhatsApp-Image-2023-06-21-at-17.47.34.jpeg","datePublished":"2023-06-21T21:37:47+00:00","dateModified":"2023-06-21T21:39:05+00:00","description":"Prefeitura da Est\u00e2ncia Tur\u00edstica de Barretos participa da 6\u00aa edi\u00e7\u00e3o do CONEXIDADES","breadcrumb":{"@id":"https:\/\/regiaonews.net.br\/2022\/2023\/06\/21\/prefeitura-da-estancia-turistica-de-barretos-participa-da-6a-edicao-do-conexidades\/#breadcrumb"},"inLanguage":"pt-BR","potentialAction":[{"@type":"ReadAction","target":["https:\/\/regiaonews.net.br\/2022\/2023\/06\/21\/prefeitura-da-estancia-turistica-de-barretos-participa-da-6a-edicao-do-conexidades\/"]}]},{"@type":"ImageObject","inLanguage":"pt-BR","@id":"https:\/\/regiaonews.net.br\/2022\/2023\/06\/21\/prefeitura-da-estancia-turistica-de-barretos-participa-da-6a-edicao-do-conexidades\/#primaryimage","url":"https:\/\/regiaonews.net.br\/2022\/wp-content\/uploads\/2023\/06\/WhatsApp-Image-2023-06-21-at-17.47.34.jpeg","contentUrl":"https:\/\/regiaonews.net.br\/2022\/wp-content\/uploads\/2023\/06\/WhatsApp-Image-2023-06-21-at-17.47.34.jpeg","width":1600,"height":900},{"@type":"BreadcrumbList","@id":"https:\/\/regiaonews.net.br\/2022\/2023\/06\/21\/prefeitura-da-estancia-turistica-de-barretos-participa-da-6a-edicao-do-conexidades\/#breadcrumb","itemListElement":[{"@type":"ListItem","position":1,"name":"In\u00edcio","item":"https:\/\/regiaonews.net.br\/2022\/"},{"@type":"ListItem","position":2,"name":"Prefeitura da Est\u00e2ncia Tur\u00edstica de Barretos participa da 6\u00aa edi\u00e7\u00e3o do CONEXIDADES"}]},{"@type":"WebSite","@id":"https:\/\/regiaonews.net.br\/2022\/#website","url":"https:\/\/regiaonews.net.br\/2022\/","name":"Regi\u00e3o News","description":"Site de Not\u00edcias de Barretos e regi\u00e3o","publisher":{"@id":"https:\/\/regiaonews.net.br\/2022\/#organization"},"potentialAction":[{"@type":"SearchAction","target":{"@type":"EntryPoint","urlTemplate":"https:\/\/regiaonews.net.br\/2022\/?s={search_term_string}"},"query-input":{"@type":"PropertyValueSpecification","valueRequired":true,"valueName":"search_term_string"}}],"inLanguage":"pt-BR"},{"@type":"Organization","@id":"https:\/\/regiaonews.net.br\/2022\/#organization","name":"Regi\u00e3o News","url":"https:\/\/regiaonews.net.br\/2022\/","logo":{"@type":"ImageObject","inLanguage":"pt-BR","@id":"https:\/\/regiaonews.net.br\/2022\/#\/schema\/logo\/image\/","url":"https:\/\/regiaonews.net.br\/2022\/wp-content\/uploads\/2026\/03\/regiao-13-anos-scaled.jpg","contentUrl":"https:\/\/regiaonews.net.br\/2022\/wp-content\/uploads\/2026\/03\/regiao-13-anos-scaled.jpg","width":2560,"height":635,"caption":"Regi\u00e3o News"},"image":{"@id":"https:\/\/regiaonews.net.br\/2022\/#\/schema\/logo\/image\/"}},{"@type":"Person","@id":"https:\/\/regiaonews.net.br\/2022\/#\/schema\/person\/2d205a608a5aa97ac279d7a5e6d89ad8","name":"Roberto","image":{"@type":"ImageObject","inLanguage":"pt-BR","@id":"https:\/\/secure.gravatar.com\/avatar\/42749d8b712ff9d59ca93dc150494e5b55a44134482993f5baeb97e61b7ecc89?s=96&d=mm&r=g","url":"https:\/\/secure.gravatar.com\/avatar\/42749d8b712ff9d59ca93dc150494e5b55a44134482993f5baeb97e61b7ecc89?s=96&d=mm&r=g","contentUrl":"https:\/\/secure.gravatar.com\/avatar\/42749d8b712ff9d59ca93dc150494e5b55a44134482993f5baeb97e61b7ecc89?s=96&d=mm&r=g","caption":"Roberto"},"url":"https:\/\/regiaonews.net.br\/2022\/author\/roberto\/"}]}},"publishpress_future_action":{"enabled":false,"date":"2026-05-03 20:18:33","action":"change-status","newStatus":"draft","terms":[],"taxonomy":"category","extraData":[]},"publishpress_future_workflow_manual_trigger":{"enabledWorkflows":[]},"_links":{"self":[{"href":"https:\/\/regiaonews.net.br\/2022\/wp-json\/wp\/v2\/posts\/90337","targetHints":{"allow":["GET"]}}],"collection":[{"href":"https:\/\/regiaonews.net.br\/2022\/wp-json\/wp\/v2\/posts"}],"about":[{"href":"https:\/\/regiaonews.net.br\/2022\/wp-json\/wp\/v2\/types\/post"}],"author":[{"embeddable":true,"href":"https:\/\/regiaonews.net.br\/2022\/wp-json\/wp\/v2\/users\/2"}],"replies":[{"embeddable":true,"href":"https:\/\/regiaonews.net.br\/2022\/wp-json\/wp\/v2\/comments?post=90337"}],"version-history":[{"count":1,"href":"https:\/\/regiaonews.net.br\/2022\/wp-json\/wp\/v2\/posts\/90337\/revisions"}],"predecessor-version":[{"id":90339,"href":"https:\/\/regiaonews.net.br\/2022\/wp-json\/wp\/v2\/posts\/90337\/revisions\/90339"}],"wp:featuredmedia":[{"embeddable":true,"href":"https:\/\/regiaonews.net.br\/2022\/wp-json\/wp\/v2\/media\/90338"}],"wp:attachment":[{"href":"https:\/\/regiaonews.net.br\/2022\/wp-json\/wp\/v2\/media?parent=90337"}],"wp:term":[{"taxonomy":"category","embeddable":true,"href":"https:\/\/regiaonews.net.br\/2022\/wp-json\/wp\/v2\/categories?post=90337"},{"taxonomy":"post_tag","embeddable":true,"href":"https:\/\/regiaonews.net.br\/2022\/wp-json\/wp\/v2\/tags?post=90337"}],"curies":[{"name":"wp","href":"https:\/\/api.w.org\/{rel}","templated":true}]}}