{"id":90327,"date":"2023-06-21T13:38:13","date_gmt":"2023-06-21T16:38:13","guid":{"rendered":"https:\/\/regiaonews.net.br\/2022\/?p=90327"},"modified":"2023-06-21T14:40:50","modified_gmt":"2023-06-21T17:40:50","slug":"lula-e-papa-francisco-se-encontram-no-vaticano","status":"publish","type":"post","link":"https:\/\/regiaonews.net.br\/2022\/2023\/06\/21\/lula-e-papa-francisco-se-encontram-no-vaticano\/","title":{"rendered":"Lula e Papa Francisco se encontram no Vaticano"},"content":{"rendered":"<h3 class=\"col-10 offset-1 animated fadeInDown dealy-900 display-8 display-md-8 alt-font font-italic my-1 text-center\" style=\"text-align: center;\">Presidente cumpre agenda na Europa. Da It\u00e1lia ele segue para a Fran\u00e7a.<\/h3>\n<p>O presidente Luiz In\u00e1cio Lula da Silva e o Papa Francisco se encontraram, nesta quarta-feira (21), no Vaticano. Em publica\u00e7\u00e3o nas redes sociais, Lula agradeceu ao pont\u00edfice pela \u201cboa conversa sobre a paz no mundo\u201d. A visita faz parte da agenda que Lula cumpre na Europa, nessa semana, quando passar\u00e1 por It\u00e1lia e Fran\u00e7a.<img decoding=\"async\" src=\"https:\/\/agenciabrasil.ebc.com.br\/ebc.png?id=1539367&amp;o=node\" \/><img decoding=\"async\" src=\"https:\/\/agenciabrasil.ebc.com.br\/ebc.gif?id=1539367&amp;o=node\" \/><\/p>\n<p>Antes da viagem, o presidente afirmou\u00a0<a href=\"https:\/\/agenciabrasil.ebc.com.br\/politica\/noticia\/2023-06\/lula-quer-conversar-com-papa-solucao-para-o-conflito-russia-e-ucrania\" target=\"_blank\" rel=\"noopener\">que conversaria com o papa sobre solu\u00e7\u00f5es<\/a>\u00a0para a guerra na Ucr\u00e2nia e o combate \u00e0s desigualdades sociais e econ\u00f4micas no mundo. Lula disse ainda que convidaria Francisco a participar do C\u00edrio de Nazar\u00e9, uma das principais festas religiosas do pa\u00eds realizada anualmente em outubro, em Bel\u00e9m (PA).<\/p>\n<p>Na agenda do presidente, ap\u00f3s o encontro com o papa, h\u00e1 uma audi\u00eancia com o arcebispo Edgar Pe\u00f1a Parra, da Secretaria de Estado do Vaticano.<\/p>\n<h4>Agenda na It\u00e1lia<\/h4>\n<p>Mais cedo, Lula se\u00a0<a href=\"https:\/\/agenciabrasil.ebc.com.br\/politica\/noticia\/2023-06\/lula-e-recebido-pelo-presidente-da-italia\" target=\"_blank\" rel=\"noopener\">encontrou com o presidente da It\u00e1lia<\/a>, Sergio Mattarella, e teve audi\u00eancias com o ex-primeiro-ministro da It\u00e1lia, Massimo D&#8217;Alema, e com a secret\u00e1ria-geral do Partido Democr\u00e1tico Italiano, Elly Schlein. Com Matarella, o presidente tratou do acordo de livre com\u00e9rcio entre Mercosul e Uni\u00e3o Europeia, sobre a aproxima\u00e7\u00e3o entre as universidades e a amplia\u00e7\u00e3o do interc\u00e2mbio comercial entre os dois pa\u00edses.<\/p>\n<p>Tamb\u00e9m hoje, o presidente brasileiro ter\u00e1 encontros bilaterais com a primeira-ministra da It\u00e1lia, Giorgia Meloni, e com o prefeito de Roma, Roberto Gualtieri.<\/p>\n<p>O encontro com Gualtieri\u00a0<a href=\"https:\/\/agenciabrasil.ebc.com.br\/internacional\/noticia\/2023-06\/lula-se-reunira-com-prefeito-de-roma-que-o-visitou-na-prisao\" target=\"_blank\" rel=\"noopener\">ter\u00e1 um car\u00e1ter pessoal<\/a>. O pol\u00edtico foi uma das personalidades internacionais que visitou Lula durante o per\u00edodo em que o ex-presidente esteve preso em Curitiba (PR), de 2018 a 2019, no \u00e2mbito da Opera\u00e7\u00e3o Lava Jato. Na \u00e9poca da visita, em julho de 2018, Gualtieri exercia mandato de eurodeputado pelo Partido Democr\u00e1tico Italiano.<\/p>\n<p>J\u00e1 sobre Giorgia Meloni, at\u00e9 a v\u00e9spera da viagem, o encontro com a chefe de governo do pa\u00eds europeu n\u00e3o estava confirmado, de acordo com autoridades brasileiras. A reuni\u00e3o\u00a0<a href=\"https:\/\/agenciabrasil.ebc.com.br\/politica\/noticia\/2023-06\/itamaraty-confirma-reuniao-de-lula-com-primeira-ministra-da-italia\" target=\"_blank\" rel=\"noopener\">foi confirmada ontem<\/a>\u00a0pelo Itamaraty. Primeira mulher a ocupar o cargo, Meloni \u00e9 l\u00edder do primeiro governo de extrema-direita no pa\u00eds em d\u00e9cadas.<\/p>\n<p>Lula chegou a Roma na manh\u00e3 de ter\u00e7a-feira (20) e o primeiro compromisso na capital italiana, ainda ontem, foi com o soci\u00f3logo Domenico de Masi, refer\u00eancia internacional em estudos sobre a sociologia do trabalho. Autor do livro\u00a0<em>\u00d3cio Criativo<\/em>, de Masi tornou-se famoso pelo conceito segundo o qual o \u00f3cio \u00e9 um fator que estimula a criatividade pessoal.<\/p>\n<p>Assim como Roberto Gualtieri, Domenico de Mais tamb\u00e9m visitou Lula na pris\u00e3o em Curitiba. No encontro de ontem, os dois conversaram sobre o cen\u00e1rio pol\u00edtico no Brasil e na Europa.<\/p>\n<p>Amanh\u00e3 (22), Lula embarca para Paris. Na capital francesa, ele participa da C\u00fapula sobre o Novo Pacto Global de Financiamento e ter\u00e1 encontro bilateral com o presidente da Fran\u00e7a, Emmanuel Macron.<\/p>\n<p>Lula tamb\u00e9m far\u00e1 o discurso de encerramento do evento Power Our Planet, a convite da banda Coldplay, na noite de quinta-feira (22). O evento ser\u00e1 realizado no Campo de Marte, em frente \u00e0 Torre Eiffel, e tamb\u00e9m ter\u00e1 as presen\u00e7as de l\u00edderes do Timor Leste, Barbados, Gana e Qu\u00eania, al\u00e9m da prefeita de Paris, Ane Hidalgo.<\/p>\n","protected":false},"excerpt":{"rendered":"<p>Presidente cumpre agenda na Europa. Da It\u00e1lia ele segue para<\/p>\n","protected":false},"author":2,"featured_media":90328,"comment_status":"open","ping_status":"open","sticky":false,"template":"","format":"standard","meta":{"footnotes":""},"categories":[3,22],"tags":[],"class_list":["post-90327","post","type-post","status-publish","format-standard","has-post-thumbnail","hentry","category-geral","category-politica"],"yoast_head":"<!-- This site is optimized with the Yoast SEO plugin v27.4 - https:\/\/yoast.com\/product\/yoast-seo-wordpress\/ -->\n<title>Lula e Papa Francisco se encontram no Vaticano - Regi\u00e3o News<\/title>\n<meta name=\"description\" content=\"Luiz In\u00e1cio Lula da Silva e o Papa Francisco se encontraram\" \/>\n<meta name=\"robots\" content=\"index, follow, max-snippet:-1, max-image-preview:large, max-video-preview:-1\" \/>\n<link rel=\"canonical\" href=\"https:\/\/regiaonews.net.br\/2022\/2023\/06\/21\/lula-e-papa-francisco-se-encontram-no-vaticano\/\" \/>\n<meta property=\"og:locale\" content=\"pt_BR\" \/>\n<meta property=\"og:type\" content=\"article\" \/>\n<meta property=\"og:title\" content=\"Lula e Papa Francisco se encontram no Vaticano - Regi\u00e3o News\" \/>\n<meta property=\"og:description\" content=\"Luiz In\u00e1cio Lula da Silva e o Papa Francisco se encontraram\" \/>\n<meta property=\"og:url\" content=\"https:\/\/regiaonews.net.br\/2022\/2023\/06\/21\/lula-e-papa-francisco-se-encontram-no-vaticano\/\" \/>\n<meta property=\"og:site_name\" content=\"Regi\u00e3o News\" \/>\n<meta property=\"article:published_time\" content=\"2023-06-21T16:38:13+00:00\" \/>\n<meta property=\"article:modified_time\" content=\"2023-06-21T17:40:50+00:00\" \/>\n<meta property=\"og:image\" content=\"https:\/\/regiaonews.net.br\/2022\/wp-content\/uploads\/2023\/06\/whatsapp_image_2023-06-21_at_10.26.24.jpeg\" \/>\n\t<meta property=\"og:image:width\" content=\"1170\" \/>\n\t<meta property=\"og:image:height\" content=\"700\" \/>\n\t<meta property=\"og:image:type\" content=\"image\/jpeg\" \/>\n<meta name=\"author\" content=\"Roberto\" \/>\n<meta name=\"twitter:card\" content=\"summary_large_image\" \/>\n<meta name=\"twitter:label1\" content=\"Escrito por\" \/>\n\t<meta name=\"twitter:data1\" content=\"Roberto\" \/>\n\t<meta name=\"twitter:label2\" content=\"Est. tempo de leitura\" \/>\n\t<meta name=\"twitter:data2\" content=\"4 minutos\" \/>\n<script type=\"application\/ld+json\" class=\"yoast-schema-graph\">{\"@context\":\"https:\\\/\\\/schema.org\",\"@graph\":[{\"@type\":\"Article\",\"@id\":\"https:\\\/\\\/regiaonews.net.br\\\/2022\\\/2023\\\/06\\\/21\\\/lula-e-papa-francisco-se-encontram-no-vaticano\\\/#article\",\"isPartOf\":{\"@id\":\"https:\\\/\\\/regiaonews.net.br\\\/2022\\\/2023\\\/06\\\/21\\\/lula-e-papa-francisco-se-encontram-no-vaticano\\\/\"},\"author\":{\"name\":\"Roberto\",\"@id\":\"https:\\\/\\\/regiaonews.net.br\\\/2022\\\/#\\\/schema\\\/person\\\/2d205a608a5aa97ac279d7a5e6d89ad8\"},\"headline\":\"Lula e Papa Francisco se encontram no Vaticano\",\"datePublished\":\"2023-06-21T16:38:13+00:00\",\"dateModified\":\"2023-06-21T17:40:50+00:00\",\"mainEntityOfPage\":{\"@id\":\"https:\\\/\\\/regiaonews.net.br\\\/2022\\\/2023\\\/06\\\/21\\\/lula-e-papa-francisco-se-encontram-no-vaticano\\\/\"},\"wordCount\":574,\"commentCount\":0,\"publisher\":{\"@id\":\"https:\\\/\\\/regiaonews.net.br\\\/2022\\\/#organization\"},\"image\":{\"@id\":\"https:\\\/\\\/regiaonews.net.br\\\/2022\\\/2023\\\/06\\\/21\\\/lula-e-papa-francisco-se-encontram-no-vaticano\\\/#primaryimage\"},\"thumbnailUrl\":\"https:\\\/\\\/regiaonews.net.br\\\/2022\\\/wp-content\\\/uploads\\\/2023\\\/06\\\/whatsapp_image_2023-06-21_at_10.26.24.jpeg\",\"articleSection\":[\"Geral\",\"Pol\u00edtica\"],\"inLanguage\":\"pt-BR\",\"potentialAction\":[{\"@type\":\"CommentAction\",\"name\":\"Comment\",\"target\":[\"https:\\\/\\\/regiaonews.net.br\\\/2022\\\/2023\\\/06\\\/21\\\/lula-e-papa-francisco-se-encontram-no-vaticano\\\/#respond\"]}]},{\"@type\":\"WebPage\",\"@id\":\"https:\\\/\\\/regiaonews.net.br\\\/2022\\\/2023\\\/06\\\/21\\\/lula-e-papa-francisco-se-encontram-no-vaticano\\\/\",\"url\":\"https:\\\/\\\/regiaonews.net.br\\\/2022\\\/2023\\\/06\\\/21\\\/lula-e-papa-francisco-se-encontram-no-vaticano\\\/\",\"name\":\"Lula e Papa Francisco se encontram no Vaticano - Regi\u00e3o News\",\"isPartOf\":{\"@id\":\"https:\\\/\\\/regiaonews.net.br\\\/2022\\\/#website\"},\"primaryImageOfPage\":{\"@id\":\"https:\\\/\\\/regiaonews.net.br\\\/2022\\\/2023\\\/06\\\/21\\\/lula-e-papa-francisco-se-encontram-no-vaticano\\\/#primaryimage\"},\"image\":{\"@id\":\"https:\\\/\\\/regiaonews.net.br\\\/2022\\\/2023\\\/06\\\/21\\\/lula-e-papa-francisco-se-encontram-no-vaticano\\\/#primaryimage\"},\"thumbnailUrl\":\"https:\\\/\\\/regiaonews.net.br\\\/2022\\\/wp-content\\\/uploads\\\/2023\\\/06\\\/whatsapp_image_2023-06-21_at_10.26.24.jpeg\",\"datePublished\":\"2023-06-21T16:38:13+00:00\",\"dateModified\":\"2023-06-21T17:40:50+00:00\",\"description\":\"Luiz In\u00e1cio Lula da Silva e o Papa Francisco se encontraram\",\"breadcrumb\":{\"@id\":\"https:\\\/\\\/regiaonews.net.br\\\/2022\\\/2023\\\/06\\\/21\\\/lula-e-papa-francisco-se-encontram-no-vaticano\\\/#breadcrumb\"},\"inLanguage\":\"pt-BR\",\"potentialAction\":[{\"@type\":\"ReadAction\",\"target\":[\"https:\\\/\\\/regiaonews.net.br\\\/2022\\\/2023\\\/06\\\/21\\\/lula-e-papa-francisco-se-encontram-no-vaticano\\\/\"]}]},{\"@type\":\"ImageObject\",\"inLanguage\":\"pt-BR\",\"@id\":\"https:\\\/\\\/regiaonews.net.br\\\/2022\\\/2023\\\/06\\\/21\\\/lula-e-papa-francisco-se-encontram-no-vaticano\\\/#primaryimage\",\"url\":\"https:\\\/\\\/regiaonews.net.br\\\/2022\\\/wp-content\\\/uploads\\\/2023\\\/06\\\/whatsapp_image_2023-06-21_at_10.26.24.jpeg\",\"contentUrl\":\"https:\\\/\\\/regiaonews.net.br\\\/2022\\\/wp-content\\\/uploads\\\/2023\\\/06\\\/whatsapp_image_2023-06-21_at_10.26.24.jpeg\",\"width\":1170,\"height\":700,\"caption\":\"Roma, It\u00e1lia, 21.06.2023 - Presidente Lula e a primeira-dama Janja encontram-se com papa Francisco, no Vaticano. Ricardo Stuckert\\\/PR\"},{\"@type\":\"BreadcrumbList\",\"@id\":\"https:\\\/\\\/regiaonews.net.br\\\/2022\\\/2023\\\/06\\\/21\\\/lula-e-papa-francisco-se-encontram-no-vaticano\\\/#breadcrumb\",\"itemListElement\":[{\"@type\":\"ListItem\",\"position\":1,\"name\":\"In\u00edcio\",\"item\":\"https:\\\/\\\/regiaonews.net.br\\\/2022\\\/\"},{\"@type\":\"ListItem\",\"position\":2,\"name\":\"Lula e Papa Francisco se encontram no Vaticano\"}]},{\"@type\":\"WebSite\",\"@id\":\"https:\\\/\\\/regiaonews.net.br\\\/2022\\\/#website\",\"url\":\"https:\\\/\\\/regiaonews.net.br\\\/2022\\\/\",\"name\":\"Regi\u00e3o News\",\"description\":\"Site de Not\u00edcias de Barretos e regi\u00e3o\",\"publisher\":{\"@id\":\"https:\\\/\\\/regiaonews.net.br\\\/2022\\\/#organization\"},\"potentialAction\":[{\"@type\":\"SearchAction\",\"target\":{\"@type\":\"EntryPoint\",\"urlTemplate\":\"https:\\\/\\\/regiaonews.net.br\\\/2022\\\/?s={search_term_string}\"},\"query-input\":{\"@type\":\"PropertyValueSpecification\",\"valueRequired\":true,\"valueName\":\"search_term_string\"}}],\"inLanguage\":\"pt-BR\"},{\"@type\":\"Organization\",\"@id\":\"https:\\\/\\\/regiaonews.net.br\\\/2022\\\/#organization\",\"name\":\"Regi\u00e3o News\",\"url\":\"https:\\\/\\\/regiaonews.net.br\\\/2022\\\/\",\"logo\":{\"@type\":\"ImageObject\",\"inLanguage\":\"pt-BR\",\"@id\":\"https:\\\/\\\/regiaonews.net.br\\\/2022\\\/#\\\/schema\\\/logo\\\/image\\\/\",\"url\":\"https:\\\/\\\/regiaonews.net.br\\\/2022\\\/wp-content\\\/uploads\\\/2026\\\/03\\\/regiao-13-anos-scaled.jpg\",\"contentUrl\":\"https:\\\/\\\/regiaonews.net.br\\\/2022\\\/wp-content\\\/uploads\\\/2026\\\/03\\\/regiao-13-anos-scaled.jpg\",\"width\":2560,\"height\":635,\"caption\":\"Regi\u00e3o News\"},\"image\":{\"@id\":\"https:\\\/\\\/regiaonews.net.br\\\/2022\\\/#\\\/schema\\\/logo\\\/image\\\/\"}},{\"@type\":\"Person\",\"@id\":\"https:\\\/\\\/regiaonews.net.br\\\/2022\\\/#\\\/schema\\\/person\\\/2d205a608a5aa97ac279d7a5e6d89ad8\",\"name\":\"Roberto\",\"image\":{\"@type\":\"ImageObject\",\"inLanguage\":\"pt-BR\",\"@id\":\"https:\\\/\\\/secure.gravatar.com\\\/avatar\\\/42749d8b712ff9d59ca93dc150494e5b55a44134482993f5baeb97e61b7ecc89?s=96&d=mm&r=g\",\"url\":\"https:\\\/\\\/secure.gravatar.com\\\/avatar\\\/42749d8b712ff9d59ca93dc150494e5b55a44134482993f5baeb97e61b7ecc89?s=96&d=mm&r=g\",\"contentUrl\":\"https:\\\/\\\/secure.gravatar.com\\\/avatar\\\/42749d8b712ff9d59ca93dc150494e5b55a44134482993f5baeb97e61b7ecc89?s=96&d=mm&r=g\",\"caption\":\"Roberto\"},\"url\":\"https:\\\/\\\/regiaonews.net.br\\\/2022\\\/author\\\/roberto\\\/\"}]}<\/script>\n<!-- \/ Yoast SEO plugin. -->","yoast_head_json":{"title":"Lula e Papa Francisco se encontram no Vaticano - Regi\u00e3o News","description":"Luiz In\u00e1cio Lula da Silva e o Papa Francisco se encontraram","robots":{"index":"index","follow":"follow","max-snippet":"max-snippet:-1","max-image-preview":"max-image-preview:large","max-video-preview":"max-video-preview:-1"},"canonical":"https:\/\/regiaonews.net.br\/2022\/2023\/06\/21\/lula-e-papa-francisco-se-encontram-no-vaticano\/","og_locale":"pt_BR","og_type":"article","og_title":"Lula e Papa Francisco se encontram no Vaticano - Regi\u00e3o News","og_description":"Luiz In\u00e1cio Lula da Silva e o Papa Francisco se encontraram","og_url":"https:\/\/regiaonews.net.br\/2022\/2023\/06\/21\/lula-e-papa-francisco-se-encontram-no-vaticano\/","og_site_name":"Regi\u00e3o News","article_published_time":"2023-06-21T16:38:13+00:00","article_modified_time":"2023-06-21T17:40:50+00:00","og_image":[{"width":1170,"height":700,"url":"https:\/\/regiaonews.net.br\/2022\/wp-content\/uploads\/2023\/06\/whatsapp_image_2023-06-21_at_10.26.24.jpeg","type":"image\/jpeg"}],"author":"Roberto","twitter_card":"summary_large_image","twitter_misc":{"Escrito por":"Roberto","Est. tempo de leitura":"4 minutos"},"schema":{"@context":"https:\/\/schema.org","@graph":[{"@type":"Article","@id":"https:\/\/regiaonews.net.br\/2022\/2023\/06\/21\/lula-e-papa-francisco-se-encontram-no-vaticano\/#article","isPartOf":{"@id":"https:\/\/regiaonews.net.br\/2022\/2023\/06\/21\/lula-e-papa-francisco-se-encontram-no-vaticano\/"},"author":{"name":"Roberto","@id":"https:\/\/regiaonews.net.br\/2022\/#\/schema\/person\/2d205a608a5aa97ac279d7a5e6d89ad8"},"headline":"Lula e Papa Francisco se encontram no Vaticano","datePublished":"2023-06-21T16:38:13+00:00","dateModified":"2023-06-21T17:40:50+00:00","mainEntityOfPage":{"@id":"https:\/\/regiaonews.net.br\/2022\/2023\/06\/21\/lula-e-papa-francisco-se-encontram-no-vaticano\/"},"wordCount":574,"commentCount":0,"publisher":{"@id":"https:\/\/regiaonews.net.br\/2022\/#organization"},"image":{"@id":"https:\/\/regiaonews.net.br\/2022\/2023\/06\/21\/lula-e-papa-francisco-se-encontram-no-vaticano\/#primaryimage"},"thumbnailUrl":"https:\/\/regiaonews.net.br\/2022\/wp-content\/uploads\/2023\/06\/whatsapp_image_2023-06-21_at_10.26.24.jpeg","articleSection":["Geral","Pol\u00edtica"],"inLanguage":"pt-BR","potentialAction":[{"@type":"CommentAction","name":"Comment","target":["https:\/\/regiaonews.net.br\/2022\/2023\/06\/21\/lula-e-papa-francisco-se-encontram-no-vaticano\/#respond"]}]},{"@type":"WebPage","@id":"https:\/\/regiaonews.net.br\/2022\/2023\/06\/21\/lula-e-papa-francisco-se-encontram-no-vaticano\/","url":"https:\/\/regiaonews.net.br\/2022\/2023\/06\/21\/lula-e-papa-francisco-se-encontram-no-vaticano\/","name":"Lula e Papa Francisco se encontram no Vaticano - Regi\u00e3o News","isPartOf":{"@id":"https:\/\/regiaonews.net.br\/2022\/#website"},"primaryImageOfPage":{"@id":"https:\/\/regiaonews.net.br\/2022\/2023\/06\/21\/lula-e-papa-francisco-se-encontram-no-vaticano\/#primaryimage"},"image":{"@id":"https:\/\/regiaonews.net.br\/2022\/2023\/06\/21\/lula-e-papa-francisco-se-encontram-no-vaticano\/#primaryimage"},"thumbnailUrl":"https:\/\/regiaonews.net.br\/2022\/wp-content\/uploads\/2023\/06\/whatsapp_image_2023-06-21_at_10.26.24.jpeg","datePublished":"2023-06-21T16:38:13+00:00","dateModified":"2023-06-21T17:40:50+00:00","description":"Luiz In\u00e1cio Lula da Silva e o Papa Francisco se encontraram","breadcrumb":{"@id":"https:\/\/regiaonews.net.br\/2022\/2023\/06\/21\/lula-e-papa-francisco-se-encontram-no-vaticano\/#breadcrumb"},"inLanguage":"pt-BR","potentialAction":[{"@type":"ReadAction","target":["https:\/\/regiaonews.net.br\/2022\/2023\/06\/21\/lula-e-papa-francisco-se-encontram-no-vaticano\/"]}]},{"@type":"ImageObject","inLanguage":"pt-BR","@id":"https:\/\/regiaonews.net.br\/2022\/2023\/06\/21\/lula-e-papa-francisco-se-encontram-no-vaticano\/#primaryimage","url":"https:\/\/regiaonews.net.br\/2022\/wp-content\/uploads\/2023\/06\/whatsapp_image_2023-06-21_at_10.26.24.jpeg","contentUrl":"https:\/\/regiaonews.net.br\/2022\/wp-content\/uploads\/2023\/06\/whatsapp_image_2023-06-21_at_10.26.24.jpeg","width":1170,"height":700,"caption":"Roma, It\u00e1lia, 21.06.2023 - Presidente Lula e a primeira-dama Janja encontram-se com papa Francisco, no Vaticano. Ricardo Stuckert\/PR"},{"@type":"BreadcrumbList","@id":"https:\/\/regiaonews.net.br\/2022\/2023\/06\/21\/lula-e-papa-francisco-se-encontram-no-vaticano\/#breadcrumb","itemListElement":[{"@type":"ListItem","position":1,"name":"In\u00edcio","item":"https:\/\/regiaonews.net.br\/2022\/"},{"@type":"ListItem","position":2,"name":"Lula e Papa Francisco se encontram no Vaticano"}]},{"@type":"WebSite","@id":"https:\/\/regiaonews.net.br\/2022\/#website","url":"https:\/\/regiaonews.net.br\/2022\/","name":"Regi\u00e3o News","description":"Site de Not\u00edcias de Barretos e regi\u00e3o","publisher":{"@id":"https:\/\/regiaonews.net.br\/2022\/#organization"},"potentialAction":[{"@type":"SearchAction","target":{"@type":"EntryPoint","urlTemplate":"https:\/\/regiaonews.net.br\/2022\/?s={search_term_string}"},"query-input":{"@type":"PropertyValueSpecification","valueRequired":true,"valueName":"search_term_string"}}],"inLanguage":"pt-BR"},{"@type":"Organization","@id":"https:\/\/regiaonews.net.br\/2022\/#organization","name":"Regi\u00e3o News","url":"https:\/\/regiaonews.net.br\/2022\/","logo":{"@type":"ImageObject","inLanguage":"pt-BR","@id":"https:\/\/regiaonews.net.br\/2022\/#\/schema\/logo\/image\/","url":"https:\/\/regiaonews.net.br\/2022\/wp-content\/uploads\/2026\/03\/regiao-13-anos-scaled.jpg","contentUrl":"https:\/\/regiaonews.net.br\/2022\/wp-content\/uploads\/2026\/03\/regiao-13-anos-scaled.jpg","width":2560,"height":635,"caption":"Regi\u00e3o News"},"image":{"@id":"https:\/\/regiaonews.net.br\/2022\/#\/schema\/logo\/image\/"}},{"@type":"Person","@id":"https:\/\/regiaonews.net.br\/2022\/#\/schema\/person\/2d205a608a5aa97ac279d7a5e6d89ad8","name":"Roberto","image":{"@type":"ImageObject","inLanguage":"pt-BR","@id":"https:\/\/secure.gravatar.com\/avatar\/42749d8b712ff9d59ca93dc150494e5b55a44134482993f5baeb97e61b7ecc89?s=96&d=mm&r=g","url":"https:\/\/secure.gravatar.com\/avatar\/42749d8b712ff9d59ca93dc150494e5b55a44134482993f5baeb97e61b7ecc89?s=96&d=mm&r=g","contentUrl":"https:\/\/secure.gravatar.com\/avatar\/42749d8b712ff9d59ca93dc150494e5b55a44134482993f5baeb97e61b7ecc89?s=96&d=mm&r=g","caption":"Roberto"},"url":"https:\/\/regiaonews.net.br\/2022\/author\/roberto\/"}]}},"publishpress_future_action":{"enabled":false,"date":"2026-05-03 16:50:39","action":"change-status","newStatus":"draft","terms":[],"taxonomy":"category","extraData":[]},"publishpress_future_workflow_manual_trigger":{"enabledWorkflows":[]},"_links":{"self":[{"href":"https:\/\/regiaonews.net.br\/2022\/wp-json\/wp\/v2\/posts\/90327","targetHints":{"allow":["GET"]}}],"collection":[{"href":"https:\/\/regiaonews.net.br\/2022\/wp-json\/wp\/v2\/posts"}],"about":[{"href":"https:\/\/regiaonews.net.br\/2022\/wp-json\/wp\/v2\/types\/post"}],"author":[{"embeddable":true,"href":"https:\/\/regiaonews.net.br\/2022\/wp-json\/wp\/v2\/users\/2"}],"replies":[{"embeddable":true,"href":"https:\/\/regiaonews.net.br\/2022\/wp-json\/wp\/v2\/comments?post=90327"}],"version-history":[{"count":2,"href":"https:\/\/regiaonews.net.br\/2022\/wp-json\/wp\/v2\/posts\/90327\/revisions"}],"predecessor-version":[{"id":90330,"href":"https:\/\/regiaonews.net.br\/2022\/wp-json\/wp\/v2\/posts\/90327\/revisions\/90330"}],"wp:featuredmedia":[{"embeddable":true,"href":"https:\/\/regiaonews.net.br\/2022\/wp-json\/wp\/v2\/media\/90328"}],"wp:attachment":[{"href":"https:\/\/regiaonews.net.br\/2022\/wp-json\/wp\/v2\/media?parent=90327"}],"wp:term":[{"taxonomy":"category","embeddable":true,"href":"https:\/\/regiaonews.net.br\/2022\/wp-json\/wp\/v2\/categories?post=90327"},{"taxonomy":"post_tag","embeddable":true,"href":"https:\/\/regiaonews.net.br\/2022\/wp-json\/wp\/v2\/tags?post=90327"}],"curies":[{"name":"wp","href":"https:\/\/api.w.org\/{rel}","templated":true}]}}