{"id":90306,"date":"2023-06-20T20:10:40","date_gmt":"2023-06-20T23:10:40","guid":{"rendered":"https:\/\/regiaonews.net.br\/2022\/?p=90306"},"modified":"2023-06-20T20:23:29","modified_gmt":"2023-06-20T23:23:29","slug":"morre-mulher-que-foi-atropelada-no-bairro-christiano-carvalho","status":"publish","type":"post","link":"https:\/\/regiaonews.net.br\/2022\/2023\/06\/20\/morre-mulher-que-foi-atropelada-no-bairro-christiano-carvalho\/","title":{"rendered":"Morre mulher\u00a0 que foi atropelada no bairro Christiano Carvalho"},"content":{"rendered":"<h1><\/h1>\n<p><strong>Pedestre teve traumatismo craniano e chegou a ser socorrida<\/strong><\/p>\n<p>Uma senhora de 81 anos morreu v\u00edtima de atropelamento no bairro Crhistiano Carvalho em Barretos, \u00e0s 08h10 de ter\u00e7a-feira (20).<\/p>\n<p>Os policiais militares Di\u00f3genes e Balbino foram acionados para atendimento de acidente de tr\u00e2nsito na esquina da avenida C1 com a rua C 16.<\/p>\n<p>Quando chegaram ao local, as v\u00edtimas j\u00e1 haviam sido socorridas pelo SAMU ao Pronto \u2013 Socorro da Santa Casa.<\/p>\n<p>Eles foram ao hospital, onde uma jovem de 21 anos informou que conduzia uma motoneta Honda Biz, preta, 2006 de Barretos, pela avenida C 1 quando no cruzamento com a rua C 16, teve a vis\u00e3o atrapalhada pelo sol e acabou atingindo a pedestre que estava atravessando a rua.<\/p>\n<p>Com o impacto, a motociclista tamb\u00e9m foi ao solo e sofreu ferimentos.<\/p>\n<p>Ela alega que deu sinal para a condutora de um ve\u00edculo Sedan de cor prata, que seguia atr\u00e1s de sua moto, a qual parou e acionou o socorro.<\/p>\n<p>Duas equipes do SAMU comandadas pelo m\u00e9dico Maur\u00edlio Duarte estiveram atendendo a ocorr\u00eancia e prestaram atendimento a pedestre, que sofreu fratura no bra\u00e7o esquerdo e traumatismo craniano.<\/p>\n<p>Ela foi encaminhada para a sala de emerg\u00eancia do Pronto \u2013 Socorro na Santa Casa, por\u00e9m, n\u00e3o resistiu aos ferimentos sendo constatado o \u00f3bito, por volta das 11h10 de ter\u00e7a-feira.<\/p>\n<p>\u201c Quando chegamos a nossa equipe da Unidade Bravo, j\u00e1 tinha prestado os primeiros socorros. A paciente tinha sido protocolada, mas j\u00e1 estava em respira\u00e7\u00e3o ag\u00f4nica, com ferimento grave. N\u00f3s a colocamos dentro viatura da Unidade Alfa e a conduzimos com vida at\u00e9 a sala de emerg\u00eancia da Santa Casa\u201d, disse o m\u00e9dico Maur\u00edlio.<\/p>\n<p>O caso foi apresentado no Plant\u00e3o Policial<\/p>\n<p>O delegado Rafael Faria Domingos, determinou a elabora\u00e7\u00e3o da ocorr\u00eancia como homic\u00eddio culposo na dire\u00e7\u00e3o de ve\u00edculo automotor, devendo ser instaurado inqu\u00e9rito para apurar as causas do acidente.<\/p>\n","protected":false},"excerpt":{"rendered":"<p>Pedestre teve traumatismo craniano e chegou a ser socorrida Uma<\/p>\n","protected":false},"author":2,"featured_media":84587,"comment_status":"open","ping_status":"open","sticky":false,"template":"","format":"standard","meta":{"footnotes":""},"categories":[14,23],"tags":[],"class_list":["post-90306","post","type-post","status-publish","format-standard","has-post-thumbnail","hentry","category-barretos","category-policia"],"yoast_head":"<!-- This site is optimized with the Yoast SEO plugin v27.4 - https:\/\/yoast.com\/product\/yoast-seo-wordpress\/ -->\n<title>Morre mulher\u00a0 que foi atropelada no bairro Christiano Carvalho - Regi\u00e3o News<\/title>\n<meta name=\"robots\" content=\"index, follow, max-snippet:-1, max-image-preview:large, max-video-preview:-1\" \/>\n<link rel=\"canonical\" href=\"https:\/\/regiaonews.net.br\/2022\/2023\/06\/20\/morre-mulher-que-foi-atropelada-no-bairro-christiano-carvalho\/\" \/>\n<meta property=\"og:locale\" content=\"pt_BR\" \/>\n<meta property=\"og:type\" content=\"article\" \/>\n<meta property=\"og:title\" content=\"Morre mulher\u00a0 que foi atropelada no bairro Christiano Carvalho - Regi\u00e3o News\" \/>\n<meta property=\"og:description\" content=\"Pedestre teve traumatismo craniano e chegou a ser socorrida Uma\" \/>\n<meta property=\"og:url\" content=\"https:\/\/regiaonews.net.br\/2022\/2023\/06\/20\/morre-mulher-que-foi-atropelada-no-bairro-christiano-carvalho\/\" \/>\n<meta property=\"og:site_name\" content=\"Regi\u00e3o News\" \/>\n<meta property=\"article:published_time\" content=\"2023-06-20T23:10:40+00:00\" \/>\n<meta property=\"article:modified_time\" content=\"2023-06-20T23:23:29+00:00\" \/>\n<meta property=\"og:image\" content=\"https:\/\/regiaonews.net.br\/2022\/wp-content\/uploads\/2023\/02\/SAMU.jpg\" \/>\n\t<meta property=\"og:image:width\" content=\"756\" \/>\n\t<meta property=\"og:image:height\" content=\"641\" \/>\n\t<meta property=\"og:image:type\" content=\"image\/jpeg\" \/>\n<meta name=\"author\" content=\"Roberto\" \/>\n<meta name=\"twitter:card\" content=\"summary_large_image\" \/>\n<meta name=\"twitter:label1\" content=\"Escrito por\" \/>\n\t<meta name=\"twitter:data1\" content=\"Roberto\" \/>\n\t<meta name=\"twitter:label2\" content=\"Est. tempo de leitura\" \/>\n\t<meta name=\"twitter:data2\" content=\"2 minutos\" \/>\n<script type=\"application\/ld+json\" class=\"yoast-schema-graph\">{\"@context\":\"https:\\\/\\\/schema.org\",\"@graph\":[{\"@type\":\"Article\",\"@id\":\"https:\\\/\\\/regiaonews.net.br\\\/2022\\\/2023\\\/06\\\/20\\\/morre-mulher-que-foi-atropelada-no-bairro-christiano-carvalho\\\/#article\",\"isPartOf\":{\"@id\":\"https:\\\/\\\/regiaonews.net.br\\\/2022\\\/2023\\\/06\\\/20\\\/morre-mulher-que-foi-atropelada-no-bairro-christiano-carvalho\\\/\"},\"author\":{\"name\":\"Roberto\",\"@id\":\"https:\\\/\\\/regiaonews.net.br\\\/2022\\\/#\\\/schema\\\/person\\\/2d205a608a5aa97ac279d7a5e6d89ad8\"},\"headline\":\"Morre mulher\u00a0 que foi atropelada no bairro Christiano Carvalho\",\"datePublished\":\"2023-06-20T23:10:40+00:00\",\"dateModified\":\"2023-06-20T23:23:29+00:00\",\"mainEntityOfPage\":{\"@id\":\"https:\\\/\\\/regiaonews.net.br\\\/2022\\\/2023\\\/06\\\/20\\\/morre-mulher-que-foi-atropelada-no-bairro-christiano-carvalho\\\/\"},\"wordCount\":336,\"commentCount\":0,\"publisher\":{\"@id\":\"https:\\\/\\\/regiaonews.net.br\\\/2022\\\/#organization\"},\"image\":{\"@id\":\"https:\\\/\\\/regiaonews.net.br\\\/2022\\\/2023\\\/06\\\/20\\\/morre-mulher-que-foi-atropelada-no-bairro-christiano-carvalho\\\/#primaryimage\"},\"thumbnailUrl\":\"https:\\\/\\\/regiaonews.net.br\\\/2022\\\/wp-content\\\/uploads\\\/2023\\\/02\\\/SAMU.jpg\",\"articleSection\":[\"Barretos\",\"Policia\"],\"inLanguage\":\"pt-BR\",\"potentialAction\":[{\"@type\":\"CommentAction\",\"name\":\"Comment\",\"target\":[\"https:\\\/\\\/regiaonews.net.br\\\/2022\\\/2023\\\/06\\\/20\\\/morre-mulher-que-foi-atropelada-no-bairro-christiano-carvalho\\\/#respond\"]}]},{\"@type\":\"WebPage\",\"@id\":\"https:\\\/\\\/regiaonews.net.br\\\/2022\\\/2023\\\/06\\\/20\\\/morre-mulher-que-foi-atropelada-no-bairro-christiano-carvalho\\\/\",\"url\":\"https:\\\/\\\/regiaonews.net.br\\\/2022\\\/2023\\\/06\\\/20\\\/morre-mulher-que-foi-atropelada-no-bairro-christiano-carvalho\\\/\",\"name\":\"Morre mulher\u00a0 que foi atropelada no bairro Christiano Carvalho - Regi\u00e3o News\",\"isPartOf\":{\"@id\":\"https:\\\/\\\/regiaonews.net.br\\\/2022\\\/#website\"},\"primaryImageOfPage\":{\"@id\":\"https:\\\/\\\/regiaonews.net.br\\\/2022\\\/2023\\\/06\\\/20\\\/morre-mulher-que-foi-atropelada-no-bairro-christiano-carvalho\\\/#primaryimage\"},\"image\":{\"@id\":\"https:\\\/\\\/regiaonews.net.br\\\/2022\\\/2023\\\/06\\\/20\\\/morre-mulher-que-foi-atropelada-no-bairro-christiano-carvalho\\\/#primaryimage\"},\"thumbnailUrl\":\"https:\\\/\\\/regiaonews.net.br\\\/2022\\\/wp-content\\\/uploads\\\/2023\\\/02\\\/SAMU.jpg\",\"datePublished\":\"2023-06-20T23:10:40+00:00\",\"dateModified\":\"2023-06-20T23:23:29+00:00\",\"breadcrumb\":{\"@id\":\"https:\\\/\\\/regiaonews.net.br\\\/2022\\\/2023\\\/06\\\/20\\\/morre-mulher-que-foi-atropelada-no-bairro-christiano-carvalho\\\/#breadcrumb\"},\"inLanguage\":\"pt-BR\",\"potentialAction\":[{\"@type\":\"ReadAction\",\"target\":[\"https:\\\/\\\/regiaonews.net.br\\\/2022\\\/2023\\\/06\\\/20\\\/morre-mulher-que-foi-atropelada-no-bairro-christiano-carvalho\\\/\"]}]},{\"@type\":\"ImageObject\",\"inLanguage\":\"pt-BR\",\"@id\":\"https:\\\/\\\/regiaonews.net.br\\\/2022\\\/2023\\\/06\\\/20\\\/morre-mulher-que-foi-atropelada-no-bairro-christiano-carvalho\\\/#primaryimage\",\"url\":\"https:\\\/\\\/regiaonews.net.br\\\/2022\\\/wp-content\\\/uploads\\\/2023\\\/02\\\/SAMU.jpg\",\"contentUrl\":\"https:\\\/\\\/regiaonews.net.br\\\/2022\\\/wp-content\\\/uploads\\\/2023\\\/02\\\/SAMU.jpg\",\"width\":756,\"height\":641,\"caption\":\"A Pol\u00edcia Rodovi\u00e1ria registrou um grave acidente no km 434 da rodovia Brigadeiro Faria Lima, na manh\u00e3 de hoje (28), em Barretos.\"},{\"@type\":\"BreadcrumbList\",\"@id\":\"https:\\\/\\\/regiaonews.net.br\\\/2022\\\/2023\\\/06\\\/20\\\/morre-mulher-que-foi-atropelada-no-bairro-christiano-carvalho\\\/#breadcrumb\",\"itemListElement\":[{\"@type\":\"ListItem\",\"position\":1,\"name\":\"In\u00edcio\",\"item\":\"https:\\\/\\\/regiaonews.net.br\\\/2022\\\/\"},{\"@type\":\"ListItem\",\"position\":2,\"name\":\"Morre mulher\u00a0 que foi atropelada no bairro Christiano Carvalho\"}]},{\"@type\":\"WebSite\",\"@id\":\"https:\\\/\\\/regiaonews.net.br\\\/2022\\\/#website\",\"url\":\"https:\\\/\\\/regiaonews.net.br\\\/2022\\\/\",\"name\":\"Regi\u00e3o News\",\"description\":\"Site de Not\u00edcias de Barretos e regi\u00e3o\",\"publisher\":{\"@id\":\"https:\\\/\\\/regiaonews.net.br\\\/2022\\\/#organization\"},\"potentialAction\":[{\"@type\":\"SearchAction\",\"target\":{\"@type\":\"EntryPoint\",\"urlTemplate\":\"https:\\\/\\\/regiaonews.net.br\\\/2022\\\/?s={search_term_string}\"},\"query-input\":{\"@type\":\"PropertyValueSpecification\",\"valueRequired\":true,\"valueName\":\"search_term_string\"}}],\"inLanguage\":\"pt-BR\"},{\"@type\":\"Organization\",\"@id\":\"https:\\\/\\\/regiaonews.net.br\\\/2022\\\/#organization\",\"name\":\"Regi\u00e3o News\",\"url\":\"https:\\\/\\\/regiaonews.net.br\\\/2022\\\/\",\"logo\":{\"@type\":\"ImageObject\",\"inLanguage\":\"pt-BR\",\"@id\":\"https:\\\/\\\/regiaonews.net.br\\\/2022\\\/#\\\/schema\\\/logo\\\/image\\\/\",\"url\":\"https:\\\/\\\/regiaonews.net.br\\\/2022\\\/wp-content\\\/uploads\\\/2026\\\/03\\\/regiao-13-anos-scaled.jpg\",\"contentUrl\":\"https:\\\/\\\/regiaonews.net.br\\\/2022\\\/wp-content\\\/uploads\\\/2026\\\/03\\\/regiao-13-anos-scaled.jpg\",\"width\":2560,\"height\":635,\"caption\":\"Regi\u00e3o News\"},\"image\":{\"@id\":\"https:\\\/\\\/regiaonews.net.br\\\/2022\\\/#\\\/schema\\\/logo\\\/image\\\/\"}},{\"@type\":\"Person\",\"@id\":\"https:\\\/\\\/regiaonews.net.br\\\/2022\\\/#\\\/schema\\\/person\\\/2d205a608a5aa97ac279d7a5e6d89ad8\",\"name\":\"Roberto\",\"image\":{\"@type\":\"ImageObject\",\"inLanguage\":\"pt-BR\",\"@id\":\"https:\\\/\\\/secure.gravatar.com\\\/avatar\\\/42749d8b712ff9d59ca93dc150494e5b55a44134482993f5baeb97e61b7ecc89?s=96&d=mm&r=g\",\"url\":\"https:\\\/\\\/secure.gravatar.com\\\/avatar\\\/42749d8b712ff9d59ca93dc150494e5b55a44134482993f5baeb97e61b7ecc89?s=96&d=mm&r=g\",\"contentUrl\":\"https:\\\/\\\/secure.gravatar.com\\\/avatar\\\/42749d8b712ff9d59ca93dc150494e5b55a44134482993f5baeb97e61b7ecc89?s=96&d=mm&r=g\",\"caption\":\"Roberto\"},\"url\":\"https:\\\/\\\/regiaonews.net.br\\\/2022\\\/author\\\/roberto\\\/\"}]}<\/script>\n<!-- \/ Yoast SEO plugin. -->","yoast_head_json":{"title":"Morre mulher\u00a0 que foi atropelada no bairro Christiano Carvalho - Regi\u00e3o News","robots":{"index":"index","follow":"follow","max-snippet":"max-snippet:-1","max-image-preview":"max-image-preview:large","max-video-preview":"max-video-preview:-1"},"canonical":"https:\/\/regiaonews.net.br\/2022\/2023\/06\/20\/morre-mulher-que-foi-atropelada-no-bairro-christiano-carvalho\/","og_locale":"pt_BR","og_type":"article","og_title":"Morre mulher\u00a0 que foi atropelada no bairro Christiano Carvalho - Regi\u00e3o News","og_description":"Pedestre teve traumatismo craniano e chegou a ser socorrida Uma","og_url":"https:\/\/regiaonews.net.br\/2022\/2023\/06\/20\/morre-mulher-que-foi-atropelada-no-bairro-christiano-carvalho\/","og_site_name":"Regi\u00e3o News","article_published_time":"2023-06-20T23:10:40+00:00","article_modified_time":"2023-06-20T23:23:29+00:00","og_image":[{"width":756,"height":641,"url":"https:\/\/regiaonews.net.br\/2022\/wp-content\/uploads\/2023\/02\/SAMU.jpg","type":"image\/jpeg"}],"author":"Roberto","twitter_card":"summary_large_image","twitter_misc":{"Escrito por":"Roberto","Est. tempo de leitura":"2 minutos"},"schema":{"@context":"https:\/\/schema.org","@graph":[{"@type":"Article","@id":"https:\/\/regiaonews.net.br\/2022\/2023\/06\/20\/morre-mulher-que-foi-atropelada-no-bairro-christiano-carvalho\/#article","isPartOf":{"@id":"https:\/\/regiaonews.net.br\/2022\/2023\/06\/20\/morre-mulher-que-foi-atropelada-no-bairro-christiano-carvalho\/"},"author":{"name":"Roberto","@id":"https:\/\/regiaonews.net.br\/2022\/#\/schema\/person\/2d205a608a5aa97ac279d7a5e6d89ad8"},"headline":"Morre mulher\u00a0 que foi atropelada no bairro Christiano Carvalho","datePublished":"2023-06-20T23:10:40+00:00","dateModified":"2023-06-20T23:23:29+00:00","mainEntityOfPage":{"@id":"https:\/\/regiaonews.net.br\/2022\/2023\/06\/20\/morre-mulher-que-foi-atropelada-no-bairro-christiano-carvalho\/"},"wordCount":336,"commentCount":0,"publisher":{"@id":"https:\/\/regiaonews.net.br\/2022\/#organization"},"image":{"@id":"https:\/\/regiaonews.net.br\/2022\/2023\/06\/20\/morre-mulher-que-foi-atropelada-no-bairro-christiano-carvalho\/#primaryimage"},"thumbnailUrl":"https:\/\/regiaonews.net.br\/2022\/wp-content\/uploads\/2023\/02\/SAMU.jpg","articleSection":["Barretos","Policia"],"inLanguage":"pt-BR","potentialAction":[{"@type":"CommentAction","name":"Comment","target":["https:\/\/regiaonews.net.br\/2022\/2023\/06\/20\/morre-mulher-que-foi-atropelada-no-bairro-christiano-carvalho\/#respond"]}]},{"@type":"WebPage","@id":"https:\/\/regiaonews.net.br\/2022\/2023\/06\/20\/morre-mulher-que-foi-atropelada-no-bairro-christiano-carvalho\/","url":"https:\/\/regiaonews.net.br\/2022\/2023\/06\/20\/morre-mulher-que-foi-atropelada-no-bairro-christiano-carvalho\/","name":"Morre mulher\u00a0 que foi atropelada no bairro Christiano Carvalho - Regi\u00e3o News","isPartOf":{"@id":"https:\/\/regiaonews.net.br\/2022\/#website"},"primaryImageOfPage":{"@id":"https:\/\/regiaonews.net.br\/2022\/2023\/06\/20\/morre-mulher-que-foi-atropelada-no-bairro-christiano-carvalho\/#primaryimage"},"image":{"@id":"https:\/\/regiaonews.net.br\/2022\/2023\/06\/20\/morre-mulher-que-foi-atropelada-no-bairro-christiano-carvalho\/#primaryimage"},"thumbnailUrl":"https:\/\/regiaonews.net.br\/2022\/wp-content\/uploads\/2023\/02\/SAMU.jpg","datePublished":"2023-06-20T23:10:40+00:00","dateModified":"2023-06-20T23:23:29+00:00","breadcrumb":{"@id":"https:\/\/regiaonews.net.br\/2022\/2023\/06\/20\/morre-mulher-que-foi-atropelada-no-bairro-christiano-carvalho\/#breadcrumb"},"inLanguage":"pt-BR","potentialAction":[{"@type":"ReadAction","target":["https:\/\/regiaonews.net.br\/2022\/2023\/06\/20\/morre-mulher-que-foi-atropelada-no-bairro-christiano-carvalho\/"]}]},{"@type":"ImageObject","inLanguage":"pt-BR","@id":"https:\/\/regiaonews.net.br\/2022\/2023\/06\/20\/morre-mulher-que-foi-atropelada-no-bairro-christiano-carvalho\/#primaryimage","url":"https:\/\/regiaonews.net.br\/2022\/wp-content\/uploads\/2023\/02\/SAMU.jpg","contentUrl":"https:\/\/regiaonews.net.br\/2022\/wp-content\/uploads\/2023\/02\/SAMU.jpg","width":756,"height":641,"caption":"A Pol\u00edcia Rodovi\u00e1ria registrou um grave acidente no km 434 da rodovia Brigadeiro Faria Lima, na manh\u00e3 de hoje (28), em Barretos."},{"@type":"BreadcrumbList","@id":"https:\/\/regiaonews.net.br\/2022\/2023\/06\/20\/morre-mulher-que-foi-atropelada-no-bairro-christiano-carvalho\/#breadcrumb","itemListElement":[{"@type":"ListItem","position":1,"name":"In\u00edcio","item":"https:\/\/regiaonews.net.br\/2022\/"},{"@type":"ListItem","position":2,"name":"Morre mulher\u00a0 que foi atropelada no bairro Christiano Carvalho"}]},{"@type":"WebSite","@id":"https:\/\/regiaonews.net.br\/2022\/#website","url":"https:\/\/regiaonews.net.br\/2022\/","name":"Regi\u00e3o News","description":"Site de Not\u00edcias de Barretos e regi\u00e3o","publisher":{"@id":"https:\/\/regiaonews.net.br\/2022\/#organization"},"potentialAction":[{"@type":"SearchAction","target":{"@type":"EntryPoint","urlTemplate":"https:\/\/regiaonews.net.br\/2022\/?s={search_term_string}"},"query-input":{"@type":"PropertyValueSpecification","valueRequired":true,"valueName":"search_term_string"}}],"inLanguage":"pt-BR"},{"@type":"Organization","@id":"https:\/\/regiaonews.net.br\/2022\/#organization","name":"Regi\u00e3o News","url":"https:\/\/regiaonews.net.br\/2022\/","logo":{"@type":"ImageObject","inLanguage":"pt-BR","@id":"https:\/\/regiaonews.net.br\/2022\/#\/schema\/logo\/image\/","url":"https:\/\/regiaonews.net.br\/2022\/wp-content\/uploads\/2026\/03\/regiao-13-anos-scaled.jpg","contentUrl":"https:\/\/regiaonews.net.br\/2022\/wp-content\/uploads\/2026\/03\/regiao-13-anos-scaled.jpg","width":2560,"height":635,"caption":"Regi\u00e3o News"},"image":{"@id":"https:\/\/regiaonews.net.br\/2022\/#\/schema\/logo\/image\/"}},{"@type":"Person","@id":"https:\/\/regiaonews.net.br\/2022\/#\/schema\/person\/2d205a608a5aa97ac279d7a5e6d89ad8","name":"Roberto","image":{"@type":"ImageObject","inLanguage":"pt-BR","@id":"https:\/\/secure.gravatar.com\/avatar\/42749d8b712ff9d59ca93dc150494e5b55a44134482993f5baeb97e61b7ecc89?s=96&d=mm&r=g","url":"https:\/\/secure.gravatar.com\/avatar\/42749d8b712ff9d59ca93dc150494e5b55a44134482993f5baeb97e61b7ecc89?s=96&d=mm&r=g","contentUrl":"https:\/\/secure.gravatar.com\/avatar\/42749d8b712ff9d59ca93dc150494e5b55a44134482993f5baeb97e61b7ecc89?s=96&d=mm&r=g","caption":"Roberto"},"url":"https:\/\/regiaonews.net.br\/2022\/author\/roberto\/"}]}},"publishpress_future_action":{"enabled":false,"date":"2026-05-03 06:45:59","action":"change-status","newStatus":"draft","terms":[],"taxonomy":"category","extraData":[]},"publishpress_future_workflow_manual_trigger":{"enabledWorkflows":[]},"_links":{"self":[{"href":"https:\/\/regiaonews.net.br\/2022\/wp-json\/wp\/v2\/posts\/90306","targetHints":{"allow":["GET"]}}],"collection":[{"href":"https:\/\/regiaonews.net.br\/2022\/wp-json\/wp\/v2\/posts"}],"about":[{"href":"https:\/\/regiaonews.net.br\/2022\/wp-json\/wp\/v2\/types\/post"}],"author":[{"embeddable":true,"href":"https:\/\/regiaonews.net.br\/2022\/wp-json\/wp\/v2\/users\/2"}],"replies":[{"embeddable":true,"href":"https:\/\/regiaonews.net.br\/2022\/wp-json\/wp\/v2\/comments?post=90306"}],"version-history":[{"count":1,"href":"https:\/\/regiaonews.net.br\/2022\/wp-json\/wp\/v2\/posts\/90306\/revisions"}],"predecessor-version":[{"id":90307,"href":"https:\/\/regiaonews.net.br\/2022\/wp-json\/wp\/v2\/posts\/90306\/revisions\/90307"}],"wp:featuredmedia":[{"embeddable":true,"href":"https:\/\/regiaonews.net.br\/2022\/wp-json\/wp\/v2\/media\/84587"}],"wp:attachment":[{"href":"https:\/\/regiaonews.net.br\/2022\/wp-json\/wp\/v2\/media?parent=90306"}],"wp:term":[{"taxonomy":"category","embeddable":true,"href":"https:\/\/regiaonews.net.br\/2022\/wp-json\/wp\/v2\/categories?post=90306"},{"taxonomy":"post_tag","embeddable":true,"href":"https:\/\/regiaonews.net.br\/2022\/wp-json\/wp\/v2\/tags?post=90306"}],"curies":[{"name":"wp","href":"https:\/\/api.w.org\/{rel}","templated":true}]}}