{"id":90254,"date":"2023-06-19T20:49:30","date_gmt":"2023-06-19T23:49:30","guid":{"rendered":"https:\/\/regiaonews.net.br\/2022\/?p=90254"},"modified":"2023-06-19T20:49:30","modified_gmt":"2023-06-19T23:49:30","slug":"prefeitura-entrega-reforma-e-ampliacao-do-cemei-profa-cleusa-pereira-barreto","status":"publish","type":"post","link":"https:\/\/regiaonews.net.br\/2022\/2023\/06\/19\/prefeitura-entrega-reforma-e-ampliacao-do-cemei-profa-cleusa-pereira-barreto\/","title":{"rendered":"Prefeitura entrega reforma e amplia\u00e7\u00e3o do Cemei \u201cProfa. Cleusa Pereira Barreto\u201d"},"content":{"rendered":"<div><\/div>\n<div><i>Com investimento de cerca de R$ 3 milh\u00f5es, unidade escolar ganha cinco novas salas de aula e amplia capacidade para 200 alunos<\/i><\/div>\n<div><\/div>\n<div>A prefeita da Est\u00e2ncia de Barretos, Paula Lemos, entregou na manh\u00e3 de s\u00e1bado, 17 de junho, as obras de reforma e amplia\u00e7\u00e3o do Centro Municipal de Educa\u00e7\u00e3o Infantil Professora \u201cCleusa Pereira Barreto\u201d, no bairro Jardim Nova Barretos, que amplia seu atendimento de 110 para 200 alunos, inicialmente.<\/div>\n<div>A cerim\u00f4nia, que contou com a participa\u00e7\u00e3o de autoridades, pais, alunos e equipe escolar, foi marcada por emo\u00e7\u00e3o, homenagens, apresenta\u00e7\u00f5es art\u00edsticas e atividades de integra\u00e7\u00e3o. Paula Lemos destacou os desafios encontrados ao longo destes dois anos e meio de governo com a cidade endividada, pandemia de Covid-19, d\u00edvida do Instituto de Previd\u00eancia do Munic\u00edpio de Barretos (IPMB) e enchente. Emocionada, a chefe do executivo, contou que foi recebida pelo aluno Vitor, do Cemei, que faz uso de andador e que estava muito feliz em conhecer a nova escola que conta com acessibilidade.<\/div>\n<div>\u201cA reforma da escola vai al\u00e9m dos muros, ela \u00e9 para a gente atender as pessoas em sua plenitude. Nesta escola teve um investimento de R$3 milh\u00f5es, de recursos pr\u00f3prios, da popula\u00e7\u00e3o. Essa \u00e9 a quarta Cemei que a gente est\u00e1 entregando, pois, al\u00e9m de entregar material de primeira qualidade, queremos dar espa\u00e7os realmente dignos para nossas crian\u00e7as e profissionais\u201d, disse.<\/div>\n<div>A obra contemplou a constru\u00e7\u00e3o de cinco novas salas de aula, novos banheiros para alunos, professores e funcion\u00e1rios, lavanderia, sala de professores, diretoria e secretaria, brinquedoteca, sala de amamenta\u00e7\u00e3o, cobertura do p\u00e1tio e playground, amplia\u00e7\u00e3o da cozinha, dentre outras benfeitorias. O investimento no Cemei \u00e9 de R$ 2.989.409,57 em recursos pr\u00f3prios do munic\u00edpio.<\/div>\n<div>A secret\u00e1ria municipal de Educa\u00e7\u00e3o, J\u00e9ssica Maria dos Santos, salientou a import\u00e2ncia dos profissionais para uma educa\u00e7\u00e3o de qualidade. \u201cHoje \u00e9 um dia em que n\u00f3s concretizamos mais uma meta, mais um grande objetivo. A educa\u00e7\u00e3o no governo da nossa prefeita \u00e9 colocada em primeiro plano sempre e \u00e9 por isso que \u00e9 uma educa\u00e7\u00e3o de muita qualidade, j\u00e1 de reconhecimento estadual e nacional. Temos o melhor material, o melhor uniforme, agora os melhores pr\u00e9dios, mas acima de tudo os melhores profissionais da educa\u00e7\u00e3o\u201d, disse.<\/div>\n<div>Pais do Guilherme, da recrea\u00e7\u00e3o, Tales Rocha e D\u00e9bora aprovaram o que viram. \u201cFicou excelente, porque se voc\u00ea olhar como est\u00e1 a escola hoje \u00e9 n\u00edvel de uma escola particular\u201d, disse. M\u00e1rcia Martins \u00e9 m\u00e3e do Enzo, do Maternal II, e tamb\u00e9m ficou impressionada com a amplia\u00e7\u00e3o. \u201cHoje o investimento na educa\u00e7\u00e3o \u00e9 essencial. Tudo chama aten\u00e7\u00e3o\u201d, comentou.<\/div>\n<div>A patrona<\/div>\n<div>O Cemei leva o nome de Cleusa Pereira Barreto, professora que atuou nas redes municipal e estadual de ensino e tornou-se uma pessoa importante para a implanta\u00e7\u00e3o da Unidade Integral (UI) Pimenta, hoje E. M. Leodete Silv\u00e9rio Joi. Dentro da rede municipal tamb\u00e9m desempenhou fun\u00e7\u00f5es como diretora de escola e coordenadora pedag\u00f3gica da Educa\u00e7\u00e3o Infantil. Ela faleceu em 11 de janeiro de 2002.<\/div>\n<div>Seu irm\u00e3o Claudin\u00e9 Roberto Pereira falou em nome da fam\u00edlia. Ele agradeceu a presen\u00e7a de todos e disse que a homenagem engradece ainda mais o nome da irm\u00e3. \u201cMuito obrigado por este carinho especial com a minha a fam\u00edlia\u201d, disse.<\/div>\n<div>Participaram do evento os vereadores Juninho Bandeira, Pastor Elson dos Santos e Paulo Correa, os secret\u00e1rios municipais de Sa\u00fade, Mussa Calil Neto; Assist\u00eancia Social, Vit\u00f3ria Saretta; Ordem P\u00fablica, Luiz de Matos; Obras e Servi\u00e7os Urbanos, Pl\u00e1cido Martins Jr; Planejamento e Desenvolvimento, Carlos Henrique L\u00facio; e o Ouvidor Geral, Danilo Mendes.<\/div>\n<div><a href=\"https:\/\/regiaonews.net.br\/2022\/wp-content\/uploads\/2023\/06\/06409663226af2f3114485aa4e0a23b4.jpeg\"><img loading=\"lazy\" decoding=\"async\" class=\"alignnone size-medium wp-image-90255\" src=\"https:\/\/regiaonews.net.br\/2022\/wp-content\/uploads\/2023\/06\/06409663226af2f3114485aa4e0a23b4-300x200.jpeg\" alt=\"\" width=\"300\" height=\"200\" srcset=\"https:\/\/regiaonews.net.br\/2022\/wp-content\/uploads\/2023\/06\/06409663226af2f3114485aa4e0a23b4-300x200.jpeg 300w, https:\/\/regiaonews.net.br\/2022\/wp-content\/uploads\/2023\/06\/06409663226af2f3114485aa4e0a23b4-1024x684.jpeg 1024w, https:\/\/regiaonews.net.br\/2022\/wp-content\/uploads\/2023\/06\/06409663226af2f3114485aa4e0a23b4-768x513.jpeg 768w, https:\/\/regiaonews.net.br\/2022\/wp-content\/uploads\/2023\/06\/06409663226af2f3114485aa4e0a23b4-1536x1026.jpeg 1536w, https:\/\/regiaonews.net.br\/2022\/wp-content\/uploads\/2023\/06\/06409663226af2f3114485aa4e0a23b4-250x167.jpeg 250w, https:\/\/regiaonews.net.br\/2022\/wp-content\/uploads\/2023\/06\/06409663226af2f3114485aa4e0a23b4-900x600.jpeg 900w, https:\/\/regiaonews.net.br\/2022\/wp-content\/uploads\/2023\/06\/06409663226af2f3114485aa4e0a23b4.jpeg 1600w\" sizes=\"auto, (max-width: 300px) 100vw, 300px\" \/><\/a><\/div>\n","protected":false},"excerpt":{"rendered":"<p>Com investimento de cerca de R$ 3 milh\u00f5es, unidade escolar<\/p>\n","protected":false},"author":2,"featured_media":90256,"comment_status":"open","ping_status":"open","sticky":false,"template":"","format":"standard","meta":{"footnotes":""},"categories":[14,111],"tags":[],"class_list":["post-90254","post","type-post","status-publish","format-standard","has-post-thumbnail","hentry","category-barretos","category-cotidiano"],"yoast_head":"<!-- This site is optimized with the Yoast SEO plugin v27.4 - https:\/\/yoast.com\/product\/yoast-seo-wordpress\/ -->\n<title>Prefeitura entrega reforma e amplia\u00e7\u00e3o do Cemei \u201cProfa. Cleusa Pereira Barreto\u201d - Regi\u00e3o News<\/title>\n<meta name=\"robots\" content=\"index, follow, max-snippet:-1, max-image-preview:large, max-video-preview:-1\" \/>\n<link rel=\"canonical\" href=\"https:\/\/regiaonews.net.br\/2022\/2023\/06\/19\/prefeitura-entrega-reforma-e-ampliacao-do-cemei-profa-cleusa-pereira-barreto\/\" \/>\n<meta property=\"og:locale\" content=\"pt_BR\" \/>\n<meta property=\"og:type\" content=\"article\" \/>\n<meta property=\"og:title\" content=\"Prefeitura entrega reforma e amplia\u00e7\u00e3o do Cemei \u201cProfa. Cleusa Pereira Barreto\u201d - Regi\u00e3o News\" \/>\n<meta property=\"og:description\" content=\"Com investimento de cerca de R$ 3 milh\u00f5es, unidade escolar\" \/>\n<meta property=\"og:url\" content=\"https:\/\/regiaonews.net.br\/2022\/2023\/06\/19\/prefeitura-entrega-reforma-e-ampliacao-do-cemei-profa-cleusa-pereira-barreto\/\" \/>\n<meta property=\"og:site_name\" content=\"Regi\u00e3o News\" \/>\n<meta property=\"article:published_time\" content=\"2023-06-19T23:49:30+00:00\" \/>\n<meta property=\"og:image\" content=\"https:\/\/regiaonews.net.br\/2022\/wp-content\/uploads\/2023\/06\/84d9ee44e457ddef7f2c4f25dc8fa865.jpeg\" \/>\n\t<meta property=\"og:image:width\" content=\"1600\" \/>\n\t<meta property=\"og:image:height\" content=\"1094\" \/>\n\t<meta property=\"og:image:type\" content=\"image\/jpeg\" \/>\n<meta name=\"author\" content=\"Roberto\" \/>\n<meta name=\"twitter:card\" content=\"summary_large_image\" \/>\n<meta name=\"twitter:label1\" content=\"Escrito por\" \/>\n\t<meta name=\"twitter:data1\" content=\"Roberto\" \/>\n\t<meta name=\"twitter:label2\" content=\"Est. tempo de leitura\" \/>\n\t<meta name=\"twitter:data2\" content=\"4 minutos\" \/>\n<script type=\"application\/ld+json\" class=\"yoast-schema-graph\">{\"@context\":\"https:\\\/\\\/schema.org\",\"@graph\":[{\"@type\":\"Article\",\"@id\":\"https:\\\/\\\/regiaonews.net.br\\\/2022\\\/2023\\\/06\\\/19\\\/prefeitura-entrega-reforma-e-ampliacao-do-cemei-profa-cleusa-pereira-barreto\\\/#article\",\"isPartOf\":{\"@id\":\"https:\\\/\\\/regiaonews.net.br\\\/2022\\\/2023\\\/06\\\/19\\\/prefeitura-entrega-reforma-e-ampliacao-do-cemei-profa-cleusa-pereira-barreto\\\/\"},\"author\":{\"name\":\"Roberto\",\"@id\":\"https:\\\/\\\/regiaonews.net.br\\\/2022\\\/#\\\/schema\\\/person\\\/2d205a608a5aa97ac279d7a5e6d89ad8\"},\"headline\":\"Prefeitura entrega reforma e amplia\u00e7\u00e3o do Cemei \u201cProfa. Cleusa Pereira Barreto\u201d\",\"datePublished\":\"2023-06-19T23:49:30+00:00\",\"mainEntityOfPage\":{\"@id\":\"https:\\\/\\\/regiaonews.net.br\\\/2022\\\/2023\\\/06\\\/19\\\/prefeitura-entrega-reforma-e-ampliacao-do-cemei-profa-cleusa-pereira-barreto\\\/\"},\"wordCount\":632,\"commentCount\":0,\"publisher\":{\"@id\":\"https:\\\/\\\/regiaonews.net.br\\\/2022\\\/#organization\"},\"image\":{\"@id\":\"https:\\\/\\\/regiaonews.net.br\\\/2022\\\/2023\\\/06\\\/19\\\/prefeitura-entrega-reforma-e-ampliacao-do-cemei-profa-cleusa-pereira-barreto\\\/#primaryimage\"},\"thumbnailUrl\":\"https:\\\/\\\/regiaonews.net.br\\\/2022\\\/wp-content\\\/uploads\\\/2023\\\/06\\\/84d9ee44e457ddef7f2c4f25dc8fa865.jpeg\",\"articleSection\":[\"Barretos\",\"Cotidiano\"],\"inLanguage\":\"pt-BR\",\"potentialAction\":[{\"@type\":\"CommentAction\",\"name\":\"Comment\",\"target\":[\"https:\\\/\\\/regiaonews.net.br\\\/2022\\\/2023\\\/06\\\/19\\\/prefeitura-entrega-reforma-e-ampliacao-do-cemei-profa-cleusa-pereira-barreto\\\/#respond\"]}]},{\"@type\":\"WebPage\",\"@id\":\"https:\\\/\\\/regiaonews.net.br\\\/2022\\\/2023\\\/06\\\/19\\\/prefeitura-entrega-reforma-e-ampliacao-do-cemei-profa-cleusa-pereira-barreto\\\/\",\"url\":\"https:\\\/\\\/regiaonews.net.br\\\/2022\\\/2023\\\/06\\\/19\\\/prefeitura-entrega-reforma-e-ampliacao-do-cemei-profa-cleusa-pereira-barreto\\\/\",\"name\":\"Prefeitura entrega reforma e amplia\u00e7\u00e3o do Cemei \u201cProfa. Cleusa Pereira Barreto\u201d - Regi\u00e3o News\",\"isPartOf\":{\"@id\":\"https:\\\/\\\/regiaonews.net.br\\\/2022\\\/#website\"},\"primaryImageOfPage\":{\"@id\":\"https:\\\/\\\/regiaonews.net.br\\\/2022\\\/2023\\\/06\\\/19\\\/prefeitura-entrega-reforma-e-ampliacao-do-cemei-profa-cleusa-pereira-barreto\\\/#primaryimage\"},\"image\":{\"@id\":\"https:\\\/\\\/regiaonews.net.br\\\/2022\\\/2023\\\/06\\\/19\\\/prefeitura-entrega-reforma-e-ampliacao-do-cemei-profa-cleusa-pereira-barreto\\\/#primaryimage\"},\"thumbnailUrl\":\"https:\\\/\\\/regiaonews.net.br\\\/2022\\\/wp-content\\\/uploads\\\/2023\\\/06\\\/84d9ee44e457ddef7f2c4f25dc8fa865.jpeg\",\"datePublished\":\"2023-06-19T23:49:30+00:00\",\"breadcrumb\":{\"@id\":\"https:\\\/\\\/regiaonews.net.br\\\/2022\\\/2023\\\/06\\\/19\\\/prefeitura-entrega-reforma-e-ampliacao-do-cemei-profa-cleusa-pereira-barreto\\\/#breadcrumb\"},\"inLanguage\":\"pt-BR\",\"potentialAction\":[{\"@type\":\"ReadAction\",\"target\":[\"https:\\\/\\\/regiaonews.net.br\\\/2022\\\/2023\\\/06\\\/19\\\/prefeitura-entrega-reforma-e-ampliacao-do-cemei-profa-cleusa-pereira-barreto\\\/\"]}]},{\"@type\":\"ImageObject\",\"inLanguage\":\"pt-BR\",\"@id\":\"https:\\\/\\\/regiaonews.net.br\\\/2022\\\/2023\\\/06\\\/19\\\/prefeitura-entrega-reforma-e-ampliacao-do-cemei-profa-cleusa-pereira-barreto\\\/#primaryimage\",\"url\":\"https:\\\/\\\/regiaonews.net.br\\\/2022\\\/wp-content\\\/uploads\\\/2023\\\/06\\\/84d9ee44e457ddef7f2c4f25dc8fa865.jpeg\",\"contentUrl\":\"https:\\\/\\\/regiaonews.net.br\\\/2022\\\/wp-content\\\/uploads\\\/2023\\\/06\\\/84d9ee44e457ddef7f2c4f25dc8fa865.jpeg\",\"width\":1600,\"height\":1094},{\"@type\":\"BreadcrumbList\",\"@id\":\"https:\\\/\\\/regiaonews.net.br\\\/2022\\\/2023\\\/06\\\/19\\\/prefeitura-entrega-reforma-e-ampliacao-do-cemei-profa-cleusa-pereira-barreto\\\/#breadcrumb\",\"itemListElement\":[{\"@type\":\"ListItem\",\"position\":1,\"name\":\"In\u00edcio\",\"item\":\"https:\\\/\\\/regiaonews.net.br\\\/2022\\\/\"},{\"@type\":\"ListItem\",\"position\":2,\"name\":\"Prefeitura entrega reforma e amplia\u00e7\u00e3o do Cemei \u201cProfa. Cleusa Pereira Barreto\u201d\"}]},{\"@type\":\"WebSite\",\"@id\":\"https:\\\/\\\/regiaonews.net.br\\\/2022\\\/#website\",\"url\":\"https:\\\/\\\/regiaonews.net.br\\\/2022\\\/\",\"name\":\"Regi\u00e3o News\",\"description\":\"Site de Not\u00edcias de Barretos e regi\u00e3o\",\"publisher\":{\"@id\":\"https:\\\/\\\/regiaonews.net.br\\\/2022\\\/#organization\"},\"potentialAction\":[{\"@type\":\"SearchAction\",\"target\":{\"@type\":\"EntryPoint\",\"urlTemplate\":\"https:\\\/\\\/regiaonews.net.br\\\/2022\\\/?s={search_term_string}\"},\"query-input\":{\"@type\":\"PropertyValueSpecification\",\"valueRequired\":true,\"valueName\":\"search_term_string\"}}],\"inLanguage\":\"pt-BR\"},{\"@type\":\"Organization\",\"@id\":\"https:\\\/\\\/regiaonews.net.br\\\/2022\\\/#organization\",\"name\":\"Regi\u00e3o News\",\"url\":\"https:\\\/\\\/regiaonews.net.br\\\/2022\\\/\",\"logo\":{\"@type\":\"ImageObject\",\"inLanguage\":\"pt-BR\",\"@id\":\"https:\\\/\\\/regiaonews.net.br\\\/2022\\\/#\\\/schema\\\/logo\\\/image\\\/\",\"url\":\"https:\\\/\\\/regiaonews.net.br\\\/2022\\\/wp-content\\\/uploads\\\/2026\\\/03\\\/regiao-13-anos-scaled.jpg\",\"contentUrl\":\"https:\\\/\\\/regiaonews.net.br\\\/2022\\\/wp-content\\\/uploads\\\/2026\\\/03\\\/regiao-13-anos-scaled.jpg\",\"width\":2560,\"height\":635,\"caption\":\"Regi\u00e3o News\"},\"image\":{\"@id\":\"https:\\\/\\\/regiaonews.net.br\\\/2022\\\/#\\\/schema\\\/logo\\\/image\\\/\"}},{\"@type\":\"Person\",\"@id\":\"https:\\\/\\\/regiaonews.net.br\\\/2022\\\/#\\\/schema\\\/person\\\/2d205a608a5aa97ac279d7a5e6d89ad8\",\"name\":\"Roberto\",\"image\":{\"@type\":\"ImageObject\",\"inLanguage\":\"pt-BR\",\"@id\":\"https:\\\/\\\/secure.gravatar.com\\\/avatar\\\/42749d8b712ff9d59ca93dc150494e5b55a44134482993f5baeb97e61b7ecc89?s=96&d=mm&r=g\",\"url\":\"https:\\\/\\\/secure.gravatar.com\\\/avatar\\\/42749d8b712ff9d59ca93dc150494e5b55a44134482993f5baeb97e61b7ecc89?s=96&d=mm&r=g\",\"contentUrl\":\"https:\\\/\\\/secure.gravatar.com\\\/avatar\\\/42749d8b712ff9d59ca93dc150494e5b55a44134482993f5baeb97e61b7ecc89?s=96&d=mm&r=g\",\"caption\":\"Roberto\"},\"url\":\"https:\\\/\\\/regiaonews.net.br\\\/2022\\\/author\\\/roberto\\\/\"}]}<\/script>\n<!-- \/ Yoast SEO plugin. -->","yoast_head_json":{"title":"Prefeitura entrega reforma e amplia\u00e7\u00e3o do Cemei \u201cProfa. Cleusa Pereira Barreto\u201d - Regi\u00e3o News","robots":{"index":"index","follow":"follow","max-snippet":"max-snippet:-1","max-image-preview":"max-image-preview:large","max-video-preview":"max-video-preview:-1"},"canonical":"https:\/\/regiaonews.net.br\/2022\/2023\/06\/19\/prefeitura-entrega-reforma-e-ampliacao-do-cemei-profa-cleusa-pereira-barreto\/","og_locale":"pt_BR","og_type":"article","og_title":"Prefeitura entrega reforma e amplia\u00e7\u00e3o do Cemei \u201cProfa. Cleusa Pereira Barreto\u201d - Regi\u00e3o News","og_description":"Com investimento de cerca de R$ 3 milh\u00f5es, unidade escolar","og_url":"https:\/\/regiaonews.net.br\/2022\/2023\/06\/19\/prefeitura-entrega-reforma-e-ampliacao-do-cemei-profa-cleusa-pereira-barreto\/","og_site_name":"Regi\u00e3o News","article_published_time":"2023-06-19T23:49:30+00:00","og_image":[{"width":1600,"height":1094,"url":"https:\/\/regiaonews.net.br\/2022\/wp-content\/uploads\/2023\/06\/84d9ee44e457ddef7f2c4f25dc8fa865.jpeg","type":"image\/jpeg"}],"author":"Roberto","twitter_card":"summary_large_image","twitter_misc":{"Escrito por":"Roberto","Est. tempo de leitura":"4 minutos"},"schema":{"@context":"https:\/\/schema.org","@graph":[{"@type":"Article","@id":"https:\/\/regiaonews.net.br\/2022\/2023\/06\/19\/prefeitura-entrega-reforma-e-ampliacao-do-cemei-profa-cleusa-pereira-barreto\/#article","isPartOf":{"@id":"https:\/\/regiaonews.net.br\/2022\/2023\/06\/19\/prefeitura-entrega-reforma-e-ampliacao-do-cemei-profa-cleusa-pereira-barreto\/"},"author":{"name":"Roberto","@id":"https:\/\/regiaonews.net.br\/2022\/#\/schema\/person\/2d205a608a5aa97ac279d7a5e6d89ad8"},"headline":"Prefeitura entrega reforma e amplia\u00e7\u00e3o do Cemei \u201cProfa. Cleusa Pereira Barreto\u201d","datePublished":"2023-06-19T23:49:30+00:00","mainEntityOfPage":{"@id":"https:\/\/regiaonews.net.br\/2022\/2023\/06\/19\/prefeitura-entrega-reforma-e-ampliacao-do-cemei-profa-cleusa-pereira-barreto\/"},"wordCount":632,"commentCount":0,"publisher":{"@id":"https:\/\/regiaonews.net.br\/2022\/#organization"},"image":{"@id":"https:\/\/regiaonews.net.br\/2022\/2023\/06\/19\/prefeitura-entrega-reforma-e-ampliacao-do-cemei-profa-cleusa-pereira-barreto\/#primaryimage"},"thumbnailUrl":"https:\/\/regiaonews.net.br\/2022\/wp-content\/uploads\/2023\/06\/84d9ee44e457ddef7f2c4f25dc8fa865.jpeg","articleSection":["Barretos","Cotidiano"],"inLanguage":"pt-BR","potentialAction":[{"@type":"CommentAction","name":"Comment","target":["https:\/\/regiaonews.net.br\/2022\/2023\/06\/19\/prefeitura-entrega-reforma-e-ampliacao-do-cemei-profa-cleusa-pereira-barreto\/#respond"]}]},{"@type":"WebPage","@id":"https:\/\/regiaonews.net.br\/2022\/2023\/06\/19\/prefeitura-entrega-reforma-e-ampliacao-do-cemei-profa-cleusa-pereira-barreto\/","url":"https:\/\/regiaonews.net.br\/2022\/2023\/06\/19\/prefeitura-entrega-reforma-e-ampliacao-do-cemei-profa-cleusa-pereira-barreto\/","name":"Prefeitura entrega reforma e amplia\u00e7\u00e3o do Cemei \u201cProfa. Cleusa Pereira Barreto\u201d - Regi\u00e3o News","isPartOf":{"@id":"https:\/\/regiaonews.net.br\/2022\/#website"},"primaryImageOfPage":{"@id":"https:\/\/regiaonews.net.br\/2022\/2023\/06\/19\/prefeitura-entrega-reforma-e-ampliacao-do-cemei-profa-cleusa-pereira-barreto\/#primaryimage"},"image":{"@id":"https:\/\/regiaonews.net.br\/2022\/2023\/06\/19\/prefeitura-entrega-reforma-e-ampliacao-do-cemei-profa-cleusa-pereira-barreto\/#primaryimage"},"thumbnailUrl":"https:\/\/regiaonews.net.br\/2022\/wp-content\/uploads\/2023\/06\/84d9ee44e457ddef7f2c4f25dc8fa865.jpeg","datePublished":"2023-06-19T23:49:30+00:00","breadcrumb":{"@id":"https:\/\/regiaonews.net.br\/2022\/2023\/06\/19\/prefeitura-entrega-reforma-e-ampliacao-do-cemei-profa-cleusa-pereira-barreto\/#breadcrumb"},"inLanguage":"pt-BR","potentialAction":[{"@type":"ReadAction","target":["https:\/\/regiaonews.net.br\/2022\/2023\/06\/19\/prefeitura-entrega-reforma-e-ampliacao-do-cemei-profa-cleusa-pereira-barreto\/"]}]},{"@type":"ImageObject","inLanguage":"pt-BR","@id":"https:\/\/regiaonews.net.br\/2022\/2023\/06\/19\/prefeitura-entrega-reforma-e-ampliacao-do-cemei-profa-cleusa-pereira-barreto\/#primaryimage","url":"https:\/\/regiaonews.net.br\/2022\/wp-content\/uploads\/2023\/06\/84d9ee44e457ddef7f2c4f25dc8fa865.jpeg","contentUrl":"https:\/\/regiaonews.net.br\/2022\/wp-content\/uploads\/2023\/06\/84d9ee44e457ddef7f2c4f25dc8fa865.jpeg","width":1600,"height":1094},{"@type":"BreadcrumbList","@id":"https:\/\/regiaonews.net.br\/2022\/2023\/06\/19\/prefeitura-entrega-reforma-e-ampliacao-do-cemei-profa-cleusa-pereira-barreto\/#breadcrumb","itemListElement":[{"@type":"ListItem","position":1,"name":"In\u00edcio","item":"https:\/\/regiaonews.net.br\/2022\/"},{"@type":"ListItem","position":2,"name":"Prefeitura entrega reforma e amplia\u00e7\u00e3o do Cemei \u201cProfa. Cleusa Pereira Barreto\u201d"}]},{"@type":"WebSite","@id":"https:\/\/regiaonews.net.br\/2022\/#website","url":"https:\/\/regiaonews.net.br\/2022\/","name":"Regi\u00e3o News","description":"Site de Not\u00edcias de Barretos e regi\u00e3o","publisher":{"@id":"https:\/\/regiaonews.net.br\/2022\/#organization"},"potentialAction":[{"@type":"SearchAction","target":{"@type":"EntryPoint","urlTemplate":"https:\/\/regiaonews.net.br\/2022\/?s={search_term_string}"},"query-input":{"@type":"PropertyValueSpecification","valueRequired":true,"valueName":"search_term_string"}}],"inLanguage":"pt-BR"},{"@type":"Organization","@id":"https:\/\/regiaonews.net.br\/2022\/#organization","name":"Regi\u00e3o News","url":"https:\/\/regiaonews.net.br\/2022\/","logo":{"@type":"ImageObject","inLanguage":"pt-BR","@id":"https:\/\/regiaonews.net.br\/2022\/#\/schema\/logo\/image\/","url":"https:\/\/regiaonews.net.br\/2022\/wp-content\/uploads\/2026\/03\/regiao-13-anos-scaled.jpg","contentUrl":"https:\/\/regiaonews.net.br\/2022\/wp-content\/uploads\/2026\/03\/regiao-13-anos-scaled.jpg","width":2560,"height":635,"caption":"Regi\u00e3o News"},"image":{"@id":"https:\/\/regiaonews.net.br\/2022\/#\/schema\/logo\/image\/"}},{"@type":"Person","@id":"https:\/\/regiaonews.net.br\/2022\/#\/schema\/person\/2d205a608a5aa97ac279d7a5e6d89ad8","name":"Roberto","image":{"@type":"ImageObject","inLanguage":"pt-BR","@id":"https:\/\/secure.gravatar.com\/avatar\/42749d8b712ff9d59ca93dc150494e5b55a44134482993f5baeb97e61b7ecc89?s=96&d=mm&r=g","url":"https:\/\/secure.gravatar.com\/avatar\/42749d8b712ff9d59ca93dc150494e5b55a44134482993f5baeb97e61b7ecc89?s=96&d=mm&r=g","contentUrl":"https:\/\/secure.gravatar.com\/avatar\/42749d8b712ff9d59ca93dc150494e5b55a44134482993f5baeb97e61b7ecc89?s=96&d=mm&r=g","caption":"Roberto"},"url":"https:\/\/regiaonews.net.br\/2022\/author\/roberto\/"}]}},"publishpress_future_action":{"enabled":false,"date":"2026-05-02 06:26:00","action":"change-status","newStatus":"draft","terms":[],"taxonomy":"category","extraData":[]},"publishpress_future_workflow_manual_trigger":{"enabledWorkflows":[]},"_links":{"self":[{"href":"https:\/\/regiaonews.net.br\/2022\/wp-json\/wp\/v2\/posts\/90254","targetHints":{"allow":["GET"]}}],"collection":[{"href":"https:\/\/regiaonews.net.br\/2022\/wp-json\/wp\/v2\/posts"}],"about":[{"href":"https:\/\/regiaonews.net.br\/2022\/wp-json\/wp\/v2\/types\/post"}],"author":[{"embeddable":true,"href":"https:\/\/regiaonews.net.br\/2022\/wp-json\/wp\/v2\/users\/2"}],"replies":[{"embeddable":true,"href":"https:\/\/regiaonews.net.br\/2022\/wp-json\/wp\/v2\/comments?post=90254"}],"version-history":[{"count":1,"href":"https:\/\/regiaonews.net.br\/2022\/wp-json\/wp\/v2\/posts\/90254\/revisions"}],"predecessor-version":[{"id":90257,"href":"https:\/\/regiaonews.net.br\/2022\/wp-json\/wp\/v2\/posts\/90254\/revisions\/90257"}],"wp:featuredmedia":[{"embeddable":true,"href":"https:\/\/regiaonews.net.br\/2022\/wp-json\/wp\/v2\/media\/90256"}],"wp:attachment":[{"href":"https:\/\/regiaonews.net.br\/2022\/wp-json\/wp\/v2\/media?parent=90254"}],"wp:term":[{"taxonomy":"category","embeddable":true,"href":"https:\/\/regiaonews.net.br\/2022\/wp-json\/wp\/v2\/categories?post=90254"},{"taxonomy":"post_tag","embeddable":true,"href":"https:\/\/regiaonews.net.br\/2022\/wp-json\/wp\/v2\/tags?post=90254"}],"curies":[{"name":"wp","href":"https:\/\/api.w.org\/{rel}","templated":true}]}}